{"id":1203,"date":"2016-11-22T18:31:40","date_gmt":"2016-11-22T16:31:40","guid":{"rendered":"https:\/\/suomenkuvalehti.fi\/rajalla\/?p=1203"},"modified":"2016-11-22T19:11:37","modified_gmt":"2016-11-22T17:11:37","slug":"mita-tapahtui-ykn-ilmastokokouksessa-trumpin-valinnan-jalkeen","status":"publish","type":"post","link":"https:\/\/suomenkuvalehti.fi\/rajalla\/2016\/11\/22\/mita-tapahtui-ykn-ilmastokokouksessa-trumpin-valinnan-jalkeen\/","title":{"rendered":"Mit\u00e4 tapahtui YK:n ilmastokokouksessa Trumpin valinnan j\u00e4lkeen?"},"content":{"rendered":"\n<p>YK:n ilmastokokous Marokon Marrakechissa p\u00e4\u00e4ttyi viime viikonloppuna. Mit\u00e4 t\u00e4m\u00e4 Pariisin onnistumista seurannut kokous sai aikaan? Kokous pidettiin heti liikemies <strong>Donald Trumpin<\/strong> tultua monelle yll\u00e4tykseksi valittua Yhdysvaltain seuraavaksi presidentiksi.<\/p>\n\n\n\n<p>Kyseisen COP22 oli m\u00e4\u00e4r\u00e4 olla er\u00e4\u00e4nlainen v\u00e4likokous. Sen aikana alkoi vaikuttaa my\u00f6s Trumpin&nbsp;ilmastoskeptisyys, mutta ei ilmeisesti niin paljon kuin monet pelk\u00e4siv\u00e4t. Marrakechia luonnehdittiin etuk\u00e4teen kehitysmaiden toimintaedellytyksi\u00e4 parantavaksi kokoukseksi, jossa vied\u00e4\u00e4n Pariisin p\u00e4\u00e4t\u00f6ksi\u00e4 kohden konkretiaa.<\/p>\n\n\n<figure class=\"wp-block-image size-medium alignnone\">\n  <div class=\"wp-block-image__inner-container\">\n    <a href=\"https:\/\/suomenkuvalehti.fi\/rajalla\/wp-content\/uploads\/sites\/31\/2016\/11\/paneeli_marraklech_leenakontinen.jpg\"><img loading=\"lazy\" decoding=\"async\" src=\"https:\/\/suomenkuvalehti.fi\/rajalla\/wp-content\/uploads\/sites\/31\/2016\/11\/paneeli_marraklech_leenakontinen-300x200.jpg\" alt=\"paneeli_marraklech_leenakontinen\" class=\"wp-image-1209\" width=\"2728\" height=\"1816\" style=\"--aspect-ratio: 1.5\" srcset=\"https:\/\/suomenkuvalehti.fi\/rajalla\/wp-content\/uploads\/sites\/31\/2016\/11\/paneeli_marraklech_leenakontinen-300x200.jpg 300w, https:\/\/suomenkuvalehti.fi\/rajalla\/wp-content\/uploads\/sites\/31\/2016\/11\/paneeli_marraklech_leenakontinen-768x511.jpg 768w, https:\/\/suomenkuvalehti.fi\/rajalla\/wp-content\/uploads\/sites\/31\/2016\/11\/paneeli_marraklech_leenakontinen-1024x682.jpg 1024w, https:\/\/suomenkuvalehti.fi\/rajalla\/wp-content\/uploads\/sites\/31\/2016\/11\/paneeli_marraklech_leenakontinen-630x419.jpg 630w\" sizes=\"auto, (max-width: 2728px) 100vw, 2728px\" \/><\/a>  <\/div>\n<\/figure>\n\n\n\n<p><em>Kuva: Leena Kontine<\/em>n.<\/p>\n\n\n\n<p>Pariisissa oli saavutettu <a href=\"https:\/\/suomenkuvalehti.fi\/rajalla\/2015\/12\/14\/pariisi-dagen-efter-onko-syyta-iloon\/?shared=720-d08a\">historiallinen, sitova ilmastosopimus<\/a>. Siin\u00e4 193 valtiota lupasi rajoittaa maapallon l\u00e4mp\u00f6tilan nousun alle kahden asteen pyrkien kohden 1,5 astetta.<\/p>\n\n\n\n<p>P\u00e4\u00e4st\u00f6v\u00e4hennykset ovat toistaiseksi valtioiden itse ilmoittamia eli vapaaehtoisia. Kyseess\u00e4 oli taitava ja toimiva taktiikka, jolla v\u00e4ltettiin umpisolmut. Mik\u00e4 t\u00e4rke\u00e4\u00e4: p\u00e4\u00e4st\u00f6j\u00e4 aletaan laskea yleisp\u00e4tev\u00e4sti, tallentaa julkiseen rekisteriin ja tarkastella viiden vuoden v\u00e4lein. Lupauksen pienent\u00e4minen ei ole sallittua. Kunnianhimon nostaminen on rakennettu j\u00e4rjestelm\u00e4n sis\u00e4\u00e4n.<\/p>\n\n\n\n<p>Ilmastorahoitustakin luvattiin 100 miljardia USD, mik\u00e4 konkretisoitui hieman Marrakechissa vuotta my\u00f6hemmin.<\/p>\n\n\n\n<p><strong>Afrikka ja eko-oikeudenmukaisuus<\/strong><\/p>\n\n\n\n<p>Kokous oli nyt Euroopan ja Pariisin j\u00e4lkeen Afrikassa, Marokon kuningaskunnan Marrakechissa. Eko-oikeudenmukaisuus on erityisesti kehittyvien maiden korostus. Suomen valtuuskunnan eilisess\u00e4 tilaisuudessa heti Marrakechin kokouksen j\u00e4lkeen puhui Marokon suurl\u00e4hettil\u00e4s <strong>Mohammed&nbsp;Ariad<\/strong>. H\u00e4nen mukaansa kokouksesta haluttiin toiminnan ja toimeenpanon konferenssia, jossa Pariisin pitk\u00e4lti periaatteellinen sopu saisi konkretiaa ymp\u00e4rilleen. My\u00f6s Afrikkaan haluttiin kiinnitt\u00e4\u00e4 huomiota. Ariadin mukaan koko manner vastaa vain 4 prosentista maailman p\u00e4\u00e4st\u00f6ist\u00e4, mutta kokee valtavan osan niiden vaikutuksista. Kuivuus, tulvat, pakolaisuus ja my\u00f6s terrorismin synty liittyv\u00e4t paljolti ilmastonmuutokseen.<\/p>\n\n\n\n<p>Suurl\u00e4hetiil\u00e4s Ariad n\u00e4ki kuitenkin solidaarisuuden pohjoisen ja etel\u00e4n v\u00e4lill\u00e4 lis\u00e4\u00e4ntyneen.<\/p>\n\n\n\n<p><strong>USA:n presidentinvaalien vaikutus<\/strong><\/p>\n\n\n\n<p>Yhdysvaltain ulkoministeri <strong>John Kerry<\/strong> sanoi Marrakechissa, ett\u00e4 maa on sitoutunut Pariisin p\u00e4\u00e4t\u00f6ksiin. Markkinat ovat jo reagoineet tehtyihin p\u00e4\u00e4t\u00f6ksiin, joten niiden purkaminen on h\u00e4nen mielest\u00e4\u00e4n hyvin vaikeaa ja vahingollista. Bisneksen lis\u00e4ksi my\u00f6s yleinen mielipide on alkanut vahvasti k\u00e4\u00e4nty\u00e4 ilmastonmuutoksen hillinn\u00e4n suuntaan.<\/p>\n\n\n\n<p>On selv\u00e4\u00e4, ett\u00e4 hallinnon vaihtumisella on merkityst\u00e4, mutta USA:n sitoumusten arvioidaan silti s\u00e4ilyv\u00e4n suurelta osin.<\/p>\n\n\n\n<p>Pariisin sopimuksen ratifioineiden valtioiden m\u00e4\u00e4r\u00e4 jopa lis\u00e4\u00e4ntyi Trumpin valinnan j\u00e4lkeen. N\u00e4ht\u00e4v\u00e4ksi j\u00e4\u00e4 silti Trumpin valinnan tosiasiallinen vaikutus. Itse olen kyll\u00e4 huolestunut, vaikka Marrakech antoi toivoa. Trump valitsi johtavan amerikkalaisen ilmastoskeptikon vet\u00e4m\u00e4\u00e4n siirtym\u00e4kauden tiimi\u00e4, joka vastaa energiakysymyksist\u00e4. Kyseess\u00e4 on <a href=\"https:\/\/en.wikipedia.org\/wiki\/Myron_Ebell\"><strong>Myron Ebell<\/strong><\/a>. Mm. <a href=\"https:\/\/www.scientificamerican.com\/article\/trump-picks-top-climate-skeptic-to-lead-epa-transition\/\">Scientific American tulkitsee<\/a>, ett\u00e4 Trump aikoo muuttaa suuresti Obaman kauden politiikkaa ja irrottautua maan tekemist\u00e4 sitoumuksista. On olemassa my\u00f6s n\u00e4kemyksi\u00e4, kuten totesin aiemmin, jotka pit\u00e4v\u00e4t sit\u00e4 vaikeana.<\/p>\n\n\n\n<p>Niin kirjoitti mm. <a href=\"https:\/\/www.theguardian.com\/environment\/2016\/may\/18\/trump-wont-be-able-to-derail-paris-climate-deal-says-senior-us-official?CMP=Share_iOSApp_Other\">Guardian <\/a>ennen vaaleja tekem\u00e4ss\u00e4\u00e4n arviossa. Laatulehti viittaa juuri markkinoiden reaktioihin. Markkinat &#8211; toisin kuin voisi ajatella &#8211; mukautuvat tosiasioihin ja alkavat ennakoiden toimia niiden mukaan. T\u00e4m\u00e4n tulkinnan mukaan irtautuminen vahingoittaisi Trumpille t\u00e4rke\u00e4\u00e4 arvoa, nimitt\u00e4in fossiilisten polttoaineiden arvoa. Se antaa uskoa, toivoa ja lohtua.<\/p>\n\n\n\n<p><strong>Marrakechin tuloksia<\/strong><\/p>\n\n\n\n<p>Suomen p\u00e4\u00e4neuvottelija <strong>Outi Honkatukia<\/strong> sanoi arviossaan eilen maanantaina, ett\u00e4 usein ilmastokokoukset ottavat takapakkia edistymisen j\u00e4lkeen. Nyt Pariisin j\u00e4lkeisess\u00e4 Marrakechissa ei asteltu takaperin, mutta ei menty paljoa eteenk\u00e4\u00e4n p\u00e4in.<\/p>\n\n\n\n<p>Marrakechissa toivottiin laitettavan toimeen Pariisin p\u00e4\u00e4t\u00f6ksi\u00e4 ja niiden saavan konkreettisuutta. Tavoitteena oli eri maiden tekemien p\u00e4\u00e4st\u00f6v\u00e4hennysten vertailtavuuden lis\u00e4\u00e4ntyminen ja tavoitteiden yhteismitallistaminen kehitt\u00e4m\u00e4ll\u00e4 yhteist\u00e4 raportointia ja seurantaa. Kehitysmaille on asetettu raportointiin selke\u00e4t tavoitteet ja niille on varattu siihen my\u00f6s rahallista tukea.<\/p>\n\n\n\n<p>Ilmastorahoitus ei ole viel\u00e4 saavuttanut Pariisissa luvattua 100 miljardia Yhdysvaltain dollaria. Sit\u00e4 on kuitenkin tullut lis\u00e4\u00e4. Kehitysmaiden korostus on, ett\u00e4 varhain teollistuneet maat ovat saaneet aikaan ilmastonmuutoksen. Siksi niill\u00e4 on my\u00f6s p\u00e4\u00e4vastuu sen hillitsemisest\u00e4 ja my\u00f6s siihen sopeutumisesta. Kirkot ja my\u00f6s useat muut kansalaisj\u00e4rjest\u00f6t ovat paljolti jakaneet t\u00e4m\u00e4n korostuksen.<\/p>\n\n\n\n<p>Itse olen Kirkkojen maailmanneuvoston ilmastoty\u00f6ryhm\u00e4n j\u00e4sen. Meit\u00e4 on eri mantereilta, j\u00e4senist\u00f6n painottuessa etel\u00e4iselle pallonpuoliskolle. Ty\u00f6ryhm\u00e4 korostaa vahvasti eko-oikeudenmukaisuutta. Kerroin toukokuisessa blogissani siit\u00e4, miten t\u00e4m\u00e4 painotus vaikeutti ty\u00f6ryhm\u00e4n edellisen kokouksen pit\u00e4mist\u00e4 Israelissa ja Palestiinassa.<\/p>\n\n\n\n<p>Marrakechin kokouksessa p\u00e4\u00e4tettiin viisivuotisesta ty\u00f6suunnitelmasta ilmastonmuutoksen aiheuttamien peruuttamattomien vahinkojen ja menetysten k\u00e4sittelemiseksi. Asia on t\u00e4rke\u00e4 esimerkiksi&nbsp;merenpinnan nousun uhkaamille saarivaltioille ja muille haavoittuville maille.\nMaailman ilmatieteen j\u00e4rjest\u00f6 WMO varoitti kokouksessa, ett\u00e4 kohta jo p\u00e4\u00e4ttyv\u00e4st\u00e4 vuodesta 2016 on hyvin todenn\u00e4k\u00f6isesti tulossa historian l\u00e4mpimin vuosi.<\/p>\n\n\n\n<p>Kokouksessa tehtiin my\u00f6s rakentavia ja rohkaisevia lupauksia. Marrakechissa 47 ilmastonmuutokselle haavoittuvaa kehitysmaata ilmoitti korvaavansa fossiilisen energian sataprosenttisesti uusiutuvilla&nbsp;niin nopeasti kuin mahdollista.<\/p>\n\n\n<figure class=\"wp-block-image size-thumbnail alignnone\">\n  <div class=\"wp-block-image__inner-container\">\n    <a href=\"https:\/\/suomenkuvalehti.fi\/rajalla\/wp-content\/uploads\/sites\/31\/2015\/12\/selfie_cop21.jpg\"><img loading=\"lazy\" decoding=\"async\" src=\"https:\/\/suomenkuvalehti.fi\/rajalla\/wp-content\/uploads\/sites\/31\/2015\/12\/selfie_cop21-150x150.jpg\" alt=\"selfie_cop21\" class=\"wp-image-721\" width=\"1280\" height=\"960\" style=\"--aspect-ratio: 1.33\" srcset=\"https:\/\/suomenkuvalehti.fi\/rajalla\/wp-content\/uploads\/sites\/31\/2015\/12\/selfie_cop21-300x225.jpg 300w, https:\/\/suomenkuvalehti.fi\/rajalla\/wp-content\/uploads\/sites\/31\/2015\/12\/selfie_cop21-1024x768.jpg 1024w, https:\/\/suomenkuvalehti.fi\/rajalla\/wp-content\/uploads\/sites\/31\/2015\/12\/selfie_cop21.jpg 1280w\" sizes=\"auto, (max-width: 1280px) 100vw, 1280px\" \/><\/a>  <\/div>\n<\/figure>\n\n\n<p>Seuraava YK:n suuri ilmastokokous on Aasian mantereella ja yhdell\u00e4 Tyynenmeren uhanalaisista saarista, Fidzill\u00e4 loppuvuodesta 2017.\n<\/p>\n\n\n\n<p><em>T\u00e4m\u00e4n blogin kirjoittaja oli Suomen valtuuskunnan asiantuntijaj\u00e4sen Pariisin ilmastokokouksessa COP22 viime joulukuussa 2015. H\u00e4n seurasi Marrakechin kokousta kotimaasta k\u00e4sin.<\/em><\/p>\n\n\n\n<p>&nbsp;<\/p>\n\n\n\n<p>Blogin alussa oleva, Leena Kontisen kuva:<\/p>\n\n\n\n<p>Panelistit vasemmalta oikealle:&nbsp;Lidy Napcil, Asian Peoples Movement on Debt and Development; Sivan Kartha, Stockholm Environment Institute; Christian Holz, Climate Equity Reference Project; Pastori Christopher Rajkumar, National Council of Churches Indian; Tasneem Essop, Centre for Energy Democracy; Alison Tate, International Trade Union Confederation; Brando Wu, Action Aid; Amb. Seyni Nafo, Chair of African Group. Paneeli toivoi kunnianhimoisempia ja nopeammin vaikuttavia toimia imastonmuutoksen hillitsemiseksi ja haavoittuvassa asemassa olevien tukemiseen sopeutumisessa.<\/p>\n\n\n\n<p>&nbsp;<\/p>\n\n\n","protected":false},"excerpt":{"rendered":"<p>YK:n ilmastokokous Marokon Marrakechissa p\u00e4\u00e4ttyi viime viikonloppuna. Mit\u00e4 t\u00e4m\u00e4 Pariisin onnistumista seurannut kokous sai aikaan? Kokous pidettiin heti liikemies Donald Trumpin tultua monelle yll\u00e4tykseksi valittua Yhdysvaltain seuraavaksi presidentiksi.<br \/>\nKysei&hellip;<\/p>\n","protected":false},"author":524,"featured_media":0,"comment_status":"open","ping_status":"closed","sticky":false,"template":"","format":"standard","meta":{"_acf_changed":false,"asauth_required_access_level":0,"asauth_cansharepaid":"true","om_header_attributes":[],"footnotes":"","om_featured_image_focal_point":[],"om_primary_tag":0,"om_contributors":[],"om_co_authors":[],"beyondwords_generate_audio":"","beyondwords_project_id":"","beyondwords_content_id":"","beyondwords_preview_token":"","beyondwords_player_content":"","beyondwords_player_style":"","beyondwords_language_code":"","beyondwords_language_id":"","beyondwords_title_voice_id":"","beyondwords_body_voice_id":"","beyondwords_summary_voice_id":"","beyondwords_error_message":"","beyondwords_disabled":"","beyondwords_delete_content":"","beyondwords_podcast_id":"","beyondwords_hash":"","publish_post_to_speechkit":"","speechkit_hash":"","speechkit_generate_audio":"","speechkit_project_id":"","speechkit_podcast_id":"","speechkit_error_message":"","speechkit_disabled":"","speechkit_access_key":"","speechkit_error":"","speechkit_info":"","speechkit_response":"","speechkit_retries":"","speechkit_status":"","speechkit_updated_at":"","_speechkit_link":"","_speechkit_text":""},"categories":[1],"tags":[508,216,105,509,511,18,510],"class_list":["post-1203","post","type-post","status-publish","format-standard","hentry","category-rajalla","tag-donald-drump","tag-eko-oikeudenmukaisuus","tag-ilmastonmuutos","tag-ilmastoskeptisismi","tag-kehitysmaat","tag-kirkko","tag-populismi"],"om_views":null,"acf":{"tuuma_off":false,"tuuma_kysymys":"","tuuma_vastaus":""},"asauth":{"required_access_level":1,"share_token":"","is_paid":false},"yoast_head":"<!-- This site is optimized with the Yoast SEO plugin v26.4 - https:\/\/yoast.com\/wordpress\/plugins\/seo\/ -->\n<title>Mit\u00e4 tapahtui YK:n ilmastokokouksessa Trumpin valinnan j\u00e4lkeen? - Rajalla<\/title>\n<meta name=\"robots\" content=\"index, follow, max-snippet:-1, max-image-preview:large, max-video-preview:-1\" \/>\n<link rel=\"canonical\" href=\"https:\/\/suomenkuvalehti.fi\/rajalla\/2016\/11\/22\/mita-tapahtui-ykn-ilmastokokouksessa-trumpin-valinnan-jalkeen\/\" \/>\n<meta property=\"og:locale\" content=\"fi_FI\" \/>\n<meta property=\"og:type\" content=\"article\" \/>\n<meta property=\"og:title\" content=\"Mit\u00e4 tapahtui YK:n ilmastokokouksessa Trumpin valinnan j\u00e4lkeen? - Rajalla\" \/>\n<meta property=\"og:description\" content=\"YK:n ilmastokokous Marokon Marrakechissa p\u00e4\u00e4ttyi viime viikonloppuna. Mit\u00e4 t\u00e4m\u00e4 Pariisin onnistumista seurannut kokous sai aikaan? Kokous pidettiin heti liikemies Donald Trumpin tultua monelle yll\u00e4tykseksi valittua Yhdysvaltain seuraavaksi presidentiksi. Kysei&hellip;\" \/>\n<meta property=\"og:url\" content=\"https:\/\/suomenkuvalehti.fi\/rajalla\/2016\/11\/22\/mita-tapahtui-ykn-ilmastokokouksessa-trumpin-valinnan-jalkeen\/\" \/>\n<meta property=\"og:site_name\" content=\"Rajalla\" \/>\n<meta property=\"article:published_time\" content=\"2016-11-22T16:31:40+00:00\" \/>\n<meta property=\"article:modified_time\" content=\"2016-11-22T17:11:37+00:00\" \/>\n<meta property=\"og:image\" content=\"https:\/\/suomenkuvalehti.fi\/rajalla\/wp-content\/uploads\/sites\/31\/2016\/11\/paneeli_marraklech_leenakontinen-300x200.jpg\" \/>\n<meta name=\"author\" content=\"Ilkka Sipil\u00e4inen\" \/>\n<meta name=\"twitter:card\" content=\"summary_large_image\" \/>\n<meta name=\"twitter:label1\" content=\"Written by\" \/>\n\t<meta name=\"twitter:data1\" content=\"Ilkka Sipil\u00e4inen\" \/>\n\t<meta name=\"twitter:label2\" content=\"Est. reading time\" \/>\n\t<meta name=\"twitter:data2\" content=\"4 minuuttia\" \/>\n<script type=\"application\/ld+json\" class=\"yoast-schema-graph\">{\"@context\":\"https:\/\/schema.org\",\"@graph\":[{\"@type\":\"WebPage\",\"@id\":\"https:\/\/suomenkuvalehti.fi\/rajalla\/2016\/11\/22\/mita-tapahtui-ykn-ilmastokokouksessa-trumpin-valinnan-jalkeen\/\",\"url\":\"https:\/\/suomenkuvalehti.fi\/rajalla\/2016\/11\/22\/mita-tapahtui-ykn-ilmastokokouksessa-trumpin-valinnan-jalkeen\/\",\"name\":\"Mit\u00e4 tapahtui YK:n ilmastokokouksessa Trumpin valinnan j\u00e4lkeen? - Rajalla\",\"isPartOf\":{\"@id\":\"https:\/\/suomenkuvalehti.fi\/rajalla\/#website\"},\"primaryImageOfPage\":{\"@id\":\"https:\/\/suomenkuvalehti.fi\/rajalla\/2016\/11\/22\/mita-tapahtui-ykn-ilmastokokouksessa-trumpin-valinnan-jalkeen\/#primaryimage\"},\"image\":{\"@id\":\"https:\/\/suomenkuvalehti.fi\/rajalla\/2016\/11\/22\/mita-tapahtui-ykn-ilmastokokouksessa-trumpin-valinnan-jalkeen\/#primaryimage\"},\"thumbnailUrl\":\"https:\/\/suomenkuvalehti.fi\/rajalla\/wp-content\/uploads\/sites\/31\/2016\/11\/paneeli_marraklech_leenakontinen-300x200.jpg\",\"datePublished\":\"2016-11-22T16:31:40+00:00\",\"dateModified\":\"2016-11-22T17:11:37+00:00\",\"author\":{\"@id\":\"https:\/\/suomenkuvalehti.fi\/rajalla\/#\/schema\/person\/66a1cd242058625430021609b631705b\"},\"breadcrumb\":{\"@id\":\"https:\/\/suomenkuvalehti.fi\/rajalla\/2016\/11\/22\/mita-tapahtui-ykn-ilmastokokouksessa-trumpin-valinnan-jalkeen\/#breadcrumb\"},\"inLanguage\":\"fi\",\"potentialAction\":[{\"@type\":\"ReadAction\",\"target\":[\"https:\/\/suomenkuvalehti.fi\/rajalla\/2016\/11\/22\/mita-tapahtui-ykn-ilmastokokouksessa-trumpin-valinnan-jalkeen\/\"]}]},{\"@type\":\"ImageObject\",\"inLanguage\":\"fi\",\"@id\":\"https:\/\/suomenkuvalehti.fi\/rajalla\/2016\/11\/22\/mita-tapahtui-ykn-ilmastokokouksessa-trumpin-valinnan-jalkeen\/#primaryimage\",\"url\":\"https:\/\/suomenkuvalehti.fi\/rajalla\/wp-content\/uploads\/sites\/31\/2016\/11\/paneeli_marraklech_leenakontinen.jpg\",\"contentUrl\":\"https:\/\/suomenkuvalehti.fi\/rajalla\/wp-content\/uploads\/sites\/31\/2016\/11\/paneeli_marraklech_leenakontinen.jpg\",\"width\":2728,\"height\":1816},{\"@type\":\"BreadcrumbList\",\"@id\":\"https:\/\/suomenkuvalehti.fi\/rajalla\/2016\/11\/22\/mita-tapahtui-ykn-ilmastokokouksessa-trumpin-valinnan-jalkeen\/#breadcrumb\",\"itemListElement\":[{\"@type\":\"ListItem\",\"position\":1,\"name\":\"Home\",\"item\":\"https:\/\/suomenkuvalehti.fi\/rajalla\/\"},{\"@type\":\"ListItem\",\"position\":2,\"name\":\"Mit\u00e4 tapahtui YK:n ilmastokokouksessa Trumpin valinnan j\u00e4lkeen?\"}]},{\"@type\":\"WebSite\",\"@id\":\"https:\/\/suomenkuvalehti.fi\/rajalla\/#website\",\"url\":\"https:\/\/suomenkuvalehti.fi\/rajalla\/\",\"name\":\"Rajalla\",\"description\":\"Kirkon asiantuntijajoukko bloggaa yhteiskunnan ja kirkon rajapinnoilta.\",\"potentialAction\":[{\"@type\":\"SearchAction\",\"target\":{\"@type\":\"EntryPoint\",\"urlTemplate\":\"https:\/\/suomenkuvalehti.fi\/haku\/?q={search_term_string}\"},\"query-input\":{\"@type\":\"PropertyValueSpecification\",\"valueRequired\":true,\"valueName\":\"search_term_string\"}}],\"inLanguage\":\"fi\"},{\"@type\":\"Person\",\"@id\":\"https:\/\/suomenkuvalehti.fi\/rajalla\/#\/schema\/person\/66a1cd242058625430021609b631705b\",\"name\":\"Ilkka Sipil\u00e4inen\",\"description\":\"Kirjoittaja on kirkollinen yhteiskunnan ja kest\u00e4v\u00e4n kehityksen tuntija. Kirkkohallituksessa johtavana asiantuntijana ty\u00f6skentelev\u00e4 rovasti bloggaa yhteiskunnasta, kest\u00e4v\u00e4st\u00e4 kehityksest\u00e4 ja luomakunnan ihmeellisyydest\u00e4. Twitter: IlkkaSip\"}]}<\/script>\n<!-- \/ Yoast SEO plugin. -->","yoast_head_json":{"title":"Mit\u00e4 tapahtui YK:n ilmastokokouksessa Trumpin valinnan j\u00e4lkeen? - Rajalla","robots":{"index":"index","follow":"follow","max-snippet":"max-snippet:-1","max-image-preview":"max-image-preview:large","max-video-preview":"max-video-preview:-1"},"canonical":"https:\/\/suomenkuvalehti.fi\/rajalla\/2016\/11\/22\/mita-tapahtui-ykn-ilmastokokouksessa-trumpin-valinnan-jalkeen\/","og_locale":"fi_FI","og_type":"article","og_title":"Mit\u00e4 tapahtui YK:n ilmastokokouksessa Trumpin valinnan j\u00e4lkeen? - Rajalla","og_description":"YK:n ilmastokokous Marokon Marrakechissa p\u00e4\u00e4ttyi viime viikonloppuna. Mit\u00e4 t\u00e4m\u00e4 Pariisin onnistumista seurannut kokous sai aikaan? Kokous pidettiin heti liikemies Donald Trumpin tultua monelle yll\u00e4tykseksi valittua Yhdysvaltain seuraavaksi presidentiksi. Kysei&hellip;","og_url":"https:\/\/suomenkuvalehti.fi\/rajalla\/2016\/11\/22\/mita-tapahtui-ykn-ilmastokokouksessa-trumpin-valinnan-jalkeen\/","og_site_name":"Rajalla","article_published_time":"2016-11-22T16:31:40+00:00","article_modified_time":"2016-11-22T17:11:37+00:00","og_image":[{"url":"https:\/\/suomenkuvalehti.fi\/rajalla\/wp-content\/uploads\/sites\/31\/2016\/11\/paneeli_marraklech_leenakontinen-300x200.jpg","type":"","width":"","height":""}],"author":"Ilkka Sipil\u00e4inen","twitter_card":"summary_large_image","twitter_misc":{"Written by":"Ilkka Sipil\u00e4inen","Est. reading time":"4 minuuttia"},"schema":{"@context":"https:\/\/schema.org","@graph":[{"@type":"WebPage","@id":"https:\/\/suomenkuvalehti.fi\/rajalla\/2016\/11\/22\/mita-tapahtui-ykn-ilmastokokouksessa-trumpin-valinnan-jalkeen\/","url":"https:\/\/suomenkuvalehti.fi\/rajalla\/2016\/11\/22\/mita-tapahtui-ykn-ilmastokokouksessa-trumpin-valinnan-jalkeen\/","name":"Mit\u00e4 tapahtui YK:n ilmastokokouksessa Trumpin valinnan j\u00e4lkeen? - Rajalla","isPartOf":{"@id":"https:\/\/suomenkuvalehti.fi\/rajalla\/#website"},"primaryImageOfPage":{"@id":"https:\/\/suomenkuvalehti.fi\/rajalla\/2016\/11\/22\/mita-tapahtui-ykn-ilmastokokouksessa-trumpin-valinnan-jalkeen\/#primaryimage"},"image":{"@id":"https:\/\/suomenkuvalehti.fi\/rajalla\/2016\/11\/22\/mita-tapahtui-ykn-ilmastokokouksessa-trumpin-valinnan-jalkeen\/#primaryimage"},"thumbnailUrl":"https:\/\/suomenkuvalehti.fi\/rajalla\/wp-content\/uploads\/sites\/31\/2016\/11\/paneeli_marraklech_leenakontinen-300x200.jpg","datePublished":"2016-11-22T16:31:40+00:00","dateModified":"2016-11-22T17:11:37+00:00","author":{"@id":"https:\/\/suomenkuvalehti.fi\/rajalla\/#\/schema\/person\/66a1cd242058625430021609b631705b"},"breadcrumb":{"@id":"https:\/\/suomenkuvalehti.fi\/rajalla\/2016\/11\/22\/mita-tapahtui-ykn-ilmastokokouksessa-trumpin-valinnan-jalkeen\/#breadcrumb"},"inLanguage":"fi","potentialAction":[{"@type":"ReadAction","target":["https:\/\/suomenkuvalehti.fi\/rajalla\/2016\/11\/22\/mita-tapahtui-ykn-ilmastokokouksessa-trumpin-valinnan-jalkeen\/"]}]},{"@type":"ImageObject","inLanguage":"fi","@id":"https:\/\/suomenkuvalehti.fi\/rajalla\/2016\/11\/22\/mita-tapahtui-ykn-ilmastokokouksessa-trumpin-valinnan-jalkeen\/#primaryimage","url":"https:\/\/suomenkuvalehti.fi\/rajalla\/wp-content\/uploads\/sites\/31\/2016\/11\/paneeli_marraklech_leenakontinen.jpg","contentUrl":"https:\/\/suomenkuvalehti.fi\/rajalla\/wp-content\/uploads\/sites\/31\/2016\/11\/paneeli_marraklech_leenakontinen.jpg","width":2728,"height":1816},{"@type":"BreadcrumbList","@id":"https:\/\/suomenkuvalehti.fi\/rajalla\/2016\/11\/22\/mita-tapahtui-ykn-ilmastokokouksessa-trumpin-valinnan-jalkeen\/#breadcrumb","itemListElement":[{"@type":"ListItem","position":1,"name":"Home","item":"https:\/\/suomenkuvalehti.fi\/rajalla\/"},{"@type":"ListItem","position":2,"name":"Mit\u00e4 tapahtui YK:n ilmastokokouksessa Trumpin valinnan j\u00e4lkeen?"}]},{"@type":"WebSite","@id":"https:\/\/suomenkuvalehti.fi\/rajalla\/#website","url":"https:\/\/suomenkuvalehti.fi\/rajalla\/","name":"Rajalla","description":"Kirkon asiantuntijajoukko bloggaa yhteiskunnan ja kirkon rajapinnoilta.","potentialAction":[{"@type":"SearchAction","target":{"@type":"EntryPoint","urlTemplate":"https:\/\/suomenkuvalehti.fi\/haku\/?q={search_term_string}"},"query-input":{"@type":"PropertyValueSpecification","valueRequired":true,"valueName":"search_term_string"}}],"inLanguage":"fi"},{"@type":"Person","@id":"https:\/\/suomenkuvalehti.fi\/rajalla\/#\/schema\/person\/66a1cd242058625430021609b631705b","name":"Ilkka Sipil\u00e4inen","description":"Kirjoittaja on kirkollinen yhteiskunnan ja kest\u00e4v\u00e4n kehityksen tuntija. Kirkkohallituksessa johtavana asiantuntijana ty\u00f6skentelev\u00e4 rovasti bloggaa yhteiskunnasta, kest\u00e4v\u00e4st\u00e4 kehityksest\u00e4 ja luomakunnan ihmeellisyydest\u00e4. Twitter: IlkkaSip"}]}},"_links":{"self":[{"href":"https:\/\/suomenkuvalehti.fi\/rajalla\/wp-json\/wp\/v2\/posts\/1203","targetHints":{"allow":["GET"]}}],"collection":[{"href":"https:\/\/suomenkuvalehti.fi\/rajalla\/wp-json\/wp\/v2\/posts"}],"about":[{"href":"https:\/\/suomenkuvalehti.fi\/rajalla\/wp-json\/wp\/v2\/types\/post"}],"author":[{"embeddable":true,"href":"https:\/\/suomenkuvalehti.fi\/rajalla\/wp-json\/wp\/v2\/users\/524"}],"replies":[{"embeddable":true,"href":"https:\/\/suomenkuvalehti.fi\/rajalla\/wp-json\/wp\/v2\/comments?post=1203"}],"version-history":[{"count":9,"href":"https:\/\/suomenkuvalehti.fi\/rajalla\/wp-json\/wp\/v2\/posts\/1203\/revisions"}],"predecessor-version":[{"id":1216,"href":"https:\/\/suomenkuvalehti.fi\/rajalla\/wp-json\/wp\/v2\/posts\/1203\/revisions\/1216"}],"wp:attachment":[{"href":"https:\/\/suomenkuvalehti.fi\/rajalla\/wp-json\/wp\/v2\/media?parent=1203"}],"wp:term":[{"taxonomy":"category","embeddable":true,"href":"https:\/\/suomenkuvalehti.fi\/rajalla\/wp-json\/wp\/v2\/categories?post=1203"},{"taxonomy":"post_tag","embeddable":true,"href":"https:\/\/suomenkuvalehti.fi\/rajalla\/wp-json\/wp\/v2\/tags?post=1203"}],"curies":[{"name":"wp","href":"https:\/\/api.w.org\/{rel}","templated":true}]}}