{"id":89,"date":"2012-02-16T14:09:11","date_gmt":"2012-02-16T12:09:11","guid":{"rendered":"https:\/\/suomenkuvalehti.fi\/nurkanvaltaaja\/2012\/02\/16\/ateenaa-ei-ohjata-brysselista-kreikan-painajainen-jatkuu-velkajarjestelyyn-asti\/"},"modified":"2013-11-30T17:58:26","modified_gmt":"2013-11-30T15:58:26","slug":"ateenaa-ei-ohjata-brysselista-kreikan-painajainen-jatkuu-velkajarjestelyyn-asti","status":"publish","type":"post","link":"https:\/\/suomenkuvalehti.fi\/nurkanvaltaaja\/ateenaa-ei-ohjata-brysselista-kreikan-painajainen-jatkuu-velkajarjestelyyn-asti\/","title":{"rendered":"Ateenaa ei ohjata Brysselist\u00e4: Kreikan painajainen jatkuu velkaj\u00e4rjestelyyn asti"},"content":{"rendered":"\n<figure class=\"wp-block-image size-full alignnone\">\n  <div class=\"wp-block-image__inner-container\">\n    <a href='https:\/\/suomenkuvalehti.fi\/wp-content\/uploads\/sites\/2\/sk\/files\/12%20Uutisen%20kuvat\/raha0712.jpg'><img decoding=\"async\" src=\"https:\/\/suomenkuvalehti.fi\/wp-content\/uploads\/sites\/2\/sk\/files\/12%20Uutisen%20kuvat\/raha0712.jpg\" alt=\"piirretty raharuukku\"\/><\/a>  <\/div>\n<\/figure>\n\n\n<p>Pitkittyv\u00e4ss\u00e4 Kreikka-eepoksessa on v\u00e4liin farssinkin piirteit\u00e4, mutta vallitseva genre alkaa entist\u00e4 enemm\u00e4n olla tragedia. Ei siis ole yll\u00e4tt\u00e4v\u00e4\u00e4, ett\u00e4 viime p\u00e4ivien uutisissa kreikkalaiset on n\u00e4hty sorrettuina marttyyreina.<\/p>\n\n\n\n<p>Median pit\u00e4\u00e4 olla pienten ja heikkojen puolella, joten siin\u00e4kin mieless\u00e4 asenne on ymm\u00e4rrett\u00e4v\u00e4.<\/p>\n\n\n\n<p>P\u00e4\u00e4 olisi kuitenkin pidett\u00e4v\u00e4 kylm\u00e4n\u00e4, vaikka syd\u00e4n olisi kuinka l\u00e4mmin. Kreikka on pahimmillaan aika holtiton yhteiskunta, mist\u00e4 kertoo pari esimerkki\u00e4.<\/p>\n\n\n\n<p>Kreikkalaisten l\u00e4\u00e4kemenot ovat henke\u00e4 kohti suuremmat kuin miss\u00e4\u00e4n muussa Euroopan maassa. L\u00e4\u00e4kekulutuksen 2,4 prosentin osuus bruttokansantuotteesta (bkt) on l\u00e4hell\u00e4 maailmanenn\u00e4tyst\u00e4. Syy ei ole se, ett\u00e4 kreikkalaiset olisivat niin sairaita, vaan se, ett\u00e4 j\u00e4rjestelm\u00e4 suosii tuhlausta.<\/p>\n\n\n\n<p>Er\u00e4\u00e4ss\u00e4 lehdess\u00e4 esiteltiin kreikkalainen el\u00e4kel\u00e4ismies, joka oli lopettanut telakkaty\u00f6n 51-vuotiaana. S\u00e4\u00e4st\u00f6p\u00e4\u00e4t\u00f6sten takia h\u00e4nen el\u00e4kkeens\u00e4 on pudonnut 1 700 eurosta 1 400 euroon &#8211; verojen j\u00e4lkeen.<\/p>\n\n\n\n<p>Elintason lasku on tietysti ik\u00e4v\u00e4\u00e4, mutta kovin suurta draamaa t\u00e4st\u00e4 esimerkist\u00e4 ei saa. Suomalainen miespuolinen el\u00e4kel\u00e4inen saa keskim\u00e4\u00e4rin noin 1 600 euron el\u00e4kkeen &#8211; ennen veroja &#8211; ja j\u00e4\u00e4 vanhuusel\u00e4kkeelle kymmenen vuotta my\u00f6hemmin.<\/p>\n\n\n\n<h3 class=\"wp-block-heading\">Taas kovat s\u00e4\u00e4st\u00f6t<\/h3>\n\n\n\n<p>On my\u00f6nnett\u00e4v\u00e4, ett\u00e4 nyt kreikkalaisilta vaaditaan paljon. Viime s\u00e4\u00e4st\u00f6jen my\u00f6t\u00e4 minimipalkka putoaa viidenneksen 585 euroon. Julkiselta puolelta katoaa 15 000 ty\u00f6paikkaa.<\/p>\n\n\n\n<p>Kreikan parlamentin vastahakoisten p\u00e4\u00e4t\u00f6sten taustalla oli troikan eli EKP:n, EU-komission ja IMF:n uhkavaatimus: parlamentin piti tehd\u00e4 selv\u00e4t, sitovat s\u00e4\u00e4st\u00f6p\u00e4\u00e4t\u00f6kset. Muuten Kreikalle ei tippuisi h\u00e4t\u00e4apua, jolla se selvi\u00e4isi maaliskuun lainanlyhennyksist\u00e4.<\/p>\n\n\n\n<p>Tuntuu tutulta, vai mit\u00e4? T\u00e4m\u00e4 ei ollut ensimm\u00e4inen kerta kev\u00e4\u00e4n 2010 j\u00e4lkeen. Ensin asetetaan kovat ehdot ja sitten annetaan rahaa. Muutaman kuukauden kuluttua huomataan, ett\u00e4 ehdot eiv\u00e4t t\u00e4yty eiv\u00e4tk\u00e4 rahat riit\u00e4. Ja sama toistuu, kunnes Kreikan taantuma on taas entist\u00e4 pahempi eik\u00e4 tavoitteita saavutettu taaskaan.<\/p>\n\n\n\n<p>Nimitt\u00e4in Kreikan koko kansantalous el\u00e4\u00e4 koko ajan yli varojensa, ei vain valtio ja muu julkinen sektori. Maa velkaantuu, koska kulutus ja investoinnit ovat yh\u00e4 liian suuret. Sen n\u00e4kee vaihtotaseen vajeesta, joka on yht\u00e4 kuin ulkomaisen velan kasvu. Vaje oli viime vuonna 10 prosenttia bkt:sta. Se on t\u00e4ss\u00e4 yhteydess\u00e4 harvinaisen suuri luku.<\/p>\n\n\n\n<p>Kreikka ei ole teollisuusmahti, vaan se joutuu tuomaan paljon tavaraa ulkomailta. On arvioitu, ett\u00e4 Kreikan bkt:n pit\u00e4isi pudota per\u00e4ti 25 prosenttia, jotta ulkomaisen velan kasvu loppuisi. Se taas merkitsisi, ett\u00e4 palkkojen ja el\u00e4kkeiden pit\u00e4isi laskea noin kolmanneksen verran.<\/p>\n\n\n\n<p>Kreikkalaiset ansaitsisivat kiist\u00e4m\u00e4tt\u00e4 marttyyrin kruunun, jos t\u00e4llainen tilanne toteutuisi. Se ei kuitenkaan voi toteutua. Sen est\u00e4v\u00e4t kreikkalaiset. Jo t\u00e4h\u00e4nastinen touhu on osoittanut, ett\u00e4 heit\u00e4 ei voi ohjastaa Brysselist\u00e4 eik\u00e4 Berliinist\u00e4.<\/p>\n\n\n\n<p>Kreikka on toistaiseksi suvereeni valtio, joka voi my\u00f6s j\u00e4tt\u00e4\u00e4 velkansa maksamatta kokonaan tai osittain.<\/p>\n\n\n\n<p>Olisi hyv\u00e4, ett\u00e4 velkojen leikkaus teht\u00e4isiin hallitusti, troikan, Saksan ja muiden eurokumppanien tuella. Kreikan valtionvelan hinta on markkinoilla 40 prosenttia nimellisarvosta. Suunnilleen n\u00e4in suuri velkaj\u00e4rjestely on tarpeen sen lis\u00e4ksi, ett\u00e4 pankkien ja muiden yksityisten velkojien saatavien leikkaus toteutuu.<\/p>\n\n\n\n<p>Sen sijaan ero eurosta, johon jotkut uskovat, ei ratkaisisi kreikkalaisten ongelmaa. Siirtyminen drakmaan ja v\u00e4ist\u00e4m\u00e4t\u00f6n kymmenien prosenttien devalvaatio tuhoaisi maan rahoitusj\u00e4rjestelm\u00e4n. Se olisi myrkky\u00e4, ei piristysruiske.<\/p>\n\n\n\n<h5 class=\"wp-block-heading\">Kuvitus Janne Tervam\u00e4ki.<\/h5>\n\n\n","protected":false},"excerpt":{"rendered":"<p>Pitkittyv\u00e4ss\u00e4 Kreikka-eepoksessa on v\u00e4liin farssinkin piirteit\u00e4, mutta vallitseva genre alkaa entist\u00e4 enemm\u00e4n olla tragedia. Ei siis ole yll\u00e4tt\u00e4v\u00e4\u00e4, ett\u00e4 viime p\u00e4ivien uutisissa kreikkalaiset on n\u00e4hty sorrettuina marttyyreina. Median<br \/>\npit\u00e4\u00e4 olla p&hellip;<\/p>\n","protected":false},"author":138,"featured_media":0,"comment_status":"open","ping_status":"open","sticky":false,"template":"","format":"standard","meta":{"_acf_changed":false,"asauth_required_access_level":0,"asauth_cansharepaid":"","om_header_attributes":[],"footnotes":"","om_featured_image_focal_point":[],"om_primary_tag":0,"om_contributors":[],"om_co_authors":[],"beyondwords_generate_audio":"","beyondwords_project_id":"","beyondwords_content_id":"","beyondwords_preview_token":"","beyondwords_player_content":"","beyondwords_player_style":"","beyondwords_language_code":"","beyondwords_language_id":"","beyondwords_title_voice_id":"","beyondwords_body_voice_id":"","beyondwords_summary_voice_id":"","beyondwords_error_message":"","beyondwords_disabled":"","beyondwords_delete_content":"","beyondwords_podcast_id":"","beyondwords_hash":"","publish_post_to_speechkit":"","speechkit_hash":"","speechkit_generate_audio":"","speechkit_project_id":"","speechkit_podcast_id":"","speechkit_error_message":"","speechkit_disabled":"","speechkit_access_key":"","speechkit_error":"","speechkit_info":"","speechkit_response":"","speechkit_retries":"","speechkit_status":"","speechkit_updated_at":"","_speechkit_link":"","_speechkit_text":""},"categories":[1],"tags":[258,81,260],"class_list":["post-89","post","type-post","status-publish","format-standard","hentry","category-nurkanvaltaaja","tag-kreikka","tag-talouskriisi","tag-velkajarjestely"],"om_views":null,"acf":{"tuuma_off":false,"tuuma_kysymys":"","tuuma_vastaus":""},"asauth":{"required_access_level":1,"share_token":"","is_paid":false},"yoast_head":"<!-- This site is optimized with the Yoast SEO plugin v26.4 - https:\/\/yoast.com\/wordpress\/plugins\/seo\/ -->\n<title>Ateenaa ei ohjata Brysselist\u00e4: Kreikan painajainen jatkuu velkaj\u00e4rjestelyyn asti - Nurkanvaltaaja<\/title>\n<meta name=\"robots\" content=\"index, follow, max-snippet:-1, max-image-preview:large, max-video-preview:-1\" \/>\n<link rel=\"canonical\" href=\"https:\/\/suomenkuvalehti.fi\/nurkanvaltaaja\/ateenaa-ei-ohjata-brysselista-kreikan-painajainen-jatkuu-velkajarjestelyyn-asti\/\" \/>\n<meta property=\"og:locale\" content=\"fi_FI\" \/>\n<meta property=\"og:type\" content=\"article\" \/>\n<meta property=\"og:title\" content=\"Ateenaa ei ohjata Brysselist\u00e4: Kreikan painajainen jatkuu velkaj\u00e4rjestelyyn asti - Nurkanvaltaaja\" \/>\n<meta property=\"og:description\" content=\"Pitkittyv\u00e4ss\u00e4 Kreikka-eepoksessa on v\u00e4liin farssinkin piirteit\u00e4, mutta vallitseva genre alkaa entist\u00e4 enemm\u00e4n olla tragedia. Ei siis ole yll\u00e4tt\u00e4v\u00e4\u00e4, ett\u00e4 viime p\u00e4ivien uutisissa kreikkalaiset on n\u00e4hty sorrettuina marttyyreina. Median pit\u00e4\u00e4 olla p&hellip;\" \/>\n<meta property=\"og:url\" content=\"https:\/\/suomenkuvalehti.fi\/nurkanvaltaaja\/ateenaa-ei-ohjata-brysselista-kreikan-painajainen-jatkuu-velkajarjestelyyn-asti\/\" \/>\n<meta property=\"og:site_name\" content=\"Nurkanvaltaaja\" \/>\n<meta property=\"article:published_time\" content=\"2012-02-16T12:09:11+00:00\" \/>\n<meta property=\"article:modified_time\" content=\"2013-11-30T15:58:26+00:00\" \/>\n<meta property=\"og:image\" content=\"https:\/\/suomenkuvalehti.fi\/wp-content\/uploads\/sites\/2\/sk\/files\/12%20Uutisen%20kuvat\/raha0712.jpg\" \/>\n<meta name=\"author\" content=\"Kustaa Hulkko\" \/>\n<meta name=\"twitter:label1\" content=\"Written by\" \/>\n\t<meta name=\"twitter:data1\" content=\"Kustaa Hulkko\" \/>\n\t<meta name=\"twitter:label2\" content=\"Est. reading time\" \/>\n\t<meta name=\"twitter:data2\" content=\"3 minuuttia\" \/>\n<script type=\"application\/ld+json\" class=\"yoast-schema-graph\">{\"@context\":\"https:\/\/schema.org\",\"@graph\":[{\"@type\":\"WebPage\",\"@id\":\"https:\/\/suomenkuvalehti.fi\/nurkanvaltaaja\/ateenaa-ei-ohjata-brysselista-kreikan-painajainen-jatkuu-velkajarjestelyyn-asti\/\",\"url\":\"https:\/\/suomenkuvalehti.fi\/nurkanvaltaaja\/ateenaa-ei-ohjata-brysselista-kreikan-painajainen-jatkuu-velkajarjestelyyn-asti\/\",\"name\":\"Ateenaa ei ohjata Brysselist\u00e4: Kreikan painajainen jatkuu velkaj\u00e4rjestelyyn asti - Nurkanvaltaaja\",\"isPartOf\":{\"@id\":\"https:\/\/suomenkuvalehti.fi\/nurkanvaltaaja\/#website\"},\"primaryImageOfPage\":{\"@id\":\"https:\/\/suomenkuvalehti.fi\/nurkanvaltaaja\/ateenaa-ei-ohjata-brysselista-kreikan-painajainen-jatkuu-velkajarjestelyyn-asti\/#primaryimage\"},\"image\":{\"@id\":\"https:\/\/suomenkuvalehti.fi\/nurkanvaltaaja\/ateenaa-ei-ohjata-brysselista-kreikan-painajainen-jatkuu-velkajarjestelyyn-asti\/#primaryimage\"},\"thumbnailUrl\":\"https:\/\/suomenkuvalehti.fi\/wp-content\/uploads\/sites\/2\/sk\/files\/12%20Uutisen%20kuvat\/raha0712.jpg\",\"datePublished\":\"2012-02-16T12:09:11+00:00\",\"dateModified\":\"2013-11-30T15:58:26+00:00\",\"author\":{\"@id\":\"https:\/\/suomenkuvalehti.fi\/nurkanvaltaaja\/#\/schema\/person\/81ab1f580416ab2bcf148bff361b7dfb\"},\"breadcrumb\":{\"@id\":\"https:\/\/suomenkuvalehti.fi\/nurkanvaltaaja\/ateenaa-ei-ohjata-brysselista-kreikan-painajainen-jatkuu-velkajarjestelyyn-asti\/#breadcrumb\"},\"inLanguage\":\"fi\",\"potentialAction\":[{\"@type\":\"ReadAction\",\"target\":[\"https:\/\/suomenkuvalehti.fi\/nurkanvaltaaja\/ateenaa-ei-ohjata-brysselista-kreikan-painajainen-jatkuu-velkajarjestelyyn-asti\/\"]}]},{\"@type\":\"ImageObject\",\"inLanguage\":\"fi\",\"@id\":\"https:\/\/suomenkuvalehti.fi\/nurkanvaltaaja\/ateenaa-ei-ohjata-brysselista-kreikan-painajainen-jatkuu-velkajarjestelyyn-asti\/#primaryimage\",\"url\":\"https:\/\/suomenkuvalehti.fi\/wp-content\/uploads\/sites\/2\/sk\/files\/12%20Uutisen%20kuvat\/raha0712.jpg\",\"contentUrl\":\"https:\/\/suomenkuvalehti.fi\/wp-content\/uploads\/sites\/2\/sk\/files\/12%20Uutisen%20kuvat\/raha0712.jpg\"},{\"@type\":\"BreadcrumbList\",\"@id\":\"https:\/\/suomenkuvalehti.fi\/nurkanvaltaaja\/ateenaa-ei-ohjata-brysselista-kreikan-painajainen-jatkuu-velkajarjestelyyn-asti\/#breadcrumb\",\"itemListElement\":[{\"@type\":\"ListItem\",\"position\":1,\"name\":\"Home\",\"item\":\"https:\/\/suomenkuvalehti.fi\/nurkanvaltaaja\/\"},{\"@type\":\"ListItem\",\"position\":2,\"name\":\"Ateenaa ei ohjata Brysselist\u00e4: Kreikan painajainen jatkuu velkaj\u00e4rjestelyyn asti\"}]},{\"@type\":\"WebSite\",\"@id\":\"https:\/\/suomenkuvalehti.fi\/nurkanvaltaaja\/#website\",\"url\":\"https:\/\/suomenkuvalehti.fi\/nurkanvaltaaja\/\",\"name\":\"Nurkanvaltaaja\",\"description\":\"Suomen Kuvalehden taloustoimittajat kommentoivat rahan liikkeit\u00e4.\",\"potentialAction\":[{\"@type\":\"SearchAction\",\"target\":{\"@type\":\"EntryPoint\",\"urlTemplate\":\"https:\/\/suomenkuvalehti.fi\/haku\/?q={search_term_string}\"},\"query-input\":{\"@type\":\"PropertyValueSpecification\",\"valueRequired\":true,\"valueName\":\"search_term_string\"}}],\"inLanguage\":\"fi\"},{\"@type\":\"Person\",\"@id\":\"https:\/\/suomenkuvalehti.fi\/nurkanvaltaaja\/#\/schema\/person\/81ab1f580416ab2bcf148bff361b7dfb\",\"name\":\"Kustaa Hulkko\",\"image\":{\"@type\":\"ImageObject\",\"inLanguage\":\"fi\",\"@id\":\"https:\/\/suomenkuvalehti.fi\/nurkanvaltaaja\/#\/schema\/person\/image\/\",\"url\":\"https:\/\/suomenkuvalehti.fi\/nurkanvaltaaja\/wp-content\/uploads\/sites\/2\/2013\/11\/SK_HULKKO_Kustaa_pieni_MV-300x300-150x150.jpg\",\"contentUrl\":\"https:\/\/suomenkuvalehti.fi\/nurkanvaltaaja\/wp-content\/uploads\/sites\/2\/2013\/11\/SK_HULKKO_Kustaa_pieni_MV-300x300-150x150.jpg\",\"caption\":\"Kustaa Hulkko\"},\"description\":\"Kirjoittaja on vapaa toimittaja.\",\"sameAs\":[\"https:\/\/x.com\/https:\/\/twitter.com\/KustaaH\"]}]}<\/script>\n<!-- \/ Yoast SEO plugin. -->","yoast_head_json":{"title":"Ateenaa ei ohjata Brysselist\u00e4: Kreikan painajainen jatkuu velkaj\u00e4rjestelyyn asti - Nurkanvaltaaja","robots":{"index":"index","follow":"follow","max-snippet":"max-snippet:-1","max-image-preview":"max-image-preview:large","max-video-preview":"max-video-preview:-1"},"canonical":"https:\/\/suomenkuvalehti.fi\/nurkanvaltaaja\/ateenaa-ei-ohjata-brysselista-kreikan-painajainen-jatkuu-velkajarjestelyyn-asti\/","og_locale":"fi_FI","og_type":"article","og_title":"Ateenaa ei ohjata Brysselist\u00e4: Kreikan painajainen jatkuu velkaj\u00e4rjestelyyn asti - Nurkanvaltaaja","og_description":"Pitkittyv\u00e4ss\u00e4 Kreikka-eepoksessa on v\u00e4liin farssinkin piirteit\u00e4, mutta vallitseva genre alkaa entist\u00e4 enemm\u00e4n olla tragedia. Ei siis ole yll\u00e4tt\u00e4v\u00e4\u00e4, ett\u00e4 viime p\u00e4ivien uutisissa kreikkalaiset on n\u00e4hty sorrettuina marttyyreina. Median pit\u00e4\u00e4 olla p&hellip;","og_url":"https:\/\/suomenkuvalehti.fi\/nurkanvaltaaja\/ateenaa-ei-ohjata-brysselista-kreikan-painajainen-jatkuu-velkajarjestelyyn-asti\/","og_site_name":"Nurkanvaltaaja","article_published_time":"2012-02-16T12:09:11+00:00","article_modified_time":"2013-11-30T15:58:26+00:00","og_image":[{"url":"https:\/\/suomenkuvalehti.fi\/wp-content\/uploads\/sites\/2\/sk\/files\/12%20Uutisen%20kuvat\/raha0712.jpg","type":"","width":"","height":""}],"author":"Kustaa Hulkko","twitter_misc":{"Written by":"Kustaa Hulkko","Est. reading time":"3 minuuttia"},"schema":{"@context":"https:\/\/schema.org","@graph":[{"@type":"WebPage","@id":"https:\/\/suomenkuvalehti.fi\/nurkanvaltaaja\/ateenaa-ei-ohjata-brysselista-kreikan-painajainen-jatkuu-velkajarjestelyyn-asti\/","url":"https:\/\/suomenkuvalehti.fi\/nurkanvaltaaja\/ateenaa-ei-ohjata-brysselista-kreikan-painajainen-jatkuu-velkajarjestelyyn-asti\/","name":"Ateenaa ei ohjata Brysselist\u00e4: Kreikan painajainen jatkuu velkaj\u00e4rjestelyyn asti - Nurkanvaltaaja","isPartOf":{"@id":"https:\/\/suomenkuvalehti.fi\/nurkanvaltaaja\/#website"},"primaryImageOfPage":{"@id":"https:\/\/suomenkuvalehti.fi\/nurkanvaltaaja\/ateenaa-ei-ohjata-brysselista-kreikan-painajainen-jatkuu-velkajarjestelyyn-asti\/#primaryimage"},"image":{"@id":"https:\/\/suomenkuvalehti.fi\/nurkanvaltaaja\/ateenaa-ei-ohjata-brysselista-kreikan-painajainen-jatkuu-velkajarjestelyyn-asti\/#primaryimage"},"thumbnailUrl":"https:\/\/suomenkuvalehti.fi\/wp-content\/uploads\/sites\/2\/sk\/files\/12%20Uutisen%20kuvat\/raha0712.jpg","datePublished":"2012-02-16T12:09:11+00:00","dateModified":"2013-11-30T15:58:26+00:00","author":{"@id":"https:\/\/suomenkuvalehti.fi\/nurkanvaltaaja\/#\/schema\/person\/81ab1f580416ab2bcf148bff361b7dfb"},"breadcrumb":{"@id":"https:\/\/suomenkuvalehti.fi\/nurkanvaltaaja\/ateenaa-ei-ohjata-brysselista-kreikan-painajainen-jatkuu-velkajarjestelyyn-asti\/#breadcrumb"},"inLanguage":"fi","potentialAction":[{"@type":"ReadAction","target":["https:\/\/suomenkuvalehti.fi\/nurkanvaltaaja\/ateenaa-ei-ohjata-brysselista-kreikan-painajainen-jatkuu-velkajarjestelyyn-asti\/"]}]},{"@type":"ImageObject","inLanguage":"fi","@id":"https:\/\/suomenkuvalehti.fi\/nurkanvaltaaja\/ateenaa-ei-ohjata-brysselista-kreikan-painajainen-jatkuu-velkajarjestelyyn-asti\/#primaryimage","url":"https:\/\/suomenkuvalehti.fi\/wp-content\/uploads\/sites\/2\/sk\/files\/12%20Uutisen%20kuvat\/raha0712.jpg","contentUrl":"https:\/\/suomenkuvalehti.fi\/wp-content\/uploads\/sites\/2\/sk\/files\/12%20Uutisen%20kuvat\/raha0712.jpg"},{"@type":"BreadcrumbList","@id":"https:\/\/suomenkuvalehti.fi\/nurkanvaltaaja\/ateenaa-ei-ohjata-brysselista-kreikan-painajainen-jatkuu-velkajarjestelyyn-asti\/#breadcrumb","itemListElement":[{"@type":"ListItem","position":1,"name":"Home","item":"https:\/\/suomenkuvalehti.fi\/nurkanvaltaaja\/"},{"@type":"ListItem","position":2,"name":"Ateenaa ei ohjata Brysselist\u00e4: Kreikan painajainen jatkuu velkaj\u00e4rjestelyyn asti"}]},{"@type":"WebSite","@id":"https:\/\/suomenkuvalehti.fi\/nurkanvaltaaja\/#website","url":"https:\/\/suomenkuvalehti.fi\/nurkanvaltaaja\/","name":"Nurkanvaltaaja","description":"Suomen Kuvalehden taloustoimittajat kommentoivat rahan liikkeit\u00e4.","potentialAction":[{"@type":"SearchAction","target":{"@type":"EntryPoint","urlTemplate":"https:\/\/suomenkuvalehti.fi\/haku\/?q={search_term_string}"},"query-input":{"@type":"PropertyValueSpecification","valueRequired":true,"valueName":"search_term_string"}}],"inLanguage":"fi"},{"@type":"Person","@id":"https:\/\/suomenkuvalehti.fi\/nurkanvaltaaja\/#\/schema\/person\/81ab1f580416ab2bcf148bff361b7dfb","name":"Kustaa Hulkko","image":{"@type":"ImageObject","inLanguage":"fi","@id":"https:\/\/suomenkuvalehti.fi\/nurkanvaltaaja\/#\/schema\/person\/image\/","url":"https:\/\/suomenkuvalehti.fi\/nurkanvaltaaja\/wp-content\/uploads\/sites\/2\/2013\/11\/SK_HULKKO_Kustaa_pieni_MV-300x300-150x150.jpg","contentUrl":"https:\/\/suomenkuvalehti.fi\/nurkanvaltaaja\/wp-content\/uploads\/sites\/2\/2013\/11\/SK_HULKKO_Kustaa_pieni_MV-300x300-150x150.jpg","caption":"Kustaa Hulkko"},"description":"Kirjoittaja on vapaa toimittaja.","sameAs":["https:\/\/x.com\/https:\/\/twitter.com\/KustaaH"]}]}},"_links":{"self":[{"href":"https:\/\/suomenkuvalehti.fi\/nurkanvaltaaja\/wp-json\/wp\/v2\/posts\/89","targetHints":{"allow":["GET"]}}],"collection":[{"href":"https:\/\/suomenkuvalehti.fi\/nurkanvaltaaja\/wp-json\/wp\/v2\/posts"}],"about":[{"href":"https:\/\/suomenkuvalehti.fi\/nurkanvaltaaja\/wp-json\/wp\/v2\/types\/post"}],"author":[{"embeddable":true,"href":"https:\/\/suomenkuvalehti.fi\/nurkanvaltaaja\/wp-json\/wp\/v2\/users\/138"}],"replies":[{"embeddable":true,"href":"https:\/\/suomenkuvalehti.fi\/nurkanvaltaaja\/wp-json\/wp\/v2\/comments?post=89"}],"version-history":[{"count":1,"href":"https:\/\/suomenkuvalehti.fi\/nurkanvaltaaja\/wp-json\/wp\/v2\/posts\/89\/revisions"}],"predecessor-version":[{"id":192,"href":"https:\/\/suomenkuvalehti.fi\/nurkanvaltaaja\/wp-json\/wp\/v2\/posts\/89\/revisions\/192"}],"wp:attachment":[{"href":"https:\/\/suomenkuvalehti.fi\/nurkanvaltaaja\/wp-json\/wp\/v2\/media?parent=89"}],"wp:term":[{"taxonomy":"category","embeddable":true,"href":"https:\/\/suomenkuvalehti.fi\/nurkanvaltaaja\/wp-json\/wp\/v2\/categories?post=89"},{"taxonomy":"post_tag","embeddable":true,"href":"https:\/\/suomenkuvalehti.fi\/nurkanvaltaaja\/wp-json\/wp\/v2\/tags?post=89"}],"curies":[{"name":"wp","href":"https:\/\/api.w.org\/{rel}","templated":true}]}}