{"id":85,"date":"2012-03-19T07:30:00","date_gmt":"2012-03-19T05:30:00","guid":{"rendered":"https:\/\/suomenkuvalehti.fi\/nurkanvaltaaja\/2012\/03\/19\/elakeyhtiot-esiintyvat-isantina-mutta-ne-ovat-meidan-renkejamme\/"},"modified":"2013-11-30T17:58:26","modified_gmt":"2013-11-30T15:58:26","slug":"elakeyhtiot-esiintyvat-isantina-mutta-ne-ovat-meidan-renkejamme","status":"publish","type":"post","link":"https:\/\/suomenkuvalehti.fi\/nurkanvaltaaja\/elakeyhtiot-esiintyvat-isantina-mutta-ne-ovat-meidan-renkejamme\/","title":{"rendered":"El\u00e4keyhti\u00f6t esiintyv\u00e4t is\u00e4ntin\u00e4, mutta ne ovat meid\u00e4n renkej\u00e4mme"},"content":{"rendered":"<figure class=\"wp-block-image size-full alignnone\">\n  <div class=\"wp-block-image__inner-container\">\n    <a href='https:\/\/suomenkuvalehti.fi\/wp-content\/uploads\/sites\/2\/sk\/files\/12%20Uutisen%20kuvat\/elakeyhtiot.jpg'><img decoding=\"async\" src=\"https:\/\/suomenkuvalehti.fi\/wp-content\/uploads\/sites\/2\/sk\/files\/12%20Uutisen%20kuvat\/elakeyhtiot.jpg\" alt=\"\"\/><\/a>  <\/div>\n<\/figure>\n\n\n<h6 class=\"wp-block-heading\"> Kuvitus Janne Tervam\u00e4ki.<\/h6>\n\n\n\n\n<p>T\u00e4ss\u00e4 <a title=\"Nurkanvaltaaja\" href=\"https:\/\/suomenkuvalehti.fi\/blogit\/nurkanvaltaaja\/hyva-veli-verkostojen-pitka-perinne-kiusallinen-kohu-pakottaa-parantamaan-yritysvastuuta\">blogissa todettiin viikko sitten<\/a>, ett\u00e4 keskustelu el\u00e4keyhti\u00f6iden asemasta yritysten hallinnossa on kansainv\u00e4list\u00e4. Sen takana on vastuullisen sijoittamisen laaja globaali liike.<\/p>\n\n\n\n<p>Mutta el\u00e4keyhti\u00f6iden omistajan rooli on toisenkin messun arvoinen. Niiden ja muiden institutionaalisten sijoittajien merkityksest\u00e4 k\u00e4yd\u00e4\u00e4n jatkuvasti muutakin kuin eettist\u00e4 keskustelua.<\/p>\n\n\n\n<p>Sijoitusinstituutiot aktivoivat omistajapolitiikkaansa Yhdysvalloissa, Britanniassa, Hollannissa, Ranskassa, Kanadassa ja jopa Etel\u00e4-Afrikassa. Britit ovat lanseeranneet &#8221;leivisk\u00e4nhoidon&#8221; s\u00e4\u00e4nn\u00f6t (UK Stewardship Code), jotka velvoittavat omistajat puuttumaan asioihin tarpeen vaatiessa.<\/p>\n\n\n\n<p>Ilmi\u00f6ll\u00e4 on selv\u00e4t syyns\u00e4. Sijoitus- ja el\u00e4kerahastoilla on j\u00e4ttiosuus maailman p\u00f6rssivarallisuudesta. Kuka siis k\u00e4ytt\u00e4\u00e4 omistajan valtaa, jos ne eiv\u00e4t k\u00e4yt\u00e4?<\/p>\n\n\n\n<p>P\u00f6rssiyhti\u00f6iden omistus on usein niin hajaantunutta, ett\u00e4 vain isot omistajais\u00e4nn\u00e4t pystyv\u00e4t rajoittamaan johtajarenkien egoismia tai harkitsematonta riskinottoa.<\/p>\n\n\n\n<p>Sit\u00e4 paitsi on todettu, ett\u00e4 aktiivisten omistajien kontrolloimat yritykset menestyv\u00e4t paremmin kuin is\u00e4nn\u00e4tt\u00f6m\u00e4n rahan yhti\u00f6t. Hyv\u00e4 hallinto, yritysjohdon valvonta, on siis yksi sijoittajan ydinteht\u00e4vist\u00e4.<\/p>\n\n\n\n<p>T\u00e4rke\u00e4 vaikuttaja t\u00e4ss\u00e4 keskustelussa on ollut legendaarinen yhdysvaltalainen sijoitusguru, Vanguard-rahaston perustaja <strong>John C. Bogle<\/strong>, 82. H\u00e4n on kirjoissaan syytt\u00e4nyt sijoitusrahastoja omistajan vastuun laiminly\u00f6misest\u00e4.<\/p>\n\n\n\n<p>Nyt Bogle on el\u00e4kkeell\u00e4, mutta liikkeell\u00e4 on moni muukin kriitikko, joka pit\u00e4\u00e4 osakkeenomistajien lepsua otetta t\u00e4rke\u00e4n\u00e4 osasyyn\u00e4 paitsi palkitsemisen ylett\u00f6myyksiin my\u00f6s kansainv\u00e4liseen pankkikriisiin. Esimerkiksi Britannian ja Irlannin pankkien omistajat eiv\u00e4t kyseenalaistaneet pankkiirien touhuja. He toimivat kuin juoppo tilanomistaja, joka huvittelee kaupungissa ja antaa pehtoorin puuhata mit\u00e4 haluaa.<\/p>\n\n\n\n<h3 class=\"wp-block-heading\">Suomi toista maata<\/h3>\n\n\n\n<p>Suomen el\u00e4keyhti\u00f6ill\u00e4 taas on p\u00f6rssiyhti\u00f6iss\u00e4 aktiivinen omistajan rooli. Finnair-Ilmarinen-jupakan yhteydess\u00e4 j\u00e4rjestelm\u00e4\u00e4 on arvosteltu etenkin niiss\u00e4 tapauksissa, joissa el\u00e4kejohtajat ja p\u00f6rssiyhti\u00f6iden johtajat istuvat toistensa hallituksissa. Kielt\u00e4m\u00e4tt\u00e4 t\u00e4llaiset asetelmat ovat ongelmallisia omistajakontrollin kannalta. Mik\u00e4 on el\u00e4kejohtajan rooli pankin hallituksessa, jos saman pankin p\u00e4\u00e4johtaja valvoo h\u00e4nt\u00e4 el\u00e4keyhti\u00f6n hallituksessa?<\/p>\n\n\n\n<p>OP-Pohjola-ryhm\u00e4n p\u00e4\u00e4johtaja, Pohjola Pankin hallituksen puheenjohtaja <strong>Reijo Karhinen<\/strong> k\u00e4ytti t\u00e4ss\u00e4 keskustelussa painavan puheenvuoron. H\u00e4n erosi Ilmarisen hallituksesta. N\u00e4in purkaantui ristiinvalvonta Ilmarisen toimitusjohtajan <strong>Harri Sailaksen<\/strong> kanssa, sill\u00e4 Sailas on Pohjola Pankin hallituksen j\u00e4sen.<\/p>\n\n\n\n<p>Maailmalla sijoitus- ja el\u00e4kerahastoilla ei ole yleens\u00e4 &#8221;omaa&#8221; miest\u00e4 tai naista p\u00f6rssiyhti\u00f6n hallituksessa, vaan ne huolehtivat l\u00e4hinn\u00e4 yhti\u00f6kokousten kautta siit\u00e4, ett\u00e4 hallituksen kokoonpano on asiallinen ja ett\u00e4 yrityksen tuloksen ja johtajien bonusten v\u00e4lill\u00e4 on j\u00e4rkev\u00e4 yhteys. Miksei se riitt\u00e4isi my\u00f6s Suomessa?<\/p>\n\n\n\n<p>El\u00e4keyhti\u00f6iden hallitukset &#8211; siis ty\u00f6markkinaosapuolet &#8211; kontrolloivat nykyisin el\u00e4kevarojen sijoittamista. Olisi kuitenkin hyv\u00e4, jos yhti\u00f6t raportoisivat enemm\u00e4n sijoituspolitiikastaan suoraan my\u00f6s meille el\u00e4kevakuutetuille, sill\u00e4 meh\u00e4n olemme itse asiassa niiden is\u00e4nti\u00e4. Ehk\u00e4 ne voisivat avata jopa kanavan, jonka kautta voisimme ottaa kantaa sijoitusasioihin.<\/p>\n\n\n\n<p>Ettei menisi oligarkkitouhuksi t\u00e4m\u00e4 yhteisten el\u00e4kevarojen sijoittaminen.<\/p>\n\n\n","protected":false},"excerpt":{"rendered":"<p>Kuvitus Janne Tervam\u00e4ki. T\u00e4ss\u00e4 blogissa todettiin viikko sitten, ett\u00e4 keskustelu el\u00e4keyhti\u00f6iden asemasta yritysten hallinnossa on kansainv\u00e4list\u00e4. Sen takana on vastuullisen sijoittamisen laaja globaali liike. Mutta el\u00e4keyhti\u00f6iden omistajan rooli on<br \/>\ntoisenkin&hellip;<\/p>\n","protected":false},"author":138,"featured_media":0,"comment_status":"open","ping_status":"open","sticky":false,"template":"","format":"standard","meta":{"_acf_changed":false,"asauth_required_access_level":0,"asauth_cansharepaid":"","om_header_attributes":[],"footnotes":"","om_featured_image_focal_point":[],"om_primary_tag":0,"om_contributors":[],"om_co_authors":[],"beyondwords_generate_audio":"","beyondwords_project_id":"","beyondwords_content_id":"","beyondwords_preview_token":"","beyondwords_player_content":"","beyondwords_player_style":"","beyondwords_language_code":"","beyondwords_language_id":"","beyondwords_title_voice_id":"","beyondwords_body_voice_id":"","beyondwords_summary_voice_id":"","beyondwords_error_message":"","beyondwords_disabled":"","beyondwords_delete_content":"","beyondwords_podcast_id":"","beyondwords_hash":"","publish_post_to_speechkit":"","speechkit_hash":"","speechkit_generate_audio":"","speechkit_project_id":"","speechkit_podcast_id":"","speechkit_error_message":"","speechkit_disabled":"","speechkit_access_key":"","speechkit_error":"","speechkit_info":"","speechkit_response":"","speechkit_retries":"","speechkit_status":"","speechkit_updated_at":"","_speechkit_link":"","_speechkit_text":""},"categories":[1],"tags":[193,251,236,250,252],"class_list":["post-85","post","type-post","status-publish","format-standard","hentry","category-nurkanvaltaaja","tag-elakeyhtiot","tag-omistajuus","tag-porssiyhtiot","tag-sijoitusrahastot","tag-yritysvastuu"],"om_views":null,"acf":{"tuuma_off":false,"tuuma_kysymys":"","tuuma_vastaus":""},"asauth":{"required_access_level":1,"share_token":"","is_paid":false},"yoast_head":"<!-- This site is optimized with the Yoast SEO plugin v26.4 - https:\/\/yoast.com\/wordpress\/plugins\/seo\/ -->\n<title>El\u00e4keyhti\u00f6t esiintyv\u00e4t is\u00e4ntin\u00e4, mutta ne ovat meid\u00e4n renkej\u00e4mme - Nurkanvaltaaja<\/title>\n<meta name=\"robots\" content=\"index, follow, max-snippet:-1, max-image-preview:large, max-video-preview:-1\" \/>\n<link rel=\"canonical\" href=\"https:\/\/suomenkuvalehti.fi\/nurkanvaltaaja\/elakeyhtiot-esiintyvat-isantina-mutta-ne-ovat-meidan-renkejamme\/\" \/>\n<meta property=\"og:locale\" content=\"fi_FI\" \/>\n<meta property=\"og:type\" content=\"article\" \/>\n<meta property=\"og:title\" content=\"El\u00e4keyhti\u00f6t esiintyv\u00e4t is\u00e4ntin\u00e4, mutta ne ovat meid\u00e4n renkej\u00e4mme - Nurkanvaltaaja\" \/>\n<meta property=\"og:description\" content=\"Kuvitus Janne Tervam\u00e4ki. T\u00e4ss\u00e4 blogissa todettiin viikko sitten, ett\u00e4 keskustelu el\u00e4keyhti\u00f6iden asemasta yritysten hallinnossa on kansainv\u00e4list\u00e4. Sen takana on vastuullisen sijoittamisen laaja globaali liike. Mutta el\u00e4keyhti\u00f6iden omistajan rooli on toisenkin&hellip;\" \/>\n<meta property=\"og:url\" content=\"https:\/\/suomenkuvalehti.fi\/nurkanvaltaaja\/elakeyhtiot-esiintyvat-isantina-mutta-ne-ovat-meidan-renkejamme\/\" \/>\n<meta property=\"og:site_name\" content=\"Nurkanvaltaaja\" \/>\n<meta property=\"article:published_time\" content=\"2012-03-19T05:30:00+00:00\" \/>\n<meta property=\"article:modified_time\" content=\"2013-11-30T15:58:26+00:00\" \/>\n<meta property=\"og:image\" content=\"https:\/\/suomenkuvalehti.fi\/wp-content\/uploads\/sites\/2\/sk\/files\/12%20Uutisen%20kuvat\/elakeyhtiot.jpg\" \/>\n<meta name=\"author\" content=\"Kustaa Hulkko\" \/>\n<meta name=\"twitter:label1\" content=\"Written by\" \/>\n\t<meta name=\"twitter:data1\" content=\"Kustaa Hulkko\" \/>\n\t<meta name=\"twitter:label2\" content=\"Est. reading time\" \/>\n\t<meta name=\"twitter:data2\" content=\"2 minuuttia\" \/>\n<script type=\"application\/ld+json\" class=\"yoast-schema-graph\">{\"@context\":\"https:\/\/schema.org\",\"@graph\":[{\"@type\":\"WebPage\",\"@id\":\"https:\/\/suomenkuvalehti.fi\/nurkanvaltaaja\/elakeyhtiot-esiintyvat-isantina-mutta-ne-ovat-meidan-renkejamme\/\",\"url\":\"https:\/\/suomenkuvalehti.fi\/nurkanvaltaaja\/elakeyhtiot-esiintyvat-isantina-mutta-ne-ovat-meidan-renkejamme\/\",\"name\":\"El\u00e4keyhti\u00f6t esiintyv\u00e4t is\u00e4ntin\u00e4, mutta ne ovat meid\u00e4n renkej\u00e4mme - Nurkanvaltaaja\",\"isPartOf\":{\"@id\":\"https:\/\/suomenkuvalehti.fi\/nurkanvaltaaja\/#website\"},\"primaryImageOfPage\":{\"@id\":\"https:\/\/suomenkuvalehti.fi\/nurkanvaltaaja\/elakeyhtiot-esiintyvat-isantina-mutta-ne-ovat-meidan-renkejamme\/#primaryimage\"},\"image\":{\"@id\":\"https:\/\/suomenkuvalehti.fi\/nurkanvaltaaja\/elakeyhtiot-esiintyvat-isantina-mutta-ne-ovat-meidan-renkejamme\/#primaryimage\"},\"thumbnailUrl\":\"https:\/\/suomenkuvalehti.fi\/wp-content\/uploads\/sites\/2\/sk\/files\/12%20Uutisen%20kuvat\/elakeyhtiot.jpg\",\"datePublished\":\"2012-03-19T05:30:00+00:00\",\"dateModified\":\"2013-11-30T15:58:26+00:00\",\"author\":{\"@id\":\"https:\/\/suomenkuvalehti.fi\/nurkanvaltaaja\/#\/schema\/person\/81ab1f580416ab2bcf148bff361b7dfb\"},\"breadcrumb\":{\"@id\":\"https:\/\/suomenkuvalehti.fi\/nurkanvaltaaja\/elakeyhtiot-esiintyvat-isantina-mutta-ne-ovat-meidan-renkejamme\/#breadcrumb\"},\"inLanguage\":\"fi\",\"potentialAction\":[{\"@type\":\"ReadAction\",\"target\":[\"https:\/\/suomenkuvalehti.fi\/nurkanvaltaaja\/elakeyhtiot-esiintyvat-isantina-mutta-ne-ovat-meidan-renkejamme\/\"]}]},{\"@type\":\"ImageObject\",\"inLanguage\":\"fi\",\"@id\":\"https:\/\/suomenkuvalehti.fi\/nurkanvaltaaja\/elakeyhtiot-esiintyvat-isantina-mutta-ne-ovat-meidan-renkejamme\/#primaryimage\",\"url\":\"https:\/\/suomenkuvalehti.fi\/wp-content\/uploads\/sites\/2\/sk\/files\/12%20Uutisen%20kuvat\/elakeyhtiot.jpg\",\"contentUrl\":\"https:\/\/suomenkuvalehti.fi\/wp-content\/uploads\/sites\/2\/sk\/files\/12%20Uutisen%20kuvat\/elakeyhtiot.jpg\"},{\"@type\":\"BreadcrumbList\",\"@id\":\"https:\/\/suomenkuvalehti.fi\/nurkanvaltaaja\/elakeyhtiot-esiintyvat-isantina-mutta-ne-ovat-meidan-renkejamme\/#breadcrumb\",\"itemListElement\":[{\"@type\":\"ListItem\",\"position\":1,\"name\":\"Home\",\"item\":\"https:\/\/suomenkuvalehti.fi\/nurkanvaltaaja\/\"},{\"@type\":\"ListItem\",\"position\":2,\"name\":\"El\u00e4keyhti\u00f6t esiintyv\u00e4t is\u00e4ntin\u00e4, mutta ne ovat meid\u00e4n renkej\u00e4mme\"}]},{\"@type\":\"WebSite\",\"@id\":\"https:\/\/suomenkuvalehti.fi\/nurkanvaltaaja\/#website\",\"url\":\"https:\/\/suomenkuvalehti.fi\/nurkanvaltaaja\/\",\"name\":\"Nurkanvaltaaja\",\"description\":\"Suomen Kuvalehden taloustoimittajat kommentoivat rahan liikkeit\u00e4.\",\"potentialAction\":[{\"@type\":\"SearchAction\",\"target\":{\"@type\":\"EntryPoint\",\"urlTemplate\":\"https:\/\/suomenkuvalehti.fi\/haku\/?q={search_term_string}\"},\"query-input\":{\"@type\":\"PropertyValueSpecification\",\"valueRequired\":true,\"valueName\":\"search_term_string\"}}],\"inLanguage\":\"fi\"},{\"@type\":\"Person\",\"@id\":\"https:\/\/suomenkuvalehti.fi\/nurkanvaltaaja\/#\/schema\/person\/81ab1f580416ab2bcf148bff361b7dfb\",\"name\":\"Kustaa Hulkko\",\"image\":{\"@type\":\"ImageObject\",\"inLanguage\":\"fi\",\"@id\":\"https:\/\/suomenkuvalehti.fi\/nurkanvaltaaja\/#\/schema\/person\/image\/\",\"url\":\"https:\/\/suomenkuvalehti.fi\/nurkanvaltaaja\/wp-content\/uploads\/sites\/2\/2013\/11\/SK_HULKKO_Kustaa_pieni_MV-300x300-150x150.jpg\",\"contentUrl\":\"https:\/\/suomenkuvalehti.fi\/nurkanvaltaaja\/wp-content\/uploads\/sites\/2\/2013\/11\/SK_HULKKO_Kustaa_pieni_MV-300x300-150x150.jpg\",\"caption\":\"Kustaa Hulkko\"},\"description\":\"Kirjoittaja on vapaa toimittaja.\",\"sameAs\":[\"https:\/\/x.com\/https:\/\/twitter.com\/KustaaH\"]}]}<\/script>\n<!-- \/ Yoast SEO plugin. -->","yoast_head_json":{"title":"El\u00e4keyhti\u00f6t esiintyv\u00e4t is\u00e4ntin\u00e4, mutta ne ovat meid\u00e4n renkej\u00e4mme - Nurkanvaltaaja","robots":{"index":"index","follow":"follow","max-snippet":"max-snippet:-1","max-image-preview":"max-image-preview:large","max-video-preview":"max-video-preview:-1"},"canonical":"https:\/\/suomenkuvalehti.fi\/nurkanvaltaaja\/elakeyhtiot-esiintyvat-isantina-mutta-ne-ovat-meidan-renkejamme\/","og_locale":"fi_FI","og_type":"article","og_title":"El\u00e4keyhti\u00f6t esiintyv\u00e4t is\u00e4ntin\u00e4, mutta ne ovat meid\u00e4n renkej\u00e4mme - Nurkanvaltaaja","og_description":"Kuvitus Janne Tervam\u00e4ki. T\u00e4ss\u00e4 blogissa todettiin viikko sitten, ett\u00e4 keskustelu el\u00e4keyhti\u00f6iden asemasta yritysten hallinnossa on kansainv\u00e4list\u00e4. Sen takana on vastuullisen sijoittamisen laaja globaali liike. Mutta el\u00e4keyhti\u00f6iden omistajan rooli on toisenkin&hellip;","og_url":"https:\/\/suomenkuvalehti.fi\/nurkanvaltaaja\/elakeyhtiot-esiintyvat-isantina-mutta-ne-ovat-meidan-renkejamme\/","og_site_name":"Nurkanvaltaaja","article_published_time":"2012-03-19T05:30:00+00:00","article_modified_time":"2013-11-30T15:58:26+00:00","og_image":[{"url":"https:\/\/suomenkuvalehti.fi\/wp-content\/uploads\/sites\/2\/sk\/files\/12%20Uutisen%20kuvat\/elakeyhtiot.jpg","type":"","width":"","height":""}],"author":"Kustaa Hulkko","twitter_misc":{"Written by":"Kustaa Hulkko","Est. reading time":"2 minuuttia"},"schema":{"@context":"https:\/\/schema.org","@graph":[{"@type":"WebPage","@id":"https:\/\/suomenkuvalehti.fi\/nurkanvaltaaja\/elakeyhtiot-esiintyvat-isantina-mutta-ne-ovat-meidan-renkejamme\/","url":"https:\/\/suomenkuvalehti.fi\/nurkanvaltaaja\/elakeyhtiot-esiintyvat-isantina-mutta-ne-ovat-meidan-renkejamme\/","name":"El\u00e4keyhti\u00f6t esiintyv\u00e4t is\u00e4ntin\u00e4, mutta ne ovat meid\u00e4n renkej\u00e4mme - Nurkanvaltaaja","isPartOf":{"@id":"https:\/\/suomenkuvalehti.fi\/nurkanvaltaaja\/#website"},"primaryImageOfPage":{"@id":"https:\/\/suomenkuvalehti.fi\/nurkanvaltaaja\/elakeyhtiot-esiintyvat-isantina-mutta-ne-ovat-meidan-renkejamme\/#primaryimage"},"image":{"@id":"https:\/\/suomenkuvalehti.fi\/nurkanvaltaaja\/elakeyhtiot-esiintyvat-isantina-mutta-ne-ovat-meidan-renkejamme\/#primaryimage"},"thumbnailUrl":"https:\/\/suomenkuvalehti.fi\/wp-content\/uploads\/sites\/2\/sk\/files\/12%20Uutisen%20kuvat\/elakeyhtiot.jpg","datePublished":"2012-03-19T05:30:00+00:00","dateModified":"2013-11-30T15:58:26+00:00","author":{"@id":"https:\/\/suomenkuvalehti.fi\/nurkanvaltaaja\/#\/schema\/person\/81ab1f580416ab2bcf148bff361b7dfb"},"breadcrumb":{"@id":"https:\/\/suomenkuvalehti.fi\/nurkanvaltaaja\/elakeyhtiot-esiintyvat-isantina-mutta-ne-ovat-meidan-renkejamme\/#breadcrumb"},"inLanguage":"fi","potentialAction":[{"@type":"ReadAction","target":["https:\/\/suomenkuvalehti.fi\/nurkanvaltaaja\/elakeyhtiot-esiintyvat-isantina-mutta-ne-ovat-meidan-renkejamme\/"]}]},{"@type":"ImageObject","inLanguage":"fi","@id":"https:\/\/suomenkuvalehti.fi\/nurkanvaltaaja\/elakeyhtiot-esiintyvat-isantina-mutta-ne-ovat-meidan-renkejamme\/#primaryimage","url":"https:\/\/suomenkuvalehti.fi\/wp-content\/uploads\/sites\/2\/sk\/files\/12%20Uutisen%20kuvat\/elakeyhtiot.jpg","contentUrl":"https:\/\/suomenkuvalehti.fi\/wp-content\/uploads\/sites\/2\/sk\/files\/12%20Uutisen%20kuvat\/elakeyhtiot.jpg"},{"@type":"BreadcrumbList","@id":"https:\/\/suomenkuvalehti.fi\/nurkanvaltaaja\/elakeyhtiot-esiintyvat-isantina-mutta-ne-ovat-meidan-renkejamme\/#breadcrumb","itemListElement":[{"@type":"ListItem","position":1,"name":"Home","item":"https:\/\/suomenkuvalehti.fi\/nurkanvaltaaja\/"},{"@type":"ListItem","position":2,"name":"El\u00e4keyhti\u00f6t esiintyv\u00e4t is\u00e4ntin\u00e4, mutta ne ovat meid\u00e4n renkej\u00e4mme"}]},{"@type":"WebSite","@id":"https:\/\/suomenkuvalehti.fi\/nurkanvaltaaja\/#website","url":"https:\/\/suomenkuvalehti.fi\/nurkanvaltaaja\/","name":"Nurkanvaltaaja","description":"Suomen Kuvalehden taloustoimittajat kommentoivat rahan liikkeit\u00e4.","potentialAction":[{"@type":"SearchAction","target":{"@type":"EntryPoint","urlTemplate":"https:\/\/suomenkuvalehti.fi\/haku\/?q={search_term_string}"},"query-input":{"@type":"PropertyValueSpecification","valueRequired":true,"valueName":"search_term_string"}}],"inLanguage":"fi"},{"@type":"Person","@id":"https:\/\/suomenkuvalehti.fi\/nurkanvaltaaja\/#\/schema\/person\/81ab1f580416ab2bcf148bff361b7dfb","name":"Kustaa Hulkko","image":{"@type":"ImageObject","inLanguage":"fi","@id":"https:\/\/suomenkuvalehti.fi\/nurkanvaltaaja\/#\/schema\/person\/image\/","url":"https:\/\/suomenkuvalehti.fi\/nurkanvaltaaja\/wp-content\/uploads\/sites\/2\/2013\/11\/SK_HULKKO_Kustaa_pieni_MV-300x300-150x150.jpg","contentUrl":"https:\/\/suomenkuvalehti.fi\/nurkanvaltaaja\/wp-content\/uploads\/sites\/2\/2013\/11\/SK_HULKKO_Kustaa_pieni_MV-300x300-150x150.jpg","caption":"Kustaa Hulkko"},"description":"Kirjoittaja on vapaa toimittaja.","sameAs":["https:\/\/x.com\/https:\/\/twitter.com\/KustaaH"]}]}},"_links":{"self":[{"href":"https:\/\/suomenkuvalehti.fi\/nurkanvaltaaja\/wp-json\/wp\/v2\/posts\/85","targetHints":{"allow":["GET"]}}],"collection":[{"href":"https:\/\/suomenkuvalehti.fi\/nurkanvaltaaja\/wp-json\/wp\/v2\/posts"}],"about":[{"href":"https:\/\/suomenkuvalehti.fi\/nurkanvaltaaja\/wp-json\/wp\/v2\/types\/post"}],"author":[{"embeddable":true,"href":"https:\/\/suomenkuvalehti.fi\/nurkanvaltaaja\/wp-json\/wp\/v2\/users\/138"}],"replies":[{"embeddable":true,"href":"https:\/\/suomenkuvalehti.fi\/nurkanvaltaaja\/wp-json\/wp\/v2\/comments?post=85"}],"version-history":[{"count":1,"href":"https:\/\/suomenkuvalehti.fi\/nurkanvaltaaja\/wp-json\/wp\/v2\/posts\/85\/revisions"}],"predecessor-version":[{"id":188,"href":"https:\/\/suomenkuvalehti.fi\/nurkanvaltaaja\/wp-json\/wp\/v2\/posts\/85\/revisions\/188"}],"wp:attachment":[{"href":"https:\/\/suomenkuvalehti.fi\/nurkanvaltaaja\/wp-json\/wp\/v2\/media?parent=85"}],"wp:term":[{"taxonomy":"category","embeddable":true,"href":"https:\/\/suomenkuvalehti.fi\/nurkanvaltaaja\/wp-json\/wp\/v2\/categories?post=85"},{"taxonomy":"post_tag","embeddable":true,"href":"https:\/\/suomenkuvalehti.fi\/nurkanvaltaaja\/wp-json\/wp\/v2\/tags?post=85"}],"curies":[{"name":"wp","href":"https:\/\/api.w.org\/{rel}","templated":true}]}}