{"id":36,"date":"2013-03-04T08:00:01","date_gmt":"2013-03-04T06:00:01","guid":{"rendered":"https:\/\/suomenkuvalehti.fi\/nurkanvaltaaja\/2013\/03\/04\/ennen-elinkeinopoliitikot-toimivat-meni-syteen-tai-saveen%e2%80%89-%e2%80%89nyt-he-yrittavat-ajatella-ensin\/"},"modified":"2013-11-30T17:58:26","modified_gmt":"2013-11-30T15:58:26","slug":"ennen-elinkeinopoliitikot-toimivat-meni-syteen-tai-saveen-nyt-he-yrittavat-ajatella-ensin","status":"publish","type":"post","link":"https:\/\/suomenkuvalehti.fi\/nurkanvaltaaja\/ennen-elinkeinopoliitikot-toimivat-meni-syteen-tai-saveen-nyt-he-yrittavat-ajatella-ensin\/","title":{"rendered":"Ennen elinkeinopoliitikot toimivat, meni syteen tai saveen\u2009\u2013\u2009nyt he yritt\u00e4v\u00e4t ajatella ensin"},"content":{"rendered":"<figure class=\"wp-block-image size-full alignnone\">\n  <div class=\"wp-block-image__inner-container\">\n    <a href='https:\/\/suomenkuvalehti.fi\/wp-content\/uploads\/sites\/2\/sk\/files\/111%20Kuvat%202013\/SK-9-12-raha.gif'><img decoding=\"async\" src=\"https:\/\/suomenkuvalehti.fi\/wp-content\/uploads\/sites\/2\/sk\/files\/111%20Kuvat%202013\/SK-9-12-raha.gif\" alt=\"\"\/><\/a>  <\/div>\n<\/figure>\n\n\n<h6 class=\"wp-block-heading\"> Kuvitus Janne Tervam\u00e4ki.<\/h6>\n\n\n\n\n<p>Ty\u00f6- ja elinkeinoministeri\u00f6 on aktiivinen sis\u00e4ll\u00f6ntuottaja. Viikko sitten se julkaisi raportin Suomen talouskasvun ev\u00e4it\u00e4 2010-luvulla. Ministeri\u00f6 luonnehtii julkaisua &#8221;elinkeino- ja teollisuuspoliittiseksi linjaukseksi&#8221;. Sen ovat ovat kirjoittaneet teollisuusneuvos <strong>Janne K\u00e4nk\u00e4nen<\/strong>, kaupallinen neuvos <strong>Pekka Lindroos<\/strong> ja ylitarkastaja <strong>Martti Myllyl\u00e4<\/strong>, kaikki ministeri\u00f6n virkamiehi\u00e4.<\/p>\n\n\n\n<p>Kirjanen on mielenkiintoinen dokumentti siit\u00e4, millaista on uusi elinkeinopolitiikka. Se on puhetta siit\u00e4, kuinka t\u00e4rke\u00e4\u00e4 on edist\u00e4\u00e4 kilpailukyky\u00e4 ja tuottavuuden kasvua ja hy\u00f6dynt\u00e4\u00e4 globaaleja liiketoimintamahdollisuuksia. Se on sen korostamista, ett\u00e4 tarvitaan kasvuyrityksi\u00e4, joten yritystoiminnan aloittamista on helpotettava. Se on filosofointia.<\/p>\n\n\n\n<p>Aikaisemmin elinkeinopolitiikkaan liittyi aivan toisenlainen ajattelu ja toiminta. Ennen poliitikot ja virkamiehet tiesiv\u00e4t tarkkaan, miten luodaan<\/p>\n\n\n\n<p>kasvua, ty\u00f6paikkoja, uusia toimialoja ja yrityksi\u00e4. Tai luulivat tiet\u00e4v\u00e4ns\u00e4, mist\u00e4 kertoo esimerkiksi kuvaputkiyhti\u00f6 Valcon tarina, joka p\u00e4\u00e4tyi katastrofiin vuonna 1980. Ehk\u00e4 tuorein opetus on viime vuosikymmenen harharetki bioteknologiaan.<\/p>\n\n\n\n<p>Vanhaan politiikkaan kuului my\u00f6s tukea vakiintuneita toimialoja. Sek\u00e4\u00e4n ei ollut aina pelkk\u00e4\u00e4 riemukulkua.<\/p>\n\n\n\n<p>R\u00e4ikeimpiin tapauksiin kuului 1988 kaatunut telakkayhti\u00f6 W\u00e4rtsil\u00e4-Meriteollisuus, jonka olisi voinut pelastaa vain reipas devalvaatio.<\/p>\n\n\n\n<p>Hukkaan menevien subventioiden aika ei suinkaan ole ohi. Ty\u00f6- ja elinkeinoministeri\u00f6 laski viime vuonna, ett\u00e4 ainakin kahdensadan miljoonan euron yritystuet maksetaan turhaan.<\/p>\n\n\n\n<p>Jo 1990-luvulla muotiin tuli ajatus, ett\u00e4 valtion kannattaa keskitty\u00e4 edellytysten luomiseen yritystoiminnalle. Kansaa on hyv\u00e4 kouluttaa riitt\u00e4v\u00e4sti ja veropolitiikalla voi vaikuttaa siihen, ett\u00e4 maa vet\u00e4\u00e4 puoleensa yrityksi\u00e4 ja investointeja.<\/p>\n\n\n\n<p>Lis\u00e4ksi valtio voi edist\u00e4\u00e4 ja tukea innovaatioita. Valitettavasti sekin on yll\u00e4tt\u00e4v\u00e4n vaikea laji, mink\u00e4 osoittaa kirpe\u00e4sti ty\u00f6- ja elinkeinoministeri\u00f6n toinen tuore julkaisu Licence to SHOK, asiantuntija-arvio strategisen huippuosaamisen keskittymist\u00e4 (SHOK).<\/p>\n\n\n\n<p>SHOK-j\u00e4rjestelm\u00e4 perustettiin vuonna 2007 kehitt\u00e4m\u00e4\u00e4n &#8221;yritysl\u00e4ht\u00f6ist\u00e4 tutkimustoimintaa&#8221;. Tarkoitus oli keskitt\u00e4\u00e4 voimavaroja ennalta valituille teollisuuden ja tutkimuksen aloille.<\/p>\n\n\n\n<p>Suomessa on kuusi SHOKia. Ne toimivat muun muassa ymp\u00e4rist\u00f6n ja energian, biotalouden sek\u00e4 metalli- ja koneenrakennusteollisuuden aloilla. Niihin on sijoitettu julkista tutkimusrahaa noin puoli miljardia euroa.<\/p>\n\n\n\n<p>Arvion mukaan SHOK-idea ei tehnyt Suomesta innovaatiomaailman huippua. Koko toimintamalli on huonosti suunniteltu. Keskusten rooli on ristiriitainen ja kaipaisi selkiytt\u00e4mist\u00e4.<\/p>\n\n\n\n<p>Toiminta ei ved\u00e4 puoleensa huippuosaajia. Se heijastaa liikaa suuryritysten etuja ja rajoittuu liiaksi Suomeen. Yritysten tutkimusyhteisty\u00f6 on hieno ajatus, mutta valitettavasti yritykset pit\u00e4v\u00e4t itsell\u00e4\u00e4n lupaavimmat hankkeensa.<\/p>\n\n\n\n<p>Elinkeinopolitiikan tekij\u00e4t ja valmistelijat ovat siis oppineet, ett\u00e4 kykyjen etsint\u00e4 ei ole alue, jolla julkinen valta on parhaimmillaan. T\u00e4lt\u00e4 pohjalta on helppo ymm\u00e4rt\u00e4\u00e4 linjauksen kirjoittajien ajatus: on parempi tarjota ev\u00e4it\u00e4 ajattelulle kuin tarkkoja reseptej\u00e4.<\/p>\n\n\n\n<p>Elinkeinopolitiikan paradigma on muuttunut\u2009-\u2009teoriassa. K\u00e4yt\u00e4nn\u00f6ss\u00e4 elinkeinopolitiikka on yh\u00e4 politiikkaa.<\/p>\n\n\n","protected":false},"excerpt":{"rendered":"<p>Kuvitus Janne Tervam\u00e4ki. Ty\u00f6- ja elinkeinoministeri\u00f6 on aktiivinen sis\u00e4ll\u00f6ntuottaja. Viikko sitten se julkaisi raportin Suomen talouskasvun ev\u00e4it\u00e4 2010-luvulla. Ministeri\u00f6 luonnehtii julkaisua &#8221;elinkeino- ja<br \/>\nteollis&hellip;<\/p>\n","protected":false},"author":138,"featured_media":0,"comment_status":"open","ping_status":"open","sticky":false,"template":"","format":"standard","meta":{"_acf_changed":false,"asauth_required_access_level":0,"asauth_cansharepaid":"","om_header_attributes":[],"footnotes":"","om_featured_image_focal_point":[],"om_primary_tag":0,"om_contributors":[],"om_co_authors":[],"beyondwords_generate_audio":"","beyondwords_project_id":"","beyondwords_content_id":"","beyondwords_preview_token":"","beyondwords_player_content":"","beyondwords_player_style":"","beyondwords_language_code":"","beyondwords_language_id":"","beyondwords_title_voice_id":"","beyondwords_body_voice_id":"","beyondwords_summary_voice_id":"","beyondwords_error_message":"","beyondwords_disabled":"","beyondwords_delete_content":"","beyondwords_podcast_id":"","beyondwords_hash":"","publish_post_to_speechkit":"","speechkit_hash":"","speechkit_generate_audio":"","speechkit_project_id":"","speechkit_podcast_id":"","speechkit_error_message":"","speechkit_disabled":"","speechkit_access_key":"","speechkit_error":"","speechkit_info":"","speechkit_response":"","speechkit_retries":"","speechkit_status":"","speechkit_updated_at":"","_speechkit_link":"","_speechkit_text":""},"categories":[1],"tags":[69,109,110,112,111],"class_list":["post-36","post","type-post","status-publish","format-standard","hentry","category-nurkanvaltaaja","tag-elinkeinoelama","tag-elinkeinopolitiikka","tag-janne-kankanen","tag-martti-myllyla","tag-pekka-lindroos"],"om_views":null,"acf":{"tuuma_off":false,"tuuma_kysymys":"","tuuma_vastaus":""},"asauth":{"required_access_level":1,"share_token":"","is_paid":false},"yoast_head":"<!-- This site is optimized with the Yoast SEO plugin v26.4 - https:\/\/yoast.com\/wordpress\/plugins\/seo\/ -->\n<title>Ennen elinkeinopoliitikot toimivat, meni syteen tai saveen\u2009\u2013\u2009nyt he yritt\u00e4v\u00e4t ajatella ensin - Nurkanvaltaaja<\/title>\n<meta name=\"robots\" content=\"index, follow, max-snippet:-1, max-image-preview:large, max-video-preview:-1\" \/>\n<link rel=\"canonical\" href=\"https:\/\/suomenkuvalehti.fi\/nurkanvaltaaja\/ennen-elinkeinopoliitikot-toimivat-meni-syteen-tai-saveen-nyt-he-yrittavat-ajatella-ensin\/\" \/>\n<meta property=\"og:locale\" content=\"fi_FI\" \/>\n<meta property=\"og:type\" content=\"article\" \/>\n<meta property=\"og:title\" content=\"Ennen elinkeinopoliitikot toimivat, meni syteen tai saveen\u2009\u2013\u2009nyt he yritt\u00e4v\u00e4t ajatella ensin - Nurkanvaltaaja\" \/>\n<meta property=\"og:description\" content=\"Kuvitus Janne Tervam\u00e4ki. Ty\u00f6- ja elinkeinoministeri\u00f6 on aktiivinen sis\u00e4ll\u00f6ntuottaja. Viikko sitten se julkaisi raportin Suomen talouskasvun ev\u00e4it\u00e4 2010-luvulla. Ministeri\u00f6 luonnehtii julkaisua &#8221;elinkeino- ja teollis&hellip;\" \/>\n<meta property=\"og:url\" content=\"https:\/\/suomenkuvalehti.fi\/nurkanvaltaaja\/ennen-elinkeinopoliitikot-toimivat-meni-syteen-tai-saveen-nyt-he-yrittavat-ajatella-ensin\/\" \/>\n<meta property=\"og:site_name\" content=\"Nurkanvaltaaja\" \/>\n<meta property=\"article:published_time\" content=\"2013-03-04T06:00:01+00:00\" \/>\n<meta property=\"article:modified_time\" content=\"2013-11-30T15:58:26+00:00\" \/>\n<meta property=\"og:image\" content=\"https:\/\/suomenkuvalehti.fi\/wp-content\/uploads\/sites\/2\/sk\/files\/111%20Kuvat%202013\/SK-9-12-raha.gif\" \/>\n<meta name=\"author\" content=\"Kustaa Hulkko\" \/>\n<meta name=\"twitter:label1\" content=\"Written by\" \/>\n\t<meta name=\"twitter:data1\" content=\"Kustaa Hulkko\" \/>\n\t<meta name=\"twitter:label2\" content=\"Est. reading time\" \/>\n\t<meta name=\"twitter:data2\" content=\"2 minuuttia\" \/>\n<script type=\"application\/ld+json\" class=\"yoast-schema-graph\">{\"@context\":\"https:\/\/schema.org\",\"@graph\":[{\"@type\":\"WebPage\",\"@id\":\"https:\/\/suomenkuvalehti.fi\/nurkanvaltaaja\/ennen-elinkeinopoliitikot-toimivat-meni-syteen-tai-saveen-nyt-he-yrittavat-ajatella-ensin\/\",\"url\":\"https:\/\/suomenkuvalehti.fi\/nurkanvaltaaja\/ennen-elinkeinopoliitikot-toimivat-meni-syteen-tai-saveen-nyt-he-yrittavat-ajatella-ensin\/\",\"name\":\"Ennen elinkeinopoliitikot toimivat, meni syteen tai saveen\u2009\u2013\u2009nyt he yritt\u00e4v\u00e4t ajatella ensin - Nurkanvaltaaja\",\"isPartOf\":{\"@id\":\"https:\/\/suomenkuvalehti.fi\/nurkanvaltaaja\/#website\"},\"primaryImageOfPage\":{\"@id\":\"https:\/\/suomenkuvalehti.fi\/nurkanvaltaaja\/ennen-elinkeinopoliitikot-toimivat-meni-syteen-tai-saveen-nyt-he-yrittavat-ajatella-ensin\/#primaryimage\"},\"image\":{\"@id\":\"https:\/\/suomenkuvalehti.fi\/nurkanvaltaaja\/ennen-elinkeinopoliitikot-toimivat-meni-syteen-tai-saveen-nyt-he-yrittavat-ajatella-ensin\/#primaryimage\"},\"thumbnailUrl\":\"https:\/\/suomenkuvalehti.fi\/wp-content\/uploads\/sites\/2\/sk\/files\/111%20Kuvat%202013\/SK-9-12-raha.gif\",\"datePublished\":\"2013-03-04T06:00:01+00:00\",\"dateModified\":\"2013-11-30T15:58:26+00:00\",\"author\":{\"@id\":\"https:\/\/suomenkuvalehti.fi\/nurkanvaltaaja\/#\/schema\/person\/81ab1f580416ab2bcf148bff361b7dfb\"},\"breadcrumb\":{\"@id\":\"https:\/\/suomenkuvalehti.fi\/nurkanvaltaaja\/ennen-elinkeinopoliitikot-toimivat-meni-syteen-tai-saveen-nyt-he-yrittavat-ajatella-ensin\/#breadcrumb\"},\"inLanguage\":\"fi\",\"potentialAction\":[{\"@type\":\"ReadAction\",\"target\":[\"https:\/\/suomenkuvalehti.fi\/nurkanvaltaaja\/ennen-elinkeinopoliitikot-toimivat-meni-syteen-tai-saveen-nyt-he-yrittavat-ajatella-ensin\/\"]}]},{\"@type\":\"ImageObject\",\"inLanguage\":\"fi\",\"@id\":\"https:\/\/suomenkuvalehti.fi\/nurkanvaltaaja\/ennen-elinkeinopoliitikot-toimivat-meni-syteen-tai-saveen-nyt-he-yrittavat-ajatella-ensin\/#primaryimage\",\"url\":\"https:\/\/suomenkuvalehti.fi\/wp-content\/uploads\/sites\/2\/sk\/files\/111%20Kuvat%202013\/SK-9-12-raha.gif\",\"contentUrl\":\"https:\/\/suomenkuvalehti.fi\/wp-content\/uploads\/sites\/2\/sk\/files\/111%20Kuvat%202013\/SK-9-12-raha.gif\"},{\"@type\":\"BreadcrumbList\",\"@id\":\"https:\/\/suomenkuvalehti.fi\/nurkanvaltaaja\/ennen-elinkeinopoliitikot-toimivat-meni-syteen-tai-saveen-nyt-he-yrittavat-ajatella-ensin\/#breadcrumb\",\"itemListElement\":[{\"@type\":\"ListItem\",\"position\":1,\"name\":\"Home\",\"item\":\"https:\/\/suomenkuvalehti.fi\/nurkanvaltaaja\/\"},{\"@type\":\"ListItem\",\"position\":2,\"name\":\"Ennen elinkeinopoliitikot toimivat, meni syteen tai saveen\u2009\u2013\u2009nyt he yritt\u00e4v\u00e4t ajatella ensin\"}]},{\"@type\":\"WebSite\",\"@id\":\"https:\/\/suomenkuvalehti.fi\/nurkanvaltaaja\/#website\",\"url\":\"https:\/\/suomenkuvalehti.fi\/nurkanvaltaaja\/\",\"name\":\"Nurkanvaltaaja\",\"description\":\"Suomen Kuvalehden taloustoimittajat kommentoivat rahan liikkeit\u00e4.\",\"potentialAction\":[{\"@type\":\"SearchAction\",\"target\":{\"@type\":\"EntryPoint\",\"urlTemplate\":\"https:\/\/suomenkuvalehti.fi\/haku\/?q={search_term_string}\"},\"query-input\":{\"@type\":\"PropertyValueSpecification\",\"valueRequired\":true,\"valueName\":\"search_term_string\"}}],\"inLanguage\":\"fi\"},{\"@type\":\"Person\",\"@id\":\"https:\/\/suomenkuvalehti.fi\/nurkanvaltaaja\/#\/schema\/person\/81ab1f580416ab2bcf148bff361b7dfb\",\"name\":\"Kustaa Hulkko\",\"image\":{\"@type\":\"ImageObject\",\"inLanguage\":\"fi\",\"@id\":\"https:\/\/suomenkuvalehti.fi\/nurkanvaltaaja\/#\/schema\/person\/image\/\",\"url\":\"https:\/\/suomenkuvalehti.fi\/nurkanvaltaaja\/wp-content\/uploads\/sites\/2\/2013\/11\/SK_HULKKO_Kustaa_pieni_MV-300x300-150x150.jpg\",\"contentUrl\":\"https:\/\/suomenkuvalehti.fi\/nurkanvaltaaja\/wp-content\/uploads\/sites\/2\/2013\/11\/SK_HULKKO_Kustaa_pieni_MV-300x300-150x150.jpg\",\"caption\":\"Kustaa Hulkko\"},\"description\":\"Kirjoittaja on vapaa toimittaja.\",\"sameAs\":[\"https:\/\/x.com\/https:\/\/twitter.com\/KustaaH\"]}]}<\/script>\n<!-- \/ Yoast SEO plugin. -->","yoast_head_json":{"title":"Ennen elinkeinopoliitikot toimivat, meni syteen tai saveen\u2009\u2013\u2009nyt he yritt\u00e4v\u00e4t ajatella ensin - Nurkanvaltaaja","robots":{"index":"index","follow":"follow","max-snippet":"max-snippet:-1","max-image-preview":"max-image-preview:large","max-video-preview":"max-video-preview:-1"},"canonical":"https:\/\/suomenkuvalehti.fi\/nurkanvaltaaja\/ennen-elinkeinopoliitikot-toimivat-meni-syteen-tai-saveen-nyt-he-yrittavat-ajatella-ensin\/","og_locale":"fi_FI","og_type":"article","og_title":"Ennen elinkeinopoliitikot toimivat, meni syteen tai saveen\u2009\u2013\u2009nyt he yritt\u00e4v\u00e4t ajatella ensin - Nurkanvaltaaja","og_description":"Kuvitus Janne Tervam\u00e4ki. Ty\u00f6- ja elinkeinoministeri\u00f6 on aktiivinen sis\u00e4ll\u00f6ntuottaja. Viikko sitten se julkaisi raportin Suomen talouskasvun ev\u00e4it\u00e4 2010-luvulla. Ministeri\u00f6 luonnehtii julkaisua &#8221;elinkeino- ja teollis&hellip;","og_url":"https:\/\/suomenkuvalehti.fi\/nurkanvaltaaja\/ennen-elinkeinopoliitikot-toimivat-meni-syteen-tai-saveen-nyt-he-yrittavat-ajatella-ensin\/","og_site_name":"Nurkanvaltaaja","article_published_time":"2013-03-04T06:00:01+00:00","article_modified_time":"2013-11-30T15:58:26+00:00","og_image":[{"url":"https:\/\/suomenkuvalehti.fi\/wp-content\/uploads\/sites\/2\/sk\/files\/111%20Kuvat%202013\/SK-9-12-raha.gif","type":"","width":"","height":""}],"author":"Kustaa Hulkko","twitter_misc":{"Written by":"Kustaa Hulkko","Est. reading time":"2 minuuttia"},"schema":{"@context":"https:\/\/schema.org","@graph":[{"@type":"WebPage","@id":"https:\/\/suomenkuvalehti.fi\/nurkanvaltaaja\/ennen-elinkeinopoliitikot-toimivat-meni-syteen-tai-saveen-nyt-he-yrittavat-ajatella-ensin\/","url":"https:\/\/suomenkuvalehti.fi\/nurkanvaltaaja\/ennen-elinkeinopoliitikot-toimivat-meni-syteen-tai-saveen-nyt-he-yrittavat-ajatella-ensin\/","name":"Ennen elinkeinopoliitikot toimivat, meni syteen tai saveen\u2009\u2013\u2009nyt he yritt\u00e4v\u00e4t ajatella ensin - Nurkanvaltaaja","isPartOf":{"@id":"https:\/\/suomenkuvalehti.fi\/nurkanvaltaaja\/#website"},"primaryImageOfPage":{"@id":"https:\/\/suomenkuvalehti.fi\/nurkanvaltaaja\/ennen-elinkeinopoliitikot-toimivat-meni-syteen-tai-saveen-nyt-he-yrittavat-ajatella-ensin\/#primaryimage"},"image":{"@id":"https:\/\/suomenkuvalehti.fi\/nurkanvaltaaja\/ennen-elinkeinopoliitikot-toimivat-meni-syteen-tai-saveen-nyt-he-yrittavat-ajatella-ensin\/#primaryimage"},"thumbnailUrl":"https:\/\/suomenkuvalehti.fi\/wp-content\/uploads\/sites\/2\/sk\/files\/111%20Kuvat%202013\/SK-9-12-raha.gif","datePublished":"2013-03-04T06:00:01+00:00","dateModified":"2013-11-30T15:58:26+00:00","author":{"@id":"https:\/\/suomenkuvalehti.fi\/nurkanvaltaaja\/#\/schema\/person\/81ab1f580416ab2bcf148bff361b7dfb"},"breadcrumb":{"@id":"https:\/\/suomenkuvalehti.fi\/nurkanvaltaaja\/ennen-elinkeinopoliitikot-toimivat-meni-syteen-tai-saveen-nyt-he-yrittavat-ajatella-ensin\/#breadcrumb"},"inLanguage":"fi","potentialAction":[{"@type":"ReadAction","target":["https:\/\/suomenkuvalehti.fi\/nurkanvaltaaja\/ennen-elinkeinopoliitikot-toimivat-meni-syteen-tai-saveen-nyt-he-yrittavat-ajatella-ensin\/"]}]},{"@type":"ImageObject","inLanguage":"fi","@id":"https:\/\/suomenkuvalehti.fi\/nurkanvaltaaja\/ennen-elinkeinopoliitikot-toimivat-meni-syteen-tai-saveen-nyt-he-yrittavat-ajatella-ensin\/#primaryimage","url":"https:\/\/suomenkuvalehti.fi\/wp-content\/uploads\/sites\/2\/sk\/files\/111%20Kuvat%202013\/SK-9-12-raha.gif","contentUrl":"https:\/\/suomenkuvalehti.fi\/wp-content\/uploads\/sites\/2\/sk\/files\/111%20Kuvat%202013\/SK-9-12-raha.gif"},{"@type":"BreadcrumbList","@id":"https:\/\/suomenkuvalehti.fi\/nurkanvaltaaja\/ennen-elinkeinopoliitikot-toimivat-meni-syteen-tai-saveen-nyt-he-yrittavat-ajatella-ensin\/#breadcrumb","itemListElement":[{"@type":"ListItem","position":1,"name":"Home","item":"https:\/\/suomenkuvalehti.fi\/nurkanvaltaaja\/"},{"@type":"ListItem","position":2,"name":"Ennen elinkeinopoliitikot toimivat, meni syteen tai saveen\u2009\u2013\u2009nyt he yritt\u00e4v\u00e4t ajatella ensin"}]},{"@type":"WebSite","@id":"https:\/\/suomenkuvalehti.fi\/nurkanvaltaaja\/#website","url":"https:\/\/suomenkuvalehti.fi\/nurkanvaltaaja\/","name":"Nurkanvaltaaja","description":"Suomen Kuvalehden taloustoimittajat kommentoivat rahan liikkeit\u00e4.","potentialAction":[{"@type":"SearchAction","target":{"@type":"EntryPoint","urlTemplate":"https:\/\/suomenkuvalehti.fi\/haku\/?q={search_term_string}"},"query-input":{"@type":"PropertyValueSpecification","valueRequired":true,"valueName":"search_term_string"}}],"inLanguage":"fi"},{"@type":"Person","@id":"https:\/\/suomenkuvalehti.fi\/nurkanvaltaaja\/#\/schema\/person\/81ab1f580416ab2bcf148bff361b7dfb","name":"Kustaa Hulkko","image":{"@type":"ImageObject","inLanguage":"fi","@id":"https:\/\/suomenkuvalehti.fi\/nurkanvaltaaja\/#\/schema\/person\/image\/","url":"https:\/\/suomenkuvalehti.fi\/nurkanvaltaaja\/wp-content\/uploads\/sites\/2\/2013\/11\/SK_HULKKO_Kustaa_pieni_MV-300x300-150x150.jpg","contentUrl":"https:\/\/suomenkuvalehti.fi\/nurkanvaltaaja\/wp-content\/uploads\/sites\/2\/2013\/11\/SK_HULKKO_Kustaa_pieni_MV-300x300-150x150.jpg","caption":"Kustaa Hulkko"},"description":"Kirjoittaja on vapaa toimittaja.","sameAs":["https:\/\/x.com\/https:\/\/twitter.com\/KustaaH"]}]}},"_links":{"self":[{"href":"https:\/\/suomenkuvalehti.fi\/nurkanvaltaaja\/wp-json\/wp\/v2\/posts\/36","targetHints":{"allow":["GET"]}}],"collection":[{"href":"https:\/\/suomenkuvalehti.fi\/nurkanvaltaaja\/wp-json\/wp\/v2\/posts"}],"about":[{"href":"https:\/\/suomenkuvalehti.fi\/nurkanvaltaaja\/wp-json\/wp\/v2\/types\/post"}],"author":[{"embeddable":true,"href":"https:\/\/suomenkuvalehti.fi\/nurkanvaltaaja\/wp-json\/wp\/v2\/users\/138"}],"replies":[{"embeddable":true,"href":"https:\/\/suomenkuvalehti.fi\/nurkanvaltaaja\/wp-json\/wp\/v2\/comments?post=36"}],"version-history":[{"count":1,"href":"https:\/\/suomenkuvalehti.fi\/nurkanvaltaaja\/wp-json\/wp\/v2\/posts\/36\/revisions"}],"predecessor-version":[{"id":139,"href":"https:\/\/suomenkuvalehti.fi\/nurkanvaltaaja\/wp-json\/wp\/v2\/posts\/36\/revisions\/139"}],"wp:attachment":[{"href":"https:\/\/suomenkuvalehti.fi\/nurkanvaltaaja\/wp-json\/wp\/v2\/media?parent=36"}],"wp:term":[{"taxonomy":"category","embeddable":true,"href":"https:\/\/suomenkuvalehti.fi\/nurkanvaltaaja\/wp-json\/wp\/v2\/categories?post=36"},{"taxonomy":"post_tag","embeddable":true,"href":"https:\/\/suomenkuvalehti.fi\/nurkanvaltaaja\/wp-json\/wp\/v2\/tags?post=36"}],"curies":[{"name":"wp","href":"https:\/\/api.w.org\/{rel}","templated":true}]}}