{"id":355,"date":"2008-09-10T14:12:59","date_gmt":"2008-09-10T11:12:59","guid":{"rendered":"https:\/\/suomenkuvalehti.fi\/nurkanvaltaaja\/2008\/09\/10\/tahdon-asia\/"},"modified":"2013-11-30T17:58:28","modified_gmt":"2013-11-30T15:58:28","slug":"tahdon-asia","status":"publish","type":"post","link":"https:\/\/suomenkuvalehti.fi\/nurkanvaltaaja\/tahdon-asia\/","title":{"rendered":"Tahdon asia?"},"content":{"rendered":"\n<p>T\u00e4m\u00e4n p\u00e4iv\u00e4n uutiset panevat kysym\u00e4\u00e4n: onko mets\u00e4teollisuuspomojen pakko teurastaa tehtaita ja ty\u00f6paikkoja?<\/p>\n\n\n\n\n<p><a title=\"Stora Enson tiedote 10.9.2008\" href=\"http:\/\/www.storaenso.com\/media-centre\/press-releases\/2008\/09\/Pages\/stora-enso-jatkaa-tulevaisuutensa-varmistamista.aspx\">Stora Enson<\/a> ja <a title=\"UPM:n tiedote 10.9.2008\" href=\"http:\/\/w3.upm-kymmene.com\/upm\/internet\/cms\/upmcmsfi.nsf\/(%24all)\/b968e2adb6100a3dc22574c00023a776?OpenDocument&amp;qm=menu,0,0,0\">UPM:n<\/a> ilmoitukset tuotannon leikkauksista ja ty\u00f6voiman v\u00e4hennyksist\u00e4 merkitsev\u00e4t, ett\u00e4 Suomen mets\u00e4teollisuus lopettaa tai ulkoistaa 4750 ty\u00f6paikkaa. UPM v\u00e4hent\u00e4\u00e4 1600 ty\u00f6ntekij\u00e4\u00e4, Stora Enso 3150.<\/p>\n\n\n\n<p>Mets\u00e4yhti\u00f6iden Suomessa sijaitsevista ty\u00f6paikoista pyyhkiytyy pois joka kymmenes.<\/p>\n\n\n\n<p>Kajaanissa, Imatralla, Valkeakoskella ja muilla tehdaspaikkakunnilla uutiset ovat murheenviestej\u00e4 paitsi ty\u00f6ntekij\u00f6ille ja heid\u00e4n perheilleen my\u00f6s kuntien johdolle ja luottamusmiehille.<\/p>\n\n\n\n<p>Pelk\u00e4st\u00e4\u00e4n Kajaanissa ty\u00f6tt\u00f6miksi j\u00e4\u00e4 yli 500 ihmist\u00e4. Kunta menett\u00e4\u00e4 kymmeneksen tuloverokertym\u00e4st\u00e4\u00e4n, noin 10 miljoonaa euroa.<\/p>\n\n\n\n<p>Stora Enson johto perustelee p\u00e4\u00e4t\u00f6ksi\u00e4 kustannustehokkuudella ja varautumisella Ven\u00e4j\u00e4n puutulleihin. UPM:n mukaan kysymys on kannattavuuden turvaamisesta tilanteessa, jossa kustannukset nousevat ja alan kasvu on hidasta.<\/p>\n\n\n\n<p><strong>Kaikki<br>muuttuu<\/strong><\/p>\n\n\n\n<p>UPM:n toimitusjohtaja <strong>Jussi<\/strong><strong>Pesonen<\/strong><a title=\"Jussi Pesosen haastattelu Primassa 2\/2008\" href=\"http:\/\/www.digipaper.fi\/prima\/9990\/\">arvioi<\/a> viime kev\u00e4\u00e4n\u00e4, ett\u00e4 mets\u00e4teollisuudessa mullistuu kaikki: yritykset, tuotteet, kaikki mahdollinen.<\/p>\n\n\n\n<p>Pesonen siis on sit\u00e4 mielt\u00e4, ett\u00e4 kysymyksess\u00e4 on objektiivinen rakennemuutos, joka ei riipu esimerkiksi ahneiden kapitalistien tahdosta.<\/p>\n\n\n\n<p>Onko h\u00e4n oikeassa? Jos katsotaan viime aikojen trendej\u00e4 mets\u00e4teollisuuden n\u00e4k\u00f6kulmasta, niin vaikuttaa silt\u00e4, ett\u00e4 on.<\/p>\n\n\n\n<p>Ven\u00e4j\u00e4n tuontipuu loppuu Suomen mets\u00e4teollisuudelta. Raaka-aineet ja energia kallistuvat samalla kun monen tuotteen reaalihinnat rapautuvat.<\/p>\n\n\n\n<p>Globaali kilpailu kiristyy, kun esimerkiksi Kiinan paperintuottajat tunkeutuvat Eurooppaan.<\/p>\n\n\n\n<p>Erityisesti Amerikassa paperin kysynt\u00e4 supistuu, kun lukijat ja mainostajat siirtyv\u00e4t nettiin.<\/p>\n\n\n\n<p>Tulevaisuudessa viel\u00e4 EU ter\u00e4st\u00e4\u00e4 ilmastopolitiikkaansa, mik\u00e4 nostaa kustannuksia entisest\u00e4\u00e4n.<\/p>\n\n\n\n<p>Alalla on liikaa kapasiteettia, joka on kuin myllynkivi elinkelpoisten tehtaiden kaulassa.<\/p>\n\n\n\n<p>Kaikesta p\u00e4\u00e4tt\u00e4en ilman tiukkoja toimia mets\u00e4teollisuus ajautuisi viel\u00e4 pahempaan kriisiin kuin miss\u00e4 se nyt on.<\/p>\n\n\n\n<p><strong>S\u00e4ilyyk\u00f6 ala<br>Suomessa?<\/strong><\/p>\n\n\n\n<p>Alan miehet v\u00e4itt\u00e4v\u00e4t, ett\u00e4 osaamista on edelleen. Se pit\u00e4\u00e4 vain tuotteistaa ja kaupallistaa.<\/p>\n\n\n\n<p>Mets\u00e4teollisuuden tulevaisuus on sellaisissa innovaatioissa, joita on jo markkinoilla: pakkauskartongeissa, joihin on ladattu tietotekniikkaa, biopolttoaineissa, tarrapapereissa ja niin edelleen. Ynn\u00e4 muussa sellaisessa, mit\u00e4 emme osaa viel\u00e4 edes kuvitella.<\/p>\n\n\n\n<p>Mets\u00e4teollisuus siis s\u00e4ilyy. Toivottavasti.<\/p>\n\n\n\n<p><a href=\"http:\/\/www.suomenkuvalehti.fi\/blogit\/nurkanvaltaaja\/default.aspx\">Kaikki Nurkanvaltaaja-blogin kirjoitukset l\u00f6yd\u00e4t t\u00e4\u00e4lt\u00e4<\/a><\/p>\n\n\n\n<p><a href=\"http:\/\/www.suomenkuvalehti.fi\/etusivu\/talous-ja-tekniikka\/talous\/keijo-korhonen-metsateollisuuden.aspx\">Lue mit\u00e4 mielt\u00e4 Keijo Korhonen on mets\u00e4teollisuuden kriisist\u00e4: &#8221;Nauttikaamme EU:n siunauksista!&#8221;<\/a> (SK netti 12.9.2008)<\/p>\n\n\n","protected":false},"excerpt":{"rendered":"<p>T\u00e4m\u00e4n p\u00e4iv\u00e4n uutiset panevat kysym\u00e4\u00e4n: onko mets\u00e4teollisuuspomojen pakko teurastaa tehtaita ja ty\u00f6paikkoja? Stora Enson ja UPM:n ilmoitukset tuotannon leikkauksista ja ty\u00f6voiman v\u00e4hennyksist\u00e4 merkitsev\u00e4t, ett\u00e4 Suomen mets\u00e4teollisuus lopettaa tai ulkoistaa 4750 ty\u00f6paikkaa. UPM v\u00e4hent\u00e4\u00e4 1600<br \/>\nty\u00f6ntekij\u00e4\u00e4, Stor&hellip;<\/p>\n","protected":false},"author":138,"featured_media":0,"comment_status":"open","ping_status":"open","sticky":false,"template":"","format":"standard","meta":{"_acf_changed":false,"asauth_required_access_level":0,"asauth_cansharepaid":"","om_header_attributes":[],"footnotes":"","om_featured_image_focal_point":[],"om_primary_tag":0,"om_contributors":[],"om_co_authors":[],"beyondwords_generate_audio":"","beyondwords_project_id":"","beyondwords_content_id":"","beyondwords_preview_token":"","beyondwords_player_content":"","beyondwords_player_style":"","beyondwords_language_code":"","beyondwords_language_id":"","beyondwords_title_voice_id":"","beyondwords_body_voice_id":"","beyondwords_summary_voice_id":"","beyondwords_error_message":"","beyondwords_disabled":"","beyondwords_delete_content":"","beyondwords_podcast_id":"","beyondwords_hash":"","publish_post_to_speechkit":"","speechkit_hash":"","speechkit_generate_audio":"","speechkit_project_id":"","speechkit_podcast_id":"","speechkit_error_message":"","speechkit_disabled":"","speechkit_access_key":"","speechkit_error":"","speechkit_info":"","speechkit_response":"","speechkit_retries":"","speechkit_status":"","speechkit_updated_at":"","_speechkit_link":"","_speechkit_text":""},"categories":[1],"tags":[380,383,584,389],"class_list":["post-355","post","type-post","status-publish","format-standard","hentry","category-nurkanvaltaaja","tag-metsateollisuus","tag-stora-enso","tag-tyopaikat","tag-upm"],"om_views":null,"acf":{"tuuma_off":false,"tuuma_kysymys":"","tuuma_vastaus":""},"asauth":{"required_access_level":1,"share_token":"","is_paid":false},"yoast_head":"<!-- This site is optimized with the Yoast SEO plugin v26.4 - https:\/\/yoast.com\/wordpress\/plugins\/seo\/ -->\n<title>Tahdon asia? - Nurkanvaltaaja<\/title>\n<meta name=\"robots\" content=\"index, follow, max-snippet:-1, max-image-preview:large, max-video-preview:-1\" \/>\n<link rel=\"canonical\" href=\"https:\/\/suomenkuvalehti.fi\/nurkanvaltaaja\/tahdon-asia\/\" \/>\n<meta property=\"og:locale\" content=\"fi_FI\" \/>\n<meta property=\"og:type\" content=\"article\" \/>\n<meta property=\"og:title\" content=\"Tahdon asia? - Nurkanvaltaaja\" \/>\n<meta property=\"og:description\" content=\"T\u00e4m\u00e4n p\u00e4iv\u00e4n uutiset panevat kysym\u00e4\u00e4n: onko mets\u00e4teollisuuspomojen pakko teurastaa tehtaita ja ty\u00f6paikkoja? Stora Enson ja UPM:n ilmoitukset tuotannon leikkauksista ja ty\u00f6voiman v\u00e4hennyksist\u00e4 merkitsev\u00e4t, ett\u00e4 Suomen mets\u00e4teollisuus lopettaa tai ulkoistaa 4750 ty\u00f6paikkaa. UPM v\u00e4hent\u00e4\u00e4 1600 ty\u00f6ntekij\u00e4\u00e4, Stor&hellip;\" \/>\n<meta property=\"og:url\" content=\"https:\/\/suomenkuvalehti.fi\/nurkanvaltaaja\/tahdon-asia\/\" \/>\n<meta property=\"og:site_name\" content=\"Nurkanvaltaaja\" \/>\n<meta property=\"article:published_time\" content=\"2008-09-10T11:12:59+00:00\" \/>\n<meta property=\"article:modified_time\" content=\"2013-11-30T15:58:28+00:00\" \/>\n<meta name=\"author\" content=\"Kustaa Hulkko\" \/>\n<meta name=\"twitter:label1\" content=\"Written by\" \/>\n\t<meta name=\"twitter:data1\" content=\"Kustaa Hulkko\" \/>\n\t<meta name=\"twitter:label2\" content=\"Est. reading time\" \/>\n\t<meta name=\"twitter:data2\" content=\"2 minuuttia\" \/>\n<script type=\"application\/ld+json\" class=\"yoast-schema-graph\">{\"@context\":\"https:\/\/schema.org\",\"@graph\":[{\"@type\":\"WebPage\",\"@id\":\"https:\/\/suomenkuvalehti.fi\/nurkanvaltaaja\/tahdon-asia\/\",\"url\":\"https:\/\/suomenkuvalehti.fi\/nurkanvaltaaja\/tahdon-asia\/\",\"name\":\"Tahdon asia? - Nurkanvaltaaja\",\"isPartOf\":{\"@id\":\"https:\/\/suomenkuvalehti.fi\/nurkanvaltaaja\/#website\"},\"datePublished\":\"2008-09-10T11:12:59+00:00\",\"dateModified\":\"2013-11-30T15:58:28+00:00\",\"author\":{\"@id\":\"https:\/\/suomenkuvalehti.fi\/nurkanvaltaaja\/#\/schema\/person\/81ab1f580416ab2bcf148bff361b7dfb\"},\"breadcrumb\":{\"@id\":\"https:\/\/suomenkuvalehti.fi\/nurkanvaltaaja\/tahdon-asia\/#breadcrumb\"},\"inLanguage\":\"fi\",\"potentialAction\":[{\"@type\":\"ReadAction\",\"target\":[\"https:\/\/suomenkuvalehti.fi\/nurkanvaltaaja\/tahdon-asia\/\"]}]},{\"@type\":\"BreadcrumbList\",\"@id\":\"https:\/\/suomenkuvalehti.fi\/nurkanvaltaaja\/tahdon-asia\/#breadcrumb\",\"itemListElement\":[{\"@type\":\"ListItem\",\"position\":1,\"name\":\"Home\",\"item\":\"https:\/\/suomenkuvalehti.fi\/nurkanvaltaaja\/\"},{\"@type\":\"ListItem\",\"position\":2,\"name\":\"Tahdon asia?\"}]},{\"@type\":\"WebSite\",\"@id\":\"https:\/\/suomenkuvalehti.fi\/nurkanvaltaaja\/#website\",\"url\":\"https:\/\/suomenkuvalehti.fi\/nurkanvaltaaja\/\",\"name\":\"Nurkanvaltaaja\",\"description\":\"Suomen Kuvalehden taloustoimittajat kommentoivat rahan liikkeit\u00e4.\",\"potentialAction\":[{\"@type\":\"SearchAction\",\"target\":{\"@type\":\"EntryPoint\",\"urlTemplate\":\"https:\/\/suomenkuvalehti.fi\/haku\/?q={search_term_string}\"},\"query-input\":{\"@type\":\"PropertyValueSpecification\",\"valueRequired\":true,\"valueName\":\"search_term_string\"}}],\"inLanguage\":\"fi\"},{\"@type\":\"Person\",\"@id\":\"https:\/\/suomenkuvalehti.fi\/nurkanvaltaaja\/#\/schema\/person\/81ab1f580416ab2bcf148bff361b7dfb\",\"name\":\"Kustaa Hulkko\",\"image\":{\"@type\":\"ImageObject\",\"inLanguage\":\"fi\",\"@id\":\"https:\/\/suomenkuvalehti.fi\/nurkanvaltaaja\/#\/schema\/person\/image\/\",\"url\":\"https:\/\/suomenkuvalehti.fi\/nurkanvaltaaja\/wp-content\/uploads\/sites\/2\/2013\/11\/SK_HULKKO_Kustaa_pieni_MV-300x300-150x150.jpg\",\"contentUrl\":\"https:\/\/suomenkuvalehti.fi\/nurkanvaltaaja\/wp-content\/uploads\/sites\/2\/2013\/11\/SK_HULKKO_Kustaa_pieni_MV-300x300-150x150.jpg\",\"caption\":\"Kustaa Hulkko\"},\"description\":\"Kirjoittaja on vapaa toimittaja.\",\"sameAs\":[\"https:\/\/x.com\/https:\/\/twitter.com\/KustaaH\"]}]}<\/script>\n<!-- \/ Yoast SEO plugin. -->","yoast_head_json":{"title":"Tahdon asia? - Nurkanvaltaaja","robots":{"index":"index","follow":"follow","max-snippet":"max-snippet:-1","max-image-preview":"max-image-preview:large","max-video-preview":"max-video-preview:-1"},"canonical":"https:\/\/suomenkuvalehti.fi\/nurkanvaltaaja\/tahdon-asia\/","og_locale":"fi_FI","og_type":"article","og_title":"Tahdon asia? - Nurkanvaltaaja","og_description":"T\u00e4m\u00e4n p\u00e4iv\u00e4n uutiset panevat kysym\u00e4\u00e4n: onko mets\u00e4teollisuuspomojen pakko teurastaa tehtaita ja ty\u00f6paikkoja? Stora Enson ja UPM:n ilmoitukset tuotannon leikkauksista ja ty\u00f6voiman v\u00e4hennyksist\u00e4 merkitsev\u00e4t, ett\u00e4 Suomen mets\u00e4teollisuus lopettaa tai ulkoistaa 4750 ty\u00f6paikkaa. UPM v\u00e4hent\u00e4\u00e4 1600 ty\u00f6ntekij\u00e4\u00e4, Stor&hellip;","og_url":"https:\/\/suomenkuvalehti.fi\/nurkanvaltaaja\/tahdon-asia\/","og_site_name":"Nurkanvaltaaja","article_published_time":"2008-09-10T11:12:59+00:00","article_modified_time":"2013-11-30T15:58:28+00:00","author":"Kustaa Hulkko","twitter_misc":{"Written by":"Kustaa Hulkko","Est. reading time":"2 minuuttia"},"schema":{"@context":"https:\/\/schema.org","@graph":[{"@type":"WebPage","@id":"https:\/\/suomenkuvalehti.fi\/nurkanvaltaaja\/tahdon-asia\/","url":"https:\/\/suomenkuvalehti.fi\/nurkanvaltaaja\/tahdon-asia\/","name":"Tahdon asia? - Nurkanvaltaaja","isPartOf":{"@id":"https:\/\/suomenkuvalehti.fi\/nurkanvaltaaja\/#website"},"datePublished":"2008-09-10T11:12:59+00:00","dateModified":"2013-11-30T15:58:28+00:00","author":{"@id":"https:\/\/suomenkuvalehti.fi\/nurkanvaltaaja\/#\/schema\/person\/81ab1f580416ab2bcf148bff361b7dfb"},"breadcrumb":{"@id":"https:\/\/suomenkuvalehti.fi\/nurkanvaltaaja\/tahdon-asia\/#breadcrumb"},"inLanguage":"fi","potentialAction":[{"@type":"ReadAction","target":["https:\/\/suomenkuvalehti.fi\/nurkanvaltaaja\/tahdon-asia\/"]}]},{"@type":"BreadcrumbList","@id":"https:\/\/suomenkuvalehti.fi\/nurkanvaltaaja\/tahdon-asia\/#breadcrumb","itemListElement":[{"@type":"ListItem","position":1,"name":"Home","item":"https:\/\/suomenkuvalehti.fi\/nurkanvaltaaja\/"},{"@type":"ListItem","position":2,"name":"Tahdon asia?"}]},{"@type":"WebSite","@id":"https:\/\/suomenkuvalehti.fi\/nurkanvaltaaja\/#website","url":"https:\/\/suomenkuvalehti.fi\/nurkanvaltaaja\/","name":"Nurkanvaltaaja","description":"Suomen Kuvalehden taloustoimittajat kommentoivat rahan liikkeit\u00e4.","potentialAction":[{"@type":"SearchAction","target":{"@type":"EntryPoint","urlTemplate":"https:\/\/suomenkuvalehti.fi\/haku\/?q={search_term_string}"},"query-input":{"@type":"PropertyValueSpecification","valueRequired":true,"valueName":"search_term_string"}}],"inLanguage":"fi"},{"@type":"Person","@id":"https:\/\/suomenkuvalehti.fi\/nurkanvaltaaja\/#\/schema\/person\/81ab1f580416ab2bcf148bff361b7dfb","name":"Kustaa Hulkko","image":{"@type":"ImageObject","inLanguage":"fi","@id":"https:\/\/suomenkuvalehti.fi\/nurkanvaltaaja\/#\/schema\/person\/image\/","url":"https:\/\/suomenkuvalehti.fi\/nurkanvaltaaja\/wp-content\/uploads\/sites\/2\/2013\/11\/SK_HULKKO_Kustaa_pieni_MV-300x300-150x150.jpg","contentUrl":"https:\/\/suomenkuvalehti.fi\/nurkanvaltaaja\/wp-content\/uploads\/sites\/2\/2013\/11\/SK_HULKKO_Kustaa_pieni_MV-300x300-150x150.jpg","caption":"Kustaa Hulkko"},"description":"Kirjoittaja on vapaa toimittaja.","sameAs":["https:\/\/x.com\/https:\/\/twitter.com\/KustaaH"]}]}},"_links":{"self":[{"href":"https:\/\/suomenkuvalehti.fi\/nurkanvaltaaja\/wp-json\/wp\/v2\/posts\/355","targetHints":{"allow":["GET"]}}],"collection":[{"href":"https:\/\/suomenkuvalehti.fi\/nurkanvaltaaja\/wp-json\/wp\/v2\/posts"}],"about":[{"href":"https:\/\/suomenkuvalehti.fi\/nurkanvaltaaja\/wp-json\/wp\/v2\/types\/post"}],"author":[{"embeddable":true,"href":"https:\/\/suomenkuvalehti.fi\/nurkanvaltaaja\/wp-json\/wp\/v2\/users\/138"}],"replies":[{"embeddable":true,"href":"https:\/\/suomenkuvalehti.fi\/nurkanvaltaaja\/wp-json\/wp\/v2\/comments?post=355"}],"version-history":[{"count":1,"href":"https:\/\/suomenkuvalehti.fi\/nurkanvaltaaja\/wp-json\/wp\/v2\/posts\/355\/revisions"}],"predecessor-version":[{"id":468,"href":"https:\/\/suomenkuvalehti.fi\/nurkanvaltaaja\/wp-json\/wp\/v2\/posts\/355\/revisions\/468"}],"wp:attachment":[{"href":"https:\/\/suomenkuvalehti.fi\/nurkanvaltaaja\/wp-json\/wp\/v2\/media?parent=355"}],"wp:term":[{"taxonomy":"category","embeddable":true,"href":"https:\/\/suomenkuvalehti.fi\/nurkanvaltaaja\/wp-json\/wp\/v2\/categories?post=355"},{"taxonomy":"post_tag","embeddable":true,"href":"https:\/\/suomenkuvalehti.fi\/nurkanvaltaaja\/wp-json\/wp\/v2\/tags?post=355"}],"curies":[{"name":"wp","href":"https:\/\/api.w.org\/{rel}","templated":true}]}}