{"id":342,"date":"2008-11-22T15:45:46","date_gmt":"2008-11-22T13:45:46","guid":{"rendered":"https:\/\/suomenkuvalehti.fi\/nurkanvaltaaja\/2008\/11\/22\/voittaako-vapaakauppa-vai-protektionismi\/"},"modified":"2013-11-30T17:58:28","modified_gmt":"2013-11-30T15:58:28","slug":"voittaako-vapaakauppa-vai-protektionismi","status":"publish","type":"post","link":"https:\/\/suomenkuvalehti.fi\/nurkanvaltaaja\/voittaako-vapaakauppa-vai-protektionismi\/","title":{"rendered":"Voittaako vapaakauppa vai protektionismi?"},"content":{"rendered":"\n<p>Nurkanvaltaajan on pakko j\u00e4tt\u00e4\u00e4 otsikon kysymys avoimeksi. Ilmassa on lupaavia merkkej\u00e4 mutta my\u00f6s pahoja enteit\u00e4.<\/p>\n\n\n\n\n<p>Nurkanvaltaajan edellisess\u00e4 blogimerkinn\u00e4ss\u00e4 siteerattiin ekonomisti <a href=\"http:\/\/www.suomenkuvalehti.fi\/blogit\/nurkanvaltaaja\/morttinen-varoittaa-kauppasodasta.aspx\"><strong>Leena M\u00f6rttisen<\/strong> synkk\u00e4\u00e4 arviota<\/a>. Sen mukaan maailma on tienhaarassa. Toisessa tienviitassa lukee: &#8221;markkinatalous ja vapaakauppa&#8221;, toisessa taas &#8221;kauppasodat ja naapurin k\u00f6yhdytt\u00e4minen&#8221;.<\/p>\n\n\n\n<p>Kysymys oli M\u00f6rttisen k\u00e4rjistyksest\u00e4. Emme ole viel\u00e4 tuossa tilanteessa, mutta meit\u00e4 on syyt\u00e4 her\u00e4tell\u00e4.<\/p>\n\n\n\n<p>Samasta asiasta ovat monet muutkin huolissaan, esimerkiksi monen maan poliitikot.<\/p>\n\n\n\n<p>Maailman rikkaiden maiden G20-ryhm\u00e4 piti \u00e4sken kokouksen Washingtonissa. Kokous oli monelle pettymys, sill\u00e4 se ei viitoittanut ihmiskunnalle selv\u00e4\u00e4 reitti\u00e4 ulos talouskriisist\u00e4.<\/p>\n\n\n\n<p>Tosin sellaista messiaanista roolia G20:n johtajat eiv\u00e4t edes voineet ottaa, sill\u00e4 yksi oli joukosta poissa: <strong>Barack Obama<\/strong>. H\u00e4n ei viel\u00e4 ole vallassa, eik\u00e4 h\u00e4nen edelt\u00e4j\u00e4ns\u00e4 <strong>George W. Bush<\/strong> voi en\u00e4\u00e4 tehd\u00e4 merkitt\u00e4vi\u00e4 p\u00e4\u00e4t\u00f6ksi\u00e4 tai sopimuksia.<\/p>\n\n\n\n<p><strong>G20 huolissaan<br>protektionismista<\/strong><\/p>\n\n\n\n<p>G20:een kuuluvat maailman rikkaimmat maat. Vauraan l\u00e4nnen lis\u00e4ksi siin\u00e4 ovat mukana my\u00f6s esimerkiksi Kiina, Intia, Ven\u00e4j\u00e4, Brasilia ja Indonesia.<\/p>\n\n\n\n<p><a href=\"http:\/\/www.g8.utoronto.ca\/g20\/2008-leaders-declaration-081115.html\">Julkilausumassaan<\/a> G20 tunnustaa, ett\u00e4 siihen kuuluvilla mailla on keskeinen rooli ja suurimmat panokset maailmankaupassa.<\/p>\n\n\n\n<p>Se korostaa selvin sanoin, ett\u00e4 on t\u00e4rke\u00e4\u00e4 hyl\u00e4t\u00e4 protektionismi.<\/p>\n\n\n\n<p>&#8221;Pid\u00e4tymme uusien esteiden pystytt\u00e4misest\u00e4 tavara- ja hy\u00f6dykekaupan ja investointien tielle seuraavien 12 kuukauden aikana, pid\u00e4tymme uusista vientirajoituksista tai viennin edist\u00e4mistoimista, jotka ovat yhteensopimattomia Maailman kauppaj\u00e4rjest\u00f6n periaatteiden kanssa.&#8221;<\/p>\n\n\n\n<p><strong>Lupaavaa<\/strong><br>&#8211; <strong>vai mit\u00e4?<\/strong><\/p>\n\n\n\n<p>Vai onko se sittenkin <em>bullshit<\/em>-teksti\u00e4, jota diplomaatit joutuvat usein kirjoittamaan kansainv\u00e4listen konferenssien julkilausumiin? Onko se oire siit\u00e4, ett\u00e4 asiat ovat menossa pikemminkin huonoon kuin hyv\u00e4\u00e4n suuntaan?<\/p>\n\n\n\n<p>Nurkanvaltaajan p\u00e4tevyys ei riit\u00e4 arvioimaan t\u00e4t\u00e4 asiaa. On pakko &#8221;kilauttaa kaverille&#8221;. Tai tarkemmin sanoen l\u00e4hett\u00e4\u00e4 s\u00e4hk\u00f6postia kaverin kaverille.<\/p>\n\n\n\n<p>H\u00e4n on <strong>Richard Baldwin<\/strong>, Lontoossa toimivan <a href=\"http:\/\/www.cepr.org\/default_static.htm\">CEPR-tutkimuskeskuksen<\/a> johtaja ja Geneven yliopiston kansainv\u00e4listen asioiden tutkimuslaitoksen professori.<\/p>\n\n\n\n<p>Suomen ekonomistit tuntevat h\u00e4net hyvin. H\u00e4n on Turun kauppakorkeakoulun kunniatohtori. Konsultin roolissa h\u00e4n on osallistunut my\u00f6s <a href=\"http:\/\/www.vnk.fi\/hankkeet\/talousneuvosto\/tyo-kokoukset\/pdf\/Projektikuvaus_ja_tiivistelmae_06-10-01.pdf\">Suomen globalisaatiolinjan<\/a> muovaamiseen.<\/p>\n\n\n\n<p>Baldwin vastaa, ett\u00e4 G20:n julkilausuma oli h\u00e4nen mielest\u00e4\u00e4n mit\u00e4\u00e4nsanomaton. &#8221;Markkinoille voi synty\u00e4 kuva, ettei mik\u00e4\u00e4n muutu.&#8221;<\/p>\n\n\n\n<p><strong>Toisaalta<br>hyvi\u00e4 merkkej\u00e4&#8230;<\/strong><\/p>\n\n\n\n<p>&#8221;Uskon kuitenkin, ett\u00e4 mukana oli riitt\u00e4v\u00e4sti t\u00e4sm\u00e4llisi\u00e4 yksityiskohtia, esimerkiksi sopimus seuraavan kokouksen p\u00e4iv\u00e4m\u00e4\u00e4r\u00e4st\u00e4, jotta se helpottaa globaalia tilannetta&#8221;, Baldwin arvioi.<\/p>\n\n\n\n<p>G20:n valtionp\u00e4\u00e4miehet p\u00e4\u00e4ttiv\u00e4t nimitt\u00e4in kokoontua seuraavan kerran huhtikuun alussa 2009 perusteellisen virkamiesvalmistelun j\u00e4lkeen.<\/p>\n\n\n\n<p>Lis\u00e4ksi G20 pyrkii saavuttamaan t\u00e4n\u00e4 vuonna sopimuksen &#8217;modaliteeteista&#8217;, jotta umpikujaan ajautunut WTO:n Dohan kauppakierros sittenkin onnistuisi.<\/p>\n\n\n\n<p>&#8221;Annamme kauppaministereillemme ohjeen, ett\u00e4 t\u00e4m\u00e4 tavoite pit\u00e4isi saavuttaa, ja olemme valmiit tarpeen vaatiessa auttamaan heit\u00e4 siin\u00e4&#8221;, julkilausumassa sanotaan.<\/p>\n\n\n\n<p>Baldwinin mielest\u00e4 maininta &#8217;modaliteeteista&#8217; on hyv\u00e4 merkki.<\/p>\n\n\n\n<p>&#8217;Modaliteetti&#8217; on kansainv\u00e4listen kauppaneuvottelujen erikoistermi, jolla on tarkka sis\u00e4lt\u00f6 WTO-yhteydess\u00e4. Se kattaa sek\u00e4 asiat, joista sovitaan, ett\u00e4 suunnan, josta uusia ratkaisuja ja pelis\u00e4\u00e4nt\u00f6j\u00e4 etsit\u00e4\u00e4n.<\/p>\n\n\n\n<p>&#8221;Doha saadaan takaisin raiteilleen, jos G20 saa modaliteetit sovittua t\u00e4m\u00e4n vuoden loppuun menness\u00e4&#8221;, Baldwin arvioi.<\/p>\n\n\n\n<p><strong>&#8230;toisaalta<br>huonoja enteit\u00e4<\/strong><\/p>\n\n\n\n<p>Baldwin pit\u00e4\u00e4 kuitenkin huonona merkkin\u00e4 sit\u00e4, ett\u00e4 ven\u00e4l\u00e4iset ovat \u00e4sken julkistaneet uusia kaupan esteit\u00e4 luvattuaan hetke\u00e4 aikaisemmin, ett\u00e4 he pid\u00e4tt\u00e4ytyisiv\u00e4t niist\u00e4.<\/p>\n\n\n\n<p>H\u00e4n viittaa lehtitietoon. Brittil\u00e4inen talouslehti <a href=\"http:\/\/www.ft.com\/cms\/s\/0\/23fe65ec-b4ca-11dd-b780-0000779fd18c.html\">Financial Times kertoi<\/a> 17. marraskuuta heti G20:n kokouksen j\u00e4lkeen, ett\u00e4 Ven\u00e4j\u00e4 aikoi nostaa reippaasti esimerkiksi autojen tuontitulleja.<\/p>\n\n\n\n<p>Muutenkin Ven\u00e4j\u00e4 aikoo &#8221;tarkistaa&#8221; kauppasopimuksiaan. Tulossa on tullitariffien korotuksia ja supistuksia maan oman tuotannon kannalta &#8221;herkkien&#8221; tavaroiden tuontikiinti\u00f6ihin.<\/p>\n\n\n\n<p>Brysselil\u00e4isen <a href=\"http:\/\/www.ecipe.org\/\">ECIPE-tutkimuslaitoksen<\/a> johtaja <strong>Fredrik Erixon<\/strong> sanoi FT:n mukaan, ettei Ven\u00e4j\u00e4n p\u00e4\u00e4t\u00f6s ollut h\u00e4nelle yll\u00e4tys.<\/p>\n\n\n\n<p>&#8221;Mielest\u00e4ni G20 ei ollut mik\u00e4\u00e4n merkitt\u00e4v\u00e4 ponnistus hallitusten kauppapoliittisten linjojen sitomiseksi&#8221;, Erixon sanoi.<\/p>\n\n\n\n<p>G20:n julkilausuma ei kiell\u00e4 polkumyynnin vastaisten tullien ja muiden h\u00e4t\u00e4toimien k\u00e4ytt\u00f6\u00e4 tuontia vastaan. N\u00e4m\u00e4 toimet ovat FT:n mukaan lis\u00e4\u00e4ntyneet viime aikoina &#8211; eiv\u00e4tk\u00e4 niiden perusteet ole aina vedenpit\u00e4vi\u00e4.<\/p>\n\n\n\n<p>Toisaalta G20:n julkilausuma ei ottanut kantaa valtiontukien k\u00e4ytt\u00f6\u00f6n. My\u00f6s valtiontuet ovat tehokas protektionistinen, &#8221;naapuria k\u00f6yhdytt\u00e4v\u00e4&#8221; v\u00e4line, ja varsinkin Yhdysvalloissa on suuria paineita tukea maan autoteollisuutta, jonka finanssikriisi on ajanut konkurssin partaalle.<\/p>\n\n\n\n<p><em>Summa summarum<\/em>: M\u00f6rttisen varoitus ei ole aiheeton. Onneksi kuitenkin hyv\u00e4t eli maailmankauppaa edist\u00e4v\u00e4t voimat ovat liikkeell\u00e4 pahoja voimia eli protektionismia vastaan.<\/p>\n\n\n\n<p><a href=\"http:\/\/www.suomenkuvalehti.fi\/blogit\/nurkanvaltaaja\/default.aspx\">Kaikki Nurkanvaltaaja-blogin merkinn\u00e4t l\u00f6yd\u00e4t t\u00e4\u00e4lt\u00e4<\/a><\/p>\n\n\n","protected":false},"excerpt":{"rendered":"<p>Nurkanvaltaajan on pakko j\u00e4tt\u00e4\u00e4 otsikon kysymys avoimeksi. Ilmassa on lupaavia merkkej\u00e4 mutta my\u00f6s pahoja enteit\u00e4. Nurkanvaltaajan edellisess\u00e4 blogimerkinn\u00e4ss\u00e4 siteerattiin ekonomisti Leena M\u00f6rttisen synkk\u00e4\u00e4 arviota. Sen mukaan maailma on tienhaarassa. Toisessa tienviitassa<br \/>\nlukee: &#038;#82&hellip;<\/p>\n","protected":false},"author":138,"featured_media":0,"comment_status":"open","ping_status":"open","sticky":false,"template":"","format":"standard","meta":{"_acf_changed":false,"asauth_required_access_level":0,"asauth_cansharepaid":"","om_header_attributes":[],"footnotes":"","om_featured_image_focal_point":[],"om_primary_tag":0,"om_contributors":[],"om_co_authors":[],"beyondwords_generate_audio":"","beyondwords_project_id":"","beyondwords_content_id":"","beyondwords_preview_token":"","beyondwords_player_content":"","beyondwords_player_style":"","beyondwords_language_code":"","beyondwords_language_id":"","beyondwords_title_voice_id":"","beyondwords_body_voice_id":"","beyondwords_summary_voice_id":"","beyondwords_error_message":"","beyondwords_disabled":"","beyondwords_delete_content":"","beyondwords_podcast_id":"","beyondwords_hash":"","publish_post_to_speechkit":"","speechkit_hash":"","speechkit_generate_audio":"","speechkit_project_id":"","speechkit_podcast_id":"","speechkit_error_message":"","speechkit_disabled":"","speechkit_access_key":"","speechkit_error":"","speechkit_info":"","speechkit_response":"","speechkit_retries":"","speechkit_status":"","speechkit_updated_at":"","_speechkit_link":"","_speechkit_text":""},"categories":[1],"tags":[544,568,81],"class_list":["post-342","post","type-post","status-publish","format-standard","hentry","category-nurkanvaltaaja","tag-g20","tag-richard-baldwin","tag-talouskriisi"],"om_views":null,"acf":{"tuuma_off":false,"tuuma_kysymys":"","tuuma_vastaus":""},"asauth":{"required_access_level":1,"share_token":"","is_paid":false},"yoast_head":"<!-- This site is optimized with the Yoast SEO plugin v26.4 - https:\/\/yoast.com\/wordpress\/plugins\/seo\/ -->\n<title>Voittaako vapaakauppa vai protektionismi? - Nurkanvaltaaja<\/title>\n<meta name=\"robots\" content=\"index, follow, max-snippet:-1, max-image-preview:large, max-video-preview:-1\" \/>\n<link rel=\"canonical\" href=\"https:\/\/suomenkuvalehti.fi\/nurkanvaltaaja\/voittaako-vapaakauppa-vai-protektionismi\/\" \/>\n<meta property=\"og:locale\" content=\"fi_FI\" \/>\n<meta property=\"og:type\" content=\"article\" \/>\n<meta property=\"og:title\" content=\"Voittaako vapaakauppa vai protektionismi? - Nurkanvaltaaja\" \/>\n<meta property=\"og:description\" content=\"Nurkanvaltaajan on pakko j\u00e4tt\u00e4\u00e4 otsikon kysymys avoimeksi. Ilmassa on lupaavia merkkej\u00e4 mutta my\u00f6s pahoja enteit\u00e4. Nurkanvaltaajan edellisess\u00e4 blogimerkinn\u00e4ss\u00e4 siteerattiin ekonomisti Leena M\u00f6rttisen synkk\u00e4\u00e4 arviota. Sen mukaan maailma on tienhaarassa. Toisessa tienviitassa lukee: &amp;#82&hellip;\" \/>\n<meta property=\"og:url\" content=\"https:\/\/suomenkuvalehti.fi\/nurkanvaltaaja\/voittaako-vapaakauppa-vai-protektionismi\/\" \/>\n<meta property=\"og:site_name\" content=\"Nurkanvaltaaja\" \/>\n<meta property=\"article:published_time\" content=\"2008-11-22T13:45:46+00:00\" \/>\n<meta property=\"article:modified_time\" content=\"2013-11-30T15:58:28+00:00\" \/>\n<meta name=\"author\" content=\"Kustaa Hulkko\" \/>\n<meta name=\"twitter:label1\" content=\"Written by\" \/>\n\t<meta name=\"twitter:data1\" content=\"Kustaa Hulkko\" \/>\n\t<meta name=\"twitter:label2\" content=\"Est. reading time\" \/>\n\t<meta name=\"twitter:data2\" content=\"4 minuuttia\" \/>\n<script type=\"application\/ld+json\" class=\"yoast-schema-graph\">{\"@context\":\"https:\/\/schema.org\",\"@graph\":[{\"@type\":\"WebPage\",\"@id\":\"https:\/\/suomenkuvalehti.fi\/nurkanvaltaaja\/voittaako-vapaakauppa-vai-protektionismi\/\",\"url\":\"https:\/\/suomenkuvalehti.fi\/nurkanvaltaaja\/voittaako-vapaakauppa-vai-protektionismi\/\",\"name\":\"Voittaako vapaakauppa vai protektionismi? - Nurkanvaltaaja\",\"isPartOf\":{\"@id\":\"https:\/\/suomenkuvalehti.fi\/nurkanvaltaaja\/#website\"},\"datePublished\":\"2008-11-22T13:45:46+00:00\",\"dateModified\":\"2013-11-30T15:58:28+00:00\",\"author\":{\"@id\":\"https:\/\/suomenkuvalehti.fi\/nurkanvaltaaja\/#\/schema\/person\/81ab1f580416ab2bcf148bff361b7dfb\"},\"breadcrumb\":{\"@id\":\"https:\/\/suomenkuvalehti.fi\/nurkanvaltaaja\/voittaako-vapaakauppa-vai-protektionismi\/#breadcrumb\"},\"inLanguage\":\"fi\",\"potentialAction\":[{\"@type\":\"ReadAction\",\"target\":[\"https:\/\/suomenkuvalehti.fi\/nurkanvaltaaja\/voittaako-vapaakauppa-vai-protektionismi\/\"]}]},{\"@type\":\"BreadcrumbList\",\"@id\":\"https:\/\/suomenkuvalehti.fi\/nurkanvaltaaja\/voittaako-vapaakauppa-vai-protektionismi\/#breadcrumb\",\"itemListElement\":[{\"@type\":\"ListItem\",\"position\":1,\"name\":\"Home\",\"item\":\"https:\/\/suomenkuvalehti.fi\/nurkanvaltaaja\/\"},{\"@type\":\"ListItem\",\"position\":2,\"name\":\"Voittaako vapaakauppa vai protektionismi?\"}]},{\"@type\":\"WebSite\",\"@id\":\"https:\/\/suomenkuvalehti.fi\/nurkanvaltaaja\/#website\",\"url\":\"https:\/\/suomenkuvalehti.fi\/nurkanvaltaaja\/\",\"name\":\"Nurkanvaltaaja\",\"description\":\"Suomen Kuvalehden taloustoimittajat kommentoivat rahan liikkeit\u00e4.\",\"potentialAction\":[{\"@type\":\"SearchAction\",\"target\":{\"@type\":\"EntryPoint\",\"urlTemplate\":\"https:\/\/suomenkuvalehti.fi\/haku\/?q={search_term_string}\"},\"query-input\":{\"@type\":\"PropertyValueSpecification\",\"valueRequired\":true,\"valueName\":\"search_term_string\"}}],\"inLanguage\":\"fi\"},{\"@type\":\"Person\",\"@id\":\"https:\/\/suomenkuvalehti.fi\/nurkanvaltaaja\/#\/schema\/person\/81ab1f580416ab2bcf148bff361b7dfb\",\"name\":\"Kustaa Hulkko\",\"image\":{\"@type\":\"ImageObject\",\"inLanguage\":\"fi\",\"@id\":\"https:\/\/suomenkuvalehti.fi\/nurkanvaltaaja\/#\/schema\/person\/image\/\",\"url\":\"https:\/\/suomenkuvalehti.fi\/nurkanvaltaaja\/wp-content\/uploads\/sites\/2\/2013\/11\/SK_HULKKO_Kustaa_pieni_MV-300x300-150x150.jpg\",\"contentUrl\":\"https:\/\/suomenkuvalehti.fi\/nurkanvaltaaja\/wp-content\/uploads\/sites\/2\/2013\/11\/SK_HULKKO_Kustaa_pieni_MV-300x300-150x150.jpg\",\"caption\":\"Kustaa Hulkko\"},\"description\":\"Kirjoittaja on vapaa toimittaja.\",\"sameAs\":[\"https:\/\/x.com\/https:\/\/twitter.com\/KustaaH\"]}]}<\/script>\n<!-- \/ Yoast SEO plugin. -->","yoast_head_json":{"title":"Voittaako vapaakauppa vai protektionismi? - Nurkanvaltaaja","robots":{"index":"index","follow":"follow","max-snippet":"max-snippet:-1","max-image-preview":"max-image-preview:large","max-video-preview":"max-video-preview:-1"},"canonical":"https:\/\/suomenkuvalehti.fi\/nurkanvaltaaja\/voittaako-vapaakauppa-vai-protektionismi\/","og_locale":"fi_FI","og_type":"article","og_title":"Voittaako vapaakauppa vai protektionismi? - Nurkanvaltaaja","og_description":"Nurkanvaltaajan on pakko j\u00e4tt\u00e4\u00e4 otsikon kysymys avoimeksi. Ilmassa on lupaavia merkkej\u00e4 mutta my\u00f6s pahoja enteit\u00e4. Nurkanvaltaajan edellisess\u00e4 blogimerkinn\u00e4ss\u00e4 siteerattiin ekonomisti Leena M\u00f6rttisen synkk\u00e4\u00e4 arviota. Sen mukaan maailma on tienhaarassa. Toisessa tienviitassa lukee: &#82&hellip;","og_url":"https:\/\/suomenkuvalehti.fi\/nurkanvaltaaja\/voittaako-vapaakauppa-vai-protektionismi\/","og_site_name":"Nurkanvaltaaja","article_published_time":"2008-11-22T13:45:46+00:00","article_modified_time":"2013-11-30T15:58:28+00:00","author":"Kustaa Hulkko","twitter_misc":{"Written by":"Kustaa Hulkko","Est. reading time":"4 minuuttia"},"schema":{"@context":"https:\/\/schema.org","@graph":[{"@type":"WebPage","@id":"https:\/\/suomenkuvalehti.fi\/nurkanvaltaaja\/voittaako-vapaakauppa-vai-protektionismi\/","url":"https:\/\/suomenkuvalehti.fi\/nurkanvaltaaja\/voittaako-vapaakauppa-vai-protektionismi\/","name":"Voittaako vapaakauppa vai protektionismi? - Nurkanvaltaaja","isPartOf":{"@id":"https:\/\/suomenkuvalehti.fi\/nurkanvaltaaja\/#website"},"datePublished":"2008-11-22T13:45:46+00:00","dateModified":"2013-11-30T15:58:28+00:00","author":{"@id":"https:\/\/suomenkuvalehti.fi\/nurkanvaltaaja\/#\/schema\/person\/81ab1f580416ab2bcf148bff361b7dfb"},"breadcrumb":{"@id":"https:\/\/suomenkuvalehti.fi\/nurkanvaltaaja\/voittaako-vapaakauppa-vai-protektionismi\/#breadcrumb"},"inLanguage":"fi","potentialAction":[{"@type":"ReadAction","target":["https:\/\/suomenkuvalehti.fi\/nurkanvaltaaja\/voittaako-vapaakauppa-vai-protektionismi\/"]}]},{"@type":"BreadcrumbList","@id":"https:\/\/suomenkuvalehti.fi\/nurkanvaltaaja\/voittaako-vapaakauppa-vai-protektionismi\/#breadcrumb","itemListElement":[{"@type":"ListItem","position":1,"name":"Home","item":"https:\/\/suomenkuvalehti.fi\/nurkanvaltaaja\/"},{"@type":"ListItem","position":2,"name":"Voittaako vapaakauppa vai protektionismi?"}]},{"@type":"WebSite","@id":"https:\/\/suomenkuvalehti.fi\/nurkanvaltaaja\/#website","url":"https:\/\/suomenkuvalehti.fi\/nurkanvaltaaja\/","name":"Nurkanvaltaaja","description":"Suomen Kuvalehden taloustoimittajat kommentoivat rahan liikkeit\u00e4.","potentialAction":[{"@type":"SearchAction","target":{"@type":"EntryPoint","urlTemplate":"https:\/\/suomenkuvalehti.fi\/haku\/?q={search_term_string}"},"query-input":{"@type":"PropertyValueSpecification","valueRequired":true,"valueName":"search_term_string"}}],"inLanguage":"fi"},{"@type":"Person","@id":"https:\/\/suomenkuvalehti.fi\/nurkanvaltaaja\/#\/schema\/person\/81ab1f580416ab2bcf148bff361b7dfb","name":"Kustaa Hulkko","image":{"@type":"ImageObject","inLanguage":"fi","@id":"https:\/\/suomenkuvalehti.fi\/nurkanvaltaaja\/#\/schema\/person\/image\/","url":"https:\/\/suomenkuvalehti.fi\/nurkanvaltaaja\/wp-content\/uploads\/sites\/2\/2013\/11\/SK_HULKKO_Kustaa_pieni_MV-300x300-150x150.jpg","contentUrl":"https:\/\/suomenkuvalehti.fi\/nurkanvaltaaja\/wp-content\/uploads\/sites\/2\/2013\/11\/SK_HULKKO_Kustaa_pieni_MV-300x300-150x150.jpg","caption":"Kustaa Hulkko"},"description":"Kirjoittaja on vapaa toimittaja.","sameAs":["https:\/\/x.com\/https:\/\/twitter.com\/KustaaH"]}]}},"_links":{"self":[{"href":"https:\/\/suomenkuvalehti.fi\/nurkanvaltaaja\/wp-json\/wp\/v2\/posts\/342","targetHints":{"allow":["GET"]}}],"collection":[{"href":"https:\/\/suomenkuvalehti.fi\/nurkanvaltaaja\/wp-json\/wp\/v2\/posts"}],"about":[{"href":"https:\/\/suomenkuvalehti.fi\/nurkanvaltaaja\/wp-json\/wp\/v2\/types\/post"}],"author":[{"embeddable":true,"href":"https:\/\/suomenkuvalehti.fi\/nurkanvaltaaja\/wp-json\/wp\/v2\/users\/138"}],"replies":[{"embeddable":true,"href":"https:\/\/suomenkuvalehti.fi\/nurkanvaltaaja\/wp-json\/wp\/v2\/comments?post=342"}],"version-history":[{"count":1,"href":"https:\/\/suomenkuvalehti.fi\/nurkanvaltaaja\/wp-json\/wp\/v2\/posts\/342\/revisions"}],"predecessor-version":[{"id":457,"href":"https:\/\/suomenkuvalehti.fi\/nurkanvaltaaja\/wp-json\/wp\/v2\/posts\/342\/revisions\/457"}],"wp:attachment":[{"href":"https:\/\/suomenkuvalehti.fi\/nurkanvaltaaja\/wp-json\/wp\/v2\/media?parent=342"}],"wp:term":[{"taxonomy":"category","embeddable":true,"href":"https:\/\/suomenkuvalehti.fi\/nurkanvaltaaja\/wp-json\/wp\/v2\/categories?post=342"},{"taxonomy":"post_tag","embeddable":true,"href":"https:\/\/suomenkuvalehti.fi\/nurkanvaltaaja\/wp-json\/wp\/v2\/tags?post=342"}],"curies":[{"name":"wp","href":"https:\/\/api.w.org\/{rel}","templated":true}]}}