{"id":336,"date":"2009-03-04T19:29:48","date_gmt":"2009-03-04T17:29:48","guid":{"rendered":"https:\/\/suomenkuvalehti.fi\/nurkanvaltaaja\/2009\/03\/04\/taas-draamaa-amerissa\/"},"modified":"2013-12-07T13:37:25","modified_gmt":"2013-12-07T11:37:25","slug":"taas-draamaa-amerissa","status":"publish","type":"post","link":"https:\/\/suomenkuvalehti.fi\/nurkanvaltaaja\/taas-draamaa-amerissa\/","title":{"rendered":"Taas draamaa Amerissa"},"content":{"rendered":"\n<p>Ameria lahdataan! Ei vaan Ameria kehitet\u00e4\u00e4n!<\/p>\n\n\n\n\n<p>Islantilaisten maailmanvalloituksen j\u00e4ljilt\u00e4 liikemies <strong>Thor Bj\u00f6rg\u00f3lfssonin<\/strong> sijoitusyhti\u00f6 Novator omistaa yh\u00e4 viidenneksen Amerista, maailman suurimmasta urheiluv\u00e4linevalmistajasta. Huomisessa yhti\u00f6kokouksessa islantilaissijoittaja aikoo tehd\u00e4 omistuksellaan, no, jotakin.<\/p>\n\n\n\n<p>Ja siihen se yhteisymm\u00e4rrys sitten loppuukin.<\/p>\n\n\n\n<p><em>Kauppalehden<\/em> mukaan islantilaiset aikovat vaihtaa yhti\u00f6n hallituksen, erottaa johdon ja \u201dpanna Amerin lihoiksi\u201d, eli myyd\u00e4 sen paloina (pahoittelen, ei linkki\u00e4). Dramaattista! Juttu perustuu nimett\u00f6miin arvioihin.<\/p>\n\n\n\n<p>Islantilaiset itse sanovat olevansa huolissaan Amerin velkataakasta. Novator esitti esimerkiksi muutoksia yhti\u00f6n osakeantisuunnitelmiin. Huomattavasti v\u00e4hemm\u00e4n dramaattista.<\/p>\n\n\n\n<p>Ehdotukset eiv\u00e4t ilmeisesti olleet patasurkeita, koska Amerin johto suostui osaan niist\u00e4 pikavauhtia vain p\u00e4ivi\u00e4 ennen yhti\u00f6kokousta.<\/p>\n\n\n\n<p>Novator ei yksin saa kovin suuria aikaan Amerissa. Kaikki riippuukin siit\u00e4, miten suuret osakkeenomistajat huomenna suhtautuvat islantilaisten ehdotuksiin. Kahvikuppia t\u00e4risytt\u00e4v\u00e4 yritysn\u00e4ytelm\u00e4 alkaa kello 14.00.<\/p>\n\n\n\n<p>Suomalaisyritykseksi Amer on kihisev\u00e4 draamanpes\u00e4.<\/p>\n\n\n\n<p>Islantilaisten kanssa <span style=\"text-decoration: line-through\">tapeltiin<\/span> neuvoteltiin jo <a href=\"http:\/\/www.talouselama.fi\/uutiset\/article167043.ece\">viime kev\u00e4\u00e4n\u00e4<\/a>. Viel\u00e4 r\u00e4v\u00e4k\u00e4mp\u00e4\u00e4 meno oli 1997.<\/p>\n\n\n\n<p>Muistatteko viel\u00e4 <strong>lordi Moynen<\/strong>, joka saapui ulkomailta asti \u201dkehitt\u00e4m\u00e4\u00e4n\u201d Ameria? Yhti\u00f6n toimitusjohtaja <strong>Roger Talermo<\/strong> aivan varmasti muistaa.<\/p>\n\n\n\n<p>Yhti\u00f6kokoustunnelmaan voi kotikatsomoissa viritt\u00e4yty\u00e4 lukemalla Taloussanomien <a href=\"http:\/\/www.taloussanomat.fi\/arkisto\/1997\/11\/29\/suuri-puhallus-josta-melkein-tuli-totta\/19973682\/12\">tylyn j\u00e4lkiarvion<\/a> Moynen aikeista. Ja <a href=\"https:\/\/suomenkuvalehti.fi\/wp-content\/uploads\/sk\/files\/vanhat\/library\/attachments\/SK2897_Amer.pdf\">rennon lordin haastattelun.<\/a><\/p>\n\n\n","protected":false},"excerpt":{"rendered":"<p>Ameria lahdataan! Ei vaan Ameria kehitet\u00e4\u00e4n! Islantilaisten maailmanvalloituksen j\u00e4ljilt\u00e4 liikemies Thor Bj\u00f6rg\u00f3lfssonin sijoitusyhti\u00f6 Novator omistaa yh\u00e4 viidenneksen Amerista, maailman suurimmasta urheiluv\u00e4linevalmistajasta. Huomisessa yhti\u00f6kokouksessa islantilaissijoittaja aikoo tehd\u00e4<br \/>\nomistuksel&hellip;<\/p>\n","protected":false},"author":122,"featured_media":0,"comment_status":"open","ping_status":"open","sticky":false,"template":"","format":"standard","meta":{"_acf_changed":false,"asauth_required_access_level":0,"asauth_cansharepaid":"","om_header_attributes":[],"footnotes":"","om_featured_image_focal_point":[],"om_primary_tag":0,"om_contributors":[],"om_co_authors":[],"beyondwords_generate_audio":"","beyondwords_project_id":"","beyondwords_content_id":"","beyondwords_preview_token":"","beyondwords_player_content":"","beyondwords_player_style":"","beyondwords_language_code":"","beyondwords_language_id":"","beyondwords_title_voice_id":"","beyondwords_body_voice_id":"","beyondwords_summary_voice_id":"","beyondwords_error_message":"","beyondwords_disabled":"","beyondwords_delete_content":"","beyondwords_podcast_id":"","beyondwords_hash":"","publish_post_to_speechkit":"","speechkit_hash":"","speechkit_generate_audio":"","speechkit_project_id":"","speechkit_podcast_id":"","speechkit_error_message":"","speechkit_disabled":"","speechkit_access_key":"","speechkit_error":"","speechkit_info":"","speechkit_response":"","speechkit_retries":"","speechkit_status":"","speechkit_updated_at":"","_speechkit_link":"","_speechkit_text":""},"categories":[1],"tags":[560,561,83],"class_list":["post-336","post","type-post","status-publish","format-standard","hentry","category-nurkanvaltaaja","tag-amer","tag-novator","tag-yritykset"],"om_views":null,"acf":{"tuuma_off":false,"tuuma_kysymys":"","tuuma_vastaus":""},"asauth":{"required_access_level":1,"share_token":"","is_paid":false},"yoast_head":"<!-- This site is optimized with the Yoast SEO plugin v26.4 - https:\/\/yoast.com\/wordpress\/plugins\/seo\/ -->\n<title>Taas draamaa Amerissa - Nurkanvaltaaja<\/title>\n<meta name=\"robots\" content=\"index, follow, max-snippet:-1, max-image-preview:large, max-video-preview:-1\" \/>\n<link rel=\"canonical\" href=\"https:\/\/suomenkuvalehti.fi\/nurkanvaltaaja\/taas-draamaa-amerissa\/\" \/>\n<meta property=\"og:locale\" content=\"fi_FI\" \/>\n<meta property=\"og:type\" content=\"article\" \/>\n<meta property=\"og:title\" content=\"Taas draamaa Amerissa - Nurkanvaltaaja\" \/>\n<meta property=\"og:description\" content=\"Ameria lahdataan! Ei vaan Ameria kehitet\u00e4\u00e4n! Islantilaisten maailmanvalloituksen j\u00e4ljilt\u00e4 liikemies Thor Bj\u00f6rg\u00f3lfssonin sijoitusyhti\u00f6 Novator omistaa yh\u00e4 viidenneksen Amerista, maailman suurimmasta urheiluv\u00e4linevalmistajasta. Huomisessa yhti\u00f6kokouksessa islantilaissijoittaja aikoo tehd\u00e4 omistuksel&hellip;\" \/>\n<meta property=\"og:url\" content=\"https:\/\/suomenkuvalehti.fi\/nurkanvaltaaja\/taas-draamaa-amerissa\/\" \/>\n<meta property=\"og:site_name\" content=\"Nurkanvaltaaja\" \/>\n<meta property=\"article:published_time\" content=\"2009-03-04T17:29:48+00:00\" \/>\n<meta property=\"article:modified_time\" content=\"2013-12-07T11:37:25+00:00\" \/>\n<meta name=\"author\" content=\"Jarmo Raivio\" \/>\n<meta name=\"twitter:label1\" content=\"Written by\" \/>\n\t<meta name=\"twitter:data1\" content=\"Jarmo Raivio\" \/>\n\t<meta name=\"twitter:label2\" content=\"Est. reading time\" \/>\n\t<meta name=\"twitter:data2\" content=\"1 minuutti\" \/>\n<script type=\"application\/ld+json\" class=\"yoast-schema-graph\">{\"@context\":\"https:\/\/schema.org\",\"@graph\":[{\"@type\":\"WebPage\",\"@id\":\"https:\/\/suomenkuvalehti.fi\/nurkanvaltaaja\/taas-draamaa-amerissa\/\",\"url\":\"https:\/\/suomenkuvalehti.fi\/nurkanvaltaaja\/taas-draamaa-amerissa\/\",\"name\":\"Taas draamaa Amerissa - Nurkanvaltaaja\",\"isPartOf\":{\"@id\":\"https:\/\/suomenkuvalehti.fi\/nurkanvaltaaja\/#website\"},\"datePublished\":\"2009-03-04T17:29:48+00:00\",\"dateModified\":\"2013-12-07T11:37:25+00:00\",\"author\":{\"@id\":\"https:\/\/suomenkuvalehti.fi\/nurkanvaltaaja\/#\/schema\/person\/610181a73f9b98c698b781621c203f95\"},\"breadcrumb\":{\"@id\":\"https:\/\/suomenkuvalehti.fi\/nurkanvaltaaja\/taas-draamaa-amerissa\/#breadcrumb\"},\"inLanguage\":\"fi\",\"potentialAction\":[{\"@type\":\"ReadAction\",\"target\":[\"https:\/\/suomenkuvalehti.fi\/nurkanvaltaaja\/taas-draamaa-amerissa\/\"]}]},{\"@type\":\"BreadcrumbList\",\"@id\":\"https:\/\/suomenkuvalehti.fi\/nurkanvaltaaja\/taas-draamaa-amerissa\/#breadcrumb\",\"itemListElement\":[{\"@type\":\"ListItem\",\"position\":1,\"name\":\"Home\",\"item\":\"https:\/\/suomenkuvalehti.fi\/nurkanvaltaaja\/\"},{\"@type\":\"ListItem\",\"position\":2,\"name\":\"Taas draamaa Amerissa\"}]},{\"@type\":\"WebSite\",\"@id\":\"https:\/\/suomenkuvalehti.fi\/nurkanvaltaaja\/#website\",\"url\":\"https:\/\/suomenkuvalehti.fi\/nurkanvaltaaja\/\",\"name\":\"Nurkanvaltaaja\",\"description\":\"Suomen Kuvalehden taloustoimittajat kommentoivat rahan liikkeit\u00e4.\",\"potentialAction\":[{\"@type\":\"SearchAction\",\"target\":{\"@type\":\"EntryPoint\",\"urlTemplate\":\"https:\/\/suomenkuvalehti.fi\/haku\/?q={search_term_string}\"},\"query-input\":{\"@type\":\"PropertyValueSpecification\",\"valueRequired\":true,\"valueName\":\"search_term_string\"}}],\"inLanguage\":\"fi\"},{\"@type\":\"Person\",\"@id\":\"https:\/\/suomenkuvalehti.fi\/nurkanvaltaaja\/#\/schema\/person\/610181a73f9b98c698b781621c203f95\",\"name\":\"Jarmo Raivio\",\"image\":{\"@type\":\"ImageObject\",\"inLanguage\":\"fi\",\"@id\":\"https:\/\/suomenkuvalehti.fi\/nurkanvaltaaja\/#\/schema\/person\/image\/\",\"url\":\"https:\/\/suomenkuvalehti.fi\/nurkanvaltaaja\/wp-content\/uploads\/sites\/2\/2013\/11\/SK_RAIVIO_Jarmo_pieni_MV-300x300-150x150.jpg\",\"contentUrl\":\"https:\/\/suomenkuvalehti.fi\/nurkanvaltaaja\/wp-content\/uploads\/sites\/2\/2013\/11\/SK_RAIVIO_Jarmo_pieni_MV-300x300-150x150.jpg\",\"caption\":\"Jarmo Raivio\"},\"description\":\"Kirjoittaja on Suomen Kuvalehden taloustoimittaja.\",\"sameAs\":[\"https:\/\/x.com\/https:\/\/twitter.com\/JarmoRai\"]}]}<\/script>\n<!-- \/ Yoast SEO plugin. -->","yoast_head_json":{"title":"Taas draamaa Amerissa - Nurkanvaltaaja","robots":{"index":"index","follow":"follow","max-snippet":"max-snippet:-1","max-image-preview":"max-image-preview:large","max-video-preview":"max-video-preview:-1"},"canonical":"https:\/\/suomenkuvalehti.fi\/nurkanvaltaaja\/taas-draamaa-amerissa\/","og_locale":"fi_FI","og_type":"article","og_title":"Taas draamaa Amerissa - Nurkanvaltaaja","og_description":"Ameria lahdataan! Ei vaan Ameria kehitet\u00e4\u00e4n! Islantilaisten maailmanvalloituksen j\u00e4ljilt\u00e4 liikemies Thor Bj\u00f6rg\u00f3lfssonin sijoitusyhti\u00f6 Novator omistaa yh\u00e4 viidenneksen Amerista, maailman suurimmasta urheiluv\u00e4linevalmistajasta. Huomisessa yhti\u00f6kokouksessa islantilaissijoittaja aikoo tehd\u00e4 omistuksel&hellip;","og_url":"https:\/\/suomenkuvalehti.fi\/nurkanvaltaaja\/taas-draamaa-amerissa\/","og_site_name":"Nurkanvaltaaja","article_published_time":"2009-03-04T17:29:48+00:00","article_modified_time":"2013-12-07T11:37:25+00:00","author":"Jarmo Raivio","twitter_misc":{"Written by":"Jarmo Raivio","Est. reading time":"1 minuutti"},"schema":{"@context":"https:\/\/schema.org","@graph":[{"@type":"WebPage","@id":"https:\/\/suomenkuvalehti.fi\/nurkanvaltaaja\/taas-draamaa-amerissa\/","url":"https:\/\/suomenkuvalehti.fi\/nurkanvaltaaja\/taas-draamaa-amerissa\/","name":"Taas draamaa Amerissa - Nurkanvaltaaja","isPartOf":{"@id":"https:\/\/suomenkuvalehti.fi\/nurkanvaltaaja\/#website"},"datePublished":"2009-03-04T17:29:48+00:00","dateModified":"2013-12-07T11:37:25+00:00","author":{"@id":"https:\/\/suomenkuvalehti.fi\/nurkanvaltaaja\/#\/schema\/person\/610181a73f9b98c698b781621c203f95"},"breadcrumb":{"@id":"https:\/\/suomenkuvalehti.fi\/nurkanvaltaaja\/taas-draamaa-amerissa\/#breadcrumb"},"inLanguage":"fi","potentialAction":[{"@type":"ReadAction","target":["https:\/\/suomenkuvalehti.fi\/nurkanvaltaaja\/taas-draamaa-amerissa\/"]}]},{"@type":"BreadcrumbList","@id":"https:\/\/suomenkuvalehti.fi\/nurkanvaltaaja\/taas-draamaa-amerissa\/#breadcrumb","itemListElement":[{"@type":"ListItem","position":1,"name":"Home","item":"https:\/\/suomenkuvalehti.fi\/nurkanvaltaaja\/"},{"@type":"ListItem","position":2,"name":"Taas draamaa Amerissa"}]},{"@type":"WebSite","@id":"https:\/\/suomenkuvalehti.fi\/nurkanvaltaaja\/#website","url":"https:\/\/suomenkuvalehti.fi\/nurkanvaltaaja\/","name":"Nurkanvaltaaja","description":"Suomen Kuvalehden taloustoimittajat kommentoivat rahan liikkeit\u00e4.","potentialAction":[{"@type":"SearchAction","target":{"@type":"EntryPoint","urlTemplate":"https:\/\/suomenkuvalehti.fi\/haku\/?q={search_term_string}"},"query-input":{"@type":"PropertyValueSpecification","valueRequired":true,"valueName":"search_term_string"}}],"inLanguage":"fi"},{"@type":"Person","@id":"https:\/\/suomenkuvalehti.fi\/nurkanvaltaaja\/#\/schema\/person\/610181a73f9b98c698b781621c203f95","name":"Jarmo Raivio","image":{"@type":"ImageObject","inLanguage":"fi","@id":"https:\/\/suomenkuvalehti.fi\/nurkanvaltaaja\/#\/schema\/person\/image\/","url":"https:\/\/suomenkuvalehti.fi\/nurkanvaltaaja\/wp-content\/uploads\/sites\/2\/2013\/11\/SK_RAIVIO_Jarmo_pieni_MV-300x300-150x150.jpg","contentUrl":"https:\/\/suomenkuvalehti.fi\/nurkanvaltaaja\/wp-content\/uploads\/sites\/2\/2013\/11\/SK_RAIVIO_Jarmo_pieni_MV-300x300-150x150.jpg","caption":"Jarmo Raivio"},"description":"Kirjoittaja on Suomen Kuvalehden taloustoimittaja.","sameAs":["https:\/\/x.com\/https:\/\/twitter.com\/JarmoRai"]}]}},"_links":{"self":[{"href":"https:\/\/suomenkuvalehti.fi\/nurkanvaltaaja\/wp-json\/wp\/v2\/posts\/336","targetHints":{"allow":["GET"]}}],"collection":[{"href":"https:\/\/suomenkuvalehti.fi\/nurkanvaltaaja\/wp-json\/wp\/v2\/posts"}],"about":[{"href":"https:\/\/suomenkuvalehti.fi\/nurkanvaltaaja\/wp-json\/wp\/v2\/types\/post"}],"author":[{"embeddable":true,"href":"https:\/\/suomenkuvalehti.fi\/nurkanvaltaaja\/wp-json\/wp\/v2\/users\/122"}],"replies":[{"embeddable":true,"href":"https:\/\/suomenkuvalehti.fi\/nurkanvaltaaja\/wp-json\/wp\/v2\/comments?post=336"}],"version-history":[{"count":2,"href":"https:\/\/suomenkuvalehti.fi\/nurkanvaltaaja\/wp-json\/wp\/v2\/posts\/336\/revisions"}],"predecessor-version":[{"id":422,"href":"https:\/\/suomenkuvalehti.fi\/nurkanvaltaaja\/wp-json\/wp\/v2\/posts\/336\/revisions\/422"}],"wp:attachment":[{"href":"https:\/\/suomenkuvalehti.fi\/nurkanvaltaaja\/wp-json\/wp\/v2\/media?parent=336"}],"wp:term":[{"taxonomy":"category","embeddable":true,"href":"https:\/\/suomenkuvalehti.fi\/nurkanvaltaaja\/wp-json\/wp\/v2\/categories?post=336"},{"taxonomy":"post_tag","embeddable":true,"href":"https:\/\/suomenkuvalehti.fi\/nurkanvaltaaja\/wp-json\/wp\/v2\/tags?post=336"}],"curies":[{"name":"wp","href":"https:\/\/api.w.org\/{rel}","templated":true}]}}