{"id":303,"date":"2009-08-19T13:23:03","date_gmt":"2009-08-19T10:23:03","guid":{"rendered":"https:\/\/suomenkuvalehti.fi\/nurkanvaltaaja\/2009\/08\/19\/jyraako-ruotsi-stora-enson-paatoksenteossa\/"},"modified":"2013-11-30T17:58:27","modified_gmt":"2013-11-30T15:58:27","slug":"jyraako-ruotsi-stora-enson-paatoksenteossa","status":"publish","type":"post","link":"https:\/\/suomenkuvalehti.fi\/nurkanvaltaaja\/jyraako-ruotsi-stora-enson-paatoksenteossa\/","title":{"rendered":"Jyr\u00e4\u00e4k\u00f6 Ruotsi Stora Enson p\u00e4\u00e4t\u00f6ksenteossa?"},"content":{"rendered":"\n<p>Stora Ensosta kuuluu taas <a title=\"Stora Enso\" href=\"http:\/\/www.storaenso.com\/media-centre\/press-releases\/2009\/08\/Pages\/stora-enso-continues-the-change.aspx\">uutisia<\/a>. Tietysti huonoja.<\/p>\n\n\n\n\n<p>Sunilan sellutehdas ja Tolkkisten saha suljetaan, Kotkan tehtaat myyd\u00e4\u00e4n ja p\u00e4\u00e4llyst\u00e4m\u00e4tt\u00f6m\u00e4n hienopaperin tilaukset keskitet\u00e4\u00e4n Veitsiluotoon ja Ruotsin Nym\u00f6llaan. Varkauden ja Imatran hienopaperituotantoa leikataan.<\/p>\n\n\n\n<p>Yhteens\u00e4 n\u00e4m\u00e4 t\u00e4n\u00e4\u00e4n julkistetut suunnitelmat uhkaavat 1 100:aa ty\u00f6paikkaa, ilman ett\u00e4 Kotkan tehtaiden myyntihanketta lasketaan mukaan.<\/p>\n\n\n\n<p>Syyt ovat selv\u00e4t ja Kauppalehden haastattelussa toimitusjohtaja <a title=\"Kauppalehti\" href=\"http:\/\/www.kauppalehti.fi\/5\/i\/etusivu\/?request_ahaa_info=true\">Jouko Karvinen kertoo<\/a> niist\u00e4 tapansa mukaan selke\u00e4sti. Kysynt\u00e4 on laskenut dramaattisesti ja Suomen kustannustaso on niin korkea verrattuna muuhun Eurooppaan, ett\u00e4 meill\u00e4 tehd\u00e4\u00e4n tappiota. Suomessa puun hinta on 25-40 prosenttia korkeampi kuin Ruotsissa.<\/p>\n\n\n\n<p>Ruotsin kruunu on viime aikoina devalvoitunut tuntuvasti euroon verrattuna. Kuitenkin Karvinen torjuu ajatuksen, ett\u00e4 vika olisi valuuttakursseissa.<\/p>\n\n\n\n<p>Karvisen t\u00e4ytyy tietysti olla diplomaattinen. Silti olisi ehk\u00e4 perusteltua, ett\u00e4 Suomen hallitus patistelisi Euroopan komissiota tutkimaan, miksi Ruotsin kruunu on niin heikko kuin se on. EU:n perustamissopimuksen mukaan valuuttakurssit ovat yhteis\u00f6n yhteinen asia.<\/p>\n\n\n\n<p>Ent\u00e4 sitten se tosiasia, ett\u00e4 Ruotsista ei suljeta mit\u00e4\u00e4n? P\u00e4invastoin Stora Enson Nym\u00f6llan-hienopaperitehdas saa lis\u00e4\u00e4 tilauksia.<\/p>\n\n\n\n<p>Maaotteluhenki on typer\u00e4\u00e4 eik\u00e4 sit\u00e4 pid\u00e4 lietsoa. Silti on pakko kysy\u00e4 &#8211; ja sit\u00e4 varmaan kysyv\u00e4t my\u00f6s Stora Enson suomalaiset ty\u00f6ntekij\u00e4t: perustuuko Nym\u00f6llan suosinta vain teolliseen logiikkaan vai jyr\u00e4\u00e4k\u00f6 Ruotsi Suomen Stora Enson p\u00e4\u00e4t\u00f6ksenteossa?<\/p>\n\n\n","protected":false},"excerpt":{"rendered":"<p>Stora Ensosta kuuluu taas uutisia. Tietysti huonoja. Sunilan sellutehdas ja Tolkkisten saha suljetaan, Kotkan tehtaat myyd\u00e4\u00e4n ja p\u00e4\u00e4llyst\u00e4m\u00e4tt\u00f6m\u00e4n hienopaperin tilaukset keskitet\u00e4\u00e4n Veitsiluotoon ja Ruotsin Nym\u00f6llaan. Varkauden ja Imatran hienopaperituotantoa leikataan.<br \/>\nYhteens\u00e4 n&hellip;<\/p>\n","protected":false},"author":138,"featured_media":0,"comment_status":"open","ping_status":"open","sticky":false,"template":"","format":"standard","meta":{"_acf_changed":false,"asauth_required_access_level":0,"asauth_cansharepaid":"","om_header_attributes":[],"footnotes":"","om_featured_image_focal_point":[],"om_primary_tag":0,"om_contributors":[],"om_co_authors":[],"beyondwords_generate_audio":"","beyondwords_project_id":"","beyondwords_content_id":"","beyondwords_preview_token":"","beyondwords_player_content":"","beyondwords_player_style":"","beyondwords_language_code":"","beyondwords_language_id":"","beyondwords_title_voice_id":"","beyondwords_body_voice_id":"","beyondwords_summary_voice_id":"","beyondwords_error_message":"","beyondwords_disabled":"","beyondwords_delete_content":"","beyondwords_podcast_id":"","beyondwords_hash":"","publish_post_to_speechkit":"","speechkit_hash":"","speechkit_generate_audio":"","speechkit_project_id":"","speechkit_podcast_id":"","speechkit_error_message":"","speechkit_disabled":"","speechkit_access_key":"","speechkit_error":"","speechkit_info":"","speechkit_response":"","speechkit_retries":"","speechkit_status":"","speechkit_updated_at":"","_speechkit_link":"","_speechkit_text":""},"categories":[1],"tags":[380,55,383,162,444],"class_list":["post-303","post","type-post","status-publish","format-standard","hentry","category-nurkanvaltaaja","tag-metsateollisuus","tag-ruotsi","tag-stora-enso","tag-suomi","tag-valuuttakurssit"],"om_views":null,"acf":{"tuuma_off":false,"tuuma_kysymys":"","tuuma_vastaus":""},"asauth":{"required_access_level":1,"share_token":"","is_paid":false},"yoast_head":"<!-- This site is optimized with the Yoast SEO plugin v26.4 - https:\/\/yoast.com\/wordpress\/plugins\/seo\/ -->\n<title>Jyr\u00e4\u00e4k\u00f6 Ruotsi Stora Enson p\u00e4\u00e4t\u00f6ksenteossa? - Nurkanvaltaaja<\/title>\n<meta name=\"robots\" content=\"index, follow, max-snippet:-1, max-image-preview:large, max-video-preview:-1\" \/>\n<link rel=\"canonical\" href=\"https:\/\/suomenkuvalehti.fi\/nurkanvaltaaja\/jyraako-ruotsi-stora-enson-paatoksenteossa\/\" \/>\n<meta property=\"og:locale\" content=\"fi_FI\" \/>\n<meta property=\"og:type\" content=\"article\" \/>\n<meta property=\"og:title\" content=\"Jyr\u00e4\u00e4k\u00f6 Ruotsi Stora Enson p\u00e4\u00e4t\u00f6ksenteossa? - Nurkanvaltaaja\" \/>\n<meta property=\"og:description\" content=\"Stora Ensosta kuuluu taas uutisia. Tietysti huonoja. Sunilan sellutehdas ja Tolkkisten saha suljetaan, Kotkan tehtaat myyd\u00e4\u00e4n ja p\u00e4\u00e4llyst\u00e4m\u00e4tt\u00f6m\u00e4n hienopaperin tilaukset keskitet\u00e4\u00e4n Veitsiluotoon ja Ruotsin Nym\u00f6llaan. Varkauden ja Imatran hienopaperituotantoa leikataan. Yhteens\u00e4 n&hellip;\" \/>\n<meta property=\"og:url\" content=\"https:\/\/suomenkuvalehti.fi\/nurkanvaltaaja\/jyraako-ruotsi-stora-enson-paatoksenteossa\/\" \/>\n<meta property=\"og:site_name\" content=\"Nurkanvaltaaja\" \/>\n<meta property=\"article:published_time\" content=\"2009-08-19T10:23:03+00:00\" \/>\n<meta property=\"article:modified_time\" content=\"2013-11-30T15:58:27+00:00\" \/>\n<meta name=\"author\" content=\"Kustaa Hulkko\" \/>\n<meta name=\"twitter:label1\" content=\"Written by\" \/>\n\t<meta name=\"twitter:data1\" content=\"Kustaa Hulkko\" \/>\n\t<meta name=\"twitter:label2\" content=\"Est. reading time\" \/>\n\t<meta name=\"twitter:data2\" content=\"1 minuutti\" \/>\n<script type=\"application\/ld+json\" class=\"yoast-schema-graph\">{\"@context\":\"https:\/\/schema.org\",\"@graph\":[{\"@type\":\"WebPage\",\"@id\":\"https:\/\/suomenkuvalehti.fi\/nurkanvaltaaja\/jyraako-ruotsi-stora-enson-paatoksenteossa\/\",\"url\":\"https:\/\/suomenkuvalehti.fi\/nurkanvaltaaja\/jyraako-ruotsi-stora-enson-paatoksenteossa\/\",\"name\":\"Jyr\u00e4\u00e4k\u00f6 Ruotsi Stora Enson p\u00e4\u00e4t\u00f6ksenteossa? - Nurkanvaltaaja\",\"isPartOf\":{\"@id\":\"https:\/\/suomenkuvalehti.fi\/nurkanvaltaaja\/#website\"},\"datePublished\":\"2009-08-19T10:23:03+00:00\",\"dateModified\":\"2013-11-30T15:58:27+00:00\",\"author\":{\"@id\":\"https:\/\/suomenkuvalehti.fi\/nurkanvaltaaja\/#\/schema\/person\/81ab1f580416ab2bcf148bff361b7dfb\"},\"breadcrumb\":{\"@id\":\"https:\/\/suomenkuvalehti.fi\/nurkanvaltaaja\/jyraako-ruotsi-stora-enson-paatoksenteossa\/#breadcrumb\"},\"inLanguage\":\"fi\",\"potentialAction\":[{\"@type\":\"ReadAction\",\"target\":[\"https:\/\/suomenkuvalehti.fi\/nurkanvaltaaja\/jyraako-ruotsi-stora-enson-paatoksenteossa\/\"]}]},{\"@type\":\"BreadcrumbList\",\"@id\":\"https:\/\/suomenkuvalehti.fi\/nurkanvaltaaja\/jyraako-ruotsi-stora-enson-paatoksenteossa\/#breadcrumb\",\"itemListElement\":[{\"@type\":\"ListItem\",\"position\":1,\"name\":\"Home\",\"item\":\"https:\/\/suomenkuvalehti.fi\/nurkanvaltaaja\/\"},{\"@type\":\"ListItem\",\"position\":2,\"name\":\"Jyr\u00e4\u00e4k\u00f6 Ruotsi Stora Enson p\u00e4\u00e4t\u00f6ksenteossa?\"}]},{\"@type\":\"WebSite\",\"@id\":\"https:\/\/suomenkuvalehti.fi\/nurkanvaltaaja\/#website\",\"url\":\"https:\/\/suomenkuvalehti.fi\/nurkanvaltaaja\/\",\"name\":\"Nurkanvaltaaja\",\"description\":\"Suomen Kuvalehden taloustoimittajat kommentoivat rahan liikkeit\u00e4.\",\"potentialAction\":[{\"@type\":\"SearchAction\",\"target\":{\"@type\":\"EntryPoint\",\"urlTemplate\":\"https:\/\/suomenkuvalehti.fi\/haku\/?q={search_term_string}\"},\"query-input\":{\"@type\":\"PropertyValueSpecification\",\"valueRequired\":true,\"valueName\":\"search_term_string\"}}],\"inLanguage\":\"fi\"},{\"@type\":\"Person\",\"@id\":\"https:\/\/suomenkuvalehti.fi\/nurkanvaltaaja\/#\/schema\/person\/81ab1f580416ab2bcf148bff361b7dfb\",\"name\":\"Kustaa Hulkko\",\"image\":{\"@type\":\"ImageObject\",\"inLanguage\":\"fi\",\"@id\":\"https:\/\/suomenkuvalehti.fi\/nurkanvaltaaja\/#\/schema\/person\/image\/\",\"url\":\"https:\/\/suomenkuvalehti.fi\/nurkanvaltaaja\/wp-content\/uploads\/sites\/2\/2013\/11\/SK_HULKKO_Kustaa_pieni_MV-300x300-150x150.jpg\",\"contentUrl\":\"https:\/\/suomenkuvalehti.fi\/nurkanvaltaaja\/wp-content\/uploads\/sites\/2\/2013\/11\/SK_HULKKO_Kustaa_pieni_MV-300x300-150x150.jpg\",\"caption\":\"Kustaa Hulkko\"},\"description\":\"Kirjoittaja on vapaa toimittaja.\",\"sameAs\":[\"https:\/\/x.com\/https:\/\/twitter.com\/KustaaH\"]}]}<\/script>\n<!-- \/ Yoast SEO plugin. -->","yoast_head_json":{"title":"Jyr\u00e4\u00e4k\u00f6 Ruotsi Stora Enson p\u00e4\u00e4t\u00f6ksenteossa? - Nurkanvaltaaja","robots":{"index":"index","follow":"follow","max-snippet":"max-snippet:-1","max-image-preview":"max-image-preview:large","max-video-preview":"max-video-preview:-1"},"canonical":"https:\/\/suomenkuvalehti.fi\/nurkanvaltaaja\/jyraako-ruotsi-stora-enson-paatoksenteossa\/","og_locale":"fi_FI","og_type":"article","og_title":"Jyr\u00e4\u00e4k\u00f6 Ruotsi Stora Enson p\u00e4\u00e4t\u00f6ksenteossa? - Nurkanvaltaaja","og_description":"Stora Ensosta kuuluu taas uutisia. Tietysti huonoja. Sunilan sellutehdas ja Tolkkisten saha suljetaan, Kotkan tehtaat myyd\u00e4\u00e4n ja p\u00e4\u00e4llyst\u00e4m\u00e4tt\u00f6m\u00e4n hienopaperin tilaukset keskitet\u00e4\u00e4n Veitsiluotoon ja Ruotsin Nym\u00f6llaan. Varkauden ja Imatran hienopaperituotantoa leikataan. Yhteens\u00e4 n&hellip;","og_url":"https:\/\/suomenkuvalehti.fi\/nurkanvaltaaja\/jyraako-ruotsi-stora-enson-paatoksenteossa\/","og_site_name":"Nurkanvaltaaja","article_published_time":"2009-08-19T10:23:03+00:00","article_modified_time":"2013-11-30T15:58:27+00:00","author":"Kustaa Hulkko","twitter_misc":{"Written by":"Kustaa Hulkko","Est. reading time":"1 minuutti"},"schema":{"@context":"https:\/\/schema.org","@graph":[{"@type":"WebPage","@id":"https:\/\/suomenkuvalehti.fi\/nurkanvaltaaja\/jyraako-ruotsi-stora-enson-paatoksenteossa\/","url":"https:\/\/suomenkuvalehti.fi\/nurkanvaltaaja\/jyraako-ruotsi-stora-enson-paatoksenteossa\/","name":"Jyr\u00e4\u00e4k\u00f6 Ruotsi Stora Enson p\u00e4\u00e4t\u00f6ksenteossa? - Nurkanvaltaaja","isPartOf":{"@id":"https:\/\/suomenkuvalehti.fi\/nurkanvaltaaja\/#website"},"datePublished":"2009-08-19T10:23:03+00:00","dateModified":"2013-11-30T15:58:27+00:00","author":{"@id":"https:\/\/suomenkuvalehti.fi\/nurkanvaltaaja\/#\/schema\/person\/81ab1f580416ab2bcf148bff361b7dfb"},"breadcrumb":{"@id":"https:\/\/suomenkuvalehti.fi\/nurkanvaltaaja\/jyraako-ruotsi-stora-enson-paatoksenteossa\/#breadcrumb"},"inLanguage":"fi","potentialAction":[{"@type":"ReadAction","target":["https:\/\/suomenkuvalehti.fi\/nurkanvaltaaja\/jyraako-ruotsi-stora-enson-paatoksenteossa\/"]}]},{"@type":"BreadcrumbList","@id":"https:\/\/suomenkuvalehti.fi\/nurkanvaltaaja\/jyraako-ruotsi-stora-enson-paatoksenteossa\/#breadcrumb","itemListElement":[{"@type":"ListItem","position":1,"name":"Home","item":"https:\/\/suomenkuvalehti.fi\/nurkanvaltaaja\/"},{"@type":"ListItem","position":2,"name":"Jyr\u00e4\u00e4k\u00f6 Ruotsi Stora Enson p\u00e4\u00e4t\u00f6ksenteossa?"}]},{"@type":"WebSite","@id":"https:\/\/suomenkuvalehti.fi\/nurkanvaltaaja\/#website","url":"https:\/\/suomenkuvalehti.fi\/nurkanvaltaaja\/","name":"Nurkanvaltaaja","description":"Suomen Kuvalehden taloustoimittajat kommentoivat rahan liikkeit\u00e4.","potentialAction":[{"@type":"SearchAction","target":{"@type":"EntryPoint","urlTemplate":"https:\/\/suomenkuvalehti.fi\/haku\/?q={search_term_string}"},"query-input":{"@type":"PropertyValueSpecification","valueRequired":true,"valueName":"search_term_string"}}],"inLanguage":"fi"},{"@type":"Person","@id":"https:\/\/suomenkuvalehti.fi\/nurkanvaltaaja\/#\/schema\/person\/81ab1f580416ab2bcf148bff361b7dfb","name":"Kustaa Hulkko","image":{"@type":"ImageObject","inLanguage":"fi","@id":"https:\/\/suomenkuvalehti.fi\/nurkanvaltaaja\/#\/schema\/person\/image\/","url":"https:\/\/suomenkuvalehti.fi\/nurkanvaltaaja\/wp-content\/uploads\/sites\/2\/2013\/11\/SK_HULKKO_Kustaa_pieni_MV-300x300-150x150.jpg","contentUrl":"https:\/\/suomenkuvalehti.fi\/nurkanvaltaaja\/wp-content\/uploads\/sites\/2\/2013\/11\/SK_HULKKO_Kustaa_pieni_MV-300x300-150x150.jpg","caption":"Kustaa Hulkko"},"description":"Kirjoittaja on vapaa toimittaja.","sameAs":["https:\/\/x.com\/https:\/\/twitter.com\/KustaaH"]}]}},"_links":{"self":[{"href":"https:\/\/suomenkuvalehti.fi\/nurkanvaltaaja\/wp-json\/wp\/v2\/posts\/303","targetHints":{"allow":["GET"]}}],"collection":[{"href":"https:\/\/suomenkuvalehti.fi\/nurkanvaltaaja\/wp-json\/wp\/v2\/posts"}],"about":[{"href":"https:\/\/suomenkuvalehti.fi\/nurkanvaltaaja\/wp-json\/wp\/v2\/types\/post"}],"author":[{"embeddable":true,"href":"https:\/\/suomenkuvalehti.fi\/nurkanvaltaaja\/wp-json\/wp\/v2\/users\/138"}],"replies":[{"embeddable":true,"href":"https:\/\/suomenkuvalehti.fi\/nurkanvaltaaja\/wp-json\/wp\/v2\/comments?post=303"}],"version-history":[{"count":1,"href":"https:\/\/suomenkuvalehti.fi\/nurkanvaltaaja\/wp-json\/wp\/v2\/posts\/303\/revisions"}],"predecessor-version":[{"id":443,"href":"https:\/\/suomenkuvalehti.fi\/nurkanvaltaaja\/wp-json\/wp\/v2\/posts\/303\/revisions\/443"}],"wp:attachment":[{"href":"https:\/\/suomenkuvalehti.fi\/nurkanvaltaaja\/wp-json\/wp\/v2\/media?parent=303"}],"wp:term":[{"taxonomy":"category","embeddable":true,"href":"https:\/\/suomenkuvalehti.fi\/nurkanvaltaaja\/wp-json\/wp\/v2\/categories?post=303"},{"taxonomy":"post_tag","embeddable":true,"href":"https:\/\/suomenkuvalehti.fi\/nurkanvaltaaja\/wp-json\/wp\/v2\/tags?post=303"}],"curies":[{"name":"wp","href":"https:\/\/api.w.org\/{rel}","templated":true}]}}