{"id":279,"date":"2009-10-30T16:31:00","date_gmt":"2009-10-30T14:31:00","guid":{"rendered":"https:\/\/suomenkuvalehti.fi\/nurkanvaltaaja\/2009\/10\/30\/vaara-hallitus-erotettiin-destiasta\/"},"modified":"2013-11-30T17:58:27","modified_gmt":"2013-11-30T15:58:27","slug":"vaara-hallitus-erotettiin-destiasta","status":"publish","type":"post","link":"https:\/\/suomenkuvalehti.fi\/nurkanvaltaaja\/vaara-hallitus-erotettiin-destiasta\/","title":{"rendered":"V\u00e4\u00e4r\u00e4 hallitus erotettiin Destiasta"},"content":{"rendered":"\n<p>Destian hallitus sai potkut entisen toimitusjohtajan ja edellisen hallituksen syntien t\u00e4hden. Ratkaisu on kerta kaikkiaan v\u00e4\u00e4r\u00e4.<\/p>\n\n\n\n\n<p>Pari p\u00e4iv\u00e4\u00e4 sitten <a title=\"suomenkuvalehti.fi\" href>kerrottiin<\/a>, ett\u00e4 valtion tienrakentajayhti\u00f6 Destian hallitus oli eronnut. N\u00e4in sanottiin, mutta tietysti jokainen asioita ymm\u00e4rt\u00e4v\u00e4 k\u00e4sitti, ett\u00e4 tosiasiassa Metson talousjohtajan <strong>Eeva-Liisa Virkkusen<\/strong> johtama hallitus oli &#8211; erotettu.<\/p>\n\n\n\n<p>Omistajalla on tietysti t\u00e4ysi oikeus erottaa vaikkapa koko henkil\u00f6kunta, jos luottamus on mennyt. Silti tekee mieli kysy\u00e4 omistajapolitiikan vastuuministeri  <strong>Jyri H\u00e4k\u00e4miehelt\u00e4<\/strong> (kok), miksi valtio-omistajan k\u00e4rsiv\u00e4llisyys petti juuri nyt?<\/p>\n\n\n\n<p>Destiassa on tehty erityistarkastus, mutta sen tuloksena syntynyt <a title=\"Destian erityistarkastus\" href=\"http:\/\/www.valtioneuvosto.fi\/tiedostot\/julkinen\/pdf\/2009\/Destia-info-281009\/fi.pdf\">raportti <\/a>on julkistettu vain osittain eik\u00e4 poliisin esitutkintakaan ole viel\u00e4 julkinen. Raportissa kritisoidaan erityisesti ex-toimitusjohtaja <strong>Jukka Laaksovirtaa<\/strong>, h\u00e4net valinnutta Destian vanhaa hallitusta, jonka puheenjohtajana toimi Patrian entinen toimitusjohtaja <strong>Jorma Wiitakorpi<\/strong>, sek\u00e4 yhti\u00f6n tilintarkastajia.<\/p>\n\n\n\n<p>Raportti antoi pyyhkeit\u00e4 valvontavelvollisuuden laiminly\u00f6misest\u00e4 my\u00f6s Virkkusen hallitukselle.<\/p>\n\n\n\n<p>Hyv\u00e4 on. Totta kai hallituksen pit\u00e4\u00e4 valvoa toimivaa johtoa. Mutta ent\u00e4 jos toimitusjohtaja sumuttaa hallitusta ja salaa j\u00e4rjestelm\u00e4llisesti osan toiminnastaan? Hallitus tietysti luottaa toimitusjohtajaan, kunnes se saa tietoa, jonka perusteella luottamus vaihtuu ep\u00e4luottamukseen. Tietyiss\u00e4 tilanteissa sellaista tietoa voi saada vain rikostutkinnan keinoin.<\/p>\n\n\n\n<h3 class=\"wp-block-heading\">Potkujen ajoitus h\u00e4tik\u00f6ity<\/h3>\n\n\n\n<p>Ja jos Virkkusen hallitus todella oli laiminly\u00f6nyt kontrolliteht\u00e4v\u00e4ns\u00e4, se olisi voitu erottaa my\u00f6hemminkin, kun kaikki ep\u00e4selvyydet lopulta  tulevat esiin. Se olisi ollut reilua my\u00f6s sik\u00e4li, ett\u00e4 ulkopuolisetkin olisivat voineet arvioida Destian hallituksen tekemisi\u00e4 ja tekem\u00e4tt\u00e4 j\u00e4tt\u00e4misi\u00e4.<\/p>\n\n\n\n<p>Nyt n\u00e4ytt\u00e4\u00e4 silt\u00e4, ett\u00e4 H\u00e4k\u00e4mies erotti v\u00e4\u00e4r\u00e4n hallituksen. Laaksovirran valinta oli koko tapahtumaketjun ensimm\u00e4inen vikatikki, ja siihen oli syyp\u00e4\u00e4  juuri Wiitakorven hallitus. H\u00e4nt\u00e4 ei tietenk\u00e4\u00e4n en\u00e4\u00e4 voi erottaa, h\u00e4n sai l\u00e4hte\u00e4 Destian hallituksesta jo aikaisemmin muista syist\u00e4.<\/p>\n\n\n\n<p>Ent\u00e4 se tosiseikka, ett\u00e4 Virkkunen toimi jo Wiitakorven aikana hallituksen varapuheenjohtajana? Puheenjohtajan ja varapuheenjohtajan v\u00e4lill\u00e4 on kuitenkin selv\u00e4 hierarkkinen ero kaikissa organisaatioissa. Raportin mukaan on my\u00f6s j\u00e4\u00e4nyt ep\u00e4selv\u00e4ksi, miten Wiitakorpi tiedotti muulle hallitukselle, ett\u00e4 h\u00e4n oli jonkinasteinen kaveri Laaksovirran kanssa.<\/p>\n\n\n\n<p>Wiitakorpi johti hallitusta my\u00f6s kes\u00e4ll\u00e4 2008, kun hallitus k\u00e4sitteli nimet\u00f6nt\u00e4 &#8211; my\u00f6hemmin aiheelliseksi osoittautunutta &#8211; ilmiantoa Laaksovirtaa vastaan, ja juuri h\u00e4n johti puhetta, kun hallitus hyv\u00e4ksyi silloin Laaksovirran selittelyt.<\/p>\n\n\n\n<p>Erotetun hallituksen puolesta voidaan sanoa my\u00f6s se, ett\u00e4 se ryhtyi heti radikaaleihin toimenpiteisiin sotkujen selvitt\u00e4miseksi Ylen paljastettua toukokuun lopulla 2009 Laaksovirran puuhat. (Erityistarkastusraportin mukaan Laaksovirta muun muassa solmi sopimuksia, jotka &#8221;ovat olleet yhti\u00f6n edun vastaisia&#8221;.)<\/p>\n\n\n\n<p>Sama hallitus pisti Laaksovirran heti pihalle ja rekrytoi nopeasti uuden toimitusjohtajan <strong>Hannu Leinosen<\/strong>. Sama hallitus my\u00f6s aloitti ripe\u00e4sti jupakan j\u00e4lkipyykin: tilintarkastajat vaihdettiin, sis\u00e4isi\u00e4 tarkastajia palkattiin, yrityksess\u00e4 k\u00e4ynnistettiin koko henkil\u00f6st\u00f6n kattava koulutusohjelma korruptioriskien v\u00e4ltt\u00e4miseksi ja niin edelleen.<\/p>\n\n\n\n<h3 class=\"wp-block-heading\">Ty\u00f6 j\u00e4\u00e4 pahasti kesken<\/h3>\n\n\n\n<p>Hallituksen potkujen ajoitusta voi kritisoida my\u00f6s siksi, ett\u00e4 sen ty\u00f6 j\u00e4\u00e4 nyt pahasti kesken. Destiassa on aloitettu suuri urakka hyv\u00e4n hallinnon istuttamiseksi yritykseen ja sen kannattavuuden kohentamiseksi.<\/p>\n\n\n\n\n<p>Nyt Destiassa on virkamieshallitus. Virkamiehet ovat yleens\u00e4 kelpo ihmisi\u00e4, mutta hallitusammattilaisia he eiv\u00e4t ole. Kuka nyt sparraa ammattitaitoisesti toimitusjohtaja Leinosta?<\/p>\n\n\n\n<p>Tapauksen merkitys ei rajoitu vain Destiaan. Kuinka maan hallitus kuvittelee saavansa p\u00e4tevi\u00e4 ja yrityksiss\u00e4 kokemusta hankkineita ihmisi\u00e4 valtionyhti\u00f6iden hallituksiin, jos he voivat joutua koska tahansa politiikan pelinappuloiksi?<\/p>\n\n\n","protected":false},"excerpt":{"rendered":"<p>Destian hallitus sai potkut entisen toimitusjohtajan ja edellisen hallituksen syntien t\u00e4hden. Ratkaisu on kerta kaikkiaan v\u00e4\u00e4r\u00e4. Pari p\u00e4iv\u00e4\u00e4 sitten kerrottiin, ett\u00e4 valtion tienrakentajayhti\u00f6 Destian hallitus oli eronnut. N\u00e4in sanottiin, mutta tietysti jokainen asioita ymm\u00e4rt\u00e4v\u00e4<br \/>\nk\u00e4sitti, ett&hellip;<\/p>\n","protected":false},"author":138,"featured_media":0,"comment_status":"open","ping_status":"open","sticky":false,"template":"","format":"standard","meta":{"_acf_changed":false,"asauth_required_access_level":0,"asauth_cansharepaid":"","om_header_attributes":[],"footnotes":"","om_featured_image_focal_point":[],"om_primary_tag":0,"om_contributors":[],"om_co_authors":[],"beyondwords_generate_audio":"","beyondwords_project_id":"","beyondwords_content_id":"","beyondwords_preview_token":"","beyondwords_player_content":"","beyondwords_player_style":"","beyondwords_language_code":"","beyondwords_language_id":"","beyondwords_title_voice_id":"","beyondwords_body_voice_id":"","beyondwords_summary_voice_id":"","beyondwords_error_message":"","beyondwords_disabled":"","beyondwords_delete_content":"","beyondwords_podcast_id":"","beyondwords_hash":"","publish_post_to_speechkit":"","speechkit_hash":"","speechkit_generate_audio":"","speechkit_project_id":"","speechkit_podcast_id":"","speechkit_error_message":"","speechkit_disabled":"","speechkit_access_key":"","speechkit_error":"","speechkit_info":"","speechkit_response":"","speechkit_retries":"","speechkit_status":"","speechkit_updated_at":"","_speechkit_link":"","_speechkit_text":""},"categories":[1],"tags":[445,448,40,450,446,449,447],"class_list":["post-279","post","type-post","status-publish","format-standard","hentry","category-nurkanvaltaaja","tag-destia","tag-eeva-liisa-virkkunen","tag-hallitus","tag-hannu-leinonen","tag-hyva-hallinto","tag-jukka-laaksovirta","tag-jyri-hakamies"],"om_views":null,"acf":{"tuuma_off":false,"tuuma_kysymys":"","tuuma_vastaus":""},"asauth":{"required_access_level":1,"share_token":"","is_paid":false},"yoast_head":"<!-- This site is optimized with the Yoast SEO plugin v26.4 - https:\/\/yoast.com\/wordpress\/plugins\/seo\/ -->\n<title>V\u00e4\u00e4r\u00e4 hallitus erotettiin Destiasta - Nurkanvaltaaja<\/title>\n<meta name=\"robots\" content=\"index, follow, max-snippet:-1, max-image-preview:large, max-video-preview:-1\" \/>\n<link rel=\"canonical\" href=\"https:\/\/suomenkuvalehti.fi\/nurkanvaltaaja\/vaara-hallitus-erotettiin-destiasta\/\" \/>\n<meta property=\"og:locale\" content=\"fi_FI\" \/>\n<meta property=\"og:type\" content=\"article\" \/>\n<meta property=\"og:title\" content=\"V\u00e4\u00e4r\u00e4 hallitus erotettiin Destiasta - Nurkanvaltaaja\" \/>\n<meta property=\"og:description\" content=\"Destian hallitus sai potkut entisen toimitusjohtajan ja edellisen hallituksen syntien t\u00e4hden. Ratkaisu on kerta kaikkiaan v\u00e4\u00e4r\u00e4. Pari p\u00e4iv\u00e4\u00e4 sitten kerrottiin, ett\u00e4 valtion tienrakentajayhti\u00f6 Destian hallitus oli eronnut. N\u00e4in sanottiin, mutta tietysti jokainen asioita ymm\u00e4rt\u00e4v\u00e4 k\u00e4sitti, ett&hellip;\" \/>\n<meta property=\"og:url\" content=\"https:\/\/suomenkuvalehti.fi\/nurkanvaltaaja\/vaara-hallitus-erotettiin-destiasta\/\" \/>\n<meta property=\"og:site_name\" content=\"Nurkanvaltaaja\" \/>\n<meta property=\"article:published_time\" content=\"2009-10-30T14:31:00+00:00\" \/>\n<meta property=\"article:modified_time\" content=\"2013-11-30T15:58:27+00:00\" \/>\n<meta name=\"author\" content=\"Kustaa Hulkko\" \/>\n<meta name=\"twitter:label1\" content=\"Written by\" \/>\n\t<meta name=\"twitter:data1\" content=\"Kustaa Hulkko\" \/>\n\t<meta name=\"twitter:label2\" content=\"Est. reading time\" \/>\n\t<meta name=\"twitter:data2\" content=\"3 minuuttia\" \/>\n<script type=\"application\/ld+json\" class=\"yoast-schema-graph\">{\"@context\":\"https:\/\/schema.org\",\"@graph\":[{\"@type\":\"WebPage\",\"@id\":\"https:\/\/suomenkuvalehti.fi\/nurkanvaltaaja\/vaara-hallitus-erotettiin-destiasta\/\",\"url\":\"https:\/\/suomenkuvalehti.fi\/nurkanvaltaaja\/vaara-hallitus-erotettiin-destiasta\/\",\"name\":\"V\u00e4\u00e4r\u00e4 hallitus erotettiin Destiasta - Nurkanvaltaaja\",\"isPartOf\":{\"@id\":\"https:\/\/suomenkuvalehti.fi\/nurkanvaltaaja\/#website\"},\"datePublished\":\"2009-10-30T14:31:00+00:00\",\"dateModified\":\"2013-11-30T15:58:27+00:00\",\"author\":{\"@id\":\"https:\/\/suomenkuvalehti.fi\/nurkanvaltaaja\/#\/schema\/person\/81ab1f580416ab2bcf148bff361b7dfb\"},\"breadcrumb\":{\"@id\":\"https:\/\/suomenkuvalehti.fi\/nurkanvaltaaja\/vaara-hallitus-erotettiin-destiasta\/#breadcrumb\"},\"inLanguage\":\"fi\",\"potentialAction\":[{\"@type\":\"ReadAction\",\"target\":[\"https:\/\/suomenkuvalehti.fi\/nurkanvaltaaja\/vaara-hallitus-erotettiin-destiasta\/\"]}]},{\"@type\":\"BreadcrumbList\",\"@id\":\"https:\/\/suomenkuvalehti.fi\/nurkanvaltaaja\/vaara-hallitus-erotettiin-destiasta\/#breadcrumb\",\"itemListElement\":[{\"@type\":\"ListItem\",\"position\":1,\"name\":\"Home\",\"item\":\"https:\/\/suomenkuvalehti.fi\/nurkanvaltaaja\/\"},{\"@type\":\"ListItem\",\"position\":2,\"name\":\"V\u00e4\u00e4r\u00e4 hallitus erotettiin Destiasta\"}]},{\"@type\":\"WebSite\",\"@id\":\"https:\/\/suomenkuvalehti.fi\/nurkanvaltaaja\/#website\",\"url\":\"https:\/\/suomenkuvalehti.fi\/nurkanvaltaaja\/\",\"name\":\"Nurkanvaltaaja\",\"description\":\"Suomen Kuvalehden taloustoimittajat kommentoivat rahan liikkeit\u00e4.\",\"potentialAction\":[{\"@type\":\"SearchAction\",\"target\":{\"@type\":\"EntryPoint\",\"urlTemplate\":\"https:\/\/suomenkuvalehti.fi\/haku\/?q={search_term_string}\"},\"query-input\":{\"@type\":\"PropertyValueSpecification\",\"valueRequired\":true,\"valueName\":\"search_term_string\"}}],\"inLanguage\":\"fi\"},{\"@type\":\"Person\",\"@id\":\"https:\/\/suomenkuvalehti.fi\/nurkanvaltaaja\/#\/schema\/person\/81ab1f580416ab2bcf148bff361b7dfb\",\"name\":\"Kustaa Hulkko\",\"image\":{\"@type\":\"ImageObject\",\"inLanguage\":\"fi\",\"@id\":\"https:\/\/suomenkuvalehti.fi\/nurkanvaltaaja\/#\/schema\/person\/image\/\",\"url\":\"https:\/\/suomenkuvalehti.fi\/nurkanvaltaaja\/wp-content\/uploads\/sites\/2\/2013\/11\/SK_HULKKO_Kustaa_pieni_MV-300x300-150x150.jpg\",\"contentUrl\":\"https:\/\/suomenkuvalehti.fi\/nurkanvaltaaja\/wp-content\/uploads\/sites\/2\/2013\/11\/SK_HULKKO_Kustaa_pieni_MV-300x300-150x150.jpg\",\"caption\":\"Kustaa Hulkko\"},\"description\":\"Kirjoittaja on vapaa toimittaja.\",\"sameAs\":[\"https:\/\/x.com\/https:\/\/twitter.com\/KustaaH\"]}]}<\/script>\n<!-- \/ Yoast SEO plugin. -->","yoast_head_json":{"title":"V\u00e4\u00e4r\u00e4 hallitus erotettiin Destiasta - Nurkanvaltaaja","robots":{"index":"index","follow":"follow","max-snippet":"max-snippet:-1","max-image-preview":"max-image-preview:large","max-video-preview":"max-video-preview:-1"},"canonical":"https:\/\/suomenkuvalehti.fi\/nurkanvaltaaja\/vaara-hallitus-erotettiin-destiasta\/","og_locale":"fi_FI","og_type":"article","og_title":"V\u00e4\u00e4r\u00e4 hallitus erotettiin Destiasta - Nurkanvaltaaja","og_description":"Destian hallitus sai potkut entisen toimitusjohtajan ja edellisen hallituksen syntien t\u00e4hden. Ratkaisu on kerta kaikkiaan v\u00e4\u00e4r\u00e4. Pari p\u00e4iv\u00e4\u00e4 sitten kerrottiin, ett\u00e4 valtion tienrakentajayhti\u00f6 Destian hallitus oli eronnut. N\u00e4in sanottiin, mutta tietysti jokainen asioita ymm\u00e4rt\u00e4v\u00e4 k\u00e4sitti, ett&hellip;","og_url":"https:\/\/suomenkuvalehti.fi\/nurkanvaltaaja\/vaara-hallitus-erotettiin-destiasta\/","og_site_name":"Nurkanvaltaaja","article_published_time":"2009-10-30T14:31:00+00:00","article_modified_time":"2013-11-30T15:58:27+00:00","author":"Kustaa Hulkko","twitter_misc":{"Written by":"Kustaa Hulkko","Est. reading time":"3 minuuttia"},"schema":{"@context":"https:\/\/schema.org","@graph":[{"@type":"WebPage","@id":"https:\/\/suomenkuvalehti.fi\/nurkanvaltaaja\/vaara-hallitus-erotettiin-destiasta\/","url":"https:\/\/suomenkuvalehti.fi\/nurkanvaltaaja\/vaara-hallitus-erotettiin-destiasta\/","name":"V\u00e4\u00e4r\u00e4 hallitus erotettiin Destiasta - Nurkanvaltaaja","isPartOf":{"@id":"https:\/\/suomenkuvalehti.fi\/nurkanvaltaaja\/#website"},"datePublished":"2009-10-30T14:31:00+00:00","dateModified":"2013-11-30T15:58:27+00:00","author":{"@id":"https:\/\/suomenkuvalehti.fi\/nurkanvaltaaja\/#\/schema\/person\/81ab1f580416ab2bcf148bff361b7dfb"},"breadcrumb":{"@id":"https:\/\/suomenkuvalehti.fi\/nurkanvaltaaja\/vaara-hallitus-erotettiin-destiasta\/#breadcrumb"},"inLanguage":"fi","potentialAction":[{"@type":"ReadAction","target":["https:\/\/suomenkuvalehti.fi\/nurkanvaltaaja\/vaara-hallitus-erotettiin-destiasta\/"]}]},{"@type":"BreadcrumbList","@id":"https:\/\/suomenkuvalehti.fi\/nurkanvaltaaja\/vaara-hallitus-erotettiin-destiasta\/#breadcrumb","itemListElement":[{"@type":"ListItem","position":1,"name":"Home","item":"https:\/\/suomenkuvalehti.fi\/nurkanvaltaaja\/"},{"@type":"ListItem","position":2,"name":"V\u00e4\u00e4r\u00e4 hallitus erotettiin Destiasta"}]},{"@type":"WebSite","@id":"https:\/\/suomenkuvalehti.fi\/nurkanvaltaaja\/#website","url":"https:\/\/suomenkuvalehti.fi\/nurkanvaltaaja\/","name":"Nurkanvaltaaja","description":"Suomen Kuvalehden taloustoimittajat kommentoivat rahan liikkeit\u00e4.","potentialAction":[{"@type":"SearchAction","target":{"@type":"EntryPoint","urlTemplate":"https:\/\/suomenkuvalehti.fi\/haku\/?q={search_term_string}"},"query-input":{"@type":"PropertyValueSpecification","valueRequired":true,"valueName":"search_term_string"}}],"inLanguage":"fi"},{"@type":"Person","@id":"https:\/\/suomenkuvalehti.fi\/nurkanvaltaaja\/#\/schema\/person\/81ab1f580416ab2bcf148bff361b7dfb","name":"Kustaa Hulkko","image":{"@type":"ImageObject","inLanguage":"fi","@id":"https:\/\/suomenkuvalehti.fi\/nurkanvaltaaja\/#\/schema\/person\/image\/","url":"https:\/\/suomenkuvalehti.fi\/nurkanvaltaaja\/wp-content\/uploads\/sites\/2\/2013\/11\/SK_HULKKO_Kustaa_pieni_MV-300x300-150x150.jpg","contentUrl":"https:\/\/suomenkuvalehti.fi\/nurkanvaltaaja\/wp-content\/uploads\/sites\/2\/2013\/11\/SK_HULKKO_Kustaa_pieni_MV-300x300-150x150.jpg","caption":"Kustaa Hulkko"},"description":"Kirjoittaja on vapaa toimittaja.","sameAs":["https:\/\/x.com\/https:\/\/twitter.com\/KustaaH"]}]}},"_links":{"self":[{"href":"https:\/\/suomenkuvalehti.fi\/nurkanvaltaaja\/wp-json\/wp\/v2\/posts\/279","targetHints":{"allow":["GET"]}}],"collection":[{"href":"https:\/\/suomenkuvalehti.fi\/nurkanvaltaaja\/wp-json\/wp\/v2\/posts"}],"about":[{"href":"https:\/\/suomenkuvalehti.fi\/nurkanvaltaaja\/wp-json\/wp\/v2\/types\/post"}],"author":[{"embeddable":true,"href":"https:\/\/suomenkuvalehti.fi\/nurkanvaltaaja\/wp-json\/wp\/v2\/users\/138"}],"replies":[{"embeddable":true,"href":"https:\/\/suomenkuvalehti.fi\/nurkanvaltaaja\/wp-json\/wp\/v2\/comments?post=279"}],"version-history":[{"count":1,"href":"https:\/\/suomenkuvalehti.fi\/nurkanvaltaaja\/wp-json\/wp\/v2\/posts\/279\/revisions"}],"predecessor-version":[{"id":373,"href":"https:\/\/suomenkuvalehti.fi\/nurkanvaltaaja\/wp-json\/wp\/v2\/posts\/279\/revisions\/373"}],"wp:attachment":[{"href":"https:\/\/suomenkuvalehti.fi\/nurkanvaltaaja\/wp-json\/wp\/v2\/media?parent=279"}],"wp:term":[{"taxonomy":"category","embeddable":true,"href":"https:\/\/suomenkuvalehti.fi\/nurkanvaltaaja\/wp-json\/wp\/v2\/categories?post=279"},{"taxonomy":"post_tag","embeddable":true,"href":"https:\/\/suomenkuvalehti.fi\/nurkanvaltaaja\/wp-json\/wp\/v2\/tags?post=279"}],"curies":[{"name":"wp","href":"https:\/\/api.w.org\/{rel}","templated":true}]}}