{"id":246,"date":"2010-05-25T16:52:01","date_gmt":"2010-05-25T13:52:01","guid":{"rendered":"https:\/\/suomenkuvalehti.fi\/nurkanvaltaaja\/2010\/05\/25\/miksi-facebook-koettelee-kayttajiaan\/"},"modified":"2013-12-07T13:37:24","modified_gmt":"2013-12-07T11:37:24","slug":"miksi-facebook-koettelee-kayttajiaan","status":"publish","type":"post","link":"https:\/\/suomenkuvalehti.fi\/nurkanvaltaaja\/miksi-facebook-koettelee-kayttajiaan\/","title":{"rendered":"Miksi Facebook koettelee k\u00e4ytt\u00e4ji\u00e4\u00e4n?"},"content":{"rendered":"\n\n<p>Facebookin perustaja <strong>Mark Zuckerberg<\/strong> on pahoillaan. <em>The Washington Post<\/em> -lehdess\u00e4 julkaistussa <a href=\"http:\/\/www.washingtonpost.com\/wp-dyn\/content\/article\/2010\/05\/23\/AR2010052303828.html\">avoimessa kirjeess\u00e4<\/a> Zuckerberg esimerkiksi lupaa, ettei Facebook <a href=\"http:\/\/www.tietoviikko.fi\/kaikki_uutiset\/article408315.ece?s=r&amp;wtm=tietoviikko\/-24052010\">jaa tietoja k\u00e4ytt\u00e4jist\u00e4 mainostajille.<\/a> H\u00e4n my\u00f6s my\u00f6nt\u00e4\u00e4 palvelun toimineen h\u00e4tik\u00f6idysti viimeaikaisissa &#8221;uudistuksissaan&#8221;.<\/p>\n\n\n\n<p>Facebook-mies ilmeisesti puhuu palvelun avaruussukkulan ohjaamoa muistuttavista yksityisyydensuojas\u00e4\u00e4d\u00f6ist\u00e4, joissa <em>The New York Timesin<\/em> laskujen mukaan <a href=\"http:\/\/www.nytimes.com\/interactive\/2010\/05\/12\/business\/facebook-privacy.html?scp=1&amp;sq=facebook%20settings&amp;st=cse\">on 170 erilaista vaihtoehtoa.<\/a> N\u00e4it\u00e4 s\u00e4\u00e4t\u00f6j\u00e4 k\u00e4ytt\u00e4j\u00e4 tarvitsee, jos h\u00e4n haluaa rajoittaa, kuka saa n\u00e4hd\u00e4 h\u00e4nen Facebook-sivujensa sis\u00e4lt\u00f6j\u00e4.<\/p>\n\n\n\n<p>Ehk\u00e4 Zuckerberg viittaa my\u00f6s palvelun k\u00e4ytt\u00f6ehtojen yksityisyytt\u00e4 koskevaan kohtaan, joka on paisunut tuhannesta sanasta 5\u2009830 sanaan (Yhdysvaltain itsen\u00e4isyysjulistus 4\u2009543 sanaa).<\/p>\n\n\n\n<p>Zuckerberg kirjoitti kirjeens\u00e4, koska Facebookin viimeaikaiset s\u00e4hl\u00e4ilyt ovat saaneet ik\u00e4v\u00e4\u00e4 huomiota. Muutama amerikkalainen teknojulkkis on jo ehtinyt ilmoittaa lopettavansa Facebookin k\u00e4yt\u00f6n ja palvelun lilliputtimaiset kilpailijat ovat saaneet <a href=\"http:\/\/www.nytimes.com\/2010\/05\/24\/technology\/24social.html?scp=7&amp;sq=facebook%20settings&amp;st=cse\">my\u00f6nteist\u00e4 julkisuutta.<\/a><\/p>\n\n\n\n<p>Boikottipuheista huolimatta ei oikein voida sanoa, ett\u00e4 j\u00e4ttil\u00e4inen on polvillaan. <a href=\"http:\/\/www.quitfacebookday.com\/\">Me l\u00e4hdet\u00e4\u00e4n Facebookista -sivulle<\/a> n\u00e4ytt\u00e4\u00e4 ilmoittautuneen 15\u2009144 ihmist\u00e4. Palvelulla on kohta puoli miljardia k\u00e4ytt\u00e4j\u00e4\u00e4, eli Facebookista on l\u00e4hd\u00f6ss\u00e4 0,003 prosenttia sen k\u00e4ytt\u00e4jist\u00e4. Oho, nyt ilmoittautuneita on jo 15\u2009146. Ja nyt 15\u2009165!<\/p>\n\n\n\n<p>Facebook on aiemminkin kunnostautunut k\u00e4ytt\u00e4jiens\u00e4 suututtamisessa. Samantyyppinen kohu syntyi vuonna 2009, kun Facebook lis\u00e4si k\u00e4ytt\u00e4j\u00e4ehtoihinsa kohdan, jonka perusteella esimerkiksi k\u00e4ytt\u00e4j\u00e4n kuvien oikeudet s\u00e4ilyv\u00e4t palvelulla viel\u00e4 senkin j\u00e4lkeen, kun h\u00e4n on l\u00e4htenyt Facebookista (vai pit\u00e4isik\u00f6 sanoa ottannut eron?).<\/p>\n\n\n\n<p>Yhti\u00f6 per\u00e4\u00e4ntyi nopeasti, kun uudet ehdot saivat julkisuutta (kuulostaako tutulta). Mit\u00e4\u00e4n kovin massiivista boikottia ei p\u00e4\u00e4ssyt syntym\u00e4\u00e4n.<\/p>\n\n\n\n<p>Facebook ei ole p\u00f6rssiyhti\u00f6, joten sen ei tarvitse julkaista kattavia talouslukuja. Sen verran tiedet\u00e4\u00e4n, ett\u00e4 tasan vuosi sitten yhti\u00f6n arvoksi m\u00e4\u00e4rittyi 10 miljardia dollaria (kahdeksisen miljardia euroa), kun ven\u00e4l\u00e4inen sijoitusyhti\u00f6 osti 1,96 prosentin siivun Facebookista 200 miljoonalla dollarilla. N\u00e4m\u00e4 arvonm\u00e4\u00e4ritykset ovat kuitenkin varsin ep\u00e4m\u00e4\u00e4r\u00e4isi\u00e4.<\/p>\n\n\n\n<p>Vertailun vuoksi mets\u00e4teollisuusyhti\u00f6 <a title=\"UPM\" href=\"http:\/\/www.upm.com\/fi\/\">UPM<\/a>:n markkina-arvo on 5,5 miljardia euroa. Tai oli viel\u00e4 aamulla <a href=\"http:\/\/www.taloussanomat.fi\/porssi\/2010\/05\/25\/porssi-syoksyi-taas-reippaaseen-laskuun\/20107456\/170\">ennen p\u00f6rssin aukeamista.<\/a><\/p>\n\n\n\n<p>Muita Facebookin talouslukuja saa kaivella kiven alta, yhti\u00f6n perustajan mukaan viime syyskuussa palvelu oli pinnistellyt pisteeseen, jossa sen <a href=\"http:\/\/blog.facebook.com\/blog.php?post=136782277130\">kassavirta oli positiivinen,<\/a> eli yksinkertaistaen yritykseen tuli enemm\u00e4n rahaa kuin sielt\u00e4 l\u00e4hti ulos. Toisen tiedonjyv\u00e4n mukaan Facebookin liikevaihto l\u00e4hestyi viime syksyn\u00e4 puolta miljardia dollaria.<\/p>\n\n\n\n<p>J\u00e4lleen pieni vertailu: Facebookin liikevaihto oli 2009 runsaat 400 miljoonaa euroa ja yhti\u00f6n arvo 8 miljardia euroa. UPM:n liikevaihto taas oli 7\u2009719 miljoonaa euroa ja p\u00f6rssiarvo 5,5 miljardia euroa. Siis parikymment\u00e4kertainen liikevaihto, mutta silti UPM on kolmasosan halvempi yhti\u00f6 kuin Facebook &#8211; ainakin periaatteessa.<\/p>\n\n\n\n<p>Kannattaa olla yst\u00e4v\u00e4alalla, ei mets\u00e4alalla. Tulee ihan 1990-luvun loppu mieleen.<\/p>\n\n\n\n<p>UPM:ll\u00e4 ja Facebookilla on my\u00f6s se ero, ett\u00e4 ensimm\u00e4isell\u00e4 on varsin yksinkertainen ja ymm\u00e4rrett\u00e4v\u00e4 ansaintalogiikka (pahoittelen ilmaisua). Yhti\u00f6 tekee rahaa (tai tappiota) myym\u00e4ll\u00e4 esimerkiksi paperia, sellua, vaneria tai energiaa. Ostaja saa rullan paperia, UPM tukun rahaa.<\/p>\n\n\n\n<p>Facebookin ansaintalogiikka on hieman sumuisempi. Palvelu on sin\u00e4ns\u00e4 ilmainen, k\u00e4ytt\u00e4j\u00e4 ei maksa mit\u00e4\u00e4n. Rahan t\u00e4ytyy siis tulla jostain muualta. Osittain se tulee mainoksista (joku kyynikko taisi kehua, ett\u00e4 vain amerikkalaiset voivat kehitt\u00e4\u00e4 tavan muuttaa kaveruus ja yst\u00e4vyys mainostilaksi).<\/p>\n\n\n\n<p>Yhti\u00f6 ei oikein itsek\u00e4\u00e4n taida viel\u00e4 tiet\u00e4\u00e4, mist\u00e4 muualta se rahansa repisi. Kirjeess\u00e4\u00e4n Zuckerberg n\u00e4ytt\u00e4\u00e4 lupaavan, ettei ainakaan k\u00e4ytt\u00e4jilt\u00e4, Facebook s\u00e4ilyy ilmaispalveluna.<\/p>\n\n\n\n<p>Esimerkiksi palvelun k\u00e4ytt\u00e4j\u00e4ehtojen veivaaminen edestakaisin onkin todenn\u00e4k\u00f6isesti valmistautumista uusien ansaintatapojen k\u00e4ytt\u00f6\u00f6nottoon. Niit\u00e4 varten on hyv\u00e4, jos Facebookin k\u00e4ytt\u00e4j\u00e4ehdot saadaan muutettua yhti\u00f6n kannalta mahdollisimman salliviksi, vaikka k\u00e4ytt\u00e4j\u00e4n yksityisyyden suoja siin\u00e4 hieman k\u00e4rsisikin. Juuri nyt hanke ei tosin n\u00e4yt\u00e4 etenev\u00e4n kovin hyvin.<\/p>\n\n\n","protected":false},"excerpt":{"rendered":"<p>Facebookin perustaja Mark Zuckerberg on pahoillaan. The Washington Post -lehdess\u00e4 julkaistussa avoimessa kirjeess\u00e4 Zuckerberg esimerkiksi lupaa, ettei Facebook jaa tietoja k\u00e4ytt\u00e4jist\u00e4 mainostajille. H\u00e4n my\u00f6s my\u00f6nt\u00e4\u00e4 palvelun toimineen h\u00e4tik\u00f6idysti viimeaikaisissa<br \/>\n&#8221;uudi&hellip;<\/p>\n","protected":false},"author":122,"featured_media":0,"comment_status":"open","ping_status":"open","sticky":false,"template":"","format":"standard","meta":{"_acf_changed":false,"asauth_required_access_level":0,"asauth_cansharepaid":"","om_header_attributes":[],"footnotes":"","om_featured_image_focal_point":[],"om_primary_tag":0,"om_contributors":[],"om_co_authors":[],"beyondwords_generate_audio":"","beyondwords_project_id":"","beyondwords_content_id":"","beyondwords_preview_token":"","beyondwords_player_content":"","beyondwords_player_style":"","beyondwords_language_code":"","beyondwords_language_id":"","beyondwords_title_voice_id":"","beyondwords_body_voice_id":"","beyondwords_summary_voice_id":"","beyondwords_error_message":"","beyondwords_disabled":"","beyondwords_delete_content":"","beyondwords_podcast_id":"","beyondwords_hash":"","publish_post_to_speechkit":"","speechkit_hash":"","speechkit_generate_audio":"","speechkit_project_id":"","speechkit_podcast_id":"","speechkit_error_message":"","speechkit_disabled":"","speechkit_access_key":"","speechkit_error":"","speechkit_info":"","speechkit_response":"","speechkit_retries":"","speechkit_status":"","speechkit_updated_at":"","_speechkit_link":"","_speechkit_text":""},"categories":[1],"tags":[234,390,344,389],"class_list":["post-246","post","type-post","status-publish","format-standard","hentry","category-nurkanvaltaaja","tag-facebook","tag-marc-zuckerberg","tag-sosiaalinen-media","tag-upm"],"om_views":null,"acf":{"tuuma_off":false,"tuuma_kysymys":"","tuuma_vastaus":""},"asauth":{"required_access_level":1,"share_token":"","is_paid":false},"yoast_head":"<!-- This site is optimized with the Yoast SEO plugin v26.4 - https:\/\/yoast.com\/wordpress\/plugins\/seo\/ -->\n<title>Miksi Facebook koettelee k\u00e4ytt\u00e4ji\u00e4\u00e4n? - Nurkanvaltaaja<\/title>\n<meta name=\"robots\" content=\"index, follow, max-snippet:-1, max-image-preview:large, max-video-preview:-1\" \/>\n<link rel=\"canonical\" href=\"https:\/\/suomenkuvalehti.fi\/nurkanvaltaaja\/miksi-facebook-koettelee-kayttajiaan\/\" \/>\n<meta property=\"og:locale\" content=\"fi_FI\" \/>\n<meta property=\"og:type\" content=\"article\" \/>\n<meta property=\"og:title\" content=\"Miksi Facebook koettelee k\u00e4ytt\u00e4ji\u00e4\u00e4n? - Nurkanvaltaaja\" \/>\n<meta property=\"og:description\" content=\"Facebookin perustaja Mark Zuckerberg on pahoillaan. The Washington Post -lehdess\u00e4 julkaistussa avoimessa kirjeess\u00e4 Zuckerberg esimerkiksi lupaa, ettei Facebook jaa tietoja k\u00e4ytt\u00e4jist\u00e4 mainostajille. H\u00e4n my\u00f6s my\u00f6nt\u00e4\u00e4 palvelun toimineen h\u00e4tik\u00f6idysti viimeaikaisissa &#8221;uudi&hellip;\" \/>\n<meta property=\"og:url\" content=\"https:\/\/suomenkuvalehti.fi\/nurkanvaltaaja\/miksi-facebook-koettelee-kayttajiaan\/\" \/>\n<meta property=\"og:site_name\" content=\"Nurkanvaltaaja\" \/>\n<meta property=\"article:published_time\" content=\"2010-05-25T13:52:01+00:00\" \/>\n<meta property=\"article:modified_time\" content=\"2013-12-07T11:37:24+00:00\" \/>\n<meta name=\"author\" content=\"Jarmo Raivio\" \/>\n<meta name=\"twitter:label1\" content=\"Written by\" \/>\n\t<meta name=\"twitter:data1\" content=\"Jarmo Raivio\" \/>\n\t<meta name=\"twitter:label2\" content=\"Est. reading time\" \/>\n\t<meta name=\"twitter:data2\" content=\"3 minuuttia\" \/>\n<script type=\"application\/ld+json\" class=\"yoast-schema-graph\">{\"@context\":\"https:\/\/schema.org\",\"@graph\":[{\"@type\":\"WebPage\",\"@id\":\"https:\/\/suomenkuvalehti.fi\/nurkanvaltaaja\/miksi-facebook-koettelee-kayttajiaan\/\",\"url\":\"https:\/\/suomenkuvalehti.fi\/nurkanvaltaaja\/miksi-facebook-koettelee-kayttajiaan\/\",\"name\":\"Miksi Facebook koettelee k\u00e4ytt\u00e4ji\u00e4\u00e4n? - Nurkanvaltaaja\",\"isPartOf\":{\"@id\":\"https:\/\/suomenkuvalehti.fi\/nurkanvaltaaja\/#website\"},\"datePublished\":\"2010-05-25T13:52:01+00:00\",\"dateModified\":\"2013-12-07T11:37:24+00:00\",\"author\":{\"@id\":\"https:\/\/suomenkuvalehti.fi\/nurkanvaltaaja\/#\/schema\/person\/610181a73f9b98c698b781621c203f95\"},\"breadcrumb\":{\"@id\":\"https:\/\/suomenkuvalehti.fi\/nurkanvaltaaja\/miksi-facebook-koettelee-kayttajiaan\/#breadcrumb\"},\"inLanguage\":\"fi\",\"potentialAction\":[{\"@type\":\"ReadAction\",\"target\":[\"https:\/\/suomenkuvalehti.fi\/nurkanvaltaaja\/miksi-facebook-koettelee-kayttajiaan\/\"]}]},{\"@type\":\"BreadcrumbList\",\"@id\":\"https:\/\/suomenkuvalehti.fi\/nurkanvaltaaja\/miksi-facebook-koettelee-kayttajiaan\/#breadcrumb\",\"itemListElement\":[{\"@type\":\"ListItem\",\"position\":1,\"name\":\"Home\",\"item\":\"https:\/\/suomenkuvalehti.fi\/nurkanvaltaaja\/\"},{\"@type\":\"ListItem\",\"position\":2,\"name\":\"Miksi Facebook koettelee k\u00e4ytt\u00e4ji\u00e4\u00e4n?\"}]},{\"@type\":\"WebSite\",\"@id\":\"https:\/\/suomenkuvalehti.fi\/nurkanvaltaaja\/#website\",\"url\":\"https:\/\/suomenkuvalehti.fi\/nurkanvaltaaja\/\",\"name\":\"Nurkanvaltaaja\",\"description\":\"Suomen Kuvalehden taloustoimittajat kommentoivat rahan liikkeit\u00e4.\",\"potentialAction\":[{\"@type\":\"SearchAction\",\"target\":{\"@type\":\"EntryPoint\",\"urlTemplate\":\"https:\/\/suomenkuvalehti.fi\/haku\/?q={search_term_string}\"},\"query-input\":{\"@type\":\"PropertyValueSpecification\",\"valueRequired\":true,\"valueName\":\"search_term_string\"}}],\"inLanguage\":\"fi\"},{\"@type\":\"Person\",\"@id\":\"https:\/\/suomenkuvalehti.fi\/nurkanvaltaaja\/#\/schema\/person\/610181a73f9b98c698b781621c203f95\",\"name\":\"Jarmo Raivio\",\"image\":{\"@type\":\"ImageObject\",\"inLanguage\":\"fi\",\"@id\":\"https:\/\/suomenkuvalehti.fi\/nurkanvaltaaja\/#\/schema\/person\/image\/\",\"url\":\"https:\/\/suomenkuvalehti.fi\/nurkanvaltaaja\/wp-content\/uploads\/sites\/2\/2013\/11\/SK_RAIVIO_Jarmo_pieni_MV-300x300-150x150.jpg\",\"contentUrl\":\"https:\/\/suomenkuvalehti.fi\/nurkanvaltaaja\/wp-content\/uploads\/sites\/2\/2013\/11\/SK_RAIVIO_Jarmo_pieni_MV-300x300-150x150.jpg\",\"caption\":\"Jarmo Raivio\"},\"description\":\"Kirjoittaja on Suomen Kuvalehden taloustoimittaja.\",\"sameAs\":[\"https:\/\/x.com\/https:\/\/twitter.com\/JarmoRai\"]}]}<\/script>\n<!-- \/ Yoast SEO plugin. -->","yoast_head_json":{"title":"Miksi Facebook koettelee k\u00e4ytt\u00e4ji\u00e4\u00e4n? - Nurkanvaltaaja","robots":{"index":"index","follow":"follow","max-snippet":"max-snippet:-1","max-image-preview":"max-image-preview:large","max-video-preview":"max-video-preview:-1"},"canonical":"https:\/\/suomenkuvalehti.fi\/nurkanvaltaaja\/miksi-facebook-koettelee-kayttajiaan\/","og_locale":"fi_FI","og_type":"article","og_title":"Miksi Facebook koettelee k\u00e4ytt\u00e4ji\u00e4\u00e4n? - Nurkanvaltaaja","og_description":"Facebookin perustaja Mark Zuckerberg on pahoillaan. The Washington Post -lehdess\u00e4 julkaistussa avoimessa kirjeess\u00e4 Zuckerberg esimerkiksi lupaa, ettei Facebook jaa tietoja k\u00e4ytt\u00e4jist\u00e4 mainostajille. H\u00e4n my\u00f6s my\u00f6nt\u00e4\u00e4 palvelun toimineen h\u00e4tik\u00f6idysti viimeaikaisissa &#8221;uudi&hellip;","og_url":"https:\/\/suomenkuvalehti.fi\/nurkanvaltaaja\/miksi-facebook-koettelee-kayttajiaan\/","og_site_name":"Nurkanvaltaaja","article_published_time":"2010-05-25T13:52:01+00:00","article_modified_time":"2013-12-07T11:37:24+00:00","author":"Jarmo Raivio","twitter_misc":{"Written by":"Jarmo Raivio","Est. reading time":"3 minuuttia"},"schema":{"@context":"https:\/\/schema.org","@graph":[{"@type":"WebPage","@id":"https:\/\/suomenkuvalehti.fi\/nurkanvaltaaja\/miksi-facebook-koettelee-kayttajiaan\/","url":"https:\/\/suomenkuvalehti.fi\/nurkanvaltaaja\/miksi-facebook-koettelee-kayttajiaan\/","name":"Miksi Facebook koettelee k\u00e4ytt\u00e4ji\u00e4\u00e4n? - Nurkanvaltaaja","isPartOf":{"@id":"https:\/\/suomenkuvalehti.fi\/nurkanvaltaaja\/#website"},"datePublished":"2010-05-25T13:52:01+00:00","dateModified":"2013-12-07T11:37:24+00:00","author":{"@id":"https:\/\/suomenkuvalehti.fi\/nurkanvaltaaja\/#\/schema\/person\/610181a73f9b98c698b781621c203f95"},"breadcrumb":{"@id":"https:\/\/suomenkuvalehti.fi\/nurkanvaltaaja\/miksi-facebook-koettelee-kayttajiaan\/#breadcrumb"},"inLanguage":"fi","potentialAction":[{"@type":"ReadAction","target":["https:\/\/suomenkuvalehti.fi\/nurkanvaltaaja\/miksi-facebook-koettelee-kayttajiaan\/"]}]},{"@type":"BreadcrumbList","@id":"https:\/\/suomenkuvalehti.fi\/nurkanvaltaaja\/miksi-facebook-koettelee-kayttajiaan\/#breadcrumb","itemListElement":[{"@type":"ListItem","position":1,"name":"Home","item":"https:\/\/suomenkuvalehti.fi\/nurkanvaltaaja\/"},{"@type":"ListItem","position":2,"name":"Miksi Facebook koettelee k\u00e4ytt\u00e4ji\u00e4\u00e4n?"}]},{"@type":"WebSite","@id":"https:\/\/suomenkuvalehti.fi\/nurkanvaltaaja\/#website","url":"https:\/\/suomenkuvalehti.fi\/nurkanvaltaaja\/","name":"Nurkanvaltaaja","description":"Suomen Kuvalehden taloustoimittajat kommentoivat rahan liikkeit\u00e4.","potentialAction":[{"@type":"SearchAction","target":{"@type":"EntryPoint","urlTemplate":"https:\/\/suomenkuvalehti.fi\/haku\/?q={search_term_string}"},"query-input":{"@type":"PropertyValueSpecification","valueRequired":true,"valueName":"search_term_string"}}],"inLanguage":"fi"},{"@type":"Person","@id":"https:\/\/suomenkuvalehti.fi\/nurkanvaltaaja\/#\/schema\/person\/610181a73f9b98c698b781621c203f95","name":"Jarmo Raivio","image":{"@type":"ImageObject","inLanguage":"fi","@id":"https:\/\/suomenkuvalehti.fi\/nurkanvaltaaja\/#\/schema\/person\/image\/","url":"https:\/\/suomenkuvalehti.fi\/nurkanvaltaaja\/wp-content\/uploads\/sites\/2\/2013\/11\/SK_RAIVIO_Jarmo_pieni_MV-300x300-150x150.jpg","contentUrl":"https:\/\/suomenkuvalehti.fi\/nurkanvaltaaja\/wp-content\/uploads\/sites\/2\/2013\/11\/SK_RAIVIO_Jarmo_pieni_MV-300x300-150x150.jpg","caption":"Jarmo Raivio"},"description":"Kirjoittaja on Suomen Kuvalehden taloustoimittaja.","sameAs":["https:\/\/x.com\/https:\/\/twitter.com\/JarmoRai"]}]}},"_links":{"self":[{"href":"https:\/\/suomenkuvalehti.fi\/nurkanvaltaaja\/wp-json\/wp\/v2\/posts\/246","targetHints":{"allow":["GET"]}}],"collection":[{"href":"https:\/\/suomenkuvalehti.fi\/nurkanvaltaaja\/wp-json\/wp\/v2\/posts"}],"about":[{"href":"https:\/\/suomenkuvalehti.fi\/nurkanvaltaaja\/wp-json\/wp\/v2\/types\/post"}],"author":[{"embeddable":true,"href":"https:\/\/suomenkuvalehti.fi\/nurkanvaltaaja\/wp-json\/wp\/v2\/users\/122"}],"replies":[{"embeddable":true,"href":"https:\/\/suomenkuvalehti.fi\/nurkanvaltaaja\/wp-json\/wp\/v2\/comments?post=246"}],"version-history":[{"count":1,"href":"https:\/\/suomenkuvalehti.fi\/nurkanvaltaaja\/wp-json\/wp\/v2\/posts\/246\/revisions"}],"predecessor-version":[{"id":525,"href":"https:\/\/suomenkuvalehti.fi\/nurkanvaltaaja\/wp-json\/wp\/v2\/posts\/246\/revisions\/525"}],"wp:attachment":[{"href":"https:\/\/suomenkuvalehti.fi\/nurkanvaltaaja\/wp-json\/wp\/v2\/media?parent=246"}],"wp:term":[{"taxonomy":"category","embeddable":true,"href":"https:\/\/suomenkuvalehti.fi\/nurkanvaltaaja\/wp-json\/wp\/v2\/categories?post=246"},{"taxonomy":"post_tag","embeddable":true,"href":"https:\/\/suomenkuvalehti.fi\/nurkanvaltaaja\/wp-json\/wp\/v2\/tags?post=246"}],"curies":[{"name":"wp","href":"https:\/\/api.w.org\/{rel}","templated":true}]}}