{"id":242,"date":"2011-02-21T07:31:00","date_gmt":"2011-02-21T05:31:00","guid":{"rendered":"https:\/\/suomenkuvalehti.fi\/nurkanvaltaaja\/2011\/02\/21\/kriisi-hellittaa-mutta-onko-se-viela-ohi\/"},"modified":"2013-12-07T13:36:03","modified_gmt":"2013-12-07T11:36:03","slug":"kriisi-hellittaa-mutta-onko-se-viela-ohi","status":"publish","type":"post","link":"https:\/\/suomenkuvalehti.fi\/nurkanvaltaaja\/kriisi-hellittaa-mutta-onko-se-viela-ohi\/","title":{"rendered":"Kriisi hellitt\u00e4\u00e4, mutta onko se viel\u00e4 ohi?"},"content":{"rendered":"\n<figure class=\"wp-block-image size-full alignnone\">\n  <div class=\"wp-block-image__inner-container\">\n    <a href='https:\/\/suomenkuvalehti.fi\/wp-content\/uploads\/sk\/files\/2011%20Uutisen%20kuvat\/rahat.jpg'><img decoding=\"async\" src=\"https:\/\/suomenkuvalehti.fi\/wp-content\/uploads\/sk\/files\/2011%20Uutisen%20kuvat\/rahat.jpg\" alt=\"symbolikuva talouskriisist\u00e4\"\/><\/a>  <\/div>\n<\/figure>\n\n\n<p>Presidentti <strong>Barack Obama<\/strong> h\u00e4visi marraskuun kongressivaalit heikon taloustilanteen ja korkean ty\u00f6tt\u00f6myyden takia. Nyt tilanne n\u00e4ytt\u00e4\u00e4 valoisammalta. Talouskasvu on p\u00e4\u00e4ssyt v\u00e4hitellen vauhtiin, ja pelot uudesta taantumasta ovat haihtuneet.<\/p>\n\n\n\n<p>Obama neuvotteli joulukuussa republikaanien kanssa kompromissin, jolla presidentti <strong>George W. Bushin<\/strong> kaudella hyv\u00e4ksyttyj\u00e4 verohelpotuksia jatkettiin kahdella vuodella. Samalla sovittiin ty\u00f6tt\u00f6myyskorvausten jatkosta miljoonille amerikkalaisille.<\/p>\n\n\n\n<p>Obama onnistui palauttamaan kuluttajien luottamuksen ainakin v\u00e4liaikaisesti. Se on t\u00e4rke\u00e4\u00e4 talouskasvun kannalta &#8211; yksityinen kulutus muodostaa Yhdysvalloissa 70 prosenttia bruttokansantuotteesta.<\/p>\n\n\n\n<p>Valtiovarainministeri <strong>Timothy Geithner<\/strong> uskoo, ett\u00e4 toiveikkuus on tarttunut my\u00f6s yrityksiin. Ne ovat tehneet hyv\u00e4\u00e4 tulosta jo jonkin aikaa, mutta nyt ne ovat alkaneet my\u00f6s palkata uutta v\u00e4ke\u00e4.<\/p>\n\n\n\n<p>Yhdysvaltain ty\u00f6tt\u00f6myys on supistunut kahdessa kuukaudessa 9,8 prosentista tasan yhdeks\u00e4\u00e4n. Ty\u00f6tt\u00f6myysluvut eiv\u00e4t ole kohentuneet t\u00e4ss\u00e4 ajassa n\u00e4in paljon kertaakaan yli 50 vuoteen.<\/p>\n\n\n\n<p>My\u00f6s osakemarkkinat ovat yll\u00e4tt\u00e4neet my\u00f6nteisesti. Teollisuusosakkeiden kehityst\u00e4 mittaava Dow Jones -indeksi on kivunnut 87 prosenttia kahden vuoden takaisista pohjalukemistaan. Toinen keskeinen indeksi S&amp;P 500 on noussut viel\u00e4 jyrkemmin.<\/p>\n\n\n\n<h3 class=\"wp-block-heading\">Alij\u00e4\u00e4m\u00e4inen budjetti<\/h3>\n\n\n\n<p>Tilanne n\u00e4ytt\u00e4\u00e4 Obaman kannalta paljon paremmalta kuin syksyll\u00e4, mutta onko Yhdysvaltain kasvu kest\u00e4v\u00e4ll\u00e4 pohjalla?<\/p>\n\n\n\n<p>Monet ekonomistit ep\u00e4ilev\u00e4t, ettei ole. Asuntomarkkinat ovat yh\u00e4 lamassa ja ty\u00f6tt\u00f6myys pysyttelee amerikkalaisittain poikkeuksellisen korkealla.<\/p>\n\n\n\n<p>Obama laskee, ett\u00e4 yksityisell\u00e4 sektorilla syntyy 150\u2009000 ty\u00f6paikkaa kuukaudessa. Ty\u00f6ministeri\u00f6n tilastot osoittavat kuitenkin, ett\u00e4 niit\u00e4 syntyi tammikuussa vain 36\u2009000. Ty\u00f6llisyys kohenee hitaasti, koska monet ty\u00f6markkinoilta finanssikriisin aikana j\u00e4tt\u00e4ytyneet palaavat nyt ty\u00f6nhakijoiksi.<\/p>\n\n\n\n<p>Sit\u00e4 paitsi elvytysrahat loppuvat ja talouspolitiikka kiristyy. Kongressivaalit voittaneet republikaanit pakottavat Obaman rajuihin leikkauksiin, mik\u00e4 tiet\u00e4\u00e4 uusia irtisanomisia.<\/p>\n\n\n\n<p>Republikaanien mielest\u00e4 Obaman &#8221;keynesil\u00e4inen seikkailu&#8221; on ep\u00e4onnistunut t\u00e4ydellisesti. He v\u00e4itt\u00e4v\u00e4t, ett\u00e4 814 miljardin dollarin elvytyspaketti ty\u00f6llist\u00e4\u00e4 l\u00e4hinn\u00e4 Kiinassa ja muualla Aasiassa &#8211; Yhdysvaltoihin on syntynyt heid\u00e4n mukaansa uusia ty\u00f6paikkoja vain julkiselle sektorille.<\/p>\n\n\n\n<p>Obama t\u00e4ht\u00e4\u00e4 vuoden 2012 presidentinvaaleihin, mutta \u00e4\u00e4nest\u00e4jien toiveita on vaikea toteuttaa t\u00e4ss\u00e4 tilanteessa. Mielipidekyselyjen mukaan amerikkalaiset ovat eritt\u00e4in huolestuneita maansa velkaantumisesta. Samaan aikaan he vastustavat jyrk\u00e4sti verojen korotuksia.<\/p>\n\n\n\n<p>Obama esitteli maanantaina kongressille rajusti alij\u00e4\u00e4m\u00e4isen budjettiehdotuksen, joka leikkaa poikkeuksellisesti puolustusmenoja mutta lupaa lis\u00e4\u00e4 rahaa koulutukseen.<\/p>\n\n\n\n<p>Obama lupaa pudottaa budjettivajeen vuoteen 2015 menness\u00e4 siedett\u00e4v\u00e4lle reilun kolmen prosentin tasolle. Republikaanit pitiv\u00e4t vauhtia t\u00e4ysin riitt\u00e4m\u00e4tt\u00f6m\u00e4n\u00e4.<\/p>\n\n\n\n<p>Republikaanien mielest\u00e4 budjettiehdotus pohjautuu liian ruusuisille kasvuoletuksille. Edustajainhuoneen puhemies <strong>John Boehner<\/strong> sanoo, ett\u00e4 Yhdysvallat kuluttaa liikaa, lainaa liikaa ja verottaa liikaa.<\/p>\n\n\n\n<p>Yhdysvaltain julkinen velka on yli kaksinkertaistunut kymmeness\u00e4 vuodessa. Velkaa on nyt yli 14 000 miljardia dollaria. Se tekee l\u00e4hes 128 000 dollaria jokaista veronmaksajaa kohti.<\/p>\n\n\n\n<h5 class=\"wp-block-heading\">Kuvitus Janne Tervam\u00e4ki.<\/h5>\n\n\n","protected":false},"excerpt":{"rendered":"<p>Presidentti Barack Obama h\u00e4visi marraskuun kongressivaalit heikon taloustilanteen ja korkean ty\u00f6tt\u00f6myyden takia. Nyt tilanne n\u00e4ytt\u00e4\u00e4 valoisammalta. Talouskasvu on p\u00e4\u00e4ssyt v\u00e4hitellen vauhtiin, ja pelot uudesta taantumasta ovat haihtuneet. Obama neuvotteli joulukuussa<br \/>\nrepublik&hellip;<\/p>\n","protected":false},"author":119,"featured_media":0,"comment_status":"open","ping_status":"open","sticky":false,"template":"","format":"standard","meta":{"_acf_changed":false,"asauth_required_access_level":0,"asauth_cansharepaid":"","om_header_attributes":[],"footnotes":"","om_featured_image_focal_point":[],"om_primary_tag":0,"om_contributors":[],"om_co_authors":[],"beyondwords_generate_audio":"","beyondwords_project_id":"","beyondwords_content_id":"","beyondwords_preview_token":"","beyondwords_player_content":"","beyondwords_player_style":"","beyondwords_language_code":"","beyondwords_language_id":"","beyondwords_title_voice_id":"","beyondwords_body_voice_id":"","beyondwords_summary_voice_id":"","beyondwords_error_message":"","beyondwords_disabled":"","beyondwords_delete_content":"","beyondwords_podcast_id":"","beyondwords_hash":"","publish_post_to_speechkit":"","speechkit_hash":"","speechkit_generate_audio":"","speechkit_project_id":"","speechkit_podcast_id":"","speechkit_error_message":"","speechkit_disabled":"","speechkit_access_key":"","speechkit_error":"","speechkit_info":"","speechkit_response":"","speechkit_retries":"","speechkit_status":"","speechkit_updated_at":"","_speechkit_link":"","_speechkit_text":""},"categories":[1],"tags":[132,378,81,379],"class_list":["post-242","post","type-post","status-publish","format-standard","hentry","category-nurkanvaltaaja","tag-barack-obama","tag-george-w-bush","tag-talouskriisi","tag-timothy-geithner"],"om_views":null,"acf":{"tuuma_off":false,"tuuma_kysymys":"","tuuma_vastaus":""},"asauth":{"required_access_level":1,"share_token":"","is_paid":false},"yoast_head":"<!-- This site is optimized with the Yoast SEO plugin v26.4 - https:\/\/yoast.com\/wordpress\/plugins\/seo\/ -->\n<title>Kriisi hellitt\u00e4\u00e4, mutta onko se viel\u00e4 ohi? - Nurkanvaltaaja<\/title>\n<meta name=\"robots\" content=\"index, follow, max-snippet:-1, max-image-preview:large, max-video-preview:-1\" \/>\n<link rel=\"canonical\" href=\"https:\/\/suomenkuvalehti.fi\/nurkanvaltaaja\/kriisi-hellittaa-mutta-onko-se-viela-ohi\/\" \/>\n<meta property=\"og:locale\" content=\"fi_FI\" \/>\n<meta property=\"og:type\" content=\"article\" \/>\n<meta property=\"og:title\" content=\"Kriisi hellitt\u00e4\u00e4, mutta onko se viel\u00e4 ohi? - Nurkanvaltaaja\" \/>\n<meta property=\"og:description\" content=\"Presidentti Barack Obama h\u00e4visi marraskuun kongressivaalit heikon taloustilanteen ja korkean ty\u00f6tt\u00f6myyden takia. Nyt tilanne n\u00e4ytt\u00e4\u00e4 valoisammalta. Talouskasvu on p\u00e4\u00e4ssyt v\u00e4hitellen vauhtiin, ja pelot uudesta taantumasta ovat haihtuneet. Obama neuvotteli joulukuussa republik&hellip;\" \/>\n<meta property=\"og:url\" content=\"https:\/\/suomenkuvalehti.fi\/nurkanvaltaaja\/kriisi-hellittaa-mutta-onko-se-viela-ohi\/\" \/>\n<meta property=\"og:site_name\" content=\"Nurkanvaltaaja\" \/>\n<meta property=\"article:published_time\" content=\"2011-02-21T05:31:00+00:00\" \/>\n<meta property=\"article:modified_time\" content=\"2013-12-07T11:36:03+00:00\" \/>\n<meta property=\"og:image\" content=\"https:\/\/suomenkuvalehti.fi\/wp-content\/uploads\/sk\/files\/2011%20Uutisen%20kuvat\/rahat.jpg\" \/>\n<meta name=\"author\" content=\"Teppo Tiilikainen\" \/>\n<meta name=\"twitter:label1\" content=\"Written by\" \/>\n\t<meta name=\"twitter:data1\" content=\"Teppo Tiilikainen\" \/>\n\t<meta name=\"twitter:label2\" content=\"Est. reading time\" \/>\n\t<meta name=\"twitter:data2\" content=\"2 minuuttia\" \/>\n<script type=\"application\/ld+json\" class=\"yoast-schema-graph\">{\"@context\":\"https:\/\/schema.org\",\"@graph\":[{\"@type\":\"WebPage\",\"@id\":\"https:\/\/suomenkuvalehti.fi\/nurkanvaltaaja\/kriisi-hellittaa-mutta-onko-se-viela-ohi\/\",\"url\":\"https:\/\/suomenkuvalehti.fi\/nurkanvaltaaja\/kriisi-hellittaa-mutta-onko-se-viela-ohi\/\",\"name\":\"Kriisi hellitt\u00e4\u00e4, mutta onko se viel\u00e4 ohi? - Nurkanvaltaaja\",\"isPartOf\":{\"@id\":\"https:\/\/suomenkuvalehti.fi\/nurkanvaltaaja\/#website\"},\"primaryImageOfPage\":{\"@id\":\"https:\/\/suomenkuvalehti.fi\/nurkanvaltaaja\/kriisi-hellittaa-mutta-onko-se-viela-ohi\/#primaryimage\"},\"image\":{\"@id\":\"https:\/\/suomenkuvalehti.fi\/nurkanvaltaaja\/kriisi-hellittaa-mutta-onko-se-viela-ohi\/#primaryimage\"},\"thumbnailUrl\":\"https:\/\/suomenkuvalehti.fi\/wp-content\/uploads\/sk\/files\/2011%20Uutisen%20kuvat\/rahat.jpg\",\"datePublished\":\"2011-02-21T05:31:00+00:00\",\"dateModified\":\"2013-12-07T11:36:03+00:00\",\"author\":{\"@id\":\"https:\/\/suomenkuvalehti.fi\/nurkanvaltaaja\/#\/schema\/person\/29538bbe27e282fe49264d7556ec87ee\"},\"breadcrumb\":{\"@id\":\"https:\/\/suomenkuvalehti.fi\/nurkanvaltaaja\/kriisi-hellittaa-mutta-onko-se-viela-ohi\/#breadcrumb\"},\"inLanguage\":\"fi\",\"potentialAction\":[{\"@type\":\"ReadAction\",\"target\":[\"https:\/\/suomenkuvalehti.fi\/nurkanvaltaaja\/kriisi-hellittaa-mutta-onko-se-viela-ohi\/\"]}]},{\"@type\":\"ImageObject\",\"inLanguage\":\"fi\",\"@id\":\"https:\/\/suomenkuvalehti.fi\/nurkanvaltaaja\/kriisi-hellittaa-mutta-onko-se-viela-ohi\/#primaryimage\",\"url\":\"https:\/\/suomenkuvalehti.fi\/wp-content\/uploads\/sk\/files\/2011%20Uutisen%20kuvat\/rahat.jpg\",\"contentUrl\":\"https:\/\/suomenkuvalehti.fi\/wp-content\/uploads\/sk\/files\/2011%20Uutisen%20kuvat\/rahat.jpg\"},{\"@type\":\"BreadcrumbList\",\"@id\":\"https:\/\/suomenkuvalehti.fi\/nurkanvaltaaja\/kriisi-hellittaa-mutta-onko-se-viela-ohi\/#breadcrumb\",\"itemListElement\":[{\"@type\":\"ListItem\",\"position\":1,\"name\":\"Home\",\"item\":\"https:\/\/suomenkuvalehti.fi\/nurkanvaltaaja\/\"},{\"@type\":\"ListItem\",\"position\":2,\"name\":\"Kriisi hellitt\u00e4\u00e4, mutta onko se viel\u00e4 ohi?\"}]},{\"@type\":\"WebSite\",\"@id\":\"https:\/\/suomenkuvalehti.fi\/nurkanvaltaaja\/#website\",\"url\":\"https:\/\/suomenkuvalehti.fi\/nurkanvaltaaja\/\",\"name\":\"Nurkanvaltaaja\",\"description\":\"Suomen Kuvalehden taloustoimittajat kommentoivat rahan liikkeit\u00e4.\",\"potentialAction\":[{\"@type\":\"SearchAction\",\"target\":{\"@type\":\"EntryPoint\",\"urlTemplate\":\"https:\/\/suomenkuvalehti.fi\/haku\/?q={search_term_string}\"},\"query-input\":{\"@type\":\"PropertyValueSpecification\",\"valueRequired\":true,\"valueName\":\"search_term_string\"}}],\"inLanguage\":\"fi\"},{\"@type\":\"Person\",\"@id\":\"https:\/\/suomenkuvalehti.fi\/nurkanvaltaaja\/#\/schema\/person\/29538bbe27e282fe49264d7556ec87ee\",\"name\":\"Teppo Tiilikainen\",\"image\":{\"@type\":\"ImageObject\",\"inLanguage\":\"fi\",\"@id\":\"https:\/\/suomenkuvalehti.fi\/nurkanvaltaaja\/#\/schema\/person\/image\/\",\"url\":\"https:\/\/suomenkuvalehti.fi\/nurkanvaltaaja\/wp-content\/uploads\/sites\/2\/2013\/11\/SK_TIILIKAINEN_Teppo_pieni_MV-300x300-150x150.jpg\",\"contentUrl\":\"https:\/\/suomenkuvalehti.fi\/nurkanvaltaaja\/wp-content\/uploads\/sites\/2\/2013\/11\/SK_TIILIKAINEN_Teppo_pieni_MV-300x300-150x150.jpg\",\"caption\":\"Teppo Tiilikainen\"},\"sameAs\":[\"https:\/\/x.com\/https:\/\/twitter.com\/tepti\"]}]}<\/script>\n<!-- \/ Yoast SEO plugin. -->","yoast_head_json":{"title":"Kriisi hellitt\u00e4\u00e4, mutta onko se viel\u00e4 ohi? - Nurkanvaltaaja","robots":{"index":"index","follow":"follow","max-snippet":"max-snippet:-1","max-image-preview":"max-image-preview:large","max-video-preview":"max-video-preview:-1"},"canonical":"https:\/\/suomenkuvalehti.fi\/nurkanvaltaaja\/kriisi-hellittaa-mutta-onko-se-viela-ohi\/","og_locale":"fi_FI","og_type":"article","og_title":"Kriisi hellitt\u00e4\u00e4, mutta onko se viel\u00e4 ohi? - Nurkanvaltaaja","og_description":"Presidentti Barack Obama h\u00e4visi marraskuun kongressivaalit heikon taloustilanteen ja korkean ty\u00f6tt\u00f6myyden takia. Nyt tilanne n\u00e4ytt\u00e4\u00e4 valoisammalta. Talouskasvu on p\u00e4\u00e4ssyt v\u00e4hitellen vauhtiin, ja pelot uudesta taantumasta ovat haihtuneet. Obama neuvotteli joulukuussa republik&hellip;","og_url":"https:\/\/suomenkuvalehti.fi\/nurkanvaltaaja\/kriisi-hellittaa-mutta-onko-se-viela-ohi\/","og_site_name":"Nurkanvaltaaja","article_published_time":"2011-02-21T05:31:00+00:00","article_modified_time":"2013-12-07T11:36:03+00:00","og_image":[{"url":"https:\/\/suomenkuvalehti.fi\/wp-content\/uploads\/sk\/files\/2011%20Uutisen%20kuvat\/rahat.jpg","type":"","width":"","height":""}],"author":"Teppo Tiilikainen","twitter_misc":{"Written by":"Teppo Tiilikainen","Est. reading time":"2 minuuttia"},"schema":{"@context":"https:\/\/schema.org","@graph":[{"@type":"WebPage","@id":"https:\/\/suomenkuvalehti.fi\/nurkanvaltaaja\/kriisi-hellittaa-mutta-onko-se-viela-ohi\/","url":"https:\/\/suomenkuvalehti.fi\/nurkanvaltaaja\/kriisi-hellittaa-mutta-onko-se-viela-ohi\/","name":"Kriisi hellitt\u00e4\u00e4, mutta onko se viel\u00e4 ohi? - Nurkanvaltaaja","isPartOf":{"@id":"https:\/\/suomenkuvalehti.fi\/nurkanvaltaaja\/#website"},"primaryImageOfPage":{"@id":"https:\/\/suomenkuvalehti.fi\/nurkanvaltaaja\/kriisi-hellittaa-mutta-onko-se-viela-ohi\/#primaryimage"},"image":{"@id":"https:\/\/suomenkuvalehti.fi\/nurkanvaltaaja\/kriisi-hellittaa-mutta-onko-se-viela-ohi\/#primaryimage"},"thumbnailUrl":"https:\/\/suomenkuvalehti.fi\/wp-content\/uploads\/sk\/files\/2011%20Uutisen%20kuvat\/rahat.jpg","datePublished":"2011-02-21T05:31:00+00:00","dateModified":"2013-12-07T11:36:03+00:00","author":{"@id":"https:\/\/suomenkuvalehti.fi\/nurkanvaltaaja\/#\/schema\/person\/29538bbe27e282fe49264d7556ec87ee"},"breadcrumb":{"@id":"https:\/\/suomenkuvalehti.fi\/nurkanvaltaaja\/kriisi-hellittaa-mutta-onko-se-viela-ohi\/#breadcrumb"},"inLanguage":"fi","potentialAction":[{"@type":"ReadAction","target":["https:\/\/suomenkuvalehti.fi\/nurkanvaltaaja\/kriisi-hellittaa-mutta-onko-se-viela-ohi\/"]}]},{"@type":"ImageObject","inLanguage":"fi","@id":"https:\/\/suomenkuvalehti.fi\/nurkanvaltaaja\/kriisi-hellittaa-mutta-onko-se-viela-ohi\/#primaryimage","url":"https:\/\/suomenkuvalehti.fi\/wp-content\/uploads\/sk\/files\/2011%20Uutisen%20kuvat\/rahat.jpg","contentUrl":"https:\/\/suomenkuvalehti.fi\/wp-content\/uploads\/sk\/files\/2011%20Uutisen%20kuvat\/rahat.jpg"},{"@type":"BreadcrumbList","@id":"https:\/\/suomenkuvalehti.fi\/nurkanvaltaaja\/kriisi-hellittaa-mutta-onko-se-viela-ohi\/#breadcrumb","itemListElement":[{"@type":"ListItem","position":1,"name":"Home","item":"https:\/\/suomenkuvalehti.fi\/nurkanvaltaaja\/"},{"@type":"ListItem","position":2,"name":"Kriisi hellitt\u00e4\u00e4, mutta onko se viel\u00e4 ohi?"}]},{"@type":"WebSite","@id":"https:\/\/suomenkuvalehti.fi\/nurkanvaltaaja\/#website","url":"https:\/\/suomenkuvalehti.fi\/nurkanvaltaaja\/","name":"Nurkanvaltaaja","description":"Suomen Kuvalehden taloustoimittajat kommentoivat rahan liikkeit\u00e4.","potentialAction":[{"@type":"SearchAction","target":{"@type":"EntryPoint","urlTemplate":"https:\/\/suomenkuvalehti.fi\/haku\/?q={search_term_string}"},"query-input":{"@type":"PropertyValueSpecification","valueRequired":true,"valueName":"search_term_string"}}],"inLanguage":"fi"},{"@type":"Person","@id":"https:\/\/suomenkuvalehti.fi\/nurkanvaltaaja\/#\/schema\/person\/29538bbe27e282fe49264d7556ec87ee","name":"Teppo Tiilikainen","image":{"@type":"ImageObject","inLanguage":"fi","@id":"https:\/\/suomenkuvalehti.fi\/nurkanvaltaaja\/#\/schema\/person\/image\/","url":"https:\/\/suomenkuvalehti.fi\/nurkanvaltaaja\/wp-content\/uploads\/sites\/2\/2013\/11\/SK_TIILIKAINEN_Teppo_pieni_MV-300x300-150x150.jpg","contentUrl":"https:\/\/suomenkuvalehti.fi\/nurkanvaltaaja\/wp-content\/uploads\/sites\/2\/2013\/11\/SK_TIILIKAINEN_Teppo_pieni_MV-300x300-150x150.jpg","caption":"Teppo Tiilikainen"},"sameAs":["https:\/\/x.com\/https:\/\/twitter.com\/tepti"]}]}},"_links":{"self":[{"href":"https:\/\/suomenkuvalehti.fi\/nurkanvaltaaja\/wp-json\/wp\/v2\/posts\/242","targetHints":{"allow":["GET"]}}],"collection":[{"href":"https:\/\/suomenkuvalehti.fi\/nurkanvaltaaja\/wp-json\/wp\/v2\/posts"}],"about":[{"href":"https:\/\/suomenkuvalehti.fi\/nurkanvaltaaja\/wp-json\/wp\/v2\/types\/post"}],"author":[{"embeddable":true,"href":"https:\/\/suomenkuvalehti.fi\/nurkanvaltaaja\/wp-json\/wp\/v2\/users\/119"}],"replies":[{"embeddable":true,"href":"https:\/\/suomenkuvalehti.fi\/nurkanvaltaaja\/wp-json\/wp\/v2\/comments?post=242"}],"version-history":[{"count":1,"href":"https:\/\/suomenkuvalehti.fi\/nurkanvaltaaja\/wp-json\/wp\/v2\/posts\/242\/revisions"}],"predecessor-version":[{"id":418,"href":"https:\/\/suomenkuvalehti.fi\/nurkanvaltaaja\/wp-json\/wp\/v2\/posts\/242\/revisions\/418"}],"wp:attachment":[{"href":"https:\/\/suomenkuvalehti.fi\/nurkanvaltaaja\/wp-json\/wp\/v2\/media?parent=242"}],"wp:term":[{"taxonomy":"category","embeddable":true,"href":"https:\/\/suomenkuvalehti.fi\/nurkanvaltaaja\/wp-json\/wp\/v2\/categories?post=242"},{"taxonomy":"post_tag","embeddable":true,"href":"https:\/\/suomenkuvalehti.fi\/nurkanvaltaaja\/wp-json\/wp\/v2\/tags?post=242"}],"curies":[{"name":"wp","href":"https:\/\/api.w.org\/{rel}","templated":true}]}}