{"id":239,"date":"2011-03-14T07:31:00","date_gmt":"2011-03-14T05:31:00","guid":{"rendered":"https:\/\/suomenkuvalehti.fi\/nurkanvaltaaja\/2011\/03\/14\/elakerahojen-tuhlausta-vai-jarkevaa-aluepolitiikkaa\/"},"modified":"2013-11-29T16:48:03","modified_gmt":"2013-11-29T14:48:03","slug":"elakerahojen-tuhlausta-vai-jarkevaa-aluepolitiikkaa","status":"publish","type":"post","link":"https:\/\/suomenkuvalehti.fi\/nurkanvaltaaja\/elakerahojen-tuhlausta-vai-jarkevaa-aluepolitiikkaa\/","title":{"rendered":"El\u00e4kerahojen tuhlausta vai j\u00e4rkev\u00e4\u00e4 aluepolitiikkaa?"},"content":{"rendered":"<figure class=\"wp-block-image size-full alignnone\">\n  <div class=\"wp-block-image__inner-container\">\n    <a href='https:\/\/suomenkuvalehti.fi\/wp-content\/uploads\/sk\/files\/2011%20Uutisen%20kuvat\/tervam.jpg'><img decoding=\"async\" src=\"https:\/\/suomenkuvalehti.fi\/wp-content\/uploads\/sk\/files\/2011%20Uutisen%20kuvat\/tervam.jpg\" alt=\"symbolikuva\"\/><\/a>  <\/div>\n<\/figure>\n\n\n<p>Voi kauhistus! Perussuomalaisten puheenjohtaja <strong>Timo Soini<\/strong> meni televisiossa ehdottamaan, ett\u00e4 el\u00e4keyhti\u00f6iden rahoja pit\u00e4isi k\u00e4ytt\u00e4\u00e4 liikennev\u00e4ylien rakentamiseen. Jopa p\u00e4\u00e4ministeri <strong>Mari Kiviniemen<\/strong> (kesk) ensireaktio ehdotukseen oli my\u00f6nteinen.<\/p>\n\n\n\n<p>Ehdotus sai kaikki vastuulliset voimat liikkeelle. Soinin &#8221;kikka kolmonen&#8221; ammuttiin taloustoimittajien kolumneissa ja poliitikkojen blogeissa lonkalta alas.<\/p>\n\n\n\n<p>&#8221;Onko Kiviniemi valmis uhraamaan el\u00e4kkeetkin aluepolitiikan alttarille&#8221;, kokoomuksen kasanedustaja <strong>Sari Sarkomaa<\/strong> parahti.<\/p>\n\n\n\n<p>Pahaltahan se kuulostaa, jos tuleviin tarpeisiin varattuihin el\u00e4kerahastoihin kajotaan. Mutta niin kuin Soini letkautti, ovathan el\u00e4kevarat paremmin turvassa suomalaisissa investoinneissa kuin esimerkiksi Kreikalle my\u00f6nnetyiss\u00e4 lainoissa.<\/p>\n\n\n\n<p>Soini ja Kiviniemi eiv\u00e4t tietenk\u00e4\u00e4n tarkoita, ett\u00e4 esimerkiksi Varma ja Ilmarinen ryhtyisiv\u00e4t ilman tuotto-odotuksia rahoittamaan rautateiden tai moottoriteiden rakentamista. Sen sijaan, ett\u00e4 ne sijoittavat varojaan esimerkiksi Suomen valtion joukkovelkakirjoihin, ne sijoittaisivatkin teit\u00e4 rakentavan yhti\u00f6n lainoihin. Viime k\u00e4dess\u00e4 lainojen takana olisi kuitenkin julkinen valta.<\/p>\n\n\n\n<p>Lopputulos olisi sama. Valtion velkavastuu kasvaisi. Se tapahtuisi vain mutkan kautta. Silloin liikuttaisiin samoilla vesill\u00e4 kuin Kreikan valtio, joka k\u00e4tki velkojaan peiteyhti\u00f6ihin ja antoi esimerkiksi lentokenttien tulevia tuottoja velkojensa vakuudeksi.<\/p>\n\n\n\n<h3 class=\"wp-block-heading\">Kaivoksille my\u00f6s<\/h3>\n\n\n\n<p>El\u00e4kerahoja halutaan my\u00f6s teollisuusinvestointeihin. Ty\u00f6- ja elinkeinoministeri <strong>Mauri Pekkarisen<\/strong> (kesk) nime\u00e4m\u00e4 selvitysmies <strong>Tom Niemi<\/strong> ehdotti helmikuussa, ett\u00e4 valtio perustaisi kaivosrahaston. Se keskittyisi aikaisen vaiheen projekteihin, joihin on vaikea saada yksityist\u00e4 rahoitusta.<\/p>\n\n\n\n<p>Esityksen mukaan valtion osuus satojen miljoonien rahastossa olisi puolet. Toinen puolikas tulisi sijoitusmarkkinoilta, &#8221;esimerkiksi el\u00e4kevakuutusyhti\u00f6ilt\u00e4&#8221;. Ministeri Pekkarinen kertoi viev\u00e4ns\u00e4 asiaa voimallisesti eteenp\u00e4in jo ennen huhtikuun vaaleja.<\/p>\n\n\n\n<p>Soinin ja Pekkarisen aloitteet kuulostavat &#8221;aluepolitiikan alttarilta&#8221; tai suorastaan siltarumpupolitiikalta, johon valtiomiestasolle pyrkiv\u00e4n poliitikon ei pit\u00e4isi langeta.<\/p>\n\n\n\n<p>Mutta voi niist\u00e4 ajatella toisinkin. Jospa ne ovat aktiivista teollisuuspolitiikkaa, jota Suomessa harjoitettiin voimallisesti mennein\u00e4 vuosikymmenin\u00e4.<\/p>\n\n\n\n<p>Siihen Suomessa on edelleen tarvetta. Ajatelkaa nyt. Pohjois- ja It\u00e4-Suomeen nousee uutta kaivosteollisuutta, jolle tiet, rautatiet ja satamat ovat elinehto.<\/p>\n\n\n\n<p>Laajentuvan kaivostoiminnan viennin suurin pullonkaula on Ylivieska-Kokkola-rataosuus, jolle kaksoisraide olisi v\u00e4ltt\u00e4m\u00e4t\u00f6n. Selvitysmies Tom Niemen mielest\u00e4 kaivoskuljetusten tehostamiseksi pohjoisen rautatieyhteydet pit\u00e4isi s\u00e4hk\u00f6ist\u00e4\u00e4 Kolariin saakka. Pohjanlahden satamat, erityisesti Kokkola, tarvitsevat my\u00f6s investointirahaa.<\/p>\n\n\n\n<p>Etel\u00e4nkin rauta- ja maantiev\u00e4yl\u00e4t tarvitsevat kipe\u00e4sti kunnostusta. Esimerkiksi poikittaisliikenne Tukholmasta Turun ja Keh\u00e4 III:n kautta Pietariin on edelleen kelvoton.<\/p>\n\n\n\n<p>Suomi on ulkomaankaupalle saari ja pussinper\u00e4. Pohjois-Suomen teollisuuden vienti kulkee Per\u00e4meren pohjukasta Merenkurkun kautta Tanskan salmiin ja vasta sielt\u00e4 maailman merille. Talvella Suomen satamat ovat j\u00e4\u00e4ss\u00e4.<\/p>\n\n\n\n<p>Ruotsin teollisuus p\u00e4\u00e4see Pohjanmeren satamien ja Norjan Narvikin kautta suoraan maailmalle. Annetaanko t\u00e4m\u00e4n etumatkan kasvaa j\u00e4tt\u00e4m\u00e4ll\u00e4 Suomen tiet, radat ja satamat rempalleen sill\u00e4 perusteella, ettei Suomen valtiolla ole varaa investointeihin?<\/p>\n\n\n\n\n<h5 class=\"wp-block-heading\">Kuvitus Janne Tervam\u00e4ki.<\/h5>\n\n\n","protected":false},"excerpt":{"rendered":"<p>Voi kauhistus! Perussuomalaisten puheenjohtaja Timo Soini meni televisiossa ehdottamaan, ett\u00e4 el\u00e4keyhti\u00f6iden rahoja pit\u00e4isi k\u00e4ytt\u00e4\u00e4 liikennev\u00e4ylien rakentamiseen. Jopa p\u00e4\u00e4ministeri Mari Kiviniemen (kesk) ensireaktio ehdotukseen oli my\u00f6nteinen. Ehdotus sai kaikki<br \/>\nvastuullis&hellip;<\/p>\n","protected":false},"author":223,"featured_media":0,"comment_status":"open","ping_status":"open","sticky":false,"template":"","format":"standard","meta":{"_acf_changed":false,"asauth_required_access_level":0,"asauth_cansharepaid":"","om_header_attributes":[],"footnotes":"","om_featured_image_focal_point":[],"om_primary_tag":0,"om_contributors":[],"om_co_authors":[],"beyondwords_generate_audio":"","beyondwords_project_id":"","beyondwords_content_id":"","beyondwords_preview_token":"","beyondwords_player_content":"","beyondwords_player_style":"","beyondwords_language_code":"","beyondwords_language_id":"","beyondwords_title_voice_id":"","beyondwords_body_voice_id":"","beyondwords_summary_voice_id":"","beyondwords_error_message":"","beyondwords_disabled":"","beyondwords_delete_content":"","beyondwords_podcast_id":"","beyondwords_hash":"","publish_post_to_speechkit":"","speechkit_hash":"","speechkit_generate_audio":"","speechkit_project_id":"","speechkit_podcast_id":"","speechkit_error_message":"","speechkit_disabled":"","speechkit_access_key":"","speechkit_error":"","speechkit_info":"","speechkit_response":"","speechkit_retries":"","speechkit_status":"","speechkit_updated_at":"","_speechkit_link":"","_speechkit_text":""},"categories":[1],"tags":[375,374,370,372,371,369,373],"class_list":["post-239","post","type-post","status-publish","format-standard","hentry","category-nurkanvaltaaja","tag-aluepolitiikka","tag-liikennevaylat","tag-mari-kiviniemi","tag-mauri-pekkarinen","tag-sari-sarkomaa","tag-timo-soini","tag-tom-niemi"],"om_views":null,"acf":{"tuuma_off":false,"tuuma_kysymys":"","tuuma_vastaus":""},"asauth":{"required_access_level":1,"share_token":"","is_paid":false},"yoast_head":"<!-- This site is optimized with the Yoast SEO plugin v26.4 - https:\/\/yoast.com\/wordpress\/plugins\/seo\/ -->\n<title>El\u00e4kerahojen tuhlausta vai j\u00e4rkev\u00e4\u00e4 aluepolitiikkaa? - Nurkanvaltaaja<\/title>\n<meta name=\"robots\" content=\"index, follow, max-snippet:-1, max-image-preview:large, max-video-preview:-1\" \/>\n<link rel=\"canonical\" href=\"https:\/\/suomenkuvalehti.fi\/nurkanvaltaaja\/elakerahojen-tuhlausta-vai-jarkevaa-aluepolitiikkaa\/\" \/>\n<meta property=\"og:locale\" content=\"fi_FI\" \/>\n<meta property=\"og:type\" content=\"article\" \/>\n<meta property=\"og:title\" content=\"El\u00e4kerahojen tuhlausta vai j\u00e4rkev\u00e4\u00e4 aluepolitiikkaa? - Nurkanvaltaaja\" \/>\n<meta property=\"og:description\" content=\"Voi kauhistus! Perussuomalaisten puheenjohtaja Timo Soini meni televisiossa ehdottamaan, ett\u00e4 el\u00e4keyhti\u00f6iden rahoja pit\u00e4isi k\u00e4ytt\u00e4\u00e4 liikennev\u00e4ylien rakentamiseen. Jopa p\u00e4\u00e4ministeri Mari Kiviniemen (kesk) ensireaktio ehdotukseen oli my\u00f6nteinen. Ehdotus sai kaikki vastuullis&hellip;\" \/>\n<meta property=\"og:url\" content=\"https:\/\/suomenkuvalehti.fi\/nurkanvaltaaja\/elakerahojen-tuhlausta-vai-jarkevaa-aluepolitiikkaa\/\" \/>\n<meta property=\"og:site_name\" content=\"Nurkanvaltaaja\" \/>\n<meta property=\"article:published_time\" content=\"2011-03-14T05:31:00+00:00\" \/>\n<meta property=\"article:modified_time\" content=\"2013-11-29T14:48:03+00:00\" \/>\n<meta property=\"og:image\" content=\"https:\/\/suomenkuvalehti.fi\/wp-content\/uploads\/sk\/files\/2011%20Uutisen%20kuvat\/tervam.jpg\" \/>\n<meta name=\"author\" content=\"Juha Jaakkola\" \/>\n<meta name=\"twitter:label1\" content=\"Written by\" \/>\n\t<meta name=\"twitter:data1\" content=\"Juha Jaakkola\" \/>\n\t<meta name=\"twitter:label2\" content=\"Est. reading time\" \/>\n\t<meta name=\"twitter:data2\" content=\"2 minuuttia\" \/>\n<script type=\"application\/ld+json\" class=\"yoast-schema-graph\">{\"@context\":\"https:\/\/schema.org\",\"@graph\":[{\"@type\":\"WebPage\",\"@id\":\"https:\/\/suomenkuvalehti.fi\/nurkanvaltaaja\/elakerahojen-tuhlausta-vai-jarkevaa-aluepolitiikkaa\/\",\"url\":\"https:\/\/suomenkuvalehti.fi\/nurkanvaltaaja\/elakerahojen-tuhlausta-vai-jarkevaa-aluepolitiikkaa\/\",\"name\":\"El\u00e4kerahojen tuhlausta vai j\u00e4rkev\u00e4\u00e4 aluepolitiikkaa? - Nurkanvaltaaja\",\"isPartOf\":{\"@id\":\"https:\/\/suomenkuvalehti.fi\/nurkanvaltaaja\/#website\"},\"primaryImageOfPage\":{\"@id\":\"https:\/\/suomenkuvalehti.fi\/nurkanvaltaaja\/elakerahojen-tuhlausta-vai-jarkevaa-aluepolitiikkaa\/#primaryimage\"},\"image\":{\"@id\":\"https:\/\/suomenkuvalehti.fi\/nurkanvaltaaja\/elakerahojen-tuhlausta-vai-jarkevaa-aluepolitiikkaa\/#primaryimage\"},\"thumbnailUrl\":\"https:\/\/suomenkuvalehti.fi\/wp-content\/uploads\/sk\/files\/2011%20Uutisen%20kuvat\/tervam.jpg\",\"datePublished\":\"2011-03-14T05:31:00+00:00\",\"dateModified\":\"2013-11-29T14:48:03+00:00\",\"author\":{\"@id\":\"https:\/\/suomenkuvalehti.fi\/nurkanvaltaaja\/#\/schema\/person\/142b546174710b72b1e522f6499a6d00\"},\"breadcrumb\":{\"@id\":\"https:\/\/suomenkuvalehti.fi\/nurkanvaltaaja\/elakerahojen-tuhlausta-vai-jarkevaa-aluepolitiikkaa\/#breadcrumb\"},\"inLanguage\":\"fi\",\"potentialAction\":[{\"@type\":\"ReadAction\",\"target\":[\"https:\/\/suomenkuvalehti.fi\/nurkanvaltaaja\/elakerahojen-tuhlausta-vai-jarkevaa-aluepolitiikkaa\/\"]}]},{\"@type\":\"ImageObject\",\"inLanguage\":\"fi\",\"@id\":\"https:\/\/suomenkuvalehti.fi\/nurkanvaltaaja\/elakerahojen-tuhlausta-vai-jarkevaa-aluepolitiikkaa\/#primaryimage\",\"url\":\"https:\/\/suomenkuvalehti.fi\/wp-content\/uploads\/sk\/files\/2011%20Uutisen%20kuvat\/tervam.jpg\",\"contentUrl\":\"https:\/\/suomenkuvalehti.fi\/wp-content\/uploads\/sk\/files\/2011%20Uutisen%20kuvat\/tervam.jpg\"},{\"@type\":\"BreadcrumbList\",\"@id\":\"https:\/\/suomenkuvalehti.fi\/nurkanvaltaaja\/elakerahojen-tuhlausta-vai-jarkevaa-aluepolitiikkaa\/#breadcrumb\",\"itemListElement\":[{\"@type\":\"ListItem\",\"position\":1,\"name\":\"Home\",\"item\":\"https:\/\/suomenkuvalehti.fi\/nurkanvaltaaja\/\"},{\"@type\":\"ListItem\",\"position\":2,\"name\":\"El\u00e4kerahojen tuhlausta vai j\u00e4rkev\u00e4\u00e4 aluepolitiikkaa?\"}]},{\"@type\":\"WebSite\",\"@id\":\"https:\/\/suomenkuvalehti.fi\/nurkanvaltaaja\/#website\",\"url\":\"https:\/\/suomenkuvalehti.fi\/nurkanvaltaaja\/\",\"name\":\"Nurkanvaltaaja\",\"description\":\"Suomen Kuvalehden taloustoimittajat kommentoivat rahan liikkeit\u00e4.\",\"potentialAction\":[{\"@type\":\"SearchAction\",\"target\":{\"@type\":\"EntryPoint\",\"urlTemplate\":\"https:\/\/suomenkuvalehti.fi\/haku\/?q={search_term_string}\"},\"query-input\":{\"@type\":\"PropertyValueSpecification\",\"valueRequired\":true,\"valueName\":\"search_term_string\"}}],\"inLanguage\":\"fi\"},{\"@type\":\"Person\",\"@id\":\"https:\/\/suomenkuvalehti.fi\/nurkanvaltaaja\/#\/schema\/person\/142b546174710b72b1e522f6499a6d00\",\"name\":\"Juha Jaakkola\",\"image\":{\"@type\":\"ImageObject\",\"inLanguage\":\"fi\",\"@id\":\"https:\/\/suomenkuvalehti.fi\/nurkanvaltaaja\/#\/schema\/person\/image\/\",\"url\":\"https:\/\/suomenkuvalehti.fi\/nurkanvaltaaja\/wp-content\/uploads\/sites\/2\/2013\/11\/sk_leijona_kulta-150x150.png\",\"contentUrl\":\"https:\/\/suomenkuvalehti.fi\/nurkanvaltaaja\/wp-content\/uploads\/sites\/2\/2013\/11\/sk_leijona_kulta-150x150.png\",\"caption\":\"Juha Jaakkola\"}}]}<\/script>\n<!-- \/ Yoast SEO plugin. -->","yoast_head_json":{"title":"El\u00e4kerahojen tuhlausta vai j\u00e4rkev\u00e4\u00e4 aluepolitiikkaa? - Nurkanvaltaaja","robots":{"index":"index","follow":"follow","max-snippet":"max-snippet:-1","max-image-preview":"max-image-preview:large","max-video-preview":"max-video-preview:-1"},"canonical":"https:\/\/suomenkuvalehti.fi\/nurkanvaltaaja\/elakerahojen-tuhlausta-vai-jarkevaa-aluepolitiikkaa\/","og_locale":"fi_FI","og_type":"article","og_title":"El\u00e4kerahojen tuhlausta vai j\u00e4rkev\u00e4\u00e4 aluepolitiikkaa? - Nurkanvaltaaja","og_description":"Voi kauhistus! Perussuomalaisten puheenjohtaja Timo Soini meni televisiossa ehdottamaan, ett\u00e4 el\u00e4keyhti\u00f6iden rahoja pit\u00e4isi k\u00e4ytt\u00e4\u00e4 liikennev\u00e4ylien rakentamiseen. Jopa p\u00e4\u00e4ministeri Mari Kiviniemen (kesk) ensireaktio ehdotukseen oli my\u00f6nteinen. Ehdotus sai kaikki vastuullis&hellip;","og_url":"https:\/\/suomenkuvalehti.fi\/nurkanvaltaaja\/elakerahojen-tuhlausta-vai-jarkevaa-aluepolitiikkaa\/","og_site_name":"Nurkanvaltaaja","article_published_time":"2011-03-14T05:31:00+00:00","article_modified_time":"2013-11-29T14:48:03+00:00","og_image":[{"url":"https:\/\/suomenkuvalehti.fi\/wp-content\/uploads\/sk\/files\/2011%20Uutisen%20kuvat\/tervam.jpg","type":"","width":"","height":""}],"author":"Juha Jaakkola","twitter_misc":{"Written by":"Juha Jaakkola","Est. reading time":"2 minuuttia"},"schema":{"@context":"https:\/\/schema.org","@graph":[{"@type":"WebPage","@id":"https:\/\/suomenkuvalehti.fi\/nurkanvaltaaja\/elakerahojen-tuhlausta-vai-jarkevaa-aluepolitiikkaa\/","url":"https:\/\/suomenkuvalehti.fi\/nurkanvaltaaja\/elakerahojen-tuhlausta-vai-jarkevaa-aluepolitiikkaa\/","name":"El\u00e4kerahojen tuhlausta vai j\u00e4rkev\u00e4\u00e4 aluepolitiikkaa? - Nurkanvaltaaja","isPartOf":{"@id":"https:\/\/suomenkuvalehti.fi\/nurkanvaltaaja\/#website"},"primaryImageOfPage":{"@id":"https:\/\/suomenkuvalehti.fi\/nurkanvaltaaja\/elakerahojen-tuhlausta-vai-jarkevaa-aluepolitiikkaa\/#primaryimage"},"image":{"@id":"https:\/\/suomenkuvalehti.fi\/nurkanvaltaaja\/elakerahojen-tuhlausta-vai-jarkevaa-aluepolitiikkaa\/#primaryimage"},"thumbnailUrl":"https:\/\/suomenkuvalehti.fi\/wp-content\/uploads\/sk\/files\/2011%20Uutisen%20kuvat\/tervam.jpg","datePublished":"2011-03-14T05:31:00+00:00","dateModified":"2013-11-29T14:48:03+00:00","author":{"@id":"https:\/\/suomenkuvalehti.fi\/nurkanvaltaaja\/#\/schema\/person\/142b546174710b72b1e522f6499a6d00"},"breadcrumb":{"@id":"https:\/\/suomenkuvalehti.fi\/nurkanvaltaaja\/elakerahojen-tuhlausta-vai-jarkevaa-aluepolitiikkaa\/#breadcrumb"},"inLanguage":"fi","potentialAction":[{"@type":"ReadAction","target":["https:\/\/suomenkuvalehti.fi\/nurkanvaltaaja\/elakerahojen-tuhlausta-vai-jarkevaa-aluepolitiikkaa\/"]}]},{"@type":"ImageObject","inLanguage":"fi","@id":"https:\/\/suomenkuvalehti.fi\/nurkanvaltaaja\/elakerahojen-tuhlausta-vai-jarkevaa-aluepolitiikkaa\/#primaryimage","url":"https:\/\/suomenkuvalehti.fi\/wp-content\/uploads\/sk\/files\/2011%20Uutisen%20kuvat\/tervam.jpg","contentUrl":"https:\/\/suomenkuvalehti.fi\/wp-content\/uploads\/sk\/files\/2011%20Uutisen%20kuvat\/tervam.jpg"},{"@type":"BreadcrumbList","@id":"https:\/\/suomenkuvalehti.fi\/nurkanvaltaaja\/elakerahojen-tuhlausta-vai-jarkevaa-aluepolitiikkaa\/#breadcrumb","itemListElement":[{"@type":"ListItem","position":1,"name":"Home","item":"https:\/\/suomenkuvalehti.fi\/nurkanvaltaaja\/"},{"@type":"ListItem","position":2,"name":"El\u00e4kerahojen tuhlausta vai j\u00e4rkev\u00e4\u00e4 aluepolitiikkaa?"}]},{"@type":"WebSite","@id":"https:\/\/suomenkuvalehti.fi\/nurkanvaltaaja\/#website","url":"https:\/\/suomenkuvalehti.fi\/nurkanvaltaaja\/","name":"Nurkanvaltaaja","description":"Suomen Kuvalehden taloustoimittajat kommentoivat rahan liikkeit\u00e4.","potentialAction":[{"@type":"SearchAction","target":{"@type":"EntryPoint","urlTemplate":"https:\/\/suomenkuvalehti.fi\/haku\/?q={search_term_string}"},"query-input":{"@type":"PropertyValueSpecification","valueRequired":true,"valueName":"search_term_string"}}],"inLanguage":"fi"},{"@type":"Person","@id":"https:\/\/suomenkuvalehti.fi\/nurkanvaltaaja\/#\/schema\/person\/142b546174710b72b1e522f6499a6d00","name":"Juha Jaakkola","image":{"@type":"ImageObject","inLanguage":"fi","@id":"https:\/\/suomenkuvalehti.fi\/nurkanvaltaaja\/#\/schema\/person\/image\/","url":"https:\/\/suomenkuvalehti.fi\/nurkanvaltaaja\/wp-content\/uploads\/sites\/2\/2013\/11\/sk_leijona_kulta-150x150.png","contentUrl":"https:\/\/suomenkuvalehti.fi\/nurkanvaltaaja\/wp-content\/uploads\/sites\/2\/2013\/11\/sk_leijona_kulta-150x150.png","caption":"Juha Jaakkola"}}]}},"_links":{"self":[{"href":"https:\/\/suomenkuvalehti.fi\/nurkanvaltaaja\/wp-json\/wp\/v2\/posts\/239","targetHints":{"allow":["GET"]}}],"collection":[{"href":"https:\/\/suomenkuvalehti.fi\/nurkanvaltaaja\/wp-json\/wp\/v2\/posts"}],"about":[{"href":"https:\/\/suomenkuvalehti.fi\/nurkanvaltaaja\/wp-json\/wp\/v2\/types\/post"}],"author":[{"embeddable":true,"href":"https:\/\/suomenkuvalehti.fi\/nurkanvaltaaja\/wp-json\/wp\/v2\/users\/223"}],"replies":[{"embeddable":true,"href":"https:\/\/suomenkuvalehti.fi\/nurkanvaltaaja\/wp-json\/wp\/v2\/comments?post=239"}],"version-history":[{"count":1,"href":"https:\/\/suomenkuvalehti.fi\/nurkanvaltaaja\/wp-json\/wp\/v2\/posts\/239\/revisions"}],"predecessor-version":[{"id":415,"href":"https:\/\/suomenkuvalehti.fi\/nurkanvaltaaja\/wp-json\/wp\/v2\/posts\/239\/revisions\/415"}],"wp:attachment":[{"href":"https:\/\/suomenkuvalehti.fi\/nurkanvaltaaja\/wp-json\/wp\/v2\/media?parent=239"}],"wp:term":[{"taxonomy":"category","embeddable":true,"href":"https:\/\/suomenkuvalehti.fi\/nurkanvaltaaja\/wp-json\/wp\/v2\/categories?post=239"},{"taxonomy":"post_tag","embeddable":true,"href":"https:\/\/suomenkuvalehti.fi\/nurkanvaltaaja\/wp-json\/wp\/v2\/tags?post=239"}],"curies":[{"name":"wp","href":"https:\/\/api.w.org\/{rel}","templated":true}]}}