{"id":228,"date":"2011-06-06T06:30:00","date_gmt":"2011-06-06T03:30:00","guid":{"rendered":"https:\/\/suomenkuvalehti.fi\/nurkanvaltaaja\/2011\/06\/06\/internet-ja-sosiaalinen-media-eivat-itsessaan-tuo-talouskasvua\/"},"modified":"2013-11-29T16:48:03","modified_gmt":"2013-11-29T14:48:03","slug":"internet-ja-sosiaalinen-media-eivat-itsessaan-tuo-talouskasvua","status":"publish","type":"post","link":"https:\/\/suomenkuvalehti.fi\/nurkanvaltaaja\/internet-ja-sosiaalinen-media-eivat-itsessaan-tuo-talouskasvua\/","title":{"rendered":"Internet ja sosiaalinen media eiv\u00e4t itsess\u00e4\u00e4n tuo talouskasvua"},"content":{"rendered":"<figure class=\"wp-block-image size-full alignnone\">\n  <div class=\"wp-block-image__inner-container\">\n    <a href='https:\/\/suomenkuvalehti.fi\/wp-content\/uploads\/sk\/files\/2011%20Uutisen%20kuvat\/eurotietokone.jpg'><img decoding=\"async\" src=\"https:\/\/suomenkuvalehti.fi\/wp-content\/uploads\/sk\/files\/2011%20Uutisen%20kuvat\/eurotietokone.jpg\" alt=\"Eurotietokone\"\/><\/a>  <\/div>\n<\/figure>\n\n\n<h6 class=\"wp-block-heading\"> Kuvitus Janne Tervam\u00e4ki.<\/h6>\n\n\n\n\n<p>Kun vaalikenttien melu laimenee ja uusi hallitus tarttuu t\u00f6ihin, on pakko keskitty\u00e4 olennaiseen. Mallia voi hakea Britanniasta. Siell\u00e4kin mentiin vaaleihin sammutetuin lyhdyin. Ennen puhuttiin pikkuasioista, j\u00e4lkeen on k\u00e4sitelt\u00e4v\u00e4 isoja asioita, kest\u00e4vyysvajetta ja huoltosuhdetta.<\/p>\n\n\n\n<p>Kest\u00e4vyysvaje ei ole vain kamreeritekniikkaa, vaan megaluokan rakennemuutos. Miten sopeudutaan hitaampaan kasvuun hajottamatta yhteiskunnan perusteita?<\/p>\n\n\n\n<p>Kasvua voi toki yritt\u00e4\u00e4 yll\u00e4pit\u00e4\u00e4 veroratkaisuilla. Mutta pienet kannustimet t\u00f6rm\u00e4\u00e4v\u00e4t kasvua hidastaviin suuriin trendeihin: ty\u00f6voiman ja p\u00e4\u00e4oman saatavuus, energian ja raaka-aineiden kallistuminen ja mik\u00e4 pahinta, teknologisen kehityksen hidastuminen.<\/p>\n\n\n\n<p>Internet ja sosiaalinen media ovat viime vuosien suurimmat teknologia-alustat. Ne kuitenkin tuovat aika vaatimattomia tulovirtoja ja v\u00e4h\u00e4n ty\u00f6paikkoja verrattuna vaikka polttomoottoreihin ja televisioihin. Twitter ty\u00f6llist\u00e4\u00e4 noin kolmesataa ihmist\u00e4.<\/p>\n\n\n\n<p>Sosiaalisessa mediassa k\u00e4ytt\u00e4j\u00e4t luovat itse sis\u00e4lt\u00f6j\u00e4. Se edesauttaa ihmisten kyky\u00e4 s\u00e4\u00e4t\u00e4\u00e4 omaa el\u00e4m\u00e4\u00e4ns\u00e4, lis\u00e4\u00e4 vuorovaikutusta ja mahdollisesti jopa onnellisuutta. Rahatalouden ulkopuolisella toiminnalla ei kuitenkaan lyhennet\u00e4 valtion velkaa eik\u00e4 makseta kuntien el\u00e4kkeit\u00e4. Sen sijaan uudet mediat ja menetelm\u00e4t voivat v\u00e4hent\u00e4\u00e4 julkisia menoja ja lis\u00e4t\u00e4 vaikuttavuusperustaista toimintaa.<\/p>\n\n\n\n<h3 class=\"wp-block-heading\">Mitattavaa vaikutusta<\/h3>\n\n\n\n<p>Julkisista palveluista puuttuu vaikutusvastuu ja kyky k\u00e4sitell\u00e4 riskej\u00e4. Vaikuttavuudesta ei seuraa palkintoa, toteutuneet riskit hautautuvat. Niinp\u00e4 innovaatioita pit\u00e4isi hakea sosiaalisen median vahvistaman kansalaisyhteiskunnan, riskinottokykyisten markkinoiden ja yhteiseen hyv\u00e4\u00e4n pyrkiv\u00e4n julkisen sektorin rajapinnasta.<\/p>\n\n\n\n<p>Britanniassa on kehitetty sosiaalisen vaikuttavuuteen perustuva rahoitusinstrumentti Social Impact Bond (SIB). Yksityist\u00e4 riskirahaa k\u00e4ytet\u00e4\u00e4n julkisesti m\u00e4\u00e4riteltyihin vaikutuksiin, esimerkiksi uusintarikollisuuden ehk\u00e4isyyn. Vaikutus on helppo mitata: kuinka moni on vankilasta vapauduttuaan pysynyt kaidalla polulla m\u00e4\u00e4r\u00e4tyn m\u00e4\u00e4r\u00e4n vuosia.<\/p>\n\n\n\n<p>Investointirahasto ker\u00e4\u00e4 p\u00e4\u00e4omia sijoittajilta ja j\u00e4rjest\u00e4\u00e4 toiminnan k\u00e4ytt\u00e4en parhaita tunnettuja menetelmi\u00e4 ja asiantuntijoita. Valtio maksaa sijoittajille toteutuneeseen vaikutukseen sidotun tuoton. Jos vaikutuksia ei tule, sijoittaja menett\u00e4\u00e4 rahansa, onnistuessaan h\u00e4n tekee hyv\u00e4n tilin.<\/p>\n\n\n\n<p>SIB sopii asioihin, joissa vaikutus on selv\u00e4sti todettavissa ja sen aikaansaamat hy\u00f6dyt ja s\u00e4\u00e4st\u00f6t voidaan laskea rahassa. Sijoittaja ja valtio voivat t\u00e4ten tehd\u00e4 sopimuksen aikaansaadun arvon jakamisesta. Julkinen hy\u00f6tyy, koska se v\u00e4ltt\u00e4\u00e4 riskin ja maksaa vain toteutuneesta vaikutuksesta, yksityinen joutuu tekem\u00e4\u00e4n kaikkensa saadakseen sijoitukselleen tuoton. Todellinen riski tuo vaikuttavuusvastuun.<\/p>\n\n\n\n<p>Julkisen ja yksityisen v\u00e4lill\u00e4 on runsaasti rajapintaenergiaa. Sen valjastaminen vaatii innovaatioita vaikutusten mittaamisessa ja sopimustekniikassa.<br>Jos teknologiavetoinen talouskasvu ei ainakaan v\u00e4h\u00e4\u00e4n aikaan korjaa kest\u00e4vyysvajetta, sosiaalisille innovaatioille on raivattava tilaa.<\/p>\n\n\n\n","protected":false},"excerpt":{"rendered":"<p>Kuvitus Janne Tervam\u00e4ki. Kun vaalikenttien melu laimenee ja uusi hallitus tarttuu t\u00f6ihin, on pakko keskitty\u00e4 olennaiseen. Mallia voi hakea Britanniasta. Siell\u00e4kin mentiin vaaleihin sammutetuin lyhdyin. Ennen puhuttiin pikkuasioista, j\u00e4lkeen on k\u00e4sitelt\u00e4v\u00e4<br \/>\nisoja a&hellip;<\/p>\n","protected":false},"author":114,"featured_media":0,"comment_status":"open","ping_status":"open","sticky":false,"template":"","format":"standard","meta":{"_acf_changed":false,"asauth_required_access_level":0,"asauth_cansharepaid":"","om_header_attributes":[],"footnotes":"","om_featured_image_focal_point":[],"om_primary_tag":0,"om_contributors":[],"om_co_authors":[],"beyondwords_generate_audio":"","beyondwords_project_id":"","beyondwords_content_id":"","beyondwords_preview_token":"","beyondwords_player_content":"","beyondwords_player_style":"","beyondwords_language_code":"","beyondwords_language_id":"","beyondwords_title_voice_id":"","beyondwords_body_voice_id":"","beyondwords_summary_voice_id":"","beyondwords_error_message":"","beyondwords_disabled":"","beyondwords_delete_content":"","beyondwords_podcast_id":"","beyondwords_hash":"","publish_post_to_speechkit":"","speechkit_hash":"","speechkit_generate_audio":"","speechkit_project_id":"","speechkit_podcast_id":"","speechkit_error_message":"","speechkit_disabled":"","speechkit_access_key":"","speechkit_error":"","speechkit_info":"","speechkit_response":"","speechkit_retries":"","speechkit_status":"","speechkit_updated_at":"","_speechkit_link":"","_speechkit_text":""},"categories":[1],"tags":[272,231,344,25],"class_list":["post-228","post","type-post","status-publish","format-standard","hentry","category-nurkanvaltaaja","tag-innovaatiot","tag-internet","tag-sosiaalinen-media","tag-talouskasvu"],"om_views":null,"acf":{"tuuma_off":false,"tuuma_kysymys":"","tuuma_vastaus":""},"asauth":{"required_access_level":1,"share_token":"","is_paid":false},"yoast_head":"<!-- This site is optimized with the Yoast SEO plugin v26.4 - https:\/\/yoast.com\/wordpress\/plugins\/seo\/ -->\n<title>Internet ja sosiaalinen media eiv\u00e4t itsess\u00e4\u00e4n tuo talouskasvua - Nurkanvaltaaja<\/title>\n<meta name=\"robots\" content=\"index, follow, max-snippet:-1, max-image-preview:large, max-video-preview:-1\" \/>\n<link rel=\"canonical\" href=\"https:\/\/suomenkuvalehti.fi\/nurkanvaltaaja\/internet-ja-sosiaalinen-media-eivat-itsessaan-tuo-talouskasvua\/\" \/>\n<meta property=\"og:locale\" content=\"fi_FI\" \/>\n<meta property=\"og:type\" content=\"article\" \/>\n<meta property=\"og:title\" content=\"Internet ja sosiaalinen media eiv\u00e4t itsess\u00e4\u00e4n tuo talouskasvua - Nurkanvaltaaja\" \/>\n<meta property=\"og:description\" content=\"Kuvitus Janne Tervam\u00e4ki. Kun vaalikenttien melu laimenee ja uusi hallitus tarttuu t\u00f6ihin, on pakko keskitty\u00e4 olennaiseen. Mallia voi hakea Britanniasta. Siell\u00e4kin mentiin vaaleihin sammutetuin lyhdyin. Ennen puhuttiin pikkuasioista, j\u00e4lkeen on k\u00e4sitelt\u00e4v\u00e4 isoja a&hellip;\" \/>\n<meta property=\"og:url\" content=\"https:\/\/suomenkuvalehti.fi\/nurkanvaltaaja\/internet-ja-sosiaalinen-media-eivat-itsessaan-tuo-talouskasvua\/\" \/>\n<meta property=\"og:site_name\" content=\"Nurkanvaltaaja\" \/>\n<meta property=\"article:published_time\" content=\"2011-06-06T03:30:00+00:00\" \/>\n<meta property=\"article:modified_time\" content=\"2013-11-29T14:48:03+00:00\" \/>\n<meta property=\"og:image\" content=\"https:\/\/suomenkuvalehti.fi\/wp-content\/uploads\/sk\/files\/2011%20Uutisen%20kuvat\/eurotietokone.jpg\" \/>\n<meta name=\"author\" content=\"Paul Lillrank\" \/>\n<meta name=\"twitter:label1\" content=\"Written by\" \/>\n\t<meta name=\"twitter:data1\" content=\"Paul Lillrank\" \/>\n\t<meta name=\"twitter:label2\" content=\"Est. reading time\" \/>\n\t<meta name=\"twitter:data2\" content=\"2 minuuttia\" \/>\n<script type=\"application\/ld+json\" class=\"yoast-schema-graph\">{\"@context\":\"https:\/\/schema.org\",\"@graph\":[{\"@type\":\"WebPage\",\"@id\":\"https:\/\/suomenkuvalehti.fi\/nurkanvaltaaja\/internet-ja-sosiaalinen-media-eivat-itsessaan-tuo-talouskasvua\/\",\"url\":\"https:\/\/suomenkuvalehti.fi\/nurkanvaltaaja\/internet-ja-sosiaalinen-media-eivat-itsessaan-tuo-talouskasvua\/\",\"name\":\"Internet ja sosiaalinen media eiv\u00e4t itsess\u00e4\u00e4n tuo talouskasvua - Nurkanvaltaaja\",\"isPartOf\":{\"@id\":\"https:\/\/suomenkuvalehti.fi\/nurkanvaltaaja\/#website\"},\"primaryImageOfPage\":{\"@id\":\"https:\/\/suomenkuvalehti.fi\/nurkanvaltaaja\/internet-ja-sosiaalinen-media-eivat-itsessaan-tuo-talouskasvua\/#primaryimage\"},\"image\":{\"@id\":\"https:\/\/suomenkuvalehti.fi\/nurkanvaltaaja\/internet-ja-sosiaalinen-media-eivat-itsessaan-tuo-talouskasvua\/#primaryimage\"},\"thumbnailUrl\":\"https:\/\/suomenkuvalehti.fi\/wp-content\/uploads\/sk\/files\/2011%20Uutisen%20kuvat\/eurotietokone.jpg\",\"datePublished\":\"2011-06-06T03:30:00+00:00\",\"dateModified\":\"2013-11-29T14:48:03+00:00\",\"author\":{\"@id\":\"https:\/\/suomenkuvalehti.fi\/nurkanvaltaaja\/#\/schema\/person\/ba405233633eae7d5393f2e948fe6854\"},\"breadcrumb\":{\"@id\":\"https:\/\/suomenkuvalehti.fi\/nurkanvaltaaja\/internet-ja-sosiaalinen-media-eivat-itsessaan-tuo-talouskasvua\/#breadcrumb\"},\"inLanguage\":\"fi\",\"potentialAction\":[{\"@type\":\"ReadAction\",\"target\":[\"https:\/\/suomenkuvalehti.fi\/nurkanvaltaaja\/internet-ja-sosiaalinen-media-eivat-itsessaan-tuo-talouskasvua\/\"]}]},{\"@type\":\"ImageObject\",\"inLanguage\":\"fi\",\"@id\":\"https:\/\/suomenkuvalehti.fi\/nurkanvaltaaja\/internet-ja-sosiaalinen-media-eivat-itsessaan-tuo-talouskasvua\/#primaryimage\",\"url\":\"https:\/\/suomenkuvalehti.fi\/wp-content\/uploads\/sk\/files\/2011%20Uutisen%20kuvat\/eurotietokone.jpg\",\"contentUrl\":\"https:\/\/suomenkuvalehti.fi\/wp-content\/uploads\/sk\/files\/2011%20Uutisen%20kuvat\/eurotietokone.jpg\"},{\"@type\":\"BreadcrumbList\",\"@id\":\"https:\/\/suomenkuvalehti.fi\/nurkanvaltaaja\/internet-ja-sosiaalinen-media-eivat-itsessaan-tuo-talouskasvua\/#breadcrumb\",\"itemListElement\":[{\"@type\":\"ListItem\",\"position\":1,\"name\":\"Home\",\"item\":\"https:\/\/suomenkuvalehti.fi\/nurkanvaltaaja\/\"},{\"@type\":\"ListItem\",\"position\":2,\"name\":\"Internet ja sosiaalinen media eiv\u00e4t itsess\u00e4\u00e4n tuo talouskasvua\"}]},{\"@type\":\"WebSite\",\"@id\":\"https:\/\/suomenkuvalehti.fi\/nurkanvaltaaja\/#website\",\"url\":\"https:\/\/suomenkuvalehti.fi\/nurkanvaltaaja\/\",\"name\":\"Nurkanvaltaaja\",\"description\":\"Suomen Kuvalehden taloustoimittajat kommentoivat rahan liikkeit\u00e4.\",\"potentialAction\":[{\"@type\":\"SearchAction\",\"target\":{\"@type\":\"EntryPoint\",\"urlTemplate\":\"https:\/\/suomenkuvalehti.fi\/haku\/?q={search_term_string}\"},\"query-input\":{\"@type\":\"PropertyValueSpecification\",\"valueRequired\":true,\"valueName\":\"search_term_string\"}}],\"inLanguage\":\"fi\"},{\"@type\":\"Person\",\"@id\":\"https:\/\/suomenkuvalehti.fi\/nurkanvaltaaja\/#\/schema\/person\/ba405233633eae7d5393f2e948fe6854\",\"name\":\"Paul Lillrank\",\"image\":{\"@type\":\"ImageObject\",\"inLanguage\":\"fi\",\"@id\":\"https:\/\/suomenkuvalehti.fi\/nurkanvaltaaja\/#\/schema\/person\/image\/\",\"url\":\"https:\/\/suomenkuvalehti.fi\/nurkanvaltaaja\/wp-content\/uploads\/sites\/2\/2013\/11\/sk_leijona_kulta-150x150.png\",\"contentUrl\":\"https:\/\/suomenkuvalehti.fi\/nurkanvaltaaja\/wp-content\/uploads\/sites\/2\/2013\/11\/sk_leijona_kulta-150x150.png\",\"caption\":\"Paul Lillrank\"}}]}<\/script>\n<!-- \/ Yoast SEO plugin. -->","yoast_head_json":{"title":"Internet ja sosiaalinen media eiv\u00e4t itsess\u00e4\u00e4n tuo talouskasvua - Nurkanvaltaaja","robots":{"index":"index","follow":"follow","max-snippet":"max-snippet:-1","max-image-preview":"max-image-preview:large","max-video-preview":"max-video-preview:-1"},"canonical":"https:\/\/suomenkuvalehti.fi\/nurkanvaltaaja\/internet-ja-sosiaalinen-media-eivat-itsessaan-tuo-talouskasvua\/","og_locale":"fi_FI","og_type":"article","og_title":"Internet ja sosiaalinen media eiv\u00e4t itsess\u00e4\u00e4n tuo talouskasvua - Nurkanvaltaaja","og_description":"Kuvitus Janne Tervam\u00e4ki. Kun vaalikenttien melu laimenee ja uusi hallitus tarttuu t\u00f6ihin, on pakko keskitty\u00e4 olennaiseen. Mallia voi hakea Britanniasta. Siell\u00e4kin mentiin vaaleihin sammutetuin lyhdyin. Ennen puhuttiin pikkuasioista, j\u00e4lkeen on k\u00e4sitelt\u00e4v\u00e4 isoja a&hellip;","og_url":"https:\/\/suomenkuvalehti.fi\/nurkanvaltaaja\/internet-ja-sosiaalinen-media-eivat-itsessaan-tuo-talouskasvua\/","og_site_name":"Nurkanvaltaaja","article_published_time":"2011-06-06T03:30:00+00:00","article_modified_time":"2013-11-29T14:48:03+00:00","og_image":[{"url":"https:\/\/suomenkuvalehti.fi\/wp-content\/uploads\/sk\/files\/2011%20Uutisen%20kuvat\/eurotietokone.jpg","type":"","width":"","height":""}],"author":"Paul Lillrank","twitter_misc":{"Written by":"Paul Lillrank","Est. reading time":"2 minuuttia"},"schema":{"@context":"https:\/\/schema.org","@graph":[{"@type":"WebPage","@id":"https:\/\/suomenkuvalehti.fi\/nurkanvaltaaja\/internet-ja-sosiaalinen-media-eivat-itsessaan-tuo-talouskasvua\/","url":"https:\/\/suomenkuvalehti.fi\/nurkanvaltaaja\/internet-ja-sosiaalinen-media-eivat-itsessaan-tuo-talouskasvua\/","name":"Internet ja sosiaalinen media eiv\u00e4t itsess\u00e4\u00e4n tuo talouskasvua - Nurkanvaltaaja","isPartOf":{"@id":"https:\/\/suomenkuvalehti.fi\/nurkanvaltaaja\/#website"},"primaryImageOfPage":{"@id":"https:\/\/suomenkuvalehti.fi\/nurkanvaltaaja\/internet-ja-sosiaalinen-media-eivat-itsessaan-tuo-talouskasvua\/#primaryimage"},"image":{"@id":"https:\/\/suomenkuvalehti.fi\/nurkanvaltaaja\/internet-ja-sosiaalinen-media-eivat-itsessaan-tuo-talouskasvua\/#primaryimage"},"thumbnailUrl":"https:\/\/suomenkuvalehti.fi\/wp-content\/uploads\/sk\/files\/2011%20Uutisen%20kuvat\/eurotietokone.jpg","datePublished":"2011-06-06T03:30:00+00:00","dateModified":"2013-11-29T14:48:03+00:00","author":{"@id":"https:\/\/suomenkuvalehti.fi\/nurkanvaltaaja\/#\/schema\/person\/ba405233633eae7d5393f2e948fe6854"},"breadcrumb":{"@id":"https:\/\/suomenkuvalehti.fi\/nurkanvaltaaja\/internet-ja-sosiaalinen-media-eivat-itsessaan-tuo-talouskasvua\/#breadcrumb"},"inLanguage":"fi","potentialAction":[{"@type":"ReadAction","target":["https:\/\/suomenkuvalehti.fi\/nurkanvaltaaja\/internet-ja-sosiaalinen-media-eivat-itsessaan-tuo-talouskasvua\/"]}]},{"@type":"ImageObject","inLanguage":"fi","@id":"https:\/\/suomenkuvalehti.fi\/nurkanvaltaaja\/internet-ja-sosiaalinen-media-eivat-itsessaan-tuo-talouskasvua\/#primaryimage","url":"https:\/\/suomenkuvalehti.fi\/wp-content\/uploads\/sk\/files\/2011%20Uutisen%20kuvat\/eurotietokone.jpg","contentUrl":"https:\/\/suomenkuvalehti.fi\/wp-content\/uploads\/sk\/files\/2011%20Uutisen%20kuvat\/eurotietokone.jpg"},{"@type":"BreadcrumbList","@id":"https:\/\/suomenkuvalehti.fi\/nurkanvaltaaja\/internet-ja-sosiaalinen-media-eivat-itsessaan-tuo-talouskasvua\/#breadcrumb","itemListElement":[{"@type":"ListItem","position":1,"name":"Home","item":"https:\/\/suomenkuvalehti.fi\/nurkanvaltaaja\/"},{"@type":"ListItem","position":2,"name":"Internet ja sosiaalinen media eiv\u00e4t itsess\u00e4\u00e4n tuo talouskasvua"}]},{"@type":"WebSite","@id":"https:\/\/suomenkuvalehti.fi\/nurkanvaltaaja\/#website","url":"https:\/\/suomenkuvalehti.fi\/nurkanvaltaaja\/","name":"Nurkanvaltaaja","description":"Suomen Kuvalehden taloustoimittajat kommentoivat rahan liikkeit\u00e4.","potentialAction":[{"@type":"SearchAction","target":{"@type":"EntryPoint","urlTemplate":"https:\/\/suomenkuvalehti.fi\/haku\/?q={search_term_string}"},"query-input":{"@type":"PropertyValueSpecification","valueRequired":true,"valueName":"search_term_string"}}],"inLanguage":"fi"},{"@type":"Person","@id":"https:\/\/suomenkuvalehti.fi\/nurkanvaltaaja\/#\/schema\/person\/ba405233633eae7d5393f2e948fe6854","name":"Paul Lillrank","image":{"@type":"ImageObject","inLanguage":"fi","@id":"https:\/\/suomenkuvalehti.fi\/nurkanvaltaaja\/#\/schema\/person\/image\/","url":"https:\/\/suomenkuvalehti.fi\/nurkanvaltaaja\/wp-content\/uploads\/sites\/2\/2013\/11\/sk_leijona_kulta-150x150.png","contentUrl":"https:\/\/suomenkuvalehti.fi\/nurkanvaltaaja\/wp-content\/uploads\/sites\/2\/2013\/11\/sk_leijona_kulta-150x150.png","caption":"Paul Lillrank"}}]}},"_links":{"self":[{"href":"https:\/\/suomenkuvalehti.fi\/nurkanvaltaaja\/wp-json\/wp\/v2\/posts\/228","targetHints":{"allow":["GET"]}}],"collection":[{"href":"https:\/\/suomenkuvalehti.fi\/nurkanvaltaaja\/wp-json\/wp\/v2\/posts"}],"about":[{"href":"https:\/\/suomenkuvalehti.fi\/nurkanvaltaaja\/wp-json\/wp\/v2\/types\/post"}],"author":[{"embeddable":true,"href":"https:\/\/suomenkuvalehti.fi\/nurkanvaltaaja\/wp-json\/wp\/v2\/users\/114"}],"replies":[{"embeddable":true,"href":"https:\/\/suomenkuvalehti.fi\/nurkanvaltaaja\/wp-json\/wp\/v2\/comments?post=228"}],"version-history":[{"count":1,"href":"https:\/\/suomenkuvalehti.fi\/nurkanvaltaaja\/wp-json\/wp\/v2\/posts\/228\/revisions"}],"predecessor-version":[{"id":404,"href":"https:\/\/suomenkuvalehti.fi\/nurkanvaltaaja\/wp-json\/wp\/v2\/posts\/228\/revisions\/404"}],"wp:attachment":[{"href":"https:\/\/suomenkuvalehti.fi\/nurkanvaltaaja\/wp-json\/wp\/v2\/media?parent=228"}],"wp:term":[{"taxonomy":"category","embeddable":true,"href":"https:\/\/suomenkuvalehti.fi\/nurkanvaltaaja\/wp-json\/wp\/v2\/categories?post=228"},{"taxonomy":"post_tag","embeddable":true,"href":"https:\/\/suomenkuvalehti.fi\/nurkanvaltaaja\/wp-json\/wp\/v2\/tags?post=228"}],"curies":[{"name":"wp","href":"https:\/\/api.w.org\/{rel}","templated":true}]}}