{"id":226,"date":"2011-06-20T06:30:00","date_gmt":"2011-06-20T03:30:00","guid":{"rendered":"https:\/\/suomenkuvalehti.fi\/nurkanvaltaaja\/2011\/06\/20\/kreikan-velkajarjestely-iskisi-lujaa-saksan-landesbankeihin\/"},"modified":"2013-11-29T16:48:03","modified_gmt":"2013-11-29T14:48:03","slug":"kreikan-velkajarjestely-iskisi-lujaa-saksan-landesbankeihin","status":"publish","type":"post","link":"https:\/\/suomenkuvalehti.fi\/nurkanvaltaaja\/kreikan-velkajarjestely-iskisi-lujaa-saksan-landesbankeihin\/","title":{"rendered":"Kreikan velkaj\u00e4rjestely iskisi lujaa Saksan Landesbankeihin"},"content":{"rendered":"<figure class=\"wp-block-image size-full alignnone\">\n  <div class=\"wp-block-image__inner-container\">\n    <a href='https:\/\/suomenkuvalehti.fi\/wp-content\/uploads\/sk\/files\/2011%20Uutisen%20kuvat\/MerkelinMurhe.jpg'><img decoding=\"async\" src=\"https:\/\/suomenkuvalehti.fi\/wp-content\/uploads\/sk\/files\/2011%20Uutisen%20kuvat\/MerkelinMurhe.jpg\" alt=\"Landesbank\"\/><\/a>  <\/div>\n<\/figure>\n\n\n<p>Saksalla on aivan erityinen syy olla huolissaan Kreikasta. Jos Kreikka ajautuisi vastoin eurouskovaisten vakuutteluja velkaj\u00e4rjestelyyn, olisivat Saksan alueelliset Landesbankit h\u00e4t\u00e4\u00e4 k\u00e4rsim\u00e4ss\u00e4.<\/p>\n\n\n\n<p>Landesbankit ovat nukkuneet ruususen unta valtion vakuudet tyynyn alla, eiv\u00e4tk\u00e4 ne selvi\u00e4isi ryt\u00e4k\u00e4st\u00e4 ilman mittavaa p\u00e4\u00e4omittamista. Toki Saksan valtio varmasti vastaisi niiden vastuista siin\u00e4 tapauksessa, mutta kalliiksi se tulisi. Ja nykyhallitukselle poliittisesti viel\u00e4kin kalliimmaksi.<\/p>\n\n\n\n<p>Landesbankit ovat saksalainen erikoisuus. Rahalaitoksina ne ovat julkisoikeudellisia yhteis\u00f6j\u00e4, jotka osavaltio-omisteisina ovat olleet paremmassa asemassa kuin markkinaehtoisesti toimineet kilpailijansa. Riskej\u00e4 on my\u00f6s otettu sen mukaisesti.<\/p>\n\n\n\n<p>EU:n kilpailupolitiikka lopetti Landesbankien erityisaseman tosin parisen vuotta sitten, mutta valtion takausten turvin tehty\u00e4 bisnest\u00e4 on Landesbankien piikiss\u00e4 viel\u00e4 paljon. Rahoitusoperaatioilla kun on pitk\u00e4t h\u00e4nn\u00e4t.<\/p>\n\n\n\n<p>Landesbankeja on alettu muuntaa yhti\u00f6muotoisiksi pankeiksi, mutta prosessi ei ole viel\u00e4 p\u00e4\u00e4ssyt alkua pitemm\u00e4lle. Omistuksellisesti Landesbankit ovat vaikeasti hahmotettavissa, sill\u00e4 niiden v\u00e4lill\u00e4 on paljon ristiinomistusta. T\u00e4t\u00e4 on viime vuosina lis\u00e4nnyt se, ett\u00e4 joitakin vaikeuksiin joutuneita pikkupankkeja on pelastettu suurempien siipien suojiin.<\/p>\n\n\n\n<p>Landesbankeista kannattavimpia ovat Helaba ja HSH NordBank, kun taas esimerkiksi WestLB:t\u00e4 luonnehditaan saksalaisanalyytikkopiireiss\u00e4 pohjattomaksi kaivoksi. Sill\u00e4 on my\u00f6s melko mittavia Kreikka-vastuita.<\/p>\n\n\n\n<h3 class=\"wp-block-heading\">Saneerausta odotellessa<\/h3>\n\n\n\n<p>Saksassa pankkisektoria ei ole viel\u00e4 saneerattu samalla tavalla kuin monissa muissa kilpailijamaissa. Talousmahdin kotimarkkina on ollut siksi vahva, ett\u00e4 se on el\u00e4tt\u00e4nyt r\u00f6nsyisemm\u00e4nkin pankkibisneksen.<\/p>\n\n\n\n<p>Pankkimaailman rakenteen onkin v\u00e4itetty vaikuttaneen siihen, ett\u00e4 Saksa on pyrkinyt jarruttelemaan pankkien vakavaraisuusvaatimusten koventamista. Saksan k\u00e4ytt\u00e4ytymist\u00e4 esimerkiksi niin sanotuissa Basel III -sopimusneuvotteluissa on luonnehdittu diplomaattisesti ilmaistuna v\u00e4hemm\u00e4n rakentavaksi.<\/p>\n\n\n\n<p>Markkinaosuudeltaan merkitt\u00e4vien Landesbankien alkuper\u00e4inen toiminta-ajatus on keskittynyt paikallisuuteen. Sit\u00e4 korostaa viel\u00e4 se, ett\u00e4 er\u00e4\u00e4t Landesbankit toimivat my\u00f6s paikallisten s\u00e4\u00e4st\u00f6pankkien &#8221;keskuspankkeina&#8221;.<\/p>\n\n\n\n<p>Sittemmin kasvua on l\u00e4hdetty hakemaan ulkomailta, koska kotimaan lainakysynt\u00e4 on hiipunut muun muassa v\u00e4est\u00f6n ik\u00e4\u00e4ntymisen vuoksi. Aina ei asiakkaiksi ole osunut ihan parasta A-ryhm\u00e4\u00e4. Eri Landesbankien nimet ovat vilahdelleet islantilaispankkien, yhdysvaltalaisen sub-prime -kriisin ja kreikkalaisten valtionpapereiden yhteydess\u00e4. Toki n\u00e4ilt\u00e4 osin ei pid\u00e4 osoitella sormella pelk\u00e4st\u00e4\u00e4n Landesbankeja. Kyll\u00e4 edell\u00e4 mainittuihin kohteisiin ovat investoineet muutkin saksalaispankit.<\/p>\n\n\n\n<p>Landesbankien alhaiset p\u00e4\u00e4omatasot on kuitenkin syyt\u00e4 pit\u00e4\u00e4 mieless\u00e4, kun seuraavan kerran kuuntelee liittokansleri <strong>Angela Merkelin<\/strong> lausuntoja EU-maiden vakausv\u00e4lineiden tarpeellisuudesta.<\/p>\n\n\n\n<p><strong>Kuvitus Janne Tervam\u00e4ki.<\/strong><\/p>\n\n\n","protected":false},"excerpt":{"rendered":"<p>Saksalla on aivan erityinen syy olla huolissaan Kreikasta. Jos Kreikka ajautuisi vastoin eurouskovaisten vakuutteluja velkaj\u00e4rjestelyyn, olisivat Saksan alueelliset Landesbankit h\u00e4t\u00e4\u00e4 k\u00e4rsim\u00e4ss\u00e4. Landesbankit ovat nukkuneet ruususen unta valtion vakuudet tyynyn<br \/>\nalla, &hellip;<\/p>\n","protected":false},"author":855,"featured_media":0,"comment_status":"open","ping_status":"open","sticky":false,"template":"","format":"standard","meta":{"_acf_changed":false,"asauth_required_access_level":0,"asauth_cansharepaid":"","om_header_attributes":[],"footnotes":"","om_featured_image_focal_point":[],"om_primary_tag":0,"om_contributors":[],"om_co_authors":[],"beyondwords_generate_audio":"","beyondwords_project_id":"","beyondwords_content_id":"","beyondwords_preview_token":"","beyondwords_player_content":"","beyondwords_player_style":"","beyondwords_language_code":"","beyondwords_language_id":"","beyondwords_title_voice_id":"","beyondwords_body_voice_id":"","beyondwords_summary_voice_id":"","beyondwords_error_message":"","beyondwords_disabled":"","beyondwords_delete_content":"","beyondwords_podcast_id":"","beyondwords_hash":"","publish_post_to_speechkit":"","speechkit_hash":"","speechkit_generate_audio":"","speechkit_project_id":"","speechkit_podcast_id":"","speechkit_error_message":"","speechkit_disabled":"","speechkit_access_key":"","speechkit_error":"","speechkit_info":"","speechkit_response":"","speechkit_retries":"","speechkit_status":"","speechkit_updated_at":"","_speechkit_link":"","_speechkit_text":""},"categories":[1],"tags":[166,258,339,101,260],"class_list":["post-226","post","type-post","status-publish","format-standard","hentry","category-nurkanvaltaaja","tag-angela-merkel","tag-kreikka","tag-landesbank","tag-saksa","tag-velkajarjestely"],"om_views":null,"acf":{"tuuma_off":false,"tuuma_kysymys":"","tuuma_vastaus":""},"asauth":{"required_access_level":1,"share_token":"","is_paid":false},"yoast_head":"<!-- This site is optimized with the Yoast SEO plugin v26.4 - https:\/\/yoast.com\/wordpress\/plugins\/seo\/ -->\n<title>Kreikan velkaj\u00e4rjestely iskisi lujaa Saksan Landesbankeihin - Nurkanvaltaaja<\/title>\n<meta name=\"robots\" content=\"index, follow, max-snippet:-1, max-image-preview:large, max-video-preview:-1\" \/>\n<link rel=\"canonical\" href=\"https:\/\/suomenkuvalehti.fi\/nurkanvaltaaja\/kreikan-velkajarjestely-iskisi-lujaa-saksan-landesbankeihin\/\" \/>\n<meta property=\"og:locale\" content=\"fi_FI\" \/>\n<meta property=\"og:type\" content=\"article\" \/>\n<meta property=\"og:title\" content=\"Kreikan velkaj\u00e4rjestely iskisi lujaa Saksan Landesbankeihin - Nurkanvaltaaja\" \/>\n<meta property=\"og:description\" content=\"Saksalla on aivan erityinen syy olla huolissaan Kreikasta. Jos Kreikka ajautuisi vastoin eurouskovaisten vakuutteluja velkaj\u00e4rjestelyyn, olisivat Saksan alueelliset Landesbankit h\u00e4t\u00e4\u00e4 k\u00e4rsim\u00e4ss\u00e4. Landesbankit ovat nukkuneet ruususen unta valtion vakuudet tyynyn alla, &hellip;\" \/>\n<meta property=\"og:url\" content=\"https:\/\/suomenkuvalehti.fi\/nurkanvaltaaja\/kreikan-velkajarjestely-iskisi-lujaa-saksan-landesbankeihin\/\" \/>\n<meta property=\"og:site_name\" content=\"Nurkanvaltaaja\" \/>\n<meta property=\"article:published_time\" content=\"2011-06-20T03:30:00+00:00\" \/>\n<meta property=\"article:modified_time\" content=\"2013-11-29T14:48:03+00:00\" \/>\n<meta property=\"og:image\" content=\"https:\/\/suomenkuvalehti.fi\/wp-content\/uploads\/sk\/files\/2011%20Uutisen%20kuvat\/MerkelinMurhe.jpg\" \/>\n<meta name=\"author\" content=\"Markku Hurmeranta\" \/>\n<meta name=\"twitter:label1\" content=\"Written by\" \/>\n\t<meta name=\"twitter:data1\" content=\"Markku Hurmeranta\" \/>\n\t<meta name=\"twitter:label2\" content=\"Est. reading time\" \/>\n\t<meta name=\"twitter:data2\" content=\"2 minuuttia\" \/>\n<script type=\"application\/ld+json\" class=\"yoast-schema-graph\">{\"@context\":\"https:\/\/schema.org\",\"@graph\":[{\"@type\":\"WebPage\",\"@id\":\"https:\/\/suomenkuvalehti.fi\/nurkanvaltaaja\/kreikan-velkajarjestely-iskisi-lujaa-saksan-landesbankeihin\/\",\"url\":\"https:\/\/suomenkuvalehti.fi\/nurkanvaltaaja\/kreikan-velkajarjestely-iskisi-lujaa-saksan-landesbankeihin\/\",\"name\":\"Kreikan velkaj\u00e4rjestely iskisi lujaa Saksan Landesbankeihin - Nurkanvaltaaja\",\"isPartOf\":{\"@id\":\"https:\/\/suomenkuvalehti.fi\/nurkanvaltaaja\/#website\"},\"primaryImageOfPage\":{\"@id\":\"https:\/\/suomenkuvalehti.fi\/nurkanvaltaaja\/kreikan-velkajarjestely-iskisi-lujaa-saksan-landesbankeihin\/#primaryimage\"},\"image\":{\"@id\":\"https:\/\/suomenkuvalehti.fi\/nurkanvaltaaja\/kreikan-velkajarjestely-iskisi-lujaa-saksan-landesbankeihin\/#primaryimage\"},\"thumbnailUrl\":\"https:\/\/suomenkuvalehti.fi\/wp-content\/uploads\/sk\/files\/2011%20Uutisen%20kuvat\/MerkelinMurhe.jpg\",\"datePublished\":\"2011-06-20T03:30:00+00:00\",\"dateModified\":\"2013-11-29T14:48:03+00:00\",\"author\":{\"@id\":\"https:\/\/suomenkuvalehti.fi\/nurkanvaltaaja\/#\/schema\/person\/b6ce2827cedfa35690bb4f9954429b83\"},\"breadcrumb\":{\"@id\":\"https:\/\/suomenkuvalehti.fi\/nurkanvaltaaja\/kreikan-velkajarjestely-iskisi-lujaa-saksan-landesbankeihin\/#breadcrumb\"},\"inLanguage\":\"fi\",\"potentialAction\":[{\"@type\":\"ReadAction\",\"target\":[\"https:\/\/suomenkuvalehti.fi\/nurkanvaltaaja\/kreikan-velkajarjestely-iskisi-lujaa-saksan-landesbankeihin\/\"]}]},{\"@type\":\"ImageObject\",\"inLanguage\":\"fi\",\"@id\":\"https:\/\/suomenkuvalehti.fi\/nurkanvaltaaja\/kreikan-velkajarjestely-iskisi-lujaa-saksan-landesbankeihin\/#primaryimage\",\"url\":\"https:\/\/suomenkuvalehti.fi\/wp-content\/uploads\/sk\/files\/2011%20Uutisen%20kuvat\/MerkelinMurhe.jpg\",\"contentUrl\":\"https:\/\/suomenkuvalehti.fi\/wp-content\/uploads\/sk\/files\/2011%20Uutisen%20kuvat\/MerkelinMurhe.jpg\"},{\"@type\":\"BreadcrumbList\",\"@id\":\"https:\/\/suomenkuvalehti.fi\/nurkanvaltaaja\/kreikan-velkajarjestely-iskisi-lujaa-saksan-landesbankeihin\/#breadcrumb\",\"itemListElement\":[{\"@type\":\"ListItem\",\"position\":1,\"name\":\"Home\",\"item\":\"https:\/\/suomenkuvalehti.fi\/nurkanvaltaaja\/\"},{\"@type\":\"ListItem\",\"position\":2,\"name\":\"Kreikan velkaj\u00e4rjestely iskisi lujaa Saksan Landesbankeihin\"}]},{\"@type\":\"WebSite\",\"@id\":\"https:\/\/suomenkuvalehti.fi\/nurkanvaltaaja\/#website\",\"url\":\"https:\/\/suomenkuvalehti.fi\/nurkanvaltaaja\/\",\"name\":\"Nurkanvaltaaja\",\"description\":\"Suomen Kuvalehden taloustoimittajat kommentoivat rahan liikkeit\u00e4.\",\"potentialAction\":[{\"@type\":\"SearchAction\",\"target\":{\"@type\":\"EntryPoint\",\"urlTemplate\":\"https:\/\/suomenkuvalehti.fi\/haku\/?q={search_term_string}\"},\"query-input\":{\"@type\":\"PropertyValueSpecification\",\"valueRequired\":true,\"valueName\":\"search_term_string\"}}],\"inLanguage\":\"fi\"},{\"@type\":\"Person\",\"@id\":\"https:\/\/suomenkuvalehti.fi\/nurkanvaltaaja\/#\/schema\/person\/b6ce2827cedfa35690bb4f9954429b83\",\"name\":\"Markku Hurmeranta\",\"image\":{\"@type\":\"ImageObject\",\"inLanguage\":\"fi\",\"@id\":\"https:\/\/suomenkuvalehti.fi\/nurkanvaltaaja\/#\/schema\/person\/image\/\",\"url\":\"https:\/\/suomenkuvalehti.fi\/nurkanvaltaaja\/wp-content\/uploads\/sites\/2\/2013\/11\/sk_leijona_kulta-150x150.png\",\"contentUrl\":\"https:\/\/suomenkuvalehti.fi\/nurkanvaltaaja\/wp-content\/uploads\/sites\/2\/2013\/11\/sk_leijona_kulta-150x150.png\",\"caption\":\"Markku Hurmeranta\"}}]}<\/script>\n<!-- \/ Yoast SEO plugin. -->","yoast_head_json":{"title":"Kreikan velkaj\u00e4rjestely iskisi lujaa Saksan Landesbankeihin - Nurkanvaltaaja","robots":{"index":"index","follow":"follow","max-snippet":"max-snippet:-1","max-image-preview":"max-image-preview:large","max-video-preview":"max-video-preview:-1"},"canonical":"https:\/\/suomenkuvalehti.fi\/nurkanvaltaaja\/kreikan-velkajarjestely-iskisi-lujaa-saksan-landesbankeihin\/","og_locale":"fi_FI","og_type":"article","og_title":"Kreikan velkaj\u00e4rjestely iskisi lujaa Saksan Landesbankeihin - Nurkanvaltaaja","og_description":"Saksalla on aivan erityinen syy olla huolissaan Kreikasta. Jos Kreikka ajautuisi vastoin eurouskovaisten vakuutteluja velkaj\u00e4rjestelyyn, olisivat Saksan alueelliset Landesbankit h\u00e4t\u00e4\u00e4 k\u00e4rsim\u00e4ss\u00e4. Landesbankit ovat nukkuneet ruususen unta valtion vakuudet tyynyn alla, &hellip;","og_url":"https:\/\/suomenkuvalehti.fi\/nurkanvaltaaja\/kreikan-velkajarjestely-iskisi-lujaa-saksan-landesbankeihin\/","og_site_name":"Nurkanvaltaaja","article_published_time":"2011-06-20T03:30:00+00:00","article_modified_time":"2013-11-29T14:48:03+00:00","og_image":[{"url":"https:\/\/suomenkuvalehti.fi\/wp-content\/uploads\/sk\/files\/2011%20Uutisen%20kuvat\/MerkelinMurhe.jpg","type":"","width":"","height":""}],"author":"Markku Hurmeranta","twitter_misc":{"Written by":"Markku Hurmeranta","Est. reading time":"2 minuuttia"},"schema":{"@context":"https:\/\/schema.org","@graph":[{"@type":"WebPage","@id":"https:\/\/suomenkuvalehti.fi\/nurkanvaltaaja\/kreikan-velkajarjestely-iskisi-lujaa-saksan-landesbankeihin\/","url":"https:\/\/suomenkuvalehti.fi\/nurkanvaltaaja\/kreikan-velkajarjestely-iskisi-lujaa-saksan-landesbankeihin\/","name":"Kreikan velkaj\u00e4rjestely iskisi lujaa Saksan Landesbankeihin - Nurkanvaltaaja","isPartOf":{"@id":"https:\/\/suomenkuvalehti.fi\/nurkanvaltaaja\/#website"},"primaryImageOfPage":{"@id":"https:\/\/suomenkuvalehti.fi\/nurkanvaltaaja\/kreikan-velkajarjestely-iskisi-lujaa-saksan-landesbankeihin\/#primaryimage"},"image":{"@id":"https:\/\/suomenkuvalehti.fi\/nurkanvaltaaja\/kreikan-velkajarjestely-iskisi-lujaa-saksan-landesbankeihin\/#primaryimage"},"thumbnailUrl":"https:\/\/suomenkuvalehti.fi\/wp-content\/uploads\/sk\/files\/2011%20Uutisen%20kuvat\/MerkelinMurhe.jpg","datePublished":"2011-06-20T03:30:00+00:00","dateModified":"2013-11-29T14:48:03+00:00","author":{"@id":"https:\/\/suomenkuvalehti.fi\/nurkanvaltaaja\/#\/schema\/person\/b6ce2827cedfa35690bb4f9954429b83"},"breadcrumb":{"@id":"https:\/\/suomenkuvalehti.fi\/nurkanvaltaaja\/kreikan-velkajarjestely-iskisi-lujaa-saksan-landesbankeihin\/#breadcrumb"},"inLanguage":"fi","potentialAction":[{"@type":"ReadAction","target":["https:\/\/suomenkuvalehti.fi\/nurkanvaltaaja\/kreikan-velkajarjestely-iskisi-lujaa-saksan-landesbankeihin\/"]}]},{"@type":"ImageObject","inLanguage":"fi","@id":"https:\/\/suomenkuvalehti.fi\/nurkanvaltaaja\/kreikan-velkajarjestely-iskisi-lujaa-saksan-landesbankeihin\/#primaryimage","url":"https:\/\/suomenkuvalehti.fi\/wp-content\/uploads\/sk\/files\/2011%20Uutisen%20kuvat\/MerkelinMurhe.jpg","contentUrl":"https:\/\/suomenkuvalehti.fi\/wp-content\/uploads\/sk\/files\/2011%20Uutisen%20kuvat\/MerkelinMurhe.jpg"},{"@type":"BreadcrumbList","@id":"https:\/\/suomenkuvalehti.fi\/nurkanvaltaaja\/kreikan-velkajarjestely-iskisi-lujaa-saksan-landesbankeihin\/#breadcrumb","itemListElement":[{"@type":"ListItem","position":1,"name":"Home","item":"https:\/\/suomenkuvalehti.fi\/nurkanvaltaaja\/"},{"@type":"ListItem","position":2,"name":"Kreikan velkaj\u00e4rjestely iskisi lujaa Saksan Landesbankeihin"}]},{"@type":"WebSite","@id":"https:\/\/suomenkuvalehti.fi\/nurkanvaltaaja\/#website","url":"https:\/\/suomenkuvalehti.fi\/nurkanvaltaaja\/","name":"Nurkanvaltaaja","description":"Suomen Kuvalehden taloustoimittajat kommentoivat rahan liikkeit\u00e4.","potentialAction":[{"@type":"SearchAction","target":{"@type":"EntryPoint","urlTemplate":"https:\/\/suomenkuvalehti.fi\/haku\/?q={search_term_string}"},"query-input":{"@type":"PropertyValueSpecification","valueRequired":true,"valueName":"search_term_string"}}],"inLanguage":"fi"},{"@type":"Person","@id":"https:\/\/suomenkuvalehti.fi\/nurkanvaltaaja\/#\/schema\/person\/b6ce2827cedfa35690bb4f9954429b83","name":"Markku Hurmeranta","image":{"@type":"ImageObject","inLanguage":"fi","@id":"https:\/\/suomenkuvalehti.fi\/nurkanvaltaaja\/#\/schema\/person\/image\/","url":"https:\/\/suomenkuvalehti.fi\/nurkanvaltaaja\/wp-content\/uploads\/sites\/2\/2013\/11\/sk_leijona_kulta-150x150.png","contentUrl":"https:\/\/suomenkuvalehti.fi\/nurkanvaltaaja\/wp-content\/uploads\/sites\/2\/2013\/11\/sk_leijona_kulta-150x150.png","caption":"Markku Hurmeranta"}}]}},"_links":{"self":[{"href":"https:\/\/suomenkuvalehti.fi\/nurkanvaltaaja\/wp-json\/wp\/v2\/posts\/226","targetHints":{"allow":["GET"]}}],"collection":[{"href":"https:\/\/suomenkuvalehti.fi\/nurkanvaltaaja\/wp-json\/wp\/v2\/posts"}],"about":[{"href":"https:\/\/suomenkuvalehti.fi\/nurkanvaltaaja\/wp-json\/wp\/v2\/types\/post"}],"author":[{"embeddable":true,"href":"https:\/\/suomenkuvalehti.fi\/nurkanvaltaaja\/wp-json\/wp\/v2\/users\/855"}],"replies":[{"embeddable":true,"href":"https:\/\/suomenkuvalehti.fi\/nurkanvaltaaja\/wp-json\/wp\/v2\/comments?post=226"}],"version-history":[{"count":1,"href":"https:\/\/suomenkuvalehti.fi\/nurkanvaltaaja\/wp-json\/wp\/v2\/posts\/226\/revisions"}],"predecessor-version":[{"id":402,"href":"https:\/\/suomenkuvalehti.fi\/nurkanvaltaaja\/wp-json\/wp\/v2\/posts\/226\/revisions\/402"}],"wp:attachment":[{"href":"https:\/\/suomenkuvalehti.fi\/nurkanvaltaaja\/wp-json\/wp\/v2\/media?parent=226"}],"wp:term":[{"taxonomy":"category","embeddable":true,"href":"https:\/\/suomenkuvalehti.fi\/nurkanvaltaaja\/wp-json\/wp\/v2\/categories?post=226"},{"taxonomy":"post_tag","embeddable":true,"href":"https:\/\/suomenkuvalehti.fi\/nurkanvaltaaja\/wp-json\/wp\/v2\/tags?post=226"}],"curies":[{"name":"wp","href":"https:\/\/api.w.org\/{rel}","templated":true}]}}