{"id":225,"date":"2011-06-27T06:30:00","date_gmt":"2011-06-27T03:30:00","guid":{"rendered":"https:\/\/suomenkuvalehti.fi\/nurkanvaltaaja\/2011\/06\/27\/mallia-maitotilallisista-poliitikon-suhde-yrittajaan\/"},"modified":"2013-11-30T17:58:27","modified_gmt":"2013-11-30T15:58:27","slug":"mallia-maitotilallisista-poliitikon-suhde-yrittajaan","status":"publish","type":"post","link":"https:\/\/suomenkuvalehti.fi\/nurkanvaltaaja\/mallia-maitotilallisista-poliitikon-suhde-yrittajaan\/","title":{"rendered":"Mallia maitotilallisista &#8211; poliitikon suhde yritt\u00e4j\u00e4\u00e4n"},"content":{"rendered":"<figure class=\"wp-block-image size-full alignnone\">\n  <div class=\"wp-block-image__inner-container\">\n    <a href='https:\/\/suomenkuvalehti.fi\/wp-content\/uploads\/sk\/files\/2011%20Uutisen%20kuvat\/maito.jpg'><img decoding=\"async\" src=\"https:\/\/suomenkuvalehti.fi\/wp-content\/uploads\/sk\/files\/2011%20Uutisen%20kuvat\/maito.jpg\" alt=\"Maito\"\/><\/a>  <\/div>\n<\/figure>\n\n\n<h6 class=\"wp-block-heading\"> Kuvitus Janne Tervam\u00e4ki.<\/h6>\n\n\n\n\n<p>Maitolehm\u00e4n vastuullinen kasvatus alkaa heti, kun se on syntynyt. Vasikkaa sy\u00f6tet\u00e4\u00e4n ensin runsaalla ternimaidolla ja hoivataan kuivassa, l\u00e4mpim\u00e4ss\u00e4 ja vedottomassa karsinassa.<\/p>\n\n\n\n<p>Oikea ruokinta nostaa tuntuvasti maidontuotantoa. J\u00e4rkev\u00e4 hoito lis\u00e4\u00e4 my\u00f6s lehm\u00e4n poikimiskertoja.<\/p>\n\n\n\n<p>Keskustalainen maidontuottaja on n\u00e4ist\u00e4 asioista yht\u00e4 mielt\u00e4 perussuomalaisen ja sosiaalidemokraattisen kollegansa kanssa.<\/p>\n\n\n\n<p>Kunpa suomalaisten poliitikkojen suhde yritt\u00e4jiin olisi &#8211; yli puoluerajojen &#8211; yht\u00e4 tieteellinen ja pitk\u00e4j\u00e4nteinen kuin maitotilallisten suhde lyps\u00e4viins\u00e4!<\/p>\n\n\n\n<p>Useimmat ymm\u00e4rt\u00e4v\u00e4t, ett\u00e4 el\u00e4kkeit\u00e4 ei makseta eik\u00e4 palveluja rahoiteta ilman riitt\u00e4v\u00e4\u00e4 ty\u00f6llisyytt\u00e4, ja aika moni jakaa my\u00f6s k\u00e4sityksen, jonka mukaan yritystoimintaa kannustava verotus edist\u00e4\u00e4 talouskasvua ja ty\u00f6paikkojen syntymist\u00e4.<\/p>\n\n\n\n<p>Nimitt\u00e4in jos kansalaiset vaativat lis\u00e4\u00e4 ty\u00f6t\u00e4, niin mit\u00e4 he itse asiassa vaativat? He vaativat lis\u00e4\u00e4 ty\u00f6nantajia. T\u00e4h\u00e4n tapaan kiteytti asian <strong>Paavo Haavikko<\/strong>.<\/p>\n\n\n\n<p>Retoriikassaan sen tunnustaa my\u00f6s <strong>Jyrki Kataisen<\/strong> (kok) hallitus &#8211; ja hiukkasen my\u00f6s k\u00e4yt\u00e4nn\u00f6ss\u00e4. Se aikoo kevent\u00e4\u00e4 yritysverotusta prosenttiyksik\u00f6n verran 25 prosenttiin.<\/p>\n\n\n\n<p>Valitettavasti n\u00e4in pienell\u00e4 muutoksella ei ole merkityst\u00e4. Kunnon alennus &#8211; esimerkiksi yritysverokannan pudottaminen 26 prosentista 20 prosenttiin &#8211; olisi jo kannustanut yrityksi\u00e4 tekem\u00e4\u00e4n investointeja ja palkkaamaan lis\u00e4\u00e4 ty\u00f6voimaa.<\/p>\n\n\n\n<p>Se olisi ehk\u00e4 lis\u00e4nnyt my\u00f6s yritysverokertym\u00e4\u00e4. Kansainv\u00e4lisesti toimivat yritykset tuovat voittonsa verotettavaksi sinne, miss\u00e4 se on niille edullista.<\/p>\n\n\n\n<h3 class=\"wp-block-heading\">Puolinaisia p\u00e4\u00e4t\u00f6ksi\u00e4<\/h3>\n\n\n\n<p>Ep\u00e4varmoina aikoina yritykset ja kuluttajat kaipaavat p\u00e4\u00e4tt\u00e4jilt\u00e4 selkeit\u00e4 ja johdonmukaisia linjanvetoja voidakseen tehd\u00e4 merkitt\u00e4vi\u00e4 taloudellisia p\u00e4\u00e4t\u00f6ksi\u00e4.<\/p>\n\n\n\n<p>Nyt luottamusta synnytt\u00e4vi\u00e4 signaaleja olisi tarvittu erityisesti kest\u00e4vyysvajeesta. Kest\u00e4vyysvaje on ik\u00e4\u00e4ntyv\u00e4n v\u00e4est\u00f6n ongelma. Se tarkoittaa sit\u00e4, ett\u00e4 julkisen talouden menojen rahoittamiseksi tarvittava velka kasvaa ajan mittaan suuremmaksi kuin kansantalous pystyy kantamaan.<\/p>\n\n\n\n<p>Hallitus lupasi k\u00e4\u00e4nt\u00e4\u00e4 valtionvelan bkt-osuuden laskuun vaalikauden loppuun menness\u00e4. Valtiovarainministeri\u00f6n ennusteen mukaan hallitus ei t\u00e4ss\u00e4 asiassa p\u00e4\u00e4se l\u00e4hesk\u00e4\u00e4n maaliin.<\/p>\n\n\n\n<p>Julkisen talouden juuriin menev\u00e4 saneeraus olisi pit\u00e4nyt aloittaa heti jo oikeudenmukaisuussyist\u00e4. On v\u00e4\u00e4rin, jos taakka siirtyy j\u00e4lkipolville.<\/p>\n\n\n\n<p>Tulevaisuus voi olla synkempikin, kuin milt\u00e4 nyt n\u00e4ytt\u00e4\u00e4. P\u00e4\u00e4t\u00f6sten lykk\u00e4\u00e4minen johtaa siihen, ett\u00e4 ratkaisuista tulee rajumpia ja kipe\u00e4mpi\u00e4.<\/p>\n\n\n\n<p>Tehokkain yksitt\u00e4inen kest\u00e4vyysl\u00e4\u00e4ke olisi ty\u00f6urien pident\u00e4minen. Silt\u00e4 osin hallitus j\u00e4tt\u00e4ytyi l\u00e4hinn\u00e4 ty\u00f6markkinaj\u00e4rjest\u00f6jen hyv\u00e4n tahdon varaan.<\/p>\n\n\n\n<p>Hallitus siirsi ratkaisuja sis\u00e4isten erimielisyyksiens\u00e4 vuoksi. Varmaan my\u00f6s nouseva teollisuustuotanto ja yritysten paranevat suhdannen\u00e4kym\u00e4t tuudittivat poliitikkoja hyv\u00e4n olon tunteeseen.<\/p>\n\n\n\n<p>Kasvu on kuitenkin hataralla pohjalla. Kuluttajien luottamus on laskenut ja my\u00f6s p\u00f6rssin tunnelma on pessimistinen.<\/p>\n\n\n\n<p>Hallitusohjelman kirjoittajiksi ei koskaan v\u00e4rv\u00e4t\u00e4 maan parhaita tyyliniekkoja. T\u00e4ll\u00e4 kertaa vika on kuitenkin ennen muuta sis\u00e4ll\u00f6ss\u00e4.<\/p>\n\n\n","protected":false},"excerpt":{"rendered":"<p>Kuvitus Janne Tervam\u00e4ki. Maitolehm\u00e4n vastuullinen kasvatus alkaa heti, kun se on syntynyt. Vasikkaa sy\u00f6tet\u00e4\u00e4n ensin runsaalla ternimaidolla ja hoivataan kuivassa, l\u00e4mpim\u00e4ss\u00e4 ja vedottomassa karsinassa. Oikea ruokinta nostaa tuntuvasti maidontuotantoa. J\u00e4rkev\u00e4<br \/>\nhoito lis&hellip;<\/p>\n","protected":false},"author":138,"featured_media":0,"comment_status":"open","ping_status":"open","sticky":false,"template":"","format":"standard","meta":{"_acf_changed":false,"asauth_required_access_level":0,"asauth_cansharepaid":"","om_header_attributes":[],"footnotes":"","om_featured_image_focal_point":[],"om_primary_tag":0,"om_contributors":[],"om_co_authors":[],"beyondwords_generate_audio":"","beyondwords_project_id":"","beyondwords_content_id":"","beyondwords_preview_token":"","beyondwords_player_content":"","beyondwords_player_style":"","beyondwords_language_code":"","beyondwords_language_id":"","beyondwords_title_voice_id":"","beyondwords_body_voice_id":"","beyondwords_summary_voice_id":"","beyondwords_error_message":"","beyondwords_disabled":"","beyondwords_delete_content":"","beyondwords_podcast_id":"","beyondwords_hash":"","publish_post_to_speechkit":"","speechkit_hash":"","speechkit_generate_audio":"","speechkit_project_id":"","speechkit_podcast_id":"","speechkit_error_message":"","speechkit_disabled":"","speechkit_access_key":"","speechkit_error":"","speechkit_info":"","speechkit_response":"","speechkit_retries":"","speechkit_status":"","speechkit_updated_at":"","_speechkit_link":"","_speechkit_text":""},"categories":[1],"tags":[335,336,334,338,337],"class_list":["post-225","post","type-post","status-publish","format-standard","hentry","category-nurkanvaltaaja","tag-lehmat","tag-lypsy","tag-maito","tag-poliitikot","tag-yrittajyys"],"om_views":null,"acf":{"tuuma_off":false,"tuuma_kysymys":"","tuuma_vastaus":""},"asauth":{"required_access_level":1,"share_token":"","is_paid":false},"yoast_head":"<!-- This site is optimized with the Yoast SEO plugin v26.4 - https:\/\/yoast.com\/wordpress\/plugins\/seo\/ -->\n<title>Mallia maitotilallisista - poliitikon suhde yritt\u00e4j\u00e4\u00e4n - Nurkanvaltaaja<\/title>\n<meta name=\"robots\" content=\"index, follow, max-snippet:-1, max-image-preview:large, max-video-preview:-1\" \/>\n<link rel=\"canonical\" href=\"https:\/\/suomenkuvalehti.fi\/nurkanvaltaaja\/mallia-maitotilallisista-poliitikon-suhde-yrittajaan\/\" \/>\n<meta property=\"og:locale\" content=\"fi_FI\" \/>\n<meta property=\"og:type\" content=\"article\" \/>\n<meta property=\"og:title\" content=\"Mallia maitotilallisista - poliitikon suhde yritt\u00e4j\u00e4\u00e4n - Nurkanvaltaaja\" \/>\n<meta property=\"og:description\" content=\"Kuvitus Janne Tervam\u00e4ki. Maitolehm\u00e4n vastuullinen kasvatus alkaa heti, kun se on syntynyt. Vasikkaa sy\u00f6tet\u00e4\u00e4n ensin runsaalla ternimaidolla ja hoivataan kuivassa, l\u00e4mpim\u00e4ss\u00e4 ja vedottomassa karsinassa. Oikea ruokinta nostaa tuntuvasti maidontuotantoa. J\u00e4rkev\u00e4 hoito lis&hellip;\" \/>\n<meta property=\"og:url\" content=\"https:\/\/suomenkuvalehti.fi\/nurkanvaltaaja\/mallia-maitotilallisista-poliitikon-suhde-yrittajaan\/\" \/>\n<meta property=\"og:site_name\" content=\"Nurkanvaltaaja\" \/>\n<meta property=\"article:published_time\" content=\"2011-06-27T03:30:00+00:00\" \/>\n<meta property=\"article:modified_time\" content=\"2013-11-30T15:58:27+00:00\" \/>\n<meta property=\"og:image\" content=\"https:\/\/suomenkuvalehti.fi\/wp-content\/uploads\/sk\/files\/2011%20Uutisen%20kuvat\/maito.jpg\" \/>\n<meta name=\"author\" content=\"Kustaa Hulkko\" \/>\n<meta name=\"twitter:label1\" content=\"Written by\" \/>\n\t<meta name=\"twitter:data1\" content=\"Kustaa Hulkko\" \/>\n\t<meta name=\"twitter:label2\" content=\"Est. reading time\" \/>\n\t<meta name=\"twitter:data2\" content=\"2 minuuttia\" \/>\n<script type=\"application\/ld+json\" class=\"yoast-schema-graph\">{\"@context\":\"https:\/\/schema.org\",\"@graph\":[{\"@type\":\"WebPage\",\"@id\":\"https:\/\/suomenkuvalehti.fi\/nurkanvaltaaja\/mallia-maitotilallisista-poliitikon-suhde-yrittajaan\/\",\"url\":\"https:\/\/suomenkuvalehti.fi\/nurkanvaltaaja\/mallia-maitotilallisista-poliitikon-suhde-yrittajaan\/\",\"name\":\"Mallia maitotilallisista - poliitikon suhde yritt\u00e4j\u00e4\u00e4n - Nurkanvaltaaja\",\"isPartOf\":{\"@id\":\"https:\/\/suomenkuvalehti.fi\/nurkanvaltaaja\/#website\"},\"primaryImageOfPage\":{\"@id\":\"https:\/\/suomenkuvalehti.fi\/nurkanvaltaaja\/mallia-maitotilallisista-poliitikon-suhde-yrittajaan\/#primaryimage\"},\"image\":{\"@id\":\"https:\/\/suomenkuvalehti.fi\/nurkanvaltaaja\/mallia-maitotilallisista-poliitikon-suhde-yrittajaan\/#primaryimage\"},\"thumbnailUrl\":\"https:\/\/suomenkuvalehti.fi\/wp-content\/uploads\/sk\/files\/2011%20Uutisen%20kuvat\/maito.jpg\",\"datePublished\":\"2011-06-27T03:30:00+00:00\",\"dateModified\":\"2013-11-30T15:58:27+00:00\",\"author\":{\"@id\":\"https:\/\/suomenkuvalehti.fi\/nurkanvaltaaja\/#\/schema\/person\/81ab1f580416ab2bcf148bff361b7dfb\"},\"breadcrumb\":{\"@id\":\"https:\/\/suomenkuvalehti.fi\/nurkanvaltaaja\/mallia-maitotilallisista-poliitikon-suhde-yrittajaan\/#breadcrumb\"},\"inLanguage\":\"fi\",\"potentialAction\":[{\"@type\":\"ReadAction\",\"target\":[\"https:\/\/suomenkuvalehti.fi\/nurkanvaltaaja\/mallia-maitotilallisista-poliitikon-suhde-yrittajaan\/\"]}]},{\"@type\":\"ImageObject\",\"inLanguage\":\"fi\",\"@id\":\"https:\/\/suomenkuvalehti.fi\/nurkanvaltaaja\/mallia-maitotilallisista-poliitikon-suhde-yrittajaan\/#primaryimage\",\"url\":\"https:\/\/suomenkuvalehti.fi\/wp-content\/uploads\/sk\/files\/2011%20Uutisen%20kuvat\/maito.jpg\",\"contentUrl\":\"https:\/\/suomenkuvalehti.fi\/wp-content\/uploads\/sk\/files\/2011%20Uutisen%20kuvat\/maito.jpg\"},{\"@type\":\"BreadcrumbList\",\"@id\":\"https:\/\/suomenkuvalehti.fi\/nurkanvaltaaja\/mallia-maitotilallisista-poliitikon-suhde-yrittajaan\/#breadcrumb\",\"itemListElement\":[{\"@type\":\"ListItem\",\"position\":1,\"name\":\"Home\",\"item\":\"https:\/\/suomenkuvalehti.fi\/nurkanvaltaaja\/\"},{\"@type\":\"ListItem\",\"position\":2,\"name\":\"Mallia maitotilallisista &#8211; poliitikon suhde yritt\u00e4j\u00e4\u00e4n\"}]},{\"@type\":\"WebSite\",\"@id\":\"https:\/\/suomenkuvalehti.fi\/nurkanvaltaaja\/#website\",\"url\":\"https:\/\/suomenkuvalehti.fi\/nurkanvaltaaja\/\",\"name\":\"Nurkanvaltaaja\",\"description\":\"Suomen Kuvalehden taloustoimittajat kommentoivat rahan liikkeit\u00e4.\",\"potentialAction\":[{\"@type\":\"SearchAction\",\"target\":{\"@type\":\"EntryPoint\",\"urlTemplate\":\"https:\/\/suomenkuvalehti.fi\/haku\/?q={search_term_string}\"},\"query-input\":{\"@type\":\"PropertyValueSpecification\",\"valueRequired\":true,\"valueName\":\"search_term_string\"}}],\"inLanguage\":\"fi\"},{\"@type\":\"Person\",\"@id\":\"https:\/\/suomenkuvalehti.fi\/nurkanvaltaaja\/#\/schema\/person\/81ab1f580416ab2bcf148bff361b7dfb\",\"name\":\"Kustaa Hulkko\",\"image\":{\"@type\":\"ImageObject\",\"inLanguage\":\"fi\",\"@id\":\"https:\/\/suomenkuvalehti.fi\/nurkanvaltaaja\/#\/schema\/person\/image\/\",\"url\":\"https:\/\/suomenkuvalehti.fi\/nurkanvaltaaja\/wp-content\/uploads\/sites\/2\/2013\/11\/SK_HULKKO_Kustaa_pieni_MV-300x300-150x150.jpg\",\"contentUrl\":\"https:\/\/suomenkuvalehti.fi\/nurkanvaltaaja\/wp-content\/uploads\/sites\/2\/2013\/11\/SK_HULKKO_Kustaa_pieni_MV-300x300-150x150.jpg\",\"caption\":\"Kustaa Hulkko\"},\"description\":\"Kirjoittaja on vapaa toimittaja.\",\"sameAs\":[\"https:\/\/x.com\/https:\/\/twitter.com\/KustaaH\"]}]}<\/script>\n<!-- \/ Yoast SEO plugin. -->","yoast_head_json":{"title":"Mallia maitotilallisista - poliitikon suhde yritt\u00e4j\u00e4\u00e4n - Nurkanvaltaaja","robots":{"index":"index","follow":"follow","max-snippet":"max-snippet:-1","max-image-preview":"max-image-preview:large","max-video-preview":"max-video-preview:-1"},"canonical":"https:\/\/suomenkuvalehti.fi\/nurkanvaltaaja\/mallia-maitotilallisista-poliitikon-suhde-yrittajaan\/","og_locale":"fi_FI","og_type":"article","og_title":"Mallia maitotilallisista - poliitikon suhde yritt\u00e4j\u00e4\u00e4n - Nurkanvaltaaja","og_description":"Kuvitus Janne Tervam\u00e4ki. Maitolehm\u00e4n vastuullinen kasvatus alkaa heti, kun se on syntynyt. Vasikkaa sy\u00f6tet\u00e4\u00e4n ensin runsaalla ternimaidolla ja hoivataan kuivassa, l\u00e4mpim\u00e4ss\u00e4 ja vedottomassa karsinassa. Oikea ruokinta nostaa tuntuvasti maidontuotantoa. J\u00e4rkev\u00e4 hoito lis&hellip;","og_url":"https:\/\/suomenkuvalehti.fi\/nurkanvaltaaja\/mallia-maitotilallisista-poliitikon-suhde-yrittajaan\/","og_site_name":"Nurkanvaltaaja","article_published_time":"2011-06-27T03:30:00+00:00","article_modified_time":"2013-11-30T15:58:27+00:00","og_image":[{"url":"https:\/\/suomenkuvalehti.fi\/wp-content\/uploads\/sk\/files\/2011%20Uutisen%20kuvat\/maito.jpg","type":"","width":"","height":""}],"author":"Kustaa Hulkko","twitter_misc":{"Written by":"Kustaa Hulkko","Est. reading time":"2 minuuttia"},"schema":{"@context":"https:\/\/schema.org","@graph":[{"@type":"WebPage","@id":"https:\/\/suomenkuvalehti.fi\/nurkanvaltaaja\/mallia-maitotilallisista-poliitikon-suhde-yrittajaan\/","url":"https:\/\/suomenkuvalehti.fi\/nurkanvaltaaja\/mallia-maitotilallisista-poliitikon-suhde-yrittajaan\/","name":"Mallia maitotilallisista - poliitikon suhde yritt\u00e4j\u00e4\u00e4n - Nurkanvaltaaja","isPartOf":{"@id":"https:\/\/suomenkuvalehti.fi\/nurkanvaltaaja\/#website"},"primaryImageOfPage":{"@id":"https:\/\/suomenkuvalehti.fi\/nurkanvaltaaja\/mallia-maitotilallisista-poliitikon-suhde-yrittajaan\/#primaryimage"},"image":{"@id":"https:\/\/suomenkuvalehti.fi\/nurkanvaltaaja\/mallia-maitotilallisista-poliitikon-suhde-yrittajaan\/#primaryimage"},"thumbnailUrl":"https:\/\/suomenkuvalehti.fi\/wp-content\/uploads\/sk\/files\/2011%20Uutisen%20kuvat\/maito.jpg","datePublished":"2011-06-27T03:30:00+00:00","dateModified":"2013-11-30T15:58:27+00:00","author":{"@id":"https:\/\/suomenkuvalehti.fi\/nurkanvaltaaja\/#\/schema\/person\/81ab1f580416ab2bcf148bff361b7dfb"},"breadcrumb":{"@id":"https:\/\/suomenkuvalehti.fi\/nurkanvaltaaja\/mallia-maitotilallisista-poliitikon-suhde-yrittajaan\/#breadcrumb"},"inLanguage":"fi","potentialAction":[{"@type":"ReadAction","target":["https:\/\/suomenkuvalehti.fi\/nurkanvaltaaja\/mallia-maitotilallisista-poliitikon-suhde-yrittajaan\/"]}]},{"@type":"ImageObject","inLanguage":"fi","@id":"https:\/\/suomenkuvalehti.fi\/nurkanvaltaaja\/mallia-maitotilallisista-poliitikon-suhde-yrittajaan\/#primaryimage","url":"https:\/\/suomenkuvalehti.fi\/wp-content\/uploads\/sk\/files\/2011%20Uutisen%20kuvat\/maito.jpg","contentUrl":"https:\/\/suomenkuvalehti.fi\/wp-content\/uploads\/sk\/files\/2011%20Uutisen%20kuvat\/maito.jpg"},{"@type":"BreadcrumbList","@id":"https:\/\/suomenkuvalehti.fi\/nurkanvaltaaja\/mallia-maitotilallisista-poliitikon-suhde-yrittajaan\/#breadcrumb","itemListElement":[{"@type":"ListItem","position":1,"name":"Home","item":"https:\/\/suomenkuvalehti.fi\/nurkanvaltaaja\/"},{"@type":"ListItem","position":2,"name":"Mallia maitotilallisista &#8211; poliitikon suhde yritt\u00e4j\u00e4\u00e4n"}]},{"@type":"WebSite","@id":"https:\/\/suomenkuvalehti.fi\/nurkanvaltaaja\/#website","url":"https:\/\/suomenkuvalehti.fi\/nurkanvaltaaja\/","name":"Nurkanvaltaaja","description":"Suomen Kuvalehden taloustoimittajat kommentoivat rahan liikkeit\u00e4.","potentialAction":[{"@type":"SearchAction","target":{"@type":"EntryPoint","urlTemplate":"https:\/\/suomenkuvalehti.fi\/haku\/?q={search_term_string}"},"query-input":{"@type":"PropertyValueSpecification","valueRequired":true,"valueName":"search_term_string"}}],"inLanguage":"fi"},{"@type":"Person","@id":"https:\/\/suomenkuvalehti.fi\/nurkanvaltaaja\/#\/schema\/person\/81ab1f580416ab2bcf148bff361b7dfb","name":"Kustaa Hulkko","image":{"@type":"ImageObject","inLanguage":"fi","@id":"https:\/\/suomenkuvalehti.fi\/nurkanvaltaaja\/#\/schema\/person\/image\/","url":"https:\/\/suomenkuvalehti.fi\/nurkanvaltaaja\/wp-content\/uploads\/sites\/2\/2013\/11\/SK_HULKKO_Kustaa_pieni_MV-300x300-150x150.jpg","contentUrl":"https:\/\/suomenkuvalehti.fi\/nurkanvaltaaja\/wp-content\/uploads\/sites\/2\/2013\/11\/SK_HULKKO_Kustaa_pieni_MV-300x300-150x150.jpg","caption":"Kustaa Hulkko"},"description":"Kirjoittaja on vapaa toimittaja.","sameAs":["https:\/\/x.com\/https:\/\/twitter.com\/KustaaH"]}]}},"_links":{"self":[{"href":"https:\/\/suomenkuvalehti.fi\/nurkanvaltaaja\/wp-json\/wp\/v2\/posts\/225","targetHints":{"allow":["GET"]}}],"collection":[{"href":"https:\/\/suomenkuvalehti.fi\/nurkanvaltaaja\/wp-json\/wp\/v2\/posts"}],"about":[{"href":"https:\/\/suomenkuvalehti.fi\/nurkanvaltaaja\/wp-json\/wp\/v2\/types\/post"}],"author":[{"embeddable":true,"href":"https:\/\/suomenkuvalehti.fi\/nurkanvaltaaja\/wp-json\/wp\/v2\/users\/138"}],"replies":[{"embeddable":true,"href":"https:\/\/suomenkuvalehti.fi\/nurkanvaltaaja\/wp-json\/wp\/v2\/comments?post=225"}],"version-history":[{"count":1,"href":"https:\/\/suomenkuvalehti.fi\/nurkanvaltaaja\/wp-json\/wp\/v2\/posts\/225\/revisions"}],"predecessor-version":[{"id":401,"href":"https:\/\/suomenkuvalehti.fi\/nurkanvaltaaja\/wp-json\/wp\/v2\/posts\/225\/revisions\/401"}],"wp:attachment":[{"href":"https:\/\/suomenkuvalehti.fi\/nurkanvaltaaja\/wp-json\/wp\/v2\/media?parent=225"}],"wp:term":[{"taxonomy":"category","embeddable":true,"href":"https:\/\/suomenkuvalehti.fi\/nurkanvaltaaja\/wp-json\/wp\/v2\/categories?post=225"},{"taxonomy":"post_tag","embeddable":true,"href":"https:\/\/suomenkuvalehti.fi\/nurkanvaltaaja\/wp-json\/wp\/v2\/tags?post=225"}],"curies":[{"name":"wp","href":"https:\/\/api.w.org\/{rel}","templated":true}]}}