{"id":46,"date":"2013-12-23T15:04:47","date_gmt":"2013-12-23T13:04:47","guid":{"rendered":"https:\/\/suomenkuvalehti.fi\/merikallio\/?p=46"},"modified":"2013-12-23T15:04:47","modified_gmt":"2013-12-23T13:04:47","slug":"harmaavarpusen-sitkeydella","status":"publish","type":"post","link":"https:\/\/suomenkuvalehti.fi\/merikallio\/harmaavarpusen-sitkeydella\/","title":{"rendered":"Harmaavarpusen sitkeydell\u00e4"},"content":{"rendered":"\n<p>Muistatteko sen pilkkakuoron, joka nelj\u00e4 vuotta sitten ilkkui, kun Catherine Ashtonin nimitettiin EU:n ensimm\u00e4iseksi ulkoasioiden korkeaksi edustajaksi?<\/p>\n\n\n\n<p>Mit\u00e4 virkaa harmaalla keski-ik\u00e4isell\u00e4 hissukalla, viisi lasta kasvattaneella ty\u00f6v\u00e4enpuolueen puurtajanaisella voisi olla kansainv\u00e4lisen politiikan n\u00e4ytt\u00e4m\u00f6ll\u00e4, jossa suurvaltojen kovat kundit taittavat peist\u00e4? EU menett\u00e4isi vain kasvonsa ja loputkin vaikutusvallastaan.<\/p>\n\n\n\n<p>Pilkkakuoro on nopeasti vaiennut.<\/p>\n\n\n\n<p>Ashton on juuri sill\u00e4 pr\u00f6yst\u00e4ilem\u00e4tt\u00f6m\u00e4ll\u00e4 sitkeydell\u00e4\u00e4n avannut viime vuosien aikana solmuja, joita kukaan sapelinheiluttaja ei ole kyennyt avaamaan.<\/p>\n\n\n\n<p>Arkkiviholliset Kosovo ja Serbia l\u00f6ysiv\u00e4t huhtikuussa historiallisen sovun, jota moni Balkan-asiantuntija piti l\u00e4hes mahdottomana. Ratkaisu syntyi kymmenen neuvottelukierroksen j\u00e4lkeen. Ashton veti neuvotteluja itse.<\/p>\n\n\n\n<p>Viel\u00e4 mahdottomampaa piti olla sovun l\u00f6yt\u00e4minen Iranin ydinohjelmakiistassa. Kun valta kes\u00e4ll\u00e4 vaihtui Teheranissa ja ilmapiiri Yhdysvalloissa k\u00e4\u00e4ntyi suopeammaksi, Ashton ei aikaillut. H\u00e4n puhalsi hiipuneen nuotion henkiin. Nimet olivat paperissa marraskuussa.<\/p>\n\n\n\n<p>Kanssaneuvottelijat olivat yksimielisi\u00e4 siit\u00e4, ett\u00e4 ilman puheenjohtajana toimineen Ashtonin periksiantamattomuutta sopua Iranin ja Yhdysvaltain v\u00e4lille ei olisi syntynyt.<\/p>\n\n\n\n<p>Ashton sai esimerkiksi Yhdysvaltain ulkoministerin John Kerryn lent\u00e4m\u00e4\u00e4n Geneveen ja istumaan kahdeksan tuntia neuvotteluhuoneessa kasvokkain Iranin ulkoministerin Mohammad Javad Zarifin.<\/p>\n\n\n\n<p>Ashton on my\u00f6s toistaiseksi ainoa korkean tason l\u00e4nsijohtaja, joka on p\u00e4\u00e4stetty vankilaan tapaamaan Egyptin vallasta sy\u00f6sty\u00e4 presidentti Mohammad Mursia.<\/p>\n\n\n\n<p>Ashtonin taito avata ovia, luovia karikoiden l\u00e4pi ja sitouttaa ep\u00e4luuloiset osapuolet yhteiseen p\u00e4\u00e4m\u00e4\u00e4r\u00e4\u00e4n saa avointa kiitosta kaikkein kriittisimmilt\u00e4kin diplomaateilta ja Brysselin byrokraateilta.<\/p>\n\n\n\n<p>EU:n vaikutusvalta maailmann\u00e4ytt\u00e4m\u00f6ll\u00e4 on Ashtonin ansiosta vain vahvistunut.<\/p>\n\n\n\n<p>Ensi kev\u00e4\u00e4n\u00e4 europarlamenttiin valitaan uudet edustajat.<\/p>\n\n\n\n<p>TV-keskusteluiden nokkelat ja omahyv\u00e4iset populistipoliitikot ovat hauskaa viihdett\u00e4 suurelle yleis\u00f6lle.<\/p>\n\n\n\n<p>Mutta Ashtonin kaltaiset vahvalla tunne\u00e4lyll\u00e4 varustetut maltilliset naiset voivat kuitenkin olla paljon hy\u00f6dyllisempi\u00e4, kun talouskriisin, ty\u00f6tt\u00f6myyden, \u00e4\u00e4riliikkeiden ja ymp\u00e4rist\u00f6ongelmien koettelema Eurooppa etsii tulevaisuuttaan.<\/p>\n\n\n","protected":false},"excerpt":{"rendered":"<p>Muistatteko sen pilkkakuoron, joka nelj\u00e4 vuotta sitten ilkkui, kun Catherine Ashtonin nimitettiin EU:n ensimm\u00e4iseksi ulkoasioiden korkeaksi edustajaksi? Mit\u00e4 virkaa harmaalla keski-ik\u00e4isell\u00e4 hissukalla, viisi lasta kasvattaneella ty\u00f6v\u00e4enpuolueen puurtajanaisella voisi olla kansainv\u00e4lisen<br \/>\npolitii&hellip;<\/p>\n","protected":false},"author":133,"featured_media":0,"comment_status":"open","ping_status":"open","sticky":false,"template":"","format":"standard","meta":{"_acf_changed":false,"asauth_required_access_level":3,"asauth_cansharepaid":"true","om_header_attributes":[],"footnotes":"","om_featured_image_focal_point":[],"om_primary_tag":0,"om_contributors":[],"om_co_authors":[],"beyondwords_generate_audio":"","beyondwords_project_id":"","beyondwords_content_id":"","beyondwords_preview_token":"","beyondwords_player_content":"","beyondwords_player_style":"","beyondwords_language_code":"","beyondwords_language_id":"","beyondwords_title_voice_id":"","beyondwords_body_voice_id":"","beyondwords_summary_voice_id":"","beyondwords_error_message":"","beyondwords_disabled":"","beyondwords_delete_content":"","beyondwords_podcast_id":"","beyondwords_hash":"","publish_post_to_speechkit":"","speechkit_hash":"","speechkit_generate_audio":"","speechkit_project_id":"","speechkit_podcast_id":"","speechkit_error_message":"","speechkit_disabled":"","speechkit_access_key":"","speechkit_error":"","speechkit_info":"","speechkit_response":"","speechkit_retries":"","speechkit_status":"","speechkit_updated_at":"","_speechkit_link":"","_speechkit_text":""},"categories":[1],"tags":[8],"class_list":["post-46","post","type-post","status-publish","format-standard","hentry","category-merikallio","tag-catherine-ashton"],"om_views":null,"acf":{"tuuma_off":false,"tuuma_kysymys":"","tuuma_vastaus":""},"asauth":{"required_access_level":1,"share_token":"","is_paid":false},"yoast_head":"<!-- This site is optimized with the Yoast SEO plugin v26.4 - https:\/\/yoast.com\/wordpress\/plugins\/seo\/ -->\n<title>Harmaavarpusen sitkeydell\u00e4 - Merikallio<\/title>\n<meta name=\"robots\" content=\"index, follow, max-snippet:-1, max-image-preview:large, max-video-preview:-1\" \/>\n<link rel=\"canonical\" href=\"https:\/\/suomenkuvalehti.fi\/merikallio\/harmaavarpusen-sitkeydella\/\" \/>\n<meta property=\"og:locale\" content=\"fi_FI\" \/>\n<meta property=\"og:type\" content=\"article\" \/>\n<meta property=\"og:title\" content=\"Harmaavarpusen sitkeydell\u00e4 - Merikallio\" \/>\n<meta property=\"og:description\" content=\"Muistatteko sen pilkkakuoron, joka nelj\u00e4 vuotta sitten ilkkui, kun Catherine Ashtonin nimitettiin EU:n ensimm\u00e4iseksi ulkoasioiden korkeaksi edustajaksi? Mit\u00e4 virkaa harmaalla keski-ik\u00e4isell\u00e4 hissukalla, viisi lasta kasvattaneella ty\u00f6v\u00e4enpuolueen puurtajanaisella voisi olla kansainv\u00e4lisen politii&hellip;\" \/>\n<meta property=\"og:url\" content=\"https:\/\/suomenkuvalehti.fi\/merikallio\/harmaavarpusen-sitkeydella\/\" \/>\n<meta property=\"og:site_name\" content=\"Merikallio\" \/>\n<meta property=\"article:published_time\" content=\"2013-12-23T13:04:47+00:00\" \/>\n<meta name=\"author\" content=\"Katri Merikallio\" \/>\n<meta name=\"twitter:label1\" content=\"Written by\" \/>\n\t<meta name=\"twitter:data1\" content=\"Katri Merikallio\" \/>\n\t<meta name=\"twitter:label2\" content=\"Est. reading time\" \/>\n\t<meta name=\"twitter:data2\" content=\"1 minuutti\" \/>\n<script type=\"application\/ld+json\" class=\"yoast-schema-graph\">{\"@context\":\"https:\/\/schema.org\",\"@graph\":[{\"@type\":\"WebPage\",\"@id\":\"https:\/\/suomenkuvalehti.fi\/merikallio\/harmaavarpusen-sitkeydella\/\",\"url\":\"https:\/\/suomenkuvalehti.fi\/merikallio\/harmaavarpusen-sitkeydella\/\",\"name\":\"Harmaavarpusen sitkeydell\u00e4 - Merikallio\",\"isPartOf\":{\"@id\":\"https:\/\/suomenkuvalehti.fi\/merikallio\/#website\"},\"datePublished\":\"2013-12-23T13:04:47+00:00\",\"author\":{\"@id\":\"https:\/\/suomenkuvalehti.fi\/merikallio\/#\/schema\/person\/8a75152d0ad24ee18754c88711f3cf3a\"},\"breadcrumb\":{\"@id\":\"https:\/\/suomenkuvalehti.fi\/merikallio\/harmaavarpusen-sitkeydella\/#breadcrumb\"},\"inLanguage\":\"fi\",\"potentialAction\":[{\"@type\":\"ReadAction\",\"target\":[\"https:\/\/suomenkuvalehti.fi\/merikallio\/harmaavarpusen-sitkeydella\/\"]}]},{\"@type\":\"BreadcrumbList\",\"@id\":\"https:\/\/suomenkuvalehti.fi\/merikallio\/harmaavarpusen-sitkeydella\/#breadcrumb\",\"itemListElement\":[{\"@type\":\"ListItem\",\"position\":1,\"name\":\"Home\",\"item\":\"https:\/\/suomenkuvalehti.fi\/merikallio\/\"},{\"@type\":\"ListItem\",\"position\":2,\"name\":\"Harmaavarpusen sitkeydell\u00e4\"}]},{\"@type\":\"WebSite\",\"@id\":\"https:\/\/suomenkuvalehti.fi\/merikallio\/#website\",\"url\":\"https:\/\/suomenkuvalehti.fi\/merikallio\/\",\"name\":\"Merikallio\",\"description\":\"Sivussa ja keskell\u00e4 \u2013 kotona ja maailmalla.\",\"potentialAction\":[{\"@type\":\"SearchAction\",\"target\":{\"@type\":\"EntryPoint\",\"urlTemplate\":\"https:\/\/suomenkuvalehti.fi\/haku\/?q={search_term_string}\"},\"query-input\":{\"@type\":\"PropertyValueSpecification\",\"valueRequired\":true,\"valueName\":\"search_term_string\"}}],\"inLanguage\":\"fi\"},{\"@type\":\"Person\",\"@id\":\"https:\/\/suomenkuvalehti.fi\/merikallio\/#\/schema\/person\/8a75152d0ad24ee18754c88711f3cf3a\",\"name\":\"Katri Merikallio\",\"image\":{\"@type\":\"ImageObject\",\"inLanguage\":\"fi\",\"@id\":\"https:\/\/suomenkuvalehti.fi\/merikallio\/#\/schema\/person\/image\/\",\"url\":\"https:\/\/suomenkuvalehti.fi\/merikallio\/wp-content\/uploads\/sites\/5\/2013\/11\/SK_MERIKALLIO_Katri_pieni_MV-300x300-150x150.jpg\",\"contentUrl\":\"https:\/\/suomenkuvalehti.fi\/merikallio\/wp-content\/uploads\/sites\/5\/2013\/11\/SK_MERIKALLIO_Katri_pieni_MV-300x300-150x150.jpg\",\"caption\":\"Katri Merikallio\"},\"description\":\"Kirjoittaja on Suomen Kuvalehden toimittaja.\",\"sameAs\":[\"https:\/\/x.com\/https:\/\/twitter.com\/Merikallio\"]}]}<\/script>\n<!-- \/ Yoast SEO plugin. -->","yoast_head_json":{"title":"Harmaavarpusen sitkeydell\u00e4 - Merikallio","robots":{"index":"index","follow":"follow","max-snippet":"max-snippet:-1","max-image-preview":"max-image-preview:large","max-video-preview":"max-video-preview:-1"},"canonical":"https:\/\/suomenkuvalehti.fi\/merikallio\/harmaavarpusen-sitkeydella\/","og_locale":"fi_FI","og_type":"article","og_title":"Harmaavarpusen sitkeydell\u00e4 - Merikallio","og_description":"Muistatteko sen pilkkakuoron, joka nelj\u00e4 vuotta sitten ilkkui, kun Catherine Ashtonin nimitettiin EU:n ensimm\u00e4iseksi ulkoasioiden korkeaksi edustajaksi? Mit\u00e4 virkaa harmaalla keski-ik\u00e4isell\u00e4 hissukalla, viisi lasta kasvattaneella ty\u00f6v\u00e4enpuolueen puurtajanaisella voisi olla kansainv\u00e4lisen politii&hellip;","og_url":"https:\/\/suomenkuvalehti.fi\/merikallio\/harmaavarpusen-sitkeydella\/","og_site_name":"Merikallio","article_published_time":"2013-12-23T13:04:47+00:00","author":"Katri Merikallio","twitter_misc":{"Written by":"Katri Merikallio","Est. reading time":"1 minuutti"},"schema":{"@context":"https:\/\/schema.org","@graph":[{"@type":"WebPage","@id":"https:\/\/suomenkuvalehti.fi\/merikallio\/harmaavarpusen-sitkeydella\/","url":"https:\/\/suomenkuvalehti.fi\/merikallio\/harmaavarpusen-sitkeydella\/","name":"Harmaavarpusen sitkeydell\u00e4 - Merikallio","isPartOf":{"@id":"https:\/\/suomenkuvalehti.fi\/merikallio\/#website"},"datePublished":"2013-12-23T13:04:47+00:00","author":{"@id":"https:\/\/suomenkuvalehti.fi\/merikallio\/#\/schema\/person\/8a75152d0ad24ee18754c88711f3cf3a"},"breadcrumb":{"@id":"https:\/\/suomenkuvalehti.fi\/merikallio\/harmaavarpusen-sitkeydella\/#breadcrumb"},"inLanguage":"fi","potentialAction":[{"@type":"ReadAction","target":["https:\/\/suomenkuvalehti.fi\/merikallio\/harmaavarpusen-sitkeydella\/"]}]},{"@type":"BreadcrumbList","@id":"https:\/\/suomenkuvalehti.fi\/merikallio\/harmaavarpusen-sitkeydella\/#breadcrumb","itemListElement":[{"@type":"ListItem","position":1,"name":"Home","item":"https:\/\/suomenkuvalehti.fi\/merikallio\/"},{"@type":"ListItem","position":2,"name":"Harmaavarpusen sitkeydell\u00e4"}]},{"@type":"WebSite","@id":"https:\/\/suomenkuvalehti.fi\/merikallio\/#website","url":"https:\/\/suomenkuvalehti.fi\/merikallio\/","name":"Merikallio","description":"Sivussa ja keskell\u00e4 \u2013 kotona ja maailmalla.","potentialAction":[{"@type":"SearchAction","target":{"@type":"EntryPoint","urlTemplate":"https:\/\/suomenkuvalehti.fi\/haku\/?q={search_term_string}"},"query-input":{"@type":"PropertyValueSpecification","valueRequired":true,"valueName":"search_term_string"}}],"inLanguage":"fi"},{"@type":"Person","@id":"https:\/\/suomenkuvalehti.fi\/merikallio\/#\/schema\/person\/8a75152d0ad24ee18754c88711f3cf3a","name":"Katri Merikallio","image":{"@type":"ImageObject","inLanguage":"fi","@id":"https:\/\/suomenkuvalehti.fi\/merikallio\/#\/schema\/person\/image\/","url":"https:\/\/suomenkuvalehti.fi\/merikallio\/wp-content\/uploads\/sites\/5\/2013\/11\/SK_MERIKALLIO_Katri_pieni_MV-300x300-150x150.jpg","contentUrl":"https:\/\/suomenkuvalehti.fi\/merikallio\/wp-content\/uploads\/sites\/5\/2013\/11\/SK_MERIKALLIO_Katri_pieni_MV-300x300-150x150.jpg","caption":"Katri Merikallio"},"description":"Kirjoittaja on Suomen Kuvalehden toimittaja.","sameAs":["https:\/\/x.com\/https:\/\/twitter.com\/Merikallio"]}]}},"_links":{"self":[{"href":"https:\/\/suomenkuvalehti.fi\/merikallio\/wp-json\/wp\/v2\/posts\/46","targetHints":{"allow":["GET"]}}],"collection":[{"href":"https:\/\/suomenkuvalehti.fi\/merikallio\/wp-json\/wp\/v2\/posts"}],"about":[{"href":"https:\/\/suomenkuvalehti.fi\/merikallio\/wp-json\/wp\/v2\/types\/post"}],"author":[{"embeddable":true,"href":"https:\/\/suomenkuvalehti.fi\/merikallio\/wp-json\/wp\/v2\/users\/133"}],"replies":[{"embeddable":true,"href":"https:\/\/suomenkuvalehti.fi\/merikallio\/wp-json\/wp\/v2\/comments?post=46"}],"version-history":[{"count":2,"href":"https:\/\/suomenkuvalehti.fi\/merikallio\/wp-json\/wp\/v2\/posts\/46\/revisions"}],"predecessor-version":[{"id":48,"href":"https:\/\/suomenkuvalehti.fi\/merikallio\/wp-json\/wp\/v2\/posts\/46\/revisions\/48"}],"wp:attachment":[{"href":"https:\/\/suomenkuvalehti.fi\/merikallio\/wp-json\/wp\/v2\/media?parent=46"}],"wp:term":[{"taxonomy":"category","embeddable":true,"href":"https:\/\/suomenkuvalehti.fi\/merikallio\/wp-json\/wp\/v2\/categories?post=46"},{"taxonomy":"post_tag","embeddable":true,"href":"https:\/\/suomenkuvalehti.fi\/merikallio\/wp-json\/wp\/v2\/tags?post=46"}],"curies":[{"name":"wp","href":"https:\/\/api.w.org\/{rel}","templated":true}]}}