{"id":472,"date":"2015-09-25T14:54:41","date_gmt":"2015-09-25T11:54:41","guid":{"rendered":"https:\/\/suomenkuvalehti.fi\/megafoni\/?p=472"},"modified":"2015-09-29T08:29:50","modified_gmt":"2015-09-29T05:29:50","slug":"sipila-puhui-suomi-seisahtui-ja-mina-hamennyin","status":"publish","type":"post","link":"https:\/\/suomenkuvalehti.fi\/megafoni\/sipila-puhui-suomi-seisahtui-ja-mina-hamennyin\/","title":{"rendered":"Sipil\u00e4 puhui, Suomi seisahtui, ja min\u00e4 h\u00e4mmennyin"},"content":{"rendered":"\n<p>Viime perjantaina &nbsp;oli meneill\u00e4\u00e4n mielenilmaus, joka lamautti julkisen liikenteen Helsingiss\u00e4, p\u00e4\u00e4kaupungissamme. Minulla oli koulup\u00e4iv\u00e4, jona en p\u00e4\u00e4ssyt koululle. L\u00e4\u00e4k\u00e4riin sent\u00e4\u00e4n p\u00e4\u00e4sin, mutta apostolinkyydill\u00e4, jaloin.<\/p>\n\n\n\n<p>Mielenilmaus oli outo kokemus minulle.&nbsp;En ole elinaikanani n\u00e4hnyt pyhi\u00e4 lukuun ottamatta mit\u00e4\u00e4n vastaavaa. Yrit\u00e4n mietti\u00e4, mist\u00e4 oli kyse. Kun olen nuori, niin kyselen l\u00e4hinn\u00e4, kun valmiita vastauksia ei ole viel\u00e4 itse tullut muodostettua.<\/p>\n\n\n\n<p>Jotenkin ymm\u00e4rr\u00e4n, ett\u00e4 Suomella on sy\u00f6m\u00e4velkaa. &nbsp;Sy\u00f6m\u00e4velka on niin sanotusti sy\u00f6mist\u00e4 varten, eli pit\u00e4\u00e4 koneiston py\u00f6rim\u00e4ss\u00e4. Koneiston armoilla on k\u00f6yh\u00e4n kuin rikkaankin lapsen kohtalo, koska kaikki k\u00e4yv\u00e4t julkisen peruskoulun. Siksi en usko, ett\u00e4 kukaan haluaa pys\u00e4ytt\u00e4\u00e4 koko koneistoa. Kuitenkin sy\u00f6m\u00e4velkaamme pidet\u00e4\u00e4n viimeisien aikojen &nbsp;enteen\u00e4.<\/p>\n\n\n\n<p>P\u00e4\u00e4ministeri Sipil\u00e4 on pit\u00e4nyt jopa julkisen puheen tilanteen vakavuudesta. Vartin puheesta kuulsi l\u00e4pi huoli Suomen tilasta. Puheessa k\u00e4siteltiin l\u00e4hes kaikkea, enk\u00e4 osaa nimet\u00e4 p\u00e4\u00e4llimm\u00e4isi\u00e4 tuntemuksiani. Pari kertaa kummastelin, ett\u00e4 mik\u00e4 sana &#8221;ahjo&#8221; edes on. &nbsp;Muistan vain &#8221;miljoona tunnissa&#8221; kohdan kunnolla. &nbsp;Kuinka velkaa voi olla niin paljon otettu? Onko valtion koneisto Molokin kita, joka sy\u00f6 verorahat?<\/p>\n\n\n\n<p>Ik\u00e4iseni kaverit ovat hokeneet, ett\u00e4 kaikki puolueet ovat pett\u00e4neet \u00e4\u00e4nest\u00e4j\u00e4ns\u00e4. Nuorisolle on viel\u00e4 lis\u00e4ksi uskoteltu, ett\u00e4 ty\u00f6el\u00e4m\u00e4 tulee olemaan raaempaa kuin koskaan ennen. Ty\u00f6el\u00e4m\u00e4n uskotaan muuttuvan sellaiseksi, ett\u00e4 yksi korkeakoulututkintokaan ei varmista vakaata toimeentuloa. Jos j\u00e4lkipolvien pit\u00e4\u00e4 maksaa sy\u00f6m\u00e4velka, eik\u00e4 luvata edes tasaista ty\u00f6uraa, niin kuka motivoituu tekem\u00e4\u00e4n ty\u00f6t\u00e4?<\/p>\n\n\n\n<p>Hallituksen ja ammattiliikkeen v\u00e4lill\u00e4 kuohuu, v\u00e4itt\u00e4v\u00e4t lehdet. Koulussa puhuttiin aina kolmikannasta, johon kuului my\u00f6s ty\u00f6nantajat. Ty\u00f6nantajat ovat olleet melko passiivisia nuorille tiedottamisessa koko &nbsp;kriisin ajan. En halua syyllist\u00e4\u00e4, mutta mit\u00e4 he ovat luvanneet nuorisolle? Mit\u00e4 te, ty\u00f6nantajat, sanoisitte meille nuorille? Mill\u00e4 porkkanoin houkuttelette meit\u00e4 osallistumaan valtion pelastamiseen?<\/p>\n\n\n\n<p>Ty\u00f6ntekij\u00f6iden mielenilmauksessa oli arviolta 30 000 ihmist\u00e4. Kyseinen luku ei kata kaikkia Helsingin v\u00e4h\u00e4tuloisia eik\u00e4 ty\u00f6tt\u00f6mi\u00e4. Mit\u00e4 porukkaa siis siell\u00e4 rautatientorilla mahtoi olla? En tied\u00e4, kun en ollut paikalla. N\u00e4in l\u00e4\u00e4k\u00e4rist\u00e4 palatessani kuitenkin muutamia ihmisi\u00e4, jotka olivat tulossa mielenilmauksesta. Heill\u00e4 oli mustissa ilmapalloissa teksti &#8221;Stop&#8221;, ei muuta, vain yksi sana. Uskovatko he todella, ett\u00e4 Suomi on niin l\u00e4hell\u00e4 reunaa, ett\u00e4 pys\u00e4ytt\u00e4minen on paikallaan?<\/p>\n\n\n\n<p>Kotona aloin kirjoittamaan, yritin purkaa mielt\u00e4ni tapahtuneesta. Facebookin kautta en jaksanut jakaa tuntojani, kun keskustelu siell\u00e4 on niin kahtiajakautunutta. Siell\u00e4 ei pohdintani olisi kiinnostanut ket\u00e4\u00e4n. P\u00e4\u00e4llimm\u00e4iseksi tunteeksi viime perjantaista on j\u00e4\u00e4nyt vain sanaton huolim\u00f6ykky Suomen tilanteesta. Vanhemmat ihmiset, valistakaa minua nuorta: mit\u00e4 Suomen hyv\u00e4ksi voisin &nbsp;tehd\u00e4?<\/p>\n\n\n","protected":false},"excerpt":{"rendered":"<p>Viime perjantaina &nbsp;oli meneill\u00e4\u00e4n mielenilmaus, joka lamautti julkisen liikenteen Helsingiss\u00e4, p\u00e4\u00e4kaupungissamme. Minulla oli koulup\u00e4iv\u00e4, jona en p\u00e4\u00e4ssyt koululle. L\u00e4\u00e4k\u00e4riin sent\u00e4\u00e4n p\u00e4\u00e4sin, mutta apostolinkyydill\u00e4, jaloin. Mielenilmaus oli outo kokemus<br \/>\nminulle.&nbsp;En&hellip;<\/p>\n","protected":false},"author":156,"featured_media":0,"comment_status":"open","ping_status":"open","sticky":false,"template":"","format":"standard","meta":{"_acf_changed":false,"asauth_required_access_level":0,"asauth_cansharepaid":"true","om_header_attributes":[],"footnotes":"","om_featured_image_focal_point":[],"om_primary_tag":0,"om_contributors":[],"om_co_authors":[],"beyondwords_generate_audio":"","beyondwords_project_id":"","beyondwords_content_id":"","beyondwords_preview_token":"","beyondwords_player_content":"","beyondwords_player_style":"","beyondwords_language_code":"","beyondwords_language_id":"","beyondwords_title_voice_id":"","beyondwords_body_voice_id":"","beyondwords_summary_voice_id":"","beyondwords_error_message":"","beyondwords_disabled":"","beyondwords_delete_content":"","beyondwords_podcast_id":"","beyondwords_hash":"","publish_post_to_speechkit":"","speechkit_hash":"","speechkit_generate_audio":"","speechkit_project_id":"","speechkit_podcast_id":"","speechkit_error_message":"","speechkit_disabled":"","speechkit_access_key":"","speechkit_error":"","speechkit_info":"","speechkit_response":"","speechkit_retries":"","speechkit_status":"","speechkit_updated_at":"","_speechkit_link":"","_speechkit_text":""},"categories":[664],"tags":[],"class_list":["post-472","post","type-post","status-publish","format-standard","hentry","category-tuomas-suolahti"],"om_views":null,"acf":{"tuuma_off":false,"tuuma_kysymys":"","tuuma_vastaus":""},"asauth":{"required_access_level":1,"share_token":"","is_paid":false},"yoast_head":"<!-- This site is optimized with the Yoast SEO plugin v26.4 - https:\/\/yoast.com\/wordpress\/plugins\/seo\/ -->\n<title>Sipil\u00e4 puhui, Suomi seisahtui, ja min\u00e4 h\u00e4mmennyin - Megafoni<\/title>\n<meta name=\"robots\" content=\"index, follow, max-snippet:-1, max-image-preview:large, max-video-preview:-1\" \/>\n<link rel=\"canonical\" href=\"https:\/\/suomenkuvalehti.fi\/megafoni\/sipila-puhui-suomi-seisahtui-ja-mina-hamennyin\/\" \/>\n<meta property=\"og:locale\" content=\"fi_FI\" \/>\n<meta property=\"og:type\" content=\"article\" \/>\n<meta property=\"og:title\" content=\"Sipil\u00e4 puhui, Suomi seisahtui, ja min\u00e4 h\u00e4mmennyin - Megafoni\" \/>\n<meta property=\"og:description\" content=\"Viime perjantaina &nbsp;oli meneill\u00e4\u00e4n mielenilmaus, joka lamautti julkisen liikenteen Helsingiss\u00e4, p\u00e4\u00e4kaupungissamme. Minulla oli koulup\u00e4iv\u00e4, jona en p\u00e4\u00e4ssyt koululle. L\u00e4\u00e4k\u00e4riin sent\u00e4\u00e4n p\u00e4\u00e4sin, mutta apostolinkyydill\u00e4, jaloin. Mielenilmaus oli outo kokemus minulle.&nbsp;En&hellip;\" \/>\n<meta property=\"og:url\" content=\"https:\/\/suomenkuvalehti.fi\/megafoni\/sipila-puhui-suomi-seisahtui-ja-mina-hamennyin\/\" \/>\n<meta property=\"og:site_name\" content=\"Megafoni\" \/>\n<meta property=\"article:published_time\" content=\"2015-09-25T11:54:41+00:00\" \/>\n<meta property=\"article:modified_time\" content=\"2015-09-29T05:29:50+00:00\" \/>\n<meta property=\"og:image\" content=\"https:\/\/suomenkuvalehti.fi\/megafoni\/wp-content\/uploads\/sites\/12\/2013\/11\/sk_leijona_kulta.png\" \/>\n\t<meta property=\"og:image:width\" content=\"192\" \/>\n\t<meta property=\"og:image:height\" content=\"192\" \/>\n\t<meta property=\"og:image:type\" content=\"image\/png\" \/>\n<meta name=\"author\" content=\"Megafoni\" \/>\n<meta name=\"twitter:card\" content=\"summary_large_image\" \/>\n<meta name=\"twitter:label1\" content=\"Written by\" \/>\n\t<meta name=\"twitter:data1\" content=\"Megafoni\" \/>\n\t<meta name=\"twitter:label2\" content=\"Est. reading time\" \/>\n\t<meta name=\"twitter:data2\" content=\"2 minuuttia\" \/>\n<script type=\"application\/ld+json\" class=\"yoast-schema-graph\">{\"@context\":\"https:\/\/schema.org\",\"@graph\":[{\"@type\":\"WebPage\",\"@id\":\"https:\/\/suomenkuvalehti.fi\/megafoni\/sipila-puhui-suomi-seisahtui-ja-mina-hamennyin\/\",\"url\":\"https:\/\/suomenkuvalehti.fi\/megafoni\/sipila-puhui-suomi-seisahtui-ja-mina-hamennyin\/\",\"name\":\"Sipil\u00e4 puhui, Suomi seisahtui, ja min\u00e4 h\u00e4mmennyin - Megafoni\",\"isPartOf\":{\"@id\":\"https:\/\/suomenkuvalehti.fi\/megafoni\/#website\"},\"datePublished\":\"2015-09-25T11:54:41+00:00\",\"dateModified\":\"2015-09-29T05:29:50+00:00\",\"author\":{\"@id\":\"https:\/\/suomenkuvalehti.fi\/megafoni\/#\/schema\/person\/31b2b1cad84ad5e0d611373c61834d09\"},\"breadcrumb\":{\"@id\":\"https:\/\/suomenkuvalehti.fi\/megafoni\/sipila-puhui-suomi-seisahtui-ja-mina-hamennyin\/#breadcrumb\"},\"inLanguage\":\"fi\",\"potentialAction\":[{\"@type\":\"ReadAction\",\"target\":[\"https:\/\/suomenkuvalehti.fi\/megafoni\/sipila-puhui-suomi-seisahtui-ja-mina-hamennyin\/\"]}]},{\"@type\":\"BreadcrumbList\",\"@id\":\"https:\/\/suomenkuvalehti.fi\/megafoni\/sipila-puhui-suomi-seisahtui-ja-mina-hamennyin\/#breadcrumb\",\"itemListElement\":[{\"@type\":\"ListItem\",\"position\":1,\"name\":\"Home\",\"item\":\"https:\/\/suomenkuvalehti.fi\/megafoni\/\"},{\"@type\":\"ListItem\",\"position\":2,\"name\":\"Sipil\u00e4 puhui, Suomi seisahtui, ja min\u00e4 h\u00e4mmennyin\"}]},{\"@type\":\"WebSite\",\"@id\":\"https:\/\/suomenkuvalehti.fi\/megafoni\/#website\",\"url\":\"https:\/\/suomenkuvalehti.fi\/megafoni\/\",\"name\":\"Megafoni\",\"description\":\"Helsingin nuorisopalveluiden Nuorten \u00c4\u00e4ni \u2013toimituksen blogi.\",\"potentialAction\":[{\"@type\":\"SearchAction\",\"target\":{\"@type\":\"EntryPoint\",\"urlTemplate\":\"https:\/\/suomenkuvalehti.fi\/haku\/?q={search_term_string}\"},\"query-input\":{\"@type\":\"PropertyValueSpecification\",\"valueRequired\":true,\"valueName\":\"search_term_string\"}}],\"inLanguage\":\"fi\"},{\"@type\":\"Person\",\"@id\":\"https:\/\/suomenkuvalehti.fi\/megafoni\/#\/schema\/person\/31b2b1cad84ad5e0d611373c61834d09\",\"name\":\"Megafoni\",\"image\":{\"@type\":\"ImageObject\",\"inLanguage\":\"fi\",\"@id\":\"https:\/\/suomenkuvalehti.fi\/megafoni\/#\/schema\/person\/image\/\",\"url\":\"https:\/\/suomenkuvalehti.fi\/megafoni\/wp-content\/uploads\/sites\/12\/2013\/11\/sk_leijona_kulta-150x150.png\",\"contentUrl\":\"https:\/\/suomenkuvalehti.fi\/megafoni\/wp-content\/uploads\/sites\/12\/2013\/11\/sk_leijona_kulta-150x150.png\",\"caption\":\"Megafoni\"},\"description\":\"Kirjoittajat ovat p\u00e4\u00e4kaupunkiseudulla asuvia nuoria. Nuorten \u00c4\u00e4ni -toimitus tuo nuorten n\u00e4k\u00f6kulmia esille mediassa.\"}]}<\/script>\n<!-- \/ Yoast SEO plugin. -->","yoast_head_json":{"title":"Sipil\u00e4 puhui, Suomi seisahtui, ja min\u00e4 h\u00e4mmennyin - Megafoni","robots":{"index":"index","follow":"follow","max-snippet":"max-snippet:-1","max-image-preview":"max-image-preview:large","max-video-preview":"max-video-preview:-1"},"canonical":"https:\/\/suomenkuvalehti.fi\/megafoni\/sipila-puhui-suomi-seisahtui-ja-mina-hamennyin\/","og_locale":"fi_FI","og_type":"article","og_title":"Sipil\u00e4 puhui, Suomi seisahtui, ja min\u00e4 h\u00e4mmennyin - Megafoni","og_description":"Viime perjantaina &nbsp;oli meneill\u00e4\u00e4n mielenilmaus, joka lamautti julkisen liikenteen Helsingiss\u00e4, p\u00e4\u00e4kaupungissamme. Minulla oli koulup\u00e4iv\u00e4, jona en p\u00e4\u00e4ssyt koululle. L\u00e4\u00e4k\u00e4riin sent\u00e4\u00e4n p\u00e4\u00e4sin, mutta apostolinkyydill\u00e4, jaloin. Mielenilmaus oli outo kokemus minulle.&nbsp;En&hellip;","og_url":"https:\/\/suomenkuvalehti.fi\/megafoni\/sipila-puhui-suomi-seisahtui-ja-mina-hamennyin\/","og_site_name":"Megafoni","article_published_time":"2015-09-25T11:54:41+00:00","article_modified_time":"2015-09-29T05:29:50+00:00","og_image":[{"width":192,"height":192,"url":"https:\/\/suomenkuvalehti.fi\/megafoni\/wp-content\/uploads\/sites\/12\/2013\/11\/sk_leijona_kulta.png","type":"image\/png"}],"author":"Megafoni","twitter_card":"summary_large_image","twitter_misc":{"Written by":"Megafoni","Est. reading time":"2 minuuttia"},"schema":{"@context":"https:\/\/schema.org","@graph":[{"@type":"WebPage","@id":"https:\/\/suomenkuvalehti.fi\/megafoni\/sipila-puhui-suomi-seisahtui-ja-mina-hamennyin\/","url":"https:\/\/suomenkuvalehti.fi\/megafoni\/sipila-puhui-suomi-seisahtui-ja-mina-hamennyin\/","name":"Sipil\u00e4 puhui, Suomi seisahtui, ja min\u00e4 h\u00e4mmennyin - Megafoni","isPartOf":{"@id":"https:\/\/suomenkuvalehti.fi\/megafoni\/#website"},"datePublished":"2015-09-25T11:54:41+00:00","dateModified":"2015-09-29T05:29:50+00:00","author":{"@id":"https:\/\/suomenkuvalehti.fi\/megafoni\/#\/schema\/person\/31b2b1cad84ad5e0d611373c61834d09"},"breadcrumb":{"@id":"https:\/\/suomenkuvalehti.fi\/megafoni\/sipila-puhui-suomi-seisahtui-ja-mina-hamennyin\/#breadcrumb"},"inLanguage":"fi","potentialAction":[{"@type":"ReadAction","target":["https:\/\/suomenkuvalehti.fi\/megafoni\/sipila-puhui-suomi-seisahtui-ja-mina-hamennyin\/"]}]},{"@type":"BreadcrumbList","@id":"https:\/\/suomenkuvalehti.fi\/megafoni\/sipila-puhui-suomi-seisahtui-ja-mina-hamennyin\/#breadcrumb","itemListElement":[{"@type":"ListItem","position":1,"name":"Home","item":"https:\/\/suomenkuvalehti.fi\/megafoni\/"},{"@type":"ListItem","position":2,"name":"Sipil\u00e4 puhui, Suomi seisahtui, ja min\u00e4 h\u00e4mmennyin"}]},{"@type":"WebSite","@id":"https:\/\/suomenkuvalehti.fi\/megafoni\/#website","url":"https:\/\/suomenkuvalehti.fi\/megafoni\/","name":"Megafoni","description":"Helsingin nuorisopalveluiden Nuorten \u00c4\u00e4ni \u2013toimituksen blogi.","potentialAction":[{"@type":"SearchAction","target":{"@type":"EntryPoint","urlTemplate":"https:\/\/suomenkuvalehti.fi\/haku\/?q={search_term_string}"},"query-input":{"@type":"PropertyValueSpecification","valueRequired":true,"valueName":"search_term_string"}}],"inLanguage":"fi"},{"@type":"Person","@id":"https:\/\/suomenkuvalehti.fi\/megafoni\/#\/schema\/person\/31b2b1cad84ad5e0d611373c61834d09","name":"Megafoni","image":{"@type":"ImageObject","inLanguage":"fi","@id":"https:\/\/suomenkuvalehti.fi\/megafoni\/#\/schema\/person\/image\/","url":"https:\/\/suomenkuvalehti.fi\/megafoni\/wp-content\/uploads\/sites\/12\/2013\/11\/sk_leijona_kulta-150x150.png","contentUrl":"https:\/\/suomenkuvalehti.fi\/megafoni\/wp-content\/uploads\/sites\/12\/2013\/11\/sk_leijona_kulta-150x150.png","caption":"Megafoni"},"description":"Kirjoittajat ovat p\u00e4\u00e4kaupunkiseudulla asuvia nuoria. Nuorten \u00c4\u00e4ni -toimitus tuo nuorten n\u00e4k\u00f6kulmia esille mediassa."}]}},"_links":{"self":[{"href":"https:\/\/suomenkuvalehti.fi\/megafoni\/wp-json\/wp\/v2\/posts\/472","targetHints":{"allow":["GET"]}}],"collection":[{"href":"https:\/\/suomenkuvalehti.fi\/megafoni\/wp-json\/wp\/v2\/posts"}],"about":[{"href":"https:\/\/suomenkuvalehti.fi\/megafoni\/wp-json\/wp\/v2\/types\/post"}],"author":[{"embeddable":true,"href":"https:\/\/suomenkuvalehti.fi\/megafoni\/wp-json\/wp\/v2\/users\/156"}],"replies":[{"embeddable":true,"href":"https:\/\/suomenkuvalehti.fi\/megafoni\/wp-json\/wp\/v2\/comments?post=472"}],"version-history":[{"count":5,"href":"https:\/\/suomenkuvalehti.fi\/megafoni\/wp-json\/wp\/v2\/posts\/472\/revisions"}],"predecessor-version":[{"id":478,"href":"https:\/\/suomenkuvalehti.fi\/megafoni\/wp-json\/wp\/v2\/posts\/472\/revisions\/478"}],"wp:attachment":[{"href":"https:\/\/suomenkuvalehti.fi\/megafoni\/wp-json\/wp\/v2\/media?parent=472"}],"wp:term":[{"taxonomy":"category","embeddable":true,"href":"https:\/\/suomenkuvalehti.fi\/megafoni\/wp-json\/wp\/v2\/categories?post=472"},{"taxonomy":"post_tag","embeddable":true,"href":"https:\/\/suomenkuvalehti.fi\/megafoni\/wp-json\/wp\/v2\/tags?post=472"}],"curies":[{"name":"wp","href":"https:\/\/api.w.org\/{rel}","templated":true}]}}