{"id":204,"date":"2009-05-23T09:42:12","date_gmt":"2009-05-23T06:42:12","guid":{"rendered":"https:\/\/suomenkuvalehti.fi\/megafoni\/2009\/05\/23\/oma-napa-maailman-napa-vai-miten-se-meni\/"},"modified":"2009-05-23T09:42:12","modified_gmt":"2009-05-23T06:42:12","slug":"oma-napa-maailman-napa-vai-miten-se-meni","status":"publish","type":"post","link":"https:\/\/suomenkuvalehti.fi\/megafoni\/oma-napa-maailman-napa-vai-miten-se-meni\/","title":{"rendered":"Oma napa maailman napa vai miten se meni?"},"content":{"rendered":"\n<p>N\u00e4en vanhan miehen kaatuvan portaissa. H\u00e4n on vaikeuksissa eik\u00e4 p\u00e4\u00e4se yl\u00f6s. Sy\u00f6ksyn tietysti auttamaan. Mutta mit\u00e4 tekee suurin osa ihmisist\u00e4 h\u00e4nen ymp\u00e4rill\u00e4\u00e4n? K\u00e4velee ripe\u00e4sti pois tielt\u00e4. Ettei vain sattuisi mies tarvitsemaan apua, hui.<\/p>\n\n\n\n\n<p>Kaatunut herra oli eritt\u00e4in kiitollinen antamastani avusta ja hetken lev\u00e4tty\u00e4\u00e4n h\u00e4n jatkoi verkkaisesti matkaansa. Poistuessani paikalta rupesin miettim\u00e4\u00e4n, ett\u00e4 mit\u00e4 jos en olisi ollut paikalla t\u00e4m\u00e4n miehen kaatuessa? Makaisiko h\u00e4n viel\u00e4kin portaiden p\u00e4\u00e4ss\u00e4, koska kukaan ei ollut auttanut h\u00e4nt\u00e4? Mit\u00e4 jos kaatuneena olisinkin ollut min\u00e4?<\/p>\n\n\n\n<p>Toinen mielest\u00e4ni hyv\u00e4 esimerkki oli Unicefin <a href=\"http:\/\/www.unicef.fi\/aiti-miksi\">Ole Hetken \u00c4iti -kampanja<\/a>. <a href=\"https:\/\/www.youtube.com\/watch?v=JSHgOowx0g8\">Youtubesta l\u00f6ytyv\u00e4st\u00e4 videosta<\/a> n\u00e4kee, kuinka suurin osa ihmist\u00e4 k\u00e4velee ohi. Vain muutama pys\u00e4htyi ihmettelem\u00e4\u00e4n vaunuista kuuluva itkua. Mahtoiko olla kinkut p\u00f6yd\u00e4ll\u00e4 sulamassa, vai miksi ei heill\u00e4 ollut aikaa pys\u00e4hty\u00e4 katsomaan, onko siell\u00e4 rattaissa oikeasti jotain h\u00e4t\u00e4n\u00e4.<\/p>\n\n\n\n<p>Mik\u00e4 ihmisiin on mennyt, kun se oma napa on paljon t\u00e4rke\u00e4mpi&nbsp;kuin toisen? En usko, ett\u00e4 pys\u00e4htyminen ja rattaisiin kurkkaaminen olisi vienyt kenelt\u00e4k\u00e4\u00e4n 3 minuuttia enemp\u00e4\u00e4. Sen verran aikaa on meill\u00e4 jokaisella tarjota toiselle avuksi. Aivan varmasti.<\/p>\n\n\n\n<p>Mit\u00e4 jos seuraavalla&nbsp;kerralla n\u00e4hdess\u00e4mme jonkun, joka tarvitsee apua, unohdetaan ne kinkut siell\u00e4 p\u00f6yd\u00e4ll\u00e4 ja pys\u00e4hdyt\u00e4\u00e4n auttamaan.<\/p>\n\n\n\n<p>&nbsp;<\/p>\n\n\n\n<p>&nbsp;<\/p>\n\n\n","protected":false},"excerpt":{"rendered":"<p>N\u00e4en vanhan miehen kaatuvan portaissa. H\u00e4n on vaikeuksissa eik\u00e4 p\u00e4\u00e4se yl\u00f6s. Sy\u00f6ksyn tietysti auttamaan. Mutta mit\u00e4 tekee suurin osa ihmisist\u00e4 h\u00e4nen ymp\u00e4rill\u00e4\u00e4n? K\u00e4velee ripe\u00e4sti pois tielt\u00e4. Ettei vain sattuisi mies tarvitsemaan apua, hui. Kaatunut herra oli eritt\u00e4in<br \/>\nkiitollinen anta&hellip;<\/p>\n","protected":false},"author":338,"featured_media":0,"comment_status":"open","ping_status":"open","sticky":false,"template":"","format":"standard","meta":{"_acf_changed":false,"asauth_required_access_level":0,"asauth_cansharepaid":"","om_header_attributes":[],"footnotes":"","om_featured_image_focal_point":[],"om_primary_tag":0,"om_contributors":[],"om_co_authors":[],"beyondwords_generate_audio":"","beyondwords_project_id":"","beyondwords_content_id":"","beyondwords_preview_token":"","beyondwords_player_content":"","beyondwords_player_style":"","beyondwords_language_code":"","beyondwords_language_id":"","beyondwords_title_voice_id":"","beyondwords_body_voice_id":"","beyondwords_summary_voice_id":"","beyondwords_error_message":"","beyondwords_disabled":"","beyondwords_delete_content":"","beyondwords_podcast_id":"","beyondwords_hash":"","publish_post_to_speechkit":"","speechkit_hash":"","speechkit_generate_audio":"","speechkit_project_id":"","speechkit_podcast_id":"","speechkit_error_message":"","speechkit_disabled":"","speechkit_access_key":"","speechkit_error":"","speechkit_info":"","speechkit_response":"","speechkit_retries":"","speechkit_status":"","speechkit_updated_at":"","_speechkit_link":"","_speechkit_text":""},"categories":[1],"tags":[477,188,117],"class_list":["post-204","post","type-post","status-publish","format-standard","hentry","category-megafoni-kirjoitukset","tag-auttaminen","tag-ihmiset","tag-yhteiskunta"],"om_views":null,"acf":{"tuuma_off":false,"tuuma_kysymys":"","tuuma_vastaus":""},"asauth":{"required_access_level":1,"share_token":"","is_paid":false},"yoast_head":"<!-- This site is optimized with the Yoast SEO plugin v26.4 - https:\/\/yoast.com\/wordpress\/plugins\/seo\/ -->\n<title>Oma napa maailman napa vai miten se meni? - Megafoni<\/title>\n<meta name=\"robots\" content=\"index, follow, max-snippet:-1, max-image-preview:large, max-video-preview:-1\" \/>\n<link rel=\"canonical\" href=\"https:\/\/suomenkuvalehti.fi\/megafoni\/oma-napa-maailman-napa-vai-miten-se-meni\/\" \/>\n<meta property=\"og:locale\" content=\"fi_FI\" \/>\n<meta property=\"og:type\" content=\"article\" \/>\n<meta property=\"og:title\" content=\"Oma napa maailman napa vai miten se meni? - Megafoni\" \/>\n<meta property=\"og:description\" content=\"N\u00e4en vanhan miehen kaatuvan portaissa. H\u00e4n on vaikeuksissa eik\u00e4 p\u00e4\u00e4se yl\u00f6s. Sy\u00f6ksyn tietysti auttamaan. Mutta mit\u00e4 tekee suurin osa ihmisist\u00e4 h\u00e4nen ymp\u00e4rill\u00e4\u00e4n? K\u00e4velee ripe\u00e4sti pois tielt\u00e4. Ettei vain sattuisi mies tarvitsemaan apua, hui. Kaatunut herra oli eritt\u00e4in kiitollinen anta&hellip;\" \/>\n<meta property=\"og:url\" content=\"https:\/\/suomenkuvalehti.fi\/megafoni\/oma-napa-maailman-napa-vai-miten-se-meni\/\" \/>\n<meta property=\"og:site_name\" content=\"Megafoni\" \/>\n<meta property=\"article:published_time\" content=\"2009-05-23T06:42:12+00:00\" \/>\n<meta property=\"og:image\" content=\"https:\/\/suomenkuvalehti.fi\/megafoni\/wp-content\/uploads\/sites\/12\/2013\/11\/sk_leijona_kulta.png\" \/>\n\t<meta property=\"og:image:width\" content=\"192\" \/>\n\t<meta property=\"og:image:height\" content=\"192\" \/>\n\t<meta property=\"og:image:type\" content=\"image\/png\" \/>\n<meta name=\"author\" content=\"Heta Lampinen\" \/>\n<meta name=\"twitter:card\" content=\"summary_large_image\" \/>\n<meta name=\"twitter:label1\" content=\"Written by\" \/>\n\t<meta name=\"twitter:data1\" content=\"Heta Lampinen\" \/>\n\t<meta name=\"twitter:label2\" content=\"Est. reading time\" \/>\n\t<meta name=\"twitter:data2\" content=\"1 minuutti\" \/>\n<script type=\"application\/ld+json\" class=\"yoast-schema-graph\">{\"@context\":\"https:\/\/schema.org\",\"@graph\":[{\"@type\":\"WebPage\",\"@id\":\"https:\/\/suomenkuvalehti.fi\/megafoni\/oma-napa-maailman-napa-vai-miten-se-meni\/\",\"url\":\"https:\/\/suomenkuvalehti.fi\/megafoni\/oma-napa-maailman-napa-vai-miten-se-meni\/\",\"name\":\"Oma napa maailman napa vai miten se meni? - Megafoni\",\"isPartOf\":{\"@id\":\"https:\/\/suomenkuvalehti.fi\/megafoni\/#website\"},\"datePublished\":\"2009-05-23T06:42:12+00:00\",\"author\":{\"@id\":\"https:\/\/suomenkuvalehti.fi\/megafoni\/#\/schema\/person\/2c2e900d4208905c51aee74b205ec644\"},\"breadcrumb\":{\"@id\":\"https:\/\/suomenkuvalehti.fi\/megafoni\/oma-napa-maailman-napa-vai-miten-se-meni\/#breadcrumb\"},\"inLanguage\":\"fi\",\"potentialAction\":[{\"@type\":\"ReadAction\",\"target\":[\"https:\/\/suomenkuvalehti.fi\/megafoni\/oma-napa-maailman-napa-vai-miten-se-meni\/\"]}]},{\"@type\":\"BreadcrumbList\",\"@id\":\"https:\/\/suomenkuvalehti.fi\/megafoni\/oma-napa-maailman-napa-vai-miten-se-meni\/#breadcrumb\",\"itemListElement\":[{\"@type\":\"ListItem\",\"position\":1,\"name\":\"Home\",\"item\":\"https:\/\/suomenkuvalehti.fi\/megafoni\/\"},{\"@type\":\"ListItem\",\"position\":2,\"name\":\"Oma napa maailman napa vai miten se meni?\"}]},{\"@type\":\"WebSite\",\"@id\":\"https:\/\/suomenkuvalehti.fi\/megafoni\/#website\",\"url\":\"https:\/\/suomenkuvalehti.fi\/megafoni\/\",\"name\":\"Megafoni\",\"description\":\"Helsingin nuorisopalveluiden Nuorten \u00c4\u00e4ni \u2013toimituksen blogi.\",\"potentialAction\":[{\"@type\":\"SearchAction\",\"target\":{\"@type\":\"EntryPoint\",\"urlTemplate\":\"https:\/\/suomenkuvalehti.fi\/haku\/?q={search_term_string}\"},\"query-input\":{\"@type\":\"PropertyValueSpecification\",\"valueRequired\":true,\"valueName\":\"search_term_string\"}}],\"inLanguage\":\"fi\"},{\"@type\":\"Person\",\"@id\":\"https:\/\/suomenkuvalehti.fi\/megafoni\/#\/schema\/person\/2c2e900d4208905c51aee74b205ec644\",\"name\":\"Heta Lampinen\",\"image\":{\"@type\":\"ImageObject\",\"inLanguage\":\"fi\",\"@id\":\"https:\/\/suomenkuvalehti.fi\/megafoni\/#\/schema\/person\/image\/\",\"url\":\"https:\/\/suomenkuvalehti.fi\/megafoni\/wp-content\/uploads\/sites\/12\/2013\/11\/sk_leijona_kulta-150x150.png\",\"contentUrl\":\"https:\/\/suomenkuvalehti.fi\/megafoni\/wp-content\/uploads\/sites\/12\/2013\/11\/sk_leijona_kulta-150x150.png\",\"caption\":\"Heta Lampinen\"}}]}<\/script>\n<!-- \/ Yoast SEO plugin. -->","yoast_head_json":{"title":"Oma napa maailman napa vai miten se meni? - Megafoni","robots":{"index":"index","follow":"follow","max-snippet":"max-snippet:-1","max-image-preview":"max-image-preview:large","max-video-preview":"max-video-preview:-1"},"canonical":"https:\/\/suomenkuvalehti.fi\/megafoni\/oma-napa-maailman-napa-vai-miten-se-meni\/","og_locale":"fi_FI","og_type":"article","og_title":"Oma napa maailman napa vai miten se meni? - Megafoni","og_description":"N\u00e4en vanhan miehen kaatuvan portaissa. H\u00e4n on vaikeuksissa eik\u00e4 p\u00e4\u00e4se yl\u00f6s. Sy\u00f6ksyn tietysti auttamaan. Mutta mit\u00e4 tekee suurin osa ihmisist\u00e4 h\u00e4nen ymp\u00e4rill\u00e4\u00e4n? K\u00e4velee ripe\u00e4sti pois tielt\u00e4. Ettei vain sattuisi mies tarvitsemaan apua, hui. Kaatunut herra oli eritt\u00e4in kiitollinen anta&hellip;","og_url":"https:\/\/suomenkuvalehti.fi\/megafoni\/oma-napa-maailman-napa-vai-miten-se-meni\/","og_site_name":"Megafoni","article_published_time":"2009-05-23T06:42:12+00:00","og_image":[{"width":192,"height":192,"url":"https:\/\/suomenkuvalehti.fi\/megafoni\/wp-content\/uploads\/sites\/12\/2013\/11\/sk_leijona_kulta.png","type":"image\/png"}],"author":"Heta Lampinen","twitter_card":"summary_large_image","twitter_misc":{"Written by":"Heta Lampinen","Est. reading time":"1 minuutti"},"schema":{"@context":"https:\/\/schema.org","@graph":[{"@type":"WebPage","@id":"https:\/\/suomenkuvalehti.fi\/megafoni\/oma-napa-maailman-napa-vai-miten-se-meni\/","url":"https:\/\/suomenkuvalehti.fi\/megafoni\/oma-napa-maailman-napa-vai-miten-se-meni\/","name":"Oma napa maailman napa vai miten se meni? - Megafoni","isPartOf":{"@id":"https:\/\/suomenkuvalehti.fi\/megafoni\/#website"},"datePublished":"2009-05-23T06:42:12+00:00","author":{"@id":"https:\/\/suomenkuvalehti.fi\/megafoni\/#\/schema\/person\/2c2e900d4208905c51aee74b205ec644"},"breadcrumb":{"@id":"https:\/\/suomenkuvalehti.fi\/megafoni\/oma-napa-maailman-napa-vai-miten-se-meni\/#breadcrumb"},"inLanguage":"fi","potentialAction":[{"@type":"ReadAction","target":["https:\/\/suomenkuvalehti.fi\/megafoni\/oma-napa-maailman-napa-vai-miten-se-meni\/"]}]},{"@type":"BreadcrumbList","@id":"https:\/\/suomenkuvalehti.fi\/megafoni\/oma-napa-maailman-napa-vai-miten-se-meni\/#breadcrumb","itemListElement":[{"@type":"ListItem","position":1,"name":"Home","item":"https:\/\/suomenkuvalehti.fi\/megafoni\/"},{"@type":"ListItem","position":2,"name":"Oma napa maailman napa vai miten se meni?"}]},{"@type":"WebSite","@id":"https:\/\/suomenkuvalehti.fi\/megafoni\/#website","url":"https:\/\/suomenkuvalehti.fi\/megafoni\/","name":"Megafoni","description":"Helsingin nuorisopalveluiden Nuorten \u00c4\u00e4ni \u2013toimituksen blogi.","potentialAction":[{"@type":"SearchAction","target":{"@type":"EntryPoint","urlTemplate":"https:\/\/suomenkuvalehti.fi\/haku\/?q={search_term_string}"},"query-input":{"@type":"PropertyValueSpecification","valueRequired":true,"valueName":"search_term_string"}}],"inLanguage":"fi"},{"@type":"Person","@id":"https:\/\/suomenkuvalehti.fi\/megafoni\/#\/schema\/person\/2c2e900d4208905c51aee74b205ec644","name":"Heta Lampinen","image":{"@type":"ImageObject","inLanguage":"fi","@id":"https:\/\/suomenkuvalehti.fi\/megafoni\/#\/schema\/person\/image\/","url":"https:\/\/suomenkuvalehti.fi\/megafoni\/wp-content\/uploads\/sites\/12\/2013\/11\/sk_leijona_kulta-150x150.png","contentUrl":"https:\/\/suomenkuvalehti.fi\/megafoni\/wp-content\/uploads\/sites\/12\/2013\/11\/sk_leijona_kulta-150x150.png","caption":"Heta Lampinen"}}]}},"_links":{"self":[{"href":"https:\/\/suomenkuvalehti.fi\/megafoni\/wp-json\/wp\/v2\/posts\/204","targetHints":{"allow":["GET"]}}],"collection":[{"href":"https:\/\/suomenkuvalehti.fi\/megafoni\/wp-json\/wp\/v2\/posts"}],"about":[{"href":"https:\/\/suomenkuvalehti.fi\/megafoni\/wp-json\/wp\/v2\/types\/post"}],"author":[{"embeddable":true,"href":"https:\/\/suomenkuvalehti.fi\/megafoni\/wp-json\/wp\/v2\/users\/338"}],"replies":[{"embeddable":true,"href":"https:\/\/suomenkuvalehti.fi\/megafoni\/wp-json\/wp\/v2\/comments?post=204"}],"version-history":[{"count":0,"href":"https:\/\/suomenkuvalehti.fi\/megafoni\/wp-json\/wp\/v2\/posts\/204\/revisions"}],"wp:attachment":[{"href":"https:\/\/suomenkuvalehti.fi\/megafoni\/wp-json\/wp\/v2\/media?parent=204"}],"wp:term":[{"taxonomy":"category","embeddable":true,"href":"https:\/\/suomenkuvalehti.fi\/megafoni\/wp-json\/wp\/v2\/categories?post=204"},{"taxonomy":"post_tag","embeddable":true,"href":"https:\/\/suomenkuvalehti.fi\/megafoni\/wp-json\/wp\/v2\/tags?post=204"}],"curies":[{"name":"wp","href":"https:\/\/api.w.org\/{rel}","templated":true}]}}