{"id":162,"date":"2010-02-23T09:53:00","date_gmt":"2010-02-23T07:53:00","guid":{"rendered":"https:\/\/suomenkuvalehti.fi\/megafoni\/2010\/02\/23\/koulussa-ei-ehdi-kysya-miksi\/"},"modified":"2010-02-23T09:53:00","modified_gmt":"2010-02-23T07:53:00","slug":"koulussa-ei-ehdi-kysya-miksi","status":"publish","type":"post","link":"https:\/\/suomenkuvalehti.fi\/megafoni\/koulussa-ei-ehdi-kysya-miksi\/","title":{"rendered":"Koulussa ei ehdi kysy\u00e4 miksi"},"content":{"rendered":"\n<p>Koko yl\u00e4asteen ajan olen ihmetellyt, kuinka opettajilla tuntuu olevan l\u00e4hes joka aineessa kauhea kiire siirty\u00e4 asioissa eteenp\u00e4in, vaikka puoli luokkaa olisi viel\u00e4 aivan ulalla edellisenkin asian suhteen. Opetussuunnitelma on \u00e4ngetty niin t\u00e4yteen l\u00e4pik\u00e4yt\u00e4vi\u00e4 asioita, ett\u00e4 yhteenk\u00e4\u00e4n ei ehdit\u00e4 perehty\u00e4 syvemmin. Opiskeltavista asioista ehdit\u00e4\u00e4n raapaista vain v\u00e4h\u00e4n pintaa ja sekin kiireell\u00e4.<\/p>\n\n\n\n<p>Kun opeteltavaa asiaa on paljon, ei kaikkea mill\u00e4\u00e4n ehdi sis\u00e4ist\u00e4\u00e4 ja opiskelu muuttuu ulkoa p\u00e4ntt\u00e4\u00e4miseksi. T\u00e4ll\u00e4 tyylill\u00e4 suurin osa opiskelluista asioista katoaa mielest\u00e4 muutamassa p\u00e4iv\u00e4ss\u00e4 niit\u00e4 k\u00e4sitelleen kokeen j\u00e4lkeen. Kaiken maailman nippelitiedon sijaan olisi t\u00e4rke\u00e4mp\u00e4\u00e4 keskitty\u00e4 vain kaikkein olennaisimpaan niin, ett\u00e4 siihen paneuduttaisiin kunnolla ja kaikilla olisi mahdollisuus ymm\u00e4rt\u00e4\u00e4 mist\u00e4 on kysymys.<\/p>\n\n\n\n<p>Opetuksessa tunnutaan usein kiertelev\u00e4n sanaa<em> miksi<\/em>. Matematiikassa opetellaan yl\u00e4asteen aikana ulkoa kymmeni\u00e4 kaavoja, mutta harvoin kerrotaan miksi juuri sill\u00e4 kaavalla tulee oikea vastaus. Osaan kyll\u00e4 esimerkiksi ratkaista yht\u00e4l\u00f6parin algebrallisesti yhteenlaskukeinolla, mutta minulla ei ole hajuakaan, miksi sill\u00e4 tavalla tulee oikea vastaus. Biologiassa, fysiikassa ja kemiassa taas t\u00e4ytyy usein vain muistaa, ett\u00e4 kun <em>jokin asia on n\u00e4in niin tapahtuu noin<\/em>, tiet\u00e4m\u00e4tt\u00e4 kuitenkaan miksi. Joskus opettajat eiv\u00e4t tunnu itsek\u00e4\u00e4n t\u00e4ysin osaavan opettamiaan asioita ja vaativat oppilaita muistamaan kokeissa sellaista, mit\u00e4 eiv\u00e4t itsek\u00e4\u00e4n muistaisi.<\/p>\n\n\n\n<p>Fysiikassa ja matematiikassa pit\u00e4isi opiskella enemm\u00e4n sit\u00e4, miksi tietyill\u00e4 matemaattisilla kaavoilla tulee oikeita vastauksia. N\u00e4in looginen p\u00e4\u00e4ttelykykykin kehittyisi ja ulkoa opetteleminen v\u00e4henisi, kun asiat oikeasti ymm\u00e4rrett\u00e4isiin. Itse\u00e4ni my\u00f6s kiinnostaisi tiet\u00e4\u00e4, miss\u00e4 noita kaavoja aivan k\u00e4yt\u00e4nn\u00f6ss\u00e4 k\u00e4ytet\u00e4\u00e4n, mit\u00e4 niiden avulla on saavutettu sek\u00e4 milloin ja kuka ne on keksinyt. Nyky\u00e4\u00e4n, jos koulussa uskaltautuu kysym\u00e4\u00e4n miksi jotakin tietty\u00e4 asiaa opiskellaan, on vastaus yleens\u00e4, ett\u00e4 se nyt vain kuuluu opetussuunnitelmaan.<\/p>\n\n\n\n<p>Opiskelu kuitenkin motivoisi enemm\u00e4n, kun tiet\u00e4isi syyn opiskeltavan asian t\u00e4rkeyteen.<\/p>\n\n\n\n<p>Opetussuunnitelmaa pit\u00e4isi saada karsittua sen verran, ett\u00e4 opeteltavat asiat olisi mahdollista harjoitella perusteellisesti. Jos opiskelua my\u00f6s muutettaisiin osittain projektiluonteisemmaksi, olisi oppilailla itsell\u00e4\u00e4n enemm\u00e4n valtaa p\u00e4\u00e4tt\u00e4\u00e4 mihin asioihin he haluavat syventy\u00e4. Se toimisi hyvin sek\u00e4 reaali- ett\u00e4 taideaineissa. Ehk\u00e4 t\u00e4ll\u00e4 tavalla peruskoulun aikana ehditt\u00e4isiin opiskella harvempia asioita, mutta koulun p\u00e4\u00e4tytty\u00e4 olisi oppilailla silti enemm\u00e4n tietoa ja osaamista kuin nyt.<\/p>\n\n\n\n<p>Kun perusteet osattaisiin hyvin, olisi opiskelu jatkossakin helpompaa.<\/p>\n\n\n","protected":false},"excerpt":{"rendered":"<p>Koko yl\u00e4asteen ajan olen ihmetellyt, kuinka opettajilla tuntuu olevan l\u00e4hes joka aineessa kauhea kiire siirty\u00e4 asioissa eteenp\u00e4in, vaikka puoli luokkaa olisi viel\u00e4 aivan ulalla edellisenkin asian suhteen. Opetussuunnitelma on \u00e4ngetty niin t\u00e4yteen l\u00e4pik\u00e4yt\u00e4vi\u00e4 asioita, ett\u00e4 yhteenk\u00e4\u00e4n ei<br \/>\nehdit\u00e4 pereht&hellip;<\/p>\n","protected":false},"author":330,"featured_media":0,"comment_status":"open","ping_status":"open","sticky":false,"template":"","format":"standard","meta":{"_acf_changed":false,"asauth_required_access_level":0,"asauth_cansharepaid":"","om_header_attributes":[],"footnotes":"","om_featured_image_focal_point":[],"om_primary_tag":0,"om_contributors":[],"om_co_authors":[],"beyondwords_generate_audio":"","beyondwords_project_id":"","beyondwords_content_id":"","beyondwords_preview_token":"","beyondwords_player_content":"","beyondwords_player_style":"","beyondwords_language_code":"","beyondwords_language_id":"","beyondwords_title_voice_id":"","beyondwords_body_voice_id":"","beyondwords_summary_voice_id":"","beyondwords_error_message":"","beyondwords_disabled":"","beyondwords_delete_content":"","beyondwords_podcast_id":"","beyondwords_hash":"","publish_post_to_speechkit":"","speechkit_hash":"","speechkit_generate_audio":"","speechkit_project_id":"","speechkit_podcast_id":"","speechkit_error_message":"","speechkit_disabled":"","speechkit_access_key":"","speechkit_error":"","speechkit_info":"","speechkit_response":"","speechkit_retries":"","speechkit_status":"","speechkit_updated_at":"","_speechkit_link":"","_speechkit_text":""},"categories":[1],"tags":[99,27,356],"class_list":["post-162","post","type-post","status-publish","format-standard","hentry","category-megafoni-kirjoitukset","tag-kiire","tag-koulu","tag-opetussuunnitelmat"],"om_views":null,"acf":{"tuuma_off":false,"tuuma_kysymys":"","tuuma_vastaus":""},"asauth":{"required_access_level":1,"share_token":"","is_paid":false},"yoast_head":"<!-- This site is optimized with the Yoast SEO plugin v26.4 - https:\/\/yoast.com\/wordpress\/plugins\/seo\/ -->\n<title>Koulussa ei ehdi kysy\u00e4 miksi - Megafoni<\/title>\n<meta name=\"robots\" content=\"index, follow, max-snippet:-1, max-image-preview:large, max-video-preview:-1\" \/>\n<link rel=\"canonical\" href=\"https:\/\/suomenkuvalehti.fi\/megafoni\/koulussa-ei-ehdi-kysya-miksi\/\" \/>\n<meta property=\"og:locale\" content=\"fi_FI\" \/>\n<meta property=\"og:type\" content=\"article\" \/>\n<meta property=\"og:title\" content=\"Koulussa ei ehdi kysy\u00e4 miksi - Megafoni\" \/>\n<meta property=\"og:description\" content=\"Koko yl\u00e4asteen ajan olen ihmetellyt, kuinka opettajilla tuntuu olevan l\u00e4hes joka aineessa kauhea kiire siirty\u00e4 asioissa eteenp\u00e4in, vaikka puoli luokkaa olisi viel\u00e4 aivan ulalla edellisenkin asian suhteen. Opetussuunnitelma on \u00e4ngetty niin t\u00e4yteen l\u00e4pik\u00e4yt\u00e4vi\u00e4 asioita, ett\u00e4 yhteenk\u00e4\u00e4n ei ehdit\u00e4 pereht&hellip;\" \/>\n<meta property=\"og:url\" content=\"https:\/\/suomenkuvalehti.fi\/megafoni\/koulussa-ei-ehdi-kysya-miksi\/\" \/>\n<meta property=\"og:site_name\" content=\"Megafoni\" \/>\n<meta property=\"article:published_time\" content=\"2010-02-23T07:53:00+00:00\" \/>\n<meta property=\"og:image\" content=\"https:\/\/suomenkuvalehti.fi\/megafoni\/wp-content\/uploads\/sites\/12\/2013\/11\/sk_leijona_kulta.png\" \/>\n\t<meta property=\"og:image:width\" content=\"192\" \/>\n\t<meta property=\"og:image:height\" content=\"192\" \/>\n\t<meta property=\"og:image:type\" content=\"image\/png\" \/>\n<meta name=\"author\" content=\"Laura Pakarinen\" \/>\n<meta name=\"twitter:card\" content=\"summary_large_image\" \/>\n<meta name=\"twitter:label1\" content=\"Written by\" \/>\n\t<meta name=\"twitter:data1\" content=\"Laura Pakarinen\" \/>\n\t<meta name=\"twitter:label2\" content=\"Est. reading time\" \/>\n\t<meta name=\"twitter:data2\" content=\"2 minuuttia\" \/>\n<script type=\"application\/ld+json\" class=\"yoast-schema-graph\">{\"@context\":\"https:\/\/schema.org\",\"@graph\":[{\"@type\":\"WebPage\",\"@id\":\"https:\/\/suomenkuvalehti.fi\/megafoni\/koulussa-ei-ehdi-kysya-miksi\/\",\"url\":\"https:\/\/suomenkuvalehti.fi\/megafoni\/koulussa-ei-ehdi-kysya-miksi\/\",\"name\":\"Koulussa ei ehdi kysy\u00e4 miksi - Megafoni\",\"isPartOf\":{\"@id\":\"https:\/\/suomenkuvalehti.fi\/megafoni\/#website\"},\"datePublished\":\"2010-02-23T07:53:00+00:00\",\"author\":{\"@id\":\"https:\/\/suomenkuvalehti.fi\/megafoni\/#\/schema\/person\/c516e94b6815a7651a2040adef5b00d7\"},\"breadcrumb\":{\"@id\":\"https:\/\/suomenkuvalehti.fi\/megafoni\/koulussa-ei-ehdi-kysya-miksi\/#breadcrumb\"},\"inLanguage\":\"fi\",\"potentialAction\":[{\"@type\":\"ReadAction\",\"target\":[\"https:\/\/suomenkuvalehti.fi\/megafoni\/koulussa-ei-ehdi-kysya-miksi\/\"]}]},{\"@type\":\"BreadcrumbList\",\"@id\":\"https:\/\/suomenkuvalehti.fi\/megafoni\/koulussa-ei-ehdi-kysya-miksi\/#breadcrumb\",\"itemListElement\":[{\"@type\":\"ListItem\",\"position\":1,\"name\":\"Home\",\"item\":\"https:\/\/suomenkuvalehti.fi\/megafoni\/\"},{\"@type\":\"ListItem\",\"position\":2,\"name\":\"Koulussa ei ehdi kysy\u00e4 miksi\"}]},{\"@type\":\"WebSite\",\"@id\":\"https:\/\/suomenkuvalehti.fi\/megafoni\/#website\",\"url\":\"https:\/\/suomenkuvalehti.fi\/megafoni\/\",\"name\":\"Megafoni\",\"description\":\"Helsingin nuorisopalveluiden Nuorten \u00c4\u00e4ni \u2013toimituksen blogi.\",\"potentialAction\":[{\"@type\":\"SearchAction\",\"target\":{\"@type\":\"EntryPoint\",\"urlTemplate\":\"https:\/\/suomenkuvalehti.fi\/haku\/?q={search_term_string}\"},\"query-input\":{\"@type\":\"PropertyValueSpecification\",\"valueRequired\":true,\"valueName\":\"search_term_string\"}}],\"inLanguage\":\"fi\"},{\"@type\":\"Person\",\"@id\":\"https:\/\/suomenkuvalehti.fi\/megafoni\/#\/schema\/person\/c516e94b6815a7651a2040adef5b00d7\",\"name\":\"Laura Pakarinen\",\"image\":{\"@type\":\"ImageObject\",\"inLanguage\":\"fi\",\"@id\":\"https:\/\/suomenkuvalehti.fi\/megafoni\/#\/schema\/person\/image\/\",\"url\":\"https:\/\/suomenkuvalehti.fi\/megafoni\/wp-content\/uploads\/sites\/12\/2013\/11\/sk_leijona_kulta-150x150.png\",\"contentUrl\":\"https:\/\/suomenkuvalehti.fi\/megafoni\/wp-content\/uploads\/sites\/12\/2013\/11\/sk_leijona_kulta-150x150.png\",\"caption\":\"Laura Pakarinen\"}}]}<\/script>\n<!-- \/ Yoast SEO plugin. -->","yoast_head_json":{"title":"Koulussa ei ehdi kysy\u00e4 miksi - Megafoni","robots":{"index":"index","follow":"follow","max-snippet":"max-snippet:-1","max-image-preview":"max-image-preview:large","max-video-preview":"max-video-preview:-1"},"canonical":"https:\/\/suomenkuvalehti.fi\/megafoni\/koulussa-ei-ehdi-kysya-miksi\/","og_locale":"fi_FI","og_type":"article","og_title":"Koulussa ei ehdi kysy\u00e4 miksi - Megafoni","og_description":"Koko yl\u00e4asteen ajan olen ihmetellyt, kuinka opettajilla tuntuu olevan l\u00e4hes joka aineessa kauhea kiire siirty\u00e4 asioissa eteenp\u00e4in, vaikka puoli luokkaa olisi viel\u00e4 aivan ulalla edellisenkin asian suhteen. Opetussuunnitelma on \u00e4ngetty niin t\u00e4yteen l\u00e4pik\u00e4yt\u00e4vi\u00e4 asioita, ett\u00e4 yhteenk\u00e4\u00e4n ei ehdit\u00e4 pereht&hellip;","og_url":"https:\/\/suomenkuvalehti.fi\/megafoni\/koulussa-ei-ehdi-kysya-miksi\/","og_site_name":"Megafoni","article_published_time":"2010-02-23T07:53:00+00:00","og_image":[{"width":192,"height":192,"url":"https:\/\/suomenkuvalehti.fi\/megafoni\/wp-content\/uploads\/sites\/12\/2013\/11\/sk_leijona_kulta.png","type":"image\/png"}],"author":"Laura Pakarinen","twitter_card":"summary_large_image","twitter_misc":{"Written by":"Laura Pakarinen","Est. reading time":"2 minuuttia"},"schema":{"@context":"https:\/\/schema.org","@graph":[{"@type":"WebPage","@id":"https:\/\/suomenkuvalehti.fi\/megafoni\/koulussa-ei-ehdi-kysya-miksi\/","url":"https:\/\/suomenkuvalehti.fi\/megafoni\/koulussa-ei-ehdi-kysya-miksi\/","name":"Koulussa ei ehdi kysy\u00e4 miksi - Megafoni","isPartOf":{"@id":"https:\/\/suomenkuvalehti.fi\/megafoni\/#website"},"datePublished":"2010-02-23T07:53:00+00:00","author":{"@id":"https:\/\/suomenkuvalehti.fi\/megafoni\/#\/schema\/person\/c516e94b6815a7651a2040adef5b00d7"},"breadcrumb":{"@id":"https:\/\/suomenkuvalehti.fi\/megafoni\/koulussa-ei-ehdi-kysya-miksi\/#breadcrumb"},"inLanguage":"fi","potentialAction":[{"@type":"ReadAction","target":["https:\/\/suomenkuvalehti.fi\/megafoni\/koulussa-ei-ehdi-kysya-miksi\/"]}]},{"@type":"BreadcrumbList","@id":"https:\/\/suomenkuvalehti.fi\/megafoni\/koulussa-ei-ehdi-kysya-miksi\/#breadcrumb","itemListElement":[{"@type":"ListItem","position":1,"name":"Home","item":"https:\/\/suomenkuvalehti.fi\/megafoni\/"},{"@type":"ListItem","position":2,"name":"Koulussa ei ehdi kysy\u00e4 miksi"}]},{"@type":"WebSite","@id":"https:\/\/suomenkuvalehti.fi\/megafoni\/#website","url":"https:\/\/suomenkuvalehti.fi\/megafoni\/","name":"Megafoni","description":"Helsingin nuorisopalveluiden Nuorten \u00c4\u00e4ni \u2013toimituksen blogi.","potentialAction":[{"@type":"SearchAction","target":{"@type":"EntryPoint","urlTemplate":"https:\/\/suomenkuvalehti.fi\/haku\/?q={search_term_string}"},"query-input":{"@type":"PropertyValueSpecification","valueRequired":true,"valueName":"search_term_string"}}],"inLanguage":"fi"},{"@type":"Person","@id":"https:\/\/suomenkuvalehti.fi\/megafoni\/#\/schema\/person\/c516e94b6815a7651a2040adef5b00d7","name":"Laura Pakarinen","image":{"@type":"ImageObject","inLanguage":"fi","@id":"https:\/\/suomenkuvalehti.fi\/megafoni\/#\/schema\/person\/image\/","url":"https:\/\/suomenkuvalehti.fi\/megafoni\/wp-content\/uploads\/sites\/12\/2013\/11\/sk_leijona_kulta-150x150.png","contentUrl":"https:\/\/suomenkuvalehti.fi\/megafoni\/wp-content\/uploads\/sites\/12\/2013\/11\/sk_leijona_kulta-150x150.png","caption":"Laura Pakarinen"}}]}},"_links":{"self":[{"href":"https:\/\/suomenkuvalehti.fi\/megafoni\/wp-json\/wp\/v2\/posts\/162","targetHints":{"allow":["GET"]}}],"collection":[{"href":"https:\/\/suomenkuvalehti.fi\/megafoni\/wp-json\/wp\/v2\/posts"}],"about":[{"href":"https:\/\/suomenkuvalehti.fi\/megafoni\/wp-json\/wp\/v2\/types\/post"}],"author":[{"embeddable":true,"href":"https:\/\/suomenkuvalehti.fi\/megafoni\/wp-json\/wp\/v2\/users\/330"}],"replies":[{"embeddable":true,"href":"https:\/\/suomenkuvalehti.fi\/megafoni\/wp-json\/wp\/v2\/comments?post=162"}],"version-history":[{"count":0,"href":"https:\/\/suomenkuvalehti.fi\/megafoni\/wp-json\/wp\/v2\/posts\/162\/revisions"}],"wp:attachment":[{"href":"https:\/\/suomenkuvalehti.fi\/megafoni\/wp-json\/wp\/v2\/media?parent=162"}],"wp:term":[{"taxonomy":"category","embeddable":true,"href":"https:\/\/suomenkuvalehti.fi\/megafoni\/wp-json\/wp\/v2\/categories?post=162"},{"taxonomy":"post_tag","embeddable":true,"href":"https:\/\/suomenkuvalehti.fi\/megafoni\/wp-json\/wp\/v2\/tags?post=162"}],"curies":[{"name":"wp","href":"https:\/\/api.w.org\/{rel}","templated":true}]}}