{"id":152,"date":"2010-04-12T10:11:03","date_gmt":"2010-04-12T07:11:03","guid":{"rendered":"https:\/\/suomenkuvalehti.fi\/megafoni\/2010\/04\/12\/ojennatko-sina-auttavan-kaden\/"},"modified":"2010-04-12T10:11:03","modified_gmt":"2010-04-12T07:11:03","slug":"ojennatko-sina-auttavan-kaden","status":"publish","type":"post","link":"https:\/\/suomenkuvalehti.fi\/megafoni\/ojennatko-sina-auttavan-kaden\/","title":{"rendered":"Ojennatko sin\u00e4 auttavan k\u00e4den?"},"content":{"rendered":"\n<p>Toisinaan sit\u00e4 h\u00e4mmentyy n\u00e4hdess\u00e4\u00e4n, kuinka v\u00e4linpit\u00e4m\u00e4tt\u00f6mi\u00e4 ihmiset osaavat olla toisiaan kohtaan.<\/p>\n\n\n\n<p>Itsell\u00e4ni her\u00e4\u00e4minen maailman ja kanssaihmisten pahuuteen tapahtui Tampereen rautatieasemalla, jossa er\u00e4\u00e4n\u00e4 sunnuntaina odottelin Helsinkiin matkaavaa Intercity\u00e4 saapuvaksi. Moni muukin oli odottamassa junaansa ja asemahalli oli kohtuullisen t\u00e4ynn\u00e4.<\/p>\n\n\n\n<p>Yht\u00e4kki\u00e4 asematunnelin suunnasta paukkasi sis\u00e4\u00e4n tukevahko mieshenkil\u00f6, joka vauhdista ja vahvasta etukenosta p\u00e4\u00e4tellen oli nauttinut useammankin kuin yhden tuopin. Muutaman nopean askeleen j\u00e4lkeen mies menetti tasapainonsa ja kaatui kasvoilleen lattialle, j\u00e4\u00e4den maahan makaamaan, polviin tipahtaneiden housujen paljastaen h\u00e4nen takapuolensa.<\/p>\n\n\n\n<p>Viimeist\u00e4\u00e4n t\u00e4ss\u00e4 vaiheessa koko asemahalli oli huomannut miehen. Kukaan ei kuitenkaan tehnyt elett\u00e4k\u00e4\u00e4n miest\u00e4 auttaakseen, vaan ihmiset per\u00e4\u00e4ntyiv\u00e4t h\u00e4nen l\u00e4helt\u00e4\u00e4n, muodostaen parin metrin piirin miehen ymp\u00e4rille.<\/p>\n\n\n\n<p>Kesti hetki tajuta, ettei kukaan ole oikeasti menossa auttamaan miest\u00e4 yl\u00f6s. Niinp\u00e4 raivasin tieni piiriin, ja menin tiedustelemaan miehelt\u00e4 h\u00e4nen vointiaan. Sain vastaukseksi ep\u00e4m\u00e4\u00e4r\u00e4ist\u00e4 valittelua, josta p\u00e4\u00e4ttelin miehen haluavan jaloilleen. Niinp\u00e4 tarjosin h\u00e4nelle k\u00e4teni ja nostin h\u00e4net pystyyn, komentaen samalla nostamaan housunsa. T\u00e4m\u00e4n j\u00e4lkeen talutin h\u00e4net istumaan penkille, johon vastahakoiset istujat tekiv\u00e4t tilaa. Varmistuttuani siit\u00e4, ett\u00e4 herralla oli tajunnantaso ja ymm\u00e4rrys edes jonkinlaisissa kantimissa kiiruhdin junaan.<\/p>\n\n\n\n<p>Miehen kohtalo j\u00e4i kuitenkin vaivaamaan mielt\u00e4ni. Mit\u00e4 jos h\u00e4n menett\u00e4isi tajuntansa istuessaan, kaatuisi alas ja vaikka tukehtuisi oksennukseensa? Voinko luottaa siihen, ett\u00e4 h\u00e4nen ymp\u00e4rill\u00e4\u00e4n olevilla ihmisill\u00e4 on tarvittaessa tahtoa auttaa h\u00e4nt\u00e4 ja pit\u00e4\u00e4 h\u00e4nest\u00e4 huolta?<\/p>\n\n\n\n<p>Rikoslain 21. luku pit\u00e4\u00e4 sis\u00e4ll\u00e4\u00e4n pyk\u00e4l\u00e4t heitteillepanosta (14\u00a7) ja pelastustoimen laiminly\u00f6nnist\u00e4 (15\u00a7). Ihmist\u00e4 ei n\u00e4iden pyk\u00e4lien nojalla saisi j\u00e4tt\u00e4\u00e4 avuttomaan tilaan tai ilman apua h\u00e4nen terveytens\u00e4 sit\u00e4 vaatiessa.<\/p>\n\n\n\n<p>Totta on, ett\u00e4 p\u00e4ihtynyt ihminen ei ole ehk\u00e4 kaikista miellytt\u00e4vin l\u00e4hestytt\u00e4v\u00e4. H\u00e4n saattaa olla likainen, haista ep\u00e4miellytt\u00e4v\u00e4lle, k\u00e4ytt\u00e4yty\u00e4 huonosti tai jopa uhkaavasti. Silti h\u00e4nt\u00e4 pit\u00e4isi auttaa aivan kuten ket\u00e4 tahansa muuta, joka kaatuu maahan, eik\u00e4 p\u00e4\u00e4se omin neuvoin yl\u00f6s. P\u00e4\u00e4n traumaan menehtynyt p\u00e4ihtynyt ihminen ei ole mill\u00e4\u00e4n tavalla pienempi menetys kuin huonolla tasapainolla varustettu tyylik\u00e4s herrasmies.<\/p>\n\n\n\n<p>Vaatimukseni on kaikille ihmisille sama: henkil\u00f6\u00e4, joka ei kykene auttamaan itse\u00e4\u00e4n pit\u00e4\u00e4 auttaa. Jos oma moraali ei t\u00e4h\u00e4n pakota, niin jo lakikin siihen velvoittaa. En toki vaadi ket\u00e4\u00e4n vaarantamaan henke\u00e4\u00e4n tai terveytt\u00e4\u00e4n tuntemattoman auttamiseksi. Henkil\u00f6n voinnin kysyminen ja pystyyn nosto ei kuitenkaan ole kenelt\u00e4k\u00e4\u00e4n liikaa vaadittu, viranomaisen tai muun j\u00e4rjestyst\u00e4 vahtivan tahon paikalle kutsumisesta puhumattakaan.<\/p>\n\n\n\n<p>Sellainen yhteiskunta, jossa heitteillej\u00e4tt\u00f6 tapahtuu j\u00e4tt\u00e4m\u00e4ll\u00e4 apua tarvitseva kymmenien ihmisten keskelle, ei ansaitse etuliitteekseen sanaa &#8221;hyvinvointi&#8221;. Sen enemp\u00e4\u00e4 apua tarvitsevan hylk\u00e4\u00e4v\u00e4 ihminen ansaitse yhteyteens\u00e4 adjektiivia &#8221;hyv\u00e4&#8221;.<\/p>\n\n\n\n<p>Ihmisten pit\u00e4isi oman hyv\u00e4ns\u00e4 lis\u00e4ksi toimia my\u00f6s kanssaihmistens\u00e4 hyvinvoinnin eteen. Turvattomuuden kokemuksetkin v\u00e4hentyisiv\u00e4t, kun voisi luottaa avun olevan aina l\u00e4hell\u00e4.<\/p>\n\n\n\n<p>Tasan niin l\u00e4hell\u00e4, kun on l\u00e4hin ihminen.<\/p>\n\n\n","protected":false},"excerpt":{"rendered":"<p>Toisinaan sit\u00e4 h\u00e4mmentyy n\u00e4hdess\u00e4\u00e4n, kuinka v\u00e4linpit\u00e4m\u00e4tt\u00f6mi\u00e4 ihmiset osaavat olla toisiaan kohtaan. Itsell\u00e4ni her\u00e4\u00e4minen maailman ja kanssaihmisten pahuuteen tapahtui Tampereen rautatieasemalla, jossa er\u00e4\u00e4n\u00e4 sunnuntaina odottelin Helsinkiin matkaavaa Intercity\u00e4 saapuvaksi. Moni<br \/>\nmuukin oli odott&hellip;<\/p>\n","protected":false},"author":326,"featured_media":0,"comment_status":"open","ping_status":"open","sticky":false,"template":"","format":"standard","meta":{"_acf_changed":false,"asauth_required_access_level":0,"asauth_cansharepaid":"","om_header_attributes":[],"footnotes":"","om_featured_image_focal_point":[],"om_primary_tag":0,"om_contributors":[],"om_co_authors":[],"beyondwords_generate_audio":"","beyondwords_project_id":"","beyondwords_content_id":"","beyondwords_preview_token":"","beyondwords_player_content":"","beyondwords_player_style":"","beyondwords_language_code":"","beyondwords_language_id":"","beyondwords_title_voice_id":"","beyondwords_body_voice_id":"","beyondwords_summary_voice_id":"","beyondwords_error_message":"","beyondwords_disabled":"","beyondwords_delete_content":"","beyondwords_podcast_id":"","beyondwords_hash":"","publish_post_to_speechkit":"","speechkit_hash":"","speechkit_generate_audio":"","speechkit_project_id":"","speechkit_podcast_id":"","speechkit_error_message":"","speechkit_disabled":"","speechkit_access_key":"","speechkit_error":"","speechkit_info":"","speechkit_response":"","speechkit_retries":"","speechkit_status":"","speechkit_updated_at":"","_speechkit_link":"","_speechkit_text":""},"categories":[1],"tags":[477,479,478,187],"class_list":["post-152","post","type-post","status-publish","format-standard","hentry","category-megafoni-kirjoitukset","tag-auttaminen","tag-heitteillejatto","tag-valinpitamattomyys","tag-vastuu"],"om_views":null,"acf":{"tuuma_off":false,"tuuma_kysymys":"","tuuma_vastaus":""},"asauth":{"required_access_level":1,"share_token":"","is_paid":false},"yoast_head":"<!-- This site is optimized with the Yoast SEO plugin v26.4 - https:\/\/yoast.com\/wordpress\/plugins\/seo\/ -->\n<title>Ojennatko sin\u00e4 auttavan k\u00e4den? - Megafoni<\/title>\n<meta name=\"robots\" content=\"index, follow, max-snippet:-1, max-image-preview:large, max-video-preview:-1\" \/>\n<link rel=\"canonical\" href=\"https:\/\/suomenkuvalehti.fi\/megafoni\/ojennatko-sina-auttavan-kaden\/\" \/>\n<meta property=\"og:locale\" content=\"fi_FI\" \/>\n<meta property=\"og:type\" content=\"article\" \/>\n<meta property=\"og:title\" content=\"Ojennatko sin\u00e4 auttavan k\u00e4den? - Megafoni\" \/>\n<meta property=\"og:description\" content=\"Toisinaan sit\u00e4 h\u00e4mmentyy n\u00e4hdess\u00e4\u00e4n, kuinka v\u00e4linpit\u00e4m\u00e4tt\u00f6mi\u00e4 ihmiset osaavat olla toisiaan kohtaan. Itsell\u00e4ni her\u00e4\u00e4minen maailman ja kanssaihmisten pahuuteen tapahtui Tampereen rautatieasemalla, jossa er\u00e4\u00e4n\u00e4 sunnuntaina odottelin Helsinkiin matkaavaa Intercity\u00e4 saapuvaksi. Moni muukin oli odott&hellip;\" \/>\n<meta property=\"og:url\" content=\"https:\/\/suomenkuvalehti.fi\/megafoni\/ojennatko-sina-auttavan-kaden\/\" \/>\n<meta property=\"og:site_name\" content=\"Megafoni\" \/>\n<meta property=\"article:published_time\" content=\"2010-04-12T07:11:03+00:00\" \/>\n<meta property=\"og:image\" content=\"https:\/\/suomenkuvalehti.fi\/megafoni\/wp-content\/uploads\/sites\/12\/2013\/11\/sk_leijona_kulta.png\" \/>\n\t<meta property=\"og:image:width\" content=\"192\" \/>\n\t<meta property=\"og:image:height\" content=\"192\" \/>\n\t<meta property=\"og:image:type\" content=\"image\/png\" \/>\n<meta name=\"author\" content=\"Ville Eklund\" \/>\n<meta name=\"twitter:card\" content=\"summary_large_image\" \/>\n<meta name=\"twitter:label1\" content=\"Written by\" \/>\n\t<meta name=\"twitter:data1\" content=\"Ville Eklund\" \/>\n\t<meta name=\"twitter:label2\" content=\"Est. reading time\" \/>\n\t<meta name=\"twitter:data2\" content=\"2 minuuttia\" \/>\n<script type=\"application\/ld+json\" class=\"yoast-schema-graph\">{\"@context\":\"https:\/\/schema.org\",\"@graph\":[{\"@type\":\"WebPage\",\"@id\":\"https:\/\/suomenkuvalehti.fi\/megafoni\/ojennatko-sina-auttavan-kaden\/\",\"url\":\"https:\/\/suomenkuvalehti.fi\/megafoni\/ojennatko-sina-auttavan-kaden\/\",\"name\":\"Ojennatko sin\u00e4 auttavan k\u00e4den? - Megafoni\",\"isPartOf\":{\"@id\":\"https:\/\/suomenkuvalehti.fi\/megafoni\/#website\"},\"datePublished\":\"2010-04-12T07:11:03+00:00\",\"author\":{\"@id\":\"https:\/\/suomenkuvalehti.fi\/megafoni\/#\/schema\/person\/cbeadb99f777ff8beb2f8ef5cc8c15d0\"},\"breadcrumb\":{\"@id\":\"https:\/\/suomenkuvalehti.fi\/megafoni\/ojennatko-sina-auttavan-kaden\/#breadcrumb\"},\"inLanguage\":\"fi\",\"potentialAction\":[{\"@type\":\"ReadAction\",\"target\":[\"https:\/\/suomenkuvalehti.fi\/megafoni\/ojennatko-sina-auttavan-kaden\/\"]}]},{\"@type\":\"BreadcrumbList\",\"@id\":\"https:\/\/suomenkuvalehti.fi\/megafoni\/ojennatko-sina-auttavan-kaden\/#breadcrumb\",\"itemListElement\":[{\"@type\":\"ListItem\",\"position\":1,\"name\":\"Home\",\"item\":\"https:\/\/suomenkuvalehti.fi\/megafoni\/\"},{\"@type\":\"ListItem\",\"position\":2,\"name\":\"Ojennatko sin\u00e4 auttavan k\u00e4den?\"}]},{\"@type\":\"WebSite\",\"@id\":\"https:\/\/suomenkuvalehti.fi\/megafoni\/#website\",\"url\":\"https:\/\/suomenkuvalehti.fi\/megafoni\/\",\"name\":\"Megafoni\",\"description\":\"Helsingin nuorisopalveluiden Nuorten \u00c4\u00e4ni \u2013toimituksen blogi.\",\"potentialAction\":[{\"@type\":\"SearchAction\",\"target\":{\"@type\":\"EntryPoint\",\"urlTemplate\":\"https:\/\/suomenkuvalehti.fi\/haku\/?q={search_term_string}\"},\"query-input\":{\"@type\":\"PropertyValueSpecification\",\"valueRequired\":true,\"valueName\":\"search_term_string\"}}],\"inLanguage\":\"fi\"},{\"@type\":\"Person\",\"@id\":\"https:\/\/suomenkuvalehti.fi\/megafoni\/#\/schema\/person\/cbeadb99f777ff8beb2f8ef5cc8c15d0\",\"name\":\"Ville Eklund\",\"image\":{\"@type\":\"ImageObject\",\"inLanguage\":\"fi\",\"@id\":\"https:\/\/suomenkuvalehti.fi\/megafoni\/#\/schema\/person\/image\/\",\"url\":\"https:\/\/suomenkuvalehti.fi\/megafoni\/wp-content\/uploads\/sites\/12\/2013\/11\/sk_leijona_kulta-150x150.png\",\"contentUrl\":\"https:\/\/suomenkuvalehti.fi\/megafoni\/wp-content\/uploads\/sites\/12\/2013\/11\/sk_leijona_kulta-150x150.png\",\"caption\":\"Ville Eklund\"}}]}<\/script>\n<!-- \/ Yoast SEO plugin. -->","yoast_head_json":{"title":"Ojennatko sin\u00e4 auttavan k\u00e4den? - Megafoni","robots":{"index":"index","follow":"follow","max-snippet":"max-snippet:-1","max-image-preview":"max-image-preview:large","max-video-preview":"max-video-preview:-1"},"canonical":"https:\/\/suomenkuvalehti.fi\/megafoni\/ojennatko-sina-auttavan-kaden\/","og_locale":"fi_FI","og_type":"article","og_title":"Ojennatko sin\u00e4 auttavan k\u00e4den? - Megafoni","og_description":"Toisinaan sit\u00e4 h\u00e4mmentyy n\u00e4hdess\u00e4\u00e4n, kuinka v\u00e4linpit\u00e4m\u00e4tt\u00f6mi\u00e4 ihmiset osaavat olla toisiaan kohtaan. Itsell\u00e4ni her\u00e4\u00e4minen maailman ja kanssaihmisten pahuuteen tapahtui Tampereen rautatieasemalla, jossa er\u00e4\u00e4n\u00e4 sunnuntaina odottelin Helsinkiin matkaavaa Intercity\u00e4 saapuvaksi. Moni muukin oli odott&hellip;","og_url":"https:\/\/suomenkuvalehti.fi\/megafoni\/ojennatko-sina-auttavan-kaden\/","og_site_name":"Megafoni","article_published_time":"2010-04-12T07:11:03+00:00","og_image":[{"width":192,"height":192,"url":"https:\/\/suomenkuvalehti.fi\/megafoni\/wp-content\/uploads\/sites\/12\/2013\/11\/sk_leijona_kulta.png","type":"image\/png"}],"author":"Ville Eklund","twitter_card":"summary_large_image","twitter_misc":{"Written by":"Ville Eklund","Est. reading time":"2 minuuttia"},"schema":{"@context":"https:\/\/schema.org","@graph":[{"@type":"WebPage","@id":"https:\/\/suomenkuvalehti.fi\/megafoni\/ojennatko-sina-auttavan-kaden\/","url":"https:\/\/suomenkuvalehti.fi\/megafoni\/ojennatko-sina-auttavan-kaden\/","name":"Ojennatko sin\u00e4 auttavan k\u00e4den? - Megafoni","isPartOf":{"@id":"https:\/\/suomenkuvalehti.fi\/megafoni\/#website"},"datePublished":"2010-04-12T07:11:03+00:00","author":{"@id":"https:\/\/suomenkuvalehti.fi\/megafoni\/#\/schema\/person\/cbeadb99f777ff8beb2f8ef5cc8c15d0"},"breadcrumb":{"@id":"https:\/\/suomenkuvalehti.fi\/megafoni\/ojennatko-sina-auttavan-kaden\/#breadcrumb"},"inLanguage":"fi","potentialAction":[{"@type":"ReadAction","target":["https:\/\/suomenkuvalehti.fi\/megafoni\/ojennatko-sina-auttavan-kaden\/"]}]},{"@type":"BreadcrumbList","@id":"https:\/\/suomenkuvalehti.fi\/megafoni\/ojennatko-sina-auttavan-kaden\/#breadcrumb","itemListElement":[{"@type":"ListItem","position":1,"name":"Home","item":"https:\/\/suomenkuvalehti.fi\/megafoni\/"},{"@type":"ListItem","position":2,"name":"Ojennatko sin\u00e4 auttavan k\u00e4den?"}]},{"@type":"WebSite","@id":"https:\/\/suomenkuvalehti.fi\/megafoni\/#website","url":"https:\/\/suomenkuvalehti.fi\/megafoni\/","name":"Megafoni","description":"Helsingin nuorisopalveluiden Nuorten \u00c4\u00e4ni \u2013toimituksen blogi.","potentialAction":[{"@type":"SearchAction","target":{"@type":"EntryPoint","urlTemplate":"https:\/\/suomenkuvalehti.fi\/haku\/?q={search_term_string}"},"query-input":{"@type":"PropertyValueSpecification","valueRequired":true,"valueName":"search_term_string"}}],"inLanguage":"fi"},{"@type":"Person","@id":"https:\/\/suomenkuvalehti.fi\/megafoni\/#\/schema\/person\/cbeadb99f777ff8beb2f8ef5cc8c15d0","name":"Ville Eklund","image":{"@type":"ImageObject","inLanguage":"fi","@id":"https:\/\/suomenkuvalehti.fi\/megafoni\/#\/schema\/person\/image\/","url":"https:\/\/suomenkuvalehti.fi\/megafoni\/wp-content\/uploads\/sites\/12\/2013\/11\/sk_leijona_kulta-150x150.png","contentUrl":"https:\/\/suomenkuvalehti.fi\/megafoni\/wp-content\/uploads\/sites\/12\/2013\/11\/sk_leijona_kulta-150x150.png","caption":"Ville Eklund"}}]}},"_links":{"self":[{"href":"https:\/\/suomenkuvalehti.fi\/megafoni\/wp-json\/wp\/v2\/posts\/152","targetHints":{"allow":["GET"]}}],"collection":[{"href":"https:\/\/suomenkuvalehti.fi\/megafoni\/wp-json\/wp\/v2\/posts"}],"about":[{"href":"https:\/\/suomenkuvalehti.fi\/megafoni\/wp-json\/wp\/v2\/types\/post"}],"author":[{"embeddable":true,"href":"https:\/\/suomenkuvalehti.fi\/megafoni\/wp-json\/wp\/v2\/users\/326"}],"replies":[{"embeddable":true,"href":"https:\/\/suomenkuvalehti.fi\/megafoni\/wp-json\/wp\/v2\/comments?post=152"}],"version-history":[{"count":0,"href":"https:\/\/suomenkuvalehti.fi\/megafoni\/wp-json\/wp\/v2\/posts\/152\/revisions"}],"wp:attachment":[{"href":"https:\/\/suomenkuvalehti.fi\/megafoni\/wp-json\/wp\/v2\/media?parent=152"}],"wp:term":[{"taxonomy":"category","embeddable":true,"href":"https:\/\/suomenkuvalehti.fi\/megafoni\/wp-json\/wp\/v2\/categories?post=152"},{"taxonomy":"post_tag","embeddable":true,"href":"https:\/\/suomenkuvalehti.fi\/megafoni\/wp-json\/wp\/v2\/tags?post=152"}],"curies":[{"name":"wp","href":"https:\/\/api.w.org\/{rel}","templated":true}]}}