{"id":123,"date":"2011-03-18T14:12:29","date_gmt":"2011-03-18T12:12:29","guid":{"rendered":"https:\/\/suomenkuvalehti.fi\/megafoni\/2011\/03\/18\/lisaa-ydinvoimaa\/"},"modified":"2011-03-18T14:12:29","modified_gmt":"2011-03-18T12:12:29","slug":"lisaa-ydinvoimaa","status":"publish","type":"post","link":"https:\/\/suomenkuvalehti.fi\/megafoni\/lisaa-ydinvoimaa\/","title":{"rendered":"Lis\u00e4\u00e4 ydinvoimaa!"},"content":{"rendered":"\n<p>Fukushiman katastrofista on muodostunut historian toiseksi pahin ydinvoimalaonnettomuus, sijoittuen uhrittoman Three Mile Islandin edelle.<\/p>\n\n\n\n<p>Onnettomuus onkin vet\u00e4nyt kaiken mediahuomion paljon vakavammalta asialta, eli maanj\u00e4ristyksen ja tsunamin aiheuttamista vahingoista, joihin ydinvoimalaonnettomuus toki lukeutuu.<\/p>\n\n\n\n<p>Laitetaan n\u00e4in ensialkuun faktat p\u00f6yt\u00e4\u00e4n.<\/p>\n\n\n\n<p>Tsunami ja maanj\u00e4ristys ovat jo t\u00e4ll\u00e4 hetkell\u00e4 aiheuttaneet yli 10 000 ihmisen kuoleman, materiaalisista vahingoista puhumattakaan. Maanj\u00e4ristys oli seitsem\u00e4n kertaa voimakkaampi, kuin mik\u00e4\u00e4n aikaisempi ja 40 vuotta vanhan ydinvoimalan huoltoa ja turvatoimia laiminly\u00f6tiin. Worst-case scenariosta huolimatta kukaan ei ole kuollut. Pahimmassa tapauksessa ydinvoimalan l\u00e4hiseutu muuttuu asuinkelvottomaksi pariksikymmeneksi vuodeksi.<\/p>\n\n\n\n<p>Enemmist\u00f6 suomalaisista ymm\u00e4rt\u00e4\u00e4 ydinvoimasta yht\u00e4 paljon kuin texasilainen \u00e4\u00e4rikristitty evoluutiosta tai muslimifundamentalisti feminismist\u00e4. Suurille massoille ydinvoima on  jotain samankaltaista kuin noituus: k\u00e4sitt\u00e4m\u00e4t\u00f6nt\u00e4, mahdollisesti hy\u00f6dyllist\u00e4, varmasti vaarallista ja mit\u00e4 kauempana omalta takapihalta, sen parempi. Ydinvoima n\u00e4hd\u00e4\u00e4n ennen kaikkea teknisen edistyksen, riippumattomuuden ja globaalin kapitalismin symbolina.<\/p>\n\n\n\n<p>T\u00e4m\u00e4 on myrkky\u00e4 viheruskovaiselle, joiden mielest\u00e4 juuri heill\u00e4 pit\u00e4isi olla oikeus sanella ihmisille miten heid\u00e4n pit\u00e4isi el\u00e4\u00e4. Vihre\u00e4 liike ei ole en\u00e4\u00e4 ymp\u00e4rist\u00f6liike, vaan sen ensisijaiseksi teht\u00e4v\u00e4ksi on tullut l\u00e4nsimaisen el\u00e4m\u00e4ntavan arvostelu. Puhuminen vihre\u00e4n uskovaisen kanssa joko ydinvoimasta, kasvisruokap\u00e4iv\u00e4st\u00e4 tai el\u00e4inten oikeuksista on mahdotonta, sill\u00e4 vihre\u00e4 uskovainen tiet\u00e4\u00e4 jo kaiken tarvitsemansa, eik\u00e4 kukaan &#8221;v\u00e4\u00e4r\u00e4uskoinen&#8221; voi olla t\u00e4ss\u00e4 asiassa oikeassa.<\/p>\n\n\n\n<p>Vain vihre\u00e4ll\u00e4 on avaimet rousseaulaiseen paratiisiin. Viheruskovaisen ja uskonnollisen ihmisen ero onkin hiuksenhieno. Kummankin liikkeen pyrkimys on ottaa t\u00e4ydellinen kontrolli ihmisist\u00e4 ja sanella heiden el\u00e4m\u00e4ntapansa. Ne ovat ep\u00e4rationaalisia, tunteisiin perustuvia, totalitarismiin pyrkivi\u00e4 liikkeit\u00e4, joita vastaan pit\u00e4\u00e4 taistella, mik\u00e4li haluamme s\u00e4ilytt\u00e4\u00e4 nykyiset yksil\u00f6nvapautemme. <\/p>\n\n\n\n<p>Vihre\u00e4 ei tarkastele ydinvoimaa energiantuotantona, eik\u00e4 h\u00e4n tarkastele siihen liittyvi\u00e4 riskej\u00e4. Se on tuomiop\u00e4iv\u00e4n airue, antikristus, jonka edustamaa perikatoa on jokaisen hyveellisen ihmisen vastustettava. Mink\u00e4\u00e4nlaisilla tilastoilla, tosiasioilla tai faktoilla ei ole painoarvoa Vihre\u00e4\u00e4 Totuutta vastaa &#8211; samaan tapaan kuin katolinen kirkko ei voinut hyv\u00e4ksy\u00e4 mink\u00e4\u00e4nlaista todistetta siit\u00e4 ett\u00e4 Maa kiert\u00e4\u00e4 Aurinkoa.  <\/p>\n\n\n\n<p>Media on tarkoituksellisesti lietsonut pelkoa. T\u00e4ll\u00e4 en tarkoita vain sit\u00e4 miten media puhuu ydinvoimasta, vaan sen v\u00e4litt\u00e4m\u00e4st\u00e4 kokonaiskuvasta. Ydinvoima joutuu inkvisitioon johon muut energiatuotantomuodot eiv\u00e4t joudu, tapahtui mit\u00e4 ikin\u00e4 tahansa. Media ei ole yksin, vaan saa tukea politiikoilta, joiden intresseiss\u00e4 on pelon, turvattomuuden ja ep\u00e4varmuuden lis\u00e4\u00e4minen yhteiskunnassamme. Vasemmistoliiton puheenjohtaja Paavo Arhim\u00e4ki ja Vihreiden puheenjohtaja Anni Sinnem\u00e4ki ovat jo vaatineet ydinvoimalan alasajamista presidentti Halosen korostaessa ydinvoiman olevan vain tilap\u00e4inen ratkaisu. <\/p>\n\n\n\n<p>Ihmisill\u00e4 on jostakin syyst\u00e4 harhainen k\u00e4sitys, ett\u00e4 ydinvoimala on ainoa energiamuoto jonka kautta voi synty\u00e4 kuolonuhreja. Ihmiset kuvittelevat, ett\u00e4 vesivoimalan ainoa seuraus on pato, tyylivoimalan melu ja maiseman pilaaminen; j\u00e4rkytt\u00e4vint\u00e4 on kuitenkin ihmisten v\u00e4linpit\u00e4m\u00e4tt\u00f6myys hiilivoimaloita kohti.<\/p>\n\n\n\n<p>Pienhiukkassaasteet aiheuttavat vuosittain puolen miljoonan ihmisen kuoleman ymp\u00e4ri maailmaa, mink\u00e4 lis\u00e4ksi hiilivoimalan p\u00e4\u00e4st\u00e4\u00e4 ymp\u00e4rist\u00f6\u00f6n reilusti enemm\u00e4n radioaktiivista j\u00e4tett\u00e4 kuin esimerkiksi ydinvoimala normaalik\u00e4yt\u00f6ss\u00e4. Vihre\u00e4t\u00e4 liikett\u00e4 t\u00e4m\u00e4 ei kuitenkaan kiinnostaa, vaan cityvihre\u00e4 ajelee rauhallisesti polkupy\u00f6r\u00e4ll\u00e4\u00e4n hiilivoimalan ohi ilman sen suurempia vihan tunteita.<\/p>\n\n\n\n<p>Uusiutuva energia on arvostelun ulkopuolella &#8211; vai onko joku muka huomannut pikku-uutista Japanista, jonka mukaan vesivoimalan padon murtuminen pyyhki yli tuhat taloa pois kartalta, miss\u00e4p\u00e4 muualla kuin Fukushimassa? En l\u00f6yt\u00e4nyt asiasta tietoja, mutta en ihmettelisi jos padon murtuminen olisi vaikuttanut Fukushiman ydinvoimalan toimintaan.<br>Muistamme kaikki Tsernobylin, mutta kuinka moni muistaa Banqiaon? Moni kuulee ensimm\u00e4ist\u00e4 kertaa 1975 sattuneesta vesivoimalaonnettomuudesta, jossa kuoli 230 000 ihmist\u00e4, kuusi miljoonaa taloa tuhoutui ja 11 miljoonaa k\u00e4rsi sen aiheuttamista vahingoista.<\/p>\n\n\n\n<p>Vihre\u00e4t ja Perussuomalaiset ovat loppujen lopuksi vain kolikon kaksi eri puolta &#8211; kummatkin yksinkertaistavat asiat ja luulevat ett\u00e4 n\u00e4m\u00e4 asiat ratkaisemalla kaikki ongelmat hoituvat. Perussuomalaisilla peikkona on kehitysapu ja EU, Vihreill\u00e4 taas ydinvoima. Yhteinen nimitt\u00e4j\u00e4 l\u00f6ytyy kapitalismin ja yksil\u00f6nvapauksien vastustuksesta. Liberaalille on aivan sama kielt\u00e4v\u00e4tk\u00f6 Vihre\u00e4t liharuoan vai Persut postmodernin tekotaiteen. Kummatkin huutavat: &#8221;t\u00e4m\u00e4 valtiolaiva ajaa nyt karille ja hukkuu kuin Titanic, jos ette p\u00e4\u00e4st\u00e4 minua ruoriin.&#8221;<\/p>\n\n\n\n<p>Toisin kuin luullaan, Fukushiman onnettomuudella on ymp\u00e4rist\u00f6llisi\u00e4 vaikutuksia my\u00f6s Suomen ymp\u00e4rist\u00f6\u00f6n. Suurp\u00e4\u00e4oma saa luvan unohtaa kolmannen ydinvoimalaluvan ja koko Euroopassa alkaa ydinvoimaloiden hidas alasajo. T\u00e4m\u00e4n seurauksena joudumme turvautumaan fossiilisiin polttoaineisiin.<\/p>\n\n\n\n<p>En tied\u00e4 vihreist\u00e4, mutta min\u00e4 en halua lis\u00e4\u00e4 hiilidioksidip\u00e4\u00e4st\u00f6j\u00e4 ilmakeh\u00e4\u00e4mme. Ovatko viheruskovaiset valmiina riskeeraamaan tulevien j\u00e4lkipolvien terveyden? Haluammeko me palata 1800-luvun energiapolitiikkaan?<\/p>\n\n\n","protected":false},"excerpt":{"rendered":"<p>Fukushiman katastrofista on muodostunut historian toiseksi pahin ydinvoimalaonnettomuus, sijoittuen uhrittoman Three Mile Islandin edelle. Onnettomuus onkin vet\u00e4nyt kaiken mediahuomion paljon vakavammalta asialta, eli maanj\u00e4ristyksen ja tsunamin aiheuttamista vahingoista, joihin ydinvoimalaonnettomuus toki<br \/>\nl&hellip;<\/p>\n","protected":false},"author":319,"featured_media":0,"comment_status":"open","ping_status":"open","sticky":false,"template":"","format":"standard","meta":{"_acf_changed":false,"asauth_required_access_level":0,"asauth_cansharepaid":"","om_header_attributes":[],"footnotes":"","om_featured_image_focal_point":[],"om_primary_tag":0,"om_contributors":[],"om_co_authors":[],"beyondwords_generate_audio":"","beyondwords_project_id":"","beyondwords_content_id":"","beyondwords_preview_token":"","beyondwords_player_content":"","beyondwords_player_style":"","beyondwords_language_code":"","beyondwords_language_id":"","beyondwords_title_voice_id":"","beyondwords_body_voice_id":"","beyondwords_summary_voice_id":"","beyondwords_error_message":"","beyondwords_disabled":"","beyondwords_delete_content":"","beyondwords_podcast_id":"","beyondwords_hash":"","publish_post_to_speechkit":"","speechkit_hash":"","speechkit_generate_audio":"","speechkit_project_id":"","speechkit_podcast_id":"","speechkit_error_message":"","speechkit_disabled":"","speechkit_access_key":"","speechkit_error":"","speechkit_info":"","speechkit_response":"","speechkit_retries":"","speechkit_status":"","speechkit_updated_at":"","_speechkit_link":"","_speechkit_text":""},"categories":[1],"tags":[410,408,254,366,407,406,397,398,405,409],"class_list":["post-123","post","type-post","status-publish","format-standard","hentry","category-megafoni-kirjoitukset","tag-energiapolitiikka","tag-japanin-maanjaristys","tag-media","tag-perussuomalaiset","tag-tuulivoima","tag-uraani","tag-vihreat","tag-ydinvoima","tag-ydinvoimalat","tag-ymparistoaktivismi"],"om_views":null,"acf":{"tuuma_off":false,"tuuma_kysymys":"","tuuma_vastaus":""},"asauth":{"required_access_level":1,"share_token":"","is_paid":false},"yoast_head":"<!-- This site is optimized with the Yoast SEO plugin v26.4 - https:\/\/yoast.com\/wordpress\/plugins\/seo\/ -->\n<title>Lis\u00e4\u00e4 ydinvoimaa! - Megafoni<\/title>\n<meta name=\"robots\" content=\"index, follow, max-snippet:-1, max-image-preview:large, max-video-preview:-1\" \/>\n<link rel=\"canonical\" href=\"https:\/\/suomenkuvalehti.fi\/megafoni\/lisaa-ydinvoimaa\/\" \/>\n<meta property=\"og:locale\" content=\"fi_FI\" \/>\n<meta property=\"og:type\" content=\"article\" \/>\n<meta property=\"og:title\" content=\"Lis\u00e4\u00e4 ydinvoimaa! - Megafoni\" \/>\n<meta property=\"og:description\" content=\"Fukushiman katastrofista on muodostunut historian toiseksi pahin ydinvoimalaonnettomuus, sijoittuen uhrittoman Three Mile Islandin edelle. Onnettomuus onkin vet\u00e4nyt kaiken mediahuomion paljon vakavammalta asialta, eli maanj\u00e4ristyksen ja tsunamin aiheuttamista vahingoista, joihin ydinvoimalaonnettomuus toki l&hellip;\" \/>\n<meta property=\"og:url\" content=\"https:\/\/suomenkuvalehti.fi\/megafoni\/lisaa-ydinvoimaa\/\" \/>\n<meta property=\"og:site_name\" content=\"Megafoni\" \/>\n<meta property=\"article:published_time\" content=\"2011-03-18T12:12:29+00:00\" \/>\n<meta property=\"og:image\" content=\"https:\/\/suomenkuvalehti.fi\/megafoni\/wp-content\/uploads\/sites\/12\/2013\/11\/sk_leijona_kulta.png\" \/>\n\t<meta property=\"og:image:width\" content=\"192\" \/>\n\t<meta property=\"og:image:height\" content=\"192\" \/>\n\t<meta property=\"og:image:type\" content=\"image\/png\" \/>\n<meta name=\"author\" content=\"Maxim Moshnyakov\" \/>\n<meta name=\"twitter:card\" content=\"summary_large_image\" \/>\n<meta name=\"twitter:label1\" content=\"Written by\" \/>\n\t<meta name=\"twitter:data1\" content=\"Maxim Moshnyakov\" \/>\n\t<meta name=\"twitter:label2\" content=\"Est. reading time\" \/>\n\t<meta name=\"twitter:data2\" content=\"4 minuuttia\" \/>\n<script type=\"application\/ld+json\" class=\"yoast-schema-graph\">{\"@context\":\"https:\/\/schema.org\",\"@graph\":[{\"@type\":\"WebPage\",\"@id\":\"https:\/\/suomenkuvalehti.fi\/megafoni\/lisaa-ydinvoimaa\/\",\"url\":\"https:\/\/suomenkuvalehti.fi\/megafoni\/lisaa-ydinvoimaa\/\",\"name\":\"Lis\u00e4\u00e4 ydinvoimaa! - Megafoni\",\"isPartOf\":{\"@id\":\"https:\/\/suomenkuvalehti.fi\/megafoni\/#website\"},\"datePublished\":\"2011-03-18T12:12:29+00:00\",\"author\":{\"@id\":\"https:\/\/suomenkuvalehti.fi\/megafoni\/#\/schema\/person\/2d85f878db59761e1d6c2d37c17f4c9e\"},\"breadcrumb\":{\"@id\":\"https:\/\/suomenkuvalehti.fi\/megafoni\/lisaa-ydinvoimaa\/#breadcrumb\"},\"inLanguage\":\"fi\",\"potentialAction\":[{\"@type\":\"ReadAction\",\"target\":[\"https:\/\/suomenkuvalehti.fi\/megafoni\/lisaa-ydinvoimaa\/\"]}]},{\"@type\":\"BreadcrumbList\",\"@id\":\"https:\/\/suomenkuvalehti.fi\/megafoni\/lisaa-ydinvoimaa\/#breadcrumb\",\"itemListElement\":[{\"@type\":\"ListItem\",\"position\":1,\"name\":\"Home\",\"item\":\"https:\/\/suomenkuvalehti.fi\/megafoni\/\"},{\"@type\":\"ListItem\",\"position\":2,\"name\":\"Lis\u00e4\u00e4 ydinvoimaa!\"}]},{\"@type\":\"WebSite\",\"@id\":\"https:\/\/suomenkuvalehti.fi\/megafoni\/#website\",\"url\":\"https:\/\/suomenkuvalehti.fi\/megafoni\/\",\"name\":\"Megafoni\",\"description\":\"Helsingin nuorisopalveluiden Nuorten \u00c4\u00e4ni \u2013toimituksen blogi.\",\"potentialAction\":[{\"@type\":\"SearchAction\",\"target\":{\"@type\":\"EntryPoint\",\"urlTemplate\":\"https:\/\/suomenkuvalehti.fi\/haku\/?q={search_term_string}\"},\"query-input\":{\"@type\":\"PropertyValueSpecification\",\"valueRequired\":true,\"valueName\":\"search_term_string\"}}],\"inLanguage\":\"fi\"},{\"@type\":\"Person\",\"@id\":\"https:\/\/suomenkuvalehti.fi\/megafoni\/#\/schema\/person\/2d85f878db59761e1d6c2d37c17f4c9e\",\"name\":\"Maxim Moshnyakov\",\"image\":{\"@type\":\"ImageObject\",\"inLanguage\":\"fi\",\"@id\":\"https:\/\/suomenkuvalehti.fi\/megafoni\/#\/schema\/person\/image\/\",\"url\":\"https:\/\/suomenkuvalehti.fi\/megafoni\/wp-content\/uploads\/sites\/12\/2013\/11\/sk_leijona_kulta-150x150.png\",\"contentUrl\":\"https:\/\/suomenkuvalehti.fi\/megafoni\/wp-content\/uploads\/sites\/12\/2013\/11\/sk_leijona_kulta-150x150.png\",\"caption\":\"Maxim Moshnyakov\"}}]}<\/script>\n<!-- \/ Yoast SEO plugin. -->","yoast_head_json":{"title":"Lis\u00e4\u00e4 ydinvoimaa! - Megafoni","robots":{"index":"index","follow":"follow","max-snippet":"max-snippet:-1","max-image-preview":"max-image-preview:large","max-video-preview":"max-video-preview:-1"},"canonical":"https:\/\/suomenkuvalehti.fi\/megafoni\/lisaa-ydinvoimaa\/","og_locale":"fi_FI","og_type":"article","og_title":"Lis\u00e4\u00e4 ydinvoimaa! - Megafoni","og_description":"Fukushiman katastrofista on muodostunut historian toiseksi pahin ydinvoimalaonnettomuus, sijoittuen uhrittoman Three Mile Islandin edelle. Onnettomuus onkin vet\u00e4nyt kaiken mediahuomion paljon vakavammalta asialta, eli maanj\u00e4ristyksen ja tsunamin aiheuttamista vahingoista, joihin ydinvoimalaonnettomuus toki l&hellip;","og_url":"https:\/\/suomenkuvalehti.fi\/megafoni\/lisaa-ydinvoimaa\/","og_site_name":"Megafoni","article_published_time":"2011-03-18T12:12:29+00:00","og_image":[{"width":192,"height":192,"url":"https:\/\/suomenkuvalehti.fi\/megafoni\/wp-content\/uploads\/sites\/12\/2013\/11\/sk_leijona_kulta.png","type":"image\/png"}],"author":"Maxim Moshnyakov","twitter_card":"summary_large_image","twitter_misc":{"Written by":"Maxim Moshnyakov","Est. reading time":"4 minuuttia"},"schema":{"@context":"https:\/\/schema.org","@graph":[{"@type":"WebPage","@id":"https:\/\/suomenkuvalehti.fi\/megafoni\/lisaa-ydinvoimaa\/","url":"https:\/\/suomenkuvalehti.fi\/megafoni\/lisaa-ydinvoimaa\/","name":"Lis\u00e4\u00e4 ydinvoimaa! - Megafoni","isPartOf":{"@id":"https:\/\/suomenkuvalehti.fi\/megafoni\/#website"},"datePublished":"2011-03-18T12:12:29+00:00","author":{"@id":"https:\/\/suomenkuvalehti.fi\/megafoni\/#\/schema\/person\/2d85f878db59761e1d6c2d37c17f4c9e"},"breadcrumb":{"@id":"https:\/\/suomenkuvalehti.fi\/megafoni\/lisaa-ydinvoimaa\/#breadcrumb"},"inLanguage":"fi","potentialAction":[{"@type":"ReadAction","target":["https:\/\/suomenkuvalehti.fi\/megafoni\/lisaa-ydinvoimaa\/"]}]},{"@type":"BreadcrumbList","@id":"https:\/\/suomenkuvalehti.fi\/megafoni\/lisaa-ydinvoimaa\/#breadcrumb","itemListElement":[{"@type":"ListItem","position":1,"name":"Home","item":"https:\/\/suomenkuvalehti.fi\/megafoni\/"},{"@type":"ListItem","position":2,"name":"Lis\u00e4\u00e4 ydinvoimaa!"}]},{"@type":"WebSite","@id":"https:\/\/suomenkuvalehti.fi\/megafoni\/#website","url":"https:\/\/suomenkuvalehti.fi\/megafoni\/","name":"Megafoni","description":"Helsingin nuorisopalveluiden Nuorten \u00c4\u00e4ni \u2013toimituksen blogi.","potentialAction":[{"@type":"SearchAction","target":{"@type":"EntryPoint","urlTemplate":"https:\/\/suomenkuvalehti.fi\/haku\/?q={search_term_string}"},"query-input":{"@type":"PropertyValueSpecification","valueRequired":true,"valueName":"search_term_string"}}],"inLanguage":"fi"},{"@type":"Person","@id":"https:\/\/suomenkuvalehti.fi\/megafoni\/#\/schema\/person\/2d85f878db59761e1d6c2d37c17f4c9e","name":"Maxim Moshnyakov","image":{"@type":"ImageObject","inLanguage":"fi","@id":"https:\/\/suomenkuvalehti.fi\/megafoni\/#\/schema\/person\/image\/","url":"https:\/\/suomenkuvalehti.fi\/megafoni\/wp-content\/uploads\/sites\/12\/2013\/11\/sk_leijona_kulta-150x150.png","contentUrl":"https:\/\/suomenkuvalehti.fi\/megafoni\/wp-content\/uploads\/sites\/12\/2013\/11\/sk_leijona_kulta-150x150.png","caption":"Maxim Moshnyakov"}}]}},"_links":{"self":[{"href":"https:\/\/suomenkuvalehti.fi\/megafoni\/wp-json\/wp\/v2\/posts\/123","targetHints":{"allow":["GET"]}}],"collection":[{"href":"https:\/\/suomenkuvalehti.fi\/megafoni\/wp-json\/wp\/v2\/posts"}],"about":[{"href":"https:\/\/suomenkuvalehti.fi\/megafoni\/wp-json\/wp\/v2\/types\/post"}],"author":[{"embeddable":true,"href":"https:\/\/suomenkuvalehti.fi\/megafoni\/wp-json\/wp\/v2\/users\/319"}],"replies":[{"embeddable":true,"href":"https:\/\/suomenkuvalehti.fi\/megafoni\/wp-json\/wp\/v2\/comments?post=123"}],"version-history":[{"count":0,"href":"https:\/\/suomenkuvalehti.fi\/megafoni\/wp-json\/wp\/v2\/posts\/123\/revisions"}],"wp:attachment":[{"href":"https:\/\/suomenkuvalehti.fi\/megafoni\/wp-json\/wp\/v2\/media?parent=123"}],"wp:term":[{"taxonomy":"category","embeddable":true,"href":"https:\/\/suomenkuvalehti.fi\/megafoni\/wp-json\/wp\/v2\/categories?post=123"},{"taxonomy":"post_tag","embeddable":true,"href":"https:\/\/suomenkuvalehti.fi\/megafoni\/wp-json\/wp\/v2\/tags?post=123"}],"curies":[{"name":"wp","href":"https:\/\/api.w.org\/{rel}","templated":true}]}}