{"id":936,"date":"2015-05-31T17:30:54","date_gmt":"2015-05-31T14:30:54","guid":{"rendered":"https:\/\/suomenkuvalehti.fi\/mediasekaantuja\/?p=936"},"modified":"2015-05-31T17:30:54","modified_gmt":"2015-05-31T14:30:54","slug":"14-vuotias-paatoimittaja-tuomas-muistuttaa-kovasti-erasta-toista","status":"publish","type":"post","link":"https:\/\/suomenkuvalehti.fi\/mediasekaantuja\/14-vuotias-paatoimittaja-tuomas-muistuttaa-kovasti-erasta-toista\/","title":{"rendered":"14-vuotias p\u00e4\u00e4toimittaja Tuomas muistuttaa kovasti er\u00e4st\u00e4 toista&#8230;"},"content":{"rendered":"\n<p>Tuo poikahan on kuin ilmetty <strong>Tuomas Marjam\u00e4ki<\/strong> nuorena!<\/p>\n\n\n\n<p>Kun&nbsp;<a href=\"http:\/\/yle.fi\/uutiset\/vasta_14-vuotias_paatoimittaja_stubbin_tapaaminen_jai_mieleen\/7866555\" target=\"_blank\">Yleisradio<\/a> ja <a href=\"http:\/\/www.journalisti.fi\/artikkelit\/2015\/7\/haaveammattina-ptoimittaja\/\" target=\"_blank\"><em>Journalisti<\/em>-lehti<\/a> kertoivat 14-vuotiaasta <strong>Tuomas Kuhalaisesta<\/strong>, joka p\u00e4\u00e4toimittaa <a href=\"http:\/\/kokemakelainen.net\/\" target=\"_blank\"><em>Kokem\u00e4kel\u00e4inen<\/em>-lehte\u00e4<\/a>, sain nuoresta miehest\u00e4 h\u00e4mment\u00e4v\u00e4n d\u00e9j\u00e0-vun. Tuomas Kuhalaisen tarina on kuin suoraan h\u00e4nen parikymment\u00e4 vuotta vanhemman etunimikaimansa <a href=\"http:\/\/www.apu.fi\/sites\/files\/styles\/content_area\/public\/article_media\/marjamaki_tuomas_002_0.jpg?itok=jdhIhrYf\">Tuomas Marjam\u00e4en<\/a> el\u00e4m\u00e4st\u00e4.&nbsp;Nykyisin <em>Apu<\/em>-lehden toimitusp\u00e4\u00e4llikk\u00f6n\u00e4 ty\u00f6skentelev\u00e4 Marjam\u00e4ki p\u00e4\u00e4toimitti nuorena omaa <em>Lyhtypirtin Viesti<\/em> -nimist\u00e4 lehte\u00e4ns\u00e4 ja <a href=\"http:\/\/www.apu.fi\/artikkeli\/terveisia-vironperalta\" target=\"_blank\">haastatteli monia julkkiksia<\/a>. Marjam\u00e4ki on my\u00f6s kirjoittanut kokemuksistaan kirjan <em>P\u00e4\u00e4toimittajan mustelmat <\/em>(1997).<\/p>\n\n\n\n<p>Tutustuin 19-vuotiaaseen Marjam\u00e4keen <em>Aamulehden<\/em> toimittajakoulussa vuonna 1997, jolloin h\u00e4n n\u00e4ytti ihan samanlaiselta kuin Tuomas Kuhalainen nyt. Ainakin jos katsoo kuvaa v\u00e4h\u00e4n kauempaa ilman silm\u00e4laseja.<\/p>\n\n\n\n<p>Kyll\u00e4 el\u00e4m\u00e4 on sensaatiomaista.<\/p>\n\n\n\n<p>Hetken aikaan hyperventiloituani p\u00e4\u00e4tin ottaa selv\u00e4\u00e4, millaisia ajatuksia t\u00e4ll\u00e4 nuoremmalla Tuomaksella on lehden tekemisest\u00e4 ja median tilanteesta. T\u00e4ss\u00e4 keskustelumme.<\/p>\n\n\n\n<p><strong>Ilmestyyk\u00f6 Kokem\u00e4kel\u00e4inen-lehti sek\u00e4 painettuna ett\u00e4 verkossa? Mill\u00e4 tavalla se painetaan printiksi ja miten jaellaan lukijoille?<\/strong><\/p>\n\n\n\n<p>&#8211; Lehti ilmestyy niin painettuna kuin my\u00f6s verkossa. Printtiversio painetaan omilla laitteillani ja se jaetaan postin kautta. Itse kuitenkin hoidan jakelun naapurustoon.<\/p>\n\n\n\n<p><strong> Ketk\u00e4 lukevat lehte\u00e4?<\/strong><\/p>\n\n\n\n<p>&#8211; Asiaa ei ole tutkittu tarkemmin, mutta esimerkiksi Facebook-tykk\u00e4\u00e4jien (yli 450) perusteella yli keski-ik\u00e4iset henkil\u00f6t.<\/p>\n\n\n\n<p><strong>Mist\u00e4 tulee into oman lehden p\u00e4\u00e4toimittamiseen?<\/strong><\/p>\n\n\n\n<p>&#8211; Lehden kautta p\u00e4\u00e4see vaikuttamaan. Lehti on oma harrastus, johon p\u00e4\u00e4see panostamaan.<\/p>\n\n\n\n<p><strong>Kenelt\u00e4 saat apua lehden tekemiseen?<\/strong><\/p>\n\n\n\n<p>&#8211; Lehte\u00e4 teen p\u00e4\u00e4s\u00e4\u00e4nt\u00f6isesti itse.<\/p>\n\n\n\n<p><strong>Millaista haittaa tai hy\u00f6ty\u00e4 on ollut nuoresta i\u00e4st\u00e4si p\u00e4\u00e4toimittajana?<\/strong><\/p>\n\n\n\n<p>&#8211; Ainakaan alkuaikoina ei ole aina otettu vakavasti, mutta nyt muun muassa saamani mediahuomion j\u00e4lkeen aikuiset suhtautuvat nuoreen toimittajaan samoin kuin vanhempaankin.<\/p>\n\n\n\n<p><strong>Mit\u00e4 kaverisi tuumaavat harrastuksestasi?<\/strong><\/p>\n\n\n\n<p>&#8211; Kysyt\u00e4\u00e4n monesti, koska seuraava numero ilmestyy. Tykk\u00e4\u00e4n luennoida alueen tapahtumista sek\u00e4 my\u00f6s politiikasta kavereilleni ehk\u00e4 hieman liikaa.<\/p>\n\n\n\n<p><strong>Kuka tai ketk\u00e4 ovat mieleenpainuvimmat haastateltavasi?<\/strong><\/p>\n\n\n\n<p>&#8211; P\u00e4\u00e4ministeri <strong>Alexander Stubbin<\/strong> haastattelu.<\/p>\n\n\n\n<p><strong>Ket\u00e4 haluaisit p\u00e4\u00e4st\u00e4 haastattelemaan?<\/strong><\/p>\n\n\n\n<p>&#8211; Sauli Niinist\u00f6\u00e4 ja eduskuntavaaleissa valittua uutta p\u00e4\u00e4ministeri\u00e4.<\/p>\n\n\n\n<p><strong>Millaisena median murros n\u00e4ytt\u00e4ytyy sinulle?<\/strong><\/p>\n\n\n\n<p>&#8211; No, Kokem\u00e4kel\u00e4inen ei ole kaupallinen toimija, vaan tavoitteena on saada ainoastaan kulut katettua. Eli isojen mediatalojen ongelmat, niin sanottu median murros, ei ole p\u00e4\u00e4ssyt vaikuttamaan toimintaani juurikaan.<\/p>\n\n\n\n<p><strong>Mit\u00e4 isojen mediatalojen pit\u00e4isi tehd\u00e4 selviyty\u00e4kseen n\u00e4ist\u00e4 vaikeista ajoista?<\/strong><\/p>\n\n\n\n<p>&#8211; Lehtien t\u00e4ytyy kehitt\u00e4\u00e4 palveluitaan niin paikallisella kuin valtakunnallisellakin tasolla. Pit\u00e4\u00e4 panostaa mobiiliviestint\u00e4\u00e4n sek\u00e4 internetiin. Internetin sis\u00e4ll\u00f6ist\u00e4 voidaan pyyt\u00e4\u00e4 maksu, jos se on kohtuullinen ja saatu sis\u00e4lt\u00f6 on laajaa sek\u00e4 palvelee asiakasta v\u00e4hint\u00e4\u00e4nkin printtilehden tavoin. Jutut tulee taustoittaa sek\u00e4 kuvittaa, kuten printtilehdiss\u00e4.<\/p>\n\n\n\n<p><strong>Mik\u00e4 toimittajan ty\u00f6ss\u00e4 on mielest\u00e4si vaikeinta?<\/strong><\/p>\n\n\n\n<p>&#8211; Juttuaiheiden keksiminen. Varsinkin pienill\u00e4 paikkakunnilla tuo ongelma on suuri, ellei halua kirjoittaa ainoastaan rattijuopoista ja muista rikollisista.<\/p>\n\n\n\n<p><strong>Millaisiin journalismin etiikkaan liittyviin ongelmiin olet t\u00f6rm\u00e4nnyt p\u00e4\u00e4toimittajana?<\/strong><\/p>\n\n\n\n<p>&#8211; Olen joutunut jopa l\u00e4hes tappelemaan valokuvaamisen kanssa. Vaikka laki sallii valokuvaamisen julkisella paikalla, on siit\u00e4 monesti tullut k\u00e4denv\u00e4\u00e4nt\u00f6\u00e4 varsinkin koulun tilaisuuksissa, mutta my\u00f6s muuten.<\/p>\n\n\n\n<p><strong>Onko jotain, mink\u00e4 haluaisit tehd\u00e4 eri tavalla kuin isot tiedotusv\u00e4lineet tekev\u00e4t?<\/strong><\/p>\n\n\n\n<p>&#8211; Haluan tarjota ihmisl\u00e4heist\u00e4 journalismia, jonka p\u00e4\u00e4tavoitteena ei ole rahan ansaitseminen vaan hyv\u00e4 mieli kaikille. Tavoitteenani ei ole miljoonat eurot, kuten isommissa mediayrityksiss\u00e4. Teen parhaani, jotta uutissis\u00e4ll\u00f6t ovat mielenkiintoisia ja paikallisia.<\/p>\n\n\n\n<p><strong>Muistutat kovasti Kangasalta kotoisin olevaa Tuomas Marjam\u00e4ke\u00e4, joka p\u00e4\u00e4toimitti nuorena omaa lehte\u00e4ns\u00e4. Sittemmin&nbsp;h\u00e4nest\u00e4 tuli Aamulehden ja Ilta-Sanomien toimittaja. Nyt h\u00e4n on Apu-lehdess\u00e4 toimitusp\u00e4\u00e4llikk\u00f6n\u00e4. Aiotko l\u00e4hte\u00e4 isona tuolle samalle polulle?<\/strong><\/p>\n\n\n\n<p>&#8211;&nbsp;Itse haaveilen p\u00e4\u00e4toimittajan urasta omassa paikallislehdess\u00e4ni. Toivoisin, ett\u00e4 voisin opiskelujen j\u00e4lkeen jatkaa Kokem\u00e4kel\u00e4isen toimittamista rakkaalla kotipaikkakunnallani.<\/p>\n\n\n\n<p><strong>&nbsp;<\/strong><\/p>\n\n\n\n<h2 class=\"wp-block-heading\">Tuomaksen vinkit Tuomakselle<\/h2>\n\n\n\n<p><em>Apu<\/em>-lehden toimitusp\u00e4\u00e4llikk\u00f6 Tuomas Marjam\u00e4ki, 36, antoi Mediaansekaantujan pyynn\u00f6st\u00e4 nuoremmalle kollegalleen vinkit henkil\u00f6haastattelujen tekoon.<\/p>\n\n\n\n<ul class=\"wp-block-list\">\n<li>1. Mieti jo ennen haastattelua muutama pointti, joista saa tarvittaessa vaikka kansiotsikon. Yrit\u00e4 saada haastattelussa irti parempia.<\/li>\n<li>2. Suunnittele kysymysten j\u00e4rjestys. L\u00e4mmit\u00e4 haastateltava kevyemmill\u00e4 kysymyksill\u00e4 ja johdattele h\u00e4net mielentilaan, jossa on helppo puhua vaikeammista asioista.<\/li>\n<li>3. Ole mieluummin empaattinen kuin hy\u00f6kk\u00e4\u00e4v\u00e4. Kovistelu voi toimia poliitikkojen vaalitenteiss\u00e4, mutta harvoin henkil\u00f6haastattelussa. Oma esikuvani haastattelijana on komisario Columbo.<\/li>\n<li>4. Anna haastateltavan puhua, mutta \u00e4l\u00e4 anna sanella. \u00c4l\u00e4 my\u00f6sk\u00e4\u00e4n sy\u00f6t\u00e4 h\u00e4nelle omia ajatuksiasi. Kuuntele tarkasti ja tartu varsinkin sivulauseisiin ja rivien v\u00e4leihin.<\/li>\n<li>5. Pane muistilehti\u00f6 v\u00e4lill\u00e4 syrj\u00e4\u00e4n. Jatkuva raapustaminen saattaa ahdistaa haastateltavaa. Tauko muistiinpanoissa ei tarkoita, etteik\u00f6 asioita voisi painaa mieleen ja palata niihin my\u00f6hemmin.<\/li>\n<\/ul>\n\n\n","protected":false},"excerpt":{"rendered":"<p>Tuo poikahan on kuin ilmetty Tuomas Marjam\u00e4ki nuorena! Kun&nbsp;Yleisradio ja Journalisti-lehti kertoivat 14-vuotiaasta Tuomas Kuhalaisesta, joka p\u00e4\u00e4toimittaa Kokem\u00e4kel\u00e4inen-lehte\u00e4, sain nuoresta miehest\u00e4 h\u00e4mment\u00e4v\u00e4n d\u00e9j\u00e0-vun. Tuomas Kuhalaisen<br \/>\ntarina on k&hellip;<\/p>\n","protected":false},"author":148,"featured_media":0,"comment_status":"open","ping_status":"closed","sticky":false,"template":"","format":"standard","meta":{"_acf_changed":false,"asauth_required_access_level":3,"asauth_cansharepaid":"true","om_header_attributes":[],"footnotes":"","om_featured_image_focal_point":[],"om_primary_tag":0,"om_contributors":[],"om_co_authors":[],"beyondwords_generate_audio":"","beyondwords_project_id":"","beyondwords_content_id":"","beyondwords_preview_token":"","beyondwords_player_content":"","beyondwords_player_style":"","beyondwords_language_code":"","beyondwords_language_id":"","beyondwords_title_voice_id":"","beyondwords_body_voice_id":"","beyondwords_summary_voice_id":"","beyondwords_error_message":"","beyondwords_disabled":"","beyondwords_delete_content":"","beyondwords_podcast_id":"","beyondwords_hash":"","publish_post_to_speechkit":"","speechkit_hash":"","speechkit_generate_audio":"","speechkit_project_id":"","speechkit_podcast_id":"","speechkit_error_message":"","speechkit_disabled":"","speechkit_access_key":"","speechkit_error":"","speechkit_info":"","speechkit_response":"","speechkit_retries":"","speechkit_status":"","speechkit_updated_at":"","_speechkit_link":"","_speechkit_text":""},"categories":[1],"tags":[87,882,880,10,735,878,879,91,697,881,877,144],"class_list":["post-936","post","type-post","status-publish","format-standard","hentry","category-mediasekaantuja","tag-aamulehti","tag-apu","tag-henkilohaastattelu","tag-ilta-sanomat","tag-journalisti","tag-kokemakelainen","tag-lyhtypirtin-viesti","tag-median-murros","tag-paatoimittaja","tag-toimittajan-tyo","tag-tuomas-marjamaki","tag-yleisradio"],"om_views":null,"acf":{"tuuma_off":false,"tuuma_kysymys":"","tuuma_vastaus":""},"asauth":{"required_access_level":1,"share_token":"","is_paid":false},"yoast_head":"<!-- This site is optimized with the Yoast SEO plugin v26.4 - https:\/\/yoast.com\/wordpress\/plugins\/seo\/ -->\n<title>14-vuotias p\u00e4\u00e4toimittaja Tuomas muistuttaa kovasti er\u00e4st\u00e4 toista... - Mediaansekaantuja<\/title>\n<meta name=\"description\" content=\"Voiko t\u00e4m\u00e4 olla sattumaa? Tuomas Kuhalainen, 14, p\u00e4\u00e4toimittaa Kokem\u00e4kel\u00e4ist\u00e4. H\u00e4nen kaimansa Tuomas Marjam\u00e4ki, 36, p\u00e4\u00e4toimitti nuorena Lyhtypirtin Viesti\u00e4.\" \/>\n<meta name=\"robots\" content=\"index, follow, max-snippet:-1, max-image-preview:large, max-video-preview:-1\" \/>\n<link rel=\"canonical\" href=\"https:\/\/suomenkuvalehti.fi\/mediasekaantuja\/14-vuotias-paatoimittaja-tuomas-muistuttaa-kovasti-erasta-toista\/\" \/>\n<meta property=\"og:locale\" content=\"fi_FI\" \/>\n<meta property=\"og:type\" content=\"article\" \/>\n<meta property=\"og:title\" content=\"14-vuotias p\u00e4\u00e4toimittaja Tuomas muistuttaa kovasti er\u00e4st\u00e4 toista... - Mediaansekaantuja\" \/>\n<meta property=\"og:description\" content=\"Voiko t\u00e4m\u00e4 olla sattumaa? Tuomas Kuhalainen, 14, p\u00e4\u00e4toimittaa Kokem\u00e4kel\u00e4ist\u00e4. H\u00e4nen kaimansa Tuomas Marjam\u00e4ki, 36, p\u00e4\u00e4toimitti nuorena Lyhtypirtin Viesti\u00e4.\" \/>\n<meta property=\"og:url\" content=\"https:\/\/suomenkuvalehti.fi\/mediasekaantuja\/14-vuotias-paatoimittaja-tuomas-muistuttaa-kovasti-erasta-toista\/\" \/>\n<meta property=\"og:site_name\" content=\"Mediaansekaantuja\" \/>\n<meta property=\"article:published_time\" content=\"2015-05-31T14:30:54+00:00\" \/>\n<meta property=\"og:image\" content=\"https:\/\/suomenkuvalehti.fi\/mediasekaantuja\/wp-content\/uploads\/sites\/18\/2022\/04\/pasi_kivioja_02-scaled.jpg\" \/>\n\t<meta property=\"og:image:width\" content=\"2560\" \/>\n\t<meta property=\"og:image:height\" content=\"1707\" \/>\n\t<meta property=\"og:image:type\" content=\"image\/jpeg\" \/>\n<meta name=\"author\" content=\"Pasi Kivioja\" \/>\n<meta name=\"twitter:card\" content=\"summary_large_image\" \/>\n<meta name=\"twitter:creator\" content=\"@https:\/\/twitter.com\/PasiKivioja\" \/>\n<meta name=\"twitter:label1\" content=\"Written by\" \/>\n\t<meta name=\"twitter:data1\" content=\"Pasi Kivioja\" \/>\n\t<meta name=\"twitter:label2\" content=\"Est. reading time\" \/>\n\t<meta name=\"twitter:data2\" content=\"4 minuuttia\" \/>\n<script type=\"application\/ld+json\" class=\"yoast-schema-graph\">{\"@context\":\"https:\/\/schema.org\",\"@graph\":[{\"@type\":\"WebPage\",\"@id\":\"https:\/\/suomenkuvalehti.fi\/mediasekaantuja\/14-vuotias-paatoimittaja-tuomas-muistuttaa-kovasti-erasta-toista\/\",\"url\":\"https:\/\/suomenkuvalehti.fi\/mediasekaantuja\/14-vuotias-paatoimittaja-tuomas-muistuttaa-kovasti-erasta-toista\/\",\"name\":\"14-vuotias p\u00e4\u00e4toimittaja Tuomas muistuttaa kovasti er\u00e4st\u00e4 toista... - Mediaansekaantuja\",\"isPartOf\":{\"@id\":\"https:\/\/suomenkuvalehti.fi\/mediasekaantuja\/#website\"},\"datePublished\":\"2015-05-31T14:30:54+00:00\",\"author\":{\"@id\":\"https:\/\/suomenkuvalehti.fi\/mediasekaantuja\/#\/schema\/person\/e5cfc3b0243594a363a937aa1d165533\"},\"description\":\"Voiko t\u00e4m\u00e4 olla sattumaa? Tuomas Kuhalainen, 14, p\u00e4\u00e4toimittaa Kokem\u00e4kel\u00e4ist\u00e4. H\u00e4nen kaimansa Tuomas Marjam\u00e4ki, 36, p\u00e4\u00e4toimitti nuorena Lyhtypirtin Viesti\u00e4.\",\"breadcrumb\":{\"@id\":\"https:\/\/suomenkuvalehti.fi\/mediasekaantuja\/14-vuotias-paatoimittaja-tuomas-muistuttaa-kovasti-erasta-toista\/#breadcrumb\"},\"inLanguage\":\"fi\",\"potentialAction\":[{\"@type\":\"ReadAction\",\"target\":[\"https:\/\/suomenkuvalehti.fi\/mediasekaantuja\/14-vuotias-paatoimittaja-tuomas-muistuttaa-kovasti-erasta-toista\/\"]}]},{\"@type\":\"BreadcrumbList\",\"@id\":\"https:\/\/suomenkuvalehti.fi\/mediasekaantuja\/14-vuotias-paatoimittaja-tuomas-muistuttaa-kovasti-erasta-toista\/#breadcrumb\",\"itemListElement\":[{\"@type\":\"ListItem\",\"position\":1,\"name\":\"Home\",\"item\":\"https:\/\/suomenkuvalehti.fi\/mediasekaantuja\/\"},{\"@type\":\"ListItem\",\"position\":2,\"name\":\"14-vuotias p\u00e4\u00e4toimittaja Tuomas muistuttaa kovasti er\u00e4st\u00e4 toista&#8230;\"}]},{\"@type\":\"WebSite\",\"@id\":\"https:\/\/suomenkuvalehti.fi\/mediasekaantuja\/#website\",\"url\":\"https:\/\/suomenkuvalehti.fi\/mediasekaantuja\/\",\"name\":\"Mediaansekaantuja\",\"description\":\"Pasi Kivioja analysoi median ilmi\u00f6it\u00e4.\",\"potentialAction\":[{\"@type\":\"SearchAction\",\"target\":{\"@type\":\"EntryPoint\",\"urlTemplate\":\"https:\/\/suomenkuvalehti.fi\/haku\/?q={search_term_string}\"},\"query-input\":{\"@type\":\"PropertyValueSpecification\",\"valueRequired\":true,\"valueName\":\"search_term_string\"}}],\"inLanguage\":\"fi\"},{\"@type\":\"Person\",\"@id\":\"https:\/\/suomenkuvalehti.fi\/mediasekaantuja\/#\/schema\/person\/e5cfc3b0243594a363a937aa1d165533\",\"name\":\"Pasi Kivioja\",\"image\":{\"@type\":\"ImageObject\",\"inLanguage\":\"fi\",\"@id\":\"https:\/\/suomenkuvalehti.fi\/mediasekaantuja\/#\/schema\/person\/image\/\",\"url\":\"https:\/\/suomenkuvalehti.fi\/mediasekaantuja\/wp-content\/uploads\/sites\/18\/2022\/04\/pasi_kivioja_02-150x150.jpg\",\"contentUrl\":\"https:\/\/suomenkuvalehti.fi\/mediasekaantuja\/wp-content\/uploads\/sites\/18\/2022\/04\/pasi_kivioja_02-150x150.jpg\",\"caption\":\"Pasi Kivioja\"},\"description\":\"Pasi Kivioja on median murroksesta ja mediataloudesta v\u00e4itellyt YTT, vapaa toimittaja ja viestint\u00e4yritt\u00e4j\u00e4.\",\"sameAs\":[\"https:\/\/x.com\/https:\/\/twitter.com\/PasiKivioja\"]}]}<\/script>\n<!-- \/ Yoast SEO plugin. -->","yoast_head_json":{"title":"14-vuotias p\u00e4\u00e4toimittaja Tuomas muistuttaa kovasti er\u00e4st\u00e4 toista... - Mediaansekaantuja","description":"Voiko t\u00e4m\u00e4 olla sattumaa? Tuomas Kuhalainen, 14, p\u00e4\u00e4toimittaa Kokem\u00e4kel\u00e4ist\u00e4. H\u00e4nen kaimansa Tuomas Marjam\u00e4ki, 36, p\u00e4\u00e4toimitti nuorena Lyhtypirtin Viesti\u00e4.","robots":{"index":"index","follow":"follow","max-snippet":"max-snippet:-1","max-image-preview":"max-image-preview:large","max-video-preview":"max-video-preview:-1"},"canonical":"https:\/\/suomenkuvalehti.fi\/mediasekaantuja\/14-vuotias-paatoimittaja-tuomas-muistuttaa-kovasti-erasta-toista\/","og_locale":"fi_FI","og_type":"article","og_title":"14-vuotias p\u00e4\u00e4toimittaja Tuomas muistuttaa kovasti er\u00e4st\u00e4 toista... - Mediaansekaantuja","og_description":"Voiko t\u00e4m\u00e4 olla sattumaa? Tuomas Kuhalainen, 14, p\u00e4\u00e4toimittaa Kokem\u00e4kel\u00e4ist\u00e4. H\u00e4nen kaimansa Tuomas Marjam\u00e4ki, 36, p\u00e4\u00e4toimitti nuorena Lyhtypirtin Viesti\u00e4.","og_url":"https:\/\/suomenkuvalehti.fi\/mediasekaantuja\/14-vuotias-paatoimittaja-tuomas-muistuttaa-kovasti-erasta-toista\/","og_site_name":"Mediaansekaantuja","article_published_time":"2015-05-31T14:30:54+00:00","og_image":[{"width":2560,"height":1707,"url":"https:\/\/suomenkuvalehti.fi\/mediasekaantuja\/wp-content\/uploads\/sites\/18\/2022\/04\/pasi_kivioja_02-scaled.jpg","type":"image\/jpeg"}],"author":"Pasi Kivioja","twitter_card":"summary_large_image","twitter_creator":"@https:\/\/twitter.com\/PasiKivioja","twitter_misc":{"Written by":"Pasi Kivioja","Est. reading time":"4 minuuttia"},"schema":{"@context":"https:\/\/schema.org","@graph":[{"@type":"WebPage","@id":"https:\/\/suomenkuvalehti.fi\/mediasekaantuja\/14-vuotias-paatoimittaja-tuomas-muistuttaa-kovasti-erasta-toista\/","url":"https:\/\/suomenkuvalehti.fi\/mediasekaantuja\/14-vuotias-paatoimittaja-tuomas-muistuttaa-kovasti-erasta-toista\/","name":"14-vuotias p\u00e4\u00e4toimittaja Tuomas muistuttaa kovasti er\u00e4st\u00e4 toista... - Mediaansekaantuja","isPartOf":{"@id":"https:\/\/suomenkuvalehti.fi\/mediasekaantuja\/#website"},"datePublished":"2015-05-31T14:30:54+00:00","author":{"@id":"https:\/\/suomenkuvalehti.fi\/mediasekaantuja\/#\/schema\/person\/e5cfc3b0243594a363a937aa1d165533"},"description":"Voiko t\u00e4m\u00e4 olla sattumaa? Tuomas Kuhalainen, 14, p\u00e4\u00e4toimittaa Kokem\u00e4kel\u00e4ist\u00e4. H\u00e4nen kaimansa Tuomas Marjam\u00e4ki, 36, p\u00e4\u00e4toimitti nuorena Lyhtypirtin Viesti\u00e4.","breadcrumb":{"@id":"https:\/\/suomenkuvalehti.fi\/mediasekaantuja\/14-vuotias-paatoimittaja-tuomas-muistuttaa-kovasti-erasta-toista\/#breadcrumb"},"inLanguage":"fi","potentialAction":[{"@type":"ReadAction","target":["https:\/\/suomenkuvalehti.fi\/mediasekaantuja\/14-vuotias-paatoimittaja-tuomas-muistuttaa-kovasti-erasta-toista\/"]}]},{"@type":"BreadcrumbList","@id":"https:\/\/suomenkuvalehti.fi\/mediasekaantuja\/14-vuotias-paatoimittaja-tuomas-muistuttaa-kovasti-erasta-toista\/#breadcrumb","itemListElement":[{"@type":"ListItem","position":1,"name":"Home","item":"https:\/\/suomenkuvalehti.fi\/mediasekaantuja\/"},{"@type":"ListItem","position":2,"name":"14-vuotias p\u00e4\u00e4toimittaja Tuomas muistuttaa kovasti er\u00e4st\u00e4 toista&#8230;"}]},{"@type":"WebSite","@id":"https:\/\/suomenkuvalehti.fi\/mediasekaantuja\/#website","url":"https:\/\/suomenkuvalehti.fi\/mediasekaantuja\/","name":"Mediaansekaantuja","description":"Pasi Kivioja analysoi median ilmi\u00f6it\u00e4.","potentialAction":[{"@type":"SearchAction","target":{"@type":"EntryPoint","urlTemplate":"https:\/\/suomenkuvalehti.fi\/haku\/?q={search_term_string}"},"query-input":{"@type":"PropertyValueSpecification","valueRequired":true,"valueName":"search_term_string"}}],"inLanguage":"fi"},{"@type":"Person","@id":"https:\/\/suomenkuvalehti.fi\/mediasekaantuja\/#\/schema\/person\/e5cfc3b0243594a363a937aa1d165533","name":"Pasi Kivioja","image":{"@type":"ImageObject","inLanguage":"fi","@id":"https:\/\/suomenkuvalehti.fi\/mediasekaantuja\/#\/schema\/person\/image\/","url":"https:\/\/suomenkuvalehti.fi\/mediasekaantuja\/wp-content\/uploads\/sites\/18\/2022\/04\/pasi_kivioja_02-150x150.jpg","contentUrl":"https:\/\/suomenkuvalehti.fi\/mediasekaantuja\/wp-content\/uploads\/sites\/18\/2022\/04\/pasi_kivioja_02-150x150.jpg","caption":"Pasi Kivioja"},"description":"Pasi Kivioja on median murroksesta ja mediataloudesta v\u00e4itellyt YTT, vapaa toimittaja ja viestint\u00e4yritt\u00e4j\u00e4.","sameAs":["https:\/\/x.com\/https:\/\/twitter.com\/PasiKivioja"]}]}},"_links":{"self":[{"href":"https:\/\/suomenkuvalehti.fi\/mediasekaantuja\/wp-json\/wp\/v2\/posts\/936","targetHints":{"allow":["GET"]}}],"collection":[{"href":"https:\/\/suomenkuvalehti.fi\/mediasekaantuja\/wp-json\/wp\/v2\/posts"}],"about":[{"href":"https:\/\/suomenkuvalehti.fi\/mediasekaantuja\/wp-json\/wp\/v2\/types\/post"}],"author":[{"embeddable":true,"href":"https:\/\/suomenkuvalehti.fi\/mediasekaantuja\/wp-json\/wp\/v2\/users\/148"}],"replies":[{"embeddable":true,"href":"https:\/\/suomenkuvalehti.fi\/mediasekaantuja\/wp-json\/wp\/v2\/comments?post=936"}],"version-history":[{"count":10,"href":"https:\/\/suomenkuvalehti.fi\/mediasekaantuja\/wp-json\/wp\/v2\/posts\/936\/revisions"}],"predecessor-version":[{"id":946,"href":"https:\/\/suomenkuvalehti.fi\/mediasekaantuja\/wp-json\/wp\/v2\/posts\/936\/revisions\/946"}],"wp:attachment":[{"href":"https:\/\/suomenkuvalehti.fi\/mediasekaantuja\/wp-json\/wp\/v2\/media?parent=936"}],"wp:term":[{"taxonomy":"category","embeddable":true,"href":"https:\/\/suomenkuvalehti.fi\/mediasekaantuja\/wp-json\/wp\/v2\/categories?post=936"},{"taxonomy":"post_tag","embeddable":true,"href":"https:\/\/suomenkuvalehti.fi\/mediasekaantuja\/wp-json\/wp\/v2\/tags?post=936"}],"curies":[{"name":"wp","href":"https:\/\/api.w.org\/{rel}","templated":true}]}}