{"id":630,"date":"2014-09-15T14:48:27","date_gmt":"2014-09-15T11:48:27","guid":{"rendered":"https:\/\/suomenkuvalehti.fi\/mediasekaantuja\/?p=630"},"modified":"2014-09-15T18:16:29","modified_gmt":"2014-09-15T15:16:29","slug":"yle-veron-indeksikorotuksesta-tuli-kiristysruuvi","status":"publish","type":"post","link":"https:\/\/suomenkuvalehti.fi\/mediasekaantuja\/yle-veron-indeksikorotuksesta-tuli-kiristysruuvi\/","title":{"rendered":"Yle-veron indeksikorotuksesta tuli kiristysruuvi"},"content":{"rendered":"\n<p>P\u00e4iv\u00e4n mediauutinen on ollut Yleisradion yt-neuvottelut, jotka saattavat johtaa enimmill\u00e4\u00e4n 185 vakituisen ty\u00f6suhteen p\u00e4\u00e4tt\u00e4miseen. Henkil\u00f6st\u00f6n v\u00e4hennykset kohdistuvat <a href=\"http:\/\/www.journalistiliitto.fi\/?x17635=28961818\" target=\"_blank\">ty\u00f6nantajan suunnitelmien mukaan<\/a> uutis- ja ajankohtaistoimintaan (enint\u00e4\u00e4n 23 henkil\u00f6ty\u00f6vuotta), Julkaisut-yksikk\u00f6\u00f6n (20 htv), Luovat sis\u00e4ll\u00f6t -yksikk\u00f6\u00f6n (20 htv), Tuotannot-yksikk\u00f6\u00f6n (90 htv), Svenska Yleen (14 htv) ja yhteisiin toimintoihin (17 htv). Ylest\u00e4 saadun tiedon mukaan yt-neuvottelujen ulkopuolelle j\u00e4\u00e4v\u00e4t muun muassa Ylen uutis- ja ajankohtaistoiminnan l\u00e4hetykset ja tekniikka sek\u00e4 Ylen urheilu- ja ulkomaantoimitukset.<\/p>\n\n\n\n<p>Arvio ei sis\u00e4ll\u00e4 m\u00e4\u00e4r\u00e4aikaisen tai tuntipalkkaisen ty\u00f6voiman k\u00e4yt\u00f6n mahdollista v\u00e4hent\u00e4mist\u00e4. Ylelle tekee t\u00f6it\u00e4 <a href=\"http:\/\/yle.fi\/yleisradio\/henkilosto\" target=\"_blank\">merkitt\u00e4v\u00e4 m\u00e4\u00e4r\u00e4 freelancereita ja m\u00e4\u00e4r\u00e4aikaisia<\/a>, joihin s\u00e4\u00e4st\u00f6t tietysti ensimm\u00e4isen\u00e4 iskev\u00e4t. Toisaalta v\u00e4ke\u00e4 saadaan &#8221;luonnollisella tavalla&#8221; ulos my\u00f6s el\u00e4kej\u00e4rjestelyin. Ty\u00f6ntekij\u00f6it\u00e4 edustavan&nbsp;<a href=\"http:\/\/www.journalistiliitto.fi\/?x17635=28961818\" target=\"_blank\">Journalistiliiton mukaan<\/a> kyseess\u00e4 ovat liiton isoimmat yhteistoimintaneuvottelut ainakin t\u00e4ll\u00e4 vuosituhannella.<\/p>\n\n\n\n<p>S\u00e4\u00e4st\u00f6tavoite on 10 miljoonaa euroa, jonka <a href=\"http:\/\/yle.fi\/uutiset\/yle_yt-neuvotteluihin__tavoitteena_saastot_ja_toiminnan_uudistuminen\/7471257\" target=\"_blank\">Yle itse uutisoi<\/a> aiheutuvan Yle-veron ensi vuoden indeksikorotuksen j\u00e4\u00e4dytt\u00e4misest\u00e4. Menoja on siis lis\u00e4tty luottaen siihen, ett\u00e4 my\u00f6s tulot kasvavat. Yle on haalinut hyvien aikojen malliin uutta v\u00e4ke\u00e4, my\u00f6s johtajia, talon ulkopuolelta ja kilpailijoilta. <a href=\"http:\/\/www.uusisuomi.fi\/raha\/67323-yle-paisuu-kilpailijat-karsivat-lisasi-vakea-70\" target=\"_blank\"><em>Uuden Suomen<\/em> mukaan<\/a> Ylen kuukausipalkkaisten ty\u00f6ntekij\u00f6iden m\u00e4\u00e4r\u00e4 nousi viime vuonna 70:ll\u00e4 3173:een. Ty\u00f6ntekij\u00f6iden m\u00e4\u00e4r\u00e4 kasvoi my\u00f6s vuonna 2012.<\/p>\n\n\n\n<p>Indeksikorotuksella on pyritty takaamaan Ylen riippumattomuus ja erill\u00e4\u00e4n olo poliittisista suhdanteista kustannusten noususta huolimatta. K\u00e4vi kuitenkin juuri toisin p\u00e4in: indeksikorotuksesta tuli poliittinen kiristysruuvi, eik\u00e4 lintukotona pidetty Yleisradiokaan ole sen vuoksi suojassa s\u00e4\u00e4st\u00f6talkoilta.<\/p>\n\n\n\n<p>Ei sen pid\u00e4k\u00e4\u00e4n olla. Suomessa ei ole yht\u00e4k\u00e4\u00e4n isoa mediataloa, joka ei olisi k\u00e4ynyt l\u00e4pi v\u00e4hint\u00e4\u00e4n yksi\u00e4 toimituksen yt-neuvotteluja t\u00e4ll\u00e4 vuosikymmennell\u00e4. Kuluttajien ja mainostajien rahat valuvat kiihtyv\u00e4ll\u00e4 vauhdilla muualle, mediav\u00e4ke\u00e4 irtisanotaan joka puolella, ja t\u00e4t\u00e4 kierrett\u00e4 hallitus pahensi entisest\u00e4\u00e4n tilattavien lehtien arvonlis\u00e4verolla 2012 alkaen. Samaan aikaan meill\u00e4 on julkisen palvelun tv-yhti\u00f6, jonka pullataikinassa on liikaa hiivaa.<\/p>\n\n\n\n<p>&#8221;K\u00e4vimme aika pitk\u00e4llisen keskustelun ja yksimielisesti p\u00e4\u00e4dyimme siihen, ett\u00e4 t\u00e4ss\u00e4 taloustilanteessa, kun v\u00e4h\u00e4n joka paikasta joudutaan kirist\u00e4m\u00e4\u00e4n ja s\u00e4\u00e4st\u00e4m\u00e4\u00e4n, niin on kohtuullista, ett\u00e4 my\u00f6s Ylen osalta tehd\u00e4\u00e4n t\u00e4llainen p\u00e4\u00e4t\u00f6s, <a href=\"http:\/\/yle.fi\/uutiset\/yle-veron_indeksikorotus_jaihin__kaikkien_tingittava_vaikeassa_taloustilanteessa\/7148553\" target=\"_blank\">perusteli<\/a> kokoomuksen eduskuntaryhm\u00e4n puheenjohtaja <strong>Petteri Orpo<\/strong> indeksikorotuksen j\u00e4\u00e4dytt\u00e4mist\u00e4 Yle-uutisille viime maaliskuussa.<\/p>\n\n\n\n<p>Se on tietysti kiva juttu, ett\u00e4 mediatoimialan tilanne on vihdoin valjennut kokoomuksellekin. Samoja signaaleja kun ei suostuttu ottamaan kuuleviin korviin runnottaessa l\u00e4pi p\u00e4\u00e4t\u00f6ksi\u00e4 Yle-verosta, indeksikorotuksesta ja lehtien arvonlis\u00e4verosta.<\/p>\n\n\n\n<p>Kukaan tuskin aavisti viel\u00e4 maaliskuussa, miten rajut yt:t Ylell\u00e4 olisi edess\u00e4\u00e4n. <a href=\"http:\/\/www.hs.fi\/politiikka\/a1395370822260\" target=\"_blank\">Orpo puhui <\/a>runsaan kuuden miljoonan euron s\u00e4\u00e4st\u00f6tarpeesta ja keskustan eduskuntaryhm\u00e4n puheenjohtaja <strong>Kimmo Tiilikainen<\/strong>&nbsp;maltillisesta s\u00e4\u00e4st\u00f6st\u00e4, johon Yle sopeutuisi helposti.<\/p>\n\n\n\n<p>Poliittisen ja taloudellisen turbulenssin takia Ylen toimitusjohtajan <strong>Lauri Kivisen<\/strong> on nyt pakko nuijia kasaan sellainen organisaation toimintamalli ja budjetti, joka ei ole en\u00e4\u00e4 indeksikorotusten varassa. En nimitt\u00e4in luottaisi yhdenk\u00e4\u00e4n poliitikon sanaan siit\u00e4, ett\u00e4 indeksikorotuksen j\u00e4\u00e4dytt\u00e4minen on vain kertaluonteinen h\u00e4t\u00e4ratkaisu.<\/p>\n\n\n\n<p><em>&gt;&gt; Edit 15.9.2014 klo 18.15: T\u00e4smennetty yt-neuvotteluiden ulkopuolelle j\u00e4\u00e4vi\u00e4 yksik\u00f6it\u00e4.<\/em><\/p>\n\n\n","protected":false},"excerpt":{"rendered":"<p>P\u00e4iv\u00e4n mediauutinen on ollut Yleisradion yt-neuvottelut, jotka saattavat johtaa enimmill\u00e4\u00e4n 185 vakituisen ty\u00f6suhteen p\u00e4\u00e4tt\u00e4miseen. Henkil\u00f6st\u00f6n v\u00e4hennykset kohdistuvat ty\u00f6nantajan suunnitelmien mukaan uutis- ja ajankohtaistoimintaan (enint\u00e4\u00e4n 23 henkil\u00f6ty\u00f6vuotta),<br \/>\nJulkaisut-yksik&hellip;<\/p>\n","protected":false},"author":148,"featured_media":0,"comment_status":"open","ping_status":"closed","sticky":false,"template":"","format":"standard","meta":{"_acf_changed":false,"asauth_required_access_level":3,"asauth_cansharepaid":"true","om_header_attributes":[],"footnotes":"","om_featured_image_focal_point":[],"om_primary_tag":0,"om_contributors":[],"om_co_authors":[],"beyondwords_generate_audio":"","beyondwords_project_id":"","beyondwords_content_id":"","beyondwords_preview_token":"","beyondwords_player_content":"","beyondwords_player_style":"","beyondwords_language_code":"","beyondwords_language_id":"","beyondwords_title_voice_id":"","beyondwords_body_voice_id":"","beyondwords_summary_voice_id":"","beyondwords_error_message":"","beyondwords_disabled":"","beyondwords_delete_content":"","beyondwords_podcast_id":"","beyondwords_hash":"","publish_post_to_speechkit":"","speechkit_hash":"","speechkit_generate_audio":"","speechkit_project_id":"","speechkit_podcast_id":"","speechkit_error_message":"","speechkit_disabled":"","speechkit_access_key":"","speechkit_error":"","speechkit_info":"","speechkit_response":"","speechkit_retries":"","speechkit_status":"","speechkit_updated_at":"","_speechkit_link":"","_speechkit_text":""},"categories":[1],"tags":[600,601,605,604,602,606,607,91,603,338,279,465,144,88],"class_list":["post-630","post","type-post","status-publish","format-standard","hentry","category-mediasekaantuja","tag-indeksikorotus","tag-journalistiliitto","tag-keskusta","tag-kimmo-tiilikainen","tag-kokoomus","tag-lauri-kivinen","tag-lehtien-arvonlisavero","tag-median-murros","tag-petteri-orpo","tag-politiikka","tag-saastot","tag-yle-vero","tag-yleisradio","tag-yt-neuvottelut"],"om_views":null,"acf":{"tuuma_off":false,"tuuma_kysymys":"","tuuma_vastaus":""},"asauth":{"required_access_level":1,"share_token":"","is_paid":false},"yoast_head":"<!-- This site is optimized with the Yoast SEO plugin v26.4 - https:\/\/yoast.com\/wordpress\/plugins\/seo\/ -->\n<title>Yle-veron indeksikorotuksesta tuli kiristysruuvi - Mediaansekaantuja<\/title>\n<meta name=\"description\" content=\"Politiikan ja talouden suhdanteet vaikuttavat Yleenkin: 10 miljoonan euron s\u00e4\u00e4st\u00f6talkoot voivat tiet\u00e4\u00e4 l\u00e4ht\u00f6passeja 185 vakituiselle ty\u00f6ntekij\u00e4lle.\" \/>\n<meta name=\"robots\" content=\"index, follow, max-snippet:-1, max-image-preview:large, max-video-preview:-1\" \/>\n<link rel=\"canonical\" href=\"https:\/\/suomenkuvalehti.fi\/mediasekaantuja\/yle-veron-indeksikorotuksesta-tuli-kiristysruuvi\/\" \/>\n<meta property=\"og:locale\" content=\"fi_FI\" \/>\n<meta property=\"og:type\" content=\"article\" \/>\n<meta property=\"og:title\" content=\"Yle-veron indeksikorotuksesta tuli kiristysruuvi - Mediaansekaantuja\" \/>\n<meta property=\"og:description\" content=\"Politiikan ja talouden suhdanteet vaikuttavat Yleenkin: 10 miljoonan euron s\u00e4\u00e4st\u00f6talkoot voivat tiet\u00e4\u00e4 l\u00e4ht\u00f6passeja 185 vakituiselle ty\u00f6ntekij\u00e4lle.\" \/>\n<meta property=\"og:url\" content=\"https:\/\/suomenkuvalehti.fi\/mediasekaantuja\/yle-veron-indeksikorotuksesta-tuli-kiristysruuvi\/\" \/>\n<meta property=\"og:site_name\" content=\"Mediaansekaantuja\" \/>\n<meta property=\"article:published_time\" content=\"2014-09-15T11:48:27+00:00\" \/>\n<meta property=\"article:modified_time\" content=\"2014-09-15T15:16:29+00:00\" \/>\n<meta property=\"og:image\" content=\"https:\/\/suomenkuvalehti.fi\/mediasekaantuja\/wp-content\/uploads\/sites\/18\/2022\/04\/pasi_kivioja_02-scaled.jpg\" \/>\n\t<meta property=\"og:image:width\" content=\"2560\" \/>\n\t<meta property=\"og:image:height\" content=\"1707\" \/>\n\t<meta property=\"og:image:type\" content=\"image\/jpeg\" \/>\n<meta name=\"author\" content=\"Pasi Kivioja\" \/>\n<meta name=\"twitter:card\" content=\"summary_large_image\" \/>\n<meta name=\"twitter:creator\" content=\"@https:\/\/twitter.com\/PasiKivioja\" \/>\n<meta name=\"twitter:label1\" content=\"Written by\" \/>\n\t<meta name=\"twitter:data1\" content=\"Pasi Kivioja\" \/>\n\t<meta name=\"twitter:label2\" content=\"Est. reading time\" \/>\n\t<meta name=\"twitter:data2\" content=\"3 minuuttia\" \/>\n<script type=\"application\/ld+json\" class=\"yoast-schema-graph\">{\"@context\":\"https:\/\/schema.org\",\"@graph\":[{\"@type\":\"WebPage\",\"@id\":\"https:\/\/suomenkuvalehti.fi\/mediasekaantuja\/yle-veron-indeksikorotuksesta-tuli-kiristysruuvi\/\",\"url\":\"https:\/\/suomenkuvalehti.fi\/mediasekaantuja\/yle-veron-indeksikorotuksesta-tuli-kiristysruuvi\/\",\"name\":\"Yle-veron indeksikorotuksesta tuli kiristysruuvi - Mediaansekaantuja\",\"isPartOf\":{\"@id\":\"https:\/\/suomenkuvalehti.fi\/mediasekaantuja\/#website\"},\"datePublished\":\"2014-09-15T11:48:27+00:00\",\"dateModified\":\"2014-09-15T15:16:29+00:00\",\"author\":{\"@id\":\"https:\/\/suomenkuvalehti.fi\/mediasekaantuja\/#\/schema\/person\/e5cfc3b0243594a363a937aa1d165533\"},\"description\":\"Politiikan ja talouden suhdanteet vaikuttavat Yleenkin: 10 miljoonan euron s\u00e4\u00e4st\u00f6talkoot voivat tiet\u00e4\u00e4 l\u00e4ht\u00f6passeja 185 vakituiselle ty\u00f6ntekij\u00e4lle.\",\"breadcrumb\":{\"@id\":\"https:\/\/suomenkuvalehti.fi\/mediasekaantuja\/yle-veron-indeksikorotuksesta-tuli-kiristysruuvi\/#breadcrumb\"},\"inLanguage\":\"fi\",\"potentialAction\":[{\"@type\":\"ReadAction\",\"target\":[\"https:\/\/suomenkuvalehti.fi\/mediasekaantuja\/yle-veron-indeksikorotuksesta-tuli-kiristysruuvi\/\"]}]},{\"@type\":\"BreadcrumbList\",\"@id\":\"https:\/\/suomenkuvalehti.fi\/mediasekaantuja\/yle-veron-indeksikorotuksesta-tuli-kiristysruuvi\/#breadcrumb\",\"itemListElement\":[{\"@type\":\"ListItem\",\"position\":1,\"name\":\"Home\",\"item\":\"https:\/\/suomenkuvalehti.fi\/mediasekaantuja\/\"},{\"@type\":\"ListItem\",\"position\":2,\"name\":\"Yle-veron indeksikorotuksesta tuli kiristysruuvi\"}]},{\"@type\":\"WebSite\",\"@id\":\"https:\/\/suomenkuvalehti.fi\/mediasekaantuja\/#website\",\"url\":\"https:\/\/suomenkuvalehti.fi\/mediasekaantuja\/\",\"name\":\"Mediaansekaantuja\",\"description\":\"Pasi Kivioja analysoi median ilmi\u00f6it\u00e4.\",\"potentialAction\":[{\"@type\":\"SearchAction\",\"target\":{\"@type\":\"EntryPoint\",\"urlTemplate\":\"https:\/\/suomenkuvalehti.fi\/haku\/?q={search_term_string}\"},\"query-input\":{\"@type\":\"PropertyValueSpecification\",\"valueRequired\":true,\"valueName\":\"search_term_string\"}}],\"inLanguage\":\"fi\"},{\"@type\":\"Person\",\"@id\":\"https:\/\/suomenkuvalehti.fi\/mediasekaantuja\/#\/schema\/person\/e5cfc3b0243594a363a937aa1d165533\",\"name\":\"Pasi Kivioja\",\"image\":{\"@type\":\"ImageObject\",\"inLanguage\":\"fi\",\"@id\":\"https:\/\/suomenkuvalehti.fi\/mediasekaantuja\/#\/schema\/person\/image\/\",\"url\":\"https:\/\/suomenkuvalehti.fi\/mediasekaantuja\/wp-content\/uploads\/sites\/18\/2022\/04\/pasi_kivioja_02-150x150.jpg\",\"contentUrl\":\"https:\/\/suomenkuvalehti.fi\/mediasekaantuja\/wp-content\/uploads\/sites\/18\/2022\/04\/pasi_kivioja_02-150x150.jpg\",\"caption\":\"Pasi Kivioja\"},\"description\":\"Pasi Kivioja on median murroksesta ja mediataloudesta v\u00e4itellyt YTT, vapaa toimittaja ja viestint\u00e4yritt\u00e4j\u00e4.\",\"sameAs\":[\"https:\/\/x.com\/https:\/\/twitter.com\/PasiKivioja\"]}]}<\/script>\n<!-- \/ Yoast SEO plugin. -->","yoast_head_json":{"title":"Yle-veron indeksikorotuksesta tuli kiristysruuvi - Mediaansekaantuja","description":"Politiikan ja talouden suhdanteet vaikuttavat Yleenkin: 10 miljoonan euron s\u00e4\u00e4st\u00f6talkoot voivat tiet\u00e4\u00e4 l\u00e4ht\u00f6passeja 185 vakituiselle ty\u00f6ntekij\u00e4lle.","robots":{"index":"index","follow":"follow","max-snippet":"max-snippet:-1","max-image-preview":"max-image-preview:large","max-video-preview":"max-video-preview:-1"},"canonical":"https:\/\/suomenkuvalehti.fi\/mediasekaantuja\/yle-veron-indeksikorotuksesta-tuli-kiristysruuvi\/","og_locale":"fi_FI","og_type":"article","og_title":"Yle-veron indeksikorotuksesta tuli kiristysruuvi - Mediaansekaantuja","og_description":"Politiikan ja talouden suhdanteet vaikuttavat Yleenkin: 10 miljoonan euron s\u00e4\u00e4st\u00f6talkoot voivat tiet\u00e4\u00e4 l\u00e4ht\u00f6passeja 185 vakituiselle ty\u00f6ntekij\u00e4lle.","og_url":"https:\/\/suomenkuvalehti.fi\/mediasekaantuja\/yle-veron-indeksikorotuksesta-tuli-kiristysruuvi\/","og_site_name":"Mediaansekaantuja","article_published_time":"2014-09-15T11:48:27+00:00","article_modified_time":"2014-09-15T15:16:29+00:00","og_image":[{"width":2560,"height":1707,"url":"https:\/\/suomenkuvalehti.fi\/mediasekaantuja\/wp-content\/uploads\/sites\/18\/2022\/04\/pasi_kivioja_02-scaled.jpg","type":"image\/jpeg"}],"author":"Pasi Kivioja","twitter_card":"summary_large_image","twitter_creator":"@https:\/\/twitter.com\/PasiKivioja","twitter_misc":{"Written by":"Pasi Kivioja","Est. reading time":"3 minuuttia"},"schema":{"@context":"https:\/\/schema.org","@graph":[{"@type":"WebPage","@id":"https:\/\/suomenkuvalehti.fi\/mediasekaantuja\/yle-veron-indeksikorotuksesta-tuli-kiristysruuvi\/","url":"https:\/\/suomenkuvalehti.fi\/mediasekaantuja\/yle-veron-indeksikorotuksesta-tuli-kiristysruuvi\/","name":"Yle-veron indeksikorotuksesta tuli kiristysruuvi - Mediaansekaantuja","isPartOf":{"@id":"https:\/\/suomenkuvalehti.fi\/mediasekaantuja\/#website"},"datePublished":"2014-09-15T11:48:27+00:00","dateModified":"2014-09-15T15:16:29+00:00","author":{"@id":"https:\/\/suomenkuvalehti.fi\/mediasekaantuja\/#\/schema\/person\/e5cfc3b0243594a363a937aa1d165533"},"description":"Politiikan ja talouden suhdanteet vaikuttavat Yleenkin: 10 miljoonan euron s\u00e4\u00e4st\u00f6talkoot voivat tiet\u00e4\u00e4 l\u00e4ht\u00f6passeja 185 vakituiselle ty\u00f6ntekij\u00e4lle.","breadcrumb":{"@id":"https:\/\/suomenkuvalehti.fi\/mediasekaantuja\/yle-veron-indeksikorotuksesta-tuli-kiristysruuvi\/#breadcrumb"},"inLanguage":"fi","potentialAction":[{"@type":"ReadAction","target":["https:\/\/suomenkuvalehti.fi\/mediasekaantuja\/yle-veron-indeksikorotuksesta-tuli-kiristysruuvi\/"]}]},{"@type":"BreadcrumbList","@id":"https:\/\/suomenkuvalehti.fi\/mediasekaantuja\/yle-veron-indeksikorotuksesta-tuli-kiristysruuvi\/#breadcrumb","itemListElement":[{"@type":"ListItem","position":1,"name":"Home","item":"https:\/\/suomenkuvalehti.fi\/mediasekaantuja\/"},{"@type":"ListItem","position":2,"name":"Yle-veron indeksikorotuksesta tuli kiristysruuvi"}]},{"@type":"WebSite","@id":"https:\/\/suomenkuvalehti.fi\/mediasekaantuja\/#website","url":"https:\/\/suomenkuvalehti.fi\/mediasekaantuja\/","name":"Mediaansekaantuja","description":"Pasi Kivioja analysoi median ilmi\u00f6it\u00e4.","potentialAction":[{"@type":"SearchAction","target":{"@type":"EntryPoint","urlTemplate":"https:\/\/suomenkuvalehti.fi\/haku\/?q={search_term_string}"},"query-input":{"@type":"PropertyValueSpecification","valueRequired":true,"valueName":"search_term_string"}}],"inLanguage":"fi"},{"@type":"Person","@id":"https:\/\/suomenkuvalehti.fi\/mediasekaantuja\/#\/schema\/person\/e5cfc3b0243594a363a937aa1d165533","name":"Pasi Kivioja","image":{"@type":"ImageObject","inLanguage":"fi","@id":"https:\/\/suomenkuvalehti.fi\/mediasekaantuja\/#\/schema\/person\/image\/","url":"https:\/\/suomenkuvalehti.fi\/mediasekaantuja\/wp-content\/uploads\/sites\/18\/2022\/04\/pasi_kivioja_02-150x150.jpg","contentUrl":"https:\/\/suomenkuvalehti.fi\/mediasekaantuja\/wp-content\/uploads\/sites\/18\/2022\/04\/pasi_kivioja_02-150x150.jpg","caption":"Pasi Kivioja"},"description":"Pasi Kivioja on median murroksesta ja mediataloudesta v\u00e4itellyt YTT, vapaa toimittaja ja viestint\u00e4yritt\u00e4j\u00e4.","sameAs":["https:\/\/x.com\/https:\/\/twitter.com\/PasiKivioja"]}]}},"_links":{"self":[{"href":"https:\/\/suomenkuvalehti.fi\/mediasekaantuja\/wp-json\/wp\/v2\/posts\/630","targetHints":{"allow":["GET"]}}],"collection":[{"href":"https:\/\/suomenkuvalehti.fi\/mediasekaantuja\/wp-json\/wp\/v2\/posts"}],"about":[{"href":"https:\/\/suomenkuvalehti.fi\/mediasekaantuja\/wp-json\/wp\/v2\/types\/post"}],"author":[{"embeddable":true,"href":"https:\/\/suomenkuvalehti.fi\/mediasekaantuja\/wp-json\/wp\/v2\/users\/148"}],"replies":[{"embeddable":true,"href":"https:\/\/suomenkuvalehti.fi\/mediasekaantuja\/wp-json\/wp\/v2\/comments?post=630"}],"version-history":[{"count":10,"href":"https:\/\/suomenkuvalehti.fi\/mediasekaantuja\/wp-json\/wp\/v2\/posts\/630\/revisions"}],"predecessor-version":[{"id":640,"href":"https:\/\/suomenkuvalehti.fi\/mediasekaantuja\/wp-json\/wp\/v2\/posts\/630\/revisions\/640"}],"wp:attachment":[{"href":"https:\/\/suomenkuvalehti.fi\/mediasekaantuja\/wp-json\/wp\/v2\/media?parent=630"}],"wp:term":[{"taxonomy":"category","embeddable":true,"href":"https:\/\/suomenkuvalehti.fi\/mediasekaantuja\/wp-json\/wp\/v2\/categories?post=630"},{"taxonomy":"post_tag","embeddable":true,"href":"https:\/\/suomenkuvalehti.fi\/mediasekaantuja\/wp-json\/wp\/v2\/tags?post=630"}],"curies":[{"name":"wp","href":"https:\/\/api.w.org\/{rel}","templated":true}]}}