{"id":501,"date":"2014-07-23T18:15:22","date_gmt":"2014-07-23T15:15:22","guid":{"rendered":"https:\/\/suomenkuvalehti.fi\/mediasekaantuja\/?p=501"},"modified":"2014-07-23T18:15:22","modified_gmt":"2014-07-23T15:15:22","slug":"ravintoloitsija-ala-lahde-sotaan","status":"publish","type":"post","link":"https:\/\/suomenkuvalehti.fi\/mediasekaantuja\/ravintoloitsija-ala-lahde-sotaan\/","title":{"rendered":"Ravintoloitsija, \u00e4l\u00e4 l\u00e4hde some-sotaan!"},"content":{"rendered":"\n<p>Yksityishenkil\u00f6ill\u00e4 on EU-tuomioistuimen mielest\u00e4 <a href=\"https:\/\/suomenkuvalehti.fi\/mediasekaantuja\/google-armahtaa-media-ei\/?shared=480-6f8d722d-999\" target=\"_blank\">oikeus tulla unohdetuiksi<\/a> Googlen hakutuloksissa. Maailmalla on viime p\u00e4ivin\u00e4 <a href=\"http:\/\/www.bbc.com\/news\/technology-28331598\" target=\"_blank\">uutisoitu bloggaajan saamasta tuomiosta<\/a>, kun h\u00e4nen kriittinen ravintola-arvionsa nousi korkealle Googlen hakutuloksissa ja haittasi ravintoloitsijan mielest\u00e4 liiketoimintaa (suomalainen&nbsp;<em>Tivi<\/em>-lehti kirjoittaa aiheesta <a href=\"http:\/\/www.tivi.fi\/kaikki_uutiset\/bloggaaja+sai+1500+euron+sakot+aiheellisesta+ravintolakritiikista\/a998427\" target=\"_blank\">t\u00e4\u00e4ll\u00e4<\/a>). N\u00e4ink\u00f6h\u00e4n oikeus tulla valikoidusti unohdetuksi on pian levi\u00e4m\u00e4ss\u00e4 my\u00f6s haitallisen julkisuuden kohteeksi joutuneille liikeyrityksille?<\/p>\n\n\n\n<p>Ranskalainen tuomari m\u00e4\u00e4r\u00e4si yksityishenkil\u00f6n\u00e4 bloganneen&nbsp;<strong>Caroline Doudet&#8217;n<\/strong>&nbsp;maksamaan 1 500 euron vahingonkorvaukset ravintolalle ja 1 000 euroa oikeudenk\u00e4yntikuluja. Lis\u00e4ksi tuomari m\u00e4\u00e4r\u00e4si huonoa palvelua kritisoineen blogikirjoituksen otsikon muutettavaksi. Otsikossa luki suomennettuna: &#8221;Kannattaa v\u00e4ltt\u00e4\u00e4 Il Giardinoa Cap-Ferratissa&#8221;.<\/p>\n\n\n\n<p>Tuomari otti p\u00e4\u00e4t\u00f6ksess\u00e4\u00e4n huomioon sen, ett\u00e4 blogilla laskettiin olevan 3 000 seuraajaa ja Googlen hakutuloksissa korkealle nousseet moitteet haittasivat ravintolan yritystoimintaa.<\/p>\n\n\n\n<p>Ranskalaistuomarin p\u00e4\u00e4t\u00f6s tietysti loukkaa r\u00e4ike\u00e4sti sananvapautta, mutta bloggausk\u00e4yt\u00e4nt\u00f6j\u00e4 linjaavaksi ennakkotapaukseksi siit\u00e4 ei ole. &nbsp;Suomalaisten tiedotusv\u00e4lineiden <a href=\"http:\/\/www.tivi.fi\/kaikki_uutiset\/bloggaaja+sai+1500+euron+sakot+aiheellisesta+ravintolakritiikista\/a998427\" target=\"_blank\">uutisissa<\/a> j\u00e4i nimitt\u00e4in mainitsematta, ett\u00e4 kyse ei ollut varsinaisesta oikeudenk\u00e4ynnist\u00e4 vaan &#8221;emergency hearingista&#8221; eli Ranskan lain mukaisesta turvaamistoimesta, kun vastaajan katsotaan aiheuttavan vahinkoa toiselle osapuolelle. Tuomari voi v\u00e4liaikaisp\u00e4\u00e4t\u00f6ksell\u00e4\u00e4n m\u00e4\u00e4r\u00e4t\u00e4 pys\u00e4ytett\u00e4v\u00e4ksi heti t\u00e4llaisen vahingollisen toiminnan. P\u00e4\u00e4t\u00f6s voidaan kumota tai vahvistaa varsinaisessa oikeudenk\u00e4ynniss\u00e4, jos osapuolet p\u00e4\u00e4tyv\u00e4t sinne asti.<\/p>\n\n\n\n<p>Caroline Doudet on kertonut tiedotusv\u00e4lineille, ett\u00e4 kuulemistilaisuus j\u00e4rjestettiin niin kiireell\u00e4, ettei h\u00e4n ehtinyt edes palkata asianajajaa itselleen. H\u00e4n ei aio valittaa p\u00e4\u00e4t\u00f6ksest\u00e4, koska ei halua omien sanojensa mukaan el\u00e4\u00e4 uudelleen viikkojen k\u00e4rsimyst\u00e4. Vaikka p\u00e4\u00e4t\u00f6s todenn\u00e4k\u00f6isesti kumottaisiin oikeudenk\u00e4ynniss\u00e4 tai viimeist\u00e4\u00e4n Euroopan ihmisoikeustuomioistuimessa, Doudet on jo poistanut kirjoituksensa kokonaan eik\u00e4 aio ryhty\u00e4 sananvapauden sankariksi. Harmi sin\u00e4ns\u00e4, sill\u00e4 nyt puolivillainen ratkaisu j\u00e4\u00e4 el\u00e4m\u00e4\u00e4n omaa el\u00e4m\u00e4\u00e4ns\u00e4.<\/p>\n\n\n\n<p>Doudet&#8217;n blogikirjoitus&nbsp;on yh\u00e4 luettavissa&nbsp;<a href=\"http:\/\/web.archive.org\/web\/20131204090140\/http:\/\/leschroniquesculturelles.com\/2013\/08\/24\/lendroit-a-eviter-au-cap-ferret-il-giardino\/\" target=\"_blank\">Wayback Machinen kautta<\/a>.<\/p>\n\n\n\n<p>T\u00e4ss\u00e4 k\u00e4vi nyt niin, ett\u00e4 kriitikko sai rangaistuksensa ja ravintola hyvityksens\u00e4, mutta ravintoloitsija ei ottanut huomioon, ett\u00e4 asian vieminen oikeuteen moninkertaistaa kielteisen julkisuuden m\u00e4\u00e4r\u00e4n. En ollut t\u00e4\u00e4ll\u00e4 Suomessa aiemmin kuullutkaan Il Giardino -ravintolasta, mutta nytp\u00e4 olen.<\/p>\n\n\n\n<p>Ravintola-ala tuntuu olevan erityisen riskialtis erilaisille sosiaalisen median kriiseille.&nbsp;Suomessa ensimm\u00e4inen some-kriisi syntyi vuonna 2004 helsinkil\u00e4isravintola Lehtovaaran&nbsp;<a href=\"http:\/\/www.digitoday.fi\/viihde\/2005\/06\/27\/ravintola-lehtovaara-vaatii-80-000-euron-korvauksia-nettikritiikista\/200513032\/66\" target=\"_blank\">vaadittua 80 000 euron vahingonkorvauksia<\/a>&nbsp;ravintolaa haukkuneelta bloggaajalta. Kymmenen vuoden j\u00e4lkeenkin kyseinen episodi l\u00f6ytyy Googlen hakutuloksista kolmantena, kun tekee haun ravintolan nimell\u00e4.<\/p>\n\n\n\n<p>Tuoreempi tapaus on julkkiskokki&nbsp;<strong>Hans V\u00e4lim\u00e4en<\/strong>&nbsp;&#8221;watergate&#8221;, jossa n\u00e4rk\u00e4stynyt asiakas laittoi somevy\u00f6ryn liikkeelle valittamalla V\u00e4lim\u00e4en Midhill-ravintolassa 1,5 euroa maksaneesta vesilasista. Olen kirjoittanut t\u00e4st\u00e4 jupakasta aiemmin&nbsp;<a href=\"http:\/\/www.viestintaluotsi.fi\/2013\/06\/myrsky-vesilasista-watergaten-opit\/\" target=\"_blank\">t\u00e4\u00e4ll\u00e4<\/a>. Some-aktiivit muistanevat my\u00f6s helsinkil\u00e4isen <a href=\"http:\/\/geekgirls.fi\/wp\/blog\/2013\/03\/04\/norttitytot-ry-perustettu-mutta-ei-steamissa\/\" target=\"_blank\">Steam Coffeen tapauksen<\/a>, jossa ravintola perui n\u00f6rttityt\u00f6iksi itse\u00e4\u00e4n kutsuvan porukan tilavarauksen toisen ryhm\u00e4n tielt\u00e4 mainiten naisille, ett\u00e4 &#8221;Teill\u00e4 ei v\u00e4ltt\u00e4m\u00e4tt\u00e4 ole budjettia maksaa t\u00e4st\u00e4&#8221;. Arvaahan sen, miten siin\u00e4 k\u00e4vi.<\/p>\n\n\n\n<p>Ravintolan asiakaspalvelutilanne on usein pitk\u00e4kestoinen ja vaativa, asiakas voi p\u00e4ihty\u00e4 sen aikana tai olla jo valmiiksi soosissa. Ruoan taso voi vaihdella kokin biorytmien mukaan, tarjoilijakapasiteettia ja keitti\u00f6henkil\u00f6kuntaa ei ole riitt\u00e4v\u00e4sti asiakkaiden m\u00e4\u00e4r\u00e4\u00e4n n\u00e4hden, ruoka viipyy ja j\u00e4\u00e4htyy, eik\u00e4 henkil\u00f6kuntaa ole koulutettu k\u00e4sittelem\u00e4\u00e4n suoraa ja spontaania asiakaspalautetta. Riskitekij\u00f6it\u00e4 on niin paljon, ettei ole mik\u00e4\u00e4n ihme, ett\u00e4 v\u00e4lill\u00e4 menee pieleen.<\/p>\n\n\n\n<p>Kun t\u00e4h\u00e4n lis\u00e4t\u00e4\u00e4n se, ett\u00e4 nykyisin ihmiset jakavat tietoa kokemuksistaan heti somessa ja pystyv\u00e4t todentamaan v\u00e4itteit\u00e4\u00e4n valokuvin, videoin ja ruudunkaappauksin, soppa on saman tien valmis. Jos liikeyrityksen edustaja yritt\u00e4\u00e4 ojentaa asiakasta, yleis\u00f6n sympatiat k\u00e4\u00e4ntyv\u00e4t poikkeuksetta pienen ihmisen puolelle.<\/p>\n\n\n\n<p>Yksi asia on hyv\u00e4 muistaa kaikilla asiakaspalvelualoilla: some-sodan h\u00e4vi\u00e4t aina.<\/p>\n\n\n","protected":false},"excerpt":{"rendered":"<p>Yksityishenkil\u00f6ill\u00e4 on EU-tuomioistuimen mielest\u00e4 oikeus tulla unohdetuiksi Googlen hakutuloksissa. Maailmalla on viime p\u00e4ivin\u00e4 uutisoitu bloggaajan saamasta tuomiosta, kun h\u00e4nen kriittinen ravintola-arvionsa nousi korkealle Googlen hakutuloksissa ja haittasi ravintoloitsijan<br \/>\nmiele&hellip;<\/p>\n","protected":false},"author":148,"featured_media":0,"comment_status":"open","ping_status":"closed","sticky":false,"template":"","format":"standard","meta":{"_acf_changed":false,"asauth_required_access_level":3,"asauth_cansharepaid":"true","om_header_attributes":[],"footnotes":"","om_featured_image_focal_point":[],"om_primary_tag":0,"om_contributors":[],"om_co_authors":[],"beyondwords_generate_audio":"","beyondwords_project_id":"","beyondwords_content_id":"","beyondwords_preview_token":"","beyondwords_player_content":"","beyondwords_player_style":"","beyondwords_language_code":"","beyondwords_language_id":"","beyondwords_title_voice_id":"","beyondwords_body_voice_id":"","beyondwords_summary_voice_id":"","beyondwords_error_message":"","beyondwords_disabled":"","beyondwords_delete_content":"","beyondwords_podcast_id":"","beyondwords_hash":"","publish_post_to_speechkit":"","speechkit_hash":"","speechkit_generate_audio":"","speechkit_project_id":"","speechkit_podcast_id":"","speechkit_error_message":"","speechkit_disabled":"","speechkit_access_key":"","speechkit_error":"","speechkit_info":"","speechkit_response":"","speechkit_retries":"","speechkit_status":"","speechkit_updated_at":"","_speechkit_link":"","_speechkit_text":""},"categories":[1],"tags":[483,290,288,467,481,345,472,469,337,470,477,480,434,476,471,473,468,221,194,482,466,302,479,474,478,475],"class_list":["post-501","post","type-post","status-publish","format-standard","hentry","category-mediasekaantuja","tag-asiakaspalvelu","tag-bloggaajat","tag-blogit","tag-eit","tag-emergency-hearing","tag-google","tag-hans-valimaki","tag-julkisuuden-aiheuttama-haitta","tag-julkisuuden-hallinta","tag-kielteinen-julkisuus","tag-midhill","tag-norttitytot","tag-oikeus-tulla-unohdetuksi","tag-puolentoista-euron-vesilasi","tag-ranska","tag-ravintola-lehtovaara","tag-ravintolakritiikki","tag-sananvapaus","tag-some-kohu","tag-some-sota","tag-somekriisit","tag-sosiaalinen-media","tag-steam-coffee","tag-vahingonkorvaukset","tag-waterburger","tag-watergate"],"om_views":null,"acf":{"tuuma_off":false,"tuuma_kysymys":"","tuuma_vastaus":""},"asauth":{"required_access_level":1,"share_token":"","is_paid":false},"yoast_head":"<!-- This site is optimized with the Yoast SEO plugin v26.4 - https:\/\/yoast.com\/wordpress\/plugins\/seo\/ -->\n<title>Ravintoloitsija, \u00e4l\u00e4 l\u00e4hde some-sotaan! - Mediaansekaantuja<\/title>\n<meta name=\"description\" content=\"Ranskassa kriittisen ravintola-arvion kirjoittanut bloggaaja sai rapsut, mutta ravintoloitsija h\u00e4visi enemm\u00e4n - maineensa.\" \/>\n<meta name=\"robots\" content=\"index, follow, max-snippet:-1, max-image-preview:large, max-video-preview:-1\" \/>\n<link rel=\"canonical\" href=\"https:\/\/suomenkuvalehti.fi\/mediasekaantuja\/ravintoloitsija-ala-lahde-sotaan\/\" \/>\n<meta property=\"og:locale\" content=\"fi_FI\" \/>\n<meta property=\"og:type\" content=\"article\" \/>\n<meta property=\"og:title\" content=\"Ravintoloitsija, \u00e4l\u00e4 l\u00e4hde some-sotaan! - Mediaansekaantuja\" \/>\n<meta property=\"og:description\" content=\"Ranskassa kriittisen ravintola-arvion kirjoittanut bloggaaja sai rapsut, mutta ravintoloitsija h\u00e4visi enemm\u00e4n - maineensa.\" \/>\n<meta property=\"og:url\" content=\"https:\/\/suomenkuvalehti.fi\/mediasekaantuja\/ravintoloitsija-ala-lahde-sotaan\/\" \/>\n<meta property=\"og:site_name\" content=\"Mediaansekaantuja\" \/>\n<meta property=\"article:published_time\" content=\"2014-07-23T15:15:22+00:00\" \/>\n<meta property=\"og:image\" content=\"https:\/\/suomenkuvalehti.fi\/mediasekaantuja\/wp-content\/uploads\/sites\/18\/2022\/04\/pasi_kivioja_02-scaled.jpg\" \/>\n\t<meta property=\"og:image:width\" content=\"2560\" \/>\n\t<meta property=\"og:image:height\" content=\"1707\" \/>\n\t<meta property=\"og:image:type\" content=\"image\/jpeg\" \/>\n<meta name=\"author\" content=\"Pasi Kivioja\" \/>\n<meta name=\"twitter:card\" content=\"summary_large_image\" \/>\n<meta name=\"twitter:creator\" content=\"@https:\/\/twitter.com\/PasiKivioja\" \/>\n<meta name=\"twitter:label1\" content=\"Written by\" \/>\n\t<meta name=\"twitter:data1\" content=\"Pasi Kivioja\" \/>\n\t<meta name=\"twitter:label2\" content=\"Est. reading time\" \/>\n\t<meta name=\"twitter:data2\" content=\"3 minuuttia\" \/>\n<script type=\"application\/ld+json\" class=\"yoast-schema-graph\">{\"@context\":\"https:\/\/schema.org\",\"@graph\":[{\"@type\":\"WebPage\",\"@id\":\"https:\/\/suomenkuvalehti.fi\/mediasekaantuja\/ravintoloitsija-ala-lahde-sotaan\/\",\"url\":\"https:\/\/suomenkuvalehti.fi\/mediasekaantuja\/ravintoloitsija-ala-lahde-sotaan\/\",\"name\":\"Ravintoloitsija, \u00e4l\u00e4 l\u00e4hde some-sotaan! - Mediaansekaantuja\",\"isPartOf\":{\"@id\":\"https:\/\/suomenkuvalehti.fi\/mediasekaantuja\/#website\"},\"datePublished\":\"2014-07-23T15:15:22+00:00\",\"author\":{\"@id\":\"https:\/\/suomenkuvalehti.fi\/mediasekaantuja\/#\/schema\/person\/e5cfc3b0243594a363a937aa1d165533\"},\"description\":\"Ranskassa kriittisen ravintola-arvion kirjoittanut bloggaaja sai rapsut, mutta ravintoloitsija h\u00e4visi enemm\u00e4n - maineensa.\",\"breadcrumb\":{\"@id\":\"https:\/\/suomenkuvalehti.fi\/mediasekaantuja\/ravintoloitsija-ala-lahde-sotaan\/#breadcrumb\"},\"inLanguage\":\"fi\",\"potentialAction\":[{\"@type\":\"ReadAction\",\"target\":[\"https:\/\/suomenkuvalehti.fi\/mediasekaantuja\/ravintoloitsija-ala-lahde-sotaan\/\"]}]},{\"@type\":\"BreadcrumbList\",\"@id\":\"https:\/\/suomenkuvalehti.fi\/mediasekaantuja\/ravintoloitsija-ala-lahde-sotaan\/#breadcrumb\",\"itemListElement\":[{\"@type\":\"ListItem\",\"position\":1,\"name\":\"Home\",\"item\":\"https:\/\/suomenkuvalehti.fi\/mediasekaantuja\/\"},{\"@type\":\"ListItem\",\"position\":2,\"name\":\"Ravintoloitsija, \u00e4l\u00e4 l\u00e4hde some-sotaan!\"}]},{\"@type\":\"WebSite\",\"@id\":\"https:\/\/suomenkuvalehti.fi\/mediasekaantuja\/#website\",\"url\":\"https:\/\/suomenkuvalehti.fi\/mediasekaantuja\/\",\"name\":\"Mediaansekaantuja\",\"description\":\"Pasi Kivioja analysoi median ilmi\u00f6it\u00e4.\",\"potentialAction\":[{\"@type\":\"SearchAction\",\"target\":{\"@type\":\"EntryPoint\",\"urlTemplate\":\"https:\/\/suomenkuvalehti.fi\/haku\/?q={search_term_string}\"},\"query-input\":{\"@type\":\"PropertyValueSpecification\",\"valueRequired\":true,\"valueName\":\"search_term_string\"}}],\"inLanguage\":\"fi\"},{\"@type\":\"Person\",\"@id\":\"https:\/\/suomenkuvalehti.fi\/mediasekaantuja\/#\/schema\/person\/e5cfc3b0243594a363a937aa1d165533\",\"name\":\"Pasi Kivioja\",\"image\":{\"@type\":\"ImageObject\",\"inLanguage\":\"fi\",\"@id\":\"https:\/\/suomenkuvalehti.fi\/mediasekaantuja\/#\/schema\/person\/image\/\",\"url\":\"https:\/\/suomenkuvalehti.fi\/mediasekaantuja\/wp-content\/uploads\/sites\/18\/2022\/04\/pasi_kivioja_02-150x150.jpg\",\"contentUrl\":\"https:\/\/suomenkuvalehti.fi\/mediasekaantuja\/wp-content\/uploads\/sites\/18\/2022\/04\/pasi_kivioja_02-150x150.jpg\",\"caption\":\"Pasi Kivioja\"},\"description\":\"Pasi Kivioja on median murroksesta ja mediataloudesta v\u00e4itellyt YTT, vapaa toimittaja ja viestint\u00e4yritt\u00e4j\u00e4.\",\"sameAs\":[\"https:\/\/x.com\/https:\/\/twitter.com\/PasiKivioja\"]}]}<\/script>\n<!-- \/ Yoast SEO plugin. -->","yoast_head_json":{"title":"Ravintoloitsija, \u00e4l\u00e4 l\u00e4hde some-sotaan! - Mediaansekaantuja","description":"Ranskassa kriittisen ravintola-arvion kirjoittanut bloggaaja sai rapsut, mutta ravintoloitsija h\u00e4visi enemm\u00e4n - maineensa.","robots":{"index":"index","follow":"follow","max-snippet":"max-snippet:-1","max-image-preview":"max-image-preview:large","max-video-preview":"max-video-preview:-1"},"canonical":"https:\/\/suomenkuvalehti.fi\/mediasekaantuja\/ravintoloitsija-ala-lahde-sotaan\/","og_locale":"fi_FI","og_type":"article","og_title":"Ravintoloitsija, \u00e4l\u00e4 l\u00e4hde some-sotaan! - Mediaansekaantuja","og_description":"Ranskassa kriittisen ravintola-arvion kirjoittanut bloggaaja sai rapsut, mutta ravintoloitsija h\u00e4visi enemm\u00e4n - maineensa.","og_url":"https:\/\/suomenkuvalehti.fi\/mediasekaantuja\/ravintoloitsija-ala-lahde-sotaan\/","og_site_name":"Mediaansekaantuja","article_published_time":"2014-07-23T15:15:22+00:00","og_image":[{"width":2560,"height":1707,"url":"https:\/\/suomenkuvalehti.fi\/mediasekaantuja\/wp-content\/uploads\/sites\/18\/2022\/04\/pasi_kivioja_02-scaled.jpg","type":"image\/jpeg"}],"author":"Pasi Kivioja","twitter_card":"summary_large_image","twitter_creator":"@https:\/\/twitter.com\/PasiKivioja","twitter_misc":{"Written by":"Pasi Kivioja","Est. reading time":"3 minuuttia"},"schema":{"@context":"https:\/\/schema.org","@graph":[{"@type":"WebPage","@id":"https:\/\/suomenkuvalehti.fi\/mediasekaantuja\/ravintoloitsija-ala-lahde-sotaan\/","url":"https:\/\/suomenkuvalehti.fi\/mediasekaantuja\/ravintoloitsija-ala-lahde-sotaan\/","name":"Ravintoloitsija, \u00e4l\u00e4 l\u00e4hde some-sotaan! - Mediaansekaantuja","isPartOf":{"@id":"https:\/\/suomenkuvalehti.fi\/mediasekaantuja\/#website"},"datePublished":"2014-07-23T15:15:22+00:00","author":{"@id":"https:\/\/suomenkuvalehti.fi\/mediasekaantuja\/#\/schema\/person\/e5cfc3b0243594a363a937aa1d165533"},"description":"Ranskassa kriittisen ravintola-arvion kirjoittanut bloggaaja sai rapsut, mutta ravintoloitsija h\u00e4visi enemm\u00e4n - maineensa.","breadcrumb":{"@id":"https:\/\/suomenkuvalehti.fi\/mediasekaantuja\/ravintoloitsija-ala-lahde-sotaan\/#breadcrumb"},"inLanguage":"fi","potentialAction":[{"@type":"ReadAction","target":["https:\/\/suomenkuvalehti.fi\/mediasekaantuja\/ravintoloitsija-ala-lahde-sotaan\/"]}]},{"@type":"BreadcrumbList","@id":"https:\/\/suomenkuvalehti.fi\/mediasekaantuja\/ravintoloitsija-ala-lahde-sotaan\/#breadcrumb","itemListElement":[{"@type":"ListItem","position":1,"name":"Home","item":"https:\/\/suomenkuvalehti.fi\/mediasekaantuja\/"},{"@type":"ListItem","position":2,"name":"Ravintoloitsija, \u00e4l\u00e4 l\u00e4hde some-sotaan!"}]},{"@type":"WebSite","@id":"https:\/\/suomenkuvalehti.fi\/mediasekaantuja\/#website","url":"https:\/\/suomenkuvalehti.fi\/mediasekaantuja\/","name":"Mediaansekaantuja","description":"Pasi Kivioja analysoi median ilmi\u00f6it\u00e4.","potentialAction":[{"@type":"SearchAction","target":{"@type":"EntryPoint","urlTemplate":"https:\/\/suomenkuvalehti.fi\/haku\/?q={search_term_string}"},"query-input":{"@type":"PropertyValueSpecification","valueRequired":true,"valueName":"search_term_string"}}],"inLanguage":"fi"},{"@type":"Person","@id":"https:\/\/suomenkuvalehti.fi\/mediasekaantuja\/#\/schema\/person\/e5cfc3b0243594a363a937aa1d165533","name":"Pasi Kivioja","image":{"@type":"ImageObject","inLanguage":"fi","@id":"https:\/\/suomenkuvalehti.fi\/mediasekaantuja\/#\/schema\/person\/image\/","url":"https:\/\/suomenkuvalehti.fi\/mediasekaantuja\/wp-content\/uploads\/sites\/18\/2022\/04\/pasi_kivioja_02-150x150.jpg","contentUrl":"https:\/\/suomenkuvalehti.fi\/mediasekaantuja\/wp-content\/uploads\/sites\/18\/2022\/04\/pasi_kivioja_02-150x150.jpg","caption":"Pasi Kivioja"},"description":"Pasi Kivioja on median murroksesta ja mediataloudesta v\u00e4itellyt YTT, vapaa toimittaja ja viestint\u00e4yritt\u00e4j\u00e4.","sameAs":["https:\/\/x.com\/https:\/\/twitter.com\/PasiKivioja"]}]}},"_links":{"self":[{"href":"https:\/\/suomenkuvalehti.fi\/mediasekaantuja\/wp-json\/wp\/v2\/posts\/501","targetHints":{"allow":["GET"]}}],"collection":[{"href":"https:\/\/suomenkuvalehti.fi\/mediasekaantuja\/wp-json\/wp\/v2\/posts"}],"about":[{"href":"https:\/\/suomenkuvalehti.fi\/mediasekaantuja\/wp-json\/wp\/v2\/types\/post"}],"author":[{"embeddable":true,"href":"https:\/\/suomenkuvalehti.fi\/mediasekaantuja\/wp-json\/wp\/v2\/users\/148"}],"replies":[{"embeddable":true,"href":"https:\/\/suomenkuvalehti.fi\/mediasekaantuja\/wp-json\/wp\/v2\/comments?post=501"}],"version-history":[{"count":11,"href":"https:\/\/suomenkuvalehti.fi\/mediasekaantuja\/wp-json\/wp\/v2\/posts\/501\/revisions"}],"predecessor-version":[{"id":512,"href":"https:\/\/suomenkuvalehti.fi\/mediasekaantuja\/wp-json\/wp\/v2\/posts\/501\/revisions\/512"}],"wp:attachment":[{"href":"https:\/\/suomenkuvalehti.fi\/mediasekaantuja\/wp-json\/wp\/v2\/media?parent=501"}],"wp:term":[{"taxonomy":"category","embeddable":true,"href":"https:\/\/suomenkuvalehti.fi\/mediasekaantuja\/wp-json\/wp\/v2\/categories?post=501"},{"taxonomy":"post_tag","embeddable":true,"href":"https:\/\/suomenkuvalehti.fi\/mediasekaantuja\/wp-json\/wp\/v2\/tags?post=501"}],"curies":[{"name":"wp","href":"https:\/\/api.w.org\/{rel}","templated":true}]}}