{"id":400,"date":"2014-05-21T11:26:18","date_gmt":"2014-05-21T08:26:18","guid":{"rendered":"https:\/\/suomenkuvalehti.fi\/mediasekaantuja\/?p=400"},"modified":"2014-05-21T11:26:18","modified_gmt":"2014-05-21T08:26:18","slug":"twiittaava-poliitikko-ei-kaipaa-toimittajaa","status":"publish","type":"post","link":"https:\/\/suomenkuvalehti.fi\/mediasekaantuja\/twiittaava-poliitikko-ei-kaipaa-toimittajaa\/","title":{"rendered":"Twiittaava poliitikko ei kaipaa toimittajaa"},"content":{"rendered":"\n<p>Minua kohtasi sellainen onni, ett\u00e4 p\u00e4\u00e4sin&nbsp;<strong>Alexander Stubbin<\/strong> ja <strong>Tuomas Enbusken<\/strong>&nbsp;sopivasti eurovaalien edell\u00e4 julkaisemaan&nbsp;<em><a href=\"https:\/\/kirja.elisa.fi\/ekirja\/twitterkirja\" target=\"_blank\">Twitterkirjaan<\/a>. <\/em>T\u00e4h\u00e4n fanfaareja ja rummunp\u00e4ristyst\u00e4.<\/p>\n\n\n\n<p>Eurooppa- ja ulkomaankauppaministeri Stubb kyseli taannoin Twitteriss\u00e4 ihmisilt\u00e4, miksi he ovat siell\u00e4. 140 vastausta p\u00e4\u00e4tyi valmiiseen kirjaan. Vastaukseni kuului sanantarkasti n\u00e4in: &#8221;Olen vitteriss\u00e4 saadakseni rahaa ja vaikutusvaltaa&#8221;.<\/p>\n\n\n\n<p>Ett\u00e4 sill\u00e4 lailla.<\/p>\n\n\n\n<p>Stubb ja Enbuske itse kertovat twiittaavansa ammattinsa takia mutta my\u00f6s huvikseen. Twiittaamisesta he eiv\u00e4t saa palkkaa, mutta toki sosiaalisen median n\u00e4kyvyys tukee heid\u00e4n julkisia ammattejaan. Kumpikin on seuraajam\u00e4\u00e4r\u00e4ss\u00e4 mitaten suomalaisten <a href=\"http:\/\/yle.fi\/uutiset\/katso_kuka_on_kuuma_twitterissa__suomitop100_on_taalla_taas\/6698234\" target=\"_blank\">twiittaajien TOP 10:ss\u00e4<\/a>, Stubb on poliitikkojen ykk\u00f6nen ja Enbuske ainoa toimittaja koko kymmenik\u00f6ss\u00e4. Stubbilla on nyt 111 000 seuraajaa ja Enbuskella 68 000. Vertailun vuoksi todettakoon, ett\u00e4 <em>Helsingin Sanomilla<\/em> on seuraajia 31 000 ja Yleisradiolla 22 000.<\/p>\n\n\n\n<p>Olen aiemmin <a href=\"http:\/\/www.mbnet.fi\/artikkelit\/stubb_enbuske_ja_munapaiden_seurakunta\" target=\"_blank\">heitt\u00e4nyt ep\u00e4ilyksen varjon<\/a> Stubbin ja Enbusken munap\u00e4isten seuraajien p\u00e4\u00e4lle. Nyt herrat toteavatkin kirjassaan, ettei seuraajien lukum\u00e4\u00e4r\u00e4\u00e4n kannata suhtautua aivan kuten \u00e4\u00e4niin valtiollisissa vaaleissa. &#8221;Seuraajien todellista lukum\u00e4\u00e4r\u00e4\u00e4 ei voi aivan tarkkaan todentaa. T\u00e4m\u00e4 johtuu siit\u00e4, ett\u00e4 seuraajissa on my\u00f6s paljon niin kutsuttuja botteja eli haamuprofiileita&#8221;, parivaljakko kirjoittaa.<\/p>\n\n\n\n<p>Jos halutaan mitata poliitikon viestinn\u00e4n onnistumista sosiaalisessa mediassa, kiinnit\u00e4n itse seuraajam\u00e4\u00e4ri\u00e4 enemm\u00e4n huomiota siihen, miten paljon poliitikon kirjoituksia jaetaan ja tyk\u00e4t\u00e4\u00e4n. Toinen t\u00e4rke\u00e4 asia on mielest\u00e4ni se, osallistuuko poliitikko itse keskusteluun vai k\u00e4ytt\u00e4\u00e4k\u00f6 kanavaa pelkk\u00e4\u00e4n tuputtamiseen. Se on aika puuduttavaa.<\/p>\n\n\n\n<p>Yksipuoliset itsens\u00e4markkinoijat tunnistaa yleens\u00e4 Twitter-profiilissa n\u00e4kyv\u00e4st\u00e4 seurattujen m\u00e4\u00e4r\u00e4st\u00e4. Mit\u00e4 v\u00e4hemm\u00e4n twiittaajalla on omia seurattavia kohteita, sit\u00e4 pienemp\u00e4\u00e4 on h\u00e4nen kiinnostuksensa muiden kuunteluun. N\u00e4in min\u00e4 sen asian tulkitsen.<\/p>\n\n\n\n<p>Stubb kertoo olevansa l\u00e4sn\u00e4&nbsp;kuudessa sosiaalisen median v\u00e4lineess\u00e4: Twitterin lis\u00e4ksi Instagramissa, Facebookissa, blogissa,&nbsp;<a href=\"http:\/\/www.weibo.com\/\" target=\"_blank\">kiinalaisessa Weibossa<\/a>&nbsp;ja Google+-palvelussa.&nbsp;Kirjassa kehutaan, ett\u00e4 kuka tahansa voi saada Suomen Eurooppa- ja ulkomaankauppaministerilt\u00e4 vastauksen Twitteriss\u00e4 muutamassa sekunnissa. Testasin Stubbin reaktionopeutta kysym\u00e4ll\u00e4 h\u00e4nelt\u00e4 julkisesti, mit\u00e4 h\u00e4n tekee Weibossa, tuossa kiinalaisten &#8221;Twitteriss\u00e4&#8221;.<\/p>\n\n\n\n<p>&#8221;Weibossa l\u00e4hinn\u00e4 Suomi-promoa erilaisessa foorumissa. En ole siell\u00e4 tarpeeksi aktiivinen&#8221;, Stubb vastasi.<\/p>\n\n\n\n<p>Stubbin vasteaika oli 40 minuuttia. T\u00e4rkeint\u00e4 oli, ett\u00e4 vastaus ylip\u00e4\u00e4t\u00e4\u00e4n tuli ja teki kysyj\u00e4n tyytyv\u00e4iseksi. Vastaamattomuus olisi ylimielinen signaali, johtuipa se mist\u00e4 hyv\u00e4ns\u00e4.<\/p>\n\n\n\n<p>Stubb pit\u00e4\u00e4 lehdist\u00f6tiedotteita &#8221;poliittisen viestinn\u00e4n vuodeosastokamana&#8221;.&nbsp;Ministeri perustelee kirjassa, miksi poliitikon kannattaa viesti\u00e4 Twitteriss\u00e4. Se on v\u00e4line kampanjointiin, perinteiseen viestint\u00e4\u00e4n, suoraan kommunikointiin ja informaation hakuun. Se pakottaa poliitikon tiivist\u00e4m\u00e4\u00e4n viestins\u00e4 ja kirjoittamaan lukijaa houkuttelevasti. Samalla syrj\u00e4ytet\u00e4\u00e4n kiusallinen v\u00e4likappale, johdattelevia kysymyksi\u00e4 esitt\u00e4v\u00e4 toimittaja, joka tosin repii uutisensa poliitikon twiiteist\u00e4kin.<\/p>\n\n\n\n<p>Se riski suorassa julkisessa viestinn\u00e4ss\u00e4 on, ett\u00e4 poliitikon sensuroimattomat ajatukset, jotka toisilla ovat&nbsp;<a href=\"http:\/\/www.iltalehti.fi\/uutiset\/2014051818311739_uu.shtml\" target=\"_blank\">r\u00e4\u00e4vit\u00f6nt\u00e4 ja kieliopitonta tajunnanvirtaa<\/a>, paljastavat my\u00f6s ihmisen pime\u00e4t puolet ja p\u00e4\u00e4nsis\u00e4iset ongelmat. T\u00e4m\u00e4 puoli j\u00e4\u00e4 kirjassa v\u00e4hemm\u00e4lle huomiolle &#8211; ehk\u00e4 siksi, ett\u00e4 tekij\u00e4t haluavat n\u00e4hd\u00e4 Twitterin enemm\u00e4n mahdollisuutena kuin uhkana.<\/p>\n\n\n","protected":false},"excerpt":{"rendered":"<p>Minua kohtasi sellainen onni, ett\u00e4 p\u00e4\u00e4sin&nbsp;Alexander Stubbin ja Tuomas Enbusken&nbsp;sopivasti eurovaalien edell\u00e4 julkaisemaan&nbsp;Twitterkirjaan. T\u00e4h\u00e4n fanfaareja ja rummunp\u00e4ristyst\u00e4. Eurooppa- ja ulkomaankauppaministeri Stubb kyseli taannoin Twitteriss\u00e4 ihmisilt\u00e4, miksi<br \/>\nhe ovat s&hellip;<\/p>\n","protected":false},"author":148,"featured_media":0,"comment_status":"open","ping_status":"closed","sticky":false,"template":"","format":"standard","meta":{"_acf_changed":false,"asauth_required_access_level":3,"asauth_cansharepaid":"true","om_header_attributes":[],"footnotes":"","om_featured_image_focal_point":[],"om_primary_tag":0,"om_contributors":[],"om_co_authors":[],"beyondwords_generate_audio":"","beyondwords_project_id":"","beyondwords_content_id":"","beyondwords_preview_token":"","beyondwords_player_content":"","beyondwords_player_style":"","beyondwords_language_code":"","beyondwords_language_id":"","beyondwords_title_voice_id":"","beyondwords_body_voice_id":"","beyondwords_summary_voice_id":"","beyondwords_error_message":"","beyondwords_disabled":"","beyondwords_delete_content":"","beyondwords_podcast_id":"","beyondwords_hash":"","publish_post_to_speechkit":"","speechkit_hash":"","speechkit_generate_audio":"","speechkit_project_id":"","speechkit_podcast_id":"","speechkit_error_message":"","speechkit_disabled":"","speechkit_access_key":"","speechkit_error":"","speechkit_info":"","speechkit_response":"","speechkit_retries":"","speechkit_status":"","speechkit_updated_at":"","_speechkit_link":"","_speechkit_text":""},"categories":[1],"tags":[339,288,326,329,345,343,346,342,338,302,347,28,341,344],"class_list":["post-400","post","type-post","status-publish","format-standard","hentry","category-mediasekaantuja","tag-alexander-stubb","tag-blogit","tag-eurovaalit","tag-facebook","tag-google","tag-instagram","tag-poliitikkojen-ja-toimittajien-suhde","tag-poliittinen-viestinta","tag-politiikka","tag-sosiaalinen-media","tag-tuomas-enbuske","tag-twitter","tag-twitterkirja","tag-weibo"],"om_views":null,"acf":{"tuuma_off":false,"tuuma_kysymys":"","tuuma_vastaus":""},"asauth":{"required_access_level":1,"share_token":"","is_paid":false},"yoast_head":"<!-- This site is optimized with the Yoast SEO plugin v26.4 - https:\/\/yoast.com\/wordpress\/plugins\/seo\/ -->\n<title>Twiittaava poliitikko ei kaipaa toimittajaa - Mediaansekaantuja<\/title>\n<meta name=\"description\" content=\"Ministeri Stubb haluaa syrj\u00e4ytt\u00e4\u00e4 johdattelevat toimittajat ja viesti\u00e4 suoraan kansalle.\" \/>\n<meta name=\"robots\" content=\"index, follow, max-snippet:-1, max-image-preview:large, max-video-preview:-1\" \/>\n<link rel=\"canonical\" href=\"https:\/\/suomenkuvalehti.fi\/mediasekaantuja\/twiittaava-poliitikko-ei-kaipaa-toimittajaa\/\" \/>\n<meta property=\"og:locale\" content=\"fi_FI\" \/>\n<meta property=\"og:type\" content=\"article\" \/>\n<meta property=\"og:title\" content=\"Twiittaava poliitikko ei kaipaa toimittajaa - Mediaansekaantuja\" \/>\n<meta property=\"og:description\" content=\"Ministeri Stubb haluaa syrj\u00e4ytt\u00e4\u00e4 johdattelevat toimittajat ja viesti\u00e4 suoraan kansalle.\" \/>\n<meta property=\"og:url\" content=\"https:\/\/suomenkuvalehti.fi\/mediasekaantuja\/twiittaava-poliitikko-ei-kaipaa-toimittajaa\/\" \/>\n<meta property=\"og:site_name\" content=\"Mediaansekaantuja\" \/>\n<meta property=\"article:published_time\" content=\"2014-05-21T08:26:18+00:00\" \/>\n<meta property=\"og:image\" content=\"https:\/\/suomenkuvalehti.fi\/mediasekaantuja\/wp-content\/uploads\/sites\/18\/2022\/04\/pasi_kivioja_02-scaled.jpg\" \/>\n\t<meta property=\"og:image:width\" content=\"2560\" \/>\n\t<meta property=\"og:image:height\" content=\"1707\" \/>\n\t<meta property=\"og:image:type\" content=\"image\/jpeg\" \/>\n<meta name=\"author\" content=\"Pasi Kivioja\" \/>\n<meta name=\"twitter:card\" content=\"summary_large_image\" \/>\n<meta name=\"twitter:creator\" content=\"@https:\/\/twitter.com\/PasiKivioja\" \/>\n<meta name=\"twitter:label1\" content=\"Written by\" \/>\n\t<meta name=\"twitter:data1\" content=\"Pasi Kivioja\" \/>\n\t<meta name=\"twitter:label2\" content=\"Est. reading time\" \/>\n\t<meta name=\"twitter:data2\" content=\"2 minuuttia\" \/>\n<script type=\"application\/ld+json\" class=\"yoast-schema-graph\">{\"@context\":\"https:\/\/schema.org\",\"@graph\":[{\"@type\":\"WebPage\",\"@id\":\"https:\/\/suomenkuvalehti.fi\/mediasekaantuja\/twiittaava-poliitikko-ei-kaipaa-toimittajaa\/\",\"url\":\"https:\/\/suomenkuvalehti.fi\/mediasekaantuja\/twiittaava-poliitikko-ei-kaipaa-toimittajaa\/\",\"name\":\"Twiittaava poliitikko ei kaipaa toimittajaa - Mediaansekaantuja\",\"isPartOf\":{\"@id\":\"https:\/\/suomenkuvalehti.fi\/mediasekaantuja\/#website\"},\"datePublished\":\"2014-05-21T08:26:18+00:00\",\"author\":{\"@id\":\"https:\/\/suomenkuvalehti.fi\/mediasekaantuja\/#\/schema\/person\/e5cfc3b0243594a363a937aa1d165533\"},\"description\":\"Ministeri Stubb haluaa syrj\u00e4ytt\u00e4\u00e4 johdattelevat toimittajat ja viesti\u00e4 suoraan kansalle.\",\"breadcrumb\":{\"@id\":\"https:\/\/suomenkuvalehti.fi\/mediasekaantuja\/twiittaava-poliitikko-ei-kaipaa-toimittajaa\/#breadcrumb\"},\"inLanguage\":\"fi\",\"potentialAction\":[{\"@type\":\"ReadAction\",\"target\":[\"https:\/\/suomenkuvalehti.fi\/mediasekaantuja\/twiittaava-poliitikko-ei-kaipaa-toimittajaa\/\"]}]},{\"@type\":\"BreadcrumbList\",\"@id\":\"https:\/\/suomenkuvalehti.fi\/mediasekaantuja\/twiittaava-poliitikko-ei-kaipaa-toimittajaa\/#breadcrumb\",\"itemListElement\":[{\"@type\":\"ListItem\",\"position\":1,\"name\":\"Home\",\"item\":\"https:\/\/suomenkuvalehti.fi\/mediasekaantuja\/\"},{\"@type\":\"ListItem\",\"position\":2,\"name\":\"Twiittaava poliitikko ei kaipaa toimittajaa\"}]},{\"@type\":\"WebSite\",\"@id\":\"https:\/\/suomenkuvalehti.fi\/mediasekaantuja\/#website\",\"url\":\"https:\/\/suomenkuvalehti.fi\/mediasekaantuja\/\",\"name\":\"Mediaansekaantuja\",\"description\":\"Pasi Kivioja analysoi median ilmi\u00f6it\u00e4.\",\"potentialAction\":[{\"@type\":\"SearchAction\",\"target\":{\"@type\":\"EntryPoint\",\"urlTemplate\":\"https:\/\/suomenkuvalehti.fi\/haku\/?q={search_term_string}\"},\"query-input\":{\"@type\":\"PropertyValueSpecification\",\"valueRequired\":true,\"valueName\":\"search_term_string\"}}],\"inLanguage\":\"fi\"},{\"@type\":\"Person\",\"@id\":\"https:\/\/suomenkuvalehti.fi\/mediasekaantuja\/#\/schema\/person\/e5cfc3b0243594a363a937aa1d165533\",\"name\":\"Pasi Kivioja\",\"image\":{\"@type\":\"ImageObject\",\"inLanguage\":\"fi\",\"@id\":\"https:\/\/suomenkuvalehti.fi\/mediasekaantuja\/#\/schema\/person\/image\/\",\"url\":\"https:\/\/suomenkuvalehti.fi\/mediasekaantuja\/wp-content\/uploads\/sites\/18\/2022\/04\/pasi_kivioja_02-150x150.jpg\",\"contentUrl\":\"https:\/\/suomenkuvalehti.fi\/mediasekaantuja\/wp-content\/uploads\/sites\/18\/2022\/04\/pasi_kivioja_02-150x150.jpg\",\"caption\":\"Pasi Kivioja\"},\"description\":\"Pasi Kivioja on median murroksesta ja mediataloudesta v\u00e4itellyt YTT, vapaa toimittaja ja viestint\u00e4yritt\u00e4j\u00e4.\",\"sameAs\":[\"https:\/\/x.com\/https:\/\/twitter.com\/PasiKivioja\"]}]}<\/script>\n<!-- \/ Yoast SEO plugin. -->","yoast_head_json":{"title":"Twiittaava poliitikko ei kaipaa toimittajaa - Mediaansekaantuja","description":"Ministeri Stubb haluaa syrj\u00e4ytt\u00e4\u00e4 johdattelevat toimittajat ja viesti\u00e4 suoraan kansalle.","robots":{"index":"index","follow":"follow","max-snippet":"max-snippet:-1","max-image-preview":"max-image-preview:large","max-video-preview":"max-video-preview:-1"},"canonical":"https:\/\/suomenkuvalehti.fi\/mediasekaantuja\/twiittaava-poliitikko-ei-kaipaa-toimittajaa\/","og_locale":"fi_FI","og_type":"article","og_title":"Twiittaava poliitikko ei kaipaa toimittajaa - Mediaansekaantuja","og_description":"Ministeri Stubb haluaa syrj\u00e4ytt\u00e4\u00e4 johdattelevat toimittajat ja viesti\u00e4 suoraan kansalle.","og_url":"https:\/\/suomenkuvalehti.fi\/mediasekaantuja\/twiittaava-poliitikko-ei-kaipaa-toimittajaa\/","og_site_name":"Mediaansekaantuja","article_published_time":"2014-05-21T08:26:18+00:00","og_image":[{"width":2560,"height":1707,"url":"https:\/\/suomenkuvalehti.fi\/mediasekaantuja\/wp-content\/uploads\/sites\/18\/2022\/04\/pasi_kivioja_02-scaled.jpg","type":"image\/jpeg"}],"author":"Pasi Kivioja","twitter_card":"summary_large_image","twitter_creator":"@https:\/\/twitter.com\/PasiKivioja","twitter_misc":{"Written by":"Pasi Kivioja","Est. reading time":"2 minuuttia"},"schema":{"@context":"https:\/\/schema.org","@graph":[{"@type":"WebPage","@id":"https:\/\/suomenkuvalehti.fi\/mediasekaantuja\/twiittaava-poliitikko-ei-kaipaa-toimittajaa\/","url":"https:\/\/suomenkuvalehti.fi\/mediasekaantuja\/twiittaava-poliitikko-ei-kaipaa-toimittajaa\/","name":"Twiittaava poliitikko ei kaipaa toimittajaa - Mediaansekaantuja","isPartOf":{"@id":"https:\/\/suomenkuvalehti.fi\/mediasekaantuja\/#website"},"datePublished":"2014-05-21T08:26:18+00:00","author":{"@id":"https:\/\/suomenkuvalehti.fi\/mediasekaantuja\/#\/schema\/person\/e5cfc3b0243594a363a937aa1d165533"},"description":"Ministeri Stubb haluaa syrj\u00e4ytt\u00e4\u00e4 johdattelevat toimittajat ja viesti\u00e4 suoraan kansalle.","breadcrumb":{"@id":"https:\/\/suomenkuvalehti.fi\/mediasekaantuja\/twiittaava-poliitikko-ei-kaipaa-toimittajaa\/#breadcrumb"},"inLanguage":"fi","potentialAction":[{"@type":"ReadAction","target":["https:\/\/suomenkuvalehti.fi\/mediasekaantuja\/twiittaava-poliitikko-ei-kaipaa-toimittajaa\/"]}]},{"@type":"BreadcrumbList","@id":"https:\/\/suomenkuvalehti.fi\/mediasekaantuja\/twiittaava-poliitikko-ei-kaipaa-toimittajaa\/#breadcrumb","itemListElement":[{"@type":"ListItem","position":1,"name":"Home","item":"https:\/\/suomenkuvalehti.fi\/mediasekaantuja\/"},{"@type":"ListItem","position":2,"name":"Twiittaava poliitikko ei kaipaa toimittajaa"}]},{"@type":"WebSite","@id":"https:\/\/suomenkuvalehti.fi\/mediasekaantuja\/#website","url":"https:\/\/suomenkuvalehti.fi\/mediasekaantuja\/","name":"Mediaansekaantuja","description":"Pasi Kivioja analysoi median ilmi\u00f6it\u00e4.","potentialAction":[{"@type":"SearchAction","target":{"@type":"EntryPoint","urlTemplate":"https:\/\/suomenkuvalehti.fi\/haku\/?q={search_term_string}"},"query-input":{"@type":"PropertyValueSpecification","valueRequired":true,"valueName":"search_term_string"}}],"inLanguage":"fi"},{"@type":"Person","@id":"https:\/\/suomenkuvalehti.fi\/mediasekaantuja\/#\/schema\/person\/e5cfc3b0243594a363a937aa1d165533","name":"Pasi Kivioja","image":{"@type":"ImageObject","inLanguage":"fi","@id":"https:\/\/suomenkuvalehti.fi\/mediasekaantuja\/#\/schema\/person\/image\/","url":"https:\/\/suomenkuvalehti.fi\/mediasekaantuja\/wp-content\/uploads\/sites\/18\/2022\/04\/pasi_kivioja_02-150x150.jpg","contentUrl":"https:\/\/suomenkuvalehti.fi\/mediasekaantuja\/wp-content\/uploads\/sites\/18\/2022\/04\/pasi_kivioja_02-150x150.jpg","caption":"Pasi Kivioja"},"description":"Pasi Kivioja on median murroksesta ja mediataloudesta v\u00e4itellyt YTT, vapaa toimittaja ja viestint\u00e4yritt\u00e4j\u00e4.","sameAs":["https:\/\/x.com\/https:\/\/twitter.com\/PasiKivioja"]}]}},"_links":{"self":[{"href":"https:\/\/suomenkuvalehti.fi\/mediasekaantuja\/wp-json\/wp\/v2\/posts\/400","targetHints":{"allow":["GET"]}}],"collection":[{"href":"https:\/\/suomenkuvalehti.fi\/mediasekaantuja\/wp-json\/wp\/v2\/posts"}],"about":[{"href":"https:\/\/suomenkuvalehti.fi\/mediasekaantuja\/wp-json\/wp\/v2\/types\/post"}],"author":[{"embeddable":true,"href":"https:\/\/suomenkuvalehti.fi\/mediasekaantuja\/wp-json\/wp\/v2\/users\/148"}],"replies":[{"embeddable":true,"href":"https:\/\/suomenkuvalehti.fi\/mediasekaantuja\/wp-json\/wp\/v2\/comments?post=400"}],"version-history":[{"count":5,"href":"https:\/\/suomenkuvalehti.fi\/mediasekaantuja\/wp-json\/wp\/v2\/posts\/400\/revisions"}],"predecessor-version":[{"id":405,"href":"https:\/\/suomenkuvalehti.fi\/mediasekaantuja\/wp-json\/wp\/v2\/posts\/400\/revisions\/405"}],"wp:attachment":[{"href":"https:\/\/suomenkuvalehti.fi\/mediasekaantuja\/wp-json\/wp\/v2\/media?parent=400"}],"wp:term":[{"taxonomy":"category","embeddable":true,"href":"https:\/\/suomenkuvalehti.fi\/mediasekaantuja\/wp-json\/wp\/v2\/categories?post=400"},{"taxonomy":"post_tag","embeddable":true,"href":"https:\/\/suomenkuvalehti.fi\/mediasekaantuja\/wp-json\/wp\/v2\/tags?post=400"}],"curies":[{"name":"wp","href":"https:\/\/api.w.org\/{rel}","templated":true}]}}