{"id":3885,"date":"2024-10-11T13:33:50","date_gmt":"2024-10-11T10:33:50","guid":{"rendered":"https:\/\/suomenkuvalehti.fi\/mediasekaantuja\/?p=3885"},"modified":"2024-10-11T13:33:51","modified_gmt":"2024-10-11T10:33:51","slug":"onko-hesari-luisumassa-kaninkoloon","status":"publish","type":"post","link":"https:\/\/suomenkuvalehti.fi\/mediasekaantuja\/onko-hesari-luisumassa-kaninkoloon\/","title":{"rendered":"Onko Hesari luisumassa kaninkoloon?"},"content":{"rendered":"\n<p>Mit\u00e4 ihmett\u00e4 min\u00e4 juuri luin? <em>Helsingin Sanomat<\/em> <a href=\"https:\/\/www.hs.fi\/kulttuuri\/art-2000010752019.html\" target=\"_blank\" rel=\"noreferrer noopener\">levittelee palstoillaan<\/a> amerikkalaisen r\u00e4pp\u00e4rin <strong>Sean &#8221;Diddy&#8221; Combsin<\/strong> tekoihin liittyvi\u00e4 salaliittoteorioita.<\/p>\n\n\n\n<p>&#8221;<em>HS k\u00e4y l\u00e4pi nelj\u00e4 yleist\u00e4 teoriaa, joita Combsin tapaukseen liittyy ja selitt\u00e4\u00e4 niiden taustat. Seuraavaksi esiteltyj\u00e4 huhuja ja salaliittoteorioita&nbsp;ei ole mill\u00e4\u00e4n tavalla vahvistettu todeksi. Teoriat on ker\u00e4tty sosiaalisesta mediasta ja keskustelupalstoilta<\/em>&#8221;, jutussa kirjoitetaan.<\/p>\n\n\n\n<p>L\u00e4hteen\u00e4 ovat muun muassa <em>Tuplak\u00e4\u00e4k<\/em>-podcastin juontajat, jotka HS:n mukaan ovat sanoneet uskovansa huhuihin, joissa popt\u00e4hti <strong>Justin Bieber<\/strong>&nbsp;olisi joutunut nuorena Combsin hyv\u00e4ksik\u00e4ytt\u00e4m\u00e4ksi.<\/p>\n\n\n\n<p>Jutussa viitataan muun muassa Illuminati-salaliittoteoriaan, johon HS:n mukaan &#8221;monet uskovat&#8221; pop-t\u00e4htien Beyonc\u00e9n, Jay-Z:n ja Combsin esityksiss\u00e4\u00e4n n\u00e4ytt\u00e4mien k\u00e4simerkkien liittyv\u00e4n.<\/p>\n\n\n\n<p><span class=\"capitalized\">Heti jutun julkaisun<\/span> j\u00e4lkeen torstaina 10.10. illalla asiasta nousi monella taholla haloo. Perjantaiaamuna 11.10. juttuun oli tehty lis\u00e4ys: &#8221;<em>HS julkaisee jutun ja selitt\u00e4\u00e4 erilaiset teoriat ja niiden taustat, koska v\u00e4\u00e4ri\u00e4 tietoja levi\u00e4\u00e4 parhaillaankin totena<\/em>&#8221;.<\/p>\n\n\n\n<p>Lis\u00e4ys yritt\u00e4\u00e4 perustella jutun julkaisua mutta ei poista sen keskeist\u00e4 ongelmaa: miljoonayleis\u00f6n tavoittava p\u00e4iv\u00e4lehti maksimoi salaliittoteorioiden n\u00e4kyvyytt\u00e4 eik\u00e4 edes aseta niit\u00e4 kontekstiin.<\/p>\n\n\n\n<p>Jutussa kyll\u00e4 mainitaan, ett\u00e4 kyse on salaliittoteorioista, mutta niit\u00e4 esitell\u00e4\u00e4n liiemmin kyseenalaistamatta. Journalismin teht\u00e4viin kuuluvasta faktantarkistuksesta ei ole kyse, koska mit\u00e4\u00e4n faktoja lehti ei t\u00e4ss\u00e4 itse tarkista.<\/p>\n\n\n\n<p><span class=\"capitalized\">Miksi HS<\/span> antaa megan\u00e4kyvyyden t\u00e4llaiselle disinformaatiolle? Mielest\u00e4ni t\u00e4m\u00e4 ei ole vastuullisen median tapa toimia.<\/p>\n\n\n\n<p>Ihmettelin v\u00e4h\u00e4n samaa jo viikko sitten <em>HS:n Kuukausiliitteen<\/em> <strong>Sirpa Sel\u00e4nne<\/strong> &#8211;<a href=\"https:\/\/www.hs.fi\/kuukausiliite\/art-2000010624381.html\">jutun<\/a> kohdalla. Sel\u00e4nne sai l\u00f6rp\u00f6tell\u00e4 jutussa pitk\u00e4t p\u00e4tk\u00e4t Yhdysvaltain vuoden 2020 presidentinvaalien vilppiep\u00e4ilyist\u00e4, jotka on monessa oikeusjutussa kumottu eik\u00e4 n\u00e4ytt\u00f6j\u00e4 laajamittaisesta vilpist\u00e4 ole ikin\u00e4 esitetty.<\/p>\n\n\n\n<p>Vaikka jutussa sent\u00e4\u00e4n todetaan, ettei laajamittaisesta vilpist\u00e4 ole n\u00e4ytt\u00f6\u00e4, tuntuu erikoiselta, ett\u00e4 Sel\u00e4nteelle annetaan Suomen arvostetuimmassa aikakauslehdess\u00e4 mahdollisuus jatkaa ja levitt\u00e4\u00e4 Suurta valhetta (engl. <a href=\"https:\/\/protectdemocracy.org\/work\/what-is-the-big-lie\/\">Big Lie<\/a>). H\u00e4n ei ole poliittinen p\u00e4\u00e4tt\u00e4j\u00e4 tai sellainen yhteiskunnallisesti vaikutusvaltainen henkil\u00f6, jonka salaliittoteoreettisesta ajattelusta yleis\u00f6n olisi tarpeen tiet\u00e4\u00e4. Se, ett\u00e4 poliittisesti motivoitunut horina vaalivilpist\u00e4 edelleen jatkuu, rapauttaa luottamusta demokratiaan ja Yhdysvaltain vaalij\u00e4rjestelm\u00e4n toimivuuteen.<\/p>\n\n\n\n<p><span class=\"capitalized\">Kun tein<\/span> taannoin tietokirjaa <em>Salaliittoteorioiden ihmemaassa<\/em>, haastattelemani tutkijat huomauttivat median roolista ja vastuusta. Salaliittoteorioiden tavoittavuus saa aina valtavan tehosteen siit\u00e4, kun tiedotusv\u00e4lineet k\u00e4sittelev\u00e4t niit\u00e4.<\/p>\n\n\n\n<p>Siksi ei ole j\u00e4rkev\u00e4\u00e4 nostaa internetin sy\u00f6vereist\u00e4 marginaalisia salaliittoteorioita ihmetelt\u00e4v\u00e4ksi suurlevikkiseen julkisuuteen. Sen j\u00e4lkeen ne eiv\u00e4t nimitt\u00e4in en\u00e4\u00e4 ole marginaalisia.<\/p>\n\n\n\n<p><\/p>\n","protected":false},"excerpt":{"rendered":"<p>Mit\u00e4 ihmett\u00e4 min\u00e4 juuri luin? Helsingin Sanomat levittelee palstoillaan amerikkalaisen r\u00e4pp\u00e4rin Sean &#8221;Diddy&#8221; Combsin tekoihin liittyvi\u00e4 salaliittoteorioita. &#8221;HS k\u00e4y l\u00e4pi nelj\u00e4 yleist\u00e4 teoriaa, joita Combsin tapaukseen liittyy ja selitt\u00e4\u00e4 niiden taustat. Seuraavaksi<br \/>\nesiteltyj\u00e4 &hellip;<\/p>\n","protected":false},"author":148,"featured_media":0,"comment_status":"open","ping_status":"closed","sticky":false,"template":"","format":"standard","meta":{"_acf_changed":false,"asauth_required_access_level":3,"asauth_cansharepaid":"true","om_header_attributes":[],"footnotes":"","om_featured_image_focal_point":[],"om_primary_tag":2269,"om_contributors":[{"id":"author-override","type":"fixed","role":"Kirjoittajan yliajo","name":""},{"id":"photographer","type":"fixed","role":"Kuvat","name":""}],"om_co_authors":[],"beyondwords_generate_audio":"","beyondwords_project_id":"","beyondwords_content_id":"","beyondwords_preview_token":"","beyondwords_player_content":"","beyondwords_player_style":"","beyondwords_language_code":"","beyondwords_language_id":"","beyondwords_title_voice_id":"","beyondwords_body_voice_id":"","beyondwords_summary_voice_id":"","beyondwords_error_message":"","beyondwords_disabled":"","beyondwords_delete_content":"","beyondwords_podcast_id":"","beyondwords_hash":"","publish_post_to_speechkit":"","speechkit_hash":"","speechkit_generate_audio":"","speechkit_project_id":"","speechkit_podcast_id":"","speechkit_error_message":"","speechkit_disabled":"","speechkit_access_key":"","speechkit_error":"","speechkit_info":"","speechkit_response":"","speechkit_retries":"","speechkit_status":"","speechkit_updated_at":"","_speechkit_link":"","_speechkit_text":""},"categories":[1],"tags":[3,2368,2365,2269,2367,2366,2369,2370],"class_list":["post-3885","post","type-post","status-publish","format-standard","hentry","category-mediasekaantuja","tag-helsingin-sanomat","tag-illuminati","tag-kaninkolo","tag-salaliittoteoriat","tag-sean-diddy-combs","tag-sirpa-selanne","tag-suuri-valhe","tag-vaalivilppisalaliittoteoria"],"om_views":null,"acf":{"tuuma_off":false,"tuuma_kysymys":"","tuuma_vastaus":""},"asauth":{"required_access_level":1,"share_token":"","is_paid":false},"yoast_head":"<!-- This site is optimized with the Yoast SEO plugin v26.4 - https:\/\/yoast.com\/wordpress\/plugins\/seo\/ -->\n<title>Onko Hesari luisumassa kaninkoloon? - Mediaansekaantuja<\/title>\n<meta name=\"description\" content=\"Miljoonayleis\u00f6n tavoittava p\u00e4iv\u00e4lehti maksimoi salaliittoteorioiden n\u00e4kyvyytt\u00e4 eik\u00e4 edes aseta niit\u00e4 kontekstiin.\" \/>\n<meta name=\"robots\" content=\"index, follow, max-snippet:-1, max-image-preview:large, max-video-preview:-1\" \/>\n<link rel=\"canonical\" href=\"https:\/\/suomenkuvalehti.fi\/mediasekaantuja\/onko-hesari-luisumassa-kaninkoloon\/\" \/>\n<meta property=\"og:locale\" content=\"fi_FI\" \/>\n<meta property=\"og:type\" content=\"article\" \/>\n<meta property=\"og:title\" content=\"Onko Hesari luisumassa kaninkoloon? - Mediaansekaantuja\" \/>\n<meta property=\"og:description\" content=\"Miljoonayleis\u00f6n tavoittava p\u00e4iv\u00e4lehti maksimoi salaliittoteorioiden n\u00e4kyvyytt\u00e4 eik\u00e4 edes aseta niit\u00e4 kontekstiin.\" \/>\n<meta property=\"og:url\" content=\"https:\/\/suomenkuvalehti.fi\/mediasekaantuja\/onko-hesari-luisumassa-kaninkoloon\/\" \/>\n<meta property=\"og:site_name\" content=\"Mediaansekaantuja\" \/>\n<meta property=\"article:published_time\" content=\"2024-10-11T10:33:50+00:00\" \/>\n<meta property=\"article:modified_time\" content=\"2024-10-11T10:33:51+00:00\" \/>\n<meta property=\"og:image\" content=\"https:\/\/suomenkuvalehti.fi\/mediasekaantuja\/wp-content\/uploads\/sites\/18\/2022\/04\/pasi_kivioja_02-scaled.jpg\" \/>\n\t<meta property=\"og:image:width\" content=\"2560\" \/>\n\t<meta property=\"og:image:height\" content=\"1707\" \/>\n\t<meta property=\"og:image:type\" content=\"image\/jpeg\" \/>\n<meta name=\"author\" content=\"Pasi Kivioja\" \/>\n<meta name=\"twitter:card\" content=\"summary_large_image\" \/>\n<meta name=\"twitter:creator\" content=\"@https:\/\/twitter.com\/PasiKivioja\" \/>\n<meta name=\"twitter:label1\" content=\"Written by\" \/>\n\t<meta name=\"twitter:data1\" content=\"Pasi Kivioja\" \/>\n\t<meta name=\"twitter:label2\" content=\"Est. reading time\" \/>\n\t<meta name=\"twitter:data2\" content=\"3 minuuttia\" \/>\n<script type=\"application\/ld+json\" class=\"yoast-schema-graph\">{\"@context\":\"https:\/\/schema.org\",\"@graph\":[{\"@type\":\"WebPage\",\"@id\":\"https:\/\/suomenkuvalehti.fi\/mediasekaantuja\/onko-hesari-luisumassa-kaninkoloon\/\",\"url\":\"https:\/\/suomenkuvalehti.fi\/mediasekaantuja\/onko-hesari-luisumassa-kaninkoloon\/\",\"name\":\"Onko Hesari luisumassa kaninkoloon? - Mediaansekaantuja\",\"isPartOf\":{\"@id\":\"https:\/\/suomenkuvalehti.fi\/mediasekaantuja\/#website\"},\"datePublished\":\"2024-10-11T10:33:50+00:00\",\"dateModified\":\"2024-10-11T10:33:51+00:00\",\"author\":{\"@id\":\"https:\/\/suomenkuvalehti.fi\/mediasekaantuja\/#\/schema\/person\/e5cfc3b0243594a363a937aa1d165533\"},\"description\":\"Miljoonayleis\u00f6n tavoittava p\u00e4iv\u00e4lehti maksimoi salaliittoteorioiden n\u00e4kyvyytt\u00e4 eik\u00e4 edes aseta niit\u00e4 kontekstiin.\",\"breadcrumb\":{\"@id\":\"https:\/\/suomenkuvalehti.fi\/mediasekaantuja\/onko-hesari-luisumassa-kaninkoloon\/#breadcrumb\"},\"inLanguage\":\"fi\",\"potentialAction\":[{\"@type\":\"ReadAction\",\"target\":[\"https:\/\/suomenkuvalehti.fi\/mediasekaantuja\/onko-hesari-luisumassa-kaninkoloon\/\"]}]},{\"@type\":\"BreadcrumbList\",\"@id\":\"https:\/\/suomenkuvalehti.fi\/mediasekaantuja\/onko-hesari-luisumassa-kaninkoloon\/#breadcrumb\",\"itemListElement\":[{\"@type\":\"ListItem\",\"position\":1,\"name\":\"Home\",\"item\":\"https:\/\/suomenkuvalehti.fi\/mediasekaantuja\/\"},{\"@type\":\"ListItem\",\"position\":2,\"name\":\"Onko Hesari luisumassa kaninkoloon?\"}]},{\"@type\":\"WebSite\",\"@id\":\"https:\/\/suomenkuvalehti.fi\/mediasekaantuja\/#website\",\"url\":\"https:\/\/suomenkuvalehti.fi\/mediasekaantuja\/\",\"name\":\"Mediaansekaantuja\",\"description\":\"Pasi Kivioja analysoi median ilmi\u00f6it\u00e4.\",\"potentialAction\":[{\"@type\":\"SearchAction\",\"target\":{\"@type\":\"EntryPoint\",\"urlTemplate\":\"https:\/\/suomenkuvalehti.fi\/haku\/?q={search_term_string}\"},\"query-input\":{\"@type\":\"PropertyValueSpecification\",\"valueRequired\":true,\"valueName\":\"search_term_string\"}}],\"inLanguage\":\"fi\"},{\"@type\":\"Person\",\"@id\":\"https:\/\/suomenkuvalehti.fi\/mediasekaantuja\/#\/schema\/person\/e5cfc3b0243594a363a937aa1d165533\",\"name\":\"Pasi Kivioja\",\"image\":{\"@type\":\"ImageObject\",\"inLanguage\":\"fi\",\"@id\":\"https:\/\/suomenkuvalehti.fi\/mediasekaantuja\/#\/schema\/person\/image\/\",\"url\":\"https:\/\/suomenkuvalehti.fi\/mediasekaantuja\/wp-content\/uploads\/sites\/18\/2022\/04\/pasi_kivioja_02-150x150.jpg\",\"contentUrl\":\"https:\/\/suomenkuvalehti.fi\/mediasekaantuja\/wp-content\/uploads\/sites\/18\/2022\/04\/pasi_kivioja_02-150x150.jpg\",\"caption\":\"Pasi Kivioja\"},\"description\":\"Pasi Kivioja on median murroksesta ja mediataloudesta v\u00e4itellyt YTT, vapaa toimittaja ja viestint\u00e4yritt\u00e4j\u00e4.\",\"sameAs\":[\"https:\/\/x.com\/https:\/\/twitter.com\/PasiKivioja\"]}]}<\/script>\n<!-- \/ Yoast SEO plugin. -->","yoast_head_json":{"title":"Onko Hesari luisumassa kaninkoloon? - Mediaansekaantuja","description":"Miljoonayleis\u00f6n tavoittava p\u00e4iv\u00e4lehti maksimoi salaliittoteorioiden n\u00e4kyvyytt\u00e4 eik\u00e4 edes aseta niit\u00e4 kontekstiin.","robots":{"index":"index","follow":"follow","max-snippet":"max-snippet:-1","max-image-preview":"max-image-preview:large","max-video-preview":"max-video-preview:-1"},"canonical":"https:\/\/suomenkuvalehti.fi\/mediasekaantuja\/onko-hesari-luisumassa-kaninkoloon\/","og_locale":"fi_FI","og_type":"article","og_title":"Onko Hesari luisumassa kaninkoloon? - Mediaansekaantuja","og_description":"Miljoonayleis\u00f6n tavoittava p\u00e4iv\u00e4lehti maksimoi salaliittoteorioiden n\u00e4kyvyytt\u00e4 eik\u00e4 edes aseta niit\u00e4 kontekstiin.","og_url":"https:\/\/suomenkuvalehti.fi\/mediasekaantuja\/onko-hesari-luisumassa-kaninkoloon\/","og_site_name":"Mediaansekaantuja","article_published_time":"2024-10-11T10:33:50+00:00","article_modified_time":"2024-10-11T10:33:51+00:00","og_image":[{"width":2560,"height":1707,"url":"https:\/\/suomenkuvalehti.fi\/mediasekaantuja\/wp-content\/uploads\/sites\/18\/2022\/04\/pasi_kivioja_02-scaled.jpg","type":"image\/jpeg"}],"author":"Pasi Kivioja","twitter_card":"summary_large_image","twitter_creator":"@https:\/\/twitter.com\/PasiKivioja","twitter_misc":{"Written by":"Pasi Kivioja","Est. reading time":"3 minuuttia"},"schema":{"@context":"https:\/\/schema.org","@graph":[{"@type":"WebPage","@id":"https:\/\/suomenkuvalehti.fi\/mediasekaantuja\/onko-hesari-luisumassa-kaninkoloon\/","url":"https:\/\/suomenkuvalehti.fi\/mediasekaantuja\/onko-hesari-luisumassa-kaninkoloon\/","name":"Onko Hesari luisumassa kaninkoloon? - Mediaansekaantuja","isPartOf":{"@id":"https:\/\/suomenkuvalehti.fi\/mediasekaantuja\/#website"},"datePublished":"2024-10-11T10:33:50+00:00","dateModified":"2024-10-11T10:33:51+00:00","author":{"@id":"https:\/\/suomenkuvalehti.fi\/mediasekaantuja\/#\/schema\/person\/e5cfc3b0243594a363a937aa1d165533"},"description":"Miljoonayleis\u00f6n tavoittava p\u00e4iv\u00e4lehti maksimoi salaliittoteorioiden n\u00e4kyvyytt\u00e4 eik\u00e4 edes aseta niit\u00e4 kontekstiin.","breadcrumb":{"@id":"https:\/\/suomenkuvalehti.fi\/mediasekaantuja\/onko-hesari-luisumassa-kaninkoloon\/#breadcrumb"},"inLanguage":"fi","potentialAction":[{"@type":"ReadAction","target":["https:\/\/suomenkuvalehti.fi\/mediasekaantuja\/onko-hesari-luisumassa-kaninkoloon\/"]}]},{"@type":"BreadcrumbList","@id":"https:\/\/suomenkuvalehti.fi\/mediasekaantuja\/onko-hesari-luisumassa-kaninkoloon\/#breadcrumb","itemListElement":[{"@type":"ListItem","position":1,"name":"Home","item":"https:\/\/suomenkuvalehti.fi\/mediasekaantuja\/"},{"@type":"ListItem","position":2,"name":"Onko Hesari luisumassa kaninkoloon?"}]},{"@type":"WebSite","@id":"https:\/\/suomenkuvalehti.fi\/mediasekaantuja\/#website","url":"https:\/\/suomenkuvalehti.fi\/mediasekaantuja\/","name":"Mediaansekaantuja","description":"Pasi Kivioja analysoi median ilmi\u00f6it\u00e4.","potentialAction":[{"@type":"SearchAction","target":{"@type":"EntryPoint","urlTemplate":"https:\/\/suomenkuvalehti.fi\/haku\/?q={search_term_string}"},"query-input":{"@type":"PropertyValueSpecification","valueRequired":true,"valueName":"search_term_string"}}],"inLanguage":"fi"},{"@type":"Person","@id":"https:\/\/suomenkuvalehti.fi\/mediasekaantuja\/#\/schema\/person\/e5cfc3b0243594a363a937aa1d165533","name":"Pasi Kivioja","image":{"@type":"ImageObject","inLanguage":"fi","@id":"https:\/\/suomenkuvalehti.fi\/mediasekaantuja\/#\/schema\/person\/image\/","url":"https:\/\/suomenkuvalehti.fi\/mediasekaantuja\/wp-content\/uploads\/sites\/18\/2022\/04\/pasi_kivioja_02-150x150.jpg","contentUrl":"https:\/\/suomenkuvalehti.fi\/mediasekaantuja\/wp-content\/uploads\/sites\/18\/2022\/04\/pasi_kivioja_02-150x150.jpg","caption":"Pasi Kivioja"},"description":"Pasi Kivioja on median murroksesta ja mediataloudesta v\u00e4itellyt YTT, vapaa toimittaja ja viestint\u00e4yritt\u00e4j\u00e4.","sameAs":["https:\/\/x.com\/https:\/\/twitter.com\/PasiKivioja"]}]}},"_links":{"self":[{"href":"https:\/\/suomenkuvalehti.fi\/mediasekaantuja\/wp-json\/wp\/v2\/posts\/3885","targetHints":{"allow":["GET"]}}],"collection":[{"href":"https:\/\/suomenkuvalehti.fi\/mediasekaantuja\/wp-json\/wp\/v2\/posts"}],"about":[{"href":"https:\/\/suomenkuvalehti.fi\/mediasekaantuja\/wp-json\/wp\/v2\/types\/post"}],"author":[{"embeddable":true,"href":"https:\/\/suomenkuvalehti.fi\/mediasekaantuja\/wp-json\/wp\/v2\/users\/148"}],"replies":[{"embeddable":true,"href":"https:\/\/suomenkuvalehti.fi\/mediasekaantuja\/wp-json\/wp\/v2\/comments?post=3885"}],"version-history":[{"count":4,"href":"https:\/\/suomenkuvalehti.fi\/mediasekaantuja\/wp-json\/wp\/v2\/posts\/3885\/revisions"}],"predecessor-version":[{"id":3889,"href":"https:\/\/suomenkuvalehti.fi\/mediasekaantuja\/wp-json\/wp\/v2\/posts\/3885\/revisions\/3889"}],"wp:attachment":[{"href":"https:\/\/suomenkuvalehti.fi\/mediasekaantuja\/wp-json\/wp\/v2\/media?parent=3885"}],"wp:term":[{"taxonomy":"category","embeddable":true,"href":"https:\/\/suomenkuvalehti.fi\/mediasekaantuja\/wp-json\/wp\/v2\/categories?post=3885"},{"taxonomy":"post_tag","embeddable":true,"href":"https:\/\/suomenkuvalehti.fi\/mediasekaantuja\/wp-json\/wp\/v2\/tags?post=3885"}],"curies":[{"name":"wp","href":"https:\/\/api.w.org\/{rel}","templated":true}]}}