{"id":3858,"date":"2024-09-22T20:28:33","date_gmt":"2024-09-22T17:28:33","guid":{"rendered":"https:\/\/suomenkuvalehti.fi\/mediasekaantuja\/?p=3858"},"modified":"2024-09-22T20:40:10","modified_gmt":"2024-09-22T17:40:10","slug":"idolsista-voice-of-finlandiin-laulukilpailuviihde-muuttui-sadismista-selkaantaputteluksi","status":"publish","type":"post","link":"https:\/\/suomenkuvalehti.fi\/mediasekaantuja\/idolsista-voice-of-finlandiin-laulukilpailuviihde-muuttui-sadismista-selkaantaputteluksi\/","title":{"rendered":"Idolsista Voice of Finlandiin: Laulukilpailuviihde muuttui sadismista selk\u00e4\u00e4ntaputteluksi"},"content":{"rendered":"\n<p>\u201dAjattelin, ett\u00e4 menin sinne parhaaseen katseluaikaan nolaamaan itseni miljoonan ihmisen eteen&#8221;, muisteli <em>Helsingin Sanomien<\/em> <a href=\"https:\/\/www.hs.fi\/kulttuuri\/art-2000010561299.html\" target=\"_blank\" rel=\"noreferrer noopener\">haastattelussa (\u20ac)<\/a> <strong>Johanna Ristim\u00e4ki<\/strong> osallistumistaan <em>Idols<\/em>-laulukilpailuun 19 vuotta sitten. <\/p>\n\n\n\n<p>H\u00e4n oli tuolloin 23-vuotias ja laulajana t\u00e4ysin raakile. Idols oli aikansa menestysohjelma, joka j\u00e4rkytti osallistujia ja yleis\u00f6\u00e4 tuomariston tylyll\u00e4 palautteella nuorille esiintyjille. Idolsin kautta nousivat t\u00e4hdiksi muun muassa <strong>Anna Abreu<\/strong>, <strong>Antti Tuisku <\/strong>ja moni muu.<\/p>\n\n\n\n<p>&#8221;Sua on helpompi katsoa kuin kuunnella\u201d, letkautti Ristim\u00e4elle&nbsp;Idolsin&nbsp;p\u00e4\u00e4tuomari <strong>Kim Kuusi<\/strong> ja keskeytti t\u00e4m\u00e4n laulun.<\/p>\n\n\n\n<p>HS:n jutussa Ristim\u00e4ki kertoo, ett\u00e4 t\u00e4ystyrm\u00e4ys riisti h\u00e4nelt\u00e4 laulamisen ilon vuosiksi. Nykyisin h\u00e4n on t\u00f6iss\u00e4 toisella alalla ja k\u00e4y sent\u00e4\u00e4n joskus laulamassa karaokea.<\/p>\n\n\n\n<p>Idolsin nuorimmat osallistujat olivat 16-vuotiaita, joiden ep\u00e4onnistuneista laulusuorituksista veisteltiin sadistista massaviihdett\u00e4 suuren yleis\u00f6n edess\u00e4. <\/p>\n\n\n\n<p>Muistan, miten ahdistavalta se tuntui katsojastakin.<\/p>\n\n\n\n<p><span class=\"capitalized\">Laulaminen<\/span> on herkk\u00e4 ja intiimi asia. Yht\u00e4 hyvin voisi menn\u00e4 lavalle ilkialastomana kuulemaan tuomariraadin arvostelua ja sen j\u00e4lkeen ottamaan vastaan kansan syvien rivien asiantuntevaa arviointia nettipalstoilla.<\/p>\n\n\n\n<p>En ole itse osallistunut televisiossa laulukilpailuihin, mutta aikuisenakin arveluttaisi altistaa itsens\u00e4 lannistavalle kommentoinnille.<\/p>\n\n\n\n<p>HS:n juttua lukiessani saatoin samastua Ristim\u00e4en kokemuksiin. Mieleeni muistui er\u00e4s t\u00f6ker\u00f6 laulunopettaja, joka pilasi toiminnallaan ja ep\u00e4kannustavilla kommenteillaan omat lauluhaluni niin, etten puoleen vuoteen kyennyt edes avaamaan suutani.<\/p>\n\n\n\n<p>Onneksi l\u00f6ysin opettajia, jotka kannustuksellaan saivat aikaan t\u00e4ysin p\u00e4invastaisen ilmi\u00f6n ja itsevarmuuteni kasvoi. Itsevarmuudestahan laulamisessa on paljolti kyse, toissijaisesti teknisest\u00e4 osaamisesta.<\/p>\n\n\n\n<p><span class=\"capitalized\">Idolsin tylytys<\/span> tuntui katsojasta koulukiusaamiselta, mutta tuomareiden tyyli muuttui yht\u00e4kki\u00e4. Mit\u00e4 lie kulisseissa tapahtunut, kun tuomaristo korjasi toimintatapaansa kannustavammaksi.<\/p>\n\n\n\n<p>Tv-viihteen kannalta on kuitenkin ongelmallista, jos kritiikki\u00e4 ei esitet\u00e4 ollenkaan. Silloin puuttuu se kitka, joka synnytt\u00e4\u00e4 draaman ja tekee ohjelmasta kiinnostavan. <\/p>\n\n\n\n<p>Voice of Finland -kilpailun my\u00f6h\u00e4iskaudet ovat hyv\u00e4 esimerkki siit\u00e4, miten ohjelma menett\u00e4\u00e4 ter\u00e4ns\u00e4, jos homma menee pelk\u00e4ksi selk\u00e4\u00e4ntaputteluksi. Voicessa ei ole Idolsin tapaan esityst\u00e4 kriittisesti arvioivia tuomareita vaan esiintyjien potentiaalia laskelmoivia t\u00e4htivalmentajia.<\/p>\n\n\n\n<p>Nelosen esitt\u00e4m\u00e4n Voicen esitysten kriittisempi arviointi ulkoistui yhdess\u00e4 vaiheessa saman konsernin <em>Ilta-Sanomien Poppipoliiseille<\/em>, jotka tekiv\u00e4t sen ty\u00f6n, mik\u00e4 t\u00e4htivalmentajilta j\u00e4i tekem\u00e4tt\u00e4 kameroiden edess\u00e4. Oma kiinnostukseni Voiceen lopahti samoihin aikoihin, kun IS lopetti Poppipoliisit.<\/p>\n\n\n\n<p><span class=\"capitalized\">Koska kysymys<\/span> on kuitenkin laulukilpailusta, voisi olettaa, ett\u00e4 my\u00f6s korjattavia ep\u00e4kohtia l\u00f6ytyy kilpailijoiden taidoissa. Rakentava palaute auttaa laulajaa kehittym\u00e4\u00e4n, mutta tietenk\u00e4\u00e4n maltillisista kommenteista ei revit\u00e4 mehukkaita otsikoita eik\u00e4 editoida ohjelmalle teasereita.<\/p>\n\n\n\n<p>Kaikille lannistamaan pyrkiville viisastelijoille voi sanoa: tehk\u00e4\u00e4 itse per\u00e4ss\u00e4!<\/p>\n\n\n\n<p>Idolsia esitettiin yhdeks\u00e4n kautta vuosina 2003-2018. Vuonna 2012 Suomessa alkaneen Voice of Finlandin nelj\u00e4nnentoista kauden jaksoja kuvataan j\u00e4lleen lokakuussa.<\/p>\n\n\n\n<p><\/p>\n\n\n\n<p><\/p>\n\n\n\n<p><\/p>\n","protected":false},"excerpt":{"rendered":"<p>\u201dAjattelin, ett\u00e4 menin sinne parhaaseen katseluaikaan nolaamaan itseni miljoonan ihmisen eteen&#8221;, muisteli Helsingin Sanomien haastattelussa (\u20ac) Johanna Ristim\u00e4ki osallistumistaan Idols-laulukilpailuun 19 vuotta sitten. H\u00e4n oli<br \/>\ntuollo&hellip;<\/p>\n","protected":false},"author":148,"featured_media":0,"comment_status":"open","ping_status":"closed","sticky":false,"template":"","format":"standard","meta":{"_acf_changed":false,"asauth_required_access_level":3,"asauth_cansharepaid":"true","om_header_attributes":[],"footnotes":"","om_featured_image_focal_point":[],"om_primary_tag":1173,"om_contributors":[{"id":"author-override","type":"fixed","role":"Kirjoittajan yliajo","name":""},{"id":"photographer","type":"fixed","role":"Kuvat","name":""}],"om_co_authors":[],"beyondwords_generate_audio":"","beyondwords_project_id":"","beyondwords_content_id":"","beyondwords_preview_token":"","beyondwords_player_content":"","beyondwords_player_style":"","beyondwords_language_code":"","beyondwords_language_id":"","beyondwords_title_voice_id":"","beyondwords_body_voice_id":"","beyondwords_summary_voice_id":"","beyondwords_error_message":"","beyondwords_disabled":"","beyondwords_delete_content":"","beyondwords_podcast_id":"","beyondwords_hash":"","publish_post_to_speechkit":"","speechkit_hash":"","speechkit_generate_audio":"","speechkit_project_id":"","speechkit_podcast_id":"","speechkit_error_message":"","speechkit_disabled":"","speechkit_access_key":"","speechkit_error":"","speechkit_info":"","speechkit_response":"","speechkit_retries":"","speechkit_status":"","speechkit_updated_at":"","_speechkit_link":"","_speechkit_text":""},"categories":[1],"tags":[2362,3,2358,10,2360,49,2359,2361,452,143,1174,2302,1173],"class_list":["post-3858","post","type-post","status-publish","format-standard","hentry","category-mediasekaantuja","tag-draama","tag-helsingin-sanomat","tag-idols","tag-ilta-sanomat","tag-johanna-ristimaki","tag-kritiikki","tag-laulaminen","tag-laulukilpailut","tag-musiikki","tag-nelonen","tag-poppipoliisit","tag-viihde","tag-voice-of-finland"],"om_views":null,"acf":{"tuuma_off":false,"tuuma_kysymys":"","tuuma_vastaus":""},"asauth":{"required_access_level":1,"share_token":"","is_paid":false},"yoast_head":"<!-- This site is optimized with the Yoast SEO plugin v26.4 - https:\/\/yoast.com\/wordpress\/plugins\/seo\/ -->\n<title>Idolsista Voice of Finlandiin: Laulukilpailuviihde muuttui sadismista selk\u00e4\u00e4ntaputteluksi - Mediaansekaantuja<\/title>\n<meta name=\"description\" content=\"Viel\u00e4k\u00f6 muistat, kun tuomarit tylyttiv\u00e4t nuoria laulajia Idols-kilpailussa? Nykyisin on meno s\u00e4yse\u00e4mp\u00e4\u00e4.\" \/>\n<meta name=\"robots\" content=\"index, follow, max-snippet:-1, max-image-preview:large, max-video-preview:-1\" \/>\n<link rel=\"canonical\" href=\"https:\/\/suomenkuvalehti.fi\/mediasekaantuja\/idolsista-voice-of-finlandiin-laulukilpailuviihde-muuttui-sadismista-selkaantaputteluksi\/\" \/>\n<meta property=\"og:locale\" content=\"fi_FI\" \/>\n<meta property=\"og:type\" content=\"article\" \/>\n<meta property=\"og:title\" content=\"Idolsista Voice of Finlandiin: Laulukilpailuviihde muuttui sadismista selk\u00e4\u00e4ntaputteluksi - Mediaansekaantuja\" \/>\n<meta property=\"og:description\" content=\"Viel\u00e4k\u00f6 muistat, kun tuomarit tylyttiv\u00e4t nuoria laulajia Idols-kilpailussa? Nykyisin on meno s\u00e4yse\u00e4mp\u00e4\u00e4.\" \/>\n<meta property=\"og:url\" content=\"https:\/\/suomenkuvalehti.fi\/mediasekaantuja\/idolsista-voice-of-finlandiin-laulukilpailuviihde-muuttui-sadismista-selkaantaputteluksi\/\" \/>\n<meta property=\"og:site_name\" content=\"Mediaansekaantuja\" \/>\n<meta property=\"article:published_time\" content=\"2024-09-22T17:28:33+00:00\" \/>\n<meta property=\"article:modified_time\" content=\"2024-09-22T17:40:10+00:00\" \/>\n<meta property=\"og:image\" content=\"https:\/\/suomenkuvalehti.fi\/mediasekaantuja\/wp-content\/uploads\/sites\/18\/2022\/04\/pasi_kivioja_02-scaled.jpg\" \/>\n\t<meta property=\"og:image:width\" content=\"2560\" \/>\n\t<meta property=\"og:image:height\" content=\"1707\" \/>\n\t<meta property=\"og:image:type\" content=\"image\/jpeg\" \/>\n<meta name=\"author\" content=\"Pasi Kivioja\" \/>\n<meta name=\"twitter:card\" content=\"summary_large_image\" \/>\n<meta name=\"twitter:creator\" content=\"@https:\/\/twitter.com\/PasiKivioja\" \/>\n<meta name=\"twitter:label1\" content=\"Written by\" \/>\n\t<meta name=\"twitter:data1\" content=\"Pasi Kivioja\" \/>\n\t<meta name=\"twitter:label2\" content=\"Est. reading time\" \/>\n\t<meta name=\"twitter:data2\" content=\"3 minuuttia\" \/>\n<script type=\"application\/ld+json\" class=\"yoast-schema-graph\">{\"@context\":\"https:\/\/schema.org\",\"@graph\":[{\"@type\":\"WebPage\",\"@id\":\"https:\/\/suomenkuvalehti.fi\/mediasekaantuja\/idolsista-voice-of-finlandiin-laulukilpailuviihde-muuttui-sadismista-selkaantaputteluksi\/\",\"url\":\"https:\/\/suomenkuvalehti.fi\/mediasekaantuja\/idolsista-voice-of-finlandiin-laulukilpailuviihde-muuttui-sadismista-selkaantaputteluksi\/\",\"name\":\"Idolsista Voice of Finlandiin: Laulukilpailuviihde muuttui sadismista selk\u00e4\u00e4ntaputteluksi - Mediaansekaantuja\",\"isPartOf\":{\"@id\":\"https:\/\/suomenkuvalehti.fi\/mediasekaantuja\/#website\"},\"datePublished\":\"2024-09-22T17:28:33+00:00\",\"dateModified\":\"2024-09-22T17:40:10+00:00\",\"author\":{\"@id\":\"https:\/\/suomenkuvalehti.fi\/mediasekaantuja\/#\/schema\/person\/e5cfc3b0243594a363a937aa1d165533\"},\"description\":\"Viel\u00e4k\u00f6 muistat, kun tuomarit tylyttiv\u00e4t nuoria laulajia Idols-kilpailussa? Nykyisin on meno s\u00e4yse\u00e4mp\u00e4\u00e4.\",\"breadcrumb\":{\"@id\":\"https:\/\/suomenkuvalehti.fi\/mediasekaantuja\/idolsista-voice-of-finlandiin-laulukilpailuviihde-muuttui-sadismista-selkaantaputteluksi\/#breadcrumb\"},\"inLanguage\":\"fi\",\"potentialAction\":[{\"@type\":\"ReadAction\",\"target\":[\"https:\/\/suomenkuvalehti.fi\/mediasekaantuja\/idolsista-voice-of-finlandiin-laulukilpailuviihde-muuttui-sadismista-selkaantaputteluksi\/\"]}]},{\"@type\":\"BreadcrumbList\",\"@id\":\"https:\/\/suomenkuvalehti.fi\/mediasekaantuja\/idolsista-voice-of-finlandiin-laulukilpailuviihde-muuttui-sadismista-selkaantaputteluksi\/#breadcrumb\",\"itemListElement\":[{\"@type\":\"ListItem\",\"position\":1,\"name\":\"Home\",\"item\":\"https:\/\/suomenkuvalehti.fi\/mediasekaantuja\/\"},{\"@type\":\"ListItem\",\"position\":2,\"name\":\"Idolsista Voice of Finlandiin: Laulukilpailuviihde muuttui sadismista selk\u00e4\u00e4ntaputteluksi\"}]},{\"@type\":\"WebSite\",\"@id\":\"https:\/\/suomenkuvalehti.fi\/mediasekaantuja\/#website\",\"url\":\"https:\/\/suomenkuvalehti.fi\/mediasekaantuja\/\",\"name\":\"Mediaansekaantuja\",\"description\":\"Pasi Kivioja analysoi median ilmi\u00f6it\u00e4.\",\"potentialAction\":[{\"@type\":\"SearchAction\",\"target\":{\"@type\":\"EntryPoint\",\"urlTemplate\":\"https:\/\/suomenkuvalehti.fi\/haku\/?q={search_term_string}\"},\"query-input\":{\"@type\":\"PropertyValueSpecification\",\"valueRequired\":true,\"valueName\":\"search_term_string\"}}],\"inLanguage\":\"fi\"},{\"@type\":\"Person\",\"@id\":\"https:\/\/suomenkuvalehti.fi\/mediasekaantuja\/#\/schema\/person\/e5cfc3b0243594a363a937aa1d165533\",\"name\":\"Pasi Kivioja\",\"image\":{\"@type\":\"ImageObject\",\"inLanguage\":\"fi\",\"@id\":\"https:\/\/suomenkuvalehti.fi\/mediasekaantuja\/#\/schema\/person\/image\/\",\"url\":\"https:\/\/suomenkuvalehti.fi\/mediasekaantuja\/wp-content\/uploads\/sites\/18\/2022\/04\/pasi_kivioja_02-150x150.jpg\",\"contentUrl\":\"https:\/\/suomenkuvalehti.fi\/mediasekaantuja\/wp-content\/uploads\/sites\/18\/2022\/04\/pasi_kivioja_02-150x150.jpg\",\"caption\":\"Pasi Kivioja\"},\"description\":\"Pasi Kivioja on median murroksesta ja mediataloudesta v\u00e4itellyt YTT, vapaa toimittaja ja viestint\u00e4yritt\u00e4j\u00e4.\",\"sameAs\":[\"https:\/\/x.com\/https:\/\/twitter.com\/PasiKivioja\"]}]}<\/script>\n<!-- \/ Yoast SEO plugin. -->","yoast_head_json":{"title":"Idolsista Voice of Finlandiin: Laulukilpailuviihde muuttui sadismista selk\u00e4\u00e4ntaputteluksi - Mediaansekaantuja","description":"Viel\u00e4k\u00f6 muistat, kun tuomarit tylyttiv\u00e4t nuoria laulajia Idols-kilpailussa? Nykyisin on meno s\u00e4yse\u00e4mp\u00e4\u00e4.","robots":{"index":"index","follow":"follow","max-snippet":"max-snippet:-1","max-image-preview":"max-image-preview:large","max-video-preview":"max-video-preview:-1"},"canonical":"https:\/\/suomenkuvalehti.fi\/mediasekaantuja\/idolsista-voice-of-finlandiin-laulukilpailuviihde-muuttui-sadismista-selkaantaputteluksi\/","og_locale":"fi_FI","og_type":"article","og_title":"Idolsista Voice of Finlandiin: Laulukilpailuviihde muuttui sadismista selk\u00e4\u00e4ntaputteluksi - Mediaansekaantuja","og_description":"Viel\u00e4k\u00f6 muistat, kun tuomarit tylyttiv\u00e4t nuoria laulajia Idols-kilpailussa? Nykyisin on meno s\u00e4yse\u00e4mp\u00e4\u00e4.","og_url":"https:\/\/suomenkuvalehti.fi\/mediasekaantuja\/idolsista-voice-of-finlandiin-laulukilpailuviihde-muuttui-sadismista-selkaantaputteluksi\/","og_site_name":"Mediaansekaantuja","article_published_time":"2024-09-22T17:28:33+00:00","article_modified_time":"2024-09-22T17:40:10+00:00","og_image":[{"width":2560,"height":1707,"url":"https:\/\/suomenkuvalehti.fi\/mediasekaantuja\/wp-content\/uploads\/sites\/18\/2022\/04\/pasi_kivioja_02-scaled.jpg","type":"image\/jpeg"}],"author":"Pasi Kivioja","twitter_card":"summary_large_image","twitter_creator":"@https:\/\/twitter.com\/PasiKivioja","twitter_misc":{"Written by":"Pasi Kivioja","Est. reading time":"3 minuuttia"},"schema":{"@context":"https:\/\/schema.org","@graph":[{"@type":"WebPage","@id":"https:\/\/suomenkuvalehti.fi\/mediasekaantuja\/idolsista-voice-of-finlandiin-laulukilpailuviihde-muuttui-sadismista-selkaantaputteluksi\/","url":"https:\/\/suomenkuvalehti.fi\/mediasekaantuja\/idolsista-voice-of-finlandiin-laulukilpailuviihde-muuttui-sadismista-selkaantaputteluksi\/","name":"Idolsista Voice of Finlandiin: Laulukilpailuviihde muuttui sadismista selk\u00e4\u00e4ntaputteluksi - Mediaansekaantuja","isPartOf":{"@id":"https:\/\/suomenkuvalehti.fi\/mediasekaantuja\/#website"},"datePublished":"2024-09-22T17:28:33+00:00","dateModified":"2024-09-22T17:40:10+00:00","author":{"@id":"https:\/\/suomenkuvalehti.fi\/mediasekaantuja\/#\/schema\/person\/e5cfc3b0243594a363a937aa1d165533"},"description":"Viel\u00e4k\u00f6 muistat, kun tuomarit tylyttiv\u00e4t nuoria laulajia Idols-kilpailussa? Nykyisin on meno s\u00e4yse\u00e4mp\u00e4\u00e4.","breadcrumb":{"@id":"https:\/\/suomenkuvalehti.fi\/mediasekaantuja\/idolsista-voice-of-finlandiin-laulukilpailuviihde-muuttui-sadismista-selkaantaputteluksi\/#breadcrumb"},"inLanguage":"fi","potentialAction":[{"@type":"ReadAction","target":["https:\/\/suomenkuvalehti.fi\/mediasekaantuja\/idolsista-voice-of-finlandiin-laulukilpailuviihde-muuttui-sadismista-selkaantaputteluksi\/"]}]},{"@type":"BreadcrumbList","@id":"https:\/\/suomenkuvalehti.fi\/mediasekaantuja\/idolsista-voice-of-finlandiin-laulukilpailuviihde-muuttui-sadismista-selkaantaputteluksi\/#breadcrumb","itemListElement":[{"@type":"ListItem","position":1,"name":"Home","item":"https:\/\/suomenkuvalehti.fi\/mediasekaantuja\/"},{"@type":"ListItem","position":2,"name":"Idolsista Voice of Finlandiin: Laulukilpailuviihde muuttui sadismista selk\u00e4\u00e4ntaputteluksi"}]},{"@type":"WebSite","@id":"https:\/\/suomenkuvalehti.fi\/mediasekaantuja\/#website","url":"https:\/\/suomenkuvalehti.fi\/mediasekaantuja\/","name":"Mediaansekaantuja","description":"Pasi Kivioja analysoi median ilmi\u00f6it\u00e4.","potentialAction":[{"@type":"SearchAction","target":{"@type":"EntryPoint","urlTemplate":"https:\/\/suomenkuvalehti.fi\/haku\/?q={search_term_string}"},"query-input":{"@type":"PropertyValueSpecification","valueRequired":true,"valueName":"search_term_string"}}],"inLanguage":"fi"},{"@type":"Person","@id":"https:\/\/suomenkuvalehti.fi\/mediasekaantuja\/#\/schema\/person\/e5cfc3b0243594a363a937aa1d165533","name":"Pasi Kivioja","image":{"@type":"ImageObject","inLanguage":"fi","@id":"https:\/\/suomenkuvalehti.fi\/mediasekaantuja\/#\/schema\/person\/image\/","url":"https:\/\/suomenkuvalehti.fi\/mediasekaantuja\/wp-content\/uploads\/sites\/18\/2022\/04\/pasi_kivioja_02-150x150.jpg","contentUrl":"https:\/\/suomenkuvalehti.fi\/mediasekaantuja\/wp-content\/uploads\/sites\/18\/2022\/04\/pasi_kivioja_02-150x150.jpg","caption":"Pasi Kivioja"},"description":"Pasi Kivioja on median murroksesta ja mediataloudesta v\u00e4itellyt YTT, vapaa toimittaja ja viestint\u00e4yritt\u00e4j\u00e4.","sameAs":["https:\/\/x.com\/https:\/\/twitter.com\/PasiKivioja"]}]}},"_links":{"self":[{"href":"https:\/\/suomenkuvalehti.fi\/mediasekaantuja\/wp-json\/wp\/v2\/posts\/3858","targetHints":{"allow":["GET"]}}],"collection":[{"href":"https:\/\/suomenkuvalehti.fi\/mediasekaantuja\/wp-json\/wp\/v2\/posts"}],"about":[{"href":"https:\/\/suomenkuvalehti.fi\/mediasekaantuja\/wp-json\/wp\/v2\/types\/post"}],"author":[{"embeddable":true,"href":"https:\/\/suomenkuvalehti.fi\/mediasekaantuja\/wp-json\/wp\/v2\/users\/148"}],"replies":[{"embeddable":true,"href":"https:\/\/suomenkuvalehti.fi\/mediasekaantuja\/wp-json\/wp\/v2\/comments?post=3858"}],"version-history":[{"count":12,"href":"https:\/\/suomenkuvalehti.fi\/mediasekaantuja\/wp-json\/wp\/v2\/posts\/3858\/revisions"}],"predecessor-version":[{"id":3871,"href":"https:\/\/suomenkuvalehti.fi\/mediasekaantuja\/wp-json\/wp\/v2\/posts\/3858\/revisions\/3871"}],"wp:attachment":[{"href":"https:\/\/suomenkuvalehti.fi\/mediasekaantuja\/wp-json\/wp\/v2\/media?parent=3858"}],"wp:term":[{"taxonomy":"category","embeddable":true,"href":"https:\/\/suomenkuvalehti.fi\/mediasekaantuja\/wp-json\/wp\/v2\/categories?post=3858"},{"taxonomy":"post_tag","embeddable":true,"href":"https:\/\/suomenkuvalehti.fi\/mediasekaantuja\/wp-json\/wp\/v2\/tags?post=3858"}],"curies":[{"name":"wp","href":"https:\/\/api.w.org\/{rel}","templated":true}]}}