{"id":3729,"date":"2024-07-13T15:19:24","date_gmt":"2024-07-13T12:19:24","guid":{"rendered":"https:\/\/suomenkuvalehti.fi\/mediasekaantuja\/?p=3729"},"modified":"2024-07-13T15:36:44","modified_gmt":"2024-07-13T12:36:44","slug":"nain-fox-news-yritti-syottaa-koukkua-presidentti-stubbille-ajatteletteko-te-etta-usa-tarvitsee-vahvemman-johtajan","status":"publish","type":"post","link":"https:\/\/suomenkuvalehti.fi\/mediasekaantuja\/nain-fox-news-yritti-syottaa-koukkua-presidentti-stubbille-ajatteletteko-te-etta-usa-tarvitsee-vahvemman-johtajan\/","title":{"rendered":"N\u00e4in Fox News yritti sy\u00f6tt\u00e4\u00e4 koukkua presidentti Stubbille: &#8221;Ajatteletteko te, ett\u00e4 USA tarvitsee vahvemman johtajan?&#8221;"},"content":{"rendered":"\n<p>Presidentti <strong>Alexander Stubbin<\/strong> <a href=\"https:\/\/www.foxnews.com\/video\/6357755576112\" target=\"_blank\" rel=\"noreferrer noopener\">esiintyminen Fox Newsin haastattelussa<\/a> Nato-huippukokouksen j\u00e4lkeen on ker\u00e4nnyt paljon kehuja kotimaan kommentaattoreilta. Eik\u00e4 suotta, sill\u00e4 Stubb suoriutui tilanteesta erinomaisesti.<\/p>\n\n\n\n<p>H\u00e4n puhui sujuvaa amerikanenglantia, nojautui eteenp\u00e4in valmiina vastaamaan kaikkeen, oli nopea, nokkela ja hymyili leve\u00e4sti. H\u00e4n ei silti nielaissut Fox Newsin toimittajan <strong>Joe Robertsin<\/strong> k\u00f6mpel\u00f6it\u00e4 sy\u00f6ttej\u00e4, joilla h\u00e4net olisi saatu kyseenalaistamaan Yhdysvaltain presidentti\u00e4 <strong>Joe Bidenia<\/strong>.<\/p>\n\n\n\n<p>Suomessa on arvioitu Stubbin esiintymist\u00e4, mutta koska kirjoitan mediablogia, kiinnitin huomiota my\u00f6s Foxin toimittajan haastattelutaktiikkaan. Roberts ep\u00e4onnistui tavoitteessaan, mutta ei aivan t\u00e4ysin. Analysoin seuraavaksi hieman tarkemmin, mit\u00e4 l\u00e4hetyksess\u00e4 tapahtui reilun kuuden minuutin aikana.<\/p>\n\n\n\n<p><span class=\"capitalized\">Ensin Roberts <\/span>yritt\u00e4\u00e4 kolmeen kertaan nyht\u00e4\u00e4 Stubbilta kriittist\u00e4 kommenttia Joe Bidenin kunnosta. Vinjetti ruudussa alleviivaa, ett\u00e4 &#8221;Nato-liittolaiset ovat huolissaan Bidenin heikkenemisest\u00e4&#8221;, ja luo odotuksia, ett\u00e4 kohta Suomen presidenttikin lausuu jotain vastaavaa.<\/p>\n\n\n\n<ol class=\"wp-block-list\">\n<li><strong>Anonyymit kriitikot.<\/strong> Roberts lainaa <em>Politico<\/em>-lehdelle nimett\u00f6m\u00e4sti kommentoinutta eurooppalaista diplomaattia, joka kuvailee Bidenin puheiden kuuntelemisen aiheuttaneen &#8221;outoja tunteita&#8221;. &#8221;Jaatteko nuo huolet?&#8221; Roberts kysyy Stubbilta. &#8221;Minulle se ei ollut outo kokemus&#8221;, Stubb kuittaa ja kuvailee kokouksen olleen suuri menestys. H\u00e4n sanoo my\u00f6s suoraan, ettei halua sekaantua Yhdysvaltain sis\u00e4politiikkaan (kommentoimalla Bidenin kuntoa).<\/li>\n\n\n\n<li><strong>Videotodisteet. <\/strong>&#8221;Aivan. Ok. Mutta samaan aikaan presidentti teki useita noloja virheit\u00e4 tiedotustilaisuudessa&#8221;, Roberts kiiruhtaa jatkamaan ja n\u00e4ytt\u00e4\u00e4 insertiss\u00e4, miten Biden <a href=\"https:\/\/www.iltalehti.fi\/ulkomaat\/a\/3effd0ca-8b78-4b37-a406-92c49e139a58\" target=\"_blank\" rel=\"noreferrer noopener\">sekoilee nimiss\u00e4<\/a>. &#8221;Her\u00e4tt\u00e4\u00e4k\u00f6 t\u00e4m\u00e4 teiss\u00e4 luottamusta?&#8221; Roberts kysyy Stubbilta. Stubb ei vastaa luottamuskysymykseen, vaan kuittaa sanomalla, ett\u00e4 h\u00e4n vietti juuri 48 tuntia Bidenin ja liittolaisten kanssa, ja se keskustelu oli oikein hyv\u00e4 ja rakentava.<\/li>\n\n\n\n<li><strong>Vertaisvertailu. <\/strong>Seuraavaksi Roberts ottaa puheeksi presidentti Bidenin nukkuma-ajat. Bidenh\u00e4n totesi <a href=\"https:\/\/yle.fi\/a\/74-20096812\" target=\"_blank\" rel=\"noreferrer noopener\">katastrofaalisen vaaliv\u00e4ittelyns\u00e4<\/a> j\u00e4lkeen <a href=\"https:\/\/www.mtvuutiset.fi\/artikkeli\/biden-kuvernooreille-tarvitsen-enemman-unta-ei-enaa-tapahtumia-iltaisin\/8968634#gs.c4e9ao\" target=\"_blank\" rel=\"noreferrer noopener\">tarvitsevansa enemm\u00e4n unta<\/a>. Robertsin mukaan Ven\u00e4j\u00e4n Putin, Pohjois-Korean <strong>Kim Jong-un<\/strong> ja Iranin ajatollah eiv\u00e4t mene petiin viel\u00e4 iltakahdeksalta. Roberts kokeilee sy\u00f6tt\u00e4\u00e4 sanat suoraan Stubbin suuhun ja vet\u00e4\u00e4 h\u00e4net imartelemalla kelkkaansa: &#8221;Ajatteletteko te, ett\u00e4 Yhdysvallat tarvitsee vahvemman johtajan, <em>ehk\u00e4 jonkun teid\u00e4n ik\u00e4isenne<\/em>?&#8221; Paljon johdattelevampi kysymys ei voisi en\u00e4\u00e4 olla. Stubb ei taaskaan vastaa kysymykseen, vaan tuo esiin, ett\u00e4 h\u00e4n on USA-my\u00f6nteinen ja opiskellut Yhdysvalloissa. Sitten Stubb huomauttaa ovelasti, ett\u00e4 h\u00e4nen suurin huolensa Yhdysvaltain politiikasta on se, ett\u00e4 se on niin jakautunut ja polarisoitunut. &#8221;Teid\u00e4n poliittinen keskustelunne on niin toksista, etten halua, ett\u00e4 muu vapaa maailma ottaa siit\u00e4 mallia. Haluan, ett\u00e4 on enemm\u00e4n kunnioitusta&#8221;. T\u00e4m\u00e4 on tietysti piikki my\u00f6s Fox Newsin poliittisten kommentaattoreiden suuntaan. Sitten h\u00e4n hieman tasoittelee toteamalla, ett\u00e4 Yhdysvaltain ulkomaanpolitiikka on ollut vankkumatonta kulloisestakin presidentist\u00e4 riippumatta.<\/li>\n\n\n\n<li><strong>K\u00e4\u00e4nteinen taktiikka.<\/strong> Kun toimittaja ei saa Stubbista irti kriittist\u00e4 kommenttia istuvaa presidentti\u00e4 kohtaan, h\u00e4n ryhtyy hakemaan tukea Bidenin vastaehdokkaalle <strong>Donald Trumpille<\/strong>. Roberts on kaivanut arkistosta Naton p\u00e4\u00e4sihteerin <strong>Jens Stoltenbergin<\/strong> lausuman vuodelta 2019, jossa Stoltenberg sanoo Trumpin vahvistavan Natoa vaatimalla j\u00e4senmailta suurempaa panostusta. Roberts kysyy, onko Trumpin paluu jotain sellaista, mist\u00e4 pit\u00e4isi olla huolissaan. T\u00e4ss\u00e4 kohtaa Stubb antaa studiois\u00e4nn\u00e4lle siimaa toteamalla, ett\u00e4 haluaisi enemminkin antaa Trumpille tunnustusta. &#8221;Minusta h\u00e4n oli oikeassa kahden prosentin rajassa. Vuonna 2014 vain kolme maata ylsi siihen, nyt 23. Olisiko se tapahtunut ilman, ett\u00e4 Trump olisi painostanut? En usko&#8221;, Stubb sanoo ja kehuu, ett\u00e4 Trumpin aikana Yhdysvallat itse asiassa lis\u00e4si sotilaallista l\u00e4sn\u00e4oloaan Euroopassa.<\/li>\n<\/ol>\n\n\n\n<p>Lopuksi vaihdetaan viel\u00e4 pari sanaa Suomen ja Yhdysvaltain v\u00e4lisest\u00e4 DCA-sopimuksesta, j\u00e4\u00e4nmurtajasopimuksesta ja siit\u00e4, miten kaunis maa Suomi on. Roberts kertoo olleensa Suomessa suurvaltojen huippukokouksessa Trumpin mukana vuonna 2018. Roberts oli tuolloin Fox Newsin Valkoisen talon kirjeenvaihtaja.<\/p>\n\n\n\n<p>Stubb ehtii viel\u00e4 mainita, ett\u00e4 vaikka olemme Naton uusi j\u00e4sen, tuomme puolustuskyvyll\u00e4mme liittoumaan turvallisuutta, emmek\u00e4 pelk\u00e4st\u00e4\u00e4n ota sit\u00e4 vastaan.<\/p>\n\n\n\n<p><span class=\"capitalized\">Stubbin esiintyminen<\/span> yhdysvaltalaiskanavalla oli viestinn\u00e4llisesti nappisuoritus. Esiintymisen j\u00e4lkeen on kotimaassa kuitenkin jonkin verran kritisoitu sit\u00e4, miksi Stubb meni v\u00e4likappaleeksi Trump-my\u00f6nteisen Fox News -kanavan haastatteluun.<\/p>\n\n\n\n<p>Fox Newsin toimittaja olisi halunnut Stubbin kyseenalaistavan Bidenia, mutta Stubb ei t\u00e4h\u00e4n leikkiin l\u00e4htenyt. Sen sijaan h\u00e4n sai Foxin osin Nato-kriittiselle republikaaniyleis\u00f6lle l\u00e4pi oman sanomansa, joka oli ep\u00e4ilem\u00e4tt\u00e4 etuk\u00e4teen tarkkaan mietitty: Nato ei notku yksin Yhdysvaltojen varassa, vaan Eurooppa tekee yhteisest\u00e4 puolustuksesta osansa.<\/p>\n\n\n\n<p>Tuskin Joe Roberts tosissaan odotti, ett\u00e4 Stubb l\u00e4htisi vet\u00e4m\u00e4\u00e4n mattoa t\u00e4rkeimm\u00e4n puolustuskumppaninsa p\u00e4\u00e4miehen alta, joka ainakin toistaiseksi jatkaa presidenttin\u00e4. Robertsin olemuksesta hieman paistoi kunnioitus kumppanimaan presidentti\u00e4 kohtaan. Sen verran lepsusti h\u00e4n antoi Stubbin puhua asian vierest\u00e4 ja olla vastaamatta kysymyksiin. Roberts sai kuitenkin tiristetty\u00e4 Stubbista irti my\u00f6nteisi\u00e4 sanoja Trumpista, jolloin haastattelu t\u00e4ytti tarkoituksensa Foxin ohjelmistossa.<\/p>\n\n\n\n<p>Arvioisin, ett\u00e4 Stubb otti t\u00e4ss\u00e4 n\u00e4yt\u00f6sottelussa selke\u00e4n pistevoiton. Alexander Stubb &#8211; Fox News 3 &#8211; 1.<\/p>\n\n\n\n<p><\/p>\n\n\n\n<p><\/p>\n","protected":false},"excerpt":{"rendered":"<p>Presidentti Alexander Stubbin esiintyminen Fox Newsin haastattelussa Nato-huippukokouksen j\u00e4lkeen on ker\u00e4nnyt paljon kehuja kotimaan kommentaattoreilta. Eik\u00e4 suotta, sill\u00e4 Stubb suoriutui<br \/>\ntil&hellip;<\/p>\n","protected":false},"author":148,"featured_media":0,"comment_status":"open","ping_status":"closed","sticky":false,"template":"","format":"standard","meta":{"_acf_changed":false,"asauth_required_access_level":3,"asauth_cansharepaid":"true","om_header_attributes":[],"footnotes":"","om_featured_image_focal_point":[],"om_primary_tag":339,"om_contributors":[{"id":"author-override","type":"fixed","role":"Kirjoittajan yliajo","name":""},{"id":"photographer","type":"fixed","role":"Kuvat","name":""}],"om_co_authors":[],"beyondwords_generate_audio":"","beyondwords_project_id":"","beyondwords_content_id":"","beyondwords_preview_token":"","beyondwords_player_content":"","beyondwords_player_style":"","beyondwords_language_code":"","beyondwords_language_id":"","beyondwords_title_voice_id":"","beyondwords_body_voice_id":"","beyondwords_summary_voice_id":"","beyondwords_error_message":"","beyondwords_disabled":"","beyondwords_delete_content":"","beyondwords_podcast_id":"","beyondwords_hash":"","publish_post_to_speechkit":"","speechkit_hash":"","speechkit_generate_audio":"","speechkit_project_id":"","speechkit_podcast_id":"","speechkit_error_message":"","speechkit_disabled":"","speechkit_access_key":"","speechkit_error":"","speechkit_info":"","speechkit_response":"","speechkit_retries":"","speechkit_status":"","speechkit_updated_at":"","_speechkit_link":"","_speechkit_text":""},"categories":[1],"tags":[339,1272,1826,2333,2332,2013,338,2331,1274],"class_list":["post-3729","post","type-post","status-publish","format-standard","hentry","category-mediasekaantuja","tag-alexander-stubb","tag-donald-trump","tag-fox-news","tag-joe-biden","tag-joe-roberts","tag-nato","tag-politiikka","tag-suomi","tag-yhdysvaltain-presidentinvaalit"],"om_views":null,"acf":{"tuuma_off":false,"tuuma_kysymys":"","tuuma_vastaus":""},"asauth":{"required_access_level":1,"share_token":"","is_paid":false},"yoast_head":"<!-- This site is optimized with the Yoast SEO plugin v26.4 - https:\/\/yoast.com\/wordpress\/plugins\/seo\/ -->\n<title>N\u00e4in Fox News yritti sy\u00f6tt\u00e4\u00e4 koukkua presidentti Stubbille: &quot;Ajatteletteko te, ett\u00e4 USA tarvitsee vahvemman johtajan?&quot; - Mediaansekaantuja<\/title>\n<meta name=\"description\" content=\"Alexander Stubb otti pistevoiton Fox Newsin toimittajasta Nato-kokouksen j\u00e4lkeen tehdyss\u00e4 tv-haastattelussa.\" \/>\n<meta name=\"robots\" content=\"index, follow, max-snippet:-1, max-image-preview:large, max-video-preview:-1\" \/>\n<link rel=\"canonical\" href=\"https:\/\/suomenkuvalehti.fi\/mediasekaantuja\/nain-fox-news-yritti-syottaa-koukkua-presidentti-stubbille-ajatteletteko-te-etta-usa-tarvitsee-vahvemman-johtajan\/\" \/>\n<meta property=\"og:locale\" content=\"fi_FI\" \/>\n<meta property=\"og:type\" content=\"article\" \/>\n<meta property=\"og:title\" content=\"N\u00e4in Fox News yritti sy\u00f6tt\u00e4\u00e4 koukkua presidentti Stubbille: &quot;Ajatteletteko te, ett\u00e4 USA tarvitsee vahvemman johtajan?&quot; - Mediaansekaantuja\" \/>\n<meta property=\"og:description\" content=\"Alexander Stubb otti pistevoiton Fox Newsin toimittajasta Nato-kokouksen j\u00e4lkeen tehdyss\u00e4 tv-haastattelussa.\" \/>\n<meta property=\"og:url\" content=\"https:\/\/suomenkuvalehti.fi\/mediasekaantuja\/nain-fox-news-yritti-syottaa-koukkua-presidentti-stubbille-ajatteletteko-te-etta-usa-tarvitsee-vahvemman-johtajan\/\" \/>\n<meta property=\"og:site_name\" content=\"Mediaansekaantuja\" \/>\n<meta property=\"article:published_time\" content=\"2024-07-13T12:19:24+00:00\" \/>\n<meta property=\"article:modified_time\" content=\"2024-07-13T12:36:44+00:00\" \/>\n<meta property=\"og:image\" content=\"https:\/\/suomenkuvalehti.fi\/mediasekaantuja\/wp-content\/uploads\/sites\/18\/2022\/04\/pasi_kivioja_02-scaled.jpg\" \/>\n\t<meta property=\"og:image:width\" content=\"2560\" \/>\n\t<meta property=\"og:image:height\" content=\"1707\" \/>\n\t<meta property=\"og:image:type\" content=\"image\/jpeg\" \/>\n<meta name=\"author\" content=\"Pasi Kivioja\" \/>\n<meta name=\"twitter:card\" content=\"summary_large_image\" \/>\n<meta name=\"twitter:creator\" content=\"@https:\/\/twitter.com\/PasiKivioja\" \/>\n<meta name=\"twitter:label1\" content=\"Written by\" \/>\n\t<meta name=\"twitter:data1\" content=\"Pasi Kivioja\" \/>\n\t<meta name=\"twitter:label2\" content=\"Est. reading time\" \/>\n\t<meta name=\"twitter:data2\" content=\"5 minuuttia\" \/>\n<script type=\"application\/ld+json\" class=\"yoast-schema-graph\">{\"@context\":\"https:\/\/schema.org\",\"@graph\":[{\"@type\":\"WebPage\",\"@id\":\"https:\/\/suomenkuvalehti.fi\/mediasekaantuja\/nain-fox-news-yritti-syottaa-koukkua-presidentti-stubbille-ajatteletteko-te-etta-usa-tarvitsee-vahvemman-johtajan\/\",\"url\":\"https:\/\/suomenkuvalehti.fi\/mediasekaantuja\/nain-fox-news-yritti-syottaa-koukkua-presidentti-stubbille-ajatteletteko-te-etta-usa-tarvitsee-vahvemman-johtajan\/\",\"name\":\"N\u00e4in Fox News yritti sy\u00f6tt\u00e4\u00e4 koukkua presidentti Stubbille: \\\"Ajatteletteko te, ett\u00e4 USA tarvitsee vahvemman johtajan?\\\" - Mediaansekaantuja\",\"isPartOf\":{\"@id\":\"https:\/\/suomenkuvalehti.fi\/mediasekaantuja\/#website\"},\"datePublished\":\"2024-07-13T12:19:24+00:00\",\"dateModified\":\"2024-07-13T12:36:44+00:00\",\"author\":{\"@id\":\"https:\/\/suomenkuvalehti.fi\/mediasekaantuja\/#\/schema\/person\/e5cfc3b0243594a363a937aa1d165533\"},\"description\":\"Alexander Stubb otti pistevoiton Fox Newsin toimittajasta Nato-kokouksen j\u00e4lkeen tehdyss\u00e4 tv-haastattelussa.\",\"breadcrumb\":{\"@id\":\"https:\/\/suomenkuvalehti.fi\/mediasekaantuja\/nain-fox-news-yritti-syottaa-koukkua-presidentti-stubbille-ajatteletteko-te-etta-usa-tarvitsee-vahvemman-johtajan\/#breadcrumb\"},\"inLanguage\":\"fi\",\"potentialAction\":[{\"@type\":\"ReadAction\",\"target\":[\"https:\/\/suomenkuvalehti.fi\/mediasekaantuja\/nain-fox-news-yritti-syottaa-koukkua-presidentti-stubbille-ajatteletteko-te-etta-usa-tarvitsee-vahvemman-johtajan\/\"]}]},{\"@type\":\"BreadcrumbList\",\"@id\":\"https:\/\/suomenkuvalehti.fi\/mediasekaantuja\/nain-fox-news-yritti-syottaa-koukkua-presidentti-stubbille-ajatteletteko-te-etta-usa-tarvitsee-vahvemman-johtajan\/#breadcrumb\",\"itemListElement\":[{\"@type\":\"ListItem\",\"position\":1,\"name\":\"Home\",\"item\":\"https:\/\/suomenkuvalehti.fi\/mediasekaantuja\/\"},{\"@type\":\"ListItem\",\"position\":2,\"name\":\"N\u00e4in Fox News yritti sy\u00f6tt\u00e4\u00e4 koukkua presidentti Stubbille: &#8221;Ajatteletteko te, ett\u00e4 USA tarvitsee vahvemman johtajan?&#8221;\"}]},{\"@type\":\"WebSite\",\"@id\":\"https:\/\/suomenkuvalehti.fi\/mediasekaantuja\/#website\",\"url\":\"https:\/\/suomenkuvalehti.fi\/mediasekaantuja\/\",\"name\":\"Mediaansekaantuja\",\"description\":\"Pasi Kivioja analysoi median ilmi\u00f6it\u00e4.\",\"potentialAction\":[{\"@type\":\"SearchAction\",\"target\":{\"@type\":\"EntryPoint\",\"urlTemplate\":\"https:\/\/suomenkuvalehti.fi\/haku\/?q={search_term_string}\"},\"query-input\":{\"@type\":\"PropertyValueSpecification\",\"valueRequired\":true,\"valueName\":\"search_term_string\"}}],\"inLanguage\":\"fi\"},{\"@type\":\"Person\",\"@id\":\"https:\/\/suomenkuvalehti.fi\/mediasekaantuja\/#\/schema\/person\/e5cfc3b0243594a363a937aa1d165533\",\"name\":\"Pasi Kivioja\",\"image\":{\"@type\":\"ImageObject\",\"inLanguage\":\"fi\",\"@id\":\"https:\/\/suomenkuvalehti.fi\/mediasekaantuja\/#\/schema\/person\/image\/\",\"url\":\"https:\/\/suomenkuvalehti.fi\/mediasekaantuja\/wp-content\/uploads\/sites\/18\/2022\/04\/pasi_kivioja_02-150x150.jpg\",\"contentUrl\":\"https:\/\/suomenkuvalehti.fi\/mediasekaantuja\/wp-content\/uploads\/sites\/18\/2022\/04\/pasi_kivioja_02-150x150.jpg\",\"caption\":\"Pasi Kivioja\"},\"description\":\"Pasi Kivioja on median murroksesta ja mediataloudesta v\u00e4itellyt YTT, vapaa toimittaja ja viestint\u00e4yritt\u00e4j\u00e4.\",\"sameAs\":[\"https:\/\/x.com\/https:\/\/twitter.com\/PasiKivioja\"]}]}<\/script>\n<!-- \/ Yoast SEO plugin. -->","yoast_head_json":{"title":"N\u00e4in Fox News yritti sy\u00f6tt\u00e4\u00e4 koukkua presidentti Stubbille: \"Ajatteletteko te, ett\u00e4 USA tarvitsee vahvemman johtajan?\" - Mediaansekaantuja","description":"Alexander Stubb otti pistevoiton Fox Newsin toimittajasta Nato-kokouksen j\u00e4lkeen tehdyss\u00e4 tv-haastattelussa.","robots":{"index":"index","follow":"follow","max-snippet":"max-snippet:-1","max-image-preview":"max-image-preview:large","max-video-preview":"max-video-preview:-1"},"canonical":"https:\/\/suomenkuvalehti.fi\/mediasekaantuja\/nain-fox-news-yritti-syottaa-koukkua-presidentti-stubbille-ajatteletteko-te-etta-usa-tarvitsee-vahvemman-johtajan\/","og_locale":"fi_FI","og_type":"article","og_title":"N\u00e4in Fox News yritti sy\u00f6tt\u00e4\u00e4 koukkua presidentti Stubbille: \"Ajatteletteko te, ett\u00e4 USA tarvitsee vahvemman johtajan?\" - Mediaansekaantuja","og_description":"Alexander Stubb otti pistevoiton Fox Newsin toimittajasta Nato-kokouksen j\u00e4lkeen tehdyss\u00e4 tv-haastattelussa.","og_url":"https:\/\/suomenkuvalehti.fi\/mediasekaantuja\/nain-fox-news-yritti-syottaa-koukkua-presidentti-stubbille-ajatteletteko-te-etta-usa-tarvitsee-vahvemman-johtajan\/","og_site_name":"Mediaansekaantuja","article_published_time":"2024-07-13T12:19:24+00:00","article_modified_time":"2024-07-13T12:36:44+00:00","og_image":[{"width":2560,"height":1707,"url":"https:\/\/suomenkuvalehti.fi\/mediasekaantuja\/wp-content\/uploads\/sites\/18\/2022\/04\/pasi_kivioja_02-scaled.jpg","type":"image\/jpeg"}],"author":"Pasi Kivioja","twitter_card":"summary_large_image","twitter_creator":"@https:\/\/twitter.com\/PasiKivioja","twitter_misc":{"Written by":"Pasi Kivioja","Est. reading time":"5 minuuttia"},"schema":{"@context":"https:\/\/schema.org","@graph":[{"@type":"WebPage","@id":"https:\/\/suomenkuvalehti.fi\/mediasekaantuja\/nain-fox-news-yritti-syottaa-koukkua-presidentti-stubbille-ajatteletteko-te-etta-usa-tarvitsee-vahvemman-johtajan\/","url":"https:\/\/suomenkuvalehti.fi\/mediasekaantuja\/nain-fox-news-yritti-syottaa-koukkua-presidentti-stubbille-ajatteletteko-te-etta-usa-tarvitsee-vahvemman-johtajan\/","name":"N\u00e4in Fox News yritti sy\u00f6tt\u00e4\u00e4 koukkua presidentti Stubbille: \"Ajatteletteko te, ett\u00e4 USA tarvitsee vahvemman johtajan?\" - Mediaansekaantuja","isPartOf":{"@id":"https:\/\/suomenkuvalehti.fi\/mediasekaantuja\/#website"},"datePublished":"2024-07-13T12:19:24+00:00","dateModified":"2024-07-13T12:36:44+00:00","author":{"@id":"https:\/\/suomenkuvalehti.fi\/mediasekaantuja\/#\/schema\/person\/e5cfc3b0243594a363a937aa1d165533"},"description":"Alexander Stubb otti pistevoiton Fox Newsin toimittajasta Nato-kokouksen j\u00e4lkeen tehdyss\u00e4 tv-haastattelussa.","breadcrumb":{"@id":"https:\/\/suomenkuvalehti.fi\/mediasekaantuja\/nain-fox-news-yritti-syottaa-koukkua-presidentti-stubbille-ajatteletteko-te-etta-usa-tarvitsee-vahvemman-johtajan\/#breadcrumb"},"inLanguage":"fi","potentialAction":[{"@type":"ReadAction","target":["https:\/\/suomenkuvalehti.fi\/mediasekaantuja\/nain-fox-news-yritti-syottaa-koukkua-presidentti-stubbille-ajatteletteko-te-etta-usa-tarvitsee-vahvemman-johtajan\/"]}]},{"@type":"BreadcrumbList","@id":"https:\/\/suomenkuvalehti.fi\/mediasekaantuja\/nain-fox-news-yritti-syottaa-koukkua-presidentti-stubbille-ajatteletteko-te-etta-usa-tarvitsee-vahvemman-johtajan\/#breadcrumb","itemListElement":[{"@type":"ListItem","position":1,"name":"Home","item":"https:\/\/suomenkuvalehti.fi\/mediasekaantuja\/"},{"@type":"ListItem","position":2,"name":"N\u00e4in Fox News yritti sy\u00f6tt\u00e4\u00e4 koukkua presidentti Stubbille: &#8221;Ajatteletteko te, ett\u00e4 USA tarvitsee vahvemman johtajan?&#8221;"}]},{"@type":"WebSite","@id":"https:\/\/suomenkuvalehti.fi\/mediasekaantuja\/#website","url":"https:\/\/suomenkuvalehti.fi\/mediasekaantuja\/","name":"Mediaansekaantuja","description":"Pasi Kivioja analysoi median ilmi\u00f6it\u00e4.","potentialAction":[{"@type":"SearchAction","target":{"@type":"EntryPoint","urlTemplate":"https:\/\/suomenkuvalehti.fi\/haku\/?q={search_term_string}"},"query-input":{"@type":"PropertyValueSpecification","valueRequired":true,"valueName":"search_term_string"}}],"inLanguage":"fi"},{"@type":"Person","@id":"https:\/\/suomenkuvalehti.fi\/mediasekaantuja\/#\/schema\/person\/e5cfc3b0243594a363a937aa1d165533","name":"Pasi Kivioja","image":{"@type":"ImageObject","inLanguage":"fi","@id":"https:\/\/suomenkuvalehti.fi\/mediasekaantuja\/#\/schema\/person\/image\/","url":"https:\/\/suomenkuvalehti.fi\/mediasekaantuja\/wp-content\/uploads\/sites\/18\/2022\/04\/pasi_kivioja_02-150x150.jpg","contentUrl":"https:\/\/suomenkuvalehti.fi\/mediasekaantuja\/wp-content\/uploads\/sites\/18\/2022\/04\/pasi_kivioja_02-150x150.jpg","caption":"Pasi Kivioja"},"description":"Pasi Kivioja on median murroksesta ja mediataloudesta v\u00e4itellyt YTT, vapaa toimittaja ja viestint\u00e4yritt\u00e4j\u00e4.","sameAs":["https:\/\/x.com\/https:\/\/twitter.com\/PasiKivioja"]}]}},"_links":{"self":[{"href":"https:\/\/suomenkuvalehti.fi\/mediasekaantuja\/wp-json\/wp\/v2\/posts\/3729","targetHints":{"allow":["GET"]}}],"collection":[{"href":"https:\/\/suomenkuvalehti.fi\/mediasekaantuja\/wp-json\/wp\/v2\/posts"}],"about":[{"href":"https:\/\/suomenkuvalehti.fi\/mediasekaantuja\/wp-json\/wp\/v2\/types\/post"}],"author":[{"embeddable":true,"href":"https:\/\/suomenkuvalehti.fi\/mediasekaantuja\/wp-json\/wp\/v2\/users\/148"}],"replies":[{"embeddable":true,"href":"https:\/\/suomenkuvalehti.fi\/mediasekaantuja\/wp-json\/wp\/v2\/comments?post=3729"}],"version-history":[{"count":13,"href":"https:\/\/suomenkuvalehti.fi\/mediasekaantuja\/wp-json\/wp\/v2\/posts\/3729\/revisions"}],"predecessor-version":[{"id":3742,"href":"https:\/\/suomenkuvalehti.fi\/mediasekaantuja\/wp-json\/wp\/v2\/posts\/3729\/revisions\/3742"}],"wp:attachment":[{"href":"https:\/\/suomenkuvalehti.fi\/mediasekaantuja\/wp-json\/wp\/v2\/media?parent=3729"}],"wp:term":[{"taxonomy":"category","embeddable":true,"href":"https:\/\/suomenkuvalehti.fi\/mediasekaantuja\/wp-json\/wp\/v2\/categories?post=3729"},{"taxonomy":"post_tag","embeddable":true,"href":"https:\/\/suomenkuvalehti.fi\/mediasekaantuja\/wp-json\/wp\/v2\/tags?post=3729"}],"curies":[{"name":"wp","href":"https:\/\/api.w.org\/{rel}","templated":true}]}}