{"id":3594,"date":"2024-03-21T08:31:48","date_gmt":"2024-03-21T06:31:48","guid":{"rendered":"https:\/\/suomenkuvalehti.fi\/mediasekaantuja\/?p=3594"},"modified":"2024-03-22T17:13:35","modified_gmt":"2024-03-22T15:13:35","slug":"suomen-palkituin-toimittaja-jakaa-risuja-ja-ruusuja-yksi-paatoimittaja-vaiensi-lehden-aanen","status":"publish","type":"post","link":"https:\/\/suomenkuvalehti.fi\/mediasekaantuja\/suomen-palkituin-toimittaja-jakaa-risuja-ja-ruusuja-yksi-paatoimittaja-vaiensi-lehden-aanen\/","title":{"rendered":"Suomen palkituin toimittaja jakaa risuja ja ruusuja \u2013 yksi p\u00e4\u00e4toimittaja \u201dvaiensi lehden \u00e4\u00e4nen\u201d"},"content":{"rendered":"\n<p>Bonnierin Suuri journalistipalkinto, tutkivan journalismin Lumilapio-palkinto, Sanomalehtien liiton Vuoden paras juttu -palkinto, Valtion tiedonjulkistamispalkinto, <em>Aamulehden<\/em> Sulka hattuun -palkinto&#8230; Aamulehdest\u00e4 el\u00e4k\u00f6itynyt toimittaja <strong>Matti Kuusela<\/strong> (s. 1956) on pokannut niin monta alan arvostetuinta palkintoa, ett\u00e4 ne h\u00e4din tuskin mahtuvat h\u00e4nen muistelmiensa takaliepeeseen. <\/p>\n\n\n\n<p>Tuore <em>Journalisti &#8211; toisenlainen toimittaja<\/em> -teos (Warelia) on tilinp\u00e4\u00e4t\u00f6s Kuuselan yli 40 vuoden toimittajanurasta, min\u00e4 aikana h\u00e4n ty\u00f6skenteli vakituisena toimittajana Aamulehdess\u00e4 vuodet 1983-2019. Kuusela on harvinainen yhdistelm\u00e4 urheilu- ja kulttuuritoimittajaa.<\/p>\n\n\n\n<p>Koska olin itse Aamulehden opissa vuosina 1997-2000, tartuin kirjaan hanakasti n\u00e4hd\u00e4kseni, ketk\u00e4 kaikki siell\u00e4 haukutaan, kuten muistelmissa on tapana. L\u00f6ysin my\u00f6s oman nimeni kohdasta, jossa muistelijaa kaihertaa Julkisen sanan neuvoston h\u00e4nen jutustaan antama <a href=\"https:\/\/jsn.fi\/paatos\/6193-sl-16\/\">langettava p\u00e4\u00e4t\u00f6s<\/a>. <\/p>\n\n\n\n<p>Muita kuin media-alan ihmisi\u00e4 sen sijaan saattaa kiinnostaa, mik\u00e4 Kuuselasta teki niin erityislaatuisen, ett\u00e4 yhden miehen reissureppuun piti kaataa kaikki mahdolliset journalistipalkinnot. <\/p>\n\n\n<figure class=\"wp-block-image alignleft size-medium\">\n  <div class=\"wp-block-image__inner-container\">\n    <a href=\"https:\/\/suomenkuvalehti.fi\/mediasekaantuja\/wp-content\/uploads\/sites\/18\/2024\/03\/kuusela.jpeg\"><img loading=\"lazy\" decoding=\"async\" src=\"https:\/\/suomenkuvalehti.fi\/mediasekaantuja\/wp-content\/uploads\/sites\/18\/2024\/03\/kuusela-200x300.jpeg\" alt=\"\" class=\"wp-image-3604\" width=\"1064\" height=\"1600\" style=\"--aspect-ratio: 0.67\" srcset=\"https:\/\/suomenkuvalehti.fi\/mediasekaantuja\/wp-content\/uploads\/sites\/18\/2024\/03\/kuusela-200x300.jpeg 200w, https:\/\/suomenkuvalehti.fi\/mediasekaantuja\/wp-content\/uploads\/sites\/18\/2024\/03\/kuusela-681x1024.jpeg 681w, https:\/\/suomenkuvalehti.fi\/mediasekaantuja\/wp-content\/uploads\/sites\/18\/2024\/03\/kuusela-768x1155.jpeg 768w, https:\/\/suomenkuvalehti.fi\/mediasekaantuja\/wp-content\/uploads\/sites\/18\/2024\/03\/kuusela-1021x1536.jpeg 1021w, https:\/\/suomenkuvalehti.fi\/mediasekaantuja\/wp-content\/uploads\/sites\/18\/2024\/03\/kuusela.jpeg 1064w\" sizes=\"auto, (max-width: 1064px) 100vw, 1064px\" \/><\/a>  <\/div>\n<\/figure>\n\n\n\n<p><span class=\"capitalized\">Aloittelevana<\/span> toimittajana katsoin hiljaista ja pitk\u00e4\u00e4 ty\u00f6kaveriani yl\u00f6sp\u00e4in. Monien muiden tavoin ihailin h\u00e4nen proosallista ilmaisutapaansa ja tietynlaista anarkistisuuttaan kirjoittajana. <\/p>\n\n\n\n<p>Kuusela oli jo tuolloin kohonnut Aamulehden toimituksessa journalismin puolijumalan asemaan. H\u00e4n m\u00e4\u00e4ritteli itse aiheensa, sai jutuilleen lehdess\u00e4 niin paljon tilaa kuin tarvitsi ja pomot suitsuttivat h\u00e4nen ty\u00f6t\u00e4\u00e4n. Viikkokausia kest\u00e4neet juttumatkat maailmalla valokuvaaja <strong>Raine Lehtorannan<\/strong> kanssa eiv\u00e4t olisi en\u00e4\u00e4 t\u00e4t\u00e4 p\u00e4iv\u00e4\u00e4, mutta tuolloin Aamulehti olikin viel\u00e4 melkoinen rahasampo.<\/p>\n\n\n\n<p>Muistelmista saa hyv\u00e4n k\u00e4sityksen Kuuselan tyylist\u00e4, sill\u00e4 h\u00e4n on kirjoittanut kirjan samassa tyylilajissa kuin lehtijuttunsakin. Lis\u00e4ksi h\u00e4n on kirjassa julkaissut joitakin t\u00e4rkeimpi\u00e4 lehtijuttujaan uudelleen. <\/p>\n\n\n\n<p>Tunnuspiirre Kuuselan jutuissa on min\u00e4-kertojaan perustuva <a href=\"https:\/\/fi.wikipedia.org\/wiki\/Gonzo-journalismi\">gonzo-tyyli<\/a>, joka ei kuitenkaan piehtaroi kertojan omassa erinomaisuudessa. Min\u00e4-kertoja antaa kirjoittajalle mahdollisuuden hy\u00f6dynt\u00e4\u00e4 omia havaintojaan ja tunteitaan, ja sen Kuusela totta vie osaa.<\/p>\n\n\n\n<p><span class=\"capitalized\">Kuuselasta<\/span> tekee erilaisen toimittajan h\u00e4nen poikkeuksellinen herkkyytens\u00e4, lempeytens\u00e4 ja pasifisminsa. Esimerkiksi <a href=\"https:\/\/www.aamulehti.fi\/hyvaelama\/art-2000007317108.html\">kuvaus<\/a> h\u00e4nen koiransa Armin viimeisest\u00e4 p\u00e4iv\u00e4st\u00e4 on niin riipaiseva, ett\u00e4 se saa karskinkin lukijan nieleskelem\u00e4\u00e4n. <\/p>\n\n\n\n<p>Kuuselan reportaasi- ja featurejutuissa vilisee runoja ja proosaa yll\u00e4tt\u00e4viss\u00e4 paikoissa, mik\u00e4 pakottaa lukijankin herkistym\u00e4\u00e4n. Mutta jos viisveisaa korkeakirjallisuudesta, tunnetta ei v\u00e4ltt\u00e4m\u00e4tt\u00e4 tavoita ja toistuva maneeri voi pian alkaa \u00e4rsytt\u00e4\u00e4 ja kyll\u00e4stytt\u00e4\u00e4.<\/p>\n\n\n\n<p>Kuusela kertookin toimittajakollegansa todenneen hyv\u00e4ntahtoisesti, ett\u00e4 \u201dKuuselan jutut ovat aina samanlaisia. Ensin niiss\u00e4 matkustetaan jonnekin, sitten on joku runonp\u00e4tk\u00e4 ennen kuin menn\u00e4\u00e4n oluelle ja muistellaan Nokiaa.\u201d<\/p>\n\n\n\n<p>Jos kirjoittaja pystyy naurattamaan, itkett\u00e4m\u00e4\u00e4n, yll\u00e4tt\u00e4m\u00e4\u00e4n ja \u00e4rsytt\u00e4m\u00e4\u00e4n lukijoitaan, h\u00e4nell\u00e4 on hallussaan sellainen tunneskaala, jota suurimmalla osalla ammattikunnasta ei ole.  Omaper\u00e4inen kirjoittaja erottuu massasta.<\/p>\n\n\n\n<p>Kuusela oli my\u00f6s valtavan onnekas, sill\u00e4 h\u00e4n sai ty\u00f6skennell\u00e4 huippulahjakkaan valokuvaajan Raine Lehtorannan ty\u00f6parina monilla juttukeikoilla Nokialta Timbuktuun. Lehtorannan nerokkaat <a href=\"https:\/\/www.is.fi\/tampereen-seutu\/art-2000006703411.html\">kuvat<\/a> eiv\u00e4t olleet pelk\u00e4st\u00e4\u00e4n piste i:n p\u00e4\u00e4lle vaikuttavissa matkareportaaseissa vaan olennainen osa tarinankerronnan kokonaisuutta.<\/p>\n\n\n\n<p><span class=\"capitalized\">Kirjassa<\/span> h\u00e4iritsee eniten nimien luetteleminen. Se ei ole julkkiksiin keskittyv\u00e4\u00e4 name droppingia, vaan Kuusela pudottelee esimerkiksi vanhojen pelikavereidensa nimi\u00e4, luettelee kaikki haastattelemansa runoilijat (37 henkil\u00f6\u00e4) ja listaa Aamulehden <em>Valo<\/em>-liitteen tekij\u00e4t ja avustajat. Onko kirja tehty kiitokseksi kavereille vai luettavaksi suurelle yleis\u00f6lle?<\/p>\n\n\n\n<p>Vaan eip\u00e4 ole journalismin puolijumalakaan koskematon.<\/p>\n\n\n\n<p>Kuusela h\u00e4mm\u00e4stelee, miksi Aamulehden toimitus &#8221;sensuroi&#8221; yhdest\u00e4 h\u00e4nen jutustaan pois kohdan, jossa h\u00e4n muisteli lehden kulttuuritoimituksen nauttimia kuohuviinej\u00e4 ja luetteli paikalla olleiden toimittajien nimet. Kuusela otaksuu poiston syyksi, ettei Aamulehden tuolloinen johto halunnut muistuttaa lukijoille, ett\u00e4 &#8221;se likvidoi p\u00e4\u00e4tt\u00e4v\u00e4isesti Suomen parhaan kulttuuriosaston muutamassa vuodessa.&#8221;<\/p>\n\n\n\n<p>Teosta Aamulehdess\u00e4 <a href=\"https:\/\/www.aamulehti.fi\/kirjat\/art-2000010273712.html\">arvioinut<\/a> toimittaja <strong>Ilari Lepp\u00e4niemi<\/strong> vastasi kirjailijalle, ettei muistoa leikattu johdon k\u00e4skyst\u00e4 vaan normaalin editoinnin vuoksi. Syyn\u00e4 oli se, ett\u00e4 &#8221;toimittajien sis\u00e4piirijutut eiv\u00e4t aina palvele lukijaa edes Kuuselan kirjoittamina&#8221;. <\/p>\n\n\n\n<p>Kriittisempi ote olisi ollut paikallaan my\u00f6s muistelmien editoinnissa.<\/p>\n\n\n\n<p><span class=\"capitalized\">Kuusela<\/span> jakaa muistelmissaan kunniaa ja tunnustusta muun muassa l\u00e4heisille ty\u00f6kavereilleen &#8211; latojia, taittajia ja sivunvalmistajia unohtamatta. <\/p>\n\n\n\n<p>Aamulehden p\u00e4\u00e4toimittajista hyv\u00e4ksynn\u00e4n saavat &#8221;humaani ja sivistynyt&#8221; <strong>Raimo Sepp\u00e4l\u00e4<\/strong>, &#8221;journalistisesti ajatellut&#8221; <strong>Hannu Olkinuora<\/strong>, koripallokamu <strong>Jorma Pokkinen<\/strong>, Kuuselan journalistista lentoa siivitt\u00e4nyt <strong>Matti Apunen<\/strong> ja kulttuuriosastoa &#8221;p\u00e4\u00e4tt\u00e4v\u00e4isesti tukenut&#8221; <strong>Jouko Jokinen<\/strong>. Uuteen p\u00e4\u00e4toimittajaan <strong>Sanna Keskiseen<\/strong> Kuusela suhtautuu toiveikkaasti, sill\u00e4 Keskinen on opiskellut kirjallisuutta ja k\u00e4y teatterissa.<\/p>\n\n\n\n<p>Sen sijaan kovin l\u00e4mpimi\u00e4 ajatuksia Kuuselalta ei heru h\u00e4nt\u00e4 kommunistiksi ep\u00e4illeelle ja ulos savustaneelle professori-p\u00e4\u00e4toimittaja <strong>Pertti Pesoselle<\/strong> (p\u00e4\u00e4toimittajana 1979-1990) eik\u00e4 nuorempaan polveen kuuluneelle <strong>Jussi Tuulensuulle<\/strong> (2015-2023). Kuuselan mukaan Tuulensuun synti oli kokoomuksen ja elinkeinoel\u00e4m\u00e4n my\u00f6t\u00e4ily.<\/p>\n\n\n\n<p>&#8221;Aamulehti oli Tuulensuun kauden lopussa kev\u00e4\u00e4ll\u00e4 2023 oikeistolaisempi kuin aikoinaan kokoomuksen \u00e4\u00e4nenkannattajana&#8221;, Kuusela kirjoittaa.<\/p>\n\n\n\n<p><span class=\"capitalized\">Katalin<\/span> temppu oli kuitenkin lehden kulttuuriosaston alasajo.<\/p>\n\n\n\n<p>&#8221;Lehden oma \u00e4\u00e4ni vaiennettiin lopettamalla Aamulehden kriitikoiden elokuva-arviot ja korvaamalla ne Helsingin Sanomien kritiikeill\u00e4. N\u00e4yttelyarviot lakkautettiin, tietokirjallisuuden kritiikit lopetettiin ja kaunokirjallisuuden arviot v\u00e4hennettiin murto-osaan aikaisemmasta [&#8211;] Suomalaisen journalismin historiassa Aamulehden kulttuuriosaston lopettaminen on kautta aikojen yksi surullisimmista esityksist\u00e4.&#8221;<\/p>\n\n\n\n<p>Kuusela v\u00e4itt\u00e4\u00e4 Tuulensuun est\u00e4neen h\u00e4nen Attendon hoivakotia kohtaan <a href=\"https:\/\/www.aamulehti.fi\/kolumnit\/art-2000007315281.html\">kriittisen kolumninsa<\/a> julkaisun painetussa lehdess\u00e4. Verkossa kolumni kuitenkin julkaistiin. Syyn\u00e4 olisi ollut se, ett\u00e4 Attendon yhteiskuntasuhteiden johtaja oli Tuulensuun kurssikaveri, joka oli toivonut, ett\u00e4 juttua ei julkaistaisi. Tuulensuu on kirjan julkaisun j\u00e4lkeen <a href=\"https:\/\/www.aamulehti.fi\/kirjat\/art-2000010281084.html\">kiist\u00e4nyt <\/a>ulkopuolisen painostuksen ja kaveruussuhteen. <\/p>\n\n\n\n<p>Toisaalta Kuusela my\u00f6nt\u00e4\u00e4 itse laatineensa <strong>Kiira Korven<\/strong> <a href=\"https:\/\/www.hs.fi\/kulttuuri\/art-2000009457531.html\">Hesarissa haukutusta<\/a> runokirjasta <a href=\"https:\/\/www.aamulehti.fi\/kirjat\/art-2000009468271.html\">my\u00f6nteisen arvion<\/a> osittain vastineeksi helsinkil\u00e4iselle ylimielisyydelle ja osittain siksi, ett\u00e4 Korven \u00e4iti oli Kuuselan kurssikaveri opettajaopinnoissa H\u00e4meenlinnassa.<\/p>\n\n\n\n<p><span class=\"capitalized\">Monenlaista<\/span> kuonaa tai kaunaa on tarttunut muistelijan hampaankoloon vuosien varrella, mutta tekstin yleisvire j\u00e4\u00e4 onneksi positiivisen puolelle.<\/p>\n\n\n\n<p>Kirjan parasta antia ovat kuvaukset palkittujen juttujen syntymisest\u00e4 ja reportaasimatkoilla tapahtuneista sattumuksista. Suomalaisen urheilun dopingin k\u00e4ytt\u00f6\u00e4 koskeva osuus kirjassa poiki my\u00f6s <a href=\"https:\/\/www.is.fi\/urheilu\/art-2000010262040.html\">uutisen<\/a> <em>Ilta-Sanomiin<\/em>.<\/p>\n\n\n\n<p>Osuva on Kuuselan analyysi Aamulehden kulttuuritoimituksen raunioittamisen laajemmista vaikutuksista kuin vain kulttuurijournalismiin:<\/p>\n\n\n\n<p>&#8221;Samalla katoavat hyv\u00e4t kirjoittajat, suomen kieli k\u00f6yhtyy ja n\u00e4\u00e4ntyy ja teksti muuttuu kuivaksi asiaproosaksi, &#8217;pys\u00e4ytt\u00e4v\u00e4ksi&#8217; sosiaalipornoksi tai lapselliseksi l\u00e4ssytykseksi. Juuri nyt omaper\u00e4inen ja pitk\u00e4 kirjoittaminen olisi ehdottomasti paras konsti pit\u00e4\u00e4 lukijat kiinni sanomalehdess\u00e4.&#8221;<\/p>\n\n\n\n<p><\/p>\n\n\n\n<p><\/p>\n\n\n\n<p><\/p>\n\n\n\n<p><\/p>\n\n\n\n<p><\/p>\n\n\n\n<p><\/p>\n\n\n\n<p><\/p>\n\n\n\n<p><\/p>\n\n\n\n<p><\/p>\n\n\n\n<p><\/p>\n\n\n\n<p><\/p>\n\n\n\n<p><\/p>\n\n\n\n<p><\/p>\n\n\n\n<p><\/p>\n\n\n\n<p> <\/p>\n\n\n\n<p><\/p>\n\n\n\n<p><\/p>\n","protected":false},"excerpt":{"rendered":"<p>Bonnierin Suuri journalistipalkinto, tutkivan journalismin Lumilapio-palkinto, Sanomalehtien liiton Vuoden paras juttu -palkinto, Valtion tiedonjulkistamispalkinto, Aamulehden Sulka hattuun -palkinto&#8230; Aamulehdest\u00e4 el\u00e4k\u00f6itynyt<br \/>\nto&hellip;<\/p>\n","protected":false},"author":148,"featured_media":0,"comment_status":"open","ping_status":"closed","sticky":false,"template":"","format":"standard","meta":{"_acf_changed":false,"asauth_required_access_level":3,"asauth_cansharepaid":"true","om_header_attributes":[],"footnotes":"","om_featured_image_focal_point":[],"om_primary_tag":87,"om_contributors":[{"id":"author-override","type":"fixed","role":"Kirjoittajan yliajo","name":""},{"id":"photographer","type":"fixed","role":"Kuvat","name":""}],"om_co_authors":[],"beyondwords_generate_audio":"","beyondwords_project_id":"","beyondwords_content_id":"","beyondwords_preview_token":"","beyondwords_player_content":"","beyondwords_player_style":"","beyondwords_language_code":"","beyondwords_language_id":"","beyondwords_title_voice_id":"","beyondwords_body_voice_id":"","beyondwords_summary_voice_id":"","beyondwords_error_message":"","beyondwords_disabled":"","beyondwords_delete_content":"","beyondwords_podcast_id":"","beyondwords_hash":"","publish_post_to_speechkit":"","speechkit_hash":"","speechkit_generate_audio":"","speechkit_project_id":"","speechkit_podcast_id":"","speechkit_error_message":"","speechkit_disabled":"","speechkit_access_key":"","speechkit_error":"","speechkit_info":"","speechkit_response":"","speechkit_retries":"","speechkit_status":"","speechkit_updated_at":"","_speechkit_link":"","_speechkit_text":""},"categories":[1],"tags":[87,2315,2308,2310,3,2311,1191,1190,2307,2312,2303,519,2304,2314,2309,2306,1843,2313,2305],"class_list":["post-3594","post","type-post","status-publish","format-standard","hentry","category-mediasekaantuja","tag-aamulehti","tag-attendo","tag-feature","tag-hannu-olkinuora","tag-helsingin-sanomat","tag-jorma-pokkinen","tag-jouko-jokinen","tag-jussi-tuulensuu","tag-kulttuurijournalismi","tag-matti-apunen","tag-matti-kuusela","tag-media","tag-muistelmat","tag-pertti-pesonen","tag-raimo-seppala","tag-raine-lehtoranta","tag-reportaasi","tag-sanna-keskinen","tag-toimittaja"],"om_views":null,"acf":{"tuuma_off":false,"tuuma_kysymys":"","tuuma_vastaus":""},"asauth":{"required_access_level":1,"share_token":"","is_paid":false},"yoast_head":"<!-- This site is optimized with the Yoast SEO plugin v26.4 - https:\/\/yoast.com\/wordpress\/plugins\/seo\/ -->\n<title>Suomen palkituin toimittaja jakaa risuja ja ruusuja \u2013 yksi p\u00e4\u00e4toimittaja \u201dvaiensi lehden \u00e4\u00e4nen\u201d - Mediaansekaantuja<\/title>\n<meta name=\"description\" content=\"Aamulehdess\u00e4 ty\u00f6skennellyt Matti Kuusela suree muistelmissaan erityisesti lehden kulttuuriosaston raunioittamista.\" \/>\n<meta name=\"robots\" content=\"index, follow, max-snippet:-1, max-image-preview:large, max-video-preview:-1\" \/>\n<link rel=\"canonical\" href=\"https:\/\/suomenkuvalehti.fi\/mediasekaantuja\/suomen-palkituin-toimittaja-jakaa-risuja-ja-ruusuja-yksi-paatoimittaja-vaiensi-lehden-aanen\/\" \/>\n<meta property=\"og:locale\" content=\"fi_FI\" \/>\n<meta property=\"og:type\" content=\"article\" \/>\n<meta property=\"og:title\" content=\"Suomen palkituin toimittaja jakaa risuja ja ruusuja \u2013 yksi p\u00e4\u00e4toimittaja \u201dvaiensi lehden \u00e4\u00e4nen\u201d - Mediaansekaantuja\" \/>\n<meta property=\"og:description\" content=\"Aamulehdess\u00e4 ty\u00f6skennellyt Matti Kuusela suree muistelmissaan erityisesti lehden kulttuuriosaston raunioittamista.\" \/>\n<meta property=\"og:url\" content=\"https:\/\/suomenkuvalehti.fi\/mediasekaantuja\/suomen-palkituin-toimittaja-jakaa-risuja-ja-ruusuja-yksi-paatoimittaja-vaiensi-lehden-aanen\/\" \/>\n<meta property=\"og:site_name\" content=\"Mediaansekaantuja\" \/>\n<meta property=\"article:published_time\" content=\"2024-03-21T06:31:48+00:00\" \/>\n<meta property=\"article:modified_time\" content=\"2024-03-22T15:13:35+00:00\" \/>\n<meta property=\"og:image\" content=\"https:\/\/suomenkuvalehti.fi\/mediasekaantuja\/wp-content\/uploads\/sites\/18\/2024\/03\/kuusela-200x300.jpeg\" \/>\n<meta name=\"author\" content=\"Pasi Kivioja\" \/>\n<meta name=\"twitter:card\" content=\"summary_large_image\" \/>\n<meta name=\"twitter:creator\" content=\"@https:\/\/twitter.com\/PasiKivioja\" \/>\n<meta name=\"twitter:label1\" content=\"Written by\" \/>\n\t<meta name=\"twitter:data1\" content=\"Pasi Kivioja\" \/>\n\t<meta name=\"twitter:label2\" content=\"Est. reading time\" \/>\n\t<meta name=\"twitter:data2\" content=\"6 minuuttia\" \/>\n<script type=\"application\/ld+json\" class=\"yoast-schema-graph\">{\"@context\":\"https:\/\/schema.org\",\"@graph\":[{\"@type\":\"WebPage\",\"@id\":\"https:\/\/suomenkuvalehti.fi\/mediasekaantuja\/suomen-palkituin-toimittaja-jakaa-risuja-ja-ruusuja-yksi-paatoimittaja-vaiensi-lehden-aanen\/\",\"url\":\"https:\/\/suomenkuvalehti.fi\/mediasekaantuja\/suomen-palkituin-toimittaja-jakaa-risuja-ja-ruusuja-yksi-paatoimittaja-vaiensi-lehden-aanen\/\",\"name\":\"Suomen palkituin toimittaja jakaa risuja ja ruusuja \u2013 yksi p\u00e4\u00e4toimittaja \u201dvaiensi lehden \u00e4\u00e4nen\u201d - Mediaansekaantuja\",\"isPartOf\":{\"@id\":\"https:\/\/suomenkuvalehti.fi\/mediasekaantuja\/#website\"},\"primaryImageOfPage\":{\"@id\":\"https:\/\/suomenkuvalehti.fi\/mediasekaantuja\/suomen-palkituin-toimittaja-jakaa-risuja-ja-ruusuja-yksi-paatoimittaja-vaiensi-lehden-aanen\/#primaryimage\"},\"image\":{\"@id\":\"https:\/\/suomenkuvalehti.fi\/mediasekaantuja\/suomen-palkituin-toimittaja-jakaa-risuja-ja-ruusuja-yksi-paatoimittaja-vaiensi-lehden-aanen\/#primaryimage\"},\"thumbnailUrl\":\"https:\/\/suomenkuvalehti.fi\/mediasekaantuja\/wp-content\/uploads\/sites\/18\/2024\/03\/kuusela-200x300.jpeg\",\"datePublished\":\"2024-03-21T06:31:48+00:00\",\"dateModified\":\"2024-03-22T15:13:35+00:00\",\"author\":{\"@id\":\"https:\/\/suomenkuvalehti.fi\/mediasekaantuja\/#\/schema\/person\/e5cfc3b0243594a363a937aa1d165533\"},\"description\":\"Aamulehdess\u00e4 ty\u00f6skennellyt Matti Kuusela suree muistelmissaan erityisesti lehden kulttuuriosaston raunioittamista.\",\"breadcrumb\":{\"@id\":\"https:\/\/suomenkuvalehti.fi\/mediasekaantuja\/suomen-palkituin-toimittaja-jakaa-risuja-ja-ruusuja-yksi-paatoimittaja-vaiensi-lehden-aanen\/#breadcrumb\"},\"inLanguage\":\"fi\",\"potentialAction\":[{\"@type\":\"ReadAction\",\"target\":[\"https:\/\/suomenkuvalehti.fi\/mediasekaantuja\/suomen-palkituin-toimittaja-jakaa-risuja-ja-ruusuja-yksi-paatoimittaja-vaiensi-lehden-aanen\/\"]}]},{\"@type\":\"ImageObject\",\"inLanguage\":\"fi\",\"@id\":\"https:\/\/suomenkuvalehti.fi\/mediasekaantuja\/suomen-palkituin-toimittaja-jakaa-risuja-ja-ruusuja-yksi-paatoimittaja-vaiensi-lehden-aanen\/#primaryimage\",\"url\":\"https:\/\/suomenkuvalehti.fi\/mediasekaantuja\/wp-content\/uploads\/sites\/18\/2024\/03\/kuusela.jpeg\",\"contentUrl\":\"https:\/\/suomenkuvalehti.fi\/mediasekaantuja\/wp-content\/uploads\/sites\/18\/2024\/03\/kuusela.jpeg\",\"width\":1064,\"height\":1600},{\"@type\":\"BreadcrumbList\",\"@id\":\"https:\/\/suomenkuvalehti.fi\/mediasekaantuja\/suomen-palkituin-toimittaja-jakaa-risuja-ja-ruusuja-yksi-paatoimittaja-vaiensi-lehden-aanen\/#breadcrumb\",\"itemListElement\":[{\"@type\":\"ListItem\",\"position\":1,\"name\":\"Home\",\"item\":\"https:\/\/suomenkuvalehti.fi\/mediasekaantuja\/\"},{\"@type\":\"ListItem\",\"position\":2,\"name\":\"Suomen palkituin toimittaja jakaa risuja ja ruusuja \u2013 yksi p\u00e4\u00e4toimittaja \u201dvaiensi lehden \u00e4\u00e4nen\u201d\"}]},{\"@type\":\"WebSite\",\"@id\":\"https:\/\/suomenkuvalehti.fi\/mediasekaantuja\/#website\",\"url\":\"https:\/\/suomenkuvalehti.fi\/mediasekaantuja\/\",\"name\":\"Mediaansekaantuja\",\"description\":\"Pasi Kivioja analysoi median ilmi\u00f6it\u00e4.\",\"potentialAction\":[{\"@type\":\"SearchAction\",\"target\":{\"@type\":\"EntryPoint\",\"urlTemplate\":\"https:\/\/suomenkuvalehti.fi\/haku\/?q={search_term_string}\"},\"query-input\":{\"@type\":\"PropertyValueSpecification\",\"valueRequired\":true,\"valueName\":\"search_term_string\"}}],\"inLanguage\":\"fi\"},{\"@type\":\"Person\",\"@id\":\"https:\/\/suomenkuvalehti.fi\/mediasekaantuja\/#\/schema\/person\/e5cfc3b0243594a363a937aa1d165533\",\"name\":\"Pasi Kivioja\",\"image\":{\"@type\":\"ImageObject\",\"inLanguage\":\"fi\",\"@id\":\"https:\/\/suomenkuvalehti.fi\/mediasekaantuja\/#\/schema\/person\/image\/\",\"url\":\"https:\/\/suomenkuvalehti.fi\/mediasekaantuja\/wp-content\/uploads\/sites\/18\/2022\/04\/pasi_kivioja_02-150x150.jpg\",\"contentUrl\":\"https:\/\/suomenkuvalehti.fi\/mediasekaantuja\/wp-content\/uploads\/sites\/18\/2022\/04\/pasi_kivioja_02-150x150.jpg\",\"caption\":\"Pasi Kivioja\"},\"description\":\"Pasi Kivioja on median murroksesta ja mediataloudesta v\u00e4itellyt YTT, vapaa toimittaja ja viestint\u00e4yritt\u00e4j\u00e4.\",\"sameAs\":[\"https:\/\/x.com\/https:\/\/twitter.com\/PasiKivioja\"]}]}<\/script>\n<!-- \/ Yoast SEO plugin. -->","yoast_head_json":{"title":"Suomen palkituin toimittaja jakaa risuja ja ruusuja \u2013 yksi p\u00e4\u00e4toimittaja \u201dvaiensi lehden \u00e4\u00e4nen\u201d - Mediaansekaantuja","description":"Aamulehdess\u00e4 ty\u00f6skennellyt Matti Kuusela suree muistelmissaan erityisesti lehden kulttuuriosaston raunioittamista.","robots":{"index":"index","follow":"follow","max-snippet":"max-snippet:-1","max-image-preview":"max-image-preview:large","max-video-preview":"max-video-preview:-1"},"canonical":"https:\/\/suomenkuvalehti.fi\/mediasekaantuja\/suomen-palkituin-toimittaja-jakaa-risuja-ja-ruusuja-yksi-paatoimittaja-vaiensi-lehden-aanen\/","og_locale":"fi_FI","og_type":"article","og_title":"Suomen palkituin toimittaja jakaa risuja ja ruusuja \u2013 yksi p\u00e4\u00e4toimittaja \u201dvaiensi lehden \u00e4\u00e4nen\u201d - Mediaansekaantuja","og_description":"Aamulehdess\u00e4 ty\u00f6skennellyt Matti Kuusela suree muistelmissaan erityisesti lehden kulttuuriosaston raunioittamista.","og_url":"https:\/\/suomenkuvalehti.fi\/mediasekaantuja\/suomen-palkituin-toimittaja-jakaa-risuja-ja-ruusuja-yksi-paatoimittaja-vaiensi-lehden-aanen\/","og_site_name":"Mediaansekaantuja","article_published_time":"2024-03-21T06:31:48+00:00","article_modified_time":"2024-03-22T15:13:35+00:00","og_image":[{"url":"https:\/\/suomenkuvalehti.fi\/mediasekaantuja\/wp-content\/uploads\/sites\/18\/2024\/03\/kuusela-200x300.jpeg","type":"","width":"","height":""}],"author":"Pasi Kivioja","twitter_card":"summary_large_image","twitter_creator":"@https:\/\/twitter.com\/PasiKivioja","twitter_misc":{"Written by":"Pasi Kivioja","Est. reading time":"6 minuuttia"},"schema":{"@context":"https:\/\/schema.org","@graph":[{"@type":"WebPage","@id":"https:\/\/suomenkuvalehti.fi\/mediasekaantuja\/suomen-palkituin-toimittaja-jakaa-risuja-ja-ruusuja-yksi-paatoimittaja-vaiensi-lehden-aanen\/","url":"https:\/\/suomenkuvalehti.fi\/mediasekaantuja\/suomen-palkituin-toimittaja-jakaa-risuja-ja-ruusuja-yksi-paatoimittaja-vaiensi-lehden-aanen\/","name":"Suomen palkituin toimittaja jakaa risuja ja ruusuja \u2013 yksi p\u00e4\u00e4toimittaja \u201dvaiensi lehden \u00e4\u00e4nen\u201d - Mediaansekaantuja","isPartOf":{"@id":"https:\/\/suomenkuvalehti.fi\/mediasekaantuja\/#website"},"primaryImageOfPage":{"@id":"https:\/\/suomenkuvalehti.fi\/mediasekaantuja\/suomen-palkituin-toimittaja-jakaa-risuja-ja-ruusuja-yksi-paatoimittaja-vaiensi-lehden-aanen\/#primaryimage"},"image":{"@id":"https:\/\/suomenkuvalehti.fi\/mediasekaantuja\/suomen-palkituin-toimittaja-jakaa-risuja-ja-ruusuja-yksi-paatoimittaja-vaiensi-lehden-aanen\/#primaryimage"},"thumbnailUrl":"https:\/\/suomenkuvalehti.fi\/mediasekaantuja\/wp-content\/uploads\/sites\/18\/2024\/03\/kuusela-200x300.jpeg","datePublished":"2024-03-21T06:31:48+00:00","dateModified":"2024-03-22T15:13:35+00:00","author":{"@id":"https:\/\/suomenkuvalehti.fi\/mediasekaantuja\/#\/schema\/person\/e5cfc3b0243594a363a937aa1d165533"},"description":"Aamulehdess\u00e4 ty\u00f6skennellyt Matti Kuusela suree muistelmissaan erityisesti lehden kulttuuriosaston raunioittamista.","breadcrumb":{"@id":"https:\/\/suomenkuvalehti.fi\/mediasekaantuja\/suomen-palkituin-toimittaja-jakaa-risuja-ja-ruusuja-yksi-paatoimittaja-vaiensi-lehden-aanen\/#breadcrumb"},"inLanguage":"fi","potentialAction":[{"@type":"ReadAction","target":["https:\/\/suomenkuvalehti.fi\/mediasekaantuja\/suomen-palkituin-toimittaja-jakaa-risuja-ja-ruusuja-yksi-paatoimittaja-vaiensi-lehden-aanen\/"]}]},{"@type":"ImageObject","inLanguage":"fi","@id":"https:\/\/suomenkuvalehti.fi\/mediasekaantuja\/suomen-palkituin-toimittaja-jakaa-risuja-ja-ruusuja-yksi-paatoimittaja-vaiensi-lehden-aanen\/#primaryimage","url":"https:\/\/suomenkuvalehti.fi\/mediasekaantuja\/wp-content\/uploads\/sites\/18\/2024\/03\/kuusela.jpeg","contentUrl":"https:\/\/suomenkuvalehti.fi\/mediasekaantuja\/wp-content\/uploads\/sites\/18\/2024\/03\/kuusela.jpeg","width":1064,"height":1600},{"@type":"BreadcrumbList","@id":"https:\/\/suomenkuvalehti.fi\/mediasekaantuja\/suomen-palkituin-toimittaja-jakaa-risuja-ja-ruusuja-yksi-paatoimittaja-vaiensi-lehden-aanen\/#breadcrumb","itemListElement":[{"@type":"ListItem","position":1,"name":"Home","item":"https:\/\/suomenkuvalehti.fi\/mediasekaantuja\/"},{"@type":"ListItem","position":2,"name":"Suomen palkituin toimittaja jakaa risuja ja ruusuja \u2013 yksi p\u00e4\u00e4toimittaja \u201dvaiensi lehden \u00e4\u00e4nen\u201d"}]},{"@type":"WebSite","@id":"https:\/\/suomenkuvalehti.fi\/mediasekaantuja\/#website","url":"https:\/\/suomenkuvalehti.fi\/mediasekaantuja\/","name":"Mediaansekaantuja","description":"Pasi Kivioja analysoi median ilmi\u00f6it\u00e4.","potentialAction":[{"@type":"SearchAction","target":{"@type":"EntryPoint","urlTemplate":"https:\/\/suomenkuvalehti.fi\/haku\/?q={search_term_string}"},"query-input":{"@type":"PropertyValueSpecification","valueRequired":true,"valueName":"search_term_string"}}],"inLanguage":"fi"},{"@type":"Person","@id":"https:\/\/suomenkuvalehti.fi\/mediasekaantuja\/#\/schema\/person\/e5cfc3b0243594a363a937aa1d165533","name":"Pasi Kivioja","image":{"@type":"ImageObject","inLanguage":"fi","@id":"https:\/\/suomenkuvalehti.fi\/mediasekaantuja\/#\/schema\/person\/image\/","url":"https:\/\/suomenkuvalehti.fi\/mediasekaantuja\/wp-content\/uploads\/sites\/18\/2022\/04\/pasi_kivioja_02-150x150.jpg","contentUrl":"https:\/\/suomenkuvalehti.fi\/mediasekaantuja\/wp-content\/uploads\/sites\/18\/2022\/04\/pasi_kivioja_02-150x150.jpg","caption":"Pasi Kivioja"},"description":"Pasi Kivioja on median murroksesta ja mediataloudesta v\u00e4itellyt YTT, vapaa toimittaja ja viestint\u00e4yritt\u00e4j\u00e4.","sameAs":["https:\/\/x.com\/https:\/\/twitter.com\/PasiKivioja"]}]}},"_links":{"self":[{"href":"https:\/\/suomenkuvalehti.fi\/mediasekaantuja\/wp-json\/wp\/v2\/posts\/3594","targetHints":{"allow":["GET"]}}],"collection":[{"href":"https:\/\/suomenkuvalehti.fi\/mediasekaantuja\/wp-json\/wp\/v2\/posts"}],"about":[{"href":"https:\/\/suomenkuvalehti.fi\/mediasekaantuja\/wp-json\/wp\/v2\/types\/post"}],"author":[{"embeddable":true,"href":"https:\/\/suomenkuvalehti.fi\/mediasekaantuja\/wp-json\/wp\/v2\/users\/148"}],"replies":[{"embeddable":true,"href":"https:\/\/suomenkuvalehti.fi\/mediasekaantuja\/wp-json\/wp\/v2\/comments?post=3594"}],"version-history":[{"count":40,"href":"https:\/\/suomenkuvalehti.fi\/mediasekaantuja\/wp-json\/wp\/v2\/posts\/3594\/revisions"}],"predecessor-version":[{"id":3635,"href":"https:\/\/suomenkuvalehti.fi\/mediasekaantuja\/wp-json\/wp\/v2\/posts\/3594\/revisions\/3635"}],"wp:attachment":[{"href":"https:\/\/suomenkuvalehti.fi\/mediasekaantuja\/wp-json\/wp\/v2\/media?parent=3594"}],"wp:term":[{"taxonomy":"category","embeddable":true,"href":"https:\/\/suomenkuvalehti.fi\/mediasekaantuja\/wp-json\/wp\/v2\/categories?post=3594"},{"taxonomy":"post_tag","embeddable":true,"href":"https:\/\/suomenkuvalehti.fi\/mediasekaantuja\/wp-json\/wp\/v2\/tags?post=3594"}],"curies":[{"name":"wp","href":"https:\/\/api.w.org\/{rel}","templated":true}]}}