{"id":3556,"date":"2023-09-06T21:15:37","date_gmt":"2023-09-06T18:15:37","guid":{"rendered":"https:\/\/suomenkuvalehti.fi\/mediasekaantuja\/?p=3556"},"modified":"2023-09-06T21:34:18","modified_gmt":"2023-09-06T18:34:18","slug":"a-studion-turkistarhakeskustelu-meni-melskaukseksi-arsyttaako-paallepuhuva-nainen-enemman-kuin-mies","status":"publish","type":"post","link":"https:\/\/suomenkuvalehti.fi\/mediasekaantuja\/a-studion-turkistarhakeskustelu-meni-melskaukseksi-arsyttaako-paallepuhuva-nainen-enemman-kuin-mies\/","title":{"rendered":"A-studion turkistarhakeskustelu meni &#8221;melskaukseksi&#8221; &#8211; \u00e4rsytt\u00e4\u00e4k\u00f6 p\u00e4\u00e4llepuhuva nainen enemm\u00e4n kuin mies?"},"content":{"rendered":"\n<p>Eilen illalla omassa somekuplassani alkoi ponnahdella kommentteja <a href=\"https:\/\/areena.yle.fi\/1-63938045\">Y<\/a><a href=\"https:\/\/areena.yle.fi\/1-63938045\" target=\"_blank\" rel=\"noreferrer noopener\">len <em>A-studiosta<\/em><\/a> (kohdasta 15.18 eteenp\u00e4in), jossa k\u00e4ytiin v\u00e4ittely\u00e4 &#8211; taas kerran &#8211; turkisel\u00e4inten kohtelusta ja turkisalan tulevaisuudesta. Vastakkain ohjelmassa olivat Suomen turkisel\u00e4inten kasvattajain liiton viestint\u00e4johtaja <strong>Olli-Pekka Nissinen<\/strong>, joka muistetaan Talvivaaran kaivososakeyhti\u00f6n viestint\u00e4johtajana, ja Turun yliopiston el\u00e4in- ja ymp\u00e4rist\u00f6etiikan dosentti <strong>Elisa Aaltola<\/strong>, joka oli k\u00e4ynnist\u00e4m\u00e4ss\u00e4 <a href=\"https:\/\/www.kansalaisaloite.fi\/fi\/aloite\/12549\">kansa<\/a><a href=\"https:\/\/www.kansalaisaloite.fi\/fi\/aloite\/12549\" target=\"_blank\" rel=\"noreferrer noopener\">laisaloitetta<\/a> turkistarhauksen kielt\u00e4misest\u00e4.<\/p>\n\n\n\n<p>Aloite ker\u00e4si p\u00e4iv\u00e4ss\u00e4 yli 50000 allekirjoitusta ja etenee eduskunnan k\u00e4sittelyyn. T\u00e4t\u00e4 kirjoittaessani allekirjoituksia on jo liki 90000.<\/p>\n\n\n\n<p><span class=\"capitalized\">Moni kommentaattori<\/span> paheksui Aaltolan keskustelutyyli\u00e4 p\u00e4\u00e4llek\u00e4yv\u00e4ksi ja melskaavaksi. H\u00e4nen valitettiin puhuvan keskustelukumppaninsa p\u00e4\u00e4lle ja kaapanneen t\u00f6rke\u00e4sti tilan itselleen niin, ettei kukaan muu saanut suunvuoroa. T\u00e4m\u00e4n &#8221;kiilusilm\u00e4isen fanaatikon&#8221; ja &#8221;stalinistin&#8221; p\u00e4\u00e4llepuhuminen &#8221;aiheutti my\u00f6t\u00e4h\u00e4pe\u00e4\u00e4&#8221;, internetiss\u00e4 moitiskeltiin.<\/p>\n\n\n\n<p>Piti menn\u00e4 itsekin katsomaan, mit\u00e4 kamalaa Nissiselle oikein tapahtui.  Seurasin keskustelua ajanottokellon kanssa. Mittasin Nissisen ja Aaltolan \u00e4\u00e4ness\u00e4oloajan, ja otin mukaan my\u00f6s ne sekunnit, kun he puhuivat toistensa p\u00e4\u00e4lle.<\/p>\n\n\n\n<p>Tulos ei vastannut ennakko-odotuksia.<\/p>\n\n\n\n<p>Kellotin Nissisen olleen \u00e4\u00e4ness\u00e4 5 minuuttia 18 sekuntia ja Aaltolan 5 minuuttia 13 sekuntia. P\u00e4\u00e4llepuhumisyritykset ja p\u00e4\u00e4llepuhumiset meniv\u00e4t tasan 9-9. Laskin n\u00e4ihin mukaan my\u00f6s suun avaamiset silloin, kun sielt\u00e4 kuului jonkinlainen \u00e4l\u00e4hdys.<\/p>\n\n\n\n<p>Kun puheaika ja p\u00e4\u00e4llepuhumiset meniv\u00e4t kutakuinkin tasan, voisiko olla niin, ett\u00e4 p\u00e4\u00e4llepuhuva nainen \u00e4rsytt\u00e4\u00e4 enemm\u00e4n kuin mies?<\/p>\n\n\n\n<p><span class=\"capitalized\">Toki mielikuvaan<\/span> esiintymisest\u00e4 vaikuttaa moni muukin asia kuin kaapatut sekunnit. Ainakaan keskustelijat eiv\u00e4t kovin hyvin kohdanneet toisiaan. <\/p>\n\n\n\n<p>Aaltola vetosi vastuullisuuteen, moraaliseen selk\u00e4rankaan ja el\u00e4inten k\u00e4rsimykseen takinhihan somisteiden vuoksi. Nissinen puhui turkistilojen EU-sertifioinnista, el\u00e4insuojelijoiden cancel-kulttuurista, suomalaisten kyvyst\u00e4 torjua lintuinfluenssaa turkistiloilla ja laillisesta elinkeinosta. Aaltola p\u00e4\u00e4si el\u00e4inr\u00e4\u00e4kk\u00e4ys- ja tautiriskisyyt\u00f6ksineen niskan p\u00e4\u00e4lle, ja Nissinen p\u00e4\u00e4tyi lopulta siilipuolustukseen jupisemaan, ett\u00e4 &#8221;se on v\u00e4\u00e4r\u00e4 tieto&#8221;, &#8221;nyt on pakko korjata v\u00e4\u00e4r\u00e4\u00e4 tietoa&#8221;, &#8221;tulee sellainen syytelista&#8221; ja &#8221;niin rankasti menee luvut v\u00e4\u00e4rin&#8221;. Ilman vasta-argumentteja h\u00e4nen pelins\u00e4 oli menetetty.<\/p>\n\n\n\n<p>Er\u00e4\u00e4ss\u00e4 somekeskustelussa <em>Tekniikan Maailman<\/em> vastaava p\u00e4\u00e4toimittaja <strong>Reijo Ruokanen<\/strong> jatkoi ajanmittaustani laskemalla, kuinka monta kertaa kumpikin keskeytti toisen puheen eli toimi kohtaamisen ensimm\u00e4isen\u00e4 p\u00e4\u00e4llepuhujana. T\u00e4ss\u00e4 Aaltola vei niukan voiton 6 &#8211; 4.<\/p>\n\n\n\n<p>Ruokasen mukaan puheenvuoron anasti kokonaan itselleen Aaltola kaksi kertaa, Nissinen ei kertaakaan.<\/p>\n\n\n\n<p><span class=\"capitalized\">Perinteinen suomalainen<\/span> keskustelutyyli on sellainen, ett\u00e4 toisen kuuluu antaa sanoa sanottavansa ja keskeytt\u00e4minen tulkitaan aggressioksi tai luonneh\u00e4iri\u00f6ksi. Kulttuurierot eri maiden v\u00e4lill\u00e4 ovat suuret. Esimerkiksi Latinalaisessa Amerikassa kaikki puhuvat toistensa p\u00e4\u00e4lle. Meille se on huutoa, heille normaalia keskustelua. <\/p>\n\n\n\n<p>T\u00e4m\u00e4n tyyppisiss\u00e4 nopeissa tv-v\u00e4ittelyiss\u00e4 suomalaisella kohteliaisuudella ei pitk\u00e4lle p\u00f6tkit\u00e4. V\u00e4lill\u00e4 on pakko puhua p\u00e4\u00e4lle ja anastaa puheenvuoro. Liian miellytt\u00e4v\u00e4 keskustelija j\u00e4\u00e4 helposti sein\u00e4ruusuksi.<\/p>\n\n\n\n<p>Nissinen oli aluksi kiva, mutta h\u00e4nkin hoksasi pian pelin hengen. Aaltola osasi ottaa tilansa ja piti siit\u00e4 my\u00f6s hanakasti kiinni. &#8221;Saanko jatkaa&#8221;, h\u00e4n vaati monta kertaa, ja Nissinen vaikeni.<\/p>\n\n\n\n<p>P\u00e4\u00e4llepuhuminen kuitenkin hyv\u00e4ksyt\u00e4\u00e4n suomalaisten poliitikkojen tv-v\u00e4ittelyiss\u00e4. Miksih\u00e4n se ei ole ok turkistarhauskeskustelussa?<\/p>\n\n\n\n<p><\/p>\n\n\n\n<p><\/p>\n\n\n\n<p><\/p>\n\n\n\n<p><\/p>\n","protected":false},"excerpt":{"rendered":"<p>Eilen illalla omassa somekuplassani alkoi ponnahdella kommentteja Ylen A-studiosta (kohdasta 15.18 eteenp\u00e4in), jossa k\u00e4ytiin v\u00e4ittely\u00e4 &#8211; taas kerran &#8211; turkisel\u00e4inten kohtelusta ja turkisalan<br \/>\ntule&hellip;<\/p>\n","protected":false},"author":148,"featured_media":0,"comment_status":"open","ping_status":"closed","sticky":false,"template":"","format":"standard","meta":{"_acf_changed":false,"asauth_required_access_level":3,"asauth_cansharepaid":"true","om_header_attributes":[],"footnotes":"","om_featured_image_focal_point":[],"om_primary_tag":2288,"om_contributors":[{"id":"author-override","type":"fixed","role":"Kirjoittajan yliajo","name":""},{"id":"photographer","type":"fixed","role":"Kuvat","name":""}],"om_co_authors":[],"beyondwords_generate_audio":"","beyondwords_project_id":"","beyondwords_content_id":"","beyondwords_preview_token":"","beyondwords_player_content":"","beyondwords_player_style":"","beyondwords_language_code":"","beyondwords_language_id":"","beyondwords_title_voice_id":"","beyondwords_body_voice_id":"","beyondwords_summary_voice_id":"","beyondwords_error_message":"","beyondwords_disabled":"","beyondwords_delete_content":"","beyondwords_podcast_id":"","beyondwords_hash":"","publish_post_to_speechkit":"","speechkit_hash":"","speechkit_generate_audio":"","speechkit_project_id":"","speechkit_podcast_id":"","speechkit_error_message":"","speechkit_disabled":"","speechkit_access_key":"","speechkit_error":"","speechkit_info":"","speechkit_response":"","speechkit_retries":"","speechkit_status":"","speechkit_updated_at":"","_speechkit_link":"","_speechkit_text":""},"categories":[1],"tags":[145,2288,721,2294,2290,2292,2289,2291,2293],"class_list":["post-3556","post","type-post","status-publish","format-standard","hentry","category-mediasekaantuja","tag-a-studio","tag-elisa-aaltola","tag-esiintyminen","tag-kansalaisaloite","tag-olli-pekka-nissinen","tag-petri-raivio","tag-turkistarhaus","tag-tv-keskustelu","tag-vaittely"],"om_views":null,"acf":{"tuuma_off":false,"tuuma_kysymys":"","tuuma_vastaus":""},"asauth":{"required_access_level":1,"share_token":"","is_paid":false},"yoast_head":"<!-- This site is optimized with the Yoast SEO plugin v26.4 - https:\/\/yoast.com\/wordpress\/plugins\/seo\/ -->\n<title>A-studion turkistarhakeskustelu meni &quot;melskaukseksi&quot; - \u00e4rsytt\u00e4\u00e4k\u00f6 p\u00e4\u00e4llepuhuva nainen enemm\u00e4n kuin mies? - Mediaansekaantuja<\/title>\n<meta name=\"description\" content=\"Turkisel\u00e4inten kasvattajain liiton viestint\u00e4johtaja Olli-Pekka Nissinen ja kansalaisaloitteen turkistarhauksen kielt\u00e4miseksi k\u00e4ynnist\u00e4nyt dosentti Elisa Aaltola ottivat yhteen televisiossa.\" \/>\n<meta name=\"robots\" content=\"index, follow, max-snippet:-1, max-image-preview:large, max-video-preview:-1\" \/>\n<link rel=\"canonical\" href=\"https:\/\/suomenkuvalehti.fi\/mediasekaantuja\/a-studion-turkistarhakeskustelu-meni-melskaukseksi-arsyttaako-paallepuhuva-nainen-enemman-kuin-mies\/\" \/>\n<meta property=\"og:locale\" content=\"fi_FI\" \/>\n<meta property=\"og:type\" content=\"article\" \/>\n<meta property=\"og:title\" content=\"A-studion turkistarhakeskustelu meni &quot;melskaukseksi&quot; - \u00e4rsytt\u00e4\u00e4k\u00f6 p\u00e4\u00e4llepuhuva nainen enemm\u00e4n kuin mies? - Mediaansekaantuja\" \/>\n<meta property=\"og:description\" content=\"Turkisel\u00e4inten kasvattajain liiton viestint\u00e4johtaja Olli-Pekka Nissinen ja kansalaisaloitteen turkistarhauksen kielt\u00e4miseksi k\u00e4ynnist\u00e4nyt dosentti Elisa Aaltola ottivat yhteen televisiossa.\" \/>\n<meta property=\"og:url\" content=\"https:\/\/suomenkuvalehti.fi\/mediasekaantuja\/a-studion-turkistarhakeskustelu-meni-melskaukseksi-arsyttaako-paallepuhuva-nainen-enemman-kuin-mies\/\" \/>\n<meta property=\"og:site_name\" content=\"Mediaansekaantuja\" \/>\n<meta property=\"article:published_time\" content=\"2023-09-06T18:15:37+00:00\" \/>\n<meta property=\"article:modified_time\" content=\"2023-09-06T18:34:18+00:00\" \/>\n<meta property=\"og:image\" content=\"https:\/\/suomenkuvalehti.fi\/mediasekaantuja\/wp-content\/uploads\/sites\/18\/2022\/04\/pasi_kivioja_02-scaled.jpg\" \/>\n\t<meta property=\"og:image:width\" content=\"2560\" \/>\n\t<meta property=\"og:image:height\" content=\"1707\" \/>\n\t<meta property=\"og:image:type\" content=\"image\/jpeg\" \/>\n<meta name=\"author\" content=\"Pasi Kivioja\" \/>\n<meta name=\"twitter:card\" content=\"summary_large_image\" \/>\n<meta name=\"twitter:creator\" content=\"@https:\/\/twitter.com\/PasiKivioja\" \/>\n<meta name=\"twitter:label1\" content=\"Written by\" \/>\n\t<meta name=\"twitter:data1\" content=\"Pasi Kivioja\" \/>\n\t<meta name=\"twitter:label2\" content=\"Est. reading time\" \/>\n\t<meta name=\"twitter:data2\" content=\"3 minuuttia\" \/>\n<script type=\"application\/ld+json\" class=\"yoast-schema-graph\">{\"@context\":\"https:\/\/schema.org\",\"@graph\":[{\"@type\":\"WebPage\",\"@id\":\"https:\/\/suomenkuvalehti.fi\/mediasekaantuja\/a-studion-turkistarhakeskustelu-meni-melskaukseksi-arsyttaako-paallepuhuva-nainen-enemman-kuin-mies\/\",\"url\":\"https:\/\/suomenkuvalehti.fi\/mediasekaantuja\/a-studion-turkistarhakeskustelu-meni-melskaukseksi-arsyttaako-paallepuhuva-nainen-enemman-kuin-mies\/\",\"name\":\"A-studion turkistarhakeskustelu meni \\\"melskaukseksi\\\" - \u00e4rsytt\u00e4\u00e4k\u00f6 p\u00e4\u00e4llepuhuva nainen enemm\u00e4n kuin mies? - Mediaansekaantuja\",\"isPartOf\":{\"@id\":\"https:\/\/suomenkuvalehti.fi\/mediasekaantuja\/#website\"},\"datePublished\":\"2023-09-06T18:15:37+00:00\",\"dateModified\":\"2023-09-06T18:34:18+00:00\",\"author\":{\"@id\":\"https:\/\/suomenkuvalehti.fi\/mediasekaantuja\/#\/schema\/person\/e5cfc3b0243594a363a937aa1d165533\"},\"description\":\"Turkisel\u00e4inten kasvattajain liiton viestint\u00e4johtaja Olli-Pekka Nissinen ja kansalaisaloitteen turkistarhauksen kielt\u00e4miseksi k\u00e4ynnist\u00e4nyt dosentti Elisa Aaltola ottivat yhteen televisiossa.\",\"breadcrumb\":{\"@id\":\"https:\/\/suomenkuvalehti.fi\/mediasekaantuja\/a-studion-turkistarhakeskustelu-meni-melskaukseksi-arsyttaako-paallepuhuva-nainen-enemman-kuin-mies\/#breadcrumb\"},\"inLanguage\":\"fi\",\"potentialAction\":[{\"@type\":\"ReadAction\",\"target\":[\"https:\/\/suomenkuvalehti.fi\/mediasekaantuja\/a-studion-turkistarhakeskustelu-meni-melskaukseksi-arsyttaako-paallepuhuva-nainen-enemman-kuin-mies\/\"]}]},{\"@type\":\"BreadcrumbList\",\"@id\":\"https:\/\/suomenkuvalehti.fi\/mediasekaantuja\/a-studion-turkistarhakeskustelu-meni-melskaukseksi-arsyttaako-paallepuhuva-nainen-enemman-kuin-mies\/#breadcrumb\",\"itemListElement\":[{\"@type\":\"ListItem\",\"position\":1,\"name\":\"Home\",\"item\":\"https:\/\/suomenkuvalehti.fi\/mediasekaantuja\/\"},{\"@type\":\"ListItem\",\"position\":2,\"name\":\"A-studion turkistarhakeskustelu meni &#8221;melskaukseksi&#8221; &#8211; \u00e4rsytt\u00e4\u00e4k\u00f6 p\u00e4\u00e4llepuhuva nainen enemm\u00e4n kuin mies?\"}]},{\"@type\":\"WebSite\",\"@id\":\"https:\/\/suomenkuvalehti.fi\/mediasekaantuja\/#website\",\"url\":\"https:\/\/suomenkuvalehti.fi\/mediasekaantuja\/\",\"name\":\"Mediaansekaantuja\",\"description\":\"Pasi Kivioja analysoi median ilmi\u00f6it\u00e4.\",\"potentialAction\":[{\"@type\":\"SearchAction\",\"target\":{\"@type\":\"EntryPoint\",\"urlTemplate\":\"https:\/\/suomenkuvalehti.fi\/haku\/?q={search_term_string}\"},\"query-input\":{\"@type\":\"PropertyValueSpecification\",\"valueRequired\":true,\"valueName\":\"search_term_string\"}}],\"inLanguage\":\"fi\"},{\"@type\":\"Person\",\"@id\":\"https:\/\/suomenkuvalehti.fi\/mediasekaantuja\/#\/schema\/person\/e5cfc3b0243594a363a937aa1d165533\",\"name\":\"Pasi Kivioja\",\"image\":{\"@type\":\"ImageObject\",\"inLanguage\":\"fi\",\"@id\":\"https:\/\/suomenkuvalehti.fi\/mediasekaantuja\/#\/schema\/person\/image\/\",\"url\":\"https:\/\/suomenkuvalehti.fi\/mediasekaantuja\/wp-content\/uploads\/sites\/18\/2022\/04\/pasi_kivioja_02-150x150.jpg\",\"contentUrl\":\"https:\/\/suomenkuvalehti.fi\/mediasekaantuja\/wp-content\/uploads\/sites\/18\/2022\/04\/pasi_kivioja_02-150x150.jpg\",\"caption\":\"Pasi Kivioja\"},\"description\":\"Pasi Kivioja on median murroksesta ja mediataloudesta v\u00e4itellyt YTT, vapaa toimittaja ja viestint\u00e4yritt\u00e4j\u00e4.\",\"sameAs\":[\"https:\/\/x.com\/https:\/\/twitter.com\/PasiKivioja\"]}]}<\/script>\n<!-- \/ Yoast SEO plugin. -->","yoast_head_json":{"title":"A-studion turkistarhakeskustelu meni \"melskaukseksi\" - \u00e4rsytt\u00e4\u00e4k\u00f6 p\u00e4\u00e4llepuhuva nainen enemm\u00e4n kuin mies? - Mediaansekaantuja","description":"Turkisel\u00e4inten kasvattajain liiton viestint\u00e4johtaja Olli-Pekka Nissinen ja kansalaisaloitteen turkistarhauksen kielt\u00e4miseksi k\u00e4ynnist\u00e4nyt dosentti Elisa Aaltola ottivat yhteen televisiossa.","robots":{"index":"index","follow":"follow","max-snippet":"max-snippet:-1","max-image-preview":"max-image-preview:large","max-video-preview":"max-video-preview:-1"},"canonical":"https:\/\/suomenkuvalehti.fi\/mediasekaantuja\/a-studion-turkistarhakeskustelu-meni-melskaukseksi-arsyttaako-paallepuhuva-nainen-enemman-kuin-mies\/","og_locale":"fi_FI","og_type":"article","og_title":"A-studion turkistarhakeskustelu meni \"melskaukseksi\" - \u00e4rsytt\u00e4\u00e4k\u00f6 p\u00e4\u00e4llepuhuva nainen enemm\u00e4n kuin mies? - Mediaansekaantuja","og_description":"Turkisel\u00e4inten kasvattajain liiton viestint\u00e4johtaja Olli-Pekka Nissinen ja kansalaisaloitteen turkistarhauksen kielt\u00e4miseksi k\u00e4ynnist\u00e4nyt dosentti Elisa Aaltola ottivat yhteen televisiossa.","og_url":"https:\/\/suomenkuvalehti.fi\/mediasekaantuja\/a-studion-turkistarhakeskustelu-meni-melskaukseksi-arsyttaako-paallepuhuva-nainen-enemman-kuin-mies\/","og_site_name":"Mediaansekaantuja","article_published_time":"2023-09-06T18:15:37+00:00","article_modified_time":"2023-09-06T18:34:18+00:00","og_image":[{"width":2560,"height":1707,"url":"https:\/\/suomenkuvalehti.fi\/mediasekaantuja\/wp-content\/uploads\/sites\/18\/2022\/04\/pasi_kivioja_02-scaled.jpg","type":"image\/jpeg"}],"author":"Pasi Kivioja","twitter_card":"summary_large_image","twitter_creator":"@https:\/\/twitter.com\/PasiKivioja","twitter_misc":{"Written by":"Pasi Kivioja","Est. reading time":"3 minuuttia"},"schema":{"@context":"https:\/\/schema.org","@graph":[{"@type":"WebPage","@id":"https:\/\/suomenkuvalehti.fi\/mediasekaantuja\/a-studion-turkistarhakeskustelu-meni-melskaukseksi-arsyttaako-paallepuhuva-nainen-enemman-kuin-mies\/","url":"https:\/\/suomenkuvalehti.fi\/mediasekaantuja\/a-studion-turkistarhakeskustelu-meni-melskaukseksi-arsyttaako-paallepuhuva-nainen-enemman-kuin-mies\/","name":"A-studion turkistarhakeskustelu meni \"melskaukseksi\" - \u00e4rsytt\u00e4\u00e4k\u00f6 p\u00e4\u00e4llepuhuva nainen enemm\u00e4n kuin mies? - Mediaansekaantuja","isPartOf":{"@id":"https:\/\/suomenkuvalehti.fi\/mediasekaantuja\/#website"},"datePublished":"2023-09-06T18:15:37+00:00","dateModified":"2023-09-06T18:34:18+00:00","author":{"@id":"https:\/\/suomenkuvalehti.fi\/mediasekaantuja\/#\/schema\/person\/e5cfc3b0243594a363a937aa1d165533"},"description":"Turkisel\u00e4inten kasvattajain liiton viestint\u00e4johtaja Olli-Pekka Nissinen ja kansalaisaloitteen turkistarhauksen kielt\u00e4miseksi k\u00e4ynnist\u00e4nyt dosentti Elisa Aaltola ottivat yhteen televisiossa.","breadcrumb":{"@id":"https:\/\/suomenkuvalehti.fi\/mediasekaantuja\/a-studion-turkistarhakeskustelu-meni-melskaukseksi-arsyttaako-paallepuhuva-nainen-enemman-kuin-mies\/#breadcrumb"},"inLanguage":"fi","potentialAction":[{"@type":"ReadAction","target":["https:\/\/suomenkuvalehti.fi\/mediasekaantuja\/a-studion-turkistarhakeskustelu-meni-melskaukseksi-arsyttaako-paallepuhuva-nainen-enemman-kuin-mies\/"]}]},{"@type":"BreadcrumbList","@id":"https:\/\/suomenkuvalehti.fi\/mediasekaantuja\/a-studion-turkistarhakeskustelu-meni-melskaukseksi-arsyttaako-paallepuhuva-nainen-enemman-kuin-mies\/#breadcrumb","itemListElement":[{"@type":"ListItem","position":1,"name":"Home","item":"https:\/\/suomenkuvalehti.fi\/mediasekaantuja\/"},{"@type":"ListItem","position":2,"name":"A-studion turkistarhakeskustelu meni &#8221;melskaukseksi&#8221; &#8211; \u00e4rsytt\u00e4\u00e4k\u00f6 p\u00e4\u00e4llepuhuva nainen enemm\u00e4n kuin mies?"}]},{"@type":"WebSite","@id":"https:\/\/suomenkuvalehti.fi\/mediasekaantuja\/#website","url":"https:\/\/suomenkuvalehti.fi\/mediasekaantuja\/","name":"Mediaansekaantuja","description":"Pasi Kivioja analysoi median ilmi\u00f6it\u00e4.","potentialAction":[{"@type":"SearchAction","target":{"@type":"EntryPoint","urlTemplate":"https:\/\/suomenkuvalehti.fi\/haku\/?q={search_term_string}"},"query-input":{"@type":"PropertyValueSpecification","valueRequired":true,"valueName":"search_term_string"}}],"inLanguage":"fi"},{"@type":"Person","@id":"https:\/\/suomenkuvalehti.fi\/mediasekaantuja\/#\/schema\/person\/e5cfc3b0243594a363a937aa1d165533","name":"Pasi Kivioja","image":{"@type":"ImageObject","inLanguage":"fi","@id":"https:\/\/suomenkuvalehti.fi\/mediasekaantuja\/#\/schema\/person\/image\/","url":"https:\/\/suomenkuvalehti.fi\/mediasekaantuja\/wp-content\/uploads\/sites\/18\/2022\/04\/pasi_kivioja_02-150x150.jpg","contentUrl":"https:\/\/suomenkuvalehti.fi\/mediasekaantuja\/wp-content\/uploads\/sites\/18\/2022\/04\/pasi_kivioja_02-150x150.jpg","caption":"Pasi Kivioja"},"description":"Pasi Kivioja on median murroksesta ja mediataloudesta v\u00e4itellyt YTT, vapaa toimittaja ja viestint\u00e4yritt\u00e4j\u00e4.","sameAs":["https:\/\/x.com\/https:\/\/twitter.com\/PasiKivioja"]}]}},"_links":{"self":[{"href":"https:\/\/suomenkuvalehti.fi\/mediasekaantuja\/wp-json\/wp\/v2\/posts\/3556","targetHints":{"allow":["GET"]}}],"collection":[{"href":"https:\/\/suomenkuvalehti.fi\/mediasekaantuja\/wp-json\/wp\/v2\/posts"}],"about":[{"href":"https:\/\/suomenkuvalehti.fi\/mediasekaantuja\/wp-json\/wp\/v2\/types\/post"}],"author":[{"embeddable":true,"href":"https:\/\/suomenkuvalehti.fi\/mediasekaantuja\/wp-json\/wp\/v2\/users\/148"}],"replies":[{"embeddable":true,"href":"https:\/\/suomenkuvalehti.fi\/mediasekaantuja\/wp-json\/wp\/v2\/comments?post=3556"}],"version-history":[{"count":11,"href":"https:\/\/suomenkuvalehti.fi\/mediasekaantuja\/wp-json\/wp\/v2\/posts\/3556\/revisions"}],"predecessor-version":[{"id":3567,"href":"https:\/\/suomenkuvalehti.fi\/mediasekaantuja\/wp-json\/wp\/v2\/posts\/3556\/revisions\/3567"}],"wp:attachment":[{"href":"https:\/\/suomenkuvalehti.fi\/mediasekaantuja\/wp-json\/wp\/v2\/media?parent=3556"}],"wp:term":[{"taxonomy":"category","embeddable":true,"href":"https:\/\/suomenkuvalehti.fi\/mediasekaantuja\/wp-json\/wp\/v2\/categories?post=3556"},{"taxonomy":"post_tag","embeddable":true,"href":"https:\/\/suomenkuvalehti.fi\/mediasekaantuja\/wp-json\/wp\/v2\/tags?post=3556"}],"curies":[{"name":"wp","href":"https:\/\/api.w.org\/{rel}","templated":true}]}}