{"id":351,"date":"2014-04-29T13:43:36","date_gmt":"2014-04-29T10:43:36","guid":{"rendered":"https:\/\/suomenkuvalehti.fi\/mediasekaantuja\/?p=351"},"modified":"2014-04-29T14:19:44","modified_gmt":"2014-04-29T11:19:44","slug":"kielinainen-vlogi-kulttuurin-timantti","status":"publish","type":"post","link":"https:\/\/suomenkuvalehti.fi\/mediasekaantuja\/kielinainen-vlogi-kulttuurin-timantti\/","title":{"rendered":"&#8221;Kielinainen&#8221; on vlogi-kulttuurin timantti"},"content":{"rendered":"\n<p>Moiiiiiii kaikkiii! Tykk\u00e4isittek\u00f6 katsella t\u00e4t\u00e4 medial\u00e4pp\u00e4\u00e4ni videolta? H\u00f6p\u00f6ttelisin kolmisen minuuttia tajunnanvirtaa keitti\u00f6ss\u00e4ni, heitt\u00e4isin johonkin v\u00e4liin <a href=\"https:\/\/www.youtube.com\/watch?v=-XYJXiUD8EI&amp;list=UUawV83tUdMD-fZny7Ol0PQg\" target=\"_blank\"><em>10 parasta kommenttia<\/em><\/a> ja nakkaisin teille&nbsp;<a href=\"https:\/\/www.youtube.com\/watch?v=PUr5ies5Zx4&amp;list=UUawV83tUdMD-fZny7Ol0PQg\" target=\"_blank\"><em>turhan taidon pallon<\/em><\/a>. Mit\u00e4 turhia taitoja teill\u00e4 on?<\/p>\n\n\n\n<p>Voisin my\u00f6s <a href=\"https:\/\/www.youtube.com\/watch?v=b-Px4oQmcH8&amp;list=TLWab5svyRqdR0qVrnbynpYFsXQOtNPBLx\" target=\"_blank\">vertailla karkkeja<\/a> tai&nbsp;<a href=\"https:\/\/www.youtube.com\/watch?v=DsXmEy_PQYY&amp;list=TLLQ12oF2LYSjNDaffxVMKewbozhKzxNq2\" target=\"_blank\">perseill\u00e4 chattiruletissa<\/a>.<\/p>\n\n\n\n<p>Ette tykk\u00e4isi?<\/p>\n\n\n\n<p>Se johtuu siit\u00e4, ett\u00e4 kysyn asiaa v\u00e4\u00e4r\u00e4lt\u00e4 porukalta. Jos luet t\u00e4t\u00e4 blogia, et ole <a href=\"https:\/\/www.youtube.com\/channel\/UCawV83tUdMD-fZny7Ol0PQg\" target=\"_blank\">Soikkuun<\/a>, <a href=\"https:\/\/www.youtube.com\/channel\/UC_x_0w8z3tgPSSctfJR0lNQ\" target=\"_blank\">eeddspeaksin<\/a>,&nbsp;<a href=\"https:\/\/www.youtube.com\/channel\/UCLgxPaDNDzJaMxyzRw4uiZQ\" target=\"_blank\">MrTuomon<\/a>&nbsp;ja muiden <a href=\"http:\/\/vlogit.fi\/\" target=\"_blank\">suosituimpien vloggaajien eli videobloggaajien listalta<\/a> l\u00f6ytyvien tyyppien kohderyhm\u00e4\u00e4.<\/p>\n\n\n\n<p>Me bloggaajat olemme nimitt\u00e4in aivan <a href=\"http:\/\/www.thecynch.com\/blogging-vs-vlogging-the-good-the-bad\/\" target=\"_blank\">eri porukkaa<\/a> kuin vloggaajat.&nbsp;Min\u00e4 en todellakaan perseilisi miss\u00e4\u00e4n chattiruletissa.<\/p>\n\n\n\n<p>Me bloggaajat olemme keski-ik\u00e4isi\u00e4 has been -kirjoittelijoita, vloggaajat ovat nuoria wanna be -julkkiksia. Me arvostamme yksityisyytt\u00e4mme, he tuovat esiin omaa persoonaansa tunnustuksillaan omassa kotiymp\u00e4rist\u00f6ss\u00e4\u00e4n. Meit\u00e4 bloggaajia on maailmassa miljoonia, heit\u00e4 on viel\u00e4 aika v\u00e4h\u00e4n. Heill\u00e4 on kuitenkin <a href=\"http:\/\/vlogit.fi\/\" target=\"_blank\">enemm\u00e4n yleis\u00f6\u00e4<\/a>.<\/p>\n\n\n\n<p>Julkisuudessa puhutaan viel\u00e4 aika v\u00e4h\u00e4n vloggaamisesta, vaikka ilmi\u00f6 on ly\u00f6nyt Suomessakin itsens\u00e4 l\u00e4pi nuorten uutena itseilmaisutapana.&nbsp;<a href=\"http:\/\/yle.fi\/uutiset\/kymmenien_tuhansien_suomalaisten_seuraama_vloggaaja_olen_oikeasti_ujo_ihminen\/6918781\" target=\"_blank\">Suosituimmista vloggaajista on tullut julkkiksia<\/a>, joita perinteinen media ei tunne.&nbsp;Omat noin 10-vuotiaat lapseni puhuvat vlogeista mutta eiv\u00e4t tied\u00e4, mit\u00e4 ovat blogit. 19-vuotias pietarsaarelainen <strong>Sara Maria Forsberg,<\/strong>&nbsp;YouTubessa <a href=\"https:\/\/www.youtube.com\/watch?v=ybcvlxivscw\" target=\"_blank\">Smoukahontas<\/a>, on ensimm\u00e4inen suomalainen, joka on ly\u00f6nyt itsens\u00e4 l\u00e4pi vloggaajana jopa maailmanlaajuisesti.<\/p>\n\n\n\n<p>Mediassa on puhuttu Forsbergista YouTuben lahjakkaana&nbsp;&#8221;kielinaisena&#8221; sivuuttaen t\u00e4ysin sen videoilmaisun kulttuurin ja yhteis\u00f6n, jonka tuote h\u00e4n on. Sanon tuote, koska vlogien esitystapa suosii puheliasta, reipasta, verbaalisesti viihdytt\u00e4v\u00e4\u00e4, teknisesti osaavaa ja habitukseltaan mukiinmenev\u00e4\u00e4 esiintyj\u00e4\u00e4. Forsbergissa yhdistyv\u00e4t t\u00e4ydellisesti kaikki n\u00e4m\u00e4 ominaisuudet, mink\u00e4 lis\u00e4ksi h\u00e4n liitt\u00e4\u00e4 kokonaisuuteen oman erityistalenttinsa, kielten \u00e4\u00e4nteiden ja aksenttien j\u00e4ljittelyn sek\u00e4 musikaalisuuden. Nyt h\u00e4nest\u00e4 tehd\u00e4\u00e4n vauhdilla kaupallista tuotetta suuressa maailmassa, ennen kuin YouTube-julkisuus hiipuu.<\/p>\n\n\n\n<p>Aiemmin talvella mediaa h\u00e4mmensi niin sanottu <a href=\"http:\/\/www.iltasanomat.fi\/kotimaa\/art-1288645927127.html\" target=\"_blank\">Keravan Prisman hurmurin tapaus<\/a>, jossa 23-vuotias kaunis nainen etsi YouTube-videolla l\u00e4himarketissa kohtaamaansa nuorukaista. Forsbergin tavoin h\u00e4nkin oli harrastanut vloggausta YouTubessa jo pitk\u00e4\u00e4n, joten se, mik\u00e4 n\u00e4htiin perinteisess\u00e4 mediassa huomionkipe\u00e4n\u00e4 videodeitti-ilmoituksena, olikin h\u00e4nelle luontainen tapa ilmaista itse\u00e4\u00e4n ja jatkumoa kaikille h\u00e4nen edellisille vloggauksilleen.<\/p>\n\n\n\n<p>Olisi helppoa leimata vloggaaminen pelk\u00e4ksi narsistiseksi huomionhakuisuudeksi, mutta kyse on paljon yksitt\u00e4ist\u00e4 vloggaajaa suuremmasta ilmi\u00f6st\u00e4. Videoiden tekeminen, jakaminen ja katsominen ovat yhteis\u00f6llist\u00e4 toimintaa. Jotkut videot ovat osa <a href=\"https:\/\/suomenkuvalehti.fi\/mediasekaantuja\/8miljoonankavijansalaisuus\/?shared=24-18f3a151-999\" target=\"_blank\">meeminkaltaista<\/a> jatkumoa (esim. 10 parasta kommenttia ja turhan taidon pallo). Vlogien ansiosta syntyy yst\u00e4vyyssuhteita, kuten muidenkin sosiaalisen median v\u00e4lineiden kautta, ja vloggaajat j\u00e4rjest\u00e4v\u00e4t <a href=\"http:\/\/www.hs.fi\/hstv\/uutiset\/v1396589588982\" target=\"_blank\">omia tapaamisiaan<\/a>. Vloggaaminen on my\u00f6s erinomainen tapa kehitt\u00e4\u00e4 teknisi\u00e4 taitoja ja vaikkapa englannin kielitaitoa, kuten yksi hieman vanhempi vloggaaja toteaa <a href=\"http:\/\/www.hs.fi\/kulttuuri\/Vloggaajia+palvottiin+kuin+julkkiksia+Helsingiss%C3%A4\/a1396590141866\" target=\"_blank\">HS:n jutussa<\/a>.<\/p>\n\n\n\n<p>Viime lauantaina tarkastettiin Helsingin yliopistossa <strong>Karoliina Talvitie-Lambergin<\/strong> v\u00e4it\u00f6stutkimus&nbsp;<em><a href=\"https:\/\/helda.helsinki.fi\/bitstream\/handle\/10138\/44901\/talvitie-lamberg_dissertation.pdf?sequence=1\" target=\"_blank\">Confessions in Social Media \u2013 Performative, Constrained, Authentic and Participatory Self-Representations in Vlogs<\/a>&nbsp;&#8211;<\/em>&nbsp;vapaasti suomentaen: intiimit paljastukset vlogeissa.&nbsp;Tutkimuksen tiivistelm\u00e4 on luettavissa <a href=\"https:\/\/helda.helsinki.fi\/handle\/10138\/44901\" target=\"_blank\">t\u00e4\u00e4lt\u00e4<\/a>.<\/p>\n\n\n\n<p>Talvitie-Lambergin tutkimusaineistona olivat englanninkieliset videot YouTubessa ja sit\u00e4 vanhemmassa WebcamNow-yhteis\u00f6ss\u00e4.&nbsp;Videoblogien aiheita olivat arkip\u00e4iv\u00e4n asiat, raskaus ja itsetunnustukset. Tutkijan p\u00e4\u00e4telm\u00e4n\u00e4 on, ett\u00e4 vlogeissa tehdyt tunnustukset noudattavat tarkoin ymp\u00e4rist\u00f6ns\u00e4 esteettisi\u00e4, teknologisia ja sosiokulttuurisia rajoitteita ja normeja. Sara Maria Forsbergia h\u00e4n pit\u00e4\u00e4 tyyppiesimerkkin\u00e4 vlogimaailman esteettiset normit t\u00e4ytt\u00e4v\u00e4st\u00e4 esiintyj\u00e4st\u00e4, joka on hyv\u00e4nn\u00e4k\u00f6inen ja houkutteleva tuote.<\/p>\n\n\n\n<p>&#8221;Saadakseen huomiota ja tullakseen n\u00e4kyv\u00e4ksi vloggaajan pit\u00e4\u00e4 tehd\u00e4 odotusten mukaisia tunnustuksia eli noudattaa yhteis\u00f6n kirjoittamattomia s\u00e4\u00e4nt\u00f6j\u00e4 ja yhteis\u00f6\u00f6n sopivaa k\u00e4sittelytapaa&#8221;, Talvitie-Lamberg sanoo <a href=\"http:\/\/www.helsinki.fi\/valtiotieteellinen\/uutisarkisto\/uutiset\/2014\/04_22_2014talvitie-lamberg.html\" target=\"_blank\">v\u00e4it\u00f6stiedotteessa<\/a>.<\/p>\n\n\n\n<p>Nuorten vlogeja katsellessa tuli mieleeni, ett\u00e4 vloggaus saattaisi sopia formaattina radio-ohjelmien moottoriturville, jotka kykenev\u00e4t pit\u00e4m\u00e4\u00e4n puhe-flow&#8217;n k\u00e4ynniss\u00e4 taukoamatta. Jotain t\u00e4m\u00e4ntyyppist\u00e4 n\u00e4emm\u00e4 jo kokeillaankin: Radio Rockin <em>Heikel\u00e4 Korporaatio<\/em> -aamuohjelmasta tuttu <strong>Harri Moisio<\/strong> esitt\u00e4\u00e4 <a href=\"http:\/\/www.radiorock.fi\/#!\/post\/535e1b43ba5b190200addf30\" target=\"_blank\">pakinoitaan videolla<\/a> kanavan nettisivuilla.<\/p>\n\n\n\n<p>Moision spontaani tarinaniskent\u00e4 toimii mainiosti suorassa radiol\u00e4hetyksess\u00e4, mutta t\u00e4ss\u00e4 videohommassa on viel\u00e4 kehitelt\u00e4v\u00e4\u00e4. Prompterista studiossa luettu, k\u00e4sikirjoitettu ja liioitellun huolellisesti artikuloitu teksti ei mietityst\u00e4 sis\u00e4ll\u00f6st\u00e4\u00e4n huolimatta onnistu vangitsemaan katsojaa samalla tavoin kuin nuorten vlogien kotikutoinen ja improvisoitu h\u00f6p\u00f6tys.<\/p>\n\n\n\n<p>Sit\u00e4kin olen miettinyt, miten k\u00e4y Sara Maria Forsbergille, kun h\u00e4net tempaistaan t\u00e4hdeksi oman hiekkalaatikkonsa ulkopuolelle. Riitt\u00e4\u00e4k\u00f6 talenttia my\u00f6s kokonaisiin tv-sarjoihin, mainoksiin tai musiikkiuralle? Kieli-imitaatio kantaa kertaluonteisena vitsin\u00e4 <a href=\"http:\/\/www.mtv.fi\/viihde\/hollywood\/artikkeli\/sara-maria-hurmasi-talk-show-ssa---ellen-degeneres-ei-tunnistanut-amerikkaa-\/3147956\">talk show&#8217;n vieraana<\/a>, mutta viihdebisneksess\u00e4&nbsp;pinnalla pysymiseen tarvitaan paljon enemm\u00e4n.<\/p>\n\n\n\n<p>&gt;&gt; Aiheeseen liittyen: Helsingin Sanomain S\u00e4\u00e4ti\u00f6 j\u00e4rjest\u00e4\u00e4 12. toukokuuta <a href=\"http:\/\/www.hssaatio.fi\/mobiilimuksut-seminaari-lasten-ja-nuorten-mediaymparistosta\/\" target=\"_blank\">Mobiilimuksut-seminaarin<\/a>, jossa tarkastellaan lasten ja nuorten mediaymp\u00e4rist\u00f6n muutoksia. Ilmoittautumisaikaa on 7.5. asti.<\/p>\n\n\n","protected":false},"excerpt":{"rendered":"<p>Moiiiiiii kaikkiii! Tykk\u00e4isittek\u00f6 katsella t\u00e4t\u00e4 medial\u00e4pp\u00e4\u00e4ni videolta? H\u00f6p\u00f6ttelisin kolmisen minuuttia tajunnanvirtaa keitti\u00f6ss\u00e4ni, heitt\u00e4isin johonkin v\u00e4liin 10 parasta kommenttia ja nakkaisin teille&nbsp;turhan taidon pallon. Mit\u00e4 turhia taitoja teill\u00e4 on?<br \/>\nVoisin my\u00f6s ve&hellip;<\/p>\n","protected":false},"author":148,"featured_media":0,"comment_status":"open","ping_status":"closed","sticky":false,"template":"","format":"standard","meta":{"_acf_changed":false,"asauth_required_access_level":3,"asauth_cansharepaid":"true","om_header_attributes":[],"footnotes":"","om_featured_image_focal_point":[],"om_primary_tag":0,"om_contributors":[],"om_co_authors":[],"beyondwords_generate_audio":"","beyondwords_project_id":"","beyondwords_content_id":"","beyondwords_preview_token":"","beyondwords_player_content":"","beyondwords_player_style":"","beyondwords_language_code":"","beyondwords_language_id":"","beyondwords_title_voice_id":"","beyondwords_body_voice_id":"","beyondwords_summary_voice_id":"","beyondwords_error_message":"","beyondwords_disabled":"","beyondwords_delete_content":"","beyondwords_podcast_id":"","beyondwords_hash":"","publish_post_to_speechkit":"","speechkit_hash":"","speechkit_generate_audio":"","speechkit_project_id":"","speechkit_podcast_id":"","speechkit_error_message":"","speechkit_disabled":"","speechkit_access_key":"","speechkit_error":"","speechkit_info":"","speechkit_response":"","speechkit_retries":"","speechkit_status":"","speechkit_updated_at":"","_speechkit_link":"","_speechkit_text":""},"categories":[1],"tags":[290,288,292,301,303,299,298,297,293,300,295,296,291,302,294,289,287,160],"class_list":["post-351","post","type-post","status-publish","format-standard","hentry","category-mediasekaantuja","tag-bloggaajat","tag-blogit","tag-eeddspeaks","tag-harri-moisio","tag-julkkiskulttuuri","tag-karoliina-talvite-lamberg","tag-keravan-prisman-hurmuri","tag-kielinainen","tag-mrtuomo","tag-radio-rock","tag-sara-maria-forsberg","tag-smoukahontas","tag-soikkuu","tag-sosiaalinen-media","tag-videobloggaus","tag-vloggaajat","tag-vlogit","tag-youtube"],"om_views":null,"acf":{"tuuma_off":false,"tuuma_kysymys":"","tuuma_vastaus":""},"asauth":{"required_access_level":1,"share_token":"","is_paid":false},"yoast_head":"<!-- This site is optimized with the Yoast SEO plugin v26.4 - https:\/\/yoast.com\/wordpress\/plugins\/seo\/ -->\n<title>&quot;Kielinainen&quot; on vlogi-kulttuurin timantti - Mediaansekaantuja<\/title>\n<meta name=\"description\" content=\"Julkisuudessa puhutaan aika v\u00e4h\u00e4n vloggaamisesta, vaikka ilmi\u00f6 on ly\u00f6nyt Suomessakin itsens\u00e4 l\u00e4pi nuorten uutena itseilmaisutapana. Mist\u00e4 siin\u00e4 on kyse?\" \/>\n<meta name=\"robots\" content=\"index, follow, max-snippet:-1, max-image-preview:large, max-video-preview:-1\" \/>\n<link rel=\"canonical\" href=\"https:\/\/suomenkuvalehti.fi\/mediasekaantuja\/kielinainen-vlogi-kulttuurin-timantti\/\" \/>\n<meta property=\"og:locale\" content=\"fi_FI\" \/>\n<meta property=\"og:type\" content=\"article\" \/>\n<meta property=\"og:title\" content=\"&quot;Kielinainen&quot; on vlogi-kulttuurin timantti - Mediaansekaantuja\" \/>\n<meta property=\"og:description\" content=\"Julkisuudessa puhutaan aika v\u00e4h\u00e4n vloggaamisesta, vaikka ilmi\u00f6 on ly\u00f6nyt Suomessakin itsens\u00e4 l\u00e4pi nuorten uutena itseilmaisutapana. Mist\u00e4 siin\u00e4 on kyse?\" \/>\n<meta property=\"og:url\" content=\"https:\/\/suomenkuvalehti.fi\/mediasekaantuja\/kielinainen-vlogi-kulttuurin-timantti\/\" \/>\n<meta property=\"og:site_name\" content=\"Mediaansekaantuja\" \/>\n<meta property=\"article:published_time\" content=\"2014-04-29T10:43:36+00:00\" \/>\n<meta property=\"article:modified_time\" content=\"2014-04-29T11:19:44+00:00\" \/>\n<meta property=\"og:image\" content=\"https:\/\/suomenkuvalehti.fi\/mediasekaantuja\/wp-content\/uploads\/sites\/18\/2022\/04\/pasi_kivioja_02-scaled.jpg\" \/>\n\t<meta property=\"og:image:width\" content=\"2560\" \/>\n\t<meta property=\"og:image:height\" content=\"1707\" \/>\n\t<meta property=\"og:image:type\" content=\"image\/jpeg\" \/>\n<meta name=\"author\" content=\"Pasi Kivioja\" \/>\n<meta name=\"twitter:card\" content=\"summary_large_image\" \/>\n<meta name=\"twitter:creator\" content=\"@https:\/\/twitter.com\/PasiKivioja\" \/>\n<meta name=\"twitter:label1\" content=\"Written by\" \/>\n\t<meta name=\"twitter:data1\" content=\"Pasi Kivioja\" \/>\n\t<meta name=\"twitter:label2\" content=\"Est. reading time\" \/>\n\t<meta name=\"twitter:data2\" content=\"4 minuuttia\" \/>\n<script type=\"application\/ld+json\" class=\"yoast-schema-graph\">{\"@context\":\"https:\/\/schema.org\",\"@graph\":[{\"@type\":\"WebPage\",\"@id\":\"https:\/\/suomenkuvalehti.fi\/mediasekaantuja\/kielinainen-vlogi-kulttuurin-timantti\/\",\"url\":\"https:\/\/suomenkuvalehti.fi\/mediasekaantuja\/kielinainen-vlogi-kulttuurin-timantti\/\",\"name\":\"\\\"Kielinainen\\\" on vlogi-kulttuurin timantti - Mediaansekaantuja\",\"isPartOf\":{\"@id\":\"https:\/\/suomenkuvalehti.fi\/mediasekaantuja\/#website\"},\"datePublished\":\"2014-04-29T10:43:36+00:00\",\"dateModified\":\"2014-04-29T11:19:44+00:00\",\"author\":{\"@id\":\"https:\/\/suomenkuvalehti.fi\/mediasekaantuja\/#\/schema\/person\/e5cfc3b0243594a363a937aa1d165533\"},\"description\":\"Julkisuudessa puhutaan aika v\u00e4h\u00e4n vloggaamisesta, vaikka ilmi\u00f6 on ly\u00f6nyt Suomessakin itsens\u00e4 l\u00e4pi nuorten uutena itseilmaisutapana. Mist\u00e4 siin\u00e4 on kyse?\",\"breadcrumb\":{\"@id\":\"https:\/\/suomenkuvalehti.fi\/mediasekaantuja\/kielinainen-vlogi-kulttuurin-timantti\/#breadcrumb\"},\"inLanguage\":\"fi\",\"potentialAction\":[{\"@type\":\"ReadAction\",\"target\":[\"https:\/\/suomenkuvalehti.fi\/mediasekaantuja\/kielinainen-vlogi-kulttuurin-timantti\/\"]}]},{\"@type\":\"BreadcrumbList\",\"@id\":\"https:\/\/suomenkuvalehti.fi\/mediasekaantuja\/kielinainen-vlogi-kulttuurin-timantti\/#breadcrumb\",\"itemListElement\":[{\"@type\":\"ListItem\",\"position\":1,\"name\":\"Home\",\"item\":\"https:\/\/suomenkuvalehti.fi\/mediasekaantuja\/\"},{\"@type\":\"ListItem\",\"position\":2,\"name\":\"&#8221;Kielinainen&#8221; on vlogi-kulttuurin timantti\"}]},{\"@type\":\"WebSite\",\"@id\":\"https:\/\/suomenkuvalehti.fi\/mediasekaantuja\/#website\",\"url\":\"https:\/\/suomenkuvalehti.fi\/mediasekaantuja\/\",\"name\":\"Mediaansekaantuja\",\"description\":\"Pasi Kivioja analysoi median ilmi\u00f6it\u00e4.\",\"potentialAction\":[{\"@type\":\"SearchAction\",\"target\":{\"@type\":\"EntryPoint\",\"urlTemplate\":\"https:\/\/suomenkuvalehti.fi\/haku\/?q={search_term_string}\"},\"query-input\":{\"@type\":\"PropertyValueSpecification\",\"valueRequired\":true,\"valueName\":\"search_term_string\"}}],\"inLanguage\":\"fi\"},{\"@type\":\"Person\",\"@id\":\"https:\/\/suomenkuvalehti.fi\/mediasekaantuja\/#\/schema\/person\/e5cfc3b0243594a363a937aa1d165533\",\"name\":\"Pasi Kivioja\",\"image\":{\"@type\":\"ImageObject\",\"inLanguage\":\"fi\",\"@id\":\"https:\/\/suomenkuvalehti.fi\/mediasekaantuja\/#\/schema\/person\/image\/\",\"url\":\"https:\/\/suomenkuvalehti.fi\/mediasekaantuja\/wp-content\/uploads\/sites\/18\/2022\/04\/pasi_kivioja_02-150x150.jpg\",\"contentUrl\":\"https:\/\/suomenkuvalehti.fi\/mediasekaantuja\/wp-content\/uploads\/sites\/18\/2022\/04\/pasi_kivioja_02-150x150.jpg\",\"caption\":\"Pasi Kivioja\"},\"description\":\"Pasi Kivioja on median murroksesta ja mediataloudesta v\u00e4itellyt YTT, vapaa toimittaja ja viestint\u00e4yritt\u00e4j\u00e4.\",\"sameAs\":[\"https:\/\/x.com\/https:\/\/twitter.com\/PasiKivioja\"]}]}<\/script>\n<!-- \/ Yoast SEO plugin. -->","yoast_head_json":{"title":"\"Kielinainen\" on vlogi-kulttuurin timantti - Mediaansekaantuja","description":"Julkisuudessa puhutaan aika v\u00e4h\u00e4n vloggaamisesta, vaikka ilmi\u00f6 on ly\u00f6nyt Suomessakin itsens\u00e4 l\u00e4pi nuorten uutena itseilmaisutapana. Mist\u00e4 siin\u00e4 on kyse?","robots":{"index":"index","follow":"follow","max-snippet":"max-snippet:-1","max-image-preview":"max-image-preview:large","max-video-preview":"max-video-preview:-1"},"canonical":"https:\/\/suomenkuvalehti.fi\/mediasekaantuja\/kielinainen-vlogi-kulttuurin-timantti\/","og_locale":"fi_FI","og_type":"article","og_title":"\"Kielinainen\" on vlogi-kulttuurin timantti - Mediaansekaantuja","og_description":"Julkisuudessa puhutaan aika v\u00e4h\u00e4n vloggaamisesta, vaikka ilmi\u00f6 on ly\u00f6nyt Suomessakin itsens\u00e4 l\u00e4pi nuorten uutena itseilmaisutapana. Mist\u00e4 siin\u00e4 on kyse?","og_url":"https:\/\/suomenkuvalehti.fi\/mediasekaantuja\/kielinainen-vlogi-kulttuurin-timantti\/","og_site_name":"Mediaansekaantuja","article_published_time":"2014-04-29T10:43:36+00:00","article_modified_time":"2014-04-29T11:19:44+00:00","og_image":[{"width":2560,"height":1707,"url":"https:\/\/suomenkuvalehti.fi\/mediasekaantuja\/wp-content\/uploads\/sites\/18\/2022\/04\/pasi_kivioja_02-scaled.jpg","type":"image\/jpeg"}],"author":"Pasi Kivioja","twitter_card":"summary_large_image","twitter_creator":"@https:\/\/twitter.com\/PasiKivioja","twitter_misc":{"Written by":"Pasi Kivioja","Est. reading time":"4 minuuttia"},"schema":{"@context":"https:\/\/schema.org","@graph":[{"@type":"WebPage","@id":"https:\/\/suomenkuvalehti.fi\/mediasekaantuja\/kielinainen-vlogi-kulttuurin-timantti\/","url":"https:\/\/suomenkuvalehti.fi\/mediasekaantuja\/kielinainen-vlogi-kulttuurin-timantti\/","name":"\"Kielinainen\" on vlogi-kulttuurin timantti - Mediaansekaantuja","isPartOf":{"@id":"https:\/\/suomenkuvalehti.fi\/mediasekaantuja\/#website"},"datePublished":"2014-04-29T10:43:36+00:00","dateModified":"2014-04-29T11:19:44+00:00","author":{"@id":"https:\/\/suomenkuvalehti.fi\/mediasekaantuja\/#\/schema\/person\/e5cfc3b0243594a363a937aa1d165533"},"description":"Julkisuudessa puhutaan aika v\u00e4h\u00e4n vloggaamisesta, vaikka ilmi\u00f6 on ly\u00f6nyt Suomessakin itsens\u00e4 l\u00e4pi nuorten uutena itseilmaisutapana. Mist\u00e4 siin\u00e4 on kyse?","breadcrumb":{"@id":"https:\/\/suomenkuvalehti.fi\/mediasekaantuja\/kielinainen-vlogi-kulttuurin-timantti\/#breadcrumb"},"inLanguage":"fi","potentialAction":[{"@type":"ReadAction","target":["https:\/\/suomenkuvalehti.fi\/mediasekaantuja\/kielinainen-vlogi-kulttuurin-timantti\/"]}]},{"@type":"BreadcrumbList","@id":"https:\/\/suomenkuvalehti.fi\/mediasekaantuja\/kielinainen-vlogi-kulttuurin-timantti\/#breadcrumb","itemListElement":[{"@type":"ListItem","position":1,"name":"Home","item":"https:\/\/suomenkuvalehti.fi\/mediasekaantuja\/"},{"@type":"ListItem","position":2,"name":"&#8221;Kielinainen&#8221; on vlogi-kulttuurin timantti"}]},{"@type":"WebSite","@id":"https:\/\/suomenkuvalehti.fi\/mediasekaantuja\/#website","url":"https:\/\/suomenkuvalehti.fi\/mediasekaantuja\/","name":"Mediaansekaantuja","description":"Pasi Kivioja analysoi median ilmi\u00f6it\u00e4.","potentialAction":[{"@type":"SearchAction","target":{"@type":"EntryPoint","urlTemplate":"https:\/\/suomenkuvalehti.fi\/haku\/?q={search_term_string}"},"query-input":{"@type":"PropertyValueSpecification","valueRequired":true,"valueName":"search_term_string"}}],"inLanguage":"fi"},{"@type":"Person","@id":"https:\/\/suomenkuvalehti.fi\/mediasekaantuja\/#\/schema\/person\/e5cfc3b0243594a363a937aa1d165533","name":"Pasi Kivioja","image":{"@type":"ImageObject","inLanguage":"fi","@id":"https:\/\/suomenkuvalehti.fi\/mediasekaantuja\/#\/schema\/person\/image\/","url":"https:\/\/suomenkuvalehti.fi\/mediasekaantuja\/wp-content\/uploads\/sites\/18\/2022\/04\/pasi_kivioja_02-150x150.jpg","contentUrl":"https:\/\/suomenkuvalehti.fi\/mediasekaantuja\/wp-content\/uploads\/sites\/18\/2022\/04\/pasi_kivioja_02-150x150.jpg","caption":"Pasi Kivioja"},"description":"Pasi Kivioja on median murroksesta ja mediataloudesta v\u00e4itellyt YTT, vapaa toimittaja ja viestint\u00e4yritt\u00e4j\u00e4.","sameAs":["https:\/\/x.com\/https:\/\/twitter.com\/PasiKivioja"]}]}},"_links":{"self":[{"href":"https:\/\/suomenkuvalehti.fi\/mediasekaantuja\/wp-json\/wp\/v2\/posts\/351","targetHints":{"allow":["GET"]}}],"collection":[{"href":"https:\/\/suomenkuvalehti.fi\/mediasekaantuja\/wp-json\/wp\/v2\/posts"}],"about":[{"href":"https:\/\/suomenkuvalehti.fi\/mediasekaantuja\/wp-json\/wp\/v2\/types\/post"}],"author":[{"embeddable":true,"href":"https:\/\/suomenkuvalehti.fi\/mediasekaantuja\/wp-json\/wp\/v2\/users\/148"}],"replies":[{"embeddable":true,"href":"https:\/\/suomenkuvalehti.fi\/mediasekaantuja\/wp-json\/wp\/v2\/comments?post=351"}],"version-history":[{"count":14,"href":"https:\/\/suomenkuvalehti.fi\/mediasekaantuja\/wp-json\/wp\/v2\/posts\/351\/revisions"}],"predecessor-version":[{"id":365,"href":"https:\/\/suomenkuvalehti.fi\/mediasekaantuja\/wp-json\/wp\/v2\/posts\/351\/revisions\/365"}],"wp:attachment":[{"href":"https:\/\/suomenkuvalehti.fi\/mediasekaantuja\/wp-json\/wp\/v2\/media?parent=351"}],"wp:term":[{"taxonomy":"category","embeddable":true,"href":"https:\/\/suomenkuvalehti.fi\/mediasekaantuja\/wp-json\/wp\/v2\/categories?post=351"},{"taxonomy":"post_tag","embeddable":true,"href":"https:\/\/suomenkuvalehti.fi\/mediasekaantuja\/wp-json\/wp\/v2\/tags?post=351"}],"curies":[{"name":"wp","href":"https:\/\/api.w.org\/{rel}","templated":true}]}}