{"id":3150,"date":"2021-01-20T09:34:42","date_gmt":"2021-01-20T07:34:42","guid":{"rendered":"https:\/\/suomenkuvalehti.fi\/mediasekaantuja\/?p=3150"},"modified":"2021-01-20T17:43:47","modified_gmt":"2021-01-20T15:43:47","slug":"lehti-julkaisi-salaliittoteoreetikon-mielipidekirjoituksen-paatoimittaja-myontaa-ylilyonnin","status":"publish","type":"post","link":"https:\/\/suomenkuvalehti.fi\/mediasekaantuja\/lehti-julkaisi-salaliittoteoreetikon-mielipidekirjoituksen-paatoimittaja-myontaa-ylilyonnin\/","title":{"rendered":"Lehti julkaisi salaliittoteoreetikon mielipidekirjoituksen \u2013 p\u00e4\u00e4toimittaja my\u00f6nt\u00e4\u00e4 ylily\u00f6nnin"},"content":{"rendered":"\n<p><span class=\"capitalized\">Etel\u00e4-Pohjanmaalla ilmestyv\u00e4<\/span> kaupunkilehti <em>Epari<\/em> julkaisi p\u00e4\u00e4toimittajan siunauksella h\u00e4mm\u00e4styst\u00e4 her\u00e4tt\u00e4neen mielipidekirjoituksen, joka sis\u00e4lsi moneen kertaan kumottuja salaliittoteorioita ja paikkansa pit\u00e4m\u00e4t\u00f6nt\u00e4 tietoa.<\/p>\n\n\n\n<p>Tapauksella on laajempaa merkityst\u00e4, sill\u00e4 se osoittaa konkreettisesti, miksei vastuullinen media voi julkaista mit\u00e4 tahansa kritiikitt\u00e4 edes mielipiteenvapauden nimiss\u00e4.<\/p>\n\n\n\n<p>Journalistin ohjeet pyrkiv\u00e4t suojaamaan yleis\u00f6\u00e4 tietoiselta disinformaatiolta. Suojakilpi ei ole t\u00e4ydellinen, mutta se toimii my\u00f6s j\u00e4lkik\u00e4teen, kuten t\u00e4m\u00e4 tapaus osoittaa.<\/p>\n\n\n<figure class=\"alignleft size-medium is-resized wp-block-image\">\n  <div class=\"wp-block-image__inner-container\">\n    <a href='https:\/\/suomenkuvalehti.fi\/mediasekaantuja\/wp-content\/uploads\/sites\/18\/2021\/01\/epari1.jpg'><img loading=\"lazy\" decoding=\"async\" src=\"https:\/\/suomenkuvalehti.fi\/mediasekaantuja\/wp-content\/uploads\/sites\/18\/2021\/01\/epari1-228x300.jpg\" alt=\"\" class=\"wp-image-3156\" width=\"228\" height=\"300\" style=\"--aspect-ratio: 0.76\" srcset=\"https:\/\/suomenkuvalehti.fi\/mediasekaantuja\/wp-content\/uploads\/sites\/18\/2021\/01\/epari1-228x300.jpg 228w, https:\/\/suomenkuvalehti.fi\/mediasekaantuja\/wp-content\/uploads\/sites\/18\/2021\/01\/epari1-300x395.jpg 300w, https:\/\/suomenkuvalehti.fi\/mediasekaantuja\/wp-content\/uploads\/sites\/18\/2021\/01\/epari1.jpg 619w\" sizes=\"auto, (max-width: 228px) 100vw, 228px\" \/><\/a>    <figcaption class=\"wp-block-image__figcaption\">\n      Pohjanmaalla ilmestyv\u00e4 kaupunkilehti Epari julkaisi valheellisia salaliittoteorioita vilisseen mielipidekirjoituksen 13. tammikuuta.          <\/figcaption>\n      <\/div>\n<\/figure>\n\n\n<p><span class=\"capitalized\">Eparin julkaisemassa<\/span> mielipidekirjoituksessa (<a href=\"https:\/\/www.e-pages.dk\/epari\/435\/\" target=\"_blank\" rel=\"noopener\">s. 19, Epari 13.1.<\/a>) omalla nimell\u00e4\u00e4n esiintyv\u00e4 kirjoittaja toteaa &#8221;mielipiteen\u00e4\u00e4n&#8221; muun muassa, ett\u00e4 koronavirus on ihmisten tekem\u00e4, valmistettu Kiinassa, ja yksi sen teht\u00e4vist\u00e4 oli saada Yhdysvalloissa aikaan laajamittainen posti\u00e4\u00e4nestys vaalituloksen v\u00e4\u00e4rent\u00e4miseksi <strong>Joe Bidenille<\/strong>.<\/p>\n\n\n\n<p>N\u00e4m\u00e4 eiv\u00e4t kuitenkaan ole mielipidekysymyksi\u00e4. Fakta on se, <a href=\"https:\/\/apnews.com\/article\/9391149002\" target=\"_blank\" rel=\"noopener\">ettei tiedeyhteis\u00f6 ole l\u00f6yt\u00e4nyt n\u00e4ytt\u00f6\u00e4<\/a> covid 19 -viruksen keinotekoisesta alkuper\u00e4st\u00e4. <a href=\"https:\/\/www.dni.gov\/index.php\/newsroom\/press-releases\/item\/2112-intelligence-community-statement-on-origins-of-covid-19\" target=\"_blank\" rel=\"noopener\">My\u00f6sk\u00e4\u00e4n Yhdysvaltain tiedusteluelimet<\/a> eiv\u00e4t ole saaneet t\u00e4llaisesta todisteita.<\/p>\n\n\n\n<p>Faktaa on my\u00f6s se, ettei Yhdysvaltain presidentinvaalien tulosta <a href=\"https:\/\/www.nytimes.com\/2020\/11\/10\/us\/politics\/voting-fraud.html\" target=\"_blank\" rel=\"noopener\">v\u00e4\u00e4rennetty laajamittaisesti<\/a>. Todisteita laajamittaisesta v\u00e4\u00e4rent\u00e4misest\u00e4 ei kovista v\u00e4itteist\u00e4 huolimatta koskaan esitetty, ja eri oikeusasteet <a href=\"https:\/\/www.forbes.com\/sites\/alisondurkee\/2021\/01\/11\/supreme-court-refuses-to-consider-gop-trump-post-election-cases-before-biden-takes-office\/?sh=15670342fcbc\" target=\"_blank\" rel=\"noopener\">korkeinta oikeutta my\u00f6ten<\/a> torjuivat v\u00e4\u00e4renn\u00f6skanteiden k\u00e4sittelyn ennen presidentiksi valitun <strong>Joe Bidenin<\/strong> virkaanastumista.<\/p>\n\n\n\n<p>N\u00e4in my\u00f6s mielipidekirjoituksessa mainittu yhteys koronaviruksen tarkoituksellisen levitt\u00e4misen ja posti\u00e4\u00e4nten v\u00e4\u00e4rent\u00e4misen v\u00e4lill\u00e4 on mielikuvituksen tuotetta. T\u00e4m\u00e4k\u00e4\u00e4n ei ole mielipidekysymys vaan kirjoittaja v\u00e4\u00e4ristelee tosiasioita.<\/p>\n\n\n\n<p>Lis\u00e4ksi kirjoituksessa muun muassa kiistet\u00e4\u00e4n pandemian olemassaolo vedoten normaalin kausi-influenssan laajempaan tappavuuteen.<\/p>\n\n\n\n<p>&#8221;QAnon-moskaa&#8221;, kommentoikin er\u00e4s lukija Facebookissa.<\/p>\n\n\n\n<p>QAnon on <strong>Donald Trumpia<\/strong> kannattavien salaliittoteoreetikoiden kultti, joka on levitt\u00e4nyt juuri n\u00e4it\u00e4 samoja v\u00e4itteit\u00e4 ennen Yhdysvaltojen vaaleja ja koronapandemian aikana.<\/p>\n\n\n\n<p>Yll\u00e4tt\u00e4v\u00e4\u00e4 on, ett\u00e4 t\u00e4llainen h\u00f6lynp\u00f6ly p\u00e4\u00e4tyy Sein\u00e4joella ilmestyv\u00e4n, vastik\u00e4\u00e4n&nbsp;<a href=\"https:\/\/www.epari.fi\/uutiset\/online-uutiset\/epari-teki-hattutempun-kaupunkilehti-pokkasi-kolme-kultaa-suurilla-lehtipaivilla-1.9553457\" target=\"_blank\" rel=\"noopener\">palkitun<\/a> lehden palstant\u00e4ytteeksi p\u00e4\u00e4toimittajan n\u00e4enn\u00e4isen tasapuolisuuden vuoksi.<\/p>\n\n\n\n<p><span class=\"capitalized\"> I-medioiden omistama<\/span> Epari kuuluu Uutismedian liittoon (ent. Sanomalehtien Liitto) ja on sit\u00e4 kautta sitoutunut my\u00f6s Julkisen sanan neuvoston vahvistamiin <a href=\"https:\/\/www.jsn.fi\/journalistin_ohjeet\/\" target=\"_blank\" rel=\"noopener\">Journalistin ohjeisiin<\/a>.<\/p>\n\n\n\n<p>Ohjeiden mukaan journalistin velvollisuus on pyrki\u00e4 totuudenmukaiseen tiedonv\u00e4litykseen, tiedot on tarkistettava mahdollisimman hyvin, ja yleis\u00f6n on voitava erottaa tosiasiat mielipiteist\u00e4 ja sepitteellisest\u00e4 aineistosta. Tietojen on oltava totta my\u00f6s mielipidekirjoituksissa.<\/p>\n\n\n<figure class=\"alignleft size-medium wp-block-image\">\n  <div class=\"wp-block-image__inner-container\">\n    <a href='https:\/\/suomenkuvalehti.fi\/mediasekaantuja\/wp-content\/uploads\/sites\/18\/2021\/01\/epari2.jpg'><img loading=\"lazy\" decoding=\"async\" src=\"https:\/\/suomenkuvalehti.fi\/mediasekaantuja\/wp-content\/uploads\/sites\/18\/2021\/01\/epari2-300x210.jpg\" alt=\"\" class=\"wp-image-3157\" width=\"653\" height=\"457\" style=\"--aspect-ratio: 1.43\" srcset=\"https:\/\/suomenkuvalehti.fi\/mediasekaantuja\/wp-content\/uploads\/sites\/18\/2021\/01\/epari2-300x210.jpg 300w, https:\/\/suomenkuvalehti.fi\/mediasekaantuja\/wp-content\/uploads\/sites\/18\/2021\/01\/epari2-630x441.jpg 630w, https:\/\/suomenkuvalehti.fi\/mediasekaantuja\/wp-content\/uploads\/sites\/18\/2021\/01\/epari2.jpg 653w\" sizes=\"auto, (max-width: 653px) 100vw, 653px\" \/><\/a>    <figcaption class=\"wp-block-image__figcaption\">\n      Eparin p\u00e4\u00e4toimittaja Tero Hautam\u00e4ki perusteli p\u00e4\u00e4kirjoituksessaan mielipidekirjoituksen julkaisua &#8221;toisen totuuden&#8221; kuulemisella.          <\/figcaption>\n      <\/div>\n<\/figure>\n\n\n<p>Eparin p\u00e4\u00e4toimittaja <strong>Tero Hautam\u00e4ki<\/strong> perusteli saman p\u00e4iv\u00e4n p\u00e4\u00e4kirjoituksessaan pupun julkaisua sill\u00e4, ett\u00e4 h\u00e4n oli saanut aiemmin er\u00e4\u00e4lt\u00e4 lukijalta moitteita &#8221;lehden kautta yksipuolisesti ajetusta totuudesta&#8221;.<\/p>\n\n\n\n<p>&#8221;Tein mielest\u00e4ni silloin oikein. Nuo sanat ovat kuitenkin j\u00e4\u00e4neet sen verran mieleen, ett\u00e4 p\u00e4\u00e4tin raivata sivulta 19 palstatilaa koronailmi\u00f6n &#8217;toiselle totuudelle&#8217;, joka tunnetaan my\u00f6s salaliittoteoriana&#8221;, Hautam\u00e4ki kirjoittaa.<\/p>\n\n\n\n<p>Hautam\u00e4en mukaan tekstin l\u00e4hett\u00e4nyt henkil\u00f6 esiintyi yhteydenotossaan fiksusti ja on kirjoittanut jutun omalla nimell\u00e4\u00e4n.<\/p>\n\n\n\n<p>&#8221;Sellaista k\u00e4yt\u00f6st\u00e4 tekee aina mieli kunnioittaa, vaikka vakavasta asiasta olisikin t\u00e4ysin eri mielt\u00e4.&#8221;<\/p>\n\n\n\n<p><span class=\"capitalized\">Minusta on erikoista,<\/span> ett\u00e4 vaikka p\u00e4\u00e4toimittaja ilmoittaa olevansa kirjoituksen sis\u00e4ll\u00f6st\u00e4 eri mielt\u00e4, h\u00e4n antaa ymm\u00e4rt\u00e4\u00e4, ett\u00e4 kyse on <em>toisesta totuudesta<\/em>.<\/p>\n\n\n\n<p>Kyse ei ole totuudesta, ei ensimm\u00e4isest\u00e4 eik\u00e4 toisesta, vaan valheista.<\/p>\n\n\n\n<p>Kerroin Hautam\u00e4elle, milt\u00e4 tapaus n\u00e4ytt\u00e4\u00e4 Journalistin ohjeiden n\u00e4k\u00f6kulmasta, ja kysyin, onko h\u00e4n tosiaan sit\u00e4 mielt\u00e4,&nbsp;ett\u00e4 my\u00f6s totuuden vastaisia mielipidekirjoituksia on tarpeen julkaista \u201dtasapuolisuuden\u201d nimiss\u00e4.<\/p>\n\n\n\n<p>&#8221;En ole sit\u00e4 mielt\u00e4, ett\u00e4 totuuden vastaisia mielipidekirjoituksia on tarpeen julkaista mink\u00e4\u00e4n nimess\u00e4. P\u00e4\u00e4dyin t\u00e4h\u00e4n ylily\u00f6neeseen ratkaisuun, koska halusin her\u00e4tt\u00e4\u00e4 mielipidesivulla keskustelua aiheesta nimenomaan niin, ett\u00e4 tolkun lukijat provosoituvat ja ottavat kyseiseen tekstiin jyrk\u00e4n vastakkaisen kannan ja my\u00f6s ilmoittavat siit\u00e4 muille julkaistaviksi tarkoitetuin lukijakommentein. Tavoittelin n\u00e4in taas yht\u00e4 tapaa lis\u00e4t\u00e4 koronarokotteen puolesta k\u00e4yt\u00e4v\u00e4\u00e4 keskustelua lehdess\u00e4 entisest\u00e4\u00e4n&#8221;, Hautam\u00e4ki vastasi eilen illalla.<\/p>\n\n\n\n<p>Hautam\u00e4en mukaan tekstist\u00e4 ei ole tullut oikaisupyynt\u00f6j\u00e4.<\/p>\n\n\n\n<p>&#8221;T\u00e4m\u00e4n voi tulkita niin, ett\u00e4 ihmiset ovat vet\u00e4neet omat johtop\u00e4\u00e4t\u00f6ksens\u00e4 tekstin oikeellisuudesta ja uskottavuudesta ja viitanneet sille kintaalla. Todenn\u00e4k\u00f6isesti ovat my\u00f6s pettyneet siihen, ett\u00e4 kaikkea sit\u00e4 joutuukin lukemaan. Kuten sanottu, en ole ratkaisustani ylpe\u00e4, mutta ajattelen taustalla olleen hyv\u00e4t tarkoitusper\u00e4t.&#8221;<\/p>\n\n\n<figure class=\"alignleft size-medium wp-block-image\">\n  <div class=\"wp-block-image__inner-container\">\n    <a href='https:\/\/suomenkuvalehti.fi\/mediasekaantuja\/wp-content\/uploads\/sites\/18\/2021\/01\/epari3.jpg'><img loading=\"lazy\" decoding=\"async\" src=\"https:\/\/suomenkuvalehti.fi\/mediasekaantuja\/wp-content\/uploads\/sites\/18\/2021\/01\/epari3-120x300.jpg\" alt=\"\" class=\"wp-image-3173\" width=\"306\" height=\"765\" style=\"--aspect-ratio: 0.4\" srcset=\"https:\/\/suomenkuvalehti.fi\/mediasekaantuja\/wp-content\/uploads\/sites\/18\/2021\/01\/epari3-120x300.jpg 120w, https:\/\/suomenkuvalehti.fi\/mediasekaantuja\/wp-content\/uploads\/sites\/18\/2021\/01\/epari3-300x750.jpg 300w, https:\/\/suomenkuvalehti.fi\/mediasekaantuja\/wp-content\/uploads\/sites\/18\/2021\/01\/epari3.jpg 306w\" sizes=\"auto, (max-width: 306px) 100vw, 306px\" \/><\/a>    <figcaption class=\"wp-block-image__figcaption\">\n      P\u00e4\u00e4toimittaja uskoo &#8221;tolkun ihmisten&#8221; n\u00e4kev\u00e4n harhaanjohtavien v\u00e4itteiden taakse (Epari 20.1.)          <\/figcaption>\n      <\/div>\n<\/figure>\n\n\n<p>Lis\u00e4ksi&nbsp;toimitukseen on Hautam\u00e4en mukaan tullut yhteydenottoja, joissa on toivottu, ettei t\u00e4llaista \u201dpotaskaa ja huuhaa-teksti\u00e4\u201d en\u00e4\u00e4 koskaan julkaista.<\/p>\n\n\n\n<p><strong>Aiotteko oikaista tekstin sis\u00e4lt\u00e4mi\u00e4 asiavirheit\u00e4?<\/strong><\/p>\n\n\n\n<p>&#8221;Kyll\u00e4. Tekeill\u00e4 on juttu, jossa oikaistaan kyseisen tekstin r\u00e4ikeimpi\u00e4 asiavirheit\u00e4.&#8221;<\/p>\n\n\n\n<p><span class=\"capitalized\">T\u00e4n\u00e4\u00e4n 20.1.<\/span> ilmestyneess\u00e4 Eparissa on p\u00e4\u00e4toimittajan kommentti (<a href=\"https:\/\/www.e-pages.dk\/epari\/436\/\" target=\"_blank\" rel=\"noopener\">s. 21, Epari 20.1.<\/a>), jossa Hautam\u00e4ki viel\u00e4 perustelee julkaisup\u00e4\u00e4t\u00f6st\u00e4\u00e4n, selostaa omaa ja lehtens\u00e4 mielipidekirjoituksesta poikkeavaa kantaa ja pahoittelee ratkaisuaan.<\/p>\n\n\n\n<p>&#8221;Nyt olemme tilanteessa, jossa mielipidesivulla on julkaistu mielipide, jonka esitt\u00e4mi\u00e4 v\u00e4itt\u00e4mi\u00e4 ei voida mink\u00e4\u00e4nlaisin perustein pit\u00e4\u00e4 paikkansapit\u00e4vin\u00e4. Pahoittelen tapahtunutta lukijoille&#8221;, Hautam\u00e4ki kirjoittaa lehdess\u00e4.<\/p>\n\n\n\n<p><em>&gt;&gt; Oikaisu 20.1: klo 16.30 korjattu Pohjanmaa Etel\u00e4-Pohjanmaaksi ja klo 17.40 Sanomalehtien Liiton nykyinen nimi Uutismedian liitoksi.<\/em><\/p>\n\n\n","protected":false},"excerpt":{"rendered":"<p>Etel\u00e4-Pohjanmaalla ilmestyv\u00e4 kaupunkilehti Epari julkaisi p\u00e4\u00e4toimittajan siunauksella h\u00e4mm\u00e4styst\u00e4 her\u00e4tt\u00e4neen mielipidekirjoituksen, joka sis\u00e4lsi moneen kertaan kumottuja salaliittoteorioita ja paikkansa pit\u00e4m\u00e4t\u00f6nt\u00e4 tietoa.<br \/>\nTapauksella o&hellip;<\/p>\n","protected":false},"author":148,"featured_media":3156,"comment_status":"open","ping_status":"closed","sticky":false,"template":"","format":"standard","meta":{"_acf_changed":false,"asauth_required_access_level":3,"asauth_cansharepaid":"true","om_header_attributes":[],"footnotes":"","om_featured_image_focal_point":[],"om_primary_tag":0,"om_contributors":[],"om_co_authors":[],"beyondwords_generate_audio":"","beyondwords_project_id":"","beyondwords_content_id":"","beyondwords_preview_token":"","beyondwords_player_content":"","beyondwords_player_style":"","beyondwords_language_code":"","beyondwords_language_id":"","beyondwords_title_voice_id":"","beyondwords_body_voice_id":"","beyondwords_summary_voice_id":"","beyondwords_error_message":"","beyondwords_disabled":"","beyondwords_delete_content":"","beyondwords_podcast_id":"","beyondwords_hash":"","publish_post_to_speechkit":"","speechkit_hash":"","speechkit_generate_audio":"","speechkit_project_id":"","speechkit_podcast_id":"","speechkit_error_message":"","speechkit_disabled":"","speechkit_access_key":"","speechkit_error":"","speechkit_info":"","speechkit_response":"","speechkit_retries":"","speechkit_status":"","speechkit_updated_at":"","_speechkit_link":"","_speechkit_text":""},"categories":[1],"tags":[1098,1272,2175,124,114,2174,2072,1510,697,2076,1811,2173,2172,2176,1636,1493,1274],"class_list":["post-3150","post","type-post","status-publish","format-standard","has-post-thumbnail","hentry","category-mediasekaantuja","tag-disinformaatio","tag-donald-trump","tag-epari","tag-journalistin-ohjeet","tag-julkisen-sanan-neuvosto","tag-kaupunkilehti","tag-koronavirus","tag-mielipidekirjoitus","tag-paatoimittaja","tag-pandemia","tag-pohjanmaa","tag-qanon","tag-salaliitot","tag-tero-hautamaki","tag-tietojen-tarkistaminen","tag-totuudenmukaisuus","tag-yhdysvaltain-presidentinvaalit"],"om_views":null,"acf":{"tuuma_off":false,"tuuma_kysymys":"","tuuma_vastaus":""},"asauth":{"required_access_level":1,"share_token":"","is_paid":false},"yoast_head":"<!-- This site is optimized with the Yoast SEO plugin v26.4 - https:\/\/yoast.com\/wordpress\/plugins\/seo\/ -->\n<title>Lehti julkaisi salaliittoteoreetikon mielipidekirjoituksen \u2013 p\u00e4\u00e4toimittaja my\u00f6nt\u00e4\u00e4 ylily\u00f6nnin - Mediaansekaantuja<\/title>\n<meta name=\"description\" content=\"Kirjoittaja v\u00e4itti koronavirusta ihmisen tekem\u00e4ksi ja USA:n vaalitulosta v\u00e4\u00e4rennetyksi. My\u00f6s mielipidekirjoitusten pit\u00e4\u00e4 perustua totuuteen.\" \/>\n<meta name=\"robots\" content=\"index, follow, max-snippet:-1, max-image-preview:large, max-video-preview:-1\" \/>\n<link rel=\"canonical\" href=\"https:\/\/suomenkuvalehti.fi\/mediasekaantuja\/lehti-julkaisi-salaliittoteoreetikon-mielipidekirjoituksen-paatoimittaja-myontaa-ylilyonnin\/\" \/>\n<meta property=\"og:locale\" content=\"fi_FI\" \/>\n<meta property=\"og:type\" content=\"article\" \/>\n<meta property=\"og:title\" content=\"Lehti julkaisi salaliittoteoreetikon mielipidekirjoituksen \u2013 p\u00e4\u00e4toimittaja my\u00f6nt\u00e4\u00e4 ylily\u00f6nnin - Mediaansekaantuja\" \/>\n<meta property=\"og:description\" content=\"Kirjoittaja v\u00e4itti koronavirusta ihmisen tekem\u00e4ksi ja USA:n vaalitulosta v\u00e4\u00e4rennetyksi. My\u00f6s mielipidekirjoitusten pit\u00e4\u00e4 perustua totuuteen.\" \/>\n<meta property=\"og:url\" content=\"https:\/\/suomenkuvalehti.fi\/mediasekaantuja\/lehti-julkaisi-salaliittoteoreetikon-mielipidekirjoituksen-paatoimittaja-myontaa-ylilyonnin\/\" \/>\n<meta property=\"og:site_name\" content=\"Mediaansekaantuja\" \/>\n<meta property=\"article:published_time\" content=\"2021-01-20T07:34:42+00:00\" \/>\n<meta property=\"article:modified_time\" content=\"2021-01-20T15:43:47+00:00\" \/>\n<meta property=\"og:image\" content=\"https:\/\/suomenkuvalehti.fi\/mediasekaantuja\/wp-content\/uploads\/sites\/18\/2021\/01\/epari1.jpg\" \/>\n\t<meta property=\"og:image:width\" content=\"619\" \/>\n\t<meta property=\"og:image:height\" content=\"815\" \/>\n\t<meta property=\"og:image:type\" content=\"image\/jpeg\" \/>\n<meta name=\"author\" content=\"Pasi Kivioja\" \/>\n<meta name=\"twitter:card\" content=\"summary_large_image\" \/>\n<meta name=\"twitter:creator\" content=\"@https:\/\/twitter.com\/PasiKivioja\" \/>\n<meta name=\"twitter:label1\" content=\"Written by\" \/>\n\t<meta name=\"twitter:data1\" content=\"Pasi Kivioja\" \/>\n\t<meta name=\"twitter:label2\" content=\"Est. reading time\" \/>\n\t<meta name=\"twitter:data2\" content=\"4 minuuttia\" \/>\n<script type=\"application\/ld+json\" class=\"yoast-schema-graph\">{\"@context\":\"https:\/\/schema.org\",\"@graph\":[{\"@type\":\"WebPage\",\"@id\":\"https:\/\/suomenkuvalehti.fi\/mediasekaantuja\/lehti-julkaisi-salaliittoteoreetikon-mielipidekirjoituksen-paatoimittaja-myontaa-ylilyonnin\/\",\"url\":\"https:\/\/suomenkuvalehti.fi\/mediasekaantuja\/lehti-julkaisi-salaliittoteoreetikon-mielipidekirjoituksen-paatoimittaja-myontaa-ylilyonnin\/\",\"name\":\"Lehti julkaisi salaliittoteoreetikon mielipidekirjoituksen \u2013 p\u00e4\u00e4toimittaja my\u00f6nt\u00e4\u00e4 ylily\u00f6nnin - Mediaansekaantuja\",\"isPartOf\":{\"@id\":\"https:\/\/suomenkuvalehti.fi\/mediasekaantuja\/#website\"},\"primaryImageOfPage\":{\"@id\":\"https:\/\/suomenkuvalehti.fi\/mediasekaantuja\/lehti-julkaisi-salaliittoteoreetikon-mielipidekirjoituksen-paatoimittaja-myontaa-ylilyonnin\/#primaryimage\"},\"image\":{\"@id\":\"https:\/\/suomenkuvalehti.fi\/mediasekaantuja\/lehti-julkaisi-salaliittoteoreetikon-mielipidekirjoituksen-paatoimittaja-myontaa-ylilyonnin\/#primaryimage\"},\"thumbnailUrl\":\"https:\/\/suomenkuvalehti.fi\/mediasekaantuja\/wp-content\/uploads\/sites\/18\/2021\/01\/epari1.jpg\",\"datePublished\":\"2021-01-20T07:34:42+00:00\",\"dateModified\":\"2021-01-20T15:43:47+00:00\",\"author\":{\"@id\":\"https:\/\/suomenkuvalehti.fi\/mediasekaantuja\/#\/schema\/person\/e5cfc3b0243594a363a937aa1d165533\"},\"description\":\"Kirjoittaja v\u00e4itti koronavirusta ihmisen tekem\u00e4ksi ja USA:n vaalitulosta v\u00e4\u00e4rennetyksi. My\u00f6s mielipidekirjoitusten pit\u00e4\u00e4 perustua totuuteen.\",\"breadcrumb\":{\"@id\":\"https:\/\/suomenkuvalehti.fi\/mediasekaantuja\/lehti-julkaisi-salaliittoteoreetikon-mielipidekirjoituksen-paatoimittaja-myontaa-ylilyonnin\/#breadcrumb\"},\"inLanguage\":\"fi\",\"potentialAction\":[{\"@type\":\"ReadAction\",\"target\":[\"https:\/\/suomenkuvalehti.fi\/mediasekaantuja\/lehti-julkaisi-salaliittoteoreetikon-mielipidekirjoituksen-paatoimittaja-myontaa-ylilyonnin\/\"]}]},{\"@type\":\"ImageObject\",\"inLanguage\":\"fi\",\"@id\":\"https:\/\/suomenkuvalehti.fi\/mediasekaantuja\/lehti-julkaisi-salaliittoteoreetikon-mielipidekirjoituksen-paatoimittaja-myontaa-ylilyonnin\/#primaryimage\",\"url\":\"https:\/\/suomenkuvalehti.fi\/mediasekaantuja\/wp-content\/uploads\/sites\/18\/2021\/01\/epari1.jpg\",\"contentUrl\":\"https:\/\/suomenkuvalehti.fi\/mediasekaantuja\/wp-content\/uploads\/sites\/18\/2021\/01\/epari1.jpg\",\"width\":619,\"height\":815,\"caption\":\"Pohjanmaalla ilmestyv\u00e4 kaupunkilehti Epari julkaisi valheellisia salaliittoteorioita vilisseen mielipidekirjoituksen.\"},{\"@type\":\"BreadcrumbList\",\"@id\":\"https:\/\/suomenkuvalehti.fi\/mediasekaantuja\/lehti-julkaisi-salaliittoteoreetikon-mielipidekirjoituksen-paatoimittaja-myontaa-ylilyonnin\/#breadcrumb\",\"itemListElement\":[{\"@type\":\"ListItem\",\"position\":1,\"name\":\"Home\",\"item\":\"https:\/\/suomenkuvalehti.fi\/mediasekaantuja\/\"},{\"@type\":\"ListItem\",\"position\":2,\"name\":\"Lehti julkaisi salaliittoteoreetikon mielipidekirjoituksen \u2013 p\u00e4\u00e4toimittaja my\u00f6nt\u00e4\u00e4 ylily\u00f6nnin\"}]},{\"@type\":\"WebSite\",\"@id\":\"https:\/\/suomenkuvalehti.fi\/mediasekaantuja\/#website\",\"url\":\"https:\/\/suomenkuvalehti.fi\/mediasekaantuja\/\",\"name\":\"Mediaansekaantuja\",\"description\":\"Pasi Kivioja analysoi median ilmi\u00f6it\u00e4.\",\"potentialAction\":[{\"@type\":\"SearchAction\",\"target\":{\"@type\":\"EntryPoint\",\"urlTemplate\":\"https:\/\/suomenkuvalehti.fi\/haku\/?q={search_term_string}\"},\"query-input\":{\"@type\":\"PropertyValueSpecification\",\"valueRequired\":true,\"valueName\":\"search_term_string\"}}],\"inLanguage\":\"fi\"},{\"@type\":\"Person\",\"@id\":\"https:\/\/suomenkuvalehti.fi\/mediasekaantuja\/#\/schema\/person\/e5cfc3b0243594a363a937aa1d165533\",\"name\":\"Pasi Kivioja\",\"image\":{\"@type\":\"ImageObject\",\"inLanguage\":\"fi\",\"@id\":\"https:\/\/suomenkuvalehti.fi\/mediasekaantuja\/#\/schema\/person\/image\/\",\"url\":\"https:\/\/suomenkuvalehti.fi\/mediasekaantuja\/wp-content\/uploads\/sites\/18\/2022\/04\/pasi_kivioja_02-150x150.jpg\",\"contentUrl\":\"https:\/\/suomenkuvalehti.fi\/mediasekaantuja\/wp-content\/uploads\/sites\/18\/2022\/04\/pasi_kivioja_02-150x150.jpg\",\"caption\":\"Pasi Kivioja\"},\"description\":\"Pasi Kivioja on median murroksesta ja mediataloudesta v\u00e4itellyt YTT, vapaa toimittaja ja viestint\u00e4yritt\u00e4j\u00e4.\",\"sameAs\":[\"https:\/\/x.com\/https:\/\/twitter.com\/PasiKivioja\"]}]}<\/script>\n<!-- \/ Yoast SEO plugin. -->","yoast_head_json":{"title":"Lehti julkaisi salaliittoteoreetikon mielipidekirjoituksen \u2013 p\u00e4\u00e4toimittaja my\u00f6nt\u00e4\u00e4 ylily\u00f6nnin - Mediaansekaantuja","description":"Kirjoittaja v\u00e4itti koronavirusta ihmisen tekem\u00e4ksi ja USA:n vaalitulosta v\u00e4\u00e4rennetyksi. My\u00f6s mielipidekirjoitusten pit\u00e4\u00e4 perustua totuuteen.","robots":{"index":"index","follow":"follow","max-snippet":"max-snippet:-1","max-image-preview":"max-image-preview:large","max-video-preview":"max-video-preview:-1"},"canonical":"https:\/\/suomenkuvalehti.fi\/mediasekaantuja\/lehti-julkaisi-salaliittoteoreetikon-mielipidekirjoituksen-paatoimittaja-myontaa-ylilyonnin\/","og_locale":"fi_FI","og_type":"article","og_title":"Lehti julkaisi salaliittoteoreetikon mielipidekirjoituksen \u2013 p\u00e4\u00e4toimittaja my\u00f6nt\u00e4\u00e4 ylily\u00f6nnin - Mediaansekaantuja","og_description":"Kirjoittaja v\u00e4itti koronavirusta ihmisen tekem\u00e4ksi ja USA:n vaalitulosta v\u00e4\u00e4rennetyksi. My\u00f6s mielipidekirjoitusten pit\u00e4\u00e4 perustua totuuteen.","og_url":"https:\/\/suomenkuvalehti.fi\/mediasekaantuja\/lehti-julkaisi-salaliittoteoreetikon-mielipidekirjoituksen-paatoimittaja-myontaa-ylilyonnin\/","og_site_name":"Mediaansekaantuja","article_published_time":"2021-01-20T07:34:42+00:00","article_modified_time":"2021-01-20T15:43:47+00:00","og_image":[{"width":619,"height":815,"url":"https:\/\/suomenkuvalehti.fi\/mediasekaantuja\/wp-content\/uploads\/sites\/18\/2021\/01\/epari1.jpg","type":"image\/jpeg"}],"author":"Pasi Kivioja","twitter_card":"summary_large_image","twitter_creator":"@https:\/\/twitter.com\/PasiKivioja","twitter_misc":{"Written by":"Pasi Kivioja","Est. reading time":"4 minuuttia"},"schema":{"@context":"https:\/\/schema.org","@graph":[{"@type":"WebPage","@id":"https:\/\/suomenkuvalehti.fi\/mediasekaantuja\/lehti-julkaisi-salaliittoteoreetikon-mielipidekirjoituksen-paatoimittaja-myontaa-ylilyonnin\/","url":"https:\/\/suomenkuvalehti.fi\/mediasekaantuja\/lehti-julkaisi-salaliittoteoreetikon-mielipidekirjoituksen-paatoimittaja-myontaa-ylilyonnin\/","name":"Lehti julkaisi salaliittoteoreetikon mielipidekirjoituksen \u2013 p\u00e4\u00e4toimittaja my\u00f6nt\u00e4\u00e4 ylily\u00f6nnin - Mediaansekaantuja","isPartOf":{"@id":"https:\/\/suomenkuvalehti.fi\/mediasekaantuja\/#website"},"primaryImageOfPage":{"@id":"https:\/\/suomenkuvalehti.fi\/mediasekaantuja\/lehti-julkaisi-salaliittoteoreetikon-mielipidekirjoituksen-paatoimittaja-myontaa-ylilyonnin\/#primaryimage"},"image":{"@id":"https:\/\/suomenkuvalehti.fi\/mediasekaantuja\/lehti-julkaisi-salaliittoteoreetikon-mielipidekirjoituksen-paatoimittaja-myontaa-ylilyonnin\/#primaryimage"},"thumbnailUrl":"https:\/\/suomenkuvalehti.fi\/mediasekaantuja\/wp-content\/uploads\/sites\/18\/2021\/01\/epari1.jpg","datePublished":"2021-01-20T07:34:42+00:00","dateModified":"2021-01-20T15:43:47+00:00","author":{"@id":"https:\/\/suomenkuvalehti.fi\/mediasekaantuja\/#\/schema\/person\/e5cfc3b0243594a363a937aa1d165533"},"description":"Kirjoittaja v\u00e4itti koronavirusta ihmisen tekem\u00e4ksi ja USA:n vaalitulosta v\u00e4\u00e4rennetyksi. My\u00f6s mielipidekirjoitusten pit\u00e4\u00e4 perustua totuuteen.","breadcrumb":{"@id":"https:\/\/suomenkuvalehti.fi\/mediasekaantuja\/lehti-julkaisi-salaliittoteoreetikon-mielipidekirjoituksen-paatoimittaja-myontaa-ylilyonnin\/#breadcrumb"},"inLanguage":"fi","potentialAction":[{"@type":"ReadAction","target":["https:\/\/suomenkuvalehti.fi\/mediasekaantuja\/lehti-julkaisi-salaliittoteoreetikon-mielipidekirjoituksen-paatoimittaja-myontaa-ylilyonnin\/"]}]},{"@type":"ImageObject","inLanguage":"fi","@id":"https:\/\/suomenkuvalehti.fi\/mediasekaantuja\/lehti-julkaisi-salaliittoteoreetikon-mielipidekirjoituksen-paatoimittaja-myontaa-ylilyonnin\/#primaryimage","url":"https:\/\/suomenkuvalehti.fi\/mediasekaantuja\/wp-content\/uploads\/sites\/18\/2021\/01\/epari1.jpg","contentUrl":"https:\/\/suomenkuvalehti.fi\/mediasekaantuja\/wp-content\/uploads\/sites\/18\/2021\/01\/epari1.jpg","width":619,"height":815,"caption":"Pohjanmaalla ilmestyv\u00e4 kaupunkilehti Epari julkaisi valheellisia salaliittoteorioita vilisseen mielipidekirjoituksen."},{"@type":"BreadcrumbList","@id":"https:\/\/suomenkuvalehti.fi\/mediasekaantuja\/lehti-julkaisi-salaliittoteoreetikon-mielipidekirjoituksen-paatoimittaja-myontaa-ylilyonnin\/#breadcrumb","itemListElement":[{"@type":"ListItem","position":1,"name":"Home","item":"https:\/\/suomenkuvalehti.fi\/mediasekaantuja\/"},{"@type":"ListItem","position":2,"name":"Lehti julkaisi salaliittoteoreetikon mielipidekirjoituksen \u2013 p\u00e4\u00e4toimittaja my\u00f6nt\u00e4\u00e4 ylily\u00f6nnin"}]},{"@type":"WebSite","@id":"https:\/\/suomenkuvalehti.fi\/mediasekaantuja\/#website","url":"https:\/\/suomenkuvalehti.fi\/mediasekaantuja\/","name":"Mediaansekaantuja","description":"Pasi Kivioja analysoi median ilmi\u00f6it\u00e4.","potentialAction":[{"@type":"SearchAction","target":{"@type":"EntryPoint","urlTemplate":"https:\/\/suomenkuvalehti.fi\/haku\/?q={search_term_string}"},"query-input":{"@type":"PropertyValueSpecification","valueRequired":true,"valueName":"search_term_string"}}],"inLanguage":"fi"},{"@type":"Person","@id":"https:\/\/suomenkuvalehti.fi\/mediasekaantuja\/#\/schema\/person\/e5cfc3b0243594a363a937aa1d165533","name":"Pasi Kivioja","image":{"@type":"ImageObject","inLanguage":"fi","@id":"https:\/\/suomenkuvalehti.fi\/mediasekaantuja\/#\/schema\/person\/image\/","url":"https:\/\/suomenkuvalehti.fi\/mediasekaantuja\/wp-content\/uploads\/sites\/18\/2022\/04\/pasi_kivioja_02-150x150.jpg","contentUrl":"https:\/\/suomenkuvalehti.fi\/mediasekaantuja\/wp-content\/uploads\/sites\/18\/2022\/04\/pasi_kivioja_02-150x150.jpg","caption":"Pasi Kivioja"},"description":"Pasi Kivioja on median murroksesta ja mediataloudesta v\u00e4itellyt YTT, vapaa toimittaja ja viestint\u00e4yritt\u00e4j\u00e4.","sameAs":["https:\/\/x.com\/https:\/\/twitter.com\/PasiKivioja"]}]}},"_links":{"self":[{"href":"https:\/\/suomenkuvalehti.fi\/mediasekaantuja\/wp-json\/wp\/v2\/posts\/3150","targetHints":{"allow":["GET"]}}],"collection":[{"href":"https:\/\/suomenkuvalehti.fi\/mediasekaantuja\/wp-json\/wp\/v2\/posts"}],"about":[{"href":"https:\/\/suomenkuvalehti.fi\/mediasekaantuja\/wp-json\/wp\/v2\/types\/post"}],"author":[{"embeddable":true,"href":"https:\/\/suomenkuvalehti.fi\/mediasekaantuja\/wp-json\/wp\/v2\/users\/148"}],"replies":[{"embeddable":true,"href":"https:\/\/suomenkuvalehti.fi\/mediasekaantuja\/wp-json\/wp\/v2\/comments?post=3150"}],"version-history":[{"count":27,"href":"https:\/\/suomenkuvalehti.fi\/mediasekaantuja\/wp-json\/wp\/v2\/posts\/3150\/revisions"}],"predecessor-version":[{"id":3181,"href":"https:\/\/suomenkuvalehti.fi\/mediasekaantuja\/wp-json\/wp\/v2\/posts\/3150\/revisions\/3181"}],"wp:featuredmedia":[{"embeddable":true,"href":"https:\/\/suomenkuvalehti.fi\/mediasekaantuja\/wp-json\/wp\/v2\/media\/3156"}],"wp:attachment":[{"href":"https:\/\/suomenkuvalehti.fi\/mediasekaantuja\/wp-json\/wp\/v2\/media?parent=3150"}],"wp:term":[{"taxonomy":"category","embeddable":true,"href":"https:\/\/suomenkuvalehti.fi\/mediasekaantuja\/wp-json\/wp\/v2\/categories?post=3150"},{"taxonomy":"post_tag","embeddable":true,"href":"https:\/\/suomenkuvalehti.fi\/mediasekaantuja\/wp-json\/wp\/v2\/tags?post=3150"}],"curies":[{"name":"wp","href":"https:\/\/api.w.org\/{rel}","templated":true}]}}