{"id":2723,"date":"2019-12-27T16:59:43","date_gmt":"2019-12-27T14:59:43","guid":{"rendered":"https:\/\/suomenkuvalehti.fi\/mediasekaantuja\/?p=2723"},"modified":"2019-12-27T16:59:43","modified_gmt":"2019-12-27T14:59:43","slug":"sellainen-oli-median-2010-luku-mita-jai-mieleen","status":"publish","type":"post","link":"https:\/\/suomenkuvalehti.fi\/mediasekaantuja\/sellainen-oli-median-2010-luku-mita-jai-mieleen\/","title":{"rendered":"Sellainen oli median 2010-luku &#8211; mit\u00e4 j\u00e4i mieleen?"},"content":{"rendered":"\n<p><em>Vastuuvapauslauseke: Seuraava kirjoitus perustuu yleiskieliseen tulkintaan vuosikymmenen vaihtumisesta, kun vuosikymmenen ensimm\u00e4inen numero vaihtuu. Kirjoittaja on tietoinen siit\u00e4, ett\u00e4 matemaattisesti ajatellen vuosikymmen vaihtuu vasta vuonna 2021, eik\u00e4 t\u00e4t\u00e4 tarvitse h\u00e4nelle erikseen hieroa naamaan. Kirjoituksessa puhutaan 2010-luvusta, joka tarkoittaa t\u00e4ss\u00e4 yhteydess\u00e4 vuosia 2010-2019. Jos vuosikymmenen vaihteen tarkka m\u00e4\u00e4rittely kiinnostaa sinua enemm\u00e4n kuin kirjoituksen varsinainen aihe, l\u00f6yd\u00e4t lis\u00e4tietoa vaikkapa&nbsp;<a href=\"https:\/\/www.kielikello.fi\/-\/vuosikymmenen-sadan-ja-tuhannen-ilmaiseminen\" target=\"_blank\" rel=\"noopener\">Kielitoimiston sivuilta<\/a> tai Helsingin Sanomien <a href=\"https:\/\/www.hs.fi\/ulkomaat\/art-2000006351728.html\" target=\"_blank\" rel=\"noopener\">artikkelista. <\/a><\/em><em>Voit k\u00e4yd\u00e4 my\u00f6s ilmoittamassa mielipiteesi vuosikymmenen vaihtumisesta kirjoittajan avaamassa&nbsp;<a href=\"https:\/\/twitter.com\/PasiKivioja\/status\/1210521086749753344\" target=\"_blank\" rel=\"noopener\">Twitter-\u00e4\u00e4nestyksess\u00e4<\/a>.&nbsp;<\/em><\/p>\n\n\n\n<p><span class=\"capitalized\">Vuoden<\/span> <span class=\"capitalized\">vaihtuessa<\/span> on hyv\u00e4 hetki summata, mit\u00e4 j\u00e4i p\u00e4\u00e4llimm\u00e4isen\u00e4 mieleen suomalaismedian 2010-luvusta. Pyysin kommentteja kahdelta media-alan asiantuntijalta, jotka tarkastelevat alaa hieman eri vinkkeleist\u00e4 &#8211; Suomen tietotoimiston p\u00e4\u00e4toimittajalta <strong>Minna Holopaiselta<\/strong> ja Sanomalehtien Liiton markkinointi- ja tutkimusjohtajalta&nbsp;<strong>Sirpa Kirjoselta<\/strong>.<\/p>\n\n\n\n<p>N\u00e4in he vastasivat (lopussa my\u00f6s omat tiivistykseni).<\/p>\n\n\n\n<p><strong>Mik\u00e4 oli median suurin haaste 2010-luvulla?<\/strong><\/p>\n\n\n\n<p><strong>Minna Holopainen (MH):&nbsp;<\/strong>Ansaintalogiikan rakentaminen uudelleen digimaailmassa. Murroksena yht\u00e4 iso kuin printtisanomalehdist\u00f6n synty, mutta vaativampaa, koska toimiala oli jo olemassa ja tarvitsi riitt\u00e4v\u00e4t tulot s\u00e4ily\u00e4kseen ja uusiutuakseen. Alkuun ehk\u00e4 ajateltiin, ett\u00e4 vanhat ansaintamallit jotenkin siirtyisiv\u00e4t uuteen ymp\u00e4rist\u00f6\u00f6n, koska journalistinen sis\u00e4lt\u00f6kin siirtyy, mutta liiketoiminta pitikin keksi\u00e4 uudelleen.<\/p>\n\n\n\n<p><strong>Sirpa Kirjonen (SK):<\/strong>&nbsp;Suurimpia haasteita oli uskaltaa investoida riitt\u00e4v\u00e4sti digitaalisen teknologiaan ja sis\u00e4ll\u00f6ntuotantoon, kun mit\u00e4\u00e4n takeita ei ollut digipalveluista saatavista tuloista. Uutismedian liiketoimintastrategiassa jouduttiin ratkaisemaan lukuisia asioita &#8211; miten rahoitetaan mittavat digi-investoinnit ja samalla pidet\u00e4\u00e4n painettu tuote hyv\u00e4ss\u00e4 kunnossa. Suurin haaste liittyi siis erityisesti liiketoimintaan: kuinka yksityist\u00e4 uutismediatoimintaa voidaan ylip\u00e4\u00e4t\u00e4ns\u00e4 tuottaa kannattavasti. Ikuinen haaste on my\u00f6s se, ett\u00e4 sis\u00e4lt\u00f6 on niin t\u00e4rke\u00e4\u00e4 ja kiinnostavaa, ett\u00e4 kuluttaja haluaa siit\u00e4 ylip\u00e4\u00e4t\u00e4ns\u00e4 maksaa.<\/p>\n\n\n\n<p><strong> Mik\u00e4 on median suurin haaste 2020-luvulla?<\/strong><\/p>\n\n\n\n<p><strong>MH:&nbsp;<\/strong>Yleis\u00f6n luottamuksen s\u00e4ilytt\u00e4minen ansaintalogiikan puserruksessa niin, ett\u00e4&nbsp;&nbsp;ammattimedian ty\u00f6t\u00e4 tiedonsaannin turvaamiseksi halutaan my\u00f6s rahoittaa.<\/p>\n\n\n\n<p><strong>SK:<\/strong>&nbsp;Toimintaymp\u00e4rist\u00f6n jatkuva muutos. Digitalisaatio etenee todenn\u00e4k\u00f6isesti entist\u00e4 vauhdikkaammin ja kilpailu kuluttajien ajank\u00e4yt\u00f6st\u00e4 kiihtyy. Journalismin rahoituksessa riitt\u00e4\u00e4 edelleen ratkaistavaa. Ennakoin, ett\u00e4 yhteiskunnan polarisoituminen kasvaa ja syvenee, mist\u00e4 seuraa jatkuva v\u00e4\u00e4nt\u00f6 luotettavuudesta. JSN:n periaatteisiin sitoutuneet mediat eiv\u00e4t luotettavuudesta anna periksi, mutta valemediat ja itse\u00e4\u00e4n aitoina oikeina sis\u00e4ll\u00f6ntuottajina pit\u00e4v\u00e4t h\u00f6p\u00f6h\u00f6p\u00f6-mediat jatkavat taistelua horjuttaakseen luottamuksen perusteita ja yhteiskuntarauhaa. Monelle yksitt\u00e4iselle medialle 2020-luku tulee olemaan selviytymisen vuosikymmen. Uutismedia-ala selvi\u00e4\u00e4 kyll\u00e4. Kunnon kasvu-uralle p\u00e4\u00e4semme vuosikymmenen puoliv\u00e4liss\u00e4.<\/p>\n\n\n\n<p><strong> Mill\u00e4 mielell\u00e4 siirryt organisaatiosi kanssa uudelle vuosikymmenelle?<\/strong><\/p>\n\n\n\n<p><strong>MH:&nbsp;<\/strong>Ikuisena optimistina. Uutistoimiston liiketoiminta-ajatus on vapauttaa asiakkaidensa resursseja uniikin sis\u00e4ll\u00f6n tuottamiseen, joka on digimediassa entist\u00e4 v\u00e4ltt\u00e4m\u00e4tt\u00f6m\u00e4mp\u00e4\u00e4. Omassa uutisty\u00f6ss\u00e4mme pyrimme siihen, ett\u00e4 kaikki katsontakannassaan voivat luottaa STT:n uutisiin. N\u00e4hd\u00e4kseni my\u00f6s sille on digiajassa suuri tarve.<\/p>\n\n\n\n<p><strong>SK:<\/strong>&nbsp;Hyvill\u00e4 mielin. Digitalisaatio on ymm\u00e4rretty uutismedia-alalla ja sen hy\u00f6dynt\u00e4miseksi tehd\u00e4\u00e4n paljon ty\u00f6t\u00e4. Samalla pidet\u00e4\u00e4n huolta painetun lehden olemassaolosta niin kauan kuin suuri osa suomalaisista pit\u00e4\u00e4 siit\u00e4 kynsin ja hampain, rakkaudella kiinni. Uutismedian kuolemasta ei puhu en\u00e4\u00e4 kukaan. Uudella vuosikymmenell\u00e4 n\u00e4emme jo paljon kasvulukuja. Uutismedia on t\u00e4rke\u00e4 osa ihmisten arkea. Liiketoimintamallit kehittyv\u00e4t niin, ett\u00e4 laadukkaan, t\u00e4rke\u00e4n ja kiinnostavan journalismin rahoitus saadaan tukevalle pohjalle. On mielek\u00e4st\u00e4 tehd\u00e4 ty\u00f6t\u00e4 sananvapauden ja demokratian puolesta, ihmisille ja yhteiskunnalle t\u00e4rkeiden ja kiinnostavien asioiden parissa.<\/p>\n\n\n\n<p><span class=\"capitalized\">Itselleni median<\/span> 2010-luku j\u00e4\u00e4 mieleen alan heikentyv\u00e4st\u00e4 taloudesta ja loputtomista yt-kierroksista, mutta samaan aikaan my\u00f6s digitaalisen medialiiketoiminnan kasvusta ja sosiaalisen median vaikutuksista, jotka alkoivat n\u00e4ky\u00e4 toden teolla t\u00e4ll\u00e4 vuosikymmenell\u00e4.<\/p>\n\n\n\n<p>2010-luvulla some on pakottanut toimitukset ja toimittajat suoraan vuorovaikutukseen yleis\u00f6n kanssa. Samalla toimittajien julkinen toiminta ja vaikuttimet ovat joutuneet sellaiseen l\u00e4pivalaisuun ja v\u00e4lill\u00e4 ep\u00e4asialliseltakin tuntuvaan arviointiin, johon heid\u00e4n on vaikea sopeutua.<\/p>\n\n\n\n<p>Luulenpa, ett\u00e4 journalistien on oman uskottavuutensa vuoksi mietitt\u00e4v\u00e4 roolinsa ja tulokulmansa yhteiskuntaan viel\u00e4 uusiksi l\u00e4hivuosina. Perinteinen norsunluutornimalli ei en\u00e4\u00e4 toimi, koska torni on kaadettu. Nyt pit\u00e4isi l\u00f6yt\u00e4\u00e4 uusi luonteva paikka entisen tornin liepeilt\u00e4.<\/p>\n\n\n\n<p>Kuluvan vuosikymmenen tuoma uusi haaste on my\u00f6s dis- ja misinformaation levi\u00e4minen, johon Sirpa Kirjonenkin edell\u00e4 viittaa.<\/p>\n\n\n\n<p>2020-luvun suurimpina haasteina pid\u00e4n liiketoimintamallien muutosta sek\u00e4 luotettavan median roolin s\u00e4ilytt\u00e4mist\u00e4 kiireisen kuluttajan arjessa.<\/p>\n\n\n\n<p>Kiitos lukijoilleni kuluneesta vuodesta ja parhainta menestyst\u00e4 2020-luvulle!<\/p>\n\n\n","protected":false},"excerpt":{"rendered":"<p>Vastuuvapauslauseke: Seuraava kirjoitus perustuu yleiskieliseen tulkintaan vuosikymmenen vaihtumisesta, kun vuosikymmenen ensimm\u00e4inen numero vaihtuu. Kirjoittaja on tietoinen siit\u00e4, ett\u00e4 matemaattisesti ajatellen vuosikymmen vaihtuu vasta vuonna 2021, eik\u00e4 t\u00e4t\u00e4<br \/>\ntarvi&hellip;<\/p>\n","protected":false},"author":148,"featured_media":0,"comment_status":"open","ping_status":"closed","sticky":false,"template":"","format":"standard","meta":{"_acf_changed":false,"asauth_required_access_level":3,"asauth_cansharepaid":"true","om_header_attributes":[],"footnotes":"","om_featured_image_focal_point":[],"om_primary_tag":0,"om_contributors":[],"om_co_authors":[],"beyondwords_generate_audio":"","beyondwords_project_id":"","beyondwords_content_id":"","beyondwords_preview_token":"","beyondwords_player_content":"","beyondwords_player_style":"","beyondwords_language_code":"","beyondwords_language_id":"","beyondwords_title_voice_id":"","beyondwords_body_voice_id":"","beyondwords_summary_voice_id":"","beyondwords_error_message":"","beyondwords_disabled":"","beyondwords_delete_content":"","beyondwords_podcast_id":"","beyondwords_hash":"","publish_post_to_speechkit":"","speechkit_hash":"","speechkit_generate_audio":"","speechkit_project_id":"","speechkit_podcast_id":"","speechkit_error_message":"","speechkit_disabled":"","speechkit_access_key":"","speechkit_error":"","speechkit_info":"","speechkit_response":"","speechkit_retries":"","speechkit_status":"","speechkit_updated_at":"","_speechkit_link":"","_speechkit_text":""},"categories":[1],"tags":[2048,2049,2051,445,519,1379,76,2050,302,99,2052],"class_list":["post-2723","post","type-post","status-publish","format-standard","hentry","category-mediasekaantuja","tag-2010-luku","tag-2020-luku","tag-digitalisaatio","tag-journalismi","tag-media","tag-minna-holopainen","tag-sanomalehtien-liitto","tag-sirpa-kirjonen","tag-sosiaalinen-media","tag-stt","tag-valemediat"],"om_views":null,"acf":{"tuuma_off":false,"tuuma_kysymys":"","tuuma_vastaus":""},"asauth":{"required_access_level":1,"share_token":"","is_paid":false},"yoast_head":"<!-- This site is optimized with the Yoast SEO plugin v26.4 - https:\/\/yoast.com\/wordpress\/plugins\/seo\/ -->\n<title>Sellainen oli median 2010-luku - mit\u00e4 j\u00e4i mieleen? - Mediaansekaantuja<\/title>\n<meta name=\"description\" content=\"Digitalisaatio, ansainta, sosiaalinen media ja luotettava tiedonv\u00e4litys nousivat keskeiseen rooliin.\" \/>\n<meta name=\"robots\" content=\"index, follow, max-snippet:-1, max-image-preview:large, max-video-preview:-1\" \/>\n<link rel=\"canonical\" href=\"https:\/\/suomenkuvalehti.fi\/mediasekaantuja\/sellainen-oli-median-2010-luku-mita-jai-mieleen\/\" \/>\n<meta property=\"og:locale\" content=\"fi_FI\" \/>\n<meta property=\"og:type\" content=\"article\" \/>\n<meta property=\"og:title\" content=\"Sellainen oli median 2010-luku - mit\u00e4 j\u00e4i mieleen? - Mediaansekaantuja\" \/>\n<meta property=\"og:description\" content=\"Digitalisaatio, ansainta, sosiaalinen media ja luotettava tiedonv\u00e4litys nousivat keskeiseen rooliin.\" \/>\n<meta property=\"og:url\" content=\"https:\/\/suomenkuvalehti.fi\/mediasekaantuja\/sellainen-oli-median-2010-luku-mita-jai-mieleen\/\" \/>\n<meta property=\"og:site_name\" content=\"Mediaansekaantuja\" \/>\n<meta property=\"article:published_time\" content=\"2019-12-27T14:59:43+00:00\" \/>\n<meta property=\"og:image\" content=\"https:\/\/suomenkuvalehti.fi\/mediasekaantuja\/wp-content\/uploads\/sites\/18\/2022\/04\/pasi_kivioja_02-scaled.jpg\" \/>\n\t<meta property=\"og:image:width\" content=\"2560\" \/>\n\t<meta property=\"og:image:height\" content=\"1707\" \/>\n\t<meta property=\"og:image:type\" content=\"image\/jpeg\" \/>\n<meta name=\"author\" content=\"Pasi Kivioja\" \/>\n<meta name=\"twitter:card\" content=\"summary_large_image\" \/>\n<meta name=\"twitter:creator\" content=\"@https:\/\/twitter.com\/PasiKivioja\" \/>\n<meta name=\"twitter:label1\" content=\"Written by\" \/>\n\t<meta name=\"twitter:data1\" content=\"Pasi Kivioja\" \/>\n\t<meta name=\"twitter:label2\" content=\"Est. reading time\" \/>\n\t<meta name=\"twitter:data2\" content=\"4 minuuttia\" \/>\n<script type=\"application\/ld+json\" class=\"yoast-schema-graph\">{\"@context\":\"https:\/\/schema.org\",\"@graph\":[{\"@type\":\"WebPage\",\"@id\":\"https:\/\/suomenkuvalehti.fi\/mediasekaantuja\/sellainen-oli-median-2010-luku-mita-jai-mieleen\/\",\"url\":\"https:\/\/suomenkuvalehti.fi\/mediasekaantuja\/sellainen-oli-median-2010-luku-mita-jai-mieleen\/\",\"name\":\"Sellainen oli median 2010-luku - mit\u00e4 j\u00e4i mieleen? - Mediaansekaantuja\",\"isPartOf\":{\"@id\":\"https:\/\/suomenkuvalehti.fi\/mediasekaantuja\/#website\"},\"datePublished\":\"2019-12-27T14:59:43+00:00\",\"author\":{\"@id\":\"https:\/\/suomenkuvalehti.fi\/mediasekaantuja\/#\/schema\/person\/e5cfc3b0243594a363a937aa1d165533\"},\"description\":\"Digitalisaatio, ansainta, sosiaalinen media ja luotettava tiedonv\u00e4litys nousivat keskeiseen rooliin.\",\"breadcrumb\":{\"@id\":\"https:\/\/suomenkuvalehti.fi\/mediasekaantuja\/sellainen-oli-median-2010-luku-mita-jai-mieleen\/#breadcrumb\"},\"inLanguage\":\"fi\",\"potentialAction\":[{\"@type\":\"ReadAction\",\"target\":[\"https:\/\/suomenkuvalehti.fi\/mediasekaantuja\/sellainen-oli-median-2010-luku-mita-jai-mieleen\/\"]}]},{\"@type\":\"BreadcrumbList\",\"@id\":\"https:\/\/suomenkuvalehti.fi\/mediasekaantuja\/sellainen-oli-median-2010-luku-mita-jai-mieleen\/#breadcrumb\",\"itemListElement\":[{\"@type\":\"ListItem\",\"position\":1,\"name\":\"Home\",\"item\":\"https:\/\/suomenkuvalehti.fi\/mediasekaantuja\/\"},{\"@type\":\"ListItem\",\"position\":2,\"name\":\"Sellainen oli median 2010-luku &#8211; mit\u00e4 j\u00e4i mieleen?\"}]},{\"@type\":\"WebSite\",\"@id\":\"https:\/\/suomenkuvalehti.fi\/mediasekaantuja\/#website\",\"url\":\"https:\/\/suomenkuvalehti.fi\/mediasekaantuja\/\",\"name\":\"Mediaansekaantuja\",\"description\":\"Pasi Kivioja analysoi median ilmi\u00f6it\u00e4.\",\"potentialAction\":[{\"@type\":\"SearchAction\",\"target\":{\"@type\":\"EntryPoint\",\"urlTemplate\":\"https:\/\/suomenkuvalehti.fi\/haku\/?q={search_term_string}\"},\"query-input\":{\"@type\":\"PropertyValueSpecification\",\"valueRequired\":true,\"valueName\":\"search_term_string\"}}],\"inLanguage\":\"fi\"},{\"@type\":\"Person\",\"@id\":\"https:\/\/suomenkuvalehti.fi\/mediasekaantuja\/#\/schema\/person\/e5cfc3b0243594a363a937aa1d165533\",\"name\":\"Pasi Kivioja\",\"image\":{\"@type\":\"ImageObject\",\"inLanguage\":\"fi\",\"@id\":\"https:\/\/suomenkuvalehti.fi\/mediasekaantuja\/#\/schema\/person\/image\/\",\"url\":\"https:\/\/suomenkuvalehti.fi\/mediasekaantuja\/wp-content\/uploads\/sites\/18\/2022\/04\/pasi_kivioja_02-150x150.jpg\",\"contentUrl\":\"https:\/\/suomenkuvalehti.fi\/mediasekaantuja\/wp-content\/uploads\/sites\/18\/2022\/04\/pasi_kivioja_02-150x150.jpg\",\"caption\":\"Pasi Kivioja\"},\"description\":\"Pasi Kivioja on median murroksesta ja mediataloudesta v\u00e4itellyt YTT, vapaa toimittaja ja viestint\u00e4yritt\u00e4j\u00e4.\",\"sameAs\":[\"https:\/\/x.com\/https:\/\/twitter.com\/PasiKivioja\"]}]}<\/script>\n<!-- \/ Yoast SEO plugin. -->","yoast_head_json":{"title":"Sellainen oli median 2010-luku - mit\u00e4 j\u00e4i mieleen? - Mediaansekaantuja","description":"Digitalisaatio, ansainta, sosiaalinen media ja luotettava tiedonv\u00e4litys nousivat keskeiseen rooliin.","robots":{"index":"index","follow":"follow","max-snippet":"max-snippet:-1","max-image-preview":"max-image-preview:large","max-video-preview":"max-video-preview:-1"},"canonical":"https:\/\/suomenkuvalehti.fi\/mediasekaantuja\/sellainen-oli-median-2010-luku-mita-jai-mieleen\/","og_locale":"fi_FI","og_type":"article","og_title":"Sellainen oli median 2010-luku - mit\u00e4 j\u00e4i mieleen? - Mediaansekaantuja","og_description":"Digitalisaatio, ansainta, sosiaalinen media ja luotettava tiedonv\u00e4litys nousivat keskeiseen rooliin.","og_url":"https:\/\/suomenkuvalehti.fi\/mediasekaantuja\/sellainen-oli-median-2010-luku-mita-jai-mieleen\/","og_site_name":"Mediaansekaantuja","article_published_time":"2019-12-27T14:59:43+00:00","og_image":[{"width":2560,"height":1707,"url":"https:\/\/suomenkuvalehti.fi\/mediasekaantuja\/wp-content\/uploads\/sites\/18\/2022\/04\/pasi_kivioja_02-scaled.jpg","type":"image\/jpeg"}],"author":"Pasi Kivioja","twitter_card":"summary_large_image","twitter_creator":"@https:\/\/twitter.com\/PasiKivioja","twitter_misc":{"Written by":"Pasi Kivioja","Est. reading time":"4 minuuttia"},"schema":{"@context":"https:\/\/schema.org","@graph":[{"@type":"WebPage","@id":"https:\/\/suomenkuvalehti.fi\/mediasekaantuja\/sellainen-oli-median-2010-luku-mita-jai-mieleen\/","url":"https:\/\/suomenkuvalehti.fi\/mediasekaantuja\/sellainen-oli-median-2010-luku-mita-jai-mieleen\/","name":"Sellainen oli median 2010-luku - mit\u00e4 j\u00e4i mieleen? - Mediaansekaantuja","isPartOf":{"@id":"https:\/\/suomenkuvalehti.fi\/mediasekaantuja\/#website"},"datePublished":"2019-12-27T14:59:43+00:00","author":{"@id":"https:\/\/suomenkuvalehti.fi\/mediasekaantuja\/#\/schema\/person\/e5cfc3b0243594a363a937aa1d165533"},"description":"Digitalisaatio, ansainta, sosiaalinen media ja luotettava tiedonv\u00e4litys nousivat keskeiseen rooliin.","breadcrumb":{"@id":"https:\/\/suomenkuvalehti.fi\/mediasekaantuja\/sellainen-oli-median-2010-luku-mita-jai-mieleen\/#breadcrumb"},"inLanguage":"fi","potentialAction":[{"@type":"ReadAction","target":["https:\/\/suomenkuvalehti.fi\/mediasekaantuja\/sellainen-oli-median-2010-luku-mita-jai-mieleen\/"]}]},{"@type":"BreadcrumbList","@id":"https:\/\/suomenkuvalehti.fi\/mediasekaantuja\/sellainen-oli-median-2010-luku-mita-jai-mieleen\/#breadcrumb","itemListElement":[{"@type":"ListItem","position":1,"name":"Home","item":"https:\/\/suomenkuvalehti.fi\/mediasekaantuja\/"},{"@type":"ListItem","position":2,"name":"Sellainen oli median 2010-luku &#8211; mit\u00e4 j\u00e4i mieleen?"}]},{"@type":"WebSite","@id":"https:\/\/suomenkuvalehti.fi\/mediasekaantuja\/#website","url":"https:\/\/suomenkuvalehti.fi\/mediasekaantuja\/","name":"Mediaansekaantuja","description":"Pasi Kivioja analysoi median ilmi\u00f6it\u00e4.","potentialAction":[{"@type":"SearchAction","target":{"@type":"EntryPoint","urlTemplate":"https:\/\/suomenkuvalehti.fi\/haku\/?q={search_term_string}"},"query-input":{"@type":"PropertyValueSpecification","valueRequired":true,"valueName":"search_term_string"}}],"inLanguage":"fi"},{"@type":"Person","@id":"https:\/\/suomenkuvalehti.fi\/mediasekaantuja\/#\/schema\/person\/e5cfc3b0243594a363a937aa1d165533","name":"Pasi Kivioja","image":{"@type":"ImageObject","inLanguage":"fi","@id":"https:\/\/suomenkuvalehti.fi\/mediasekaantuja\/#\/schema\/person\/image\/","url":"https:\/\/suomenkuvalehti.fi\/mediasekaantuja\/wp-content\/uploads\/sites\/18\/2022\/04\/pasi_kivioja_02-150x150.jpg","contentUrl":"https:\/\/suomenkuvalehti.fi\/mediasekaantuja\/wp-content\/uploads\/sites\/18\/2022\/04\/pasi_kivioja_02-150x150.jpg","caption":"Pasi Kivioja"},"description":"Pasi Kivioja on median murroksesta ja mediataloudesta v\u00e4itellyt YTT, vapaa toimittaja ja viestint\u00e4yritt\u00e4j\u00e4.","sameAs":["https:\/\/x.com\/https:\/\/twitter.com\/PasiKivioja"]}]}},"_links":{"self":[{"href":"https:\/\/suomenkuvalehti.fi\/mediasekaantuja\/wp-json\/wp\/v2\/posts\/2723","targetHints":{"allow":["GET"]}}],"collection":[{"href":"https:\/\/suomenkuvalehti.fi\/mediasekaantuja\/wp-json\/wp\/v2\/posts"}],"about":[{"href":"https:\/\/suomenkuvalehti.fi\/mediasekaantuja\/wp-json\/wp\/v2\/types\/post"}],"author":[{"embeddable":true,"href":"https:\/\/suomenkuvalehti.fi\/mediasekaantuja\/wp-json\/wp\/v2\/users\/148"}],"replies":[{"embeddable":true,"href":"https:\/\/suomenkuvalehti.fi\/mediasekaantuja\/wp-json\/wp\/v2\/comments?post=2723"}],"version-history":[{"count":12,"href":"https:\/\/suomenkuvalehti.fi\/mediasekaantuja\/wp-json\/wp\/v2\/posts\/2723\/revisions"}],"predecessor-version":[{"id":2735,"href":"https:\/\/suomenkuvalehti.fi\/mediasekaantuja\/wp-json\/wp\/v2\/posts\/2723\/revisions\/2735"}],"wp:attachment":[{"href":"https:\/\/suomenkuvalehti.fi\/mediasekaantuja\/wp-json\/wp\/v2\/media?parent=2723"}],"wp:term":[{"taxonomy":"category","embeddable":true,"href":"https:\/\/suomenkuvalehti.fi\/mediasekaantuja\/wp-json\/wp\/v2\/categories?post=2723"},{"taxonomy":"post_tag","embeddable":true,"href":"https:\/\/suomenkuvalehti.fi\/mediasekaantuja\/wp-json\/wp\/v2\/tags?post=2723"}],"curies":[{"name":"wp","href":"https:\/\/api.w.org\/{rel}","templated":true}]}}