{"id":2683,"date":"2019-11-22T17:55:37","date_gmt":"2019-11-22T15:55:37","guid":{"rendered":"https:\/\/suomenkuvalehti.fi\/mediasekaantuja\/?p=2683"},"modified":"2019-11-22T17:55:37","modified_gmt":"2019-11-22T15:55:37","slug":"ilkka-pohjalainen-on-lehden-nimeksi-helppo-ja-halpa-kompromissi","status":"publish","type":"post","link":"https:\/\/suomenkuvalehti.fi\/mediasekaantuja\/ilkka-pohjalainen-on-lehden-nimeksi-helppo-ja-halpa-kompromissi\/","title":{"rendered":"Ilkka-Pohjalainen on lehden nimeksi helppo ja halpa kompromissi"},"content":{"rendered":"\n<p><span class=\"capitalized\">SYKSYN<\/span> kiinnostavin mediatapahtuma on maakuntalehtien <em>Ilkan<\/em> ja <em>Pohjalaisen<\/em> yhdistyminen sek\u00e4 t\u00e4m\u00e4n uuden hybridilehden nimi ja sen uuden p\u00e4\u00e4toimittajan nimi, jotka julkistettiin <a href=\"https:\/\/www.ilkka.fi\/tilaajalle\/maakunta\/seuraa-lehdistotilaisuutta-suorana-perjantaina-ilkka-yhtyma-paljastaa-uuden-maakuntalehden-nimen-ja-sen-paatoimittajan-1.3161278\" target=\"_blank\" rel=\"noopener\">suorassa live-striimiss\u00e4<\/a> t\u00e4n\u00e4 aamuna.<\/p>\n\n\n\n<p>Julkistukseen liittyneet ennakkoj\u00e4nnitys ja spekulaatiot nimist\u00e4 k\u00e4\u00e4nsiv\u00e4t huomion pois huonoista uutisista eli <a href=\"https:\/\/www.hs.fi\/talous\/art-2000006312334.html\" target=\"_blank\" rel=\"noopener\">raskaista yt-neuvotteluista<\/a>, joiden seurauksena 26 ty\u00f6ntekij\u00e4\u00e4 irtisanottiin ja molempien lehtien p\u00e4\u00e4toimittajat luopuivat teht\u00e4vist\u00e4\u00e4n.<\/p>\n\n\n\n<p>Yhdistelm\u00e4lehden nimi <em>Ilkka-Pohjalainen<\/em> on helppo ja halpa kompromissi, josta ei hengi mielikuvitus eik\u00e4 uudistumiskyky. Halpa se on siin\u00e4 mieless\u00e4, ettei tarvitse maksaa kokonaan uuden nimen br\u00e4nd\u00e4\u00e4misest\u00e4. Nimest\u00e4 huokuu kyll\u00e4 halu s\u00e4ilytt\u00e4\u00e4 kaksi taipumatonta maakuntaidentiteetti\u00e4 ket\u00e4\u00e4n suututtamatta, mutta vaikka nimi on helppo, lehdell\u00e4 itsell\u00e4\u00e4n eiv\u00e4t ole helpot ajat edess\u00e4\u00e4n.<\/p>\n\n\n\n<p><span class=\"capitalized\">P\u00e4\u00e4toimittajaksi<\/span> valittu <strong>Markku Mantila<\/strong> on t\u00e4h\u00e4n rooliin passeli valinta, jolle sek\u00e4 Ilkka ett\u00e4 Pohjalainen ovat ennest\u00e4\u00e4n tuttuja. Mantila aloitti toimittajanuransa Ilkassa vuonna 1985. H\u00e4n toimi Pohjalaisen p\u00e4\u00e4toimittajana 2002-2009.<\/p>\n\n\n\n<p>Mantila on ty\u00f6skennellyt my\u00f6s <em>Kalevan<\/em> p\u00e4\u00e4toimittajana ja valtioneuvoston viestint\u00e4johtajana. Uuteen teht\u00e4v\u00e4\u00e4ns\u00e4 h\u00e4n siirtyy Naton strategisen viestinn\u00e4n osaamiskeskuksesta.<\/p>\n\n\n\n<p>Onko Mantila sellainen digiosaaja ja muutosjohtaja, jota Ilkka-Pohjalainen nyt kipe\u00e4sti kaipaa? Se selvi\u00e4\u00e4 pian. H\u00e4n aloittaa teht\u00e4v\u00e4ss\u00e4\u00e4n tammikuun 2020 lopussa, ja tuloksia pit\u00e4isi saada aikaan nopeasti.<\/p>\n\n\n\n<p><span class=\"capitalized\">Ilkan ja Pohjalaisen<\/span> printin&nbsp;<a href=\"http:\/\/mediaauditfinland.fi\/wp-content\/uploads\/2019\/06\/LT-tilasto-2018.pdf\" target=\"_blank\" rel=\"noopener\">yhteenlaskettu kokonaislevikki<\/a> oli viime vuonna oli 56 171 kappaletta ja digitaalisen lukemisen sis\u00e4lt\u00e4v\u00e4&nbsp;<a href=\"http:\/\/mediaauditfinland.fi\/wp-content\/uploads\/2019\/06\/KMT-2018-lukijam%C3%A4%C3%A4r%C3%A4t.pdf\" target=\"_blank\" rel=\"noopener\">kokonaistavoittavuus<\/a>&nbsp;keskim\u00e4\u00e4rin 260 000 lukijaa. Mantilan haasteena ovat laskeva printtilevikki ja varsinkin maakuntalehdille vaikea digituottojen kiihdytt\u00e4minen. Yhdistyminen voi tuoda t\u00e4h\u00e4n uutta potkua ja parantaa taloudellista kestokyky\u00e4.<\/p>\n\n\n\n<p><a href=\"https:\/\/www.ilkka.fi\/tilaajalle\/maakunta\/helsingin-uutisten-tuore-toimintamalli-saattaisi-toimia-ilkan-ja-pohjalaisen-yhdistyessa-pohtii-median-murroksesta-vaitellyt-viestintayrittaja-1.3161771\" target=\"_blank\" rel=\"noopener\">Vaativin ty\u00f6sarka<\/a> on siin\u00e4, mielt\u00e4v\u00e4tk\u00f6 levikkialueen lukijat Ilkka-Pohjalaisen omaksi lehdekseen. Toisaalta, onko heill\u00e4 parempiakaan vaihtoehtoja?<\/p>\n\n\n\n<p>Pettyneen lukijan vaihtoehtona on tietysti aina lehdest\u00e4 luopuminen, mik\u00e4 on yhdistymisen iso riski. Yhdistyminen on kuitenkin yleis\u00f6nkin kannalta parempi vaihtoehto kuin lehtien ilmestymisp\u00e4ivien asteittainen harventaminen ja lopulta pienemm\u00e4n lehden lakkauttaminen kokonaan.<\/p>\n\n\n\n<p><span class=\"capitalized\">P.S.<\/span> <a href=\"https:\/\/www.aamulehti.fi\/a\/17733339-a336-41d8-836f-2f6ed04d39e2\" target=\"_blank\" rel=\"noopener\">T\u00e4rke\u00e4 uutinen<\/a> on se, ett\u00e4 <em>Imatralainen<\/em>-lehden ja <em>Lappeenrannan Uutisten<\/em> vt. p\u00e4\u00e4toimittaja <strong>Ilkka Pohjalainen<\/strong>&nbsp;pit\u00e4\u00e4 uuden lehden nime\u00e4 hyv\u00e4n\u00e4! Ilkka Pohjalainen ei ollut mukana Ilkka-Pohjalaisen hakuprosessissa.<\/p>\n\n\n","protected":false},"excerpt":{"rendered":"<p>SYKSYN kiinnostavin mediatapahtuma on maakuntalehtien Ilkan ja Pohjalaisen yhdistyminen sek\u00e4 t\u00e4m\u00e4n uuden hybridilehden nimi ja sen uuden p\u00e4\u00e4toimittajan nimi, jotka julkistettiin suorassa live-striimiss\u00e4 t\u00e4n\u00e4 aamuna. Julkistukseen liittyneet ennakkoj\u00e4nnitys<br \/>\nja speku&hellip;<\/p>\n","protected":false},"author":148,"featured_media":0,"comment_status":"open","ping_status":"closed","sticky":false,"template":"","format":"standard","meta":{"_acf_changed":false,"asauth_required_access_level":3,"asauth_cansharepaid":"true","om_header_attributes":[],"footnotes":"","om_featured_image_focal_point":[],"om_primary_tag":0,"om_contributors":[],"om_co_authors":[],"beyondwords_generate_audio":"","beyondwords_project_id":"","beyondwords_content_id":"","beyondwords_preview_token":"","beyondwords_player_content":"","beyondwords_player_style":"","beyondwords_language_code":"","beyondwords_language_id":"","beyondwords_title_voice_id":"","beyondwords_body_voice_id":"","beyondwords_summary_voice_id":"","beyondwords_error_message":"","beyondwords_disabled":"","beyondwords_delete_content":"","beyondwords_podcast_id":"","beyondwords_hash":"","publish_post_to_speechkit":"","speechkit_hash":"","speechkit_generate_audio":"","speechkit_project_id":"","speechkit_podcast_id":"","speechkit_error_message":"","speechkit_disabled":"","speechkit_access_key":"","speechkit_error":"","speechkit_info":"","speechkit_response":"","speechkit_retries":"","speechkit_status":"","speechkit_updated_at":"","_speechkit_link":"","_speechkit_text":""},"categories":[1],"tags":[131,2012,2015,103,799,2016,791,2014,2011,91,2013,132,88],"class_list":["post-2683","post","type-post","status-publish","format-standard","hentry","category-mediasekaantuja","tag-ilkka","tag-ilkka-pohjalainen","tag-imatralainen","tag-kaleva","tag-kokonaistavoittavuus","tag-lappeenrannan-uutiset","tag-levikki","tag-maakuntaidentiteetti","tag-markku-mantila","tag-median-murros","tag-nato","tag-pohjalainen","tag-yt-neuvottelut"],"om_views":null,"acf":{"tuuma_off":false,"tuuma_kysymys":"","tuuma_vastaus":""},"asauth":{"required_access_level":1,"share_token":"","is_paid":false},"yoast_head":"<!-- This site is optimized with the Yoast SEO plugin v26.4 - https:\/\/yoast.com\/wordpress\/plugins\/seo\/ -->\n<title>Ilkka-Pohjalainen on lehden nimeksi helppo ja halpa kompromissi - Mediaansekaantuja<\/title>\n<meta name=\"description\" content=\"Yhdistyv\u00e4n maakuntalehden nimi ei hengi uudistumiskyky\u00e4, mutta l\u00f6ytyyk\u00f6 sit\u00e4 uudelta p\u00e4\u00e4toimittajalta Markku Mantilalta?\" \/>\n<meta name=\"robots\" content=\"index, follow, max-snippet:-1, max-image-preview:large, max-video-preview:-1\" \/>\n<link rel=\"canonical\" href=\"https:\/\/suomenkuvalehti.fi\/mediasekaantuja\/ilkka-pohjalainen-on-lehden-nimeksi-helppo-ja-halpa-kompromissi\/\" \/>\n<meta property=\"og:locale\" content=\"fi_FI\" \/>\n<meta property=\"og:type\" content=\"article\" \/>\n<meta property=\"og:title\" content=\"Ilkka-Pohjalainen on lehden nimeksi helppo ja halpa kompromissi - Mediaansekaantuja\" \/>\n<meta property=\"og:description\" content=\"Yhdistyv\u00e4n maakuntalehden nimi ei hengi uudistumiskyky\u00e4, mutta l\u00f6ytyyk\u00f6 sit\u00e4 uudelta p\u00e4\u00e4toimittajalta Markku Mantilalta?\" \/>\n<meta property=\"og:url\" content=\"https:\/\/suomenkuvalehti.fi\/mediasekaantuja\/ilkka-pohjalainen-on-lehden-nimeksi-helppo-ja-halpa-kompromissi\/\" \/>\n<meta property=\"og:site_name\" content=\"Mediaansekaantuja\" \/>\n<meta property=\"article:published_time\" content=\"2019-11-22T15:55:37+00:00\" \/>\n<meta property=\"og:image\" content=\"https:\/\/suomenkuvalehti.fi\/mediasekaantuja\/wp-content\/uploads\/sites\/18\/2022\/04\/pasi_kivioja_02-scaled.jpg\" \/>\n\t<meta property=\"og:image:width\" content=\"2560\" \/>\n\t<meta property=\"og:image:height\" content=\"1707\" \/>\n\t<meta property=\"og:image:type\" content=\"image\/jpeg\" \/>\n<meta name=\"author\" content=\"Pasi Kivioja\" \/>\n<meta name=\"twitter:card\" content=\"summary_large_image\" \/>\n<meta name=\"twitter:creator\" content=\"@https:\/\/twitter.com\/PasiKivioja\" \/>\n<meta name=\"twitter:label1\" content=\"Written by\" \/>\n\t<meta name=\"twitter:data1\" content=\"Pasi Kivioja\" \/>\n\t<meta name=\"twitter:label2\" content=\"Est. reading time\" \/>\n\t<meta name=\"twitter:data2\" content=\"2 minuuttia\" \/>\n<script type=\"application\/ld+json\" class=\"yoast-schema-graph\">{\"@context\":\"https:\/\/schema.org\",\"@graph\":[{\"@type\":\"WebPage\",\"@id\":\"https:\/\/suomenkuvalehti.fi\/mediasekaantuja\/ilkka-pohjalainen-on-lehden-nimeksi-helppo-ja-halpa-kompromissi\/\",\"url\":\"https:\/\/suomenkuvalehti.fi\/mediasekaantuja\/ilkka-pohjalainen-on-lehden-nimeksi-helppo-ja-halpa-kompromissi\/\",\"name\":\"Ilkka-Pohjalainen on lehden nimeksi helppo ja halpa kompromissi - Mediaansekaantuja\",\"isPartOf\":{\"@id\":\"https:\/\/suomenkuvalehti.fi\/mediasekaantuja\/#website\"},\"datePublished\":\"2019-11-22T15:55:37+00:00\",\"author\":{\"@id\":\"https:\/\/suomenkuvalehti.fi\/mediasekaantuja\/#\/schema\/person\/e5cfc3b0243594a363a937aa1d165533\"},\"description\":\"Yhdistyv\u00e4n maakuntalehden nimi ei hengi uudistumiskyky\u00e4, mutta l\u00f6ytyyk\u00f6 sit\u00e4 uudelta p\u00e4\u00e4toimittajalta Markku Mantilalta?\",\"breadcrumb\":{\"@id\":\"https:\/\/suomenkuvalehti.fi\/mediasekaantuja\/ilkka-pohjalainen-on-lehden-nimeksi-helppo-ja-halpa-kompromissi\/#breadcrumb\"},\"inLanguage\":\"fi\",\"potentialAction\":[{\"@type\":\"ReadAction\",\"target\":[\"https:\/\/suomenkuvalehti.fi\/mediasekaantuja\/ilkka-pohjalainen-on-lehden-nimeksi-helppo-ja-halpa-kompromissi\/\"]}]},{\"@type\":\"BreadcrumbList\",\"@id\":\"https:\/\/suomenkuvalehti.fi\/mediasekaantuja\/ilkka-pohjalainen-on-lehden-nimeksi-helppo-ja-halpa-kompromissi\/#breadcrumb\",\"itemListElement\":[{\"@type\":\"ListItem\",\"position\":1,\"name\":\"Home\",\"item\":\"https:\/\/suomenkuvalehti.fi\/mediasekaantuja\/\"},{\"@type\":\"ListItem\",\"position\":2,\"name\":\"Ilkka-Pohjalainen on lehden nimeksi helppo ja halpa kompromissi\"}]},{\"@type\":\"WebSite\",\"@id\":\"https:\/\/suomenkuvalehti.fi\/mediasekaantuja\/#website\",\"url\":\"https:\/\/suomenkuvalehti.fi\/mediasekaantuja\/\",\"name\":\"Mediaansekaantuja\",\"description\":\"Pasi Kivioja analysoi median ilmi\u00f6it\u00e4.\",\"potentialAction\":[{\"@type\":\"SearchAction\",\"target\":{\"@type\":\"EntryPoint\",\"urlTemplate\":\"https:\/\/suomenkuvalehti.fi\/haku\/?q={search_term_string}\"},\"query-input\":{\"@type\":\"PropertyValueSpecification\",\"valueRequired\":true,\"valueName\":\"search_term_string\"}}],\"inLanguage\":\"fi\"},{\"@type\":\"Person\",\"@id\":\"https:\/\/suomenkuvalehti.fi\/mediasekaantuja\/#\/schema\/person\/e5cfc3b0243594a363a937aa1d165533\",\"name\":\"Pasi Kivioja\",\"image\":{\"@type\":\"ImageObject\",\"inLanguage\":\"fi\",\"@id\":\"https:\/\/suomenkuvalehti.fi\/mediasekaantuja\/#\/schema\/person\/image\/\",\"url\":\"https:\/\/suomenkuvalehti.fi\/mediasekaantuja\/wp-content\/uploads\/sites\/18\/2022\/04\/pasi_kivioja_02-150x150.jpg\",\"contentUrl\":\"https:\/\/suomenkuvalehti.fi\/mediasekaantuja\/wp-content\/uploads\/sites\/18\/2022\/04\/pasi_kivioja_02-150x150.jpg\",\"caption\":\"Pasi Kivioja\"},\"description\":\"Pasi Kivioja on median murroksesta ja mediataloudesta v\u00e4itellyt YTT, vapaa toimittaja ja viestint\u00e4yritt\u00e4j\u00e4.\",\"sameAs\":[\"https:\/\/x.com\/https:\/\/twitter.com\/PasiKivioja\"]}]}<\/script>\n<!-- \/ Yoast SEO plugin. -->","yoast_head_json":{"title":"Ilkka-Pohjalainen on lehden nimeksi helppo ja halpa kompromissi - Mediaansekaantuja","description":"Yhdistyv\u00e4n maakuntalehden nimi ei hengi uudistumiskyky\u00e4, mutta l\u00f6ytyyk\u00f6 sit\u00e4 uudelta p\u00e4\u00e4toimittajalta Markku Mantilalta?","robots":{"index":"index","follow":"follow","max-snippet":"max-snippet:-1","max-image-preview":"max-image-preview:large","max-video-preview":"max-video-preview:-1"},"canonical":"https:\/\/suomenkuvalehti.fi\/mediasekaantuja\/ilkka-pohjalainen-on-lehden-nimeksi-helppo-ja-halpa-kompromissi\/","og_locale":"fi_FI","og_type":"article","og_title":"Ilkka-Pohjalainen on lehden nimeksi helppo ja halpa kompromissi - Mediaansekaantuja","og_description":"Yhdistyv\u00e4n maakuntalehden nimi ei hengi uudistumiskyky\u00e4, mutta l\u00f6ytyyk\u00f6 sit\u00e4 uudelta p\u00e4\u00e4toimittajalta Markku Mantilalta?","og_url":"https:\/\/suomenkuvalehti.fi\/mediasekaantuja\/ilkka-pohjalainen-on-lehden-nimeksi-helppo-ja-halpa-kompromissi\/","og_site_name":"Mediaansekaantuja","article_published_time":"2019-11-22T15:55:37+00:00","og_image":[{"width":2560,"height":1707,"url":"https:\/\/suomenkuvalehti.fi\/mediasekaantuja\/wp-content\/uploads\/sites\/18\/2022\/04\/pasi_kivioja_02-scaled.jpg","type":"image\/jpeg"}],"author":"Pasi Kivioja","twitter_card":"summary_large_image","twitter_creator":"@https:\/\/twitter.com\/PasiKivioja","twitter_misc":{"Written by":"Pasi Kivioja","Est. reading time":"2 minuuttia"},"schema":{"@context":"https:\/\/schema.org","@graph":[{"@type":"WebPage","@id":"https:\/\/suomenkuvalehti.fi\/mediasekaantuja\/ilkka-pohjalainen-on-lehden-nimeksi-helppo-ja-halpa-kompromissi\/","url":"https:\/\/suomenkuvalehti.fi\/mediasekaantuja\/ilkka-pohjalainen-on-lehden-nimeksi-helppo-ja-halpa-kompromissi\/","name":"Ilkka-Pohjalainen on lehden nimeksi helppo ja halpa kompromissi - Mediaansekaantuja","isPartOf":{"@id":"https:\/\/suomenkuvalehti.fi\/mediasekaantuja\/#website"},"datePublished":"2019-11-22T15:55:37+00:00","author":{"@id":"https:\/\/suomenkuvalehti.fi\/mediasekaantuja\/#\/schema\/person\/e5cfc3b0243594a363a937aa1d165533"},"description":"Yhdistyv\u00e4n maakuntalehden nimi ei hengi uudistumiskyky\u00e4, mutta l\u00f6ytyyk\u00f6 sit\u00e4 uudelta p\u00e4\u00e4toimittajalta Markku Mantilalta?","breadcrumb":{"@id":"https:\/\/suomenkuvalehti.fi\/mediasekaantuja\/ilkka-pohjalainen-on-lehden-nimeksi-helppo-ja-halpa-kompromissi\/#breadcrumb"},"inLanguage":"fi","potentialAction":[{"@type":"ReadAction","target":["https:\/\/suomenkuvalehti.fi\/mediasekaantuja\/ilkka-pohjalainen-on-lehden-nimeksi-helppo-ja-halpa-kompromissi\/"]}]},{"@type":"BreadcrumbList","@id":"https:\/\/suomenkuvalehti.fi\/mediasekaantuja\/ilkka-pohjalainen-on-lehden-nimeksi-helppo-ja-halpa-kompromissi\/#breadcrumb","itemListElement":[{"@type":"ListItem","position":1,"name":"Home","item":"https:\/\/suomenkuvalehti.fi\/mediasekaantuja\/"},{"@type":"ListItem","position":2,"name":"Ilkka-Pohjalainen on lehden nimeksi helppo ja halpa kompromissi"}]},{"@type":"WebSite","@id":"https:\/\/suomenkuvalehti.fi\/mediasekaantuja\/#website","url":"https:\/\/suomenkuvalehti.fi\/mediasekaantuja\/","name":"Mediaansekaantuja","description":"Pasi Kivioja analysoi median ilmi\u00f6it\u00e4.","potentialAction":[{"@type":"SearchAction","target":{"@type":"EntryPoint","urlTemplate":"https:\/\/suomenkuvalehti.fi\/haku\/?q={search_term_string}"},"query-input":{"@type":"PropertyValueSpecification","valueRequired":true,"valueName":"search_term_string"}}],"inLanguage":"fi"},{"@type":"Person","@id":"https:\/\/suomenkuvalehti.fi\/mediasekaantuja\/#\/schema\/person\/e5cfc3b0243594a363a937aa1d165533","name":"Pasi Kivioja","image":{"@type":"ImageObject","inLanguage":"fi","@id":"https:\/\/suomenkuvalehti.fi\/mediasekaantuja\/#\/schema\/person\/image\/","url":"https:\/\/suomenkuvalehti.fi\/mediasekaantuja\/wp-content\/uploads\/sites\/18\/2022\/04\/pasi_kivioja_02-150x150.jpg","contentUrl":"https:\/\/suomenkuvalehti.fi\/mediasekaantuja\/wp-content\/uploads\/sites\/18\/2022\/04\/pasi_kivioja_02-150x150.jpg","caption":"Pasi Kivioja"},"description":"Pasi Kivioja on median murroksesta ja mediataloudesta v\u00e4itellyt YTT, vapaa toimittaja ja viestint\u00e4yritt\u00e4j\u00e4.","sameAs":["https:\/\/x.com\/https:\/\/twitter.com\/PasiKivioja"]}]}},"_links":{"self":[{"href":"https:\/\/suomenkuvalehti.fi\/mediasekaantuja\/wp-json\/wp\/v2\/posts\/2683","targetHints":{"allow":["GET"]}}],"collection":[{"href":"https:\/\/suomenkuvalehti.fi\/mediasekaantuja\/wp-json\/wp\/v2\/posts"}],"about":[{"href":"https:\/\/suomenkuvalehti.fi\/mediasekaantuja\/wp-json\/wp\/v2\/types\/post"}],"author":[{"embeddable":true,"href":"https:\/\/suomenkuvalehti.fi\/mediasekaantuja\/wp-json\/wp\/v2\/users\/148"}],"replies":[{"embeddable":true,"href":"https:\/\/suomenkuvalehti.fi\/mediasekaantuja\/wp-json\/wp\/v2\/comments?post=2683"}],"version-history":[{"count":11,"href":"https:\/\/suomenkuvalehti.fi\/mediasekaantuja\/wp-json\/wp\/v2\/posts\/2683\/revisions"}],"predecessor-version":[{"id":2694,"href":"https:\/\/suomenkuvalehti.fi\/mediasekaantuja\/wp-json\/wp\/v2\/posts\/2683\/revisions\/2694"}],"wp:attachment":[{"href":"https:\/\/suomenkuvalehti.fi\/mediasekaantuja\/wp-json\/wp\/v2\/media?parent=2683"}],"wp:term":[{"taxonomy":"category","embeddable":true,"href":"https:\/\/suomenkuvalehti.fi\/mediasekaantuja\/wp-json\/wp\/v2\/categories?post=2683"},{"taxonomy":"post_tag","embeddable":true,"href":"https:\/\/suomenkuvalehti.fi\/mediasekaantuja\/wp-json\/wp\/v2\/tags?post=2683"}],"curies":[{"name":"wp","href":"https:\/\/api.w.org\/{rel}","templated":true}]}}