{"id":2547,"date":"2019-05-17T16:50:07","date_gmt":"2019-05-17T13:50:07","guid":{"rendered":"https:\/\/suomenkuvalehti.fi\/mediasekaantuja\/?p=2547"},"modified":"2019-05-17T17:11:56","modified_gmt":"2019-05-17T14:11:56","slug":"paakirjoitukset-journalistin-ohjeista-irrallinen-saareke","status":"publish","type":"post","link":"https:\/\/suomenkuvalehti.fi\/mediasekaantuja\/paakirjoitukset-journalistin-ohjeista-irrallinen-saareke\/","title":{"rendered":"P\u00e4\u00e4kirjoitukset &#8211; Journalistin ohjeista irrallinen saareke?"},"content":{"rendered":"\n<p><span class=\"capitalized\">Postin<\/span> sidosryhm\u00e4johtaja ja entinen sanomalehtitoimittaja <strong>Timo J. Anttila<\/strong> otti 2-1-voiton sanomalehdist\u00e4 Julkisen sanan neuvoston (JSN) k\u00e4sittelyyn edenneess\u00e4 mittel\u00f6ss\u00e4 Postia koskevasta kirjoittelusta. <a href=\"http:\/\/www.jsn.fi\/uutiset\/jsn-ratkaisi-paljon-puhututtaneet-posti-kantelut---langettavat-keskisuomalaiselle-ja-savon-sanomille\/\" target=\"_blank\" rel=\"noopener\">JSN antoi eilisess\u00e4 kokouksessaan<\/a> Anttilan tekemist\u00e4 kanteluista langettavat p\u00e4\u00e4t\u00f6kset&nbsp;<em>Keskisuomalaiselle<\/em> ja <em>Savon Sanomille<\/em>. Sen sijaan <em>Helsingin Sanomat<\/em> sai vapauttavan ratkaisun.<\/p>\n\n\n\n<p>Kanteluissa oli kyse siit\u00e4, olisiko Postin toimintaa kritisoineiden lehtien pit\u00e4nyt mainita olevansa jakeluliiketoiminnassa sen kilpailijoita. Keskisuomalainen-konserni, johon my\u00f6s Savon Sanomat kuuluu, on hankkinut omistukseensa Suomen Suoramainonnan, ja Helsingin Sanomilla kustantavalla Sanoma Media Finlandilla on p\u00e4\u00e4kaupunkiseudulla jakelua hoitava yhti\u00f6 Early Bird.<\/p>\n\n\n<figure class=\"alignleft size-article-img wp-block-image\">\n  <div class=\"wp-block-image__inner-container\">\n    <a href='https:\/\/suomenkuvalehti.fi\/mediasekaantuja\/wp-content\/uploads\/sites\/18\/2019\/05\/ksml.jpg'><img loading=\"lazy\" decoding=\"async\" src=\"https:\/\/suomenkuvalehti.fi\/mediasekaantuja\/wp-content\/uploads\/sites\/18\/2019\/05\/ksml-630x503.jpg\" alt=\"\" class=\"wp-image-2554\" width=\"819\" height=\"654\" style=\"--aspect-ratio: 1.25\" srcset=\"https:\/\/suomenkuvalehti.fi\/mediasekaantuja\/wp-content\/uploads\/sites\/18\/2019\/05\/ksml-630x503.jpg 630w, https:\/\/suomenkuvalehti.fi\/mediasekaantuja\/wp-content\/uploads\/sites\/18\/2019\/05\/ksml-300x240.jpg 300w, https:\/\/suomenkuvalehti.fi\/mediasekaantuja\/wp-content\/uploads\/sites\/18\/2019\/05\/ksml-768x613.jpg 768w, https:\/\/suomenkuvalehti.fi\/mediasekaantuja\/wp-content\/uploads\/sites\/18\/2019\/05\/ksml.jpg 819w\" sizes=\"auto, (max-width: 819px) 100vw, 819px\" \/><\/a>    <figcaption class=\"wp-block-image__figcaption\">\n      Keskisuomalaisen p\u00e4\u00e4kirjoitus 13.12.2018.          <\/figcaption>\n      <\/div>\n<\/figure>\n\n\n<p>Keskisuomalainen ja Savon Sanomat moittivat <a href=\"https:\/\/www.ksml.fi\/paakirjoitus\/P%C3%A4%C3%A4kirjoitus-Posti-syrjii-maaseutua-ja-sanomalehti%C3%A4\/1297877\" target=\"_blank\" rel=\"noopener\">p\u00e4\u00e4kirjoituksissaan<\/a> Postin syrjiv\u00e4n maaseutua ja sanomalehti\u00e4 rajuilla hinnankorotuksillaan. Helsingin Sanomat <a href=\"https:\/\/www.hs.fi\/kotimaa\/art-2000005908391.html\" target=\"_blank\" rel=\"noopener\">kertoi uutisjutussaan<\/a> Postin jakeluvirheiden kehityksest\u00e4 ja pakettien hukkaamisesta. Keskisuomalaisen ja Savon Sanomien kirjoituksessa ei kerrottu lukijoille lehtikonsernin ja Postin v\u00e4lisest\u00e4 kilpailuasetelmasta.<\/p>\n\n\n\n<p>HS:n jutussa mainittiin, ett\u00e4 &#8221;Suomessa toimii useita jakeluoperaattoreita ja muiden jakeluyhti\u00f6iden tekem\u00e4 virhe menee ihmisten mieliss\u00e4 helposti Postin piikkiin. Esimerkiksi mediayhti\u00f6ill\u00e4 on omia jakeluyhti\u00f6it\u00e4&#8221;, mutta Sanoman lehtijakelua ei erikseen mainittu nimelt\u00e4.<\/p>\n\n\n\n<p><span class=\"capitalized\">JSN oli<\/span> <a href=\"http:\/\/www.jsn.fi\/paatokset\/7028-sl-19\/\" target=\"_blank\" rel=\"noopener\">Keskisuomalaista<\/a> ja <a href=\"http:\/\/www.jsn.fi\/paatokset\/7029-sl-19\/\" target=\"_blank\" rel=\"noopener\">Savon Sanomia<\/a> koskevissa ratkaisuissaan sit\u00e4 mielt\u00e4, ett\u00e4 Posti on lehtiyhti\u00f6iden merkitt\u00e4v\u00e4 kilpailija. Kun p\u00e4\u00e4kirjoituksissa vaadittiin yhteiskunnalta toimia Postin toiminnan selkeytt\u00e4miseksi ja rajoittamiseksi suhteessa kilpailijoihin, kyse oli lehtien konsernille ja omistajille niin merkitt\u00e4v\u00e4st\u00e4 asiasta, ett\u00e4 lehtien olisi pit\u00e4nyt tehd\u00e4 asiayhteys selv\u00e4ksi yleis\u00f6lle.<\/p>\n\n\n<figure class=\"alignleft size-article-img wp-block-image\">\n  <div class=\"wp-block-image__inner-container\">\n    <a href='https:\/\/suomenkuvalehti.fi\/mediasekaantuja\/wp-content\/uploads\/sites\/18\/2019\/05\/ss.jpg'><img loading=\"lazy\" decoding=\"async\" src=\"https:\/\/suomenkuvalehti.fi\/mediasekaantuja\/wp-content\/uploads\/sites\/18\/2019\/05\/ss-630x304.jpg\" alt=\"\" class=\"wp-image-2556\" width=\"898\" height=\"433\" style=\"--aspect-ratio: 2.07\" srcset=\"https:\/\/suomenkuvalehti.fi\/mediasekaantuja\/wp-content\/uploads\/sites\/18\/2019\/05\/ss-630x304.jpg 630w, https:\/\/suomenkuvalehti.fi\/mediasekaantuja\/wp-content\/uploads\/sites\/18\/2019\/05\/ss-300x145.jpg 300w, https:\/\/suomenkuvalehti.fi\/mediasekaantuja\/wp-content\/uploads\/sites\/18\/2019\/05\/ss-768x370.jpg 768w, https:\/\/suomenkuvalehti.fi\/mediasekaantuja\/wp-content\/uploads\/sites\/18\/2019\/05\/ss.jpg 898w\" sizes=\"auto, (max-width: 898px) 100vw, 898px\" \/><\/a>    <figcaption class=\"wp-block-image__figcaption\">\n      Savon Sanomien p\u00e4\u00e4kirjoitus 14.12.2018.          <\/figcaption>\n      <\/div>\n<\/figure>\n\n\n<p>Kanteluun vastannut Keskisuomalaisen vastaava p\u00e4\u00e4toimittaja <strong>Pekka Mervola<\/strong> esitti vastauksessaan neuvostolle mielenkiintoisia n\u00e4kemyksi\u00e4.<\/p>\n\n\n\n<p>Ensinn\u00e4kin h\u00e4n oli sit\u00e4 mielt\u00e4, ett\u00e4 t\u00e4llaisen asiayhteyden esiintuominen p\u00e4\u00e4kirjoituksessa Timo J. Anttilan vaatimalla tavalla murtaisi p\u00e4\u00e4kirjoitusten riippumattomuuden yhti\u00f6n liiketoiminnallisista n\u00e4kemyksist\u00e4 tai omistajan n\u00e4kemyksist\u00e4. P\u00e4\u00e4kirjoituksen ja omistajan v\u00e4lilt\u00e4 poistuisi palomuuri.<\/p>\n\n\n\n<p>Mervola meni jopa niin pitk\u00e4lle, ett\u00e4 esitti p\u00e4\u00e4kirjoitussivun osittaista erkaantumista <a href=\"http:\/\/www.jsn.fi\/journalistin_ohjeet\/\" target=\"_blank\" rel=\"noopener\">Journalistin ohjeiden<\/a> piirist\u00e4.<\/p>\n\n\n\n<p>&#8221;Journalistin ohjeiden 6. pyk\u00e4l\u00e4\u00e4 ei pid\u00e4 soveltaa p\u00e4\u00e4kirjoituksiin eik\u00e4 p\u00e4\u00e4kirjoitussivuun. P\u00e4\u00e4kirjoitukset ovat lehden institutionaalinen mielipide eik\u00e4 t\u00e4lle mielipiteelle pid\u00e4 rakentaa kytkent\u00e4\u00e4 konserniin tai sen omistajiin&#8221;, Mervola kirjoitti.<\/p>\n\n\n\n<p>T\u00e4m\u00e4 on todella h\u00e4mment\u00e4v\u00e4 n\u00e4kemys, sill\u00e4 Journalistin ohjeet koskevat kaikkea toimituksellista sis\u00e4lt\u00f6\u00e4, my\u00f6s p\u00e4\u00e4kirjoituksia ja muuta mielipideaineistoa. Jos p\u00e4\u00e4kirjoituksessa on esimerkiksi olennainen asiavirhe, ohjeiden mukaan lehden on korjattava se.<\/p>\n\n\n\n<p><span class=\"capitalized\">Jos ymm\u00e4rsin<\/span> oikein, Mervolan mielest\u00e4 maininta lehtiyhti\u00f6n omasta kilpailevasta jakelutoiminnasta olisi luonut sellaista vaikutelmaa, ett\u00e4 &#8221;Keskisuomalaisen p\u00e4\u00e4kirjoitus ei olisi lehden riippumaton mielipide vaan se olisi sidoksissa Keskisuomalainen Oyj:n muihin liiketoimintoihin ja olisi siten yhti\u00f6n mielipide&#8221;.<\/p>\n\n\n\n<p>Voi olla, ett\u00e4 sellainenkin vaikutelma saattaa jollekulle synty\u00e4, mutta kun t\u00e4m\u00e4n tyyppinen merkitt\u00e4v\u00e4n asiayhteyden esilletuominen on jo aika perushein\u00e4\u00e4 muussa mediassa, lukijat kyll\u00e4 ymm\u00e4rt\u00e4v\u00e4t, miksi seikka on tarpeen mainita &#8211; tiedonv\u00e4lityksen l\u00e4pin\u00e4kyvyyden ja journalismin uskottavuuden vuoksi tietenkin.<\/p>\n\n\n\n<p>Asian mainitsemisen j\u00e4lkeen jokainen voi mietti\u00e4, onko lehden p\u00e4\u00e4kirjoituksien ja omistajatahon v\u00e4lill\u00e4 palomuuria vai ei. Tai onko kilpailutilanteella ylip\u00e4\u00e4ns\u00e4 mit\u00e4\u00e4n merkityst\u00e4 k\u00e4sitelt\u00e4v\u00e4n asian kannalta.<\/p>\n\n\n\n<p><span class=\"capitalized\">Mervolan<\/span> toinen huoli liittyi Journalistin ohjeiden kohdan 6 tulkinnan laajentumiseen. H\u00e4nen mukaansa omistus- ja intressisuhteen eli omistuskytkenn\u00e4n ilmaiseminen uutisissa laajenisi kilpailijakytkenn\u00e4n ilmaisemiseksi. &#8221;Se olisi merkitt\u00e4v\u00e4 laajennus Journalistin ohjeiden 6. pyk\u00e4l\u00e4\u00e4n ja johtaisi hyvin ep\u00e4selviin linjauksiin&#8221;, Mervola arveli.<\/p>\n\n\n\n<p>Huoli on turha, sill\u00e4 my\u00f6s kilpailijakytkenn\u00e4n ilmaiseminen mahtuu kyseisen ohjekohdan m\u00e4\u00e4rittelyyn:<\/p>\n\n\n\n<p class=\"has-text-align-left\"><em>6. K\u00e4sitelless\u00e4\u00e4n omalle tiedotusv\u00e4lineelle, konsernille tai sen omistajille merkitt\u00e4vi\u00e4 asioita journalistin on hyv\u00e4 tehd\u00e4 asiayhteys lukijalle, kuulijalle ja katsojalle selv\u00e4ksi.<\/em><\/p>\n\n\n\n<p>Ohjeessa ei siis puhuta <em>omistuskytkenn\u00f6ist\u00e4<\/em> vaan tiedotusv\u00e4lineelle itselleen<em> merkitt\u00e4vist\u00e4 asioista<\/em>, joihin my\u00f6s lehtiyhti\u00f6n ja Postin v\u00e4linen kilpailuasetelma kuuluu.<\/p>\n\n\n\n<p><span class=\"capitalized\">Pyk\u00e4l\u00e4\u00e4 on<\/span> kyll\u00e4 usein sovellettu oman konsernin tuotteita ja toimintoja koskeviin kirjoituksiin, mutta t\u00e4m\u00e4 ei ole suinkaan ensimm\u00e4inen kerta, kun JSN tulkitsee kohtaa 6 laajemmassa merkityksess\u00e4.<\/p>\n\n\n\n<p>Esimerkiksi vuonna 2017 olin neuvoston j\u00e4senen\u00e4 tekem\u00e4ss\u00e4 p\u00e4\u00e4t\u00f6st\u00e4 <em>Satakunnan Viikolle<\/em> annetusta <a href=\"http:\/\/www.jsn.fi\/sisalto\/6512-pl-17\/?search=jo+6\" target=\"_blank\" rel=\"noopener\">langettavasta p\u00e4\u00e4t\u00f6ksest\u00e4<\/a>.&nbsp;Lehti otti p\u00e4\u00e4kirjoituksessaan kantaa puhelinyhti\u00f6\u00f6n liittyv\u00e4\u00e4n valtataisteluun. JSN:n mukaan p\u00e4\u00e4toimittajalla oli asiassa ilmeinen kaksoisrooli ja lehtiyhti\u00f6 omisti osakkeita kiistaan liittyv\u00e4st\u00e4 yhti\u00f6st\u00e4. Sidonnaisuuksista ei kerrottu lukijoille ja t\u00e4m\u00e4 oli omiaan heikent\u00e4m\u00e4\u00e4n journalismin uskottavuutta.<\/p>\n\n\n\n<p>Toisaalta lehtiyhti\u00f6\u00f6n itseens\u00e4 liittyv\u00e4n kilpailuasetelman esiintuominen ei ole kaikissa tapauksissa ehdottoman v\u00e4ltt\u00e4m\u00e4t\u00f6nt\u00e4.<\/p>\n\n\n\n<p>Vuonna 2011 Keskisuomalainen sai <a href=\"http:\/\/www.jsn.fi\/sisalto\/4508-sl-11\/?search=4508\" target=\"_blank\" rel=\"noopener\">vapauttavan p\u00e4\u00e4t\u00f6ksen<\/a> kaupunkilehtikilpailijaansa koskevasta uutisoinnistaan. Tuolloinkin neuvosto kuitenkin totesi, ett\u00e4&nbsp;Keskisuomalaisen ja <em>Sis\u00e4-Suomen Lehden<\/em> konserniyhteys olisi ollut hyv\u00e4 mainita. Koska kilpaileva kaupunkilehti <em>Kosken Kanava<\/em> oli kuitenkin jo lakannut ilmestym\u00e4st\u00e4, puute ei ollut niin merkitt\u00e4v\u00e4, ett\u00e4 se olisi aiheuttanut langettavan p\u00e4\u00e4t\u00f6ksen.<\/p>\n\n\n\n<p><span class=\"capitalized\">Miten eilen<\/span> vapauttavan p\u00e4\u00e4t\u00f6ksen saaneen HS:n tapaus erosi Keskisuomalaisesta ja Savon Sanomista?<\/p>\n\n\n\n<p>JSN:n puheenjohtajan <strong>Elina Grundstr\u00f6min<\/strong> mukaan HS:n juttu oli tavanomainen kuluttajauutinen, jossa ihmiset kertoivat kokemuksiaan Postin toiminnasta.<\/p>\n\n\n\n<p>&#8221;Se oli hyvinkin selv\u00e4 tapaus. Siin\u00e4 haastateltiin my\u00f6s Postia laajasti. Sekin tuotiin esille, ett\u00e4 Postin toiminta on parantunut, eik\u00e4 uutisessa k\u00e4sitelty suoraan kilpailevia toimintoja&#8221;, Grundstr\u00f6m sanoo.<\/p>\n\n\n\n<p>Grundstr\u00f6min mukaan JSN:n l\u00e4hett\u00e4m\u00e4 viesti eilisill\u00e4 p\u00e4\u00e4t\u00f6ksill\u00e4\u00e4n on se, ett\u00e4 kun vaaditaan yhteiskunnan rajoituksia omille kilpailijoille, kyseess\u00e4 on oman liiketoiminnan kannalta merkitt\u00e4v\u00e4 asiayhteys, joka on syyt\u00e4 tuoda esiin.<\/p>\n\n\n\n<p>&#8221;Kaikista ison konsernin pienten tyt\u00e4ryhti\u00f6iden kilpailutilanteista ei aina tarvitse mainita, mutta t\u00e4ss\u00e4 tapauksessa neuvosto tulkitsi, ett\u00e4 kyse oli merkitt\u00e4v\u00e4st\u00e4 asiayhteydest\u00e4. Kyse on journalismin uskottavuudesta yleis\u00f6n silmiss\u00e4.&#8221;<\/p>\n\n\n\n<p><span class=\"capitalized\">Kantelut tehnyt<\/span> Timo J. Anttila kertoi Facebookissa h\u00e4nt\u00e4 harmittaneen jo pitk\u00e4\u00e4n sen, ett\u00e4 media j\u00e4tt\u00e4\u00e4 postinjakeluun liittyv\u00e4ss\u00e4 uutisoinnissa toistuvasti mainitsematta lehtiyhti\u00f6iden oman aseman Postin kilpailijoina.<\/p>\n\n\n\n<p>Anttilaa korpeaa my\u00f6s se, ett\u00e4 uutisoinnin perusteella postia jakaa ja virheit\u00e4 tekee vain yksi yhti\u00f6, Posti, vaikka Suomessa toimii jo 16 kirjeit\u00e4 jakavaa itsen\u00e4ist\u00e4 jakeluyhti\u00f6t\u00e4.<\/p>\n\n\n\n<p>Kuluttajien on vaikea hahmottaa, kuka heid\u00e4n postiaan todellisuudessa jakaa, joten valitukset menev\u00e4t vanhasta tottumuksesta usein juuri Postin piikkiin. Kirjoitin aiheesta taannoin <a href=\"https:\/\/suomenkuvalehti.fi\/jutut\/kotimaa\/mielipide-kotimaa\/postista-tuli-kansan-ja-median-sylkykuppi-muiden-tekemista-jakeluvirheista-kukaan-ei-hiisku\/?shared=988388-2772ea64-999\" target=\"_blank\" rel=\"noopener\">kolumnin<\/a>, jossa kerroin my\u00f6s niksit, mist\u00e4 saa selville, kuka on jakanut v\u00e4\u00e4r\u00e4\u00e4n luukkuun.<\/p>\n\n\n\n<p><em>Kirjoittaja oli JSN:n j\u00e4sen 2014-2017.<\/em><\/p>\n\n\n","protected":false},"excerpt":{"rendered":"<p>Postin sidosryhm\u00e4johtaja ja entinen sanomalehtitoimittaja Timo J. Anttila otti 2-1-voiton sanomalehdist\u00e4 Julkisen sanan neuvoston (JSN) k\u00e4sittelyyn edenneess\u00e4 mittel\u00f6ss\u00e4 Postia koskevasta kirjoittelusta. JSN antoi eilisess\u00e4 kokouksessaan Anttilan tekemist\u00e4<br \/>\nkantelu&hellip;<\/p>\n","protected":false},"author":148,"featured_media":0,"comment_status":"open","ping_status":"closed","sticky":false,"template":"","format":"standard","meta":{"_acf_changed":false,"asauth_required_access_level":3,"asauth_cansharepaid":"true","om_header_attributes":[],"footnotes":"","om_featured_image_focal_point":[],"om_primary_tag":0,"om_contributors":[],"om_co_authors":[],"beyondwords_generate_audio":"","beyondwords_project_id":"","beyondwords_content_id":"","beyondwords_preview_token":"","beyondwords_player_content":"","beyondwords_player_style":"","beyondwords_language_code":"","beyondwords_language_id":"","beyondwords_title_voice_id":"","beyondwords_body_voice_id":"","beyondwords_summary_voice_id":"","beyondwords_error_message":"","beyondwords_disabled":"","beyondwords_delete_content":"","beyondwords_podcast_id":"","beyondwords_hash":"","publish_post_to_speechkit":"","speechkit_hash":"","speechkit_generate_audio":"","speechkit_project_id":"","speechkit_podcast_id":"","speechkit_error_message":"","speechkit_disabled":"","speechkit_access_key":"","speechkit_error":"","speechkit_info":"","speechkit_response":"","speechkit_retries":"","speechkit_status":"","speechkit_updated_at":"","_speechkit_link":"","_speechkit_text":""},"categories":[1],"tags":[1957,975,3,110,124,114,116,727,1958,1959,1654,1330,968,1061,485,1153,991,1956],"class_list":["post-2547","post","type-post","status-publish","format-standard","hentry","category-mediasekaantuja","tag-early-bird","tag-elina-grundstrom","tag-helsingin-sanomat","tag-journalismin-etiikka","tag-journalistin-ohjeet","tag-julkisen-sanan-neuvosto","tag-keskisuomalainen","tag-kilpailu","tag-konserniyhteys","tag-kosken-kanava","tag-paakirjoitus","tag-pekka-mervola","tag-posti","tag-postinjakelu","tag-sanoma-media-finland","tag-savon-sanomat","tag-sisa-suomen-lehti","tag-timo-j-anttila"],"om_views":null,"acf":{"tuuma_off":false,"tuuma_kysymys":"","tuuma_vastaus":""},"asauth":{"required_access_level":1,"share_token":"","is_paid":false},"yoast_head":"<!-- This site is optimized with the Yoast SEO plugin v26.4 - https:\/\/yoast.com\/wordpress\/plugins\/seo\/ -->\n<title>P\u00e4\u00e4kirjoitukset - Journalistin ohjeista irrallinen saareke? - Mediaansekaantuja<\/title>\n<meta name=\"description\" content=\"Kaksi lehte\u00e4 sai JSN:lt\u00e4 huomautuksen Postia koskevista p\u00e4\u00e4kirjoituksistaan. P\u00e4\u00e4toimittajan mielest\u00e4 Journalistin ohjeen kohtaa ei voi soveltaa p\u00e4\u00e4kirjoituksiin.\" \/>\n<meta name=\"robots\" content=\"index, follow, max-snippet:-1, max-image-preview:large, max-video-preview:-1\" \/>\n<link rel=\"canonical\" href=\"https:\/\/suomenkuvalehti.fi\/mediasekaantuja\/paakirjoitukset-journalistin-ohjeista-irrallinen-saareke\/\" \/>\n<meta property=\"og:locale\" content=\"fi_FI\" \/>\n<meta property=\"og:type\" content=\"article\" \/>\n<meta property=\"og:title\" content=\"P\u00e4\u00e4kirjoitukset - Journalistin ohjeista irrallinen saareke? - Mediaansekaantuja\" \/>\n<meta property=\"og:description\" content=\"Kaksi lehte\u00e4 sai JSN:lt\u00e4 huomautuksen Postia koskevista p\u00e4\u00e4kirjoituksistaan. P\u00e4\u00e4toimittajan mielest\u00e4 Journalistin ohjeen kohtaa ei voi soveltaa p\u00e4\u00e4kirjoituksiin.\" \/>\n<meta property=\"og:url\" content=\"https:\/\/suomenkuvalehti.fi\/mediasekaantuja\/paakirjoitukset-journalistin-ohjeista-irrallinen-saareke\/\" \/>\n<meta property=\"og:site_name\" content=\"Mediaansekaantuja\" \/>\n<meta property=\"article:published_time\" content=\"2019-05-17T13:50:07+00:00\" \/>\n<meta property=\"article:modified_time\" content=\"2019-05-17T14:11:56+00:00\" \/>\n<meta property=\"og:image\" content=\"https:\/\/suomenkuvalehti.fi\/mediasekaantuja\/wp-content\/uploads\/sites\/18\/2019\/05\/ksml-630x503.jpg\" \/>\n<meta name=\"author\" content=\"Pasi Kivioja\" \/>\n<meta name=\"twitter:card\" content=\"summary_large_image\" \/>\n<meta name=\"twitter:creator\" content=\"@https:\/\/twitter.com\/PasiKivioja\" \/>\n<meta name=\"twitter:label1\" content=\"Written by\" \/>\n\t<meta name=\"twitter:data1\" content=\"Pasi Kivioja\" \/>\n\t<meta name=\"twitter:label2\" content=\"Est. reading time\" \/>\n\t<meta name=\"twitter:data2\" content=\"5 minuuttia\" \/>\n<script type=\"application\/ld+json\" class=\"yoast-schema-graph\">{\"@context\":\"https:\/\/schema.org\",\"@graph\":[{\"@type\":\"WebPage\",\"@id\":\"https:\/\/suomenkuvalehti.fi\/mediasekaantuja\/paakirjoitukset-journalistin-ohjeista-irrallinen-saareke\/\",\"url\":\"https:\/\/suomenkuvalehti.fi\/mediasekaantuja\/paakirjoitukset-journalistin-ohjeista-irrallinen-saareke\/\",\"name\":\"P\u00e4\u00e4kirjoitukset - Journalistin ohjeista irrallinen saareke? - Mediaansekaantuja\",\"isPartOf\":{\"@id\":\"https:\/\/suomenkuvalehti.fi\/mediasekaantuja\/#website\"},\"primaryImageOfPage\":{\"@id\":\"https:\/\/suomenkuvalehti.fi\/mediasekaantuja\/paakirjoitukset-journalistin-ohjeista-irrallinen-saareke\/#primaryimage\"},\"image\":{\"@id\":\"https:\/\/suomenkuvalehti.fi\/mediasekaantuja\/paakirjoitukset-journalistin-ohjeista-irrallinen-saareke\/#primaryimage\"},\"thumbnailUrl\":\"https:\/\/suomenkuvalehti.fi\/mediasekaantuja\/wp-content\/uploads\/sites\/18\/2019\/05\/ksml-630x503.jpg\",\"datePublished\":\"2019-05-17T13:50:07+00:00\",\"dateModified\":\"2019-05-17T14:11:56+00:00\",\"author\":{\"@id\":\"https:\/\/suomenkuvalehti.fi\/mediasekaantuja\/#\/schema\/person\/e5cfc3b0243594a363a937aa1d165533\"},\"description\":\"Kaksi lehte\u00e4 sai JSN:lt\u00e4 huomautuksen Postia koskevista p\u00e4\u00e4kirjoituksistaan. P\u00e4\u00e4toimittajan mielest\u00e4 Journalistin ohjeen kohtaa ei voi soveltaa p\u00e4\u00e4kirjoituksiin.\",\"breadcrumb\":{\"@id\":\"https:\/\/suomenkuvalehti.fi\/mediasekaantuja\/paakirjoitukset-journalistin-ohjeista-irrallinen-saareke\/#breadcrumb\"},\"inLanguage\":\"fi\",\"potentialAction\":[{\"@type\":\"ReadAction\",\"target\":[\"https:\/\/suomenkuvalehti.fi\/mediasekaantuja\/paakirjoitukset-journalistin-ohjeista-irrallinen-saareke\/\"]}]},{\"@type\":\"ImageObject\",\"inLanguage\":\"fi\",\"@id\":\"https:\/\/suomenkuvalehti.fi\/mediasekaantuja\/paakirjoitukset-journalistin-ohjeista-irrallinen-saareke\/#primaryimage\",\"url\":\"https:\/\/suomenkuvalehti.fi\/mediasekaantuja\/wp-content\/uploads\/sites\/18\/2019\/05\/ksml.jpg\",\"contentUrl\":\"https:\/\/suomenkuvalehti.fi\/mediasekaantuja\/wp-content\/uploads\/sites\/18\/2019\/05\/ksml.jpg\",\"width\":819,\"height\":654,\"caption\":\"Keskisuomalaisen p\u00e4\u00e4kirjoitus 13.12.2018.\"},{\"@type\":\"BreadcrumbList\",\"@id\":\"https:\/\/suomenkuvalehti.fi\/mediasekaantuja\/paakirjoitukset-journalistin-ohjeista-irrallinen-saareke\/#breadcrumb\",\"itemListElement\":[{\"@type\":\"ListItem\",\"position\":1,\"name\":\"Home\",\"item\":\"https:\/\/suomenkuvalehti.fi\/mediasekaantuja\/\"},{\"@type\":\"ListItem\",\"position\":2,\"name\":\"P\u00e4\u00e4kirjoitukset &#8211; Journalistin ohjeista irrallinen saareke?\"}]},{\"@type\":\"WebSite\",\"@id\":\"https:\/\/suomenkuvalehti.fi\/mediasekaantuja\/#website\",\"url\":\"https:\/\/suomenkuvalehti.fi\/mediasekaantuja\/\",\"name\":\"Mediaansekaantuja\",\"description\":\"Pasi Kivioja analysoi median ilmi\u00f6it\u00e4.\",\"potentialAction\":[{\"@type\":\"SearchAction\",\"target\":{\"@type\":\"EntryPoint\",\"urlTemplate\":\"https:\/\/suomenkuvalehti.fi\/haku\/?q={search_term_string}\"},\"query-input\":{\"@type\":\"PropertyValueSpecification\",\"valueRequired\":true,\"valueName\":\"search_term_string\"}}],\"inLanguage\":\"fi\"},{\"@type\":\"Person\",\"@id\":\"https:\/\/suomenkuvalehti.fi\/mediasekaantuja\/#\/schema\/person\/e5cfc3b0243594a363a937aa1d165533\",\"name\":\"Pasi Kivioja\",\"image\":{\"@type\":\"ImageObject\",\"inLanguage\":\"fi\",\"@id\":\"https:\/\/suomenkuvalehti.fi\/mediasekaantuja\/#\/schema\/person\/image\/\",\"url\":\"https:\/\/suomenkuvalehti.fi\/mediasekaantuja\/wp-content\/uploads\/sites\/18\/2022\/04\/pasi_kivioja_02-150x150.jpg\",\"contentUrl\":\"https:\/\/suomenkuvalehti.fi\/mediasekaantuja\/wp-content\/uploads\/sites\/18\/2022\/04\/pasi_kivioja_02-150x150.jpg\",\"caption\":\"Pasi Kivioja\"},\"description\":\"Pasi Kivioja on median murroksesta ja mediataloudesta v\u00e4itellyt YTT, vapaa toimittaja ja viestint\u00e4yritt\u00e4j\u00e4.\",\"sameAs\":[\"https:\/\/x.com\/https:\/\/twitter.com\/PasiKivioja\"]}]}<\/script>\n<!-- \/ Yoast SEO plugin. -->","yoast_head_json":{"title":"P\u00e4\u00e4kirjoitukset - Journalistin ohjeista irrallinen saareke? - Mediaansekaantuja","description":"Kaksi lehte\u00e4 sai JSN:lt\u00e4 huomautuksen Postia koskevista p\u00e4\u00e4kirjoituksistaan. P\u00e4\u00e4toimittajan mielest\u00e4 Journalistin ohjeen kohtaa ei voi soveltaa p\u00e4\u00e4kirjoituksiin.","robots":{"index":"index","follow":"follow","max-snippet":"max-snippet:-1","max-image-preview":"max-image-preview:large","max-video-preview":"max-video-preview:-1"},"canonical":"https:\/\/suomenkuvalehti.fi\/mediasekaantuja\/paakirjoitukset-journalistin-ohjeista-irrallinen-saareke\/","og_locale":"fi_FI","og_type":"article","og_title":"P\u00e4\u00e4kirjoitukset - Journalistin ohjeista irrallinen saareke? - Mediaansekaantuja","og_description":"Kaksi lehte\u00e4 sai JSN:lt\u00e4 huomautuksen Postia koskevista p\u00e4\u00e4kirjoituksistaan. P\u00e4\u00e4toimittajan mielest\u00e4 Journalistin ohjeen kohtaa ei voi soveltaa p\u00e4\u00e4kirjoituksiin.","og_url":"https:\/\/suomenkuvalehti.fi\/mediasekaantuja\/paakirjoitukset-journalistin-ohjeista-irrallinen-saareke\/","og_site_name":"Mediaansekaantuja","article_published_time":"2019-05-17T13:50:07+00:00","article_modified_time":"2019-05-17T14:11:56+00:00","og_image":[{"url":"https:\/\/suomenkuvalehti.fi\/mediasekaantuja\/wp-content\/uploads\/sites\/18\/2019\/05\/ksml-630x503.jpg","type":"","width":"","height":""}],"author":"Pasi Kivioja","twitter_card":"summary_large_image","twitter_creator":"@https:\/\/twitter.com\/PasiKivioja","twitter_misc":{"Written by":"Pasi Kivioja","Est. reading time":"5 minuuttia"},"schema":{"@context":"https:\/\/schema.org","@graph":[{"@type":"WebPage","@id":"https:\/\/suomenkuvalehti.fi\/mediasekaantuja\/paakirjoitukset-journalistin-ohjeista-irrallinen-saareke\/","url":"https:\/\/suomenkuvalehti.fi\/mediasekaantuja\/paakirjoitukset-journalistin-ohjeista-irrallinen-saareke\/","name":"P\u00e4\u00e4kirjoitukset - Journalistin ohjeista irrallinen saareke? - Mediaansekaantuja","isPartOf":{"@id":"https:\/\/suomenkuvalehti.fi\/mediasekaantuja\/#website"},"primaryImageOfPage":{"@id":"https:\/\/suomenkuvalehti.fi\/mediasekaantuja\/paakirjoitukset-journalistin-ohjeista-irrallinen-saareke\/#primaryimage"},"image":{"@id":"https:\/\/suomenkuvalehti.fi\/mediasekaantuja\/paakirjoitukset-journalistin-ohjeista-irrallinen-saareke\/#primaryimage"},"thumbnailUrl":"https:\/\/suomenkuvalehti.fi\/mediasekaantuja\/wp-content\/uploads\/sites\/18\/2019\/05\/ksml-630x503.jpg","datePublished":"2019-05-17T13:50:07+00:00","dateModified":"2019-05-17T14:11:56+00:00","author":{"@id":"https:\/\/suomenkuvalehti.fi\/mediasekaantuja\/#\/schema\/person\/e5cfc3b0243594a363a937aa1d165533"},"description":"Kaksi lehte\u00e4 sai JSN:lt\u00e4 huomautuksen Postia koskevista p\u00e4\u00e4kirjoituksistaan. P\u00e4\u00e4toimittajan mielest\u00e4 Journalistin ohjeen kohtaa ei voi soveltaa p\u00e4\u00e4kirjoituksiin.","breadcrumb":{"@id":"https:\/\/suomenkuvalehti.fi\/mediasekaantuja\/paakirjoitukset-journalistin-ohjeista-irrallinen-saareke\/#breadcrumb"},"inLanguage":"fi","potentialAction":[{"@type":"ReadAction","target":["https:\/\/suomenkuvalehti.fi\/mediasekaantuja\/paakirjoitukset-journalistin-ohjeista-irrallinen-saareke\/"]}]},{"@type":"ImageObject","inLanguage":"fi","@id":"https:\/\/suomenkuvalehti.fi\/mediasekaantuja\/paakirjoitukset-journalistin-ohjeista-irrallinen-saareke\/#primaryimage","url":"https:\/\/suomenkuvalehti.fi\/mediasekaantuja\/wp-content\/uploads\/sites\/18\/2019\/05\/ksml.jpg","contentUrl":"https:\/\/suomenkuvalehti.fi\/mediasekaantuja\/wp-content\/uploads\/sites\/18\/2019\/05\/ksml.jpg","width":819,"height":654,"caption":"Keskisuomalaisen p\u00e4\u00e4kirjoitus 13.12.2018."},{"@type":"BreadcrumbList","@id":"https:\/\/suomenkuvalehti.fi\/mediasekaantuja\/paakirjoitukset-journalistin-ohjeista-irrallinen-saareke\/#breadcrumb","itemListElement":[{"@type":"ListItem","position":1,"name":"Home","item":"https:\/\/suomenkuvalehti.fi\/mediasekaantuja\/"},{"@type":"ListItem","position":2,"name":"P\u00e4\u00e4kirjoitukset &#8211; Journalistin ohjeista irrallinen saareke?"}]},{"@type":"WebSite","@id":"https:\/\/suomenkuvalehti.fi\/mediasekaantuja\/#website","url":"https:\/\/suomenkuvalehti.fi\/mediasekaantuja\/","name":"Mediaansekaantuja","description":"Pasi Kivioja analysoi median ilmi\u00f6it\u00e4.","potentialAction":[{"@type":"SearchAction","target":{"@type":"EntryPoint","urlTemplate":"https:\/\/suomenkuvalehti.fi\/haku\/?q={search_term_string}"},"query-input":{"@type":"PropertyValueSpecification","valueRequired":true,"valueName":"search_term_string"}}],"inLanguage":"fi"},{"@type":"Person","@id":"https:\/\/suomenkuvalehti.fi\/mediasekaantuja\/#\/schema\/person\/e5cfc3b0243594a363a937aa1d165533","name":"Pasi Kivioja","image":{"@type":"ImageObject","inLanguage":"fi","@id":"https:\/\/suomenkuvalehti.fi\/mediasekaantuja\/#\/schema\/person\/image\/","url":"https:\/\/suomenkuvalehti.fi\/mediasekaantuja\/wp-content\/uploads\/sites\/18\/2022\/04\/pasi_kivioja_02-150x150.jpg","contentUrl":"https:\/\/suomenkuvalehti.fi\/mediasekaantuja\/wp-content\/uploads\/sites\/18\/2022\/04\/pasi_kivioja_02-150x150.jpg","caption":"Pasi Kivioja"},"description":"Pasi Kivioja on median murroksesta ja mediataloudesta v\u00e4itellyt YTT, vapaa toimittaja ja viestint\u00e4yritt\u00e4j\u00e4.","sameAs":["https:\/\/x.com\/https:\/\/twitter.com\/PasiKivioja"]}]}},"_links":{"self":[{"href":"https:\/\/suomenkuvalehti.fi\/mediasekaantuja\/wp-json\/wp\/v2\/posts\/2547","targetHints":{"allow":["GET"]}}],"collection":[{"href":"https:\/\/suomenkuvalehti.fi\/mediasekaantuja\/wp-json\/wp\/v2\/posts"}],"about":[{"href":"https:\/\/suomenkuvalehti.fi\/mediasekaantuja\/wp-json\/wp\/v2\/types\/post"}],"author":[{"embeddable":true,"href":"https:\/\/suomenkuvalehti.fi\/mediasekaantuja\/wp-json\/wp\/v2\/users\/148"}],"replies":[{"embeddable":true,"href":"https:\/\/suomenkuvalehti.fi\/mediasekaantuja\/wp-json\/wp\/v2\/comments?post=2547"}],"version-history":[{"count":21,"href":"https:\/\/suomenkuvalehti.fi\/mediasekaantuja\/wp-json\/wp\/v2\/posts\/2547\/revisions"}],"predecessor-version":[{"id":2570,"href":"https:\/\/suomenkuvalehti.fi\/mediasekaantuja\/wp-json\/wp\/v2\/posts\/2547\/revisions\/2570"}],"wp:attachment":[{"href":"https:\/\/suomenkuvalehti.fi\/mediasekaantuja\/wp-json\/wp\/v2\/media?parent=2547"}],"wp:term":[{"taxonomy":"category","embeddable":true,"href":"https:\/\/suomenkuvalehti.fi\/mediasekaantuja\/wp-json\/wp\/v2\/categories?post=2547"},{"taxonomy":"post_tag","embeddable":true,"href":"https:\/\/suomenkuvalehti.fi\/mediasekaantuja\/wp-json\/wp\/v2\/tags?post=2547"}],"curies":[{"name":"wp","href":"https:\/\/api.w.org\/{rel}","templated":true}]}}