{"id":2392,"date":"2019-02-24T20:04:07","date_gmt":"2019-02-24T18:04:07","guid":{"rendered":"https:\/\/suomenkuvalehti.fi\/mediasekaantuja\/?p=2392"},"modified":"2019-02-26T08:58:24","modified_gmt":"2019-02-26T06:58:24","slug":"paatoimittajapeli-kaynnistyi-onko-nyt-naisten-vuoro-ilta-sanomien-johdossa","status":"publish","type":"post","link":"https:\/\/suomenkuvalehti.fi\/mediasekaantuja\/paatoimittajapeli-kaynnistyi-onko-nyt-naisten-vuoro-ilta-sanomien-johdossa\/","title":{"rendered":"P\u00e4\u00e4toimittajapeli k\u00e4ynnistyi &#8211; onko nyt naisten vuoro Ilta-Sanomien johdossa?"},"content":{"rendered":"\n<p><span class=\"capitalized\">Kun vallan<\/span> huipulla politiikassa tai liike-el\u00e4m\u00e4ss\u00e4 avautuu merkitt\u00e4v\u00e4 johtajanpesti, media on pullollaan analyyseja siit\u00e4, kuka valitaan t\u00e4h\u00e4n t\u00e4rke\u00e4\u00e4n teht\u00e4v\u00e4\u00e4n. Toimittajat rakastavat spekulointia.<\/p>\n\n\n\n<p>Mutta kun kyse on media-alan vaikutusvaltaisesta teht\u00e4v\u00e4st\u00e4, kukaan ei hiisku mit\u00e4\u00e4n. Tai siis hiiskuu, mutta korkeintaan kollegojen kesken ty\u00f6maaruokalassa tai tuopin \u00e4\u00e4rell\u00e4 baarissa.<\/p>\n\n\n\n<p>Olen k\u00e4ynyt jo sen verran monta kuiskuttelevaa yksityiskeskustelua siit\u00e4, kenest\u00e4 tulee <em>Ilta-Sanomien<\/em> seuraava vastaava p\u00e4\u00e4toimittaja, joten miksenp\u00e4 julkistaisi omaa shortlisti\u00e4ni t\u00e4\u00e4ll\u00e4.<\/p>\n\n\n\n<p><span class=\"capitalized\">Ilta-Sanomien nykyinen<\/span> vastaava p\u00e4\u00e4toimittaja ja kustantaja <strong>Tapio Sadeoja<\/strong> <a href=\"https:\/\/www.is.fi\/kotimaa\/art-2000006000024.html\" target=\"_blank\" rel=\"noopener\">j\u00e4\u00e4 el\u00e4kkeelle<\/a> t\u00e4m\u00e4n vuoden lopussa. H\u00e4n toimi my\u00f6s <a href=\"https:\/\/www.marmai.fi\/uutiset\/ilta-sanomien-paatoimittaja-tapio-sadeoja-stt-n-hallituksen-johtoon-6542455\" target=\"_blank\" rel=\"noopener\">STT:n hallituksen puheenjohtajana<\/a> vuosina 2016-2018. IS on <a href=\"https:\/\/fiam.fi\/tulokset\/\" target=\"_blank\" rel=\"noopener\">Suomen johtava uutismedia verkossa<\/a>, joten ihan v\u00e4h\u00e4p\u00e4t\u00f6isest\u00e4 hommasta ei ole kyse.<\/p>\n\n\n\n<p>Mielenkiintoista on, ett\u00e4 <a href=\"https:\/\/tyopaikat.oikotie.fi\/en\/avoimet-tyopaikat\/vastaava-paatoimittaja\/1235944\" target=\"_blank\" rel=\"noopener\">Sanoma ei hae Sadeojan tilalle kustantajaa ja vastaavaa p\u00e4\u00e4toimittajaa vaan pelk\u00e4st\u00e4\u00e4n vastaavaa p\u00e4\u00e4toimittajaa<\/a>. T\u00e4m\u00e4 laventaa seuraajaehdokkaiden joukkoa.<\/p>\n\n\n\n<p>Sadeojan edelt\u00e4j\u00e4t <strong>Antti-Pekka Pietil\u00e4<\/strong>, <strong>Hannu Savola<\/strong> ja <strong>Vesa-Pekka Koljonen<\/strong> nousivat vastaaviksi p\u00e4\u00e4toimittajiksi Sanoman sis\u00e4lt\u00e4, ja sanomalaisuutta on suosittu my\u00f6s <em>Helsingin Sanomien<\/em>&nbsp;vastaavien p\u00e4\u00e4toimittajien valinnoissa. Todenn\u00e4k\u00f6isyys yhti\u00f6n ulkopuolelta tulevalle vastaavalle p\u00e4\u00e4toimittajalle on pieni muttei mahdoton.<\/p>\n\n\n\n<p>Media-alan ulkopuolelta nousevaan p\u00e4\u00e4toimittajaan en taas usko ollenkaan.<\/p>\n\n\n\n<p><span class=\"capitalized\">Kun Sanoma<\/span> <a href=\"https:\/\/www.hs.fi\/kulttuuri\/art-2000005913225.html\" target=\"_blank\" rel=\"noopener\">hankki viime vuonna omistukseensa Kaiku Entertainmentin<\/a>, periaatteessa oman konsernin sis\u00e4lt\u00e4 voisi IS:n vastaavaksi p\u00e4\u00e4toimittajaksi nousta my\u00f6s&nbsp;<strong>Maija Vilkkumaa<\/strong> tai <strong>Juha Tapio<\/strong>. No, vitsi vitsi &#8211; pid\u00e4n kuitenkin peukkuja Kaiun tiimiin kuuluvan <strong>Elastisen<\/strong> puolesta.<\/p>\n\n\n\n<p>Sanoman lehdist\u00e4 olisi tarjolla kovia nimi\u00e4, mutta moni uskoo, ett\u00e4 asialla on ihan turha spekuloida, koska vahvin ehdokas vastaavaksi p\u00e4\u00e4toimittajaksi on <strong>Ulla Appelsin<\/strong>. H\u00e4n&nbsp;on hoitanut IS:n&nbsp;<a href=\"https:\/\/www.mtvuutiset.fi\/artikkeli\/ulla-appelsin-ja-kaius-niemi-ilta-sanomien-paatoimittajiksi\/2019194\" target=\"_blank\" rel=\"noopener\">p\u00e4\u00e4toimittajan teht\u00e4v\u00e4\u00e4 vuodesta 2010<\/a>.<\/p>\n\n\n\n<p>H\u00e4nt\u00e4 min\u00e4kin veikkaan uudeksi vastaavaksi, mutta jos nyt edes viihteen vuoksi mietitt\u00e4isiin viel\u00e4 muitakin nimi\u00e4 listalle.<\/p>\n\n\n\n<p><span class=\"capitalized\">IltA-Sanomien omista<\/span> toimitusp\u00e4\u00e4llik\u00f6ist\u00e4 <strong>Jari Tourusella<\/strong> on aiempaa kokemusta vastaavan p\u00e4\u00e4toimittajan teht\u00e4vist\u00e4 <em>Savon Sanomissa<\/em>, jossa h\u00e4n toimi vuosina 2006-2015. Sit\u00e4 ennen h\u00e4n ty\u00f6skenteli pitk\u00e4\u00e4n muun muassa&nbsp;<em>Iltalehden<\/em> uutisp\u00e4\u00e4llikk\u00f6n\u00e4.<\/p>\n\n\n\n<p>Hesarin johdosta on ennenkin noustu iltap\u00e4iv\u00e4lehtien p\u00e4\u00e4toimittajiksi. Olisiko t\u00e4ss\u00e4 HS:n toisen p\u00e4\u00e4toimittajan <strong>Antero Mukan<\/strong> suuri tilaisuus tai l\u00e4htisik\u00f6 <a href=\"https:\/\/www.hs.fi\/kotimaa\/art-2000005853863.html\" target=\"_blank\" rel=\"noopener\">vastik\u00e4\u00e4n toimitusp\u00e4\u00e4llik\u00f6ksi nimitetty<\/a> <strong>Laura Saarikoski<\/strong>&nbsp;mukaan alakerran lehden p\u00e4\u00e4toimittajakisaan?<\/p>\n\n\n\n<p>Sanoma Median aikakauslehtien puolella <em>Me Naisten<\/em> organisaatio on t\u00e4ynn\u00e4 entisi\u00e4 iltasanomalaisia. Lehden p\u00e4\u00e4toimittaja <strong>Iina Artima-Kyrki<\/strong> ja h\u00e4nen esinaisensa, Sanoma Lifestylen johtaja <strong>Johanna Lahti<\/strong> ovat entisi\u00e4 IS:n viihdetoimituksen vet\u00e4ji\u00e4 ja kokemukseltaan teht\u00e4v\u00e4\u00e4n sopivia.<\/p>\n\n\n\n<p>&nbsp;<\/p>\n\n\n\n<p><span class=\"capitalized\">Konsernin ulkopuolellakin<\/span> olisi kovia tekij\u00f6it\u00e4. Iltalehden julkaisup\u00e4\u00e4llikk\u00f6 <strong>Erkki Meriluoto<\/strong> <a href=\"http:\/\/www.urjalansanomat.fi\/node\/2427\" target=\"_blank\" rel=\"noopener\">siirtyi <em>Seuran<\/em> p\u00e4\u00e4toimittajaksi<\/a> kes\u00e4ll\u00e4 2018. Miksei saman tien Ilta-Sanomien ruoriin?<\/p>\n\n\n\n<p><em>Tekniikan Maailman<\/em> p\u00e4\u00e4toimittaja <strong>Reijo Ruokanen<\/strong> ehti jo kertaalleen olla IS:n p\u00e4\u00e4toimittajana vuosina 2007-2010 ja kirjoittaa Ilta-Sanomiin edelleen kolumneja, joten napanuoraa ei ole kokonaan katkaistu. My\u00f6s <em>Helsingin Uutisten<\/em>, <em>L\u00e4nsiv\u00e4yl\u00e4n<\/em> ja <em>Vantaan Uutisten<\/em>&nbsp;<a href=\"https:\/\/www.helsinginuutiset.fi\/artikkeli\/534326-mikko-heino-valittu-helsingin-uutisten-vastaavaksi-paatoimittajaksi\" target=\"_blank\" rel=\"noopener\">vastaavana p\u00e4\u00e4toimittajana vuonna 2017 aloittanut<\/a> <strong>Mikko Heino<\/strong> on ty\u00f6skennellyt johtoteht\u00e4viss\u00e4 muun muassa Iltalehdess\u00e4 ja Ilta-Sanomissa.<\/p>\n\n\n\n<p><em>Seiskaa<\/em> kustantavan&nbsp; Aller Median toimitusjohtaja <strong>Pauli Aalto-Set\u00e4l\u00e4<\/strong> oli yksi Iltalehden p\u00e4\u00e4toimittajista vuosina 2002-2004. H\u00e4nen alaisenaan ty\u00f6skentelev\u00e4 medialiiketoimintojen johtaja&nbsp;<strong>Elina Sch\u00fcller<\/strong> on toiminut aiemmin <a href=\"https:\/\/www.aller.fi\/ilta-sanomien-elina-schuller-loikkaa-allerin-sisaltojohtajaksi\/\" target=\"_blank\" rel=\"noopener\">toimitusp\u00e4\u00e4llikk\u00f6n\u00e4 sek\u00e4 Iltalehdess\u00e4 ett\u00e4 Ilta-Sanomissa<\/a>.<\/p>\n\n\n\n<p>&nbsp;<\/p>\n\n\n\n<p><span class=\"capitalized\">Tuntisikohan<\/span> HS:n entinen p\u00e4\u00e4toimittaja, nykyinen Yleisradion uutis- ja ajankohtaistoimituksen p\u00e4\u00e4toimittaja&nbsp;<strong>Riikka R\u00e4is\u00e4nen<\/strong> viel\u00e4 vetoa lehtimaailmaan?<\/p>\n\n\n\n<p>Todellinen musta hevonen p\u00e4\u00e4toimittajakisassa olisi h\u00e4nen entinen esimiehens\u00e4 <strong>Atte J\u00e4\u00e4skel\u00e4inen<\/strong>, jolla olisi my\u00f6s ty\u00f6hakemuksessa kysytty\u00e4 kansainv\u00e4list\u00e4 kokemusta sek\u00e4 Sanoma-taustaa.<\/p>\n\n\n\n<p>Korkeisiin viestint\u00e4virkoihin siirtyneist\u00e4 entisist\u00e4 journalistijohtajista tulee mieleen valtioneuvoston viestint\u00e4johtaja <strong>P\u00e4ivi Anttikoski<\/strong>, joka toimi aiemmin Helsingin Sanomien digitaalisista sis\u00e4ll\u00f6ist\u00e4 vastaavana p\u00e4\u00e4toimittajana. Voi toki olla, ett\u00e4 h\u00e4n sai jo tarpeekseen <em>Aamulehden<\/em> <a href=\"https:\/\/suomenkuvalehti.fi\/jutut\/kotimaa\/aitiys-esti-valinnan-aamulehden-paatoimittajaksi-alma-median-toimitusjohtaja-ei-lapsi-parjaa-ilman-aitiaan\/?shared=1031478-e0032d3b-500\" target=\"_blank\" rel=\"noopener\">p\u00e4\u00e4toimittajasekoilusta<\/a>.<\/p>\n\n\n\n<p>Joka tapauksessa t\u00e4ll\u00e4 kertaa hyvist\u00e4 naisehdokkaista ei todellakaan ole pulaa.<\/p>\n\n\n\n<p>&nbsp;<\/p>\n\n\n\n<p><span class=\"capitalized\">T\u00e4ss\u00e4 minun<\/span> veikkaukseni. Kyll\u00e4p\u00e4 teki hyv\u00e4\u00e4 spekuloida, ja suon saman ilon nyt teillekin.<\/p>\n\n\n\n<p>Hakuaikaa Ilta-Sanomien vastaavan p\u00e4\u00e4toimittajan teht\u00e4v\u00e4\u00e4n on 8.3.2019 asti. Nyt sitten vaan&nbsp;<a href=\"https:\/\/tyopaikat.oikotie.fi\/en\/avoimet-tyopaikat\/vastaava-paatoimittaja\/1235944\" target=\"_blank\" rel=\"noopener\">hakemusta<\/a> vet\u00e4m\u00e4\u00e4n!<\/p>\n\n\n","protected":false},"excerpt":{"rendered":"<p>Kun vallan huipulla politiikassa tai liike-el\u00e4m\u00e4ss\u00e4 avautuu merkitt\u00e4v\u00e4 johtajanpesti, media on pullollaan analyyseja siit\u00e4, kuka valitaan t\u00e4h\u00e4n t\u00e4rke\u00e4\u00e4n teht\u00e4v\u00e4\u00e4n. Toimittajat rakastavat spekulointia. Mutta kun kyse on media-alan<br \/>\nvaikutusvalta&hellip;<\/p>\n","protected":false},"author":148,"featured_media":0,"comment_status":"open","ping_status":"closed","sticky":false,"template":"","format":"standard","meta":{"_acf_changed":false,"asauth_required_access_level":3,"asauth_cansharepaid":"true","om_header_attributes":[],"footnotes":"","om_featured_image_focal_point":[],"om_primary_tag":0,"om_contributors":[],"om_co_authors":[],"beyondwords_generate_audio":"","beyondwords_project_id":"","beyondwords_content_id":"","beyondwords_preview_token":"","beyondwords_player_content":"","beyondwords_player_style":"","beyondwords_language_code":"","beyondwords_language_id":"","beyondwords_title_voice_id":"","beyondwords_body_voice_id":"","beyondwords_summary_voice_id":"","beyondwords_error_message":"","beyondwords_disabled":"","beyondwords_delete_content":"","beyondwords_podcast_id":"","beyondwords_hash":"","publish_post_to_speechkit":"","speechkit_hash":"","speechkit_generate_audio":"","speechkit_project_id":"","speechkit_podcast_id":"","speechkit_error_message":"","speechkit_disabled":"","speechkit_access_key":"","speechkit_error":"","speechkit_info":"","speechkit_response":"","speechkit_retries":"","speechkit_status":"","speechkit_updated_at":"","_speechkit_link":"","_speechkit_text":""},"categories":[1],"tags":[87,661,1858,1465,1863,1871,1023,1764,3,1730,1866,10,105,1865,1867,1862,1860,1857,1828,1861,1313,1870,1873,796,1869,1872,905,485,1153,384,1069,99,762,1868,1864,1829,1856,1859,144],"class_list":["post-2392","post","type-post","status-publish","format-standard","hentry","category-mediasekaantuja","tag-aamulehti","tag-aller-media","tag-antti-pekka-pietila","tag-atte-jaaskelainen","tag-elastinen","tag-elina-schuller","tag-erkki-meriluoto","tag-hannu-savola","tag-helsingin-sanomat","tag-helsingin-uutiset","tag-iina-artima-kyrki","tag-ilta-sanomat","tag-iltalehti","tag-jari-tourunen","tag-johanna-lahti","tag-juha-tapio","tag-kaiku-entertainment","tag-kustantaja","tag-lansivayla","tag-maija-vilkkumaa","tag-me-naiset","tag-mikko-heino","tag-paivi-anttikoski","tag-pauli-aalto-setala","tag-reijo-ruokanen","tag-riikka-raisanen","tag-sanoma-lifestyle","tag-sanoma-media-finland","tag-savon-sanomat","tag-seiska","tag-seura","tag-stt","tag-tapio-sadeoja","tag-tekniikan-maailma","tag-ulla-appelsin","tag-vantaan-sanomat","tag-vastaava-paatoimittaja","tag-vesa-pekka-koljonen","tag-yleisradio"],"om_views":null,"acf":{"tuuma_off":false,"tuuma_kysymys":"","tuuma_vastaus":""},"asauth":{"required_access_level":1,"share_token":"","is_paid":false},"yoast_head":"<!-- This site is optimized with the Yoast SEO plugin v26.4 - https:\/\/yoast.com\/wordpress\/plugins\/seo\/ -->\n<title>P\u00e4\u00e4toimittajapeli k\u00e4ynnistyi - onko nyt naisten vuoro Ilta-Sanomien johdossa? - Mediaansekaantuja<\/title>\n<meta name=\"description\" content=\"Nykyinen kustantaja ja vastaava p\u00e4\u00e4toimittaja Tapio Sadeoja j\u00e4\u00e4 el\u00e4kkeelle vuoden lopussa. Keiden saappaiden koko riitt\u00e4\u00e4 vaativaan teht\u00e4v\u00e4\u00e4n?\" \/>\n<meta name=\"robots\" content=\"index, follow, max-snippet:-1, max-image-preview:large, max-video-preview:-1\" \/>\n<link rel=\"canonical\" href=\"https:\/\/suomenkuvalehti.fi\/mediasekaantuja\/paatoimittajapeli-kaynnistyi-onko-nyt-naisten-vuoro-ilta-sanomien-johdossa\/\" \/>\n<meta property=\"og:locale\" content=\"fi_FI\" \/>\n<meta property=\"og:type\" content=\"article\" \/>\n<meta property=\"og:title\" content=\"P\u00e4\u00e4toimittajapeli k\u00e4ynnistyi - onko nyt naisten vuoro Ilta-Sanomien johdossa? - Mediaansekaantuja\" \/>\n<meta property=\"og:description\" content=\"Nykyinen kustantaja ja vastaava p\u00e4\u00e4toimittaja Tapio Sadeoja j\u00e4\u00e4 el\u00e4kkeelle vuoden lopussa. Keiden saappaiden koko riitt\u00e4\u00e4 vaativaan teht\u00e4v\u00e4\u00e4n?\" \/>\n<meta property=\"og:url\" content=\"https:\/\/suomenkuvalehti.fi\/mediasekaantuja\/paatoimittajapeli-kaynnistyi-onko-nyt-naisten-vuoro-ilta-sanomien-johdossa\/\" \/>\n<meta property=\"og:site_name\" content=\"Mediaansekaantuja\" \/>\n<meta property=\"article:published_time\" content=\"2019-02-24T18:04:07+00:00\" \/>\n<meta property=\"article:modified_time\" content=\"2019-02-26T06:58:24+00:00\" \/>\n<meta property=\"og:image\" content=\"https:\/\/suomenkuvalehti.fi\/mediasekaantuja\/wp-content\/uploads\/sites\/18\/2022\/04\/pasi_kivioja_02-scaled.jpg\" \/>\n\t<meta property=\"og:image:width\" content=\"2560\" \/>\n\t<meta property=\"og:image:height\" content=\"1707\" \/>\n\t<meta property=\"og:image:type\" content=\"image\/jpeg\" \/>\n<meta name=\"author\" content=\"Pasi Kivioja\" \/>\n<meta name=\"twitter:card\" content=\"summary_large_image\" \/>\n<meta name=\"twitter:creator\" content=\"@https:\/\/twitter.com\/PasiKivioja\" \/>\n<meta name=\"twitter:label1\" content=\"Written by\" \/>\n\t<meta name=\"twitter:data1\" content=\"Pasi Kivioja\" \/>\n\t<meta name=\"twitter:label2\" content=\"Est. reading time\" \/>\n\t<meta name=\"twitter:data2\" content=\"3 minuuttia\" \/>\n<script type=\"application\/ld+json\" class=\"yoast-schema-graph\">{\"@context\":\"https:\/\/schema.org\",\"@graph\":[{\"@type\":\"WebPage\",\"@id\":\"https:\/\/suomenkuvalehti.fi\/mediasekaantuja\/paatoimittajapeli-kaynnistyi-onko-nyt-naisten-vuoro-ilta-sanomien-johdossa\/\",\"url\":\"https:\/\/suomenkuvalehti.fi\/mediasekaantuja\/paatoimittajapeli-kaynnistyi-onko-nyt-naisten-vuoro-ilta-sanomien-johdossa\/\",\"name\":\"P\u00e4\u00e4toimittajapeli k\u00e4ynnistyi - onko nyt naisten vuoro Ilta-Sanomien johdossa? - Mediaansekaantuja\",\"isPartOf\":{\"@id\":\"https:\/\/suomenkuvalehti.fi\/mediasekaantuja\/#website\"},\"datePublished\":\"2019-02-24T18:04:07+00:00\",\"dateModified\":\"2019-02-26T06:58:24+00:00\",\"author\":{\"@id\":\"https:\/\/suomenkuvalehti.fi\/mediasekaantuja\/#\/schema\/person\/e5cfc3b0243594a363a937aa1d165533\"},\"description\":\"Nykyinen kustantaja ja vastaava p\u00e4\u00e4toimittaja Tapio Sadeoja j\u00e4\u00e4 el\u00e4kkeelle vuoden lopussa. Keiden saappaiden koko riitt\u00e4\u00e4 vaativaan teht\u00e4v\u00e4\u00e4n?\",\"breadcrumb\":{\"@id\":\"https:\/\/suomenkuvalehti.fi\/mediasekaantuja\/paatoimittajapeli-kaynnistyi-onko-nyt-naisten-vuoro-ilta-sanomien-johdossa\/#breadcrumb\"},\"inLanguage\":\"fi\",\"potentialAction\":[{\"@type\":\"ReadAction\",\"target\":[\"https:\/\/suomenkuvalehti.fi\/mediasekaantuja\/paatoimittajapeli-kaynnistyi-onko-nyt-naisten-vuoro-ilta-sanomien-johdossa\/\"]}]},{\"@type\":\"BreadcrumbList\",\"@id\":\"https:\/\/suomenkuvalehti.fi\/mediasekaantuja\/paatoimittajapeli-kaynnistyi-onko-nyt-naisten-vuoro-ilta-sanomien-johdossa\/#breadcrumb\",\"itemListElement\":[{\"@type\":\"ListItem\",\"position\":1,\"name\":\"Home\",\"item\":\"https:\/\/suomenkuvalehti.fi\/mediasekaantuja\/\"},{\"@type\":\"ListItem\",\"position\":2,\"name\":\"P\u00e4\u00e4toimittajapeli k\u00e4ynnistyi &#8211; onko nyt naisten vuoro Ilta-Sanomien johdossa?\"}]},{\"@type\":\"WebSite\",\"@id\":\"https:\/\/suomenkuvalehti.fi\/mediasekaantuja\/#website\",\"url\":\"https:\/\/suomenkuvalehti.fi\/mediasekaantuja\/\",\"name\":\"Mediaansekaantuja\",\"description\":\"Pasi Kivioja analysoi median ilmi\u00f6it\u00e4.\",\"potentialAction\":[{\"@type\":\"SearchAction\",\"target\":{\"@type\":\"EntryPoint\",\"urlTemplate\":\"https:\/\/suomenkuvalehti.fi\/haku\/?q={search_term_string}\"},\"query-input\":{\"@type\":\"PropertyValueSpecification\",\"valueRequired\":true,\"valueName\":\"search_term_string\"}}],\"inLanguage\":\"fi\"},{\"@type\":\"Person\",\"@id\":\"https:\/\/suomenkuvalehti.fi\/mediasekaantuja\/#\/schema\/person\/e5cfc3b0243594a363a937aa1d165533\",\"name\":\"Pasi Kivioja\",\"image\":{\"@type\":\"ImageObject\",\"inLanguage\":\"fi\",\"@id\":\"https:\/\/suomenkuvalehti.fi\/mediasekaantuja\/#\/schema\/person\/image\/\",\"url\":\"https:\/\/suomenkuvalehti.fi\/mediasekaantuja\/wp-content\/uploads\/sites\/18\/2022\/04\/pasi_kivioja_02-150x150.jpg\",\"contentUrl\":\"https:\/\/suomenkuvalehti.fi\/mediasekaantuja\/wp-content\/uploads\/sites\/18\/2022\/04\/pasi_kivioja_02-150x150.jpg\",\"caption\":\"Pasi Kivioja\"},\"description\":\"Pasi Kivioja on median murroksesta ja mediataloudesta v\u00e4itellyt YTT, vapaa toimittaja ja viestint\u00e4yritt\u00e4j\u00e4.\",\"sameAs\":[\"https:\/\/x.com\/https:\/\/twitter.com\/PasiKivioja\"]}]}<\/script>\n<!-- \/ Yoast SEO plugin. -->","yoast_head_json":{"title":"P\u00e4\u00e4toimittajapeli k\u00e4ynnistyi - onko nyt naisten vuoro Ilta-Sanomien johdossa? - Mediaansekaantuja","description":"Nykyinen kustantaja ja vastaava p\u00e4\u00e4toimittaja Tapio Sadeoja j\u00e4\u00e4 el\u00e4kkeelle vuoden lopussa. Keiden saappaiden koko riitt\u00e4\u00e4 vaativaan teht\u00e4v\u00e4\u00e4n?","robots":{"index":"index","follow":"follow","max-snippet":"max-snippet:-1","max-image-preview":"max-image-preview:large","max-video-preview":"max-video-preview:-1"},"canonical":"https:\/\/suomenkuvalehti.fi\/mediasekaantuja\/paatoimittajapeli-kaynnistyi-onko-nyt-naisten-vuoro-ilta-sanomien-johdossa\/","og_locale":"fi_FI","og_type":"article","og_title":"P\u00e4\u00e4toimittajapeli k\u00e4ynnistyi - onko nyt naisten vuoro Ilta-Sanomien johdossa? - Mediaansekaantuja","og_description":"Nykyinen kustantaja ja vastaava p\u00e4\u00e4toimittaja Tapio Sadeoja j\u00e4\u00e4 el\u00e4kkeelle vuoden lopussa. Keiden saappaiden koko riitt\u00e4\u00e4 vaativaan teht\u00e4v\u00e4\u00e4n?","og_url":"https:\/\/suomenkuvalehti.fi\/mediasekaantuja\/paatoimittajapeli-kaynnistyi-onko-nyt-naisten-vuoro-ilta-sanomien-johdossa\/","og_site_name":"Mediaansekaantuja","article_published_time":"2019-02-24T18:04:07+00:00","article_modified_time":"2019-02-26T06:58:24+00:00","og_image":[{"width":2560,"height":1707,"url":"https:\/\/suomenkuvalehti.fi\/mediasekaantuja\/wp-content\/uploads\/sites\/18\/2022\/04\/pasi_kivioja_02-scaled.jpg","type":"image\/jpeg"}],"author":"Pasi Kivioja","twitter_card":"summary_large_image","twitter_creator":"@https:\/\/twitter.com\/PasiKivioja","twitter_misc":{"Written by":"Pasi Kivioja","Est. reading time":"3 minuuttia"},"schema":{"@context":"https:\/\/schema.org","@graph":[{"@type":"WebPage","@id":"https:\/\/suomenkuvalehti.fi\/mediasekaantuja\/paatoimittajapeli-kaynnistyi-onko-nyt-naisten-vuoro-ilta-sanomien-johdossa\/","url":"https:\/\/suomenkuvalehti.fi\/mediasekaantuja\/paatoimittajapeli-kaynnistyi-onko-nyt-naisten-vuoro-ilta-sanomien-johdossa\/","name":"P\u00e4\u00e4toimittajapeli k\u00e4ynnistyi - onko nyt naisten vuoro Ilta-Sanomien johdossa? - Mediaansekaantuja","isPartOf":{"@id":"https:\/\/suomenkuvalehti.fi\/mediasekaantuja\/#website"},"datePublished":"2019-02-24T18:04:07+00:00","dateModified":"2019-02-26T06:58:24+00:00","author":{"@id":"https:\/\/suomenkuvalehti.fi\/mediasekaantuja\/#\/schema\/person\/e5cfc3b0243594a363a937aa1d165533"},"description":"Nykyinen kustantaja ja vastaava p\u00e4\u00e4toimittaja Tapio Sadeoja j\u00e4\u00e4 el\u00e4kkeelle vuoden lopussa. Keiden saappaiden koko riitt\u00e4\u00e4 vaativaan teht\u00e4v\u00e4\u00e4n?","breadcrumb":{"@id":"https:\/\/suomenkuvalehti.fi\/mediasekaantuja\/paatoimittajapeli-kaynnistyi-onko-nyt-naisten-vuoro-ilta-sanomien-johdossa\/#breadcrumb"},"inLanguage":"fi","potentialAction":[{"@type":"ReadAction","target":["https:\/\/suomenkuvalehti.fi\/mediasekaantuja\/paatoimittajapeli-kaynnistyi-onko-nyt-naisten-vuoro-ilta-sanomien-johdossa\/"]}]},{"@type":"BreadcrumbList","@id":"https:\/\/suomenkuvalehti.fi\/mediasekaantuja\/paatoimittajapeli-kaynnistyi-onko-nyt-naisten-vuoro-ilta-sanomien-johdossa\/#breadcrumb","itemListElement":[{"@type":"ListItem","position":1,"name":"Home","item":"https:\/\/suomenkuvalehti.fi\/mediasekaantuja\/"},{"@type":"ListItem","position":2,"name":"P\u00e4\u00e4toimittajapeli k\u00e4ynnistyi &#8211; onko nyt naisten vuoro Ilta-Sanomien johdossa?"}]},{"@type":"WebSite","@id":"https:\/\/suomenkuvalehti.fi\/mediasekaantuja\/#website","url":"https:\/\/suomenkuvalehti.fi\/mediasekaantuja\/","name":"Mediaansekaantuja","description":"Pasi Kivioja analysoi median ilmi\u00f6it\u00e4.","potentialAction":[{"@type":"SearchAction","target":{"@type":"EntryPoint","urlTemplate":"https:\/\/suomenkuvalehti.fi\/haku\/?q={search_term_string}"},"query-input":{"@type":"PropertyValueSpecification","valueRequired":true,"valueName":"search_term_string"}}],"inLanguage":"fi"},{"@type":"Person","@id":"https:\/\/suomenkuvalehti.fi\/mediasekaantuja\/#\/schema\/person\/e5cfc3b0243594a363a937aa1d165533","name":"Pasi Kivioja","image":{"@type":"ImageObject","inLanguage":"fi","@id":"https:\/\/suomenkuvalehti.fi\/mediasekaantuja\/#\/schema\/person\/image\/","url":"https:\/\/suomenkuvalehti.fi\/mediasekaantuja\/wp-content\/uploads\/sites\/18\/2022\/04\/pasi_kivioja_02-150x150.jpg","contentUrl":"https:\/\/suomenkuvalehti.fi\/mediasekaantuja\/wp-content\/uploads\/sites\/18\/2022\/04\/pasi_kivioja_02-150x150.jpg","caption":"Pasi Kivioja"},"description":"Pasi Kivioja on median murroksesta ja mediataloudesta v\u00e4itellyt YTT, vapaa toimittaja ja viestint\u00e4yritt\u00e4j\u00e4.","sameAs":["https:\/\/x.com\/https:\/\/twitter.com\/PasiKivioja"]}]}},"_links":{"self":[{"href":"https:\/\/suomenkuvalehti.fi\/mediasekaantuja\/wp-json\/wp\/v2\/posts\/2392","targetHints":{"allow":["GET"]}}],"collection":[{"href":"https:\/\/suomenkuvalehti.fi\/mediasekaantuja\/wp-json\/wp\/v2\/posts"}],"about":[{"href":"https:\/\/suomenkuvalehti.fi\/mediasekaantuja\/wp-json\/wp\/v2\/types\/post"}],"author":[{"embeddable":true,"href":"https:\/\/suomenkuvalehti.fi\/mediasekaantuja\/wp-json\/wp\/v2\/users\/148"}],"replies":[{"embeddable":true,"href":"https:\/\/suomenkuvalehti.fi\/mediasekaantuja\/wp-json\/wp\/v2\/comments?post=2392"}],"version-history":[{"count":17,"href":"https:\/\/suomenkuvalehti.fi\/mediasekaantuja\/wp-json\/wp\/v2\/posts\/2392\/revisions"}],"predecessor-version":[{"id":2409,"href":"https:\/\/suomenkuvalehti.fi\/mediasekaantuja\/wp-json\/wp\/v2\/posts\/2392\/revisions\/2409"}],"wp:attachment":[{"href":"https:\/\/suomenkuvalehti.fi\/mediasekaantuja\/wp-json\/wp\/v2\/media?parent=2392"}],"wp:term":[{"taxonomy":"category","embeddable":true,"href":"https:\/\/suomenkuvalehti.fi\/mediasekaantuja\/wp-json\/wp\/v2\/categories?post=2392"},{"taxonomy":"post_tag","embeddable":true,"href":"https:\/\/suomenkuvalehti.fi\/mediasekaantuja\/wp-json\/wp\/v2\/tags?post=2392"}],"curies":[{"name":"wp","href":"https:\/\/api.w.org\/{rel}","templated":true}]}}