{"id":1882,"date":"2017-12-20T12:50:15","date_gmt":"2017-12-20T10:50:15","guid":{"rendered":"https:\/\/suomenkuvalehti.fi\/mediasekaantuja\/?p=1882"},"modified":"2017-12-20T13:24:05","modified_gmt":"2017-12-20T11:24:05","slug":"oikaisuvaatimus-menee-herkasti-tunteisiin-mutta-miksi-yle-oikaisi-pienella-merkittavan-sipila-asian","status":"publish","type":"post","link":"https:\/\/suomenkuvalehti.fi\/mediasekaantuja\/oikaisuvaatimus-menee-herkasti-tunteisiin-mutta-miksi-yle-oikaisi-pienella-merkittavan-sipila-asian\/","title":{"rendered":"Oikaisuvaatimus menee herk\u00e4sti tunteisiin &#8211; mutta miksi Yle oikaisi pienell\u00e4 merkitt\u00e4v\u00e4n Sipil\u00e4-asian?"},"content":{"rendered":"\n<p><span class=\"capitalized\">Journalistisen<\/span> virheen korjaus on periaatteessa yksinkertainen asia mutta k\u00e4yt\u00e4nn\u00f6ss\u00e4 usein kaikkea muuta. Yleens\u00e4 ongelma on siin\u00e4, ettei mit\u00e4\u00e4n virhett\u00e4 my\u00f6nnet\u00e4 tapahtuneen, kuten k\u00e4vi JSN:n ratkaisemassa <a href=\"https:\/\/suomenkuvalehti.fi\/mediasekaantuja\/ylen-ja-iltalehden-haksahtaminen-aprillipilaan-sotahirvista-huvittaa-venalaisia-jsn-juotti-kuravetta-paalle\/?shared=1868-b9428cfa-999\" target=\"_blank\" rel=\"noopener\">Ylen ja Iltalehden sotahirvien tapauksessa<\/a>.<\/p>\n\n\n\n<p>Nelj\u00e4n JSN-vuoteni aikana n\u00e4in monta kertaa, miten kommunikaatio virheest\u00e4 valittavan lukijan ja palautetta saavan toimituksen v\u00e4lill\u00e4 meni lukkoon. &#8221;Ettek\u00f6 te idiootit t\u00e4m\u00e4n vertaa tajua&#8221; -tyyppisi\u00e4 herjoja on putki v\u00e4\u00e4r\u00e4ll\u00e4\u00e4n, eik\u00e4 niiss\u00e4 aina edes kovin selv\u00e4sti yksil\u00f6id\u00e4, mik\u00e4 on oikaisua vaativa olennainen asiavirhe. K\u00e4yt\u00e4nt\u00f6 on kuitenkin sellainen, ett\u00e4 jos toimitus ei oikaise tietoonsa tullutta olennaista asiavirhett\u00e4, JSN joutuu antamaan langettavan p\u00e4\u00e4t\u00f6ksen <a href=\"http:\/\/www.jsn.fi\/journalistin_ohjeet\/\" target=\"_blank\" rel=\"noopener\">Journalistin ohjeiden 20. kohdan<\/a> perusteella.<\/p>\n\n\n\n<blockquote class=\"wp-block-quote\">\n<p>JO 20:&nbsp;Olennainen asiavirhe on korjattava viipym\u00e4tt\u00e4 ja niin, ett\u00e4 se tavoittaa mahdollisimman kattavasti virheellist\u00e4 tietoa saaneen yleis\u00f6n.&nbsp;<\/p>\n<\/blockquote>\n\n\n\n<p>JSN tulkitsee, oliko kyse olennaisesta asiavirheest\u00e4 vai jostain v\u00e4h\u00e4p\u00e4t\u00f6isemm\u00e4st\u00e4 erheest\u00e4, jota ei tarvitse oikaista. Henkil\u00f6kohtaisesti olen sit\u00e4 mielt\u00e4, ett\u00e4 pienemm\u00e4tkin virheet kannattaa oikaista silloin, kun yleis\u00f6 niist\u00e4 huomauttaa tai jos toimitus huomaa itse mokanneensa. Median uskottavuutta ei heikenn\u00e4 vaan p\u00e4invastoin vahvistaa se, ett\u00e4 palautteeseen reagoidaan ja oikaisuja julkaistaan.<\/p>\n\n\n\n<p>Vinkkin\u00e4 oikaisua vaativille sanoisin, ett\u00e4 lopputulos on parempi, jos pyynt\u00f6 on asiallinen eik\u00e4 alenna vastaanottajansa ihmisarvoa. Toisessa p\u00e4\u00e4ss\u00e4kin on ihminen &#8211; usein juuri se is\u00e4 tai \u00e4iti, jonka lapsi arvostelun kohteeksi joutunut juttu on. Menee siis herk\u00e4sti tunteisiin, vaikka ammattilaisten pit\u00e4isi ottaa asiat asioina.<\/p>\n\n\n\n<p>Otan kirjoittajan luvalla esimerkin toimitukselle l\u00e4hetetyst\u00e4 oikaisupyynn\u00f6st\u00e4, joka johti virheen korjaamiseen. Tampereen yliopistossa suunnittelijana ty\u00f6skentelev\u00e4 <strong>Satu Sepp\u00e4<\/strong> kertoi Facebookissa huomanneensa Ylen jutussa asiavirheen.&nbsp;<\/p>\n\n\n\n<p>&#8221;L\u00e4hetin toimitukselle siit\u00e4 yst\u00e4v\u00e4llisen viestin. Laitoin mukaan kolme linkki\u00e4 l\u00e4hteisiin, joista tiedon voi tarkistaa. Kymmeness\u00e4 minuutissa sain vastauksen, jossa pahoiteltiin ep\u00e4t\u00e4sm\u00e4llisyytt\u00e4 ja pyydettiin tarkistamaan, onko tieto korjattu oikein. Toimitus kiitti palautteesta. Min\u00e4 kiitin ripe\u00e4st\u00e4 reagoinnista&#8221;, Sepp\u00e4 kirjoitti.<\/p>\n\n\n\n<p>&#8221;Arjen mediakritiikki onnistuu my\u00f6s ilman s\u00e4ttimist\u00e4, kuittailua, mollaamista, nolaamista, vinoilua tai toimittajien ammattitaidon kyseenalaistamista. Kokeiltu on. Tuntui oikein hyv\u00e4lt\u00e4.&#8221;<\/p>\n\n\n\n<p>&nbsp;<\/p>\n\n\n\n<p><span class=\"capitalized\">Lopuksi&nbsp;<\/span>tuore havainto oikaisemisesta. En tied\u00e4, kuka oli osannut pyyt\u00e4\u00e4 oikealla tavalla virheen korjausta Ylelt\u00e4, joka lis\u00e4si suurta numeroa tekem\u00e4tt\u00e4 <a href=\"https:\/\/yle.fi\/uutiset\/3-9982093\" target=\"_blank\" rel=\"noopener\">HS:n tietovuotoa koskevan juttunsa<\/a> per\u00e4\u00e4n pienen lis\u00e4yksen:<\/p>\n\n\n\n<p>&#8221;Juttua korjattu 18.12 klo 16.33: Jutussa luki aiemmin, ett\u00e4 Suomi olisi pudonnut maailman lehdist\u00f6nvapausindeksiss\u00e4 kolmanneksi Ylen ja p\u00e4\u00e4ministeri <strong>Juha Sipil\u00e4n<\/strong> viimevuotisen &#8217;konfliktin&#8217; seurauksena. Suomi putosi kolmanneksi kuitenkin sen vuoksi, ett\u00e4 Norja ja Ruotsi meniv\u00e4t lehdist\u00f6nvapaudessa Suomen ohi.&#8221;<\/p>\n\n\n<figure class=\"alignleft size-medium is-resized wp-block-image\">\n  <div class=\"wp-block-image__inner-container\">\n    <a href='https:\/\/suomenkuvalehti.fi\/mediasekaantuja\/wp-content\/uploads\/sites\/18\/2017\/12\/wpfi2016.jpg'><img loading=\"lazy\" decoding=\"async\" src=\"https:\/\/suomenkuvalehti.fi\/mediasekaantuja\/wp-content\/uploads\/sites\/18\/2017\/12\/wpfi2016-159x300.jpg\" alt=\"\" class=\"wp-image-1888\" width=\"159\" height=\"300\" style=\"--aspect-ratio: 0.53\" srcset=\"https:\/\/suomenkuvalehti.fi\/mediasekaantuja\/wp-content\/uploads\/sites\/18\/2017\/12\/wpfi2016-159x300.jpg 159w, https:\/\/suomenkuvalehti.fi\/mediasekaantuja\/wp-content\/uploads\/sites\/18\/2017\/12\/wpfi2016.jpg 279w\" sizes=\"auto, (max-width: 159px) 100vw, 159px\" \/><\/a>    <figcaption class=\"wp-block-image__figcaption\">\n      Vuonna 2016 Suomella oli indeksiss\u00e4 8,59 pistett\u00e4 ja ykk\u00f6ssija.          <\/figcaption>\n      <\/div>\n<\/figure>\n<figure class=\"alignleft size-medium is-resized wp-block-image\">\n  <div class=\"wp-block-image__inner-container\">\n    <a href='https:\/\/suomenkuvalehti.fi\/mediasekaantuja\/wp-content\/uploads\/sites\/18\/2017\/12\/wpfi2017.jpg'><img loading=\"lazy\" decoding=\"async\" src=\"https:\/\/suomenkuvalehti.fi\/mediasekaantuja\/wp-content\/uploads\/sites\/18\/2017\/12\/wpfi2017-155x300.jpg\" alt=\"\" class=\"wp-image-1889\" width=\"155\" height=\"300\" style=\"--aspect-ratio: 0.52\" srcset=\"https:\/\/suomenkuvalehti.fi\/mediasekaantuja\/wp-content\/uploads\/sites\/18\/2017\/12\/wpfi2017-155x300.jpg 155w, https:\/\/suomenkuvalehti.fi\/mediasekaantuja\/wp-content\/uploads\/sites\/18\/2017\/12\/wpfi2017.jpg 269w\" sizes=\"auto, (max-width: 155px) 100vw, 155px\" \/><\/a>    <figcaption class=\"wp-block-image__figcaption\">\n      Vuonna 2017 Suomella oli 8,92 pistett\u00e4 ja kolmas sija. Ruotsi ja Norja paransivat pistem\u00e4\u00e4r\u00e4\u00e4ns\u00e4 merkitt\u00e4v\u00e4sti.          <\/figcaption>\n      <\/div>\n<\/figure>\n\n\n<p>T\u00e4m\u00e4 pieni oikaisu siis korjaa paitsi kyseist\u00e4 juttua mutta vet\u00e4\u00e4 pohjan pois my\u00f6s aiemmalta uutisoinnilta kotimaassa ja ulkomaista mediaa my\u00f6ten. Esimerkiksi <a href=\"https:\/\/yle.fi\/uutiset\/3-9582069\" target=\"_blank\" rel=\"noopener\">Yle itse uutisoi<\/a> Suomen sijoituksen <a href=\"https:\/\/rsf.org\/en\/ranking\/2017\" target=\"_blank\" rel=\"noopener\">lehdist\u00f6nvapausindeksiss\u00e4<\/a> heikenneen Sipil\u00e4n toiminnan vuoksi.&nbsp;<\/p>\n\n\n\n<p>Kiinnitin Toimittajat ilman rajoja -j\u00e4rjest\u00f6n pit\u00e4m\u00e4ss\u00e4 <a href=\"http:\/\/toimittajatilmanrajoja.com\/fi\/2017\/04\/29\/onko-eettista-totuutta-olemassa-keskustelua-sananvapaudesta-paivalehden-museossa-3-5\/\" target=\"_blank\" rel=\"noopener\">sananvapausseminaarissa<\/a> toukokuussa 2017 huomiota siihen, ett\u00e4 vaikka Suomi olisi saanut ilman Sipil\u00e4n vaikutusta samat pisteet kuin <a href=\"https:\/\/rsf.org\/en\/ranking\/2016\" target=\"_blank\" rel=\"noopener\">edellisvuonna<\/a>, Ruotsi ja Norja olisivat silti kiilanneet listalla ohi. Ne kun paransivat suoritustaan merkitt\u00e4v\u00e4sti, ja Suomen tulos hieman heikkeni. Mediassa oli mennyt l\u00e4pi tulkinta Sipil\u00e4n romahduttavasta vaikutuksesta.&nbsp;Uutisointi perustui indeksi\u00e4 yll\u00e4pit\u00e4v\u00e4n Toimittajat ilman rajoja -j\u00e4rjest\u00f6n <a href=\"https:\/\/rsf.org\/en\/news\/reporters-without-borders-rsf-remains-concerned-about-actions-taken-national-broadcaster-yle\" target=\"_blank\" rel=\"noopener\">tiedotteeseen<\/a>, jossa Sipil\u00e4n rooli tuli vahvasti esiin.&nbsp;<\/p>\n\n\n\n<p>Se, miten paljon Sipil\u00e4 heikensi Suomen pistem\u00e4\u00e4r\u00e4\u00e4 vuoden 2017 vertailussa, on vain j\u00e4rjest\u00f6n tiedossa. Joka tapauksessa Ylen tekem\u00e4n pienen oikaisun vaikutus ja merkitys on sen verran suuri, ett\u00e4 kannattaisi kysy\u00e4 selvennyksi\u00e4 tilastojen tulkintaan j\u00e4rjest\u00f6lt\u00e4 itselt\u00e4\u00e4n ja tehd\u00e4 silt\u00e4 pohjalta kunnon juttu, kuten toimittaja <strong>Johanna Vehkoo<\/strong> ehdotti Twitteriss\u00e4:<\/p>\n\n\n\n<p><blockquote class=\"twitter-tweet\" data-width=\"550\"><p lang=\"fi\" dir=\"ltr\">Eli: jos haluaa kiist\u00e4\u00e4 aivan kaikkialle levinneen selityksen, pit\u00e4isi kysy\u00e4 j\u00e4rjest\u00f6lt\u00e4. Sitten oikaista vanha uutinen ja kirjoittaa uusi, jossa asia avataan.<\/p>&mdash; Johanna Vehkoo (@vehkoo) <a href=\"https:\/\/twitter.com\/vehkoo\/status\/943379461134798848?ref_src=twsrc%5Etfw\">December 20, 2017<\/a><\/blockquote><script async src=\"https:\/\/platform.twitter.com\/widgets.js\" charset=\"utf-8\"><\/script><\/p>\n\n\n\n<p>T\u00e4m\u00e4 olisi my\u00f6s Journalistin ohjeiden 20. kohdan hengen mukaista. Siell\u00e4 todetaan, ett\u00e4 korjauksen huomioarvo on suhteutettava virheen vakavuuteen ja kehotetaan julkaisemaan tarvittaessa kokonaan uusi juttu.<\/p>\n\n\n","protected":false},"excerpt":{"rendered":"<p>Journalistisen virheen korjaus on periaatteessa yksinkertainen asia mutta k\u00e4yt\u00e4nn\u00f6ss\u00e4 usein kaikkea muuta. Yleens\u00e4 ongelma on siin\u00e4, ettei mit\u00e4\u00e4n virhett\u00e4 my\u00f6nnet\u00e4 tapahtuneen, kuten k\u00e4vi JSN:n ratkaisemassa<br \/>\nYlen ja Ilt&hellip;<\/p>\n","protected":false},"author":148,"featured_media":0,"comment_status":"open","ping_status":"closed","sticky":false,"template":"","format":"standard","meta":{"_acf_changed":false,"asauth_required_access_level":3,"asauth_cansharepaid":"true","om_header_attributes":[],"footnotes":"","om_featured_image_focal_point":[],"om_primary_tag":0,"om_contributors":[],"om_co_authors":[],"beyondwords_generate_audio":"","beyondwords_project_id":"","beyondwords_content_id":"","beyondwords_preview_token":"","beyondwords_player_content":"","beyondwords_player_style":"","beyondwords_language_code":"","beyondwords_language_id":"","beyondwords_title_voice_id":"","beyondwords_body_voice_id":"","beyondwords_summary_voice_id":"","beyondwords_error_message":"","beyondwords_disabled":"","beyondwords_delete_content":"","beyondwords_podcast_id":"","beyondwords_hash":"","publish_post_to_speechkit":"","speechkit_hash":"","speechkit_generate_audio":"","speechkit_project_id":"","speechkit_podcast_id":"","speechkit_error_message":"","speechkit_disabled":"","speechkit_access_key":"","speechkit_error":"","speechkit_info":"","speechkit_response":"","speechkit_retries":"","speechkit_status":"","speechkit_updated_at":"","_speechkit_link":"","_speechkit_text":""},"categories":[1],"tags":[1582,105,124,1461,114,231,1580,374,1579,1578,1572,1215,731,1581,144],"class_list":["post-1882","post","type-post","status-publish","format-standard","hentry","category-mediasekaantuja","tag-hs-gate","tag-iltalehti","tag-journalistin-ohjeet","tag-juha-sipila","tag-julkisen-sanan-neuvosto","tag-langettava-paatos","tag-lehdistonvapausindeksi","tag-oikaisu","tag-oikaisupyynto","tag-satu-seppa","tag-sotahirvet","tag-toimittajat-ilman-rajoja","tag-virheen-korjaus","tag-yle-gate","tag-yleisradio"],"om_views":null,"acf":{"tuuma_off":false,"tuuma_kysymys":"","tuuma_vastaus":""},"asauth":{"required_access_level":1,"share_token":"","is_paid":false},"yoast_head":"<!-- This site is optimized with the Yoast SEO plugin v26.4 - https:\/\/yoast.com\/wordpress\/plugins\/seo\/ -->\n<title>Oikaisuvaatimus menee herk\u00e4sti tunteisiin - mutta miksi Yle oikaisi pienell\u00e4 merkitt\u00e4v\u00e4n Sipil\u00e4-asian? - Mediaansekaantuja<\/title>\n<meta name=\"description\" content=\"Lopputulos on parempi, jos oikaisupyynt\u00f6 on asiallinen eik\u00e4 alenna vastaanottajansa ihmisarvoa.\" \/>\n<meta name=\"robots\" content=\"index, follow, max-snippet:-1, max-image-preview:large, max-video-preview:-1\" \/>\n<link rel=\"canonical\" href=\"https:\/\/suomenkuvalehti.fi\/mediasekaantuja\/oikaisuvaatimus-menee-herkasti-tunteisiin-mutta-miksi-yle-oikaisi-pienella-merkittavan-sipila-asian\/\" \/>\n<meta property=\"og:locale\" content=\"fi_FI\" \/>\n<meta property=\"og:type\" content=\"article\" \/>\n<meta property=\"og:title\" content=\"Oikaisuvaatimus menee herk\u00e4sti tunteisiin - mutta miksi Yle oikaisi pienell\u00e4 merkitt\u00e4v\u00e4n Sipil\u00e4-asian? - Mediaansekaantuja\" \/>\n<meta property=\"og:description\" content=\"Lopputulos on parempi, jos oikaisupyynt\u00f6 on asiallinen eik\u00e4 alenna vastaanottajansa ihmisarvoa.\" \/>\n<meta property=\"og:url\" content=\"https:\/\/suomenkuvalehti.fi\/mediasekaantuja\/oikaisuvaatimus-menee-herkasti-tunteisiin-mutta-miksi-yle-oikaisi-pienella-merkittavan-sipila-asian\/\" \/>\n<meta property=\"og:site_name\" content=\"Mediaansekaantuja\" \/>\n<meta property=\"article:published_time\" content=\"2017-12-20T10:50:15+00:00\" \/>\n<meta property=\"article:modified_time\" content=\"2017-12-20T11:24:05+00:00\" \/>\n<meta property=\"og:image\" content=\"https:\/\/suomenkuvalehti.fi\/mediasekaantuja\/wp-content\/uploads\/sites\/18\/2017\/12\/wpfi2016-159x300.jpg\" \/>\n<meta name=\"author\" content=\"Pasi Kivioja\" \/>\n<meta name=\"twitter:card\" content=\"summary_large_image\" \/>\n<meta name=\"twitter:creator\" content=\"@https:\/\/twitter.com\/PasiKivioja\" \/>\n<meta name=\"twitter:label1\" content=\"Written by\" \/>\n\t<meta name=\"twitter:data1\" content=\"Pasi Kivioja\" \/>\n\t<meta name=\"twitter:label2\" content=\"Est. reading time\" \/>\n\t<meta name=\"twitter:data2\" content=\"3 minuuttia\" \/>\n<script type=\"application\/ld+json\" class=\"yoast-schema-graph\">{\"@context\":\"https:\/\/schema.org\",\"@graph\":[{\"@type\":\"WebPage\",\"@id\":\"https:\/\/suomenkuvalehti.fi\/mediasekaantuja\/oikaisuvaatimus-menee-herkasti-tunteisiin-mutta-miksi-yle-oikaisi-pienella-merkittavan-sipila-asian\/\",\"url\":\"https:\/\/suomenkuvalehti.fi\/mediasekaantuja\/oikaisuvaatimus-menee-herkasti-tunteisiin-mutta-miksi-yle-oikaisi-pienella-merkittavan-sipila-asian\/\",\"name\":\"Oikaisuvaatimus menee herk\u00e4sti tunteisiin - mutta miksi Yle oikaisi pienell\u00e4 merkitt\u00e4v\u00e4n Sipil\u00e4-asian? - Mediaansekaantuja\",\"isPartOf\":{\"@id\":\"https:\/\/suomenkuvalehti.fi\/mediasekaantuja\/#website\"},\"primaryImageOfPage\":{\"@id\":\"https:\/\/suomenkuvalehti.fi\/mediasekaantuja\/oikaisuvaatimus-menee-herkasti-tunteisiin-mutta-miksi-yle-oikaisi-pienella-merkittavan-sipila-asian\/#primaryimage\"},\"image\":{\"@id\":\"https:\/\/suomenkuvalehti.fi\/mediasekaantuja\/oikaisuvaatimus-menee-herkasti-tunteisiin-mutta-miksi-yle-oikaisi-pienella-merkittavan-sipila-asian\/#primaryimage\"},\"thumbnailUrl\":\"https:\/\/suomenkuvalehti.fi\/mediasekaantuja\/wp-content\/uploads\/sites\/18\/2017\/12\/wpfi2016-159x300.jpg\",\"datePublished\":\"2017-12-20T10:50:15+00:00\",\"dateModified\":\"2017-12-20T11:24:05+00:00\",\"author\":{\"@id\":\"https:\/\/suomenkuvalehti.fi\/mediasekaantuja\/#\/schema\/person\/e5cfc3b0243594a363a937aa1d165533\"},\"description\":\"Lopputulos on parempi, jos oikaisupyynt\u00f6 on asiallinen eik\u00e4 alenna vastaanottajansa ihmisarvoa.\",\"breadcrumb\":{\"@id\":\"https:\/\/suomenkuvalehti.fi\/mediasekaantuja\/oikaisuvaatimus-menee-herkasti-tunteisiin-mutta-miksi-yle-oikaisi-pienella-merkittavan-sipila-asian\/#breadcrumb\"},\"inLanguage\":\"fi\",\"potentialAction\":[{\"@type\":\"ReadAction\",\"target\":[\"https:\/\/suomenkuvalehti.fi\/mediasekaantuja\/oikaisuvaatimus-menee-herkasti-tunteisiin-mutta-miksi-yle-oikaisi-pienella-merkittavan-sipila-asian\/\"]}]},{\"@type\":\"ImageObject\",\"inLanguage\":\"fi\",\"@id\":\"https:\/\/suomenkuvalehti.fi\/mediasekaantuja\/oikaisuvaatimus-menee-herkasti-tunteisiin-mutta-miksi-yle-oikaisi-pienella-merkittavan-sipila-asian\/#primaryimage\",\"url\":\"https:\/\/suomenkuvalehti.fi\/mediasekaantuja\/wp-content\/uploads\/sites\/18\/2017\/12\/wpfi2016.jpg\",\"contentUrl\":\"https:\/\/suomenkuvalehti.fi\/mediasekaantuja\/wp-content\/uploads\/sites\/18\/2017\/12\/wpfi2016.jpg\",\"width\":279,\"height\":528,\"caption\":\"Lehdist\u00f6nvapausindeksiss\u00e4 2016 Suomella oli 8,59 pistett\u00e4 ja ykk\u00f6ssija.\"},{\"@type\":\"BreadcrumbList\",\"@id\":\"https:\/\/suomenkuvalehti.fi\/mediasekaantuja\/oikaisuvaatimus-menee-herkasti-tunteisiin-mutta-miksi-yle-oikaisi-pienella-merkittavan-sipila-asian\/#breadcrumb\",\"itemListElement\":[{\"@type\":\"ListItem\",\"position\":1,\"name\":\"Home\",\"item\":\"https:\/\/suomenkuvalehti.fi\/mediasekaantuja\/\"},{\"@type\":\"ListItem\",\"position\":2,\"name\":\"Oikaisuvaatimus menee herk\u00e4sti tunteisiin &#8211; mutta miksi Yle oikaisi pienell\u00e4 merkitt\u00e4v\u00e4n Sipil\u00e4-asian?\"}]},{\"@type\":\"WebSite\",\"@id\":\"https:\/\/suomenkuvalehti.fi\/mediasekaantuja\/#website\",\"url\":\"https:\/\/suomenkuvalehti.fi\/mediasekaantuja\/\",\"name\":\"Mediaansekaantuja\",\"description\":\"Pasi Kivioja analysoi median ilmi\u00f6it\u00e4.\",\"potentialAction\":[{\"@type\":\"SearchAction\",\"target\":{\"@type\":\"EntryPoint\",\"urlTemplate\":\"https:\/\/suomenkuvalehti.fi\/haku\/?q={search_term_string}\"},\"query-input\":{\"@type\":\"PropertyValueSpecification\",\"valueRequired\":true,\"valueName\":\"search_term_string\"}}],\"inLanguage\":\"fi\"},{\"@type\":\"Person\",\"@id\":\"https:\/\/suomenkuvalehti.fi\/mediasekaantuja\/#\/schema\/person\/e5cfc3b0243594a363a937aa1d165533\",\"name\":\"Pasi Kivioja\",\"image\":{\"@type\":\"ImageObject\",\"inLanguage\":\"fi\",\"@id\":\"https:\/\/suomenkuvalehti.fi\/mediasekaantuja\/#\/schema\/person\/image\/\",\"url\":\"https:\/\/suomenkuvalehti.fi\/mediasekaantuja\/wp-content\/uploads\/sites\/18\/2022\/04\/pasi_kivioja_02-150x150.jpg\",\"contentUrl\":\"https:\/\/suomenkuvalehti.fi\/mediasekaantuja\/wp-content\/uploads\/sites\/18\/2022\/04\/pasi_kivioja_02-150x150.jpg\",\"caption\":\"Pasi Kivioja\"},\"description\":\"Pasi Kivioja on median murroksesta ja mediataloudesta v\u00e4itellyt YTT, vapaa toimittaja ja viestint\u00e4yritt\u00e4j\u00e4.\",\"sameAs\":[\"https:\/\/x.com\/https:\/\/twitter.com\/PasiKivioja\"]}]}<\/script>\n<!-- \/ Yoast SEO plugin. -->","yoast_head_json":{"title":"Oikaisuvaatimus menee herk\u00e4sti tunteisiin - mutta miksi Yle oikaisi pienell\u00e4 merkitt\u00e4v\u00e4n Sipil\u00e4-asian? - Mediaansekaantuja","description":"Lopputulos on parempi, jos oikaisupyynt\u00f6 on asiallinen eik\u00e4 alenna vastaanottajansa ihmisarvoa.","robots":{"index":"index","follow":"follow","max-snippet":"max-snippet:-1","max-image-preview":"max-image-preview:large","max-video-preview":"max-video-preview:-1"},"canonical":"https:\/\/suomenkuvalehti.fi\/mediasekaantuja\/oikaisuvaatimus-menee-herkasti-tunteisiin-mutta-miksi-yle-oikaisi-pienella-merkittavan-sipila-asian\/","og_locale":"fi_FI","og_type":"article","og_title":"Oikaisuvaatimus menee herk\u00e4sti tunteisiin - mutta miksi Yle oikaisi pienell\u00e4 merkitt\u00e4v\u00e4n Sipil\u00e4-asian? - Mediaansekaantuja","og_description":"Lopputulos on parempi, jos oikaisupyynt\u00f6 on asiallinen eik\u00e4 alenna vastaanottajansa ihmisarvoa.","og_url":"https:\/\/suomenkuvalehti.fi\/mediasekaantuja\/oikaisuvaatimus-menee-herkasti-tunteisiin-mutta-miksi-yle-oikaisi-pienella-merkittavan-sipila-asian\/","og_site_name":"Mediaansekaantuja","article_published_time":"2017-12-20T10:50:15+00:00","article_modified_time":"2017-12-20T11:24:05+00:00","og_image":[{"url":"https:\/\/suomenkuvalehti.fi\/mediasekaantuja\/wp-content\/uploads\/sites\/18\/2017\/12\/wpfi2016-159x300.jpg","type":"","width":"","height":""}],"author":"Pasi Kivioja","twitter_card":"summary_large_image","twitter_creator":"@https:\/\/twitter.com\/PasiKivioja","twitter_misc":{"Written by":"Pasi Kivioja","Est. reading time":"3 minuuttia"},"schema":{"@context":"https:\/\/schema.org","@graph":[{"@type":"WebPage","@id":"https:\/\/suomenkuvalehti.fi\/mediasekaantuja\/oikaisuvaatimus-menee-herkasti-tunteisiin-mutta-miksi-yle-oikaisi-pienella-merkittavan-sipila-asian\/","url":"https:\/\/suomenkuvalehti.fi\/mediasekaantuja\/oikaisuvaatimus-menee-herkasti-tunteisiin-mutta-miksi-yle-oikaisi-pienella-merkittavan-sipila-asian\/","name":"Oikaisuvaatimus menee herk\u00e4sti tunteisiin - mutta miksi Yle oikaisi pienell\u00e4 merkitt\u00e4v\u00e4n Sipil\u00e4-asian? - Mediaansekaantuja","isPartOf":{"@id":"https:\/\/suomenkuvalehti.fi\/mediasekaantuja\/#website"},"primaryImageOfPage":{"@id":"https:\/\/suomenkuvalehti.fi\/mediasekaantuja\/oikaisuvaatimus-menee-herkasti-tunteisiin-mutta-miksi-yle-oikaisi-pienella-merkittavan-sipila-asian\/#primaryimage"},"image":{"@id":"https:\/\/suomenkuvalehti.fi\/mediasekaantuja\/oikaisuvaatimus-menee-herkasti-tunteisiin-mutta-miksi-yle-oikaisi-pienella-merkittavan-sipila-asian\/#primaryimage"},"thumbnailUrl":"https:\/\/suomenkuvalehti.fi\/mediasekaantuja\/wp-content\/uploads\/sites\/18\/2017\/12\/wpfi2016-159x300.jpg","datePublished":"2017-12-20T10:50:15+00:00","dateModified":"2017-12-20T11:24:05+00:00","author":{"@id":"https:\/\/suomenkuvalehti.fi\/mediasekaantuja\/#\/schema\/person\/e5cfc3b0243594a363a937aa1d165533"},"description":"Lopputulos on parempi, jos oikaisupyynt\u00f6 on asiallinen eik\u00e4 alenna vastaanottajansa ihmisarvoa.","breadcrumb":{"@id":"https:\/\/suomenkuvalehti.fi\/mediasekaantuja\/oikaisuvaatimus-menee-herkasti-tunteisiin-mutta-miksi-yle-oikaisi-pienella-merkittavan-sipila-asian\/#breadcrumb"},"inLanguage":"fi","potentialAction":[{"@type":"ReadAction","target":["https:\/\/suomenkuvalehti.fi\/mediasekaantuja\/oikaisuvaatimus-menee-herkasti-tunteisiin-mutta-miksi-yle-oikaisi-pienella-merkittavan-sipila-asian\/"]}]},{"@type":"ImageObject","inLanguage":"fi","@id":"https:\/\/suomenkuvalehti.fi\/mediasekaantuja\/oikaisuvaatimus-menee-herkasti-tunteisiin-mutta-miksi-yle-oikaisi-pienella-merkittavan-sipila-asian\/#primaryimage","url":"https:\/\/suomenkuvalehti.fi\/mediasekaantuja\/wp-content\/uploads\/sites\/18\/2017\/12\/wpfi2016.jpg","contentUrl":"https:\/\/suomenkuvalehti.fi\/mediasekaantuja\/wp-content\/uploads\/sites\/18\/2017\/12\/wpfi2016.jpg","width":279,"height":528,"caption":"Lehdist\u00f6nvapausindeksiss\u00e4 2016 Suomella oli 8,59 pistett\u00e4 ja ykk\u00f6ssija."},{"@type":"BreadcrumbList","@id":"https:\/\/suomenkuvalehti.fi\/mediasekaantuja\/oikaisuvaatimus-menee-herkasti-tunteisiin-mutta-miksi-yle-oikaisi-pienella-merkittavan-sipila-asian\/#breadcrumb","itemListElement":[{"@type":"ListItem","position":1,"name":"Home","item":"https:\/\/suomenkuvalehti.fi\/mediasekaantuja\/"},{"@type":"ListItem","position":2,"name":"Oikaisuvaatimus menee herk\u00e4sti tunteisiin &#8211; mutta miksi Yle oikaisi pienell\u00e4 merkitt\u00e4v\u00e4n Sipil\u00e4-asian?"}]},{"@type":"WebSite","@id":"https:\/\/suomenkuvalehti.fi\/mediasekaantuja\/#website","url":"https:\/\/suomenkuvalehti.fi\/mediasekaantuja\/","name":"Mediaansekaantuja","description":"Pasi Kivioja analysoi median ilmi\u00f6it\u00e4.","potentialAction":[{"@type":"SearchAction","target":{"@type":"EntryPoint","urlTemplate":"https:\/\/suomenkuvalehti.fi\/haku\/?q={search_term_string}"},"query-input":{"@type":"PropertyValueSpecification","valueRequired":true,"valueName":"search_term_string"}}],"inLanguage":"fi"},{"@type":"Person","@id":"https:\/\/suomenkuvalehti.fi\/mediasekaantuja\/#\/schema\/person\/e5cfc3b0243594a363a937aa1d165533","name":"Pasi Kivioja","image":{"@type":"ImageObject","inLanguage":"fi","@id":"https:\/\/suomenkuvalehti.fi\/mediasekaantuja\/#\/schema\/person\/image\/","url":"https:\/\/suomenkuvalehti.fi\/mediasekaantuja\/wp-content\/uploads\/sites\/18\/2022\/04\/pasi_kivioja_02-150x150.jpg","contentUrl":"https:\/\/suomenkuvalehti.fi\/mediasekaantuja\/wp-content\/uploads\/sites\/18\/2022\/04\/pasi_kivioja_02-150x150.jpg","caption":"Pasi Kivioja"},"description":"Pasi Kivioja on median murroksesta ja mediataloudesta v\u00e4itellyt YTT, vapaa toimittaja ja viestint\u00e4yritt\u00e4j\u00e4.","sameAs":["https:\/\/x.com\/https:\/\/twitter.com\/PasiKivioja"]}]}},"_links":{"self":[{"href":"https:\/\/suomenkuvalehti.fi\/mediasekaantuja\/wp-json\/wp\/v2\/posts\/1882","targetHints":{"allow":["GET"]}}],"collection":[{"href":"https:\/\/suomenkuvalehti.fi\/mediasekaantuja\/wp-json\/wp\/v2\/posts"}],"about":[{"href":"https:\/\/suomenkuvalehti.fi\/mediasekaantuja\/wp-json\/wp\/v2\/types\/post"}],"author":[{"embeddable":true,"href":"https:\/\/suomenkuvalehti.fi\/mediasekaantuja\/wp-json\/wp\/v2\/users\/148"}],"replies":[{"embeddable":true,"href":"https:\/\/suomenkuvalehti.fi\/mediasekaantuja\/wp-json\/wp\/v2\/comments?post=1882"}],"version-history":[{"count":12,"href":"https:\/\/suomenkuvalehti.fi\/mediasekaantuja\/wp-json\/wp\/v2\/posts\/1882\/revisions"}],"predecessor-version":[{"id":1896,"href":"https:\/\/suomenkuvalehti.fi\/mediasekaantuja\/wp-json\/wp\/v2\/posts\/1882\/revisions\/1896"}],"wp:attachment":[{"href":"https:\/\/suomenkuvalehti.fi\/mediasekaantuja\/wp-json\/wp\/v2\/media?parent=1882"}],"wp:term":[{"taxonomy":"category","embeddable":true,"href":"https:\/\/suomenkuvalehti.fi\/mediasekaantuja\/wp-json\/wp\/v2\/categories?post=1882"},{"taxonomy":"post_tag","embeddable":true,"href":"https:\/\/suomenkuvalehti.fi\/mediasekaantuja\/wp-json\/wp\/v2\/tags?post=1882"}],"curies":[{"name":"wp","href":"https:\/\/api.w.org\/{rel}","templated":true}]}}