{"id":1817,"date":"2017-10-05T11:15:20","date_gmt":"2017-10-05T08:15:20","guid":{"rendered":"https:\/\/suomenkuvalehti.fi\/mediasekaantuja\/?p=1817"},"modified":"2017-10-05T11:15:20","modified_gmt":"2017-10-05T08:15:20","slug":"mediana-esiintyva-op-pankki-astui-miinaan-paajohtaja-poistatti-mtkta-suututtaneen-blogikirjoituksen","status":"publish","type":"post","link":"https:\/\/suomenkuvalehti.fi\/mediasekaantuja\/mediana-esiintyva-op-pankki-astui-miinaan-paajohtaja-poistatti-mtkta-suututtaneen-blogikirjoituksen\/","title":{"rendered":"Mediana esiintyv\u00e4 OP-pankki astui miinaan &#8211; p\u00e4\u00e4johtaja poistatti MTK:ta suututtaneen blogikirjoituksen"},"content":{"rendered":"\n<p>Joku MTK:n maataloustuottaja oli vet\u00e4nyt herneet OP-pankin julkaisemasta blogitekstist\u00e4 ja soittanut OP-ryhm\u00e4n p\u00e4\u00e4johtajalle <strong>Reijo Karhiselle<\/strong>. <a href=\"http:\/\/www.maaseuduntulevaisuus.fi\/maatalous\/op-n-karhinen-puuttui-peliin-viljelij%C3%A4t-suututtanut-blogi-poistettiin-yhti%C3%B6n-sivulta-1.208137\" target=\"_blank\" rel=\"noopener\">Karhinen oli oitis poistattanut tekstin OP:n verkkosivuilta<\/a>. En tied\u00e4, ulottuuko Karhisen toimivalta my\u00f6s <a href=\"https:\/\/webcache.googleusercontent.com\/search?q=cache%3AOjJcLVde-qYJ%3Ahttps%3A%2F%2Fop.media%2Fterveys-ja-hyvinvointi%2FHyvinvointi%2FKukkaro-vatsa-ja-ilmasto-kiittavat%3A-9-hyvaa-syyta-syoda-vahemman-lihaa-36515629fc354a78ad3ac6763a1482a8+&amp;cd=2&amp;hl=fi&amp;ct=clnk&amp;gl=fi\" target=\"_blank\" rel=\"noopener\">Googlen v\u00e4limuistitallenteisiin<\/a>, josta teksti katosi hetki sitten. Olin onnekas, sill\u00e4 ehdin ottaa jutun talteen tutkittavaksi.<\/p>\n\n\n\n<p>Koska alkuper\u00e4inen kirjoitus ja sen v\u00e4limuistitallenne on poistettu, yleis\u00f6n on mahdotonta arvioida, olivatko tekstin faktat paikkansapit\u00e4vi\u00e4 vai yleisesti kiistanalaisia. Siteeraan siis hieman alkuper\u00e4ist\u00e4 teksti\u00e4.<\/p>\n\n\n<figure class=\"alignleft size-medium wp-block-image\">\n  <div class=\"wp-block-image__inner-container\">\n    <a href='https:\/\/suomenkuvalehti.fi\/mediasekaantuja\/wp-content\/uploads\/sites\/18\/2017\/10\/op-media2.jpg'><img loading=\"lazy\" decoding=\"async\" src=\"https:\/\/suomenkuvalehti.fi\/mediasekaantuja\/wp-content\/uploads\/sites\/18\/2017\/10\/op-media2-300x100.jpg\" alt=\"\" class=\"wp-image-1821\" width=\"1172\" height=\"391\" style=\"--aspect-ratio: 3\" srcset=\"https:\/\/suomenkuvalehti.fi\/mediasekaantuja\/wp-content\/uploads\/sites\/18\/2017\/10\/op-media2-300x100.jpg 300w, https:\/\/suomenkuvalehti.fi\/mediasekaantuja\/wp-content\/uploads\/sites\/18\/2017\/10\/op-media2-768x256.jpg 768w, https:\/\/suomenkuvalehti.fi\/mediasekaantuja\/wp-content\/uploads\/sites\/18\/2017\/10\/op-media2-1024x342.jpg 1024w, https:\/\/suomenkuvalehti.fi\/mediasekaantuja\/wp-content\/uploads\/sites\/18\/2017\/10\/op-media2-630x210.jpg 630w, https:\/\/suomenkuvalehti.fi\/mediasekaantuja\/wp-content\/uploads\/sites\/18\/2017\/10\/op-media2.jpg 1172w\" sizes=\"auto, (max-width: 1172px) 100vw, 1172px\" \/><\/a>    <figcaption class=\"wp-block-image__figcaption\">\n      OP:n p\u00e4\u00e4johtaja Reijo Karhinen poistatti maataloustuottajia suututtaneen blogikirjoituksen pankin verkkosivuilta.          <\/figcaption>\n      <\/div>\n<\/figure>\n\n\n<p>Blogin kirjoittaja oli otsikoinut kirjoituksensa &#8221;Kukkaro, vatsa ja ilmasto kiitt\u00e4v\u00e4t: 9 hyv\u00e4\u00e4 syyt\u00e4 sy\u00f6d\u00e4 v\u00e4hemm\u00e4n lihaa&#8221;. Yhdeks\u00e4n tiiviisti perusteltua pointtia olivat: riski sairastua pienenee, voit paremmin, ilmaston kuormitus v\u00e4henee, vesist\u00f6t pysyv\u00e4t puhtaampina, talouden voimavaroja s\u00e4\u00e4styy, sademets\u00e4t s\u00e4ilyv\u00e4t, vesivarannot riitt\u00e4v\u00e4t paremmin, el\u00e4inten k\u00e4rsimys v\u00e4henee, rahaa s\u00e4\u00e4styy. Haastateltuina oli k\u00e4ytetty Helsingin yliopiston ravitsemustieteen professoria <strong>Mikael Fogelholmia<\/strong> ja WWF:n suojeluasiantuntijaa <strong>Annukka Valkeap\u00e4\u00e4t\u00e4<\/strong>.<\/p>\n\n\n\n<p>Karhinen esitti pahoittelunsa tekstist\u00e4 MTK-liitoille ja korosti, ettei teksti vastaa OP-ryhm\u00e4n virallista kantaa. Karhisen mukaan finanssiryhm\u00e4 tukee t\u00e4ysill\u00e4 suomalaista lihantuotantoa ja elintarviketeollisuutta. <em>Maaseudun Tulevaisuuden<\/em> <a href=\"http:\/\/www.maaseuduntulevaisuus.fi\/maatalous\/op-my%C3%B6nt%C3%A4%C3%A4-blogitekstin-l%C3%A4hteet-kiistanalaisiksi-1.208161\" target=\"_blank\" rel=\"noopener\">mukaan<\/a>&nbsp;teksti poistettiin, koska se sis\u00e4lsi useita virheit\u00e4 ja ep\u00e4t\u00e4sm\u00e4llisyyksi\u00e4.<\/p>\n\n\n\n<p>OP haluaa esiinty\u00e4 mediana (op.media) ja h\u00e4m\u00e4rt\u00e4\u00e4 samalla journalismin ja markkinoinnin rajaa tekem\u00e4ll\u00e4 journalismina esitt\u00e4ytyv\u00e4\u00e4 sis\u00e4lt\u00f6\u00e4. &#8221;P\u00e4\u00e4toimittaja&#8221; Karhisen toiminta kuitenkin onneksi alleviivaa journalismin ja natiivimainonnan eroa: N\u00e4in ei journalismissa voisi toimia. Journalismissa ollaan riippumattomia sidosryhmist\u00e4. Journalismissa virheet ja ep\u00e4t\u00e4sm\u00e4llisyydet pyrit\u00e4\u00e4n korjaamaan, ei poistamaan koko juttua.&nbsp;<\/p>\n\n\n<figure class=\"alignleft size-medium is-resized wp-block-image\">\n  <div class=\"wp-block-image__inner-container\">\n    <a href='https:\/\/suomenkuvalehti.fi\/mediasekaantuja\/wp-content\/uploads\/sites\/18\/2017\/10\/op-media.jpg'><img loading=\"lazy\" decoding=\"async\" src=\"https:\/\/suomenkuvalehti.fi\/mediasekaantuja\/wp-content\/uploads\/sites\/18\/2017\/10\/op-media-287x300.jpg\" alt=\"\" class=\"wp-image-1819\" width=\"287\" height=\"300\" style=\"--aspect-ratio: 0.96\" srcset=\"https:\/\/suomenkuvalehti.fi\/mediasekaantuja\/wp-content\/uploads\/sites\/18\/2017\/10\/op-media-287x300.jpg 287w, https:\/\/suomenkuvalehti.fi\/mediasekaantuja\/wp-content\/uploads\/sites\/18\/2017\/10\/op-media-300x314.jpg 300w, https:\/\/suomenkuvalehti.fi\/mediasekaantuja\/wp-content\/uploads\/sites\/18\/2017\/10\/op-media.jpg 618w\" sizes=\"auto, (max-width: 287px) 100vw, 287px\" \/><\/a>    <figcaption class=\"wp-block-image__figcaption\">\n      Ruutukaappaus OP:n Facebook-sivulta, jossa k\u00e4yd\u00e4\u00e4n keskustelua tekstin poistosta.          <\/figcaption>\n      <\/div>\n<\/figure>\n\n\n<p>Ja jos jollekin olen journalistina allerginen, niin sille, ett\u00e4 joku hyv\u00e4velikerhon ukkeli tulisi poistelemaan julkaistuja tekstej\u00e4 blogistani. Toki <em>Suomen Kuvalehden<\/em> p\u00e4\u00e4toimittaja <strong>Ville Pernaa<\/strong> voisi ja saisi n\u00e4in tehd\u00e4, mutta eih\u00e4n siit\u00e4 hyv\u00e4\u00e4 seuraisi eik\u00e4 Pernaa ole sellainen ukkeli. Poiston perusteluiden pit\u00e4isi olla vedenpit\u00e4v\u00e4t. Karhisen perustelut ontuvat, mutta asialle ei voi mit\u00e4\u00e4n, koska OP ei ole oikeasti mik\u00e4\u00e4n media.<\/p>\n\n\n\n<p>OP on yritys, joka edist\u00e4\u00e4 omaa liiketoimintaansa ja kumartaa omille sidosryhmilleen. Ei siin\u00e4 mit\u00e4\u00e4n pahaa ole, mutta \u00e4lk\u00e4\u00e4 viitsik\u00f6 esiinty\u00e4 mediana. Please.<\/p>\n\n\n\n<p>En viet\u00e4 kirjoituksen mainitsemaa lihatonta lokakuuta, mutta en l\u00e4htisi my\u00f6sk\u00e4\u00e4n kiist\u00e4m\u00e4\u00e4n poistetun blogikirjoituksen v\u00e4itteit\u00e4 esimerkiksi lihansy\u00f6nnin v\u00e4hent\u00e4misen terveysvaikutuksista. Karhisen tavoin min\u00e4kin arvostan suomalaista ruokatuotantoa, mutta arvostukseni ei pit\u00e4isi est\u00e4\u00e4 asiallista keskustelunher\u00e4ttely\u00e4 t\u00e4st\u00e4 t\u00e4rke\u00e4st\u00e4 aiheesta.<\/p>\n\n\n\n<p>P.S. Olen OP-pankin asiakas. Eik\u00f6 Karhinen ajattele lainkaan MINUN tunteitani? Odotan p\u00e4\u00e4johtajan anteeksipyynt\u00f6\u00e4.<\/p>\n\n\n","protected":false},"excerpt":{"rendered":"<p>Joku MTK:n maataloustuottaja oli vet\u00e4nyt herneet OP-pankin julkaisemasta blogitekstist\u00e4 ja soittanut OP-ryhm\u00e4n p\u00e4\u00e4johtajalle Reijo Karhiselle. Karhinen oli oitis poistattanut tekstin OP:n verkkosivuilta. En tied\u00e4,<br \/>\nulott&hellip;<\/p>\n","protected":false},"author":148,"featured_media":0,"comment_status":"open","ping_status":"closed","sticky":false,"template":"","format":"standard","meta":{"_acf_changed":false,"asauth_required_access_level":3,"asauth_cansharepaid":"true","om_header_attributes":[],"footnotes":"","om_featured_image_focal_point":[],"om_primary_tag":0,"om_contributors":[],"om_co_authors":[],"beyondwords_generate_audio":"","beyondwords_project_id":"","beyondwords_content_id":"","beyondwords_preview_token":"","beyondwords_player_content":"","beyondwords_player_style":"","beyondwords_language_code":"","beyondwords_language_id":"","beyondwords_title_voice_id":"","beyondwords_body_voice_id":"","beyondwords_summary_voice_id":"","beyondwords_error_message":"","beyondwords_disabled":"","beyondwords_delete_content":"","beyondwords_podcast_id":"","beyondwords_hash":"","publish_post_to_speechkit":"","speechkit_hash":"","speechkit_generate_audio":"","speechkit_project_id":"","speechkit_podcast_id":"","speechkit_error_message":"","speechkit_disabled":"","speechkit_access_key":"","speechkit_error":"","speechkit_info":"","speechkit_response":"","speechkit_retries":"","speechkit_status":"","speechkit_updated_at":"","_speechkit_link":"","_speechkit_text":""},"categories":[1],"tags":[1543,445,1547,1549,364,1540,1544,1541,1548,1546,769,1545,68,1441,1542],"class_list":["post-1817","post","type-post","status-publish","format-standard","hentry","category-mediasekaantuja","tag-blogi","tag-journalismi","tag-lihansyonti","tag-lihaton-lokakuu","tag-maaseudun-tulevaisuus","tag-mtk","tag-natiivimainonta","tag-op-ryhma","tag-op-media","tag-pankki","tag-reijo-karhinen","tag-riippumattomuus","tag-suomen-kuvalehti","tag-valemedia","tag-ville-pernaa"],"om_views":null,"acf":{"tuuma_off":false,"tuuma_kysymys":"","tuuma_vastaus":""},"asauth":{"required_access_level":1,"share_token":"","is_paid":false},"yoast_head":"<!-- This site is optimized with the Yoast SEO plugin v26.4 - https:\/\/yoast.com\/wordpress\/plugins\/seo\/ -->\n<title>Mediana esiintyv\u00e4 OP-pankki astui miinaan - p\u00e4\u00e4johtaja poistatti MTK:ta suututtaneen blogikirjoituksen - Mediaansekaantuja<\/title>\n<meta name=\"description\" content=\"Poistetussa blogitekstiss\u00e4 listattiin syit\u00e4, miksi lihansy\u00f6nti\u00e4 tulisi v\u00e4hent\u00e4\u00e4. P\u00e4\u00e4johtaja Reijo Karhinen pahoitteli asiaa maataloustuottajille.\" \/>\n<meta name=\"robots\" content=\"index, follow, max-snippet:-1, max-image-preview:large, max-video-preview:-1\" \/>\n<link rel=\"canonical\" href=\"https:\/\/suomenkuvalehti.fi\/mediasekaantuja\/mediana-esiintyva-op-pankki-astui-miinaan-paajohtaja-poistatti-mtkta-suututtaneen-blogikirjoituksen\/\" \/>\n<meta property=\"og:locale\" content=\"fi_FI\" \/>\n<meta property=\"og:type\" content=\"article\" \/>\n<meta property=\"og:title\" content=\"Mediana esiintyv\u00e4 OP-pankki astui miinaan - p\u00e4\u00e4johtaja poistatti MTK:ta suututtaneen blogikirjoituksen - Mediaansekaantuja\" \/>\n<meta property=\"og:description\" content=\"Poistetussa blogitekstiss\u00e4 listattiin syit\u00e4, miksi lihansy\u00f6nti\u00e4 tulisi v\u00e4hent\u00e4\u00e4. P\u00e4\u00e4johtaja Reijo Karhinen pahoitteli asiaa maataloustuottajille.\" \/>\n<meta property=\"og:url\" content=\"https:\/\/suomenkuvalehti.fi\/mediasekaantuja\/mediana-esiintyva-op-pankki-astui-miinaan-paajohtaja-poistatti-mtkta-suututtaneen-blogikirjoituksen\/\" \/>\n<meta property=\"og:site_name\" content=\"Mediaansekaantuja\" \/>\n<meta property=\"article:published_time\" content=\"2017-10-05T08:15:20+00:00\" \/>\n<meta property=\"og:image\" content=\"https:\/\/suomenkuvalehti.fi\/mediasekaantuja\/wp-content\/uploads\/sites\/18\/2017\/10\/op-media2-300x100.jpg\" \/>\n<meta name=\"author\" content=\"Pasi Kivioja\" \/>\n<meta name=\"twitter:card\" content=\"summary_large_image\" \/>\n<meta name=\"twitter:creator\" content=\"@https:\/\/twitter.com\/PasiKivioja\" \/>\n<meta name=\"twitter:label1\" content=\"Written by\" \/>\n\t<meta name=\"twitter:data1\" content=\"Pasi Kivioja\" \/>\n\t<meta name=\"twitter:label2\" content=\"Est. reading time\" \/>\n\t<meta name=\"twitter:data2\" content=\"2 minuuttia\" \/>\n<script type=\"application\/ld+json\" class=\"yoast-schema-graph\">{\"@context\":\"https:\/\/schema.org\",\"@graph\":[{\"@type\":\"WebPage\",\"@id\":\"https:\/\/suomenkuvalehti.fi\/mediasekaantuja\/mediana-esiintyva-op-pankki-astui-miinaan-paajohtaja-poistatti-mtkta-suututtaneen-blogikirjoituksen\/\",\"url\":\"https:\/\/suomenkuvalehti.fi\/mediasekaantuja\/mediana-esiintyva-op-pankki-astui-miinaan-paajohtaja-poistatti-mtkta-suututtaneen-blogikirjoituksen\/\",\"name\":\"Mediana esiintyv\u00e4 OP-pankki astui miinaan - p\u00e4\u00e4johtaja poistatti MTK:ta suututtaneen blogikirjoituksen - Mediaansekaantuja\",\"isPartOf\":{\"@id\":\"https:\/\/suomenkuvalehti.fi\/mediasekaantuja\/#website\"},\"primaryImageOfPage\":{\"@id\":\"https:\/\/suomenkuvalehti.fi\/mediasekaantuja\/mediana-esiintyva-op-pankki-astui-miinaan-paajohtaja-poistatti-mtkta-suututtaneen-blogikirjoituksen\/#primaryimage\"},\"image\":{\"@id\":\"https:\/\/suomenkuvalehti.fi\/mediasekaantuja\/mediana-esiintyva-op-pankki-astui-miinaan-paajohtaja-poistatti-mtkta-suututtaneen-blogikirjoituksen\/#primaryimage\"},\"thumbnailUrl\":\"https:\/\/suomenkuvalehti.fi\/mediasekaantuja\/wp-content\/uploads\/sites\/18\/2017\/10\/op-media2-300x100.jpg\",\"datePublished\":\"2017-10-05T08:15:20+00:00\",\"author\":{\"@id\":\"https:\/\/suomenkuvalehti.fi\/mediasekaantuja\/#\/schema\/person\/e5cfc3b0243594a363a937aa1d165533\"},\"description\":\"Poistetussa blogitekstiss\u00e4 listattiin syit\u00e4, miksi lihansy\u00f6nti\u00e4 tulisi v\u00e4hent\u00e4\u00e4. P\u00e4\u00e4johtaja Reijo Karhinen pahoitteli asiaa maataloustuottajille.\",\"breadcrumb\":{\"@id\":\"https:\/\/suomenkuvalehti.fi\/mediasekaantuja\/mediana-esiintyva-op-pankki-astui-miinaan-paajohtaja-poistatti-mtkta-suututtaneen-blogikirjoituksen\/#breadcrumb\"},\"inLanguage\":\"fi\",\"potentialAction\":[{\"@type\":\"ReadAction\",\"target\":[\"https:\/\/suomenkuvalehti.fi\/mediasekaantuja\/mediana-esiintyva-op-pankki-astui-miinaan-paajohtaja-poistatti-mtkta-suututtaneen-blogikirjoituksen\/\"]}]},{\"@type\":\"ImageObject\",\"inLanguage\":\"fi\",\"@id\":\"https:\/\/suomenkuvalehti.fi\/mediasekaantuja\/mediana-esiintyva-op-pankki-astui-miinaan-paajohtaja-poistatti-mtkta-suututtaneen-blogikirjoituksen\/#primaryimage\",\"url\":\"https:\/\/suomenkuvalehti.fi\/mediasekaantuja\/wp-content\/uploads\/sites\/18\/2017\/10\/op-media2.jpg\",\"contentUrl\":\"https:\/\/suomenkuvalehti.fi\/mediasekaantuja\/wp-content\/uploads\/sites\/18\/2017\/10\/op-media2.jpg\",\"width\":1172,\"height\":391,\"caption\":\"OP:n p\u00e4\u00e4johtaja Reijo Karhinen poistatti blogikirjoituksen pankin verkkosivuilta.\"},{\"@type\":\"BreadcrumbList\",\"@id\":\"https:\/\/suomenkuvalehti.fi\/mediasekaantuja\/mediana-esiintyva-op-pankki-astui-miinaan-paajohtaja-poistatti-mtkta-suututtaneen-blogikirjoituksen\/#breadcrumb\",\"itemListElement\":[{\"@type\":\"ListItem\",\"position\":1,\"name\":\"Home\",\"item\":\"https:\/\/suomenkuvalehti.fi\/mediasekaantuja\/\"},{\"@type\":\"ListItem\",\"position\":2,\"name\":\"Mediana esiintyv\u00e4 OP-pankki astui miinaan &#8211; p\u00e4\u00e4johtaja poistatti MTK:ta suututtaneen blogikirjoituksen\"}]},{\"@type\":\"WebSite\",\"@id\":\"https:\/\/suomenkuvalehti.fi\/mediasekaantuja\/#website\",\"url\":\"https:\/\/suomenkuvalehti.fi\/mediasekaantuja\/\",\"name\":\"Mediaansekaantuja\",\"description\":\"Pasi Kivioja analysoi median ilmi\u00f6it\u00e4.\",\"potentialAction\":[{\"@type\":\"SearchAction\",\"target\":{\"@type\":\"EntryPoint\",\"urlTemplate\":\"https:\/\/suomenkuvalehti.fi\/haku\/?q={search_term_string}\"},\"query-input\":{\"@type\":\"PropertyValueSpecification\",\"valueRequired\":true,\"valueName\":\"search_term_string\"}}],\"inLanguage\":\"fi\"},{\"@type\":\"Person\",\"@id\":\"https:\/\/suomenkuvalehti.fi\/mediasekaantuja\/#\/schema\/person\/e5cfc3b0243594a363a937aa1d165533\",\"name\":\"Pasi Kivioja\",\"image\":{\"@type\":\"ImageObject\",\"inLanguage\":\"fi\",\"@id\":\"https:\/\/suomenkuvalehti.fi\/mediasekaantuja\/#\/schema\/person\/image\/\",\"url\":\"https:\/\/suomenkuvalehti.fi\/mediasekaantuja\/wp-content\/uploads\/sites\/18\/2022\/04\/pasi_kivioja_02-150x150.jpg\",\"contentUrl\":\"https:\/\/suomenkuvalehti.fi\/mediasekaantuja\/wp-content\/uploads\/sites\/18\/2022\/04\/pasi_kivioja_02-150x150.jpg\",\"caption\":\"Pasi Kivioja\"},\"description\":\"Pasi Kivioja on median murroksesta ja mediataloudesta v\u00e4itellyt YTT, vapaa toimittaja ja viestint\u00e4yritt\u00e4j\u00e4.\",\"sameAs\":[\"https:\/\/x.com\/https:\/\/twitter.com\/PasiKivioja\"]}]}<\/script>\n<!-- \/ Yoast SEO plugin. -->","yoast_head_json":{"title":"Mediana esiintyv\u00e4 OP-pankki astui miinaan - p\u00e4\u00e4johtaja poistatti MTK:ta suututtaneen blogikirjoituksen - Mediaansekaantuja","description":"Poistetussa blogitekstiss\u00e4 listattiin syit\u00e4, miksi lihansy\u00f6nti\u00e4 tulisi v\u00e4hent\u00e4\u00e4. P\u00e4\u00e4johtaja Reijo Karhinen pahoitteli asiaa maataloustuottajille.","robots":{"index":"index","follow":"follow","max-snippet":"max-snippet:-1","max-image-preview":"max-image-preview:large","max-video-preview":"max-video-preview:-1"},"canonical":"https:\/\/suomenkuvalehti.fi\/mediasekaantuja\/mediana-esiintyva-op-pankki-astui-miinaan-paajohtaja-poistatti-mtkta-suututtaneen-blogikirjoituksen\/","og_locale":"fi_FI","og_type":"article","og_title":"Mediana esiintyv\u00e4 OP-pankki astui miinaan - p\u00e4\u00e4johtaja poistatti MTK:ta suututtaneen blogikirjoituksen - Mediaansekaantuja","og_description":"Poistetussa blogitekstiss\u00e4 listattiin syit\u00e4, miksi lihansy\u00f6nti\u00e4 tulisi v\u00e4hent\u00e4\u00e4. P\u00e4\u00e4johtaja Reijo Karhinen pahoitteli asiaa maataloustuottajille.","og_url":"https:\/\/suomenkuvalehti.fi\/mediasekaantuja\/mediana-esiintyva-op-pankki-astui-miinaan-paajohtaja-poistatti-mtkta-suututtaneen-blogikirjoituksen\/","og_site_name":"Mediaansekaantuja","article_published_time":"2017-10-05T08:15:20+00:00","og_image":[{"url":"https:\/\/suomenkuvalehti.fi\/mediasekaantuja\/wp-content\/uploads\/sites\/18\/2017\/10\/op-media2-300x100.jpg","type":"","width":"","height":""}],"author":"Pasi Kivioja","twitter_card":"summary_large_image","twitter_creator":"@https:\/\/twitter.com\/PasiKivioja","twitter_misc":{"Written by":"Pasi Kivioja","Est. reading time":"2 minuuttia"},"schema":{"@context":"https:\/\/schema.org","@graph":[{"@type":"WebPage","@id":"https:\/\/suomenkuvalehti.fi\/mediasekaantuja\/mediana-esiintyva-op-pankki-astui-miinaan-paajohtaja-poistatti-mtkta-suututtaneen-blogikirjoituksen\/","url":"https:\/\/suomenkuvalehti.fi\/mediasekaantuja\/mediana-esiintyva-op-pankki-astui-miinaan-paajohtaja-poistatti-mtkta-suututtaneen-blogikirjoituksen\/","name":"Mediana esiintyv\u00e4 OP-pankki astui miinaan - p\u00e4\u00e4johtaja poistatti MTK:ta suututtaneen blogikirjoituksen - Mediaansekaantuja","isPartOf":{"@id":"https:\/\/suomenkuvalehti.fi\/mediasekaantuja\/#website"},"primaryImageOfPage":{"@id":"https:\/\/suomenkuvalehti.fi\/mediasekaantuja\/mediana-esiintyva-op-pankki-astui-miinaan-paajohtaja-poistatti-mtkta-suututtaneen-blogikirjoituksen\/#primaryimage"},"image":{"@id":"https:\/\/suomenkuvalehti.fi\/mediasekaantuja\/mediana-esiintyva-op-pankki-astui-miinaan-paajohtaja-poistatti-mtkta-suututtaneen-blogikirjoituksen\/#primaryimage"},"thumbnailUrl":"https:\/\/suomenkuvalehti.fi\/mediasekaantuja\/wp-content\/uploads\/sites\/18\/2017\/10\/op-media2-300x100.jpg","datePublished":"2017-10-05T08:15:20+00:00","author":{"@id":"https:\/\/suomenkuvalehti.fi\/mediasekaantuja\/#\/schema\/person\/e5cfc3b0243594a363a937aa1d165533"},"description":"Poistetussa blogitekstiss\u00e4 listattiin syit\u00e4, miksi lihansy\u00f6nti\u00e4 tulisi v\u00e4hent\u00e4\u00e4. P\u00e4\u00e4johtaja Reijo Karhinen pahoitteli asiaa maataloustuottajille.","breadcrumb":{"@id":"https:\/\/suomenkuvalehti.fi\/mediasekaantuja\/mediana-esiintyva-op-pankki-astui-miinaan-paajohtaja-poistatti-mtkta-suututtaneen-blogikirjoituksen\/#breadcrumb"},"inLanguage":"fi","potentialAction":[{"@type":"ReadAction","target":["https:\/\/suomenkuvalehti.fi\/mediasekaantuja\/mediana-esiintyva-op-pankki-astui-miinaan-paajohtaja-poistatti-mtkta-suututtaneen-blogikirjoituksen\/"]}]},{"@type":"ImageObject","inLanguage":"fi","@id":"https:\/\/suomenkuvalehti.fi\/mediasekaantuja\/mediana-esiintyva-op-pankki-astui-miinaan-paajohtaja-poistatti-mtkta-suututtaneen-blogikirjoituksen\/#primaryimage","url":"https:\/\/suomenkuvalehti.fi\/mediasekaantuja\/wp-content\/uploads\/sites\/18\/2017\/10\/op-media2.jpg","contentUrl":"https:\/\/suomenkuvalehti.fi\/mediasekaantuja\/wp-content\/uploads\/sites\/18\/2017\/10\/op-media2.jpg","width":1172,"height":391,"caption":"OP:n p\u00e4\u00e4johtaja Reijo Karhinen poistatti blogikirjoituksen pankin verkkosivuilta."},{"@type":"BreadcrumbList","@id":"https:\/\/suomenkuvalehti.fi\/mediasekaantuja\/mediana-esiintyva-op-pankki-astui-miinaan-paajohtaja-poistatti-mtkta-suututtaneen-blogikirjoituksen\/#breadcrumb","itemListElement":[{"@type":"ListItem","position":1,"name":"Home","item":"https:\/\/suomenkuvalehti.fi\/mediasekaantuja\/"},{"@type":"ListItem","position":2,"name":"Mediana esiintyv\u00e4 OP-pankki astui miinaan &#8211; p\u00e4\u00e4johtaja poistatti MTK:ta suututtaneen blogikirjoituksen"}]},{"@type":"WebSite","@id":"https:\/\/suomenkuvalehti.fi\/mediasekaantuja\/#website","url":"https:\/\/suomenkuvalehti.fi\/mediasekaantuja\/","name":"Mediaansekaantuja","description":"Pasi Kivioja analysoi median ilmi\u00f6it\u00e4.","potentialAction":[{"@type":"SearchAction","target":{"@type":"EntryPoint","urlTemplate":"https:\/\/suomenkuvalehti.fi\/haku\/?q={search_term_string}"},"query-input":{"@type":"PropertyValueSpecification","valueRequired":true,"valueName":"search_term_string"}}],"inLanguage":"fi"},{"@type":"Person","@id":"https:\/\/suomenkuvalehti.fi\/mediasekaantuja\/#\/schema\/person\/e5cfc3b0243594a363a937aa1d165533","name":"Pasi Kivioja","image":{"@type":"ImageObject","inLanguage":"fi","@id":"https:\/\/suomenkuvalehti.fi\/mediasekaantuja\/#\/schema\/person\/image\/","url":"https:\/\/suomenkuvalehti.fi\/mediasekaantuja\/wp-content\/uploads\/sites\/18\/2022\/04\/pasi_kivioja_02-150x150.jpg","contentUrl":"https:\/\/suomenkuvalehti.fi\/mediasekaantuja\/wp-content\/uploads\/sites\/18\/2022\/04\/pasi_kivioja_02-150x150.jpg","caption":"Pasi Kivioja"},"description":"Pasi Kivioja on median murroksesta ja mediataloudesta v\u00e4itellyt YTT, vapaa toimittaja ja viestint\u00e4yritt\u00e4j\u00e4.","sameAs":["https:\/\/x.com\/https:\/\/twitter.com\/PasiKivioja"]}]}},"_links":{"self":[{"href":"https:\/\/suomenkuvalehti.fi\/mediasekaantuja\/wp-json\/wp\/v2\/posts\/1817","targetHints":{"allow":["GET"]}}],"collection":[{"href":"https:\/\/suomenkuvalehti.fi\/mediasekaantuja\/wp-json\/wp\/v2\/posts"}],"about":[{"href":"https:\/\/suomenkuvalehti.fi\/mediasekaantuja\/wp-json\/wp\/v2\/types\/post"}],"author":[{"embeddable":true,"href":"https:\/\/suomenkuvalehti.fi\/mediasekaantuja\/wp-json\/wp\/v2\/users\/148"}],"replies":[{"embeddable":true,"href":"https:\/\/suomenkuvalehti.fi\/mediasekaantuja\/wp-json\/wp\/v2\/comments?post=1817"}],"version-history":[{"count":6,"href":"https:\/\/suomenkuvalehti.fi\/mediasekaantuja\/wp-json\/wp\/v2\/posts\/1817\/revisions"}],"predecessor-version":[{"id":1825,"href":"https:\/\/suomenkuvalehti.fi\/mediasekaantuja\/wp-json\/wp\/v2\/posts\/1817\/revisions\/1825"}],"wp:attachment":[{"href":"https:\/\/suomenkuvalehti.fi\/mediasekaantuja\/wp-json\/wp\/v2\/media?parent=1817"}],"wp:term":[{"taxonomy":"category","embeddable":true,"href":"https:\/\/suomenkuvalehti.fi\/mediasekaantuja\/wp-json\/wp\/v2\/categories?post=1817"},{"taxonomy":"post_tag","embeddable":true,"href":"https:\/\/suomenkuvalehti.fi\/mediasekaantuja\/wp-json\/wp\/v2\/tags?post=1817"}],"curies":[{"name":"wp","href":"https:\/\/api.w.org\/{rel}","templated":true}]}}