{"id":176,"date":"2014-02-12T22:22:46","date_gmt":"2014-02-12T20:22:46","guid":{"rendered":"https:\/\/suomenkuvalehti.fi\/mediasekaantuja\/?p=176"},"modified":"2014-02-20T00:19:40","modified_gmt":"2014-02-19T22:19:40","slug":"tappajat-eivat-kuulu-viihdeohjelmiin","status":"publish","type":"post","link":"https:\/\/suomenkuvalehti.fi\/mediasekaantuja\/tappajat-eivat-kuulu-viihdeohjelmiin\/","title":{"rendered":"Tappajat eiv\u00e4t kuulu viihdeohjelmiin"},"content":{"rendered":"\n<p>Nelosen vastaava kanavatuottaja <strong>Alexandra von Knorring-Rosti<\/strong> on fiksu ihminen. Knorring-Rosti hyllytti <strong>Jari Sarasvuon<\/strong> huomisesta ohjelmasta <strong>Jenna Lepom\u00e4en<\/strong> tapon avustamisesta tuomitun <strong>Joel Lilon<\/strong> haastattelun. En tied\u00e4, mit\u00e4 Sarasvuon <a href=\"http:\/\/www.iltalehti.fi\/uutiset\/2014021118027525_uu.shtml\" target=\"_blank\">p\u00e4\u00e4ss\u00e4 liikkui<\/a>, kun h\u00e4n p\u00e4\u00e4tti t\u00e4llaisen haastattelun tehd\u00e4, mutta se oli huono idea.<\/p>\n\n\n\n<p>Lilo tuomittiin toissa vuonna elinkautiseen vankeuteen nuoren naisen murhasta, mutta hovioikeus lievensi tuomion tapon avunannoksi ja lyhensi rangaistusta kuuteen vuoteen. Lilo istui nuorena henkil\u00f6n\u00e4 tuomiostaan kaksi vuotta ja on jo vapaalla jalalla. Vapautumisen j\u00e4lkeen&nbsp;<a href=\"http:\/\/www.iltasanomat.fi\/kotimaa\/art-1288647056294.html\" target=\"_blank\">lehdet uutisoivat<\/a> Lilon ep\u00e4illyist\u00e4 uhkauksista ja loukkaavista viesteist\u00e4 Lepom\u00e4en muistosivulla Facebookissa.<\/p>\n\n\n\n<p>Vastaava kanavatuottaja Knorring-Rosti perusteli <a href=\"http:\/\/www.iltasanomat.fi\/kotimaa\/art-1288652902132.html\" target=\"_blank\">Ilta-Sanomissa<\/a> hyllytyst\u00e4 surmatun tyt\u00f6n muiston kunnioittamisella ja surevien ihmisten rauhaan j\u00e4tt\u00e4misell\u00e4.<\/p>\n\n\n\n<p>&#8221;Ohjelma vain paranee&#8221;, h\u00e4n totesi hyllytyksen vaikutuksista IS:lle.<\/p>\n\n\n\n<p>On ymm\u00e4rrett\u00e4v\u00e4\u00e4, ett\u00e4 yleis\u00f6ll\u00e4 on tiedontarve julmien ja k\u00e4sitt\u00e4m\u00e4tt\u00f6mien henkirikosten motiiveista, joiden sairaista ajatuksenkuluista vain tekij\u00e4t itse voivat kertoa.&nbsp;Raskaista rikoksista tuomituilla kriminaaleillakin on toki sananvapautensa, jota he voivat toteuttaa sosiaalisessa mediassa tai <em>Alibi<\/em>-lehden haastatteluissa. Tv:n primetimeen ja viihdeohjelmiin tappajien selitykset eiv\u00e4t mielest\u00e4ni kuulu.<\/p>\n\n\n\n<p>Moni muistaa viel\u00e4 sarjamurhaaja <strong>Aino Nykopp-Kosken<\/strong> haastattelun Nelosen <em>Maria!<\/em>-viihdeohjelmassa 2011 ja kaksi lasta Helsingin Myllypurossa surmanneen <strong>Jammu Siltavuoren<\/strong> ainoan tv-haastattelun MTV3:n <em>Kolmas py\u00f6r\u00e4<\/em> -ohjelmassa 1999. J\u00e4lkimm\u00e4inen on yh\u00e4 katsottavissa &#8211; tied\u00e4tte kyll\u00e4 mist\u00e4 &#8211; mutta linkki\u00e4 en t\u00e4h\u00e4n laita. Molemmat tapaukset olivat tv-journalismin pohjanoteerauksia, joten kovin lupaavalta ei olisi n\u00e4ytt\u00e4nyt Sarasvuon Lilo-haastattelunkaan tulevaisuus.<\/p>\n\n\n\n<p>Nykoppin ja Jammu-sed\u00e4n haastatteluille oli yhteist\u00e4 se, ett\u00e4 tappajat p\u00e4\u00e4stettiin kritiikitt\u00e4 \u00e4\u00e4neen v\u00e4h\u00e4ttelem\u00e4\u00e4n ja valkopesem\u00e4\u00e4n tekojaan. Vainajien muistolle ja omaisten surulle ei annettu mit\u00e4\u00e4n arvoa. Myrkkysurmaaja Nykoppia ohjelman juontaja kutsui &#8221;t\u00e4hdeksi&#8221;, yleis\u00f6 naureskeli vastauksille ja antoi viel\u00e4p\u00e4 raikuvat aplodit t\u00e4lle Suomen rikoshistorian rankimmalle sarjamurhaajalle. En ollut uskoa silmi\u00e4ni ja korviani.<\/p>\n\n\n\n<p>Kyll\u00e4h\u00e4n siit\u00e4 sitten uhrin&nbsp;<a href=\"http:\/\/www.iltalehti.fi\/uutiset\/2011092214434176_uu.shtml\" target=\"_blank\">omaiset \u00e4l\u00e4htiv\u00e4tkin<\/a>. Ohjelmassa tuotantoharjoittelijana ty\u00f6skennellyt&nbsp;<strong>Lotta Pelkonen<\/strong>&nbsp;kertoi my\u00f6hemmin&nbsp;<a href=\"http:\/\/www.theseus.fi\/bitstream\/handle\/10024\/61342\/pelkonen_lotta87.pdf?sequence=1\" target=\"_blank\">opinn\u00e4ytety\u00f6ss\u00e4\u00e4n<\/a>, ett\u00e4 juontaja muisti k\u00e4sikirjoitetun juontonsa v\u00e4\u00e4rin ja kutsui siksi Nykopp-Koskea t\u00e4hdeksi. Tarkoitus oli kutsua t\u00e4hdiksi edelt\u00e4vi\u00e4 ohjaaja- ja n\u00e4yttelij\u00e4vieraita.&nbsp;Julkisen sanan neuvosto <a href=\"http:\/\/www.jsn.fi\/paatokset\/4700-tv-11\/?year=2012\" target=\"_blank\">antoi ohjelmalle vapauttavan p\u00e4\u00e4t\u00f6ksen<\/a>, mutta toivoi, ett\u00e4&nbsp;my\u00f6s viihdejournalismissa teht\u00e4isiin selke\u00e4 ero rikosten ja tavanomaisten aiheiden k\u00e4sittelytavan v\u00e4lill\u00e4. Mit\u00e4 vakavammasta asiasta on kyse, sit\u00e4 hienotunteisemmin ja monipuolisemmin sit\u00e4 tulisi k\u00e4sitell\u00e4.<\/p>\n\n\n\n<p>Jammu Siltavuori sai nelj\u00e4 minuuttia tv-aikaa selitt\u00e4\u00e4, miten kaksi 8-vuotiasta tytt\u00f6\u00e4 muka tunki v\u00e4kisin istumaan h\u00e4nen autonsa takapenkille vuonna 1989. Harvinaisen vastenmielinen haastattelu aiheutti kohun, joka <a href=\"http:\/\/www.kauppalehti.fi\/5\/i\/talous\/uutiset\/avoinarkisto\/trindex.jsp?xid=22162&amp;date=1999\/01\/14\" target=\"_blank\">tahrasi MTV3:n imagoa<\/a>.<\/p>\n\n\n\n<p>Rikollisten haastatteluissa on erityisen suuri merkitys v\u00e4lineell\u00e4 ja k\u00e4sittelytavalla. Kuvan lumo on valtava ja siksi televisiossa tekoaan puolusteleva tappaja on paljon kauhistuttavampi ilmestys kuin h\u00e4nen sitaattinsa lehtihaastattelussa. Viihdeohjelma on sopimaton ymp\u00e4rist\u00f6 n\u00e4in aralle aiheelle, mutta sama haastattelu ei v\u00e4ltt\u00e4m\u00e4tt\u00e4 aiheuta kiivaita reaktioita, jos se esitet\u00e4\u00e4n asiaohjelmassa.<\/p>\n\n\n\n<p>N\u00e4in k\u00e4vi Nykopp-Kosken tapauksessa. Yleisradion <em>A-studio<\/em> oli jo kuukausia ennen Nelosen ohjelmaa n\u00e4ytt\u00e4nyt <a href=\"http:\/\/www.yle.fi\/elavaarkisto\/artikkelit\/vanhusten_laakemurhista_tuomittu_hoitaja_puolustautuu_51941.html#media=51956\" target=\"_blank\">h\u00e4nen haastattelunsa<\/a>.<\/p>\n\n\n\n<p>&#8221;Yleisradiossa ei ole tapana haastatella raskaista henkirikoksista tuomittuja. Sarjamurhatapaus on kuitenkin niin poikkeuksellinen ja Nykoppin puheet ovat niin erikoisia, ett\u00e4 <em>A-studio<\/em> halusi saada selville, miten h\u00e4n selvitt\u00e4\u00e4 tapahtumia itselleen&#8221;, ohjelman juontaja perusteli l\u00e4hetysp\u00e4\u00e4t\u00f6st\u00e4.<\/p>\n\n\n\n<p>Ei tullut kohua. Eik\u00e4 kukaan kannellut Julkisen sanan neuvostoon.<\/p>\n\n\n\n<p><em>&gt;&gt; Lis\u00e4ys 13.2.2014 klo 14.36: <a href=\"http:\/\/www.nelonen.fi\/uutiset\/viihde\/1574011-joel-lilon-haastattelu-nahdaan-illalla-sarasvuossa-kello-22-00\" target=\"_blank\">Nelonen muutti mielens\u00e4<\/a> ja esitt\u00e4\u00e4 Joel Lilon haastattelun t\u00e4n\u00e4\u00e4n kello 22.<\/em><\/p>\n\n\n\n<p>&gt;&gt; <em>Lue my\u00f6s jatkokirjoitus 14.2.2014:&nbsp;<\/em><a href=\"https:\/\/suomenkuvalehti.fi\/mediasekaantuja\/katumus-tv-kameran-edessa-muistuttaa-naytelmaa\/?shared=186-c488ddc4-999\" target=\"_blank\"><em>Katumus tv-kameran edess\u00e4 muistuttaa n\u00e4ytelm\u00e4\u00e4<\/em><\/a>.<\/p>\n\n\n\n<p>&nbsp;<\/p>\n\n\n","protected":false},"excerpt":{"rendered":"<p>Nelosen vastaava kanavatuottaja Alexandra von Knorring-Rosti on fiksu ihminen. Knorring-Rosti hyllytti Jari Sarasvuon huomisesta ohjelmasta Jenna Lepom\u00e4en tapon avustamisesta tuomitun Joel Lilon haastattelun. En tied\u00e4, mit\u00e4 Sarasvuon p\u00e4\u00e4ss\u00e4 liikkui, kun h\u00e4n p\u00e4\u00e4tti t\u00e4llaisen<br \/>\nhaastatte&hellip;<\/p>\n","protected":false},"author":148,"featured_media":0,"comment_status":"open","ping_status":"open","sticky":false,"template":"","format":"standard","meta":{"_acf_changed":false,"asauth_required_access_level":3,"asauth_cansharepaid":"true","om_header_attributes":[],"footnotes":"","om_featured_image_focal_point":[],"om_primary_tag":0,"om_contributors":[],"om_co_authors":[],"beyondwords_generate_audio":"","beyondwords_project_id":"","beyondwords_content_id":"","beyondwords_preview_token":"","beyondwords_player_content":"","beyondwords_player_style":"","beyondwords_language_code":"","beyondwords_language_id":"","beyondwords_title_voice_id":"","beyondwords_body_voice_id":"","beyondwords_summary_voice_id":"","beyondwords_error_message":"","beyondwords_disabled":"","beyondwords_delete_content":"","beyondwords_podcast_id":"","beyondwords_hash":"","publish_post_to_speechkit":"","speechkit_hash":"","speechkit_generate_audio":"","speechkit_project_id":"","speechkit_podcast_id":"","speechkit_error_message":"","speechkit_disabled":"","speechkit_access_key":"","speechkit_error":"","speechkit_info":"","speechkit_response":"","speechkit_retries":"","speechkit_status":"","speechkit_updated_at":"","_speechkit_link":"","_speechkit_text":""},"categories":[1],"tags":[145,146,41,142,114,39,143,141,144],"class_list":["post-176","post","type-post","status-publish","format-standard","hentry","category-mediasekaantuja","tag-a-studio","tag-alibi","tag-haastattelu","tag-henkirikokset","tag-julkisen-sanan-neuvosto","tag-mtv3","tag-nelonen","tag-sarasvuo","tag-yleisradio"],"om_views":null,"acf":{"tuuma_off":false,"tuuma_kysymys":"","tuuma_vastaus":""},"asauth":{"required_access_level":1,"share_token":"","is_paid":false},"yoast_head":"<!-- This site is optimized with the Yoast SEO plugin v26.4 - https:\/\/yoast.com\/wordpress\/plugins\/seo\/ -->\n<title>Tappajat eiv\u00e4t kuulu viihdeohjelmiin - Mediaansekaantuja<\/title>\n<meta name=\"description\" content=\"Nelosen kanavatuottaja hyllytti Sarasvuon huomisesta ohjelmasta Jenna Lepom\u00e4en tapon avustamisesta tuomitun Joel Lilon haastattelun. Hyv\u00e4 niin.\" \/>\n<meta name=\"robots\" content=\"index, follow, max-snippet:-1, max-image-preview:large, max-video-preview:-1\" \/>\n<link rel=\"canonical\" href=\"https:\/\/suomenkuvalehti.fi\/mediasekaantuja\/tappajat-eivat-kuulu-viihdeohjelmiin\/\" \/>\n<meta property=\"og:locale\" content=\"fi_FI\" \/>\n<meta property=\"og:type\" content=\"article\" \/>\n<meta property=\"og:title\" content=\"Tappajat eiv\u00e4t kuulu viihdeohjelmiin - Mediaansekaantuja\" \/>\n<meta property=\"og:description\" content=\"Nelosen kanavatuottaja hyllytti Sarasvuon huomisesta ohjelmasta Jenna Lepom\u00e4en tapon avustamisesta tuomitun Joel Lilon haastattelun. Hyv\u00e4 niin.\" \/>\n<meta property=\"og:url\" content=\"https:\/\/suomenkuvalehti.fi\/mediasekaantuja\/tappajat-eivat-kuulu-viihdeohjelmiin\/\" \/>\n<meta property=\"og:site_name\" content=\"Mediaansekaantuja\" \/>\n<meta property=\"article:published_time\" content=\"2014-02-12T20:22:46+00:00\" \/>\n<meta property=\"article:modified_time\" content=\"2014-02-19T22:19:40+00:00\" \/>\n<meta property=\"og:image\" content=\"https:\/\/suomenkuvalehti.fi\/mediasekaantuja\/wp-content\/uploads\/sites\/18\/2022\/04\/pasi_kivioja_02-scaled.jpg\" \/>\n\t<meta property=\"og:image:width\" content=\"2560\" \/>\n\t<meta property=\"og:image:height\" content=\"1707\" \/>\n\t<meta property=\"og:image:type\" content=\"image\/jpeg\" \/>\n<meta name=\"author\" content=\"Pasi Kivioja\" \/>\n<meta name=\"twitter:card\" content=\"summary_large_image\" \/>\n<meta name=\"twitter:creator\" content=\"@https:\/\/twitter.com\/PasiKivioja\" \/>\n<meta name=\"twitter:label1\" content=\"Written by\" \/>\n\t<meta name=\"twitter:data1\" content=\"Pasi Kivioja\" \/>\n\t<meta name=\"twitter:label2\" content=\"Est. reading time\" \/>\n\t<meta name=\"twitter:data2\" content=\"3 minuuttia\" \/>\n<script type=\"application\/ld+json\" class=\"yoast-schema-graph\">{\"@context\":\"https:\/\/schema.org\",\"@graph\":[{\"@type\":\"WebPage\",\"@id\":\"https:\/\/suomenkuvalehti.fi\/mediasekaantuja\/tappajat-eivat-kuulu-viihdeohjelmiin\/\",\"url\":\"https:\/\/suomenkuvalehti.fi\/mediasekaantuja\/tappajat-eivat-kuulu-viihdeohjelmiin\/\",\"name\":\"Tappajat eiv\u00e4t kuulu viihdeohjelmiin - Mediaansekaantuja\",\"isPartOf\":{\"@id\":\"https:\/\/suomenkuvalehti.fi\/mediasekaantuja\/#website\"},\"datePublished\":\"2014-02-12T20:22:46+00:00\",\"dateModified\":\"2014-02-19T22:19:40+00:00\",\"author\":{\"@id\":\"https:\/\/suomenkuvalehti.fi\/mediasekaantuja\/#\/schema\/person\/e5cfc3b0243594a363a937aa1d165533\"},\"description\":\"Nelosen kanavatuottaja hyllytti Sarasvuon huomisesta ohjelmasta Jenna Lepom\u00e4en tapon avustamisesta tuomitun Joel Lilon haastattelun. Hyv\u00e4 niin.\",\"breadcrumb\":{\"@id\":\"https:\/\/suomenkuvalehti.fi\/mediasekaantuja\/tappajat-eivat-kuulu-viihdeohjelmiin\/#breadcrumb\"},\"inLanguage\":\"fi\",\"potentialAction\":[{\"@type\":\"ReadAction\",\"target\":[\"https:\/\/suomenkuvalehti.fi\/mediasekaantuja\/tappajat-eivat-kuulu-viihdeohjelmiin\/\"]}]},{\"@type\":\"BreadcrumbList\",\"@id\":\"https:\/\/suomenkuvalehti.fi\/mediasekaantuja\/tappajat-eivat-kuulu-viihdeohjelmiin\/#breadcrumb\",\"itemListElement\":[{\"@type\":\"ListItem\",\"position\":1,\"name\":\"Home\",\"item\":\"https:\/\/suomenkuvalehti.fi\/mediasekaantuja\/\"},{\"@type\":\"ListItem\",\"position\":2,\"name\":\"Tappajat eiv\u00e4t kuulu viihdeohjelmiin\"}]},{\"@type\":\"WebSite\",\"@id\":\"https:\/\/suomenkuvalehti.fi\/mediasekaantuja\/#website\",\"url\":\"https:\/\/suomenkuvalehti.fi\/mediasekaantuja\/\",\"name\":\"Mediaansekaantuja\",\"description\":\"Pasi Kivioja analysoi median ilmi\u00f6it\u00e4.\",\"potentialAction\":[{\"@type\":\"SearchAction\",\"target\":{\"@type\":\"EntryPoint\",\"urlTemplate\":\"https:\/\/suomenkuvalehti.fi\/haku\/?q={search_term_string}\"},\"query-input\":{\"@type\":\"PropertyValueSpecification\",\"valueRequired\":true,\"valueName\":\"search_term_string\"}}],\"inLanguage\":\"fi\"},{\"@type\":\"Person\",\"@id\":\"https:\/\/suomenkuvalehti.fi\/mediasekaantuja\/#\/schema\/person\/e5cfc3b0243594a363a937aa1d165533\",\"name\":\"Pasi Kivioja\",\"image\":{\"@type\":\"ImageObject\",\"inLanguage\":\"fi\",\"@id\":\"https:\/\/suomenkuvalehti.fi\/mediasekaantuja\/#\/schema\/person\/image\/\",\"url\":\"https:\/\/suomenkuvalehti.fi\/mediasekaantuja\/wp-content\/uploads\/sites\/18\/2022\/04\/pasi_kivioja_02-150x150.jpg\",\"contentUrl\":\"https:\/\/suomenkuvalehti.fi\/mediasekaantuja\/wp-content\/uploads\/sites\/18\/2022\/04\/pasi_kivioja_02-150x150.jpg\",\"caption\":\"Pasi Kivioja\"},\"description\":\"Pasi Kivioja on median murroksesta ja mediataloudesta v\u00e4itellyt YTT, vapaa toimittaja ja viestint\u00e4yritt\u00e4j\u00e4.\",\"sameAs\":[\"https:\/\/x.com\/https:\/\/twitter.com\/PasiKivioja\"]}]}<\/script>\n<!-- \/ Yoast SEO plugin. -->","yoast_head_json":{"title":"Tappajat eiv\u00e4t kuulu viihdeohjelmiin - Mediaansekaantuja","description":"Nelosen kanavatuottaja hyllytti Sarasvuon huomisesta ohjelmasta Jenna Lepom\u00e4en tapon avustamisesta tuomitun Joel Lilon haastattelun. Hyv\u00e4 niin.","robots":{"index":"index","follow":"follow","max-snippet":"max-snippet:-1","max-image-preview":"max-image-preview:large","max-video-preview":"max-video-preview:-1"},"canonical":"https:\/\/suomenkuvalehti.fi\/mediasekaantuja\/tappajat-eivat-kuulu-viihdeohjelmiin\/","og_locale":"fi_FI","og_type":"article","og_title":"Tappajat eiv\u00e4t kuulu viihdeohjelmiin - Mediaansekaantuja","og_description":"Nelosen kanavatuottaja hyllytti Sarasvuon huomisesta ohjelmasta Jenna Lepom\u00e4en tapon avustamisesta tuomitun Joel Lilon haastattelun. Hyv\u00e4 niin.","og_url":"https:\/\/suomenkuvalehti.fi\/mediasekaantuja\/tappajat-eivat-kuulu-viihdeohjelmiin\/","og_site_name":"Mediaansekaantuja","article_published_time":"2014-02-12T20:22:46+00:00","article_modified_time":"2014-02-19T22:19:40+00:00","og_image":[{"width":2560,"height":1707,"url":"https:\/\/suomenkuvalehti.fi\/mediasekaantuja\/wp-content\/uploads\/sites\/18\/2022\/04\/pasi_kivioja_02-scaled.jpg","type":"image\/jpeg"}],"author":"Pasi Kivioja","twitter_card":"summary_large_image","twitter_creator":"@https:\/\/twitter.com\/PasiKivioja","twitter_misc":{"Written by":"Pasi Kivioja","Est. reading time":"3 minuuttia"},"schema":{"@context":"https:\/\/schema.org","@graph":[{"@type":"WebPage","@id":"https:\/\/suomenkuvalehti.fi\/mediasekaantuja\/tappajat-eivat-kuulu-viihdeohjelmiin\/","url":"https:\/\/suomenkuvalehti.fi\/mediasekaantuja\/tappajat-eivat-kuulu-viihdeohjelmiin\/","name":"Tappajat eiv\u00e4t kuulu viihdeohjelmiin - Mediaansekaantuja","isPartOf":{"@id":"https:\/\/suomenkuvalehti.fi\/mediasekaantuja\/#website"},"datePublished":"2014-02-12T20:22:46+00:00","dateModified":"2014-02-19T22:19:40+00:00","author":{"@id":"https:\/\/suomenkuvalehti.fi\/mediasekaantuja\/#\/schema\/person\/e5cfc3b0243594a363a937aa1d165533"},"description":"Nelosen kanavatuottaja hyllytti Sarasvuon huomisesta ohjelmasta Jenna Lepom\u00e4en tapon avustamisesta tuomitun Joel Lilon haastattelun. Hyv\u00e4 niin.","breadcrumb":{"@id":"https:\/\/suomenkuvalehti.fi\/mediasekaantuja\/tappajat-eivat-kuulu-viihdeohjelmiin\/#breadcrumb"},"inLanguage":"fi","potentialAction":[{"@type":"ReadAction","target":["https:\/\/suomenkuvalehti.fi\/mediasekaantuja\/tappajat-eivat-kuulu-viihdeohjelmiin\/"]}]},{"@type":"BreadcrumbList","@id":"https:\/\/suomenkuvalehti.fi\/mediasekaantuja\/tappajat-eivat-kuulu-viihdeohjelmiin\/#breadcrumb","itemListElement":[{"@type":"ListItem","position":1,"name":"Home","item":"https:\/\/suomenkuvalehti.fi\/mediasekaantuja\/"},{"@type":"ListItem","position":2,"name":"Tappajat eiv\u00e4t kuulu viihdeohjelmiin"}]},{"@type":"WebSite","@id":"https:\/\/suomenkuvalehti.fi\/mediasekaantuja\/#website","url":"https:\/\/suomenkuvalehti.fi\/mediasekaantuja\/","name":"Mediaansekaantuja","description":"Pasi Kivioja analysoi median ilmi\u00f6it\u00e4.","potentialAction":[{"@type":"SearchAction","target":{"@type":"EntryPoint","urlTemplate":"https:\/\/suomenkuvalehti.fi\/haku\/?q={search_term_string}"},"query-input":{"@type":"PropertyValueSpecification","valueRequired":true,"valueName":"search_term_string"}}],"inLanguage":"fi"},{"@type":"Person","@id":"https:\/\/suomenkuvalehti.fi\/mediasekaantuja\/#\/schema\/person\/e5cfc3b0243594a363a937aa1d165533","name":"Pasi Kivioja","image":{"@type":"ImageObject","inLanguage":"fi","@id":"https:\/\/suomenkuvalehti.fi\/mediasekaantuja\/#\/schema\/person\/image\/","url":"https:\/\/suomenkuvalehti.fi\/mediasekaantuja\/wp-content\/uploads\/sites\/18\/2022\/04\/pasi_kivioja_02-150x150.jpg","contentUrl":"https:\/\/suomenkuvalehti.fi\/mediasekaantuja\/wp-content\/uploads\/sites\/18\/2022\/04\/pasi_kivioja_02-150x150.jpg","caption":"Pasi Kivioja"},"description":"Pasi Kivioja on median murroksesta ja mediataloudesta v\u00e4itellyt YTT, vapaa toimittaja ja viestint\u00e4yritt\u00e4j\u00e4.","sameAs":["https:\/\/x.com\/https:\/\/twitter.com\/PasiKivioja"]}]}},"_links":{"self":[{"href":"https:\/\/suomenkuvalehti.fi\/mediasekaantuja\/wp-json\/wp\/v2\/posts\/176","targetHints":{"allow":["GET"]}}],"collection":[{"href":"https:\/\/suomenkuvalehti.fi\/mediasekaantuja\/wp-json\/wp\/v2\/posts"}],"about":[{"href":"https:\/\/suomenkuvalehti.fi\/mediasekaantuja\/wp-json\/wp\/v2\/types\/post"}],"author":[{"embeddable":true,"href":"https:\/\/suomenkuvalehti.fi\/mediasekaantuja\/wp-json\/wp\/v2\/users\/148"}],"replies":[{"embeddable":true,"href":"https:\/\/suomenkuvalehti.fi\/mediasekaantuja\/wp-json\/wp\/v2\/comments?post=176"}],"version-history":[{"count":9,"href":"https:\/\/suomenkuvalehti.fi\/mediasekaantuja\/wp-json\/wp\/v2\/posts\/176\/revisions"}],"predecessor-version":[{"id":199,"href":"https:\/\/suomenkuvalehti.fi\/mediasekaantuja\/wp-json\/wp\/v2\/posts\/176\/revisions\/199"}],"wp:attachment":[{"href":"https:\/\/suomenkuvalehti.fi\/mediasekaantuja\/wp-json\/wp\/v2\/media?parent=176"}],"wp:term":[{"taxonomy":"category","embeddable":true,"href":"https:\/\/suomenkuvalehti.fi\/mediasekaantuja\/wp-json\/wp\/v2\/categories?post=176"},{"taxonomy":"post_tag","embeddable":true,"href":"https:\/\/suomenkuvalehti.fi\/mediasekaantuja\/wp-json\/wp\/v2\/tags?post=176"}],"curies":[{"name":"wp","href":"https:\/\/api.w.org\/{rel}","templated":true}]}}