{"id":1741,"date":"2017-08-30T19:55:13","date_gmt":"2017-08-30T16:55:13","guid":{"rendered":"https:\/\/suomenkuvalehti.fi\/mediasekaantuja\/?p=1741"},"modified":"2017-08-30T22:45:30","modified_gmt":"2017-08-30T19:45:30","slug":"toimittajat-ja-haastateltavat-antoivat-pelolle-vallan-tsn-ja-iln-ratkaisut-ihmetyttavat","status":"publish","type":"post","link":"https:\/\/suomenkuvalehti.fi\/mediasekaantuja\/toimittajat-ja-haastateltavat-antoivat-pelolle-vallan-tsn-ja-iln-ratkaisut-ihmetyttavat\/","title":{"rendered":"Toimittajat ja haastateltavat antoivat pelolle vallan &#8211; TS:n ja IL:n ratkaisut ihmetytt\u00e4v\u00e4t"},"content":{"rendered":"\n<p>Kaksi terrorismiin liittyv\u00e4\u00e4 lehtijuttua on her\u00e4tt\u00e4nyt viime p\u00e4ivin\u00e4 yleist\u00e4 kummastelua, ja kun j\u00e4rkevi\u00e4 selityksi\u00e4 ei ole saatu, jatkan \u00e4llistely\u00e4 t\u00e4\u00e4ll\u00e4 blogissa.<\/p>\n\n\n\n<p><em>Turun Sanomat<\/em> <a href=\"http:\/\/www.ts.fi\/uutiset\/paikalliset\/3631304\/Suoraa+puhetta+terrorismista+Tutkija+palauttaisi+Marokkoon\" target=\"_blank\" rel=\"noopener noreferrer\">haastatteli<\/a> &#8221;maahanmuuttoon ja kotoutumiseen vuosikymmeni\u00e4 perehtynytt\u00e4 tutkijaa&#8221;, joka oli huolissaan Marokosta turvapaikanhakijoiksi tulevista nuorukaisista. Uutinen oli otsikoitu: &#8221;Suoraa puhetta terrorismista &#8211; tutkija palauttaisi Marokkoon&#8221;. K\u00e4rkev\u00e4sti kantaa ottanut tohtori ei kuitenkaan esiintynyt uutisessa omalla nimell\u00e4\u00e4n. Lehti perusteli anonyymiytt\u00e4 asian herkkyydell\u00e4, jonka vuoksi tutkija halusi salata sek\u00e4 henkil\u00f6llisyytens\u00e4 ett\u00e4 kansallisuutensa.<\/p>\n\n\n\n<p>Jostain syyst\u00e4 my\u00f6s uutisen kirjoittajan henkil\u00f6llisyys salattiin ja esitettiin muodossa &#8221;Ty\u00f6ryhm\u00e4&#8221;. T\u00e4t\u00e4 ei perusteltu lukijoille uutisessa mitenk\u00e4\u00e4n. Ty\u00f6ryhm\u00e4t kirjoittavat lehtiin yleens\u00e4 silloin, kun kirjoittavaan toimittajaan tai toimittajiin kohdistuu ulkoap\u00e4in potentiaalinen, fyysinen uhka. Tyypillinen tilanne on moottoripy\u00f6r\u00e4jengien rikoksista kirjoittaminen.<\/p>\n\n\n\n<p>Toisessa jutussa, <em>Iltalehden<\/em> toimittajan <strong>Mika Koskisen<\/strong>&nbsp;<a href=\"http:\/\/www.iltalehti.fi\/kotimaa\/201708272200352311_u0.shtml\" target=\"_blank\" rel=\"noopener noreferrer\">kirjoituksessa<\/a>, kerrottiin maasta poistamiseen liittyvien asioiden parissa ty\u00f6skentelev\u00e4n poliisin haastattelusta. T\u00e4m\u00e4kin haastateltava tykitti &#8221;suoraa puhetta&#8221; anonymiteetin suojissa. Kerrontatapaan tuli erikoinen kierre, sill\u00e4 uutinen oli otsikoitu&nbsp;n\u00e4k\u00f6kulmakirjoitukseksi.&nbsp;N\u00e4k\u00f6kulmakirjoitus tarkoittaa toimittajan mielipidekirjoitusta eli kolumnia.<\/p>\n\n\n\n<p>Alun perin Koskinen oli sopinut poliisijohdon kanssa haastattelusta, joka kuitenkin vesittyi, kun haastateltu poliisi ryhtyi tarkistusvaiheessa vet\u00e4m\u00e4\u00e4n sanojaan takaisin.<\/p>\n\n\n\n<blockquote class=\"wp-block-quote\">\n<p>&#8221;Nyt varmaan ihmettelette, miksi kyseinen poliisi ei esiinny t\u00e4ss\u00e4 jutussa nimell\u00e4\u00e4n. Kun Iltalehti l\u00e4hetti jutun tarkistettavaksi, haastateltu poliisi halusi vet\u00e4\u00e4 valtaosan sanomisistaan takaisin tai silotella sanomisiaan. H\u00e4n perusteli asiaa mm. sill\u00e4, ettei halua syyllist\u00e4\u00e4 eik\u00e4 leimata. Tilalle h\u00e4n tarjosi virkakielell\u00e4 kirjoitettua teksti\u00e4. Sit\u00e4 ei t\u00e4ss\u00e4 kannata toistaa. Koska juttu olisi mennyt aivan uusiin puihin, sit\u00e4 ei haluttu julkaista&#8221;, Koskinen perusteli lukijoilleen.<\/p>\n<\/blockquote>\n\n\n\n<p>Iltalehti kuitenkin p\u00e4\u00e4tti, ett\u00e4 poliisin kertomat esimerkit viranomaisista ja kirkosta vaikeuttamassa poliisin toimintaa olivat sen verran merkitt\u00e4v\u00e4 uutinen, ett\u00e4 asia piti saada kansalaisten tietoon.&nbsp;<\/p>\n\n\n\n<blockquote class=\"wp-block-quote\">\n<p>&#8221;Veronmaksajathan koko lystin kustantavat. He maksavat my\u00f6s poliisien palkat. Siksi p\u00e4\u00e4timme, ett\u00e4 julkaisemme jutun n\u00e4k\u00f6kulmaformaatilla paljastamatta l\u00e4hdett\u00e4&#8221;, Koskinen kirjoitti.<\/p>\n<\/blockquote>\n\n\n\n<p>Haastateltavan pel\u00e4styminen omista kommenteistaan on hyvin yleinen reaktio, ja siksi moni haluaisi kirjoittaa toimittajan tekem\u00e4n jutun uusiksi tai joskus jopa perua haastattelun j\u00e4lkik\u00e4teen kokonaan. Normaali k\u00e4yt\u00e4nt\u00f6 on, ett\u00e4 haastateltava voi korjata selke\u00e4t faktavirheet, mutta sanojen silottelu ei onnistu eik\u00e4 haastattelua voi peruakaan kuin ihan poikkeustapauksissa erityisen hyvin syin.<\/p>\n\n\n\n<p>Iltalehti p\u00e4\u00e4tyi t\u00e4h\u00e4n kummalliseen ratkaisuun, enk\u00e4 totta puhuen ihan ymm\u00e4rr\u00e4, miksi. Oliko kyseess\u00e4 niin merkitt\u00e4v\u00e4ss\u00e4 avainasemassa oleva virkamies, ettei h\u00e4nt\u00e4 haluttu suututtaa? Vai oliko tilanne jotenkin muuttunut haastattelun antamisen j\u00e4lkeen, jolloin oli perusteltua taipua journalistisesti huonolta n\u00e4ytt\u00e4v\u00e4\u00e4n&nbsp;kompromissiin?<\/p>\n\n\n\n<p>&nbsp;<\/p>\n\n\n\n<p>Turun Sanomien ja Iltalehden juttuja yhdist\u00e4\u00e4 paitsi terrorismiteema, my\u00f6s &#8221;suora puhe&#8221; anonymiteetin suojista. Molemmissa nimett\u00f6m\u00e4t haastateltavat esitt\u00e4v\u00e4t kovia v\u00e4itteit\u00e4 ja mielipiteit\u00e4.<\/p>\n\n\n\n<p>Turun Sanomissa tutkija muun muassa korostaa, &#8221;ettei halua leimata kaikkia marokkolaisia, mutta osa kansallisesta perinteest\u00e4 altistaa riskeille&#8221;. H\u00e4nest\u00e4 imaamina toimimisesta tulisi tehd\u00e4 Suomessa luvanvaraista, ja h\u00e4nen mielest\u00e4\u00e4n Turun puukkoiskun tehneen miehen saama kielteinen turvapaikkap\u00e4\u00e4t\u00f6s oli oikea.<\/p>\n\n\n\n<p>Suoraa puhetta todellakin, mutta mink\u00e4laiseen asiantuntemukseen se perustuu vai onko kyse mielipiteest\u00e4? Jos tutkija puhuu omasta tutkimusalastaan, on nimett\u00f6myys v\u00e4hint\u00e4\u00e4nkin kummallista ja sy\u00f6 paitsi h\u00e4nen omaansa my\u00f6s lehden uskottavuutta.<\/p>\n\n\n\n<p>Turun Sanomien p\u00e4\u00e4toimittaja <strong>Riitta Monto<\/strong> <a href=\"https:\/\/twitter.com\/RiittaMonto\/status\/902381664952864768\" target=\"_blank\" rel=\"noopener noreferrer\">vastasi palautteisiin<\/a> Twitteriss\u00e4 ja totesi ratkaisun haastateltavan nimett\u00f6myydest\u00e4 olleen poikkeuksellinen. Siihen p\u00e4\u00e4dyttiin h\u00e4nen mukaansa haastateltavan suojaamiseksi.<\/p>\n\n\n\n<p>Monton mukaan my\u00f6s ty\u00f6ryhm\u00e4n nimett\u00f6myys liittyi haastateltavan suojaamiseen. Toimittaja <strong>Aurora R\u00e4m\u00f6<\/strong> <a href=\"https:\/\/twitter.com\/AAARamo\/status\/902407984583761921\" target=\"_blank\" rel=\"noopener noreferrer\">ihmettelikin<\/a>, miten haastateltava vaarantuisi siit\u00e4, jos toimittajan nimi kerrottaisiin. Hyv\u00e4 kysymys, johon ei saatu vastausta. Kenties vastaaminen vaarantaisi haastateltavan.<\/p>\n\n\n\n<p>&nbsp;<\/p>\n\n\n\n<p>Iltalehden on\/off-haastateltava puolestaan esitt\u00e4\u00e4 kovia v\u00e4itteit\u00e4 siit\u00e4, miten sosiaaliviranomaiset vaikeuttavat poliisin ty\u00f6t\u00e4. H\u00e4nen mukaansa &#8221;er\u00e4\u00e4ss\u00e4kin tapauksessa laittomasti maassa olevalle oli kuulemma maksettu asunto yhteiskunnan varoista parin vuoden ajan&#8221;. Paino sanalla <em>kuulemma<\/em> &#8211; liek\u00f6 n\u00e4it\u00e4 urbaanilegendoja, jotka kansan suussa kiert\u00e4v\u00e4t?<\/p>\n\n\n\n<p>Sit\u00e4 ei voi tuon tekstin perusteella tiet\u00e4\u00e4, eik\u00e4 voi kysy\u00e4 tarkennuksia, kun ei tied\u00e4, kenelt\u00e4 kysyisi.<\/p>\n\n\n\n<p>Poliisihaastateltava esitti kirjoituksessa kritiikki\u00e4 sosiaaliviranomaisten lis\u00e4ksi muun muassa kirkkoa ja erilaisia j\u00e4rjest\u00f6j\u00e4 kohtaan, joiden h\u00e4n sanoi piilottelevan maasta poistettavia henkil\u00f6it\u00e4.<\/p>\n\n\n\n<p>Olen samaa mielt\u00e4 Iltalehden kanssa siit\u00e4, ett\u00e4 jos korkeasta poliisijohdosta esitet\u00e4\u00e4n n\u00e4in painavia syyt\u00f6ksi\u00e4 poliisin toiminnan hankaloittamisesta, onhan ne tuotava julki.&nbsp;Mutta my\u00f6s n\u00e4k\u00f6kulmakirjoituksessa&nbsp;esitettyjen faktojen on pidett\u00e4v\u00e4 paikkansa aivan kuten uutisessakin. Ja jos esitet\u00e4\u00e4n voimakasta kritiikki\u00e4, olisi hyv\u00e4 kuulla my\u00f6s kritiikin kohdetta.<\/p>\n\n\n\n<p>Kysyin Iltalehdelt\u00e4, oliko poliisin v\u00e4itteiden todenpit\u00e4vyytt\u00e4&nbsp;tarkistettu tai kritiikin kohteilta kysytty kommenttia. Lis\u00e4ksi pyysin viel\u00e4 selvent\u00e4m\u00e4\u00e4n perusteita, joilla Iltalehti suostui olemaan julkaisematta poliisin alkuper\u00e4ist\u00e4 haastattelua. Lehdell\u00e4h\u00e4n olisi ollut oikeus julkaista haastattelussa annetut alkuper\u00e4iset kommentit normaalina uutisena ilman mit\u00e4\u00e4n n\u00e4k\u00f6kulmavirityksi\u00e4 ja nimensuojaa. Halusin tiet\u00e4\u00e4, miksi virkansa puolesta kommentoivalle poliisihaastateltavalle suotiin anonyymiys.<\/p>\n\n\n\n<p>P\u00e4\u00e4toimittajan vastaus ja perustelut olivat lyhyk\u00e4isyydess\u00e4\u00e4n seuraavat:<\/p>\n\n\n\n<blockquote class=\"wp-block-quote\">\n<p>&#8221;K\u00e4vimme tosiaan keskustelun poikkeuksellisesta ratkaisusta etuk\u00e4teen. T\u00e4rkeint\u00e4 oli saada eritt\u00e4in ajankohtainen asia julkisuuteen. Siksi toimimme n\u00e4in&#8221;, Iltalehden p\u00e4\u00e4toimittaja <strong>Petri Hakala<\/strong> vastasi viestiini ja toivotti ty\u00f6n iloa.<\/p>\n<\/blockquote>\n\n\n\n<p>&nbsp;<\/p>\n\n\n\n<p>Kiitos &#8211; ty\u00f6n iloa ja hyv\u00e4\u00e4 p\u00e4iv\u00e4\u00e4 kirvesvartta sinne Iltalehteenkin!<\/p>\n\n\n\n<p>Siisp\u00e4 lopuksi hieman suoraa puhetta mediasta.<\/p>\n\n\n\n<p>Nimett\u00f6myys on siit\u00e4 n\u00e4pp\u00e4r\u00e4 keino, ett\u00e4 sen turvin tuodaan mediassa esiin yhteiskunnallisia ep\u00e4kohtia, jos pel\u00e4t\u00e4\u00e4n esimerkiksi oman organisaation reaktioita tai potkujen saamista. Silloin anonymiteetti voi olla&nbsp;perusteltua.<\/p>\n\n\n\n<p>Kun sananvapauttaan k\u00e4ytt\u00e4v\u00e4t tutkijat pelk\u00e4\u00e4v\u00e4t joutuvansa viha- ja lokakampanjoiden kohteeksi, se on yhteiskunnallinen ongelma. Yliopistossa verorahoista palkkansa saavan tutkijan anonymiteetti mediahaastattelussa ei yksinkertaisesti toimi. Valitettavasti tied\u00e4n p\u00e4tevi\u00e4 tutkijoita, jotka eiv\u00e4t t\u00e4st\u00e4 syyst\u00e4 anna t\u00e4st\u00e4 nimenomaisesta aihepiirist\u00e4 medialausuntoja ollenkaan. Aika huonosti anonyymiys sopii poliisinkaan toimintaan t\u00e4llaisissa kysymyksiss\u00e4.<\/p>\n\n\n\n<p>Yhteiskunnallinen keskustelu menee surrealistiseksi, jos sek\u00e4 haastateltavat ett\u00e4 haastattelijat&nbsp;alkavat tuoda ep\u00e4kohtia esiin nimett\u00f6min\u00e4. Se ei ole uskottavaa, eik\u00e4 se rakenna&nbsp;luottamusta itse\u00e4\u00e4n laadukkaana pit\u00e4v\u00e4n median toimintaa kohtaan. Yleis\u00f6 ei voi varmistua tietojen paikkansapit\u00e4vyydest\u00e4 eik\u00e4 voi arvioida henkil\u00f6iden tiet\u00e4myksen tasoa tai tarkoitusperi\u00e4. Meilt\u00e4 katoaa taju siit\u00e4, millaiset toimijat vaikuttavat yhteiskunnalliseen keskusteluun.<\/p>\n\n\n\n<p>Jos anonymiteetti\u00e4 k\u00e4ytet\u00e4\u00e4n vastustajien tai ei-toivottujen henkil\u00f6iden panetteluun, se on halpamaista. Jos anonymiteetti suodaan kevyin perustein&nbsp;kenelle tahansa, joka sit\u00e4 hoksaa pyyt\u00e4\u00e4, on median syyt\u00e4 ryhdist\u00e4yty\u00e4 ja tarkistaa k\u00e4yt\u00e4nt\u00f6j\u00e4\u00e4n.<\/p>\n\n\n\n<p>Ja hei &#8211; jos sopii, esiintyisin t\u00e4ll\u00e4 kertaa nimimerkill\u00e4 &#8221;Kari Haakana&#8221;.<\/p>\n\n\n","protected":false},"excerpt":{"rendered":"<p>Kaksi terrorismiin liittyv\u00e4\u00e4 lehtijuttua on her\u00e4tt\u00e4nyt viime p\u00e4ivin\u00e4 yleist\u00e4 kummastelua, ja kun j\u00e4rkevi\u00e4 selityksi\u00e4 ei ole saatu, jatkan \u00e4llistely\u00e4 t\u00e4\u00e4ll\u00e4 blogissa. Turun Sanomat haastatteli &#8221;maahanmuuttoon ja<br \/>\nkotoutumiseen &hellip;<\/p>\n","protected":false},"author":148,"featured_media":0,"comment_status":"open","ping_status":"closed","sticky":false,"template":"","format":"standard","meta":{"_acf_changed":false,"asauth_required_access_level":3,"asauth_cansharepaid":"true","om_header_attributes":[],"footnotes":"","om_featured_image_focal_point":[],"om_primary_tag":0,"om_contributors":[],"om_co_authors":[],"beyondwords_generate_audio":"","beyondwords_project_id":"","beyondwords_content_id":"","beyondwords_preview_token":"","beyondwords_player_content":"","beyondwords_player_style":"","beyondwords_language_code":"","beyondwords_language_id":"","beyondwords_title_voice_id":"","beyondwords_body_voice_id":"","beyondwords_summary_voice_id":"","beyondwords_error_message":"","beyondwords_disabled":"","beyondwords_delete_content":"","beyondwords_podcast_id":"","beyondwords_hash":"","publish_post_to_speechkit":"","speechkit_hash":"","speechkit_generate_audio":"","speechkit_project_id":"","speechkit_podcast_id":"","speechkit_error_message":"","speechkit_disabled":"","speechkit_access_key":"","speechkit_error":"","speechkit_info":"","speechkit_response":"","speechkit_retries":"","speechkit_status":"","speechkit_updated_at":"","_speechkit_link":"","_speechkit_text":""},"categories":[1],"tags":[1512,1141,41,105,1344,1507,1510,1508,1509,760,406,1511,1177,104,1506],"class_list":["post-1741","post","type-post","status-publish","format-standard","hentry","category-mediasekaantuja","tag-anonymiteetti","tag-haastateltavan-oikeudet","tag-haastattelu","tag-iltalehti","tag-kolumni","tag-marokko","tag-mielipidekirjoitus","tag-mika-koskinen","tag-nakokulma","tag-petri-hakala","tag-poliisi","tag-riitta-monto","tag-terrorismi","tag-turun-sanomat","tag-turvapaikanhakijat"],"om_views":null,"acf":{"tuuma_off":false,"tuuma_kysymys":"","tuuma_vastaus":""},"asauth":{"required_access_level":1,"share_token":"","is_paid":false},"yoast_head":"<!-- This site is optimized with the Yoast SEO plugin v26.4 - https:\/\/yoast.com\/wordpress\/plugins\/seo\/ -->\n<title>Toimittajat ja haastateltavat antoivat pelolle vallan - TS:n ja IL:n ratkaisut ihmetytt\u00e4v\u00e4t - Mediaansekaantuja<\/title>\n<meta name=\"description\" content=\"Turun Sanomien nimet\u00f6n ty\u00f6ryhm\u00e4 haastatteli nimet\u00f6nt\u00e4 tutkijaa. Iltalehti... no, lukekaa tuolta.\" \/>\n<meta name=\"robots\" content=\"index, follow, max-snippet:-1, max-image-preview:large, max-video-preview:-1\" \/>\n<link rel=\"canonical\" href=\"https:\/\/suomenkuvalehti.fi\/mediasekaantuja\/toimittajat-ja-haastateltavat-antoivat-pelolle-vallan-tsn-ja-iln-ratkaisut-ihmetyttavat\/\" \/>\n<meta property=\"og:locale\" content=\"fi_FI\" \/>\n<meta property=\"og:type\" content=\"article\" \/>\n<meta property=\"og:title\" content=\"Toimittajat ja haastateltavat antoivat pelolle vallan - TS:n ja IL:n ratkaisut ihmetytt\u00e4v\u00e4t - Mediaansekaantuja\" \/>\n<meta property=\"og:description\" content=\"Turun Sanomien nimet\u00f6n ty\u00f6ryhm\u00e4 haastatteli nimet\u00f6nt\u00e4 tutkijaa. Iltalehti... no, lukekaa tuolta.\" \/>\n<meta property=\"og:url\" content=\"https:\/\/suomenkuvalehti.fi\/mediasekaantuja\/toimittajat-ja-haastateltavat-antoivat-pelolle-vallan-tsn-ja-iln-ratkaisut-ihmetyttavat\/\" \/>\n<meta property=\"og:site_name\" content=\"Mediaansekaantuja\" \/>\n<meta property=\"article:published_time\" content=\"2017-08-30T16:55:13+00:00\" \/>\n<meta property=\"article:modified_time\" content=\"2017-08-30T19:45:30+00:00\" \/>\n<meta property=\"og:image\" content=\"https:\/\/suomenkuvalehti.fi\/mediasekaantuja\/wp-content\/uploads\/sites\/18\/2022\/04\/pasi_kivioja_02-scaled.jpg\" \/>\n\t<meta property=\"og:image:width\" content=\"2560\" \/>\n\t<meta property=\"og:image:height\" content=\"1707\" \/>\n\t<meta property=\"og:image:type\" content=\"image\/jpeg\" \/>\n<meta name=\"author\" content=\"Pasi Kivioja\" \/>\n<meta name=\"twitter:card\" content=\"summary_large_image\" \/>\n<meta name=\"twitter:creator\" content=\"@https:\/\/twitter.com\/PasiKivioja\" \/>\n<meta name=\"twitter:label1\" content=\"Written by\" \/>\n\t<meta name=\"twitter:data1\" content=\"Pasi Kivioja\" \/>\n\t<meta name=\"twitter:label2\" content=\"Est. reading time\" \/>\n\t<meta name=\"twitter:data2\" content=\"5 minuuttia\" \/>\n<script type=\"application\/ld+json\" class=\"yoast-schema-graph\">{\"@context\":\"https:\/\/schema.org\",\"@graph\":[{\"@type\":\"WebPage\",\"@id\":\"https:\/\/suomenkuvalehti.fi\/mediasekaantuja\/toimittajat-ja-haastateltavat-antoivat-pelolle-vallan-tsn-ja-iln-ratkaisut-ihmetyttavat\/\",\"url\":\"https:\/\/suomenkuvalehti.fi\/mediasekaantuja\/toimittajat-ja-haastateltavat-antoivat-pelolle-vallan-tsn-ja-iln-ratkaisut-ihmetyttavat\/\",\"name\":\"Toimittajat ja haastateltavat antoivat pelolle vallan - TS:n ja IL:n ratkaisut ihmetytt\u00e4v\u00e4t - Mediaansekaantuja\",\"isPartOf\":{\"@id\":\"https:\/\/suomenkuvalehti.fi\/mediasekaantuja\/#website\"},\"datePublished\":\"2017-08-30T16:55:13+00:00\",\"dateModified\":\"2017-08-30T19:45:30+00:00\",\"author\":{\"@id\":\"https:\/\/suomenkuvalehti.fi\/mediasekaantuja\/#\/schema\/person\/e5cfc3b0243594a363a937aa1d165533\"},\"description\":\"Turun Sanomien nimet\u00f6n ty\u00f6ryhm\u00e4 haastatteli nimet\u00f6nt\u00e4 tutkijaa. Iltalehti... no, lukekaa tuolta.\",\"breadcrumb\":{\"@id\":\"https:\/\/suomenkuvalehti.fi\/mediasekaantuja\/toimittajat-ja-haastateltavat-antoivat-pelolle-vallan-tsn-ja-iln-ratkaisut-ihmetyttavat\/#breadcrumb\"},\"inLanguage\":\"fi\",\"potentialAction\":[{\"@type\":\"ReadAction\",\"target\":[\"https:\/\/suomenkuvalehti.fi\/mediasekaantuja\/toimittajat-ja-haastateltavat-antoivat-pelolle-vallan-tsn-ja-iln-ratkaisut-ihmetyttavat\/\"]}]},{\"@type\":\"BreadcrumbList\",\"@id\":\"https:\/\/suomenkuvalehti.fi\/mediasekaantuja\/toimittajat-ja-haastateltavat-antoivat-pelolle-vallan-tsn-ja-iln-ratkaisut-ihmetyttavat\/#breadcrumb\",\"itemListElement\":[{\"@type\":\"ListItem\",\"position\":1,\"name\":\"Home\",\"item\":\"https:\/\/suomenkuvalehti.fi\/mediasekaantuja\/\"},{\"@type\":\"ListItem\",\"position\":2,\"name\":\"Toimittajat ja haastateltavat antoivat pelolle vallan &#8211; TS:n ja IL:n ratkaisut ihmetytt\u00e4v\u00e4t\"}]},{\"@type\":\"WebSite\",\"@id\":\"https:\/\/suomenkuvalehti.fi\/mediasekaantuja\/#website\",\"url\":\"https:\/\/suomenkuvalehti.fi\/mediasekaantuja\/\",\"name\":\"Mediaansekaantuja\",\"description\":\"Pasi Kivioja analysoi median ilmi\u00f6it\u00e4.\",\"potentialAction\":[{\"@type\":\"SearchAction\",\"target\":{\"@type\":\"EntryPoint\",\"urlTemplate\":\"https:\/\/suomenkuvalehti.fi\/haku\/?q={search_term_string}\"},\"query-input\":{\"@type\":\"PropertyValueSpecification\",\"valueRequired\":true,\"valueName\":\"search_term_string\"}}],\"inLanguage\":\"fi\"},{\"@type\":\"Person\",\"@id\":\"https:\/\/suomenkuvalehti.fi\/mediasekaantuja\/#\/schema\/person\/e5cfc3b0243594a363a937aa1d165533\",\"name\":\"Pasi Kivioja\",\"image\":{\"@type\":\"ImageObject\",\"inLanguage\":\"fi\",\"@id\":\"https:\/\/suomenkuvalehti.fi\/mediasekaantuja\/#\/schema\/person\/image\/\",\"url\":\"https:\/\/suomenkuvalehti.fi\/mediasekaantuja\/wp-content\/uploads\/sites\/18\/2022\/04\/pasi_kivioja_02-150x150.jpg\",\"contentUrl\":\"https:\/\/suomenkuvalehti.fi\/mediasekaantuja\/wp-content\/uploads\/sites\/18\/2022\/04\/pasi_kivioja_02-150x150.jpg\",\"caption\":\"Pasi Kivioja\"},\"description\":\"Pasi Kivioja on median murroksesta ja mediataloudesta v\u00e4itellyt YTT, vapaa toimittaja ja viestint\u00e4yritt\u00e4j\u00e4.\",\"sameAs\":[\"https:\/\/x.com\/https:\/\/twitter.com\/PasiKivioja\"]}]}<\/script>\n<!-- \/ Yoast SEO plugin. -->","yoast_head_json":{"title":"Toimittajat ja haastateltavat antoivat pelolle vallan - TS:n ja IL:n ratkaisut ihmetytt\u00e4v\u00e4t - Mediaansekaantuja","description":"Turun Sanomien nimet\u00f6n ty\u00f6ryhm\u00e4 haastatteli nimet\u00f6nt\u00e4 tutkijaa. Iltalehti... no, lukekaa tuolta.","robots":{"index":"index","follow":"follow","max-snippet":"max-snippet:-1","max-image-preview":"max-image-preview:large","max-video-preview":"max-video-preview:-1"},"canonical":"https:\/\/suomenkuvalehti.fi\/mediasekaantuja\/toimittajat-ja-haastateltavat-antoivat-pelolle-vallan-tsn-ja-iln-ratkaisut-ihmetyttavat\/","og_locale":"fi_FI","og_type":"article","og_title":"Toimittajat ja haastateltavat antoivat pelolle vallan - TS:n ja IL:n ratkaisut ihmetytt\u00e4v\u00e4t - Mediaansekaantuja","og_description":"Turun Sanomien nimet\u00f6n ty\u00f6ryhm\u00e4 haastatteli nimet\u00f6nt\u00e4 tutkijaa. Iltalehti... no, lukekaa tuolta.","og_url":"https:\/\/suomenkuvalehti.fi\/mediasekaantuja\/toimittajat-ja-haastateltavat-antoivat-pelolle-vallan-tsn-ja-iln-ratkaisut-ihmetyttavat\/","og_site_name":"Mediaansekaantuja","article_published_time":"2017-08-30T16:55:13+00:00","article_modified_time":"2017-08-30T19:45:30+00:00","og_image":[{"width":2560,"height":1707,"url":"https:\/\/suomenkuvalehti.fi\/mediasekaantuja\/wp-content\/uploads\/sites\/18\/2022\/04\/pasi_kivioja_02-scaled.jpg","type":"image\/jpeg"}],"author":"Pasi Kivioja","twitter_card":"summary_large_image","twitter_creator":"@https:\/\/twitter.com\/PasiKivioja","twitter_misc":{"Written by":"Pasi Kivioja","Est. reading time":"5 minuuttia"},"schema":{"@context":"https:\/\/schema.org","@graph":[{"@type":"WebPage","@id":"https:\/\/suomenkuvalehti.fi\/mediasekaantuja\/toimittajat-ja-haastateltavat-antoivat-pelolle-vallan-tsn-ja-iln-ratkaisut-ihmetyttavat\/","url":"https:\/\/suomenkuvalehti.fi\/mediasekaantuja\/toimittajat-ja-haastateltavat-antoivat-pelolle-vallan-tsn-ja-iln-ratkaisut-ihmetyttavat\/","name":"Toimittajat ja haastateltavat antoivat pelolle vallan - TS:n ja IL:n ratkaisut ihmetytt\u00e4v\u00e4t - Mediaansekaantuja","isPartOf":{"@id":"https:\/\/suomenkuvalehti.fi\/mediasekaantuja\/#website"},"datePublished":"2017-08-30T16:55:13+00:00","dateModified":"2017-08-30T19:45:30+00:00","author":{"@id":"https:\/\/suomenkuvalehti.fi\/mediasekaantuja\/#\/schema\/person\/e5cfc3b0243594a363a937aa1d165533"},"description":"Turun Sanomien nimet\u00f6n ty\u00f6ryhm\u00e4 haastatteli nimet\u00f6nt\u00e4 tutkijaa. Iltalehti... no, lukekaa tuolta.","breadcrumb":{"@id":"https:\/\/suomenkuvalehti.fi\/mediasekaantuja\/toimittajat-ja-haastateltavat-antoivat-pelolle-vallan-tsn-ja-iln-ratkaisut-ihmetyttavat\/#breadcrumb"},"inLanguage":"fi","potentialAction":[{"@type":"ReadAction","target":["https:\/\/suomenkuvalehti.fi\/mediasekaantuja\/toimittajat-ja-haastateltavat-antoivat-pelolle-vallan-tsn-ja-iln-ratkaisut-ihmetyttavat\/"]}]},{"@type":"BreadcrumbList","@id":"https:\/\/suomenkuvalehti.fi\/mediasekaantuja\/toimittajat-ja-haastateltavat-antoivat-pelolle-vallan-tsn-ja-iln-ratkaisut-ihmetyttavat\/#breadcrumb","itemListElement":[{"@type":"ListItem","position":1,"name":"Home","item":"https:\/\/suomenkuvalehti.fi\/mediasekaantuja\/"},{"@type":"ListItem","position":2,"name":"Toimittajat ja haastateltavat antoivat pelolle vallan &#8211; TS:n ja IL:n ratkaisut ihmetytt\u00e4v\u00e4t"}]},{"@type":"WebSite","@id":"https:\/\/suomenkuvalehti.fi\/mediasekaantuja\/#website","url":"https:\/\/suomenkuvalehti.fi\/mediasekaantuja\/","name":"Mediaansekaantuja","description":"Pasi Kivioja analysoi median ilmi\u00f6it\u00e4.","potentialAction":[{"@type":"SearchAction","target":{"@type":"EntryPoint","urlTemplate":"https:\/\/suomenkuvalehti.fi\/haku\/?q={search_term_string}"},"query-input":{"@type":"PropertyValueSpecification","valueRequired":true,"valueName":"search_term_string"}}],"inLanguage":"fi"},{"@type":"Person","@id":"https:\/\/suomenkuvalehti.fi\/mediasekaantuja\/#\/schema\/person\/e5cfc3b0243594a363a937aa1d165533","name":"Pasi Kivioja","image":{"@type":"ImageObject","inLanguage":"fi","@id":"https:\/\/suomenkuvalehti.fi\/mediasekaantuja\/#\/schema\/person\/image\/","url":"https:\/\/suomenkuvalehti.fi\/mediasekaantuja\/wp-content\/uploads\/sites\/18\/2022\/04\/pasi_kivioja_02-150x150.jpg","contentUrl":"https:\/\/suomenkuvalehti.fi\/mediasekaantuja\/wp-content\/uploads\/sites\/18\/2022\/04\/pasi_kivioja_02-150x150.jpg","caption":"Pasi Kivioja"},"description":"Pasi Kivioja on median murroksesta ja mediataloudesta v\u00e4itellyt YTT, vapaa toimittaja ja viestint\u00e4yritt\u00e4j\u00e4.","sameAs":["https:\/\/x.com\/https:\/\/twitter.com\/PasiKivioja"]}]}},"_links":{"self":[{"href":"https:\/\/suomenkuvalehti.fi\/mediasekaantuja\/wp-json\/wp\/v2\/posts\/1741","targetHints":{"allow":["GET"]}}],"collection":[{"href":"https:\/\/suomenkuvalehti.fi\/mediasekaantuja\/wp-json\/wp\/v2\/posts"}],"about":[{"href":"https:\/\/suomenkuvalehti.fi\/mediasekaantuja\/wp-json\/wp\/v2\/types\/post"}],"author":[{"embeddable":true,"href":"https:\/\/suomenkuvalehti.fi\/mediasekaantuja\/wp-json\/wp\/v2\/users\/148"}],"replies":[{"embeddable":true,"href":"https:\/\/suomenkuvalehti.fi\/mediasekaantuja\/wp-json\/wp\/v2\/comments?post=1741"}],"version-history":[{"count":31,"href":"https:\/\/suomenkuvalehti.fi\/mediasekaantuja\/wp-json\/wp\/v2\/posts\/1741\/revisions"}],"predecessor-version":[{"id":1772,"href":"https:\/\/suomenkuvalehti.fi\/mediasekaantuja\/wp-json\/wp\/v2\/posts\/1741\/revisions\/1772"}],"wp:attachment":[{"href":"https:\/\/suomenkuvalehti.fi\/mediasekaantuja\/wp-json\/wp\/v2\/media?parent=1741"}],"wp:term":[{"taxonomy":"category","embeddable":true,"href":"https:\/\/suomenkuvalehti.fi\/mediasekaantuja\/wp-json\/wp\/v2\/categories?post=1741"},{"taxonomy":"post_tag","embeddable":true,"href":"https:\/\/suomenkuvalehti.fi\/mediasekaantuja\/wp-json\/wp\/v2\/tags?post=1741"}],"curies":[{"name":"wp","href":"https:\/\/api.w.org\/{rel}","templated":true}]}}