{"id":1558,"date":"2016-12-15T14:06:27","date_gmt":"2016-12-15T12:06:27","guid":{"rendered":"https:\/\/suomenkuvalehti.fi\/mediasekaantuja\/?p=1558"},"modified":"2016-12-15T15:12:38","modified_gmt":"2016-12-15T13:12:38","slug":"minttu-raikkonen-kanteli-jsnlle-perhekuvansa-kaytosta-neuvosto-vapautti","status":"publish","type":"post","link":"https:\/\/suomenkuvalehti.fi\/mediasekaantuja\/minttu-raikkonen-kanteli-jsnlle-perhekuvansa-kaytosta-neuvosto-vapautti\/","title":{"rendered":"Minttu R\u00e4ikk\u00f6nen kanteli JSN:lle perhekuvansa k\u00e4yt\u00f6st\u00e4 &#8211; neuvosto vapautti"},"content":{"rendered":"\n<p>Julkisen sanan neuvosto k\u00e4sitteli eilisess\u00e4 kokouksessaan F1-kuljettaja <strong>Kimi R\u00e4ikk\u00f6sen<\/strong> vaimon <strong>Minttu R\u00e4ikk\u00f6sen<\/strong> kantelua perhekuvansa julkaisusta <a href=\"http:\/\/www.mtv.fi\/viihde\/seurapiirit\/artikkeli\/hellyttavaa-perheonnea-minttu-kimi-ja-pikku-robin-poseeraavat-yhteiskuvassa\/5973942\" target=\"_blank\">MTV:n sivustolla<\/a>. En itse osallistunut keskusteluun enk\u00e4 p\u00e4\u00e4t\u00f6ksentekoon, koska olin k\u00e4sitellyt tapausta aiemmin t\u00e4ss\u00e4 blogissani.<\/p>\n\n\n\n<p><a href=\"https:\/\/suomenkuvalehti.fi\/mediasekaantuja\/kimi-raikkosen-lakimies-kieltaa-medialta-insta-kuvien-julkaisun\/?shared=1395-f1bb1141-999\" target=\"_blank\">Uutisoin blogissani viime hein\u00e4kuussa<\/a>, ett\u00e4 Kimi R\u00e4ikk\u00f6sen ja silloisen Minttu Virtasen lakimies l\u00e4hestyi uhkavaatimuksella useita suomalaisia mediataloja. Juristi kielsi tiedotusv\u00e4lineit\u00e4 en\u00e4\u00e4 k\u00e4ytt\u00e4m\u00e4st\u00e4 luvatta pariskunnan julkisilta some-tileilt\u00e4 napattuja valokuvia. Lakimies vetosi p\u00e4\u00e4miestens\u00e4 yksityisyydensuojaan ja tekij\u00e4noikeuksiin.<\/p>\n\n\n\n<p>Tiedotusv\u00e4lineet eiv\u00e4t kuitenkaan tiet\u00e4\u00e4kseni noudattaneet t\u00e4t\u00e4 vaatimusta vaan jatkoivat Instagram-kuvien upottamista omille sivuilleen. Virtanen poisti kiistanalaisen kuvan Instagramistaan, jolloin se katosi my\u00f6s kuvan upottaneilta mediasivustoilta.<\/p>\n\n\n\n<p>Aiheesta sukeutui alalla varsin vilkas keskustelu, ja eri puolilla pohdittiin Instagram-kuvien upottamisen eli embeddauksen (engl. <em>embedding<\/em>) luvallisuutta. <a href=\"https:\/\/suomenkuvalehti.fi\/mediasekaantuja\/kimin-ja-mintun-insta-kuvat-osa-2-koen-painostuksen-inhottavana\/?shared=1405-322a4ec9-999\" target=\"_blank\">Jatkobloggauksessani kerroin<\/a>, ett\u00e4 toimitukset vetosivat kuvien upottamisessa EU-tuomioistuimen BestWater-ennakkotapaukseen.<\/p>\n\n\n\n<p>Juridiikan kannalta embeddausta ovat sen j\u00e4lkeen k\u00e4sitelleet blogikirjoituksissaan ainakin tietokirjailija ja lakimies <a href=\"http:\/\/kuvasto.fi\/2016\/12\/osaatko-kayttaa-kuvia-juridisesti-oikein-sosiaalisessa-mediassa\/#\" target=\"_blank\"><strong>Elina Koivum\u00e4ki<\/strong><\/a> ja lakimies <a href=\"https:\/\/jit2015.fi\/2016\/07\/08\/bestawater\/\" target=\"_blank\"><strong>Panu P\u00f6kkyl\u00e4<\/strong><\/a>.<\/p>\n\n\n\n<p>Sittemmin Minttu R\u00e4ikk\u00f6nen teki MTV:t\u00e4 koskevan kantelun Instagram-kuvansa k\u00e4yt\u00f6st\u00e4. Kyseess\u00e4 oli <a href=\"http:\/\/www.mtv.fi\/viihde\/seurapiirit\/artikkeli\/hellyttavaa-perheonnea-minttu-kimi-ja-pikku-robin-poseeraavat-yhteiskuvassa\/5973942\" target=\"_blank\">t\u00e4m\u00e4 juttu<\/a>, jossa R\u00e4ikk\u00f6sen Instagram-perhekuva oli paitsi uudelleenjulkaisuna (kuvakaappaus) jutun alussa, my\u00f6s Instagramin upotuksena jutun keskell\u00e4.<\/p>\n\n\n\n<p>R\u00e4ikk\u00f6nen vetosi kantelussaan kahteen seikkaan: siihen, rikkoiko lapsen kuvan julkaiseminen yksityisyydensuojaa ja siihen, saako julkisia Instagram-kuvia k\u00e4ytt\u00e4\u00e4 tiedotusv\u00e4lineiss\u00e4 upottamalla ilman tilin omistajan lupaa.<\/p>\n\n\n\n<p>T\u00e4ss\u00e4 yhteydess\u00e4 on tarpeen korostaa, ettei eettisi\u00e4 ongelmia pohtiva neuvosto k\u00e4sitellyt asiaa lainkaan tekij\u00e4noikeuden n\u00e4k\u00f6kulmasta, mik\u00e4 on juridinen kysymys. T\u00e4h\u00e4n j\u00e4lkimm\u00e4iseen kohtaan neuvosto otti kantaa vain siit\u00e4 n\u00e4k\u00f6kulmasta, rikkoiko MTV <a href=\"http:\/\/www.jsn.fi\/journalistin_ohjeet\/\" target=\"_blank\">Journalistin ohjeiden kohtaa 7<\/a>, jonka mukaan toisen ty\u00f6t\u00e4 k\u00e4ytett\u00e4ess\u00e4 on noudatettava hyv\u00e4\u00e4 tapaa. L\u00e4hde on mainittava, kun k\u00e4ytet\u00e4\u00e4n toisen julkaisemia tietoja.<\/p>\n\n\n\n<p>Kuten hein\u00e4kuisessa blogikirjoituksessani totesin, vetoaminen yksityisyydensuojaan on erikoista, kun julkisuuden henkil\u00f6 on itse jakanut kuvaansa julkisella Instagram-tilill\u00e4\u00e4n&nbsp;60 000 seuraajalleen. Neuvostokaan ei ratkaisussaan n\u00e4hnyt kuvan upottamisen loukanneen R\u00e4ikk\u00f6sten yksityisyytt\u00e4. &#8221;Yksityisel\u00e4m\u00e4ns\u00e4 julkisuudelle altistaneet julkisuuden henkil\u00f6t eiv\u00e4t voi en\u00e4\u00e4 sanella, milloin, miten ja milt\u00e4 osin heid\u00e4n yksityisel\u00e4m\u00e4\u00e4ns\u00e4 tulee tiedotusv\u00e4lineiss\u00e4 k\u00e4sitell\u00e4&#8221;, lukee JSN:n p\u00e4\u00e4t\u00f6ksess\u00e4.<\/p>\n\n\n\n<p>Sek\u00e4\u00e4n ei tehnyt kuvan julkaisusta kielletty\u00e4, ett\u00e4 kuvassa oli tunnistettavissa oleva alaik\u00e4inen lapsi. Neuvosto totesi, ettei kuvassa tullut esiin mit\u00e4\u00e4n arkaluonteista tai yksityisyyden piiriin kuuluvia asioita lapsesta tai h\u00e4nen perheest\u00e4\u00e4n, vaan siin\u00e4 oli kantelijan perhe lentokoneessa.<\/p>\n\n\n\n<p>Koska kuvan k\u00e4ytt\u00f6\u00e4 ei arvioitu tekij\u00e4noikeuden n\u00e4k\u00f6kulmasta vaan JO 7:n, neuvosto ei todennut hyv\u00e4\u00e4 tapaa rikotun ja kuvan l\u00e4hdekin oli tuotu selv\u00e4sti esille.<\/p>\n\n\n\n<p>N\u00e4ist\u00e4 syist\u00e4 JSN antoi MTV:lle <a href=\"http:\/\/www.jsn.fi\/paatokset\/6335-tv-16\/?year=2016\" target=\"_blank\">vapauttavan p\u00e4\u00e4t\u00f6ksen<\/a>.<\/p>\n\n\n","protected":false},"excerpt":{"rendered":"<p>Kuvan l\u00e4hdekin oli tuotu selv\u00e4sti esille.<\/p>\n","protected":false},"author":148,"featured_media":0,"comment_status":"open","ping_status":"closed","sticky":false,"template":"","format":"standard","meta":{"_acf_changed":false,"asauth_required_access_level":3,"asauth_cansharepaid":"true","om_header_attributes":[],"footnotes":"","om_featured_image_focal_point":[],"om_primary_tag":0,"om_contributors":[],"om_co_authors":[],"beyondwords_generate_audio":"","beyondwords_project_id":"","beyondwords_content_id":"","beyondwords_preview_token":"","beyondwords_player_content":"","beyondwords_player_style":"","beyondwords_language_code":"","beyondwords_language_id":"","beyondwords_title_voice_id":"","beyondwords_body_voice_id":"","beyondwords_summary_voice_id":"","beyondwords_error_message":"","beyondwords_disabled":"","beyondwords_delete_content":"","beyondwords_podcast_id":"","beyondwords_hash":"","publish_post_to_speechkit":"","speechkit_hash":"","speechkit_generate_audio":"","speechkit_project_id":"","speechkit_podcast_id":"","speechkit_error_message":"","speechkit_disabled":"","speechkit_access_key":"","speechkit_error":"","speechkit_info":"","speechkit_response":"","speechkit_retries":"","speechkit_status":"","speechkit_updated_at":"","_speechkit_link":"","_speechkit_text":""},"categories":[1],"tags":[1302,1413,1299,1409,343,124,1411,114,1412,1296,1408,1407,617,1414,20,152,1410,763],"class_list":["post-1558","post","type-post","status-publish","format-standard","hentry","category-mediasekaantuja","tag-bestwater","tag-elina-koivumaki","tag-embeddaus","tag-embedding","tag-instagram","tag-journalistin-ohjeet","tag-julkinen","tag-julkisen-sanan-neuvosto","tag-julkisuuden-henkilot","tag-kimi-raikkonen","tag-kuvan-upottaminen","tag-minttu-raikkonen","tag-mtv","tag-panu-pokkyla","tag-tekijanoikeudet","tag-valokuva","tag-yksityinen","tag-yksityisyyden-suoja"],"om_views":null,"acf":{"tuuma_off":false,"tuuma_kysymys":"","tuuma_vastaus":""},"asauth":{"required_access_level":1,"share_token":"","is_paid":false},"yoast_head":"<!-- This site is optimized with the Yoast SEO plugin v26.4 - https:\/\/yoast.com\/wordpress\/plugins\/seo\/ -->\n<title>Minttu R\u00e4ikk\u00f6nen kanteli JSN:lle perhekuvansa k\u00e4yt\u00f6st\u00e4 - neuvosto vapautti - Mediaansekaantuja<\/title>\n<meta name=\"description\" content=\"Julkisuuden henkil\u00f6n mukaan perheen yksityisyytt\u00e4 oli loukattu ja julkisen Instagram-tilin kuvaa k\u00e4ytetty luvatta MTV:n nettisivuilla.\" \/>\n<meta name=\"robots\" content=\"index, follow, max-snippet:-1, max-image-preview:large, max-video-preview:-1\" \/>\n<link rel=\"canonical\" href=\"https:\/\/suomenkuvalehti.fi\/mediasekaantuja\/minttu-raikkonen-kanteli-jsnlle-perhekuvansa-kaytosta-neuvosto-vapautti\/\" \/>\n<meta property=\"og:locale\" content=\"fi_FI\" \/>\n<meta property=\"og:type\" content=\"article\" \/>\n<meta property=\"og:title\" content=\"Minttu R\u00e4ikk\u00f6nen kanteli JSN:lle perhekuvansa k\u00e4yt\u00f6st\u00e4 - neuvosto vapautti - Mediaansekaantuja\" \/>\n<meta property=\"og:description\" content=\"Julkisuuden henkil\u00f6n mukaan perheen yksityisyytt\u00e4 oli loukattu ja julkisen Instagram-tilin kuvaa k\u00e4ytetty luvatta MTV:n nettisivuilla.\" \/>\n<meta property=\"og:url\" content=\"https:\/\/suomenkuvalehti.fi\/mediasekaantuja\/minttu-raikkonen-kanteli-jsnlle-perhekuvansa-kaytosta-neuvosto-vapautti\/\" \/>\n<meta property=\"og:site_name\" content=\"Mediaansekaantuja\" \/>\n<meta property=\"article:published_time\" content=\"2016-12-15T12:06:27+00:00\" \/>\n<meta property=\"article:modified_time\" content=\"2016-12-15T13:12:38+00:00\" \/>\n<meta property=\"og:image\" content=\"https:\/\/suomenkuvalehti.fi\/mediasekaantuja\/wp-content\/uploads\/sites\/18\/2022\/04\/pasi_kivioja_02-scaled.jpg\" \/>\n\t<meta property=\"og:image:width\" content=\"2560\" \/>\n\t<meta property=\"og:image:height\" content=\"1707\" \/>\n\t<meta property=\"og:image:type\" content=\"image\/jpeg\" \/>\n<meta name=\"author\" content=\"Pasi Kivioja\" \/>\n<meta name=\"twitter:card\" content=\"summary_large_image\" \/>\n<meta name=\"twitter:creator\" content=\"@https:\/\/twitter.com\/PasiKivioja\" \/>\n<meta name=\"twitter:label1\" content=\"Written by\" \/>\n\t<meta name=\"twitter:data1\" content=\"Pasi Kivioja\" \/>\n\t<meta name=\"twitter:label2\" content=\"Est. reading time\" \/>\n\t<meta name=\"twitter:data2\" content=\"2 minuuttia\" \/>\n<script type=\"application\/ld+json\" class=\"yoast-schema-graph\">{\"@context\":\"https:\/\/schema.org\",\"@graph\":[{\"@type\":\"WebPage\",\"@id\":\"https:\/\/suomenkuvalehti.fi\/mediasekaantuja\/minttu-raikkonen-kanteli-jsnlle-perhekuvansa-kaytosta-neuvosto-vapautti\/\",\"url\":\"https:\/\/suomenkuvalehti.fi\/mediasekaantuja\/minttu-raikkonen-kanteli-jsnlle-perhekuvansa-kaytosta-neuvosto-vapautti\/\",\"name\":\"Minttu R\u00e4ikk\u00f6nen kanteli JSN:lle perhekuvansa k\u00e4yt\u00f6st\u00e4 - neuvosto vapautti - Mediaansekaantuja\",\"isPartOf\":{\"@id\":\"https:\/\/suomenkuvalehti.fi\/mediasekaantuja\/#website\"},\"datePublished\":\"2016-12-15T12:06:27+00:00\",\"dateModified\":\"2016-12-15T13:12:38+00:00\",\"author\":{\"@id\":\"https:\/\/suomenkuvalehti.fi\/mediasekaantuja\/#\/schema\/person\/e5cfc3b0243594a363a937aa1d165533\"},\"description\":\"Julkisuuden henkil\u00f6n mukaan perheen yksityisyytt\u00e4 oli loukattu ja julkisen Instagram-tilin kuvaa k\u00e4ytetty luvatta MTV:n nettisivuilla.\",\"breadcrumb\":{\"@id\":\"https:\/\/suomenkuvalehti.fi\/mediasekaantuja\/minttu-raikkonen-kanteli-jsnlle-perhekuvansa-kaytosta-neuvosto-vapautti\/#breadcrumb\"},\"inLanguage\":\"fi\",\"potentialAction\":[{\"@type\":\"ReadAction\",\"target\":[\"https:\/\/suomenkuvalehti.fi\/mediasekaantuja\/minttu-raikkonen-kanteli-jsnlle-perhekuvansa-kaytosta-neuvosto-vapautti\/\"]}]},{\"@type\":\"BreadcrumbList\",\"@id\":\"https:\/\/suomenkuvalehti.fi\/mediasekaantuja\/minttu-raikkonen-kanteli-jsnlle-perhekuvansa-kaytosta-neuvosto-vapautti\/#breadcrumb\",\"itemListElement\":[{\"@type\":\"ListItem\",\"position\":1,\"name\":\"Home\",\"item\":\"https:\/\/suomenkuvalehti.fi\/mediasekaantuja\/\"},{\"@type\":\"ListItem\",\"position\":2,\"name\":\"Minttu R\u00e4ikk\u00f6nen kanteli JSN:lle perhekuvansa k\u00e4yt\u00f6st\u00e4 &#8211; neuvosto vapautti\"}]},{\"@type\":\"WebSite\",\"@id\":\"https:\/\/suomenkuvalehti.fi\/mediasekaantuja\/#website\",\"url\":\"https:\/\/suomenkuvalehti.fi\/mediasekaantuja\/\",\"name\":\"Mediaansekaantuja\",\"description\":\"Pasi Kivioja analysoi median ilmi\u00f6it\u00e4.\",\"potentialAction\":[{\"@type\":\"SearchAction\",\"target\":{\"@type\":\"EntryPoint\",\"urlTemplate\":\"https:\/\/suomenkuvalehti.fi\/haku\/?q={search_term_string}\"},\"query-input\":{\"@type\":\"PropertyValueSpecification\",\"valueRequired\":true,\"valueName\":\"search_term_string\"}}],\"inLanguage\":\"fi\"},{\"@type\":\"Person\",\"@id\":\"https:\/\/suomenkuvalehti.fi\/mediasekaantuja\/#\/schema\/person\/e5cfc3b0243594a363a937aa1d165533\",\"name\":\"Pasi Kivioja\",\"image\":{\"@type\":\"ImageObject\",\"inLanguage\":\"fi\",\"@id\":\"https:\/\/suomenkuvalehti.fi\/mediasekaantuja\/#\/schema\/person\/image\/\",\"url\":\"https:\/\/suomenkuvalehti.fi\/mediasekaantuja\/wp-content\/uploads\/sites\/18\/2022\/04\/pasi_kivioja_02-150x150.jpg\",\"contentUrl\":\"https:\/\/suomenkuvalehti.fi\/mediasekaantuja\/wp-content\/uploads\/sites\/18\/2022\/04\/pasi_kivioja_02-150x150.jpg\",\"caption\":\"Pasi Kivioja\"},\"description\":\"Pasi Kivioja on median murroksesta ja mediataloudesta v\u00e4itellyt YTT, vapaa toimittaja ja viestint\u00e4yritt\u00e4j\u00e4.\",\"sameAs\":[\"https:\/\/x.com\/https:\/\/twitter.com\/PasiKivioja\"]}]}<\/script>\n<!-- \/ Yoast SEO plugin. -->","yoast_head_json":{"title":"Minttu R\u00e4ikk\u00f6nen kanteli JSN:lle perhekuvansa k\u00e4yt\u00f6st\u00e4 - neuvosto vapautti - Mediaansekaantuja","description":"Julkisuuden henkil\u00f6n mukaan perheen yksityisyytt\u00e4 oli loukattu ja julkisen Instagram-tilin kuvaa k\u00e4ytetty luvatta MTV:n nettisivuilla.","robots":{"index":"index","follow":"follow","max-snippet":"max-snippet:-1","max-image-preview":"max-image-preview:large","max-video-preview":"max-video-preview:-1"},"canonical":"https:\/\/suomenkuvalehti.fi\/mediasekaantuja\/minttu-raikkonen-kanteli-jsnlle-perhekuvansa-kaytosta-neuvosto-vapautti\/","og_locale":"fi_FI","og_type":"article","og_title":"Minttu R\u00e4ikk\u00f6nen kanteli JSN:lle perhekuvansa k\u00e4yt\u00f6st\u00e4 - neuvosto vapautti - Mediaansekaantuja","og_description":"Julkisuuden henkil\u00f6n mukaan perheen yksityisyytt\u00e4 oli loukattu ja julkisen Instagram-tilin kuvaa k\u00e4ytetty luvatta MTV:n nettisivuilla.","og_url":"https:\/\/suomenkuvalehti.fi\/mediasekaantuja\/minttu-raikkonen-kanteli-jsnlle-perhekuvansa-kaytosta-neuvosto-vapautti\/","og_site_name":"Mediaansekaantuja","article_published_time":"2016-12-15T12:06:27+00:00","article_modified_time":"2016-12-15T13:12:38+00:00","og_image":[{"width":2560,"height":1707,"url":"https:\/\/suomenkuvalehti.fi\/mediasekaantuja\/wp-content\/uploads\/sites\/18\/2022\/04\/pasi_kivioja_02-scaled.jpg","type":"image\/jpeg"}],"author":"Pasi Kivioja","twitter_card":"summary_large_image","twitter_creator":"@https:\/\/twitter.com\/PasiKivioja","twitter_misc":{"Written by":"Pasi Kivioja","Est. reading time":"2 minuuttia"},"schema":{"@context":"https:\/\/schema.org","@graph":[{"@type":"WebPage","@id":"https:\/\/suomenkuvalehti.fi\/mediasekaantuja\/minttu-raikkonen-kanteli-jsnlle-perhekuvansa-kaytosta-neuvosto-vapautti\/","url":"https:\/\/suomenkuvalehti.fi\/mediasekaantuja\/minttu-raikkonen-kanteli-jsnlle-perhekuvansa-kaytosta-neuvosto-vapautti\/","name":"Minttu R\u00e4ikk\u00f6nen kanteli JSN:lle perhekuvansa k\u00e4yt\u00f6st\u00e4 - neuvosto vapautti - Mediaansekaantuja","isPartOf":{"@id":"https:\/\/suomenkuvalehti.fi\/mediasekaantuja\/#website"},"datePublished":"2016-12-15T12:06:27+00:00","dateModified":"2016-12-15T13:12:38+00:00","author":{"@id":"https:\/\/suomenkuvalehti.fi\/mediasekaantuja\/#\/schema\/person\/e5cfc3b0243594a363a937aa1d165533"},"description":"Julkisuuden henkil\u00f6n mukaan perheen yksityisyytt\u00e4 oli loukattu ja julkisen Instagram-tilin kuvaa k\u00e4ytetty luvatta MTV:n nettisivuilla.","breadcrumb":{"@id":"https:\/\/suomenkuvalehti.fi\/mediasekaantuja\/minttu-raikkonen-kanteli-jsnlle-perhekuvansa-kaytosta-neuvosto-vapautti\/#breadcrumb"},"inLanguage":"fi","potentialAction":[{"@type":"ReadAction","target":["https:\/\/suomenkuvalehti.fi\/mediasekaantuja\/minttu-raikkonen-kanteli-jsnlle-perhekuvansa-kaytosta-neuvosto-vapautti\/"]}]},{"@type":"BreadcrumbList","@id":"https:\/\/suomenkuvalehti.fi\/mediasekaantuja\/minttu-raikkonen-kanteli-jsnlle-perhekuvansa-kaytosta-neuvosto-vapautti\/#breadcrumb","itemListElement":[{"@type":"ListItem","position":1,"name":"Home","item":"https:\/\/suomenkuvalehti.fi\/mediasekaantuja\/"},{"@type":"ListItem","position":2,"name":"Minttu R\u00e4ikk\u00f6nen kanteli JSN:lle perhekuvansa k\u00e4yt\u00f6st\u00e4 &#8211; neuvosto vapautti"}]},{"@type":"WebSite","@id":"https:\/\/suomenkuvalehti.fi\/mediasekaantuja\/#website","url":"https:\/\/suomenkuvalehti.fi\/mediasekaantuja\/","name":"Mediaansekaantuja","description":"Pasi Kivioja analysoi median ilmi\u00f6it\u00e4.","potentialAction":[{"@type":"SearchAction","target":{"@type":"EntryPoint","urlTemplate":"https:\/\/suomenkuvalehti.fi\/haku\/?q={search_term_string}"},"query-input":{"@type":"PropertyValueSpecification","valueRequired":true,"valueName":"search_term_string"}}],"inLanguage":"fi"},{"@type":"Person","@id":"https:\/\/suomenkuvalehti.fi\/mediasekaantuja\/#\/schema\/person\/e5cfc3b0243594a363a937aa1d165533","name":"Pasi Kivioja","image":{"@type":"ImageObject","inLanguage":"fi","@id":"https:\/\/suomenkuvalehti.fi\/mediasekaantuja\/#\/schema\/person\/image\/","url":"https:\/\/suomenkuvalehti.fi\/mediasekaantuja\/wp-content\/uploads\/sites\/18\/2022\/04\/pasi_kivioja_02-150x150.jpg","contentUrl":"https:\/\/suomenkuvalehti.fi\/mediasekaantuja\/wp-content\/uploads\/sites\/18\/2022\/04\/pasi_kivioja_02-150x150.jpg","caption":"Pasi Kivioja"},"description":"Pasi Kivioja on median murroksesta ja mediataloudesta v\u00e4itellyt YTT, vapaa toimittaja ja viestint\u00e4yritt\u00e4j\u00e4.","sameAs":["https:\/\/x.com\/https:\/\/twitter.com\/PasiKivioja"]}]}},"_links":{"self":[{"href":"https:\/\/suomenkuvalehti.fi\/mediasekaantuja\/wp-json\/wp\/v2\/posts\/1558","targetHints":{"allow":["GET"]}}],"collection":[{"href":"https:\/\/suomenkuvalehti.fi\/mediasekaantuja\/wp-json\/wp\/v2\/posts"}],"about":[{"href":"https:\/\/suomenkuvalehti.fi\/mediasekaantuja\/wp-json\/wp\/v2\/types\/post"}],"author":[{"embeddable":true,"href":"https:\/\/suomenkuvalehti.fi\/mediasekaantuja\/wp-json\/wp\/v2\/users\/148"}],"replies":[{"embeddable":true,"href":"https:\/\/suomenkuvalehti.fi\/mediasekaantuja\/wp-json\/wp\/v2\/comments?post=1558"}],"version-history":[{"count":7,"href":"https:\/\/suomenkuvalehti.fi\/mediasekaantuja\/wp-json\/wp\/v2\/posts\/1558\/revisions"}],"predecessor-version":[{"id":1565,"href":"https:\/\/suomenkuvalehti.fi\/mediasekaantuja\/wp-json\/wp\/v2\/posts\/1558\/revisions\/1565"}],"wp:attachment":[{"href":"https:\/\/suomenkuvalehti.fi\/mediasekaantuja\/wp-json\/wp\/v2\/media?parent=1558"}],"wp:term":[{"taxonomy":"category","embeddable":true,"href":"https:\/\/suomenkuvalehti.fi\/mediasekaantuja\/wp-json\/wp\/v2\/categories?post=1558"},{"taxonomy":"post_tag","embeddable":true,"href":"https:\/\/suomenkuvalehti.fi\/mediasekaantuja\/wp-json\/wp\/v2\/tags?post=1558"}],"curies":[{"name":"wp","href":"https:\/\/api.w.org\/{rel}","templated":true}]}}