{"id":1514,"date":"2016-10-04T15:36:59","date_gmt":"2016-10-04T12:36:59","guid":{"rendered":"https:\/\/suomenkuvalehti.fi\/mediasekaantuja\/?p=1514"},"modified":"2016-10-04T15:36:59","modified_gmt":"2016-10-04T12:36:59","slug":"cheek-suuttui-sttlle-jare-lue-tasta-miten-embargo-toimii","status":"publish","type":"post","link":"https:\/\/suomenkuvalehti.fi\/mediasekaantuja\/cheek-suuttui-sttlle-jare-lue-tasta-miten-embargo-toimii\/","title":{"rendered":"Cheek suuttui STT:lle &#8211; Jare, lue t\u00e4st\u00e4, miten embargo toimii"},"content":{"rendered":"\n<p>Cheek eli <strong>Jare Tiihonen<\/strong> on harmistunut STT:lle kirjansa embargon rikkomisesta. Kirjan kustantajan asettama embargo on torstaina 6.10., mutta STT julkaisi kirjasta otteita jo maanantaina 3.10.<\/p>\n\n\n\n<p>&#8221;Jo on aikoihin eletty, ett\u00e4 STT rikkoi kirjan julkistamissopimusta ja referoi luvatta <em>Musta Lammas<\/em> -kirjaa kolme p\u00e4iv\u00e4\u00e4 ennen sovittua&#8221;, <a href=\"https:\/\/twitter.com\/CheekOfficial\/status\/782920557859930112\" target=\"_blank\">Cheek twiittasi<\/a> STT:n jutun ilmestymisen j\u00e4lkeen. <a href=\"http:\/\/www.ts.fi\/kulttuuri\/2852059\/Cheek+avaa+tuoreessa+elamakerrassaan+yksityiselamaansa+yllattavan+paljon\" target=\"_blank\">Lue STT:n juttu<\/a> <em>Turun Sanomista<\/em>.<\/p>\n\n\n\n<p><a href=\"https:\/\/twitter.com\/STTuutiset\/status\/782936603878621184\" target=\"_blank\">STT vastasi<\/a> Cheekin twiittiin: &#8221;STT toimii t\u00e4ss\u00e4kin ty\u00f6ohjeidensa mukaisesti: jos tiedot on julkaistu muualla, my\u00f6s STT luopuu embargosta.&#8221;<\/p>\n\n\n\n<p>Jare t\u00e4h\u00e4n ett\u00e4: &#8221;Olen oppinut el\u00e4m\u00e4ss\u00e4, ett\u00e4 tehdyist\u00e4 sopimuksista pidet\u00e4\u00e4n kiinni ja niit\u00e4 kunnioitetaan. Muut eiv\u00e4t ole rikkoneet sopimusta.&#8221;<\/p>\n\n\n\n<p>STT rikkoi kirjan embargon, koska <em>Helsingin Sanomien Kuukausiliite<\/em> <a href=\"http:\/\/www.hs.fi\/kuukausiliite\/a1475029645345?jako=98bfee70aec98cd8b292e09e4ab6974f&amp;ref=tw-share\" target=\"_blank\">julkaisi tietoja kirjan sis\u00e4ll\u00f6st\u00e4<\/a> jo lauantaina 1.10. Kun Ylen toimittaja <strong>Salla Vuorikoski<\/strong> kysyi Twitteriss\u00e4, miksi Cheek itse rikkoi embargon HS:n kanssa, artisti vastasi, ett\u00e4 HS:n kanssa sopimus oli lauantaille ja ett\u00e4 HS:n juttua on toki luvallista referoida mutta kirja on &#8221;vapaa&#8221; vasta torstaina 6.10.<\/p>\n\n\n\n<p>N\u00e4inh\u00e4n embargo ei tietenk\u00e4\u00e4n toimi. T\u00e4m\u00e4n olisi voinut joku Otavan kustantamossa kertoa my\u00f6s Jarelle, ellei Otavassakin ole ymm\u00e4rretty embargon k\u00e4site ihan v\u00e4\u00e4rin.<\/p>\n\n\n\n<p>STT:n uutisp\u00e4\u00e4toimittaja <strong>Minna Holopainen<\/strong> totesi Facebookissa, ett\u00e4 toimitukset p\u00e4\u00e4tt\u00e4v\u00e4t itse ja vain itse, mit\u00e4 julkaisevat ja milloin.<\/p>\n\n\n\n<p>&#8221;Jos jokin media saa julkaista tiedot ennen muita, perusteet embargoon katoavat sen sili\u00e4n tien. Tietenkin. Yleis\u00f6ll\u00e4h\u00e4n on silloin mahdollisuus lukea samat tiedot muualta, eik\u00e4 ole mit\u00e4\u00e4n mielt\u00e4 odotuttaa oman jutun lukijoita&#8221;, Holopainen kirjoitti.<\/p>\n\n\n\n<p>&#8221;Kirjankustantajille ja suurten t\u00e4htien pr-v\u00e4elle pelis\u00e4\u00e4nt\u00f6jen luulisi olevan enemm\u00e4n kuin tutut. Jo pitk\u00e4lt\u00e4 ajalta. Ne eiv\u00e4t nimitt\u00e4in ole muuttuneet miksik\u00e4\u00e4n.&#8221;<\/p>\n\n\n\n<p>Suosittelen Cheekille lukemiseksi pari vuotta sitten kirjoittamaani blogipostausta <a href=\"https:\/\/suomenkuvalehti.fi\/mediasekaantuja\/hatatilanteessa-riko-embargo\/?shared=310-bc57e36c-999\" target=\"_blank\"><em>H\u00e4t\u00e4tilanteessa riko embargo<\/em><\/a>, jossa embargon periaate on v\u00e4\u00e4nnetty rautalangasta. My\u00f6s <a href=\"http:\/\/stt.fi\/embargo-hyodyttaa-viestijaa-ja-mediaa\/\" target=\"_blank\">STT:n selostus embargosta<\/a> kannattaa lukea.<\/p>\n\n\n\n<p><em>Mediaansekaantujaa julkaiseva Suomen Kuvalehti kuuluu samaan konserniin kuin JHT &#8211; Musta Lammas -kirjan kustantaja Otava.<\/em><\/p>\n\n\n","protected":false},"excerpt":{"rendered":"<p>Cheek eli Jare Tiihonen on harmistunut STT:lle kirjansa embargon rikkomisesta. Kirjan kustantajan asettama embargo on torstaina 6.10., mutta STT julkaisi kirjasta otteita jo maanantaina 3.10. &#8221;Jo on aikoihin eletty, ett\u00e4 STT rikkoi kirjan<br \/>\n&hellip;<\/p>\n","protected":false},"author":148,"featured_media":0,"comment_status":"open","ping_status":"closed","sticky":false,"template":"","format":"standard","meta":{"_acf_changed":false,"asauth_required_access_level":3,"asauth_cansharepaid":"true","om_header_attributes":[],"footnotes":"","om_featured_image_focal_point":[],"om_primary_tag":0,"om_contributors":[],"om_co_authors":[],"beyondwords_generate_audio":"","beyondwords_project_id":"","beyondwords_content_id":"","beyondwords_preview_token":"","beyondwords_player_content":"","beyondwords_player_style":"","beyondwords_language_code":"","beyondwords_language_id":"","beyondwords_title_voice_id":"","beyondwords_body_voice_id":"","beyondwords_summary_voice_id":"","beyondwords_error_message":"","beyondwords_disabled":"","beyondwords_delete_content":"","beyondwords_podcast_id":"","beyondwords_hash":"","publish_post_to_speechkit":"","speechkit_hash":"","speechkit_generate_audio":"","speechkit_project_id":"","speechkit_podcast_id":"","speechkit_error_message":"","speechkit_disabled":"","speechkit_access_key":"","speechkit_error":"","speechkit_info":"","speechkit_response":"","speechkit_retries":"","speechkit_status":"","speechkit_updated_at":"","_speechkit_link":"","_speechkit_text":""},"categories":[1],"tags":[1375,258,3,1376,71,1379,1377,1378,314,99],"class_list":["post-1514","post","type-post","status-publish","format-standard","hentry","category-mediasekaantuja","tag-cheek","tag-embargo","tag-helsingin-sanomat","tag-jare-tiihonen","tag-kuukausiliite","tag-minna-holopainen","tag-musta-lammas","tag-otava","tag-salla-vuorikoski","tag-stt"],"om_views":null,"acf":{"tuuma_off":false,"tuuma_kysymys":"","tuuma_vastaus":""},"asauth":{"required_access_level":1,"share_token":"","is_paid":false},"yoast_head":"<!-- This site is optimized with the Yoast SEO plugin v26.4 - https:\/\/yoast.com\/wordpress\/plugins\/seo\/ -->\n<title>Cheek suuttui STT:lle - Jare, lue t\u00e4st\u00e4, miten embargo toimii - Mediaansekaantuja<\/title>\n<meta name=\"description\" content=\"Lauantain Kuukausiliitteen kansikuvapoika Jare Tiihonen ihmettelee, miten mediassa on jo nyt juttuja h\u00e4nen torstaina ilmestyv\u00e4st\u00e4 kirjastaan.\" \/>\n<meta name=\"robots\" content=\"index, follow, max-snippet:-1, max-image-preview:large, max-video-preview:-1\" \/>\n<link rel=\"canonical\" href=\"https:\/\/suomenkuvalehti.fi\/mediasekaantuja\/cheek-suuttui-sttlle-jare-lue-tasta-miten-embargo-toimii\/\" \/>\n<meta property=\"og:locale\" content=\"fi_FI\" \/>\n<meta property=\"og:type\" content=\"article\" \/>\n<meta property=\"og:title\" content=\"Cheek suuttui STT:lle - Jare, lue t\u00e4st\u00e4, miten embargo toimii - Mediaansekaantuja\" \/>\n<meta property=\"og:description\" content=\"Lauantain Kuukausiliitteen kansikuvapoika Jare Tiihonen ihmettelee, miten mediassa on jo nyt juttuja h\u00e4nen torstaina ilmestyv\u00e4st\u00e4 kirjastaan.\" \/>\n<meta property=\"og:url\" content=\"https:\/\/suomenkuvalehti.fi\/mediasekaantuja\/cheek-suuttui-sttlle-jare-lue-tasta-miten-embargo-toimii\/\" \/>\n<meta property=\"og:site_name\" content=\"Mediaansekaantuja\" \/>\n<meta property=\"article:published_time\" content=\"2016-10-04T12:36:59+00:00\" \/>\n<meta property=\"og:image\" content=\"https:\/\/suomenkuvalehti.fi\/mediasekaantuja\/wp-content\/uploads\/sites\/18\/2022\/04\/pasi_kivioja_02-scaled.jpg\" \/>\n\t<meta property=\"og:image:width\" content=\"2560\" \/>\n\t<meta property=\"og:image:height\" content=\"1707\" \/>\n\t<meta property=\"og:image:type\" content=\"image\/jpeg\" \/>\n<meta name=\"author\" content=\"Pasi Kivioja\" \/>\n<meta name=\"twitter:card\" content=\"summary_large_image\" \/>\n<meta name=\"twitter:creator\" content=\"@https:\/\/twitter.com\/PasiKivioja\" \/>\n<meta name=\"twitter:label1\" content=\"Written by\" \/>\n\t<meta name=\"twitter:data1\" content=\"Pasi Kivioja\" \/>\n\t<meta name=\"twitter:label2\" content=\"Est. reading time\" \/>\n\t<meta name=\"twitter:data2\" content=\"2 minuuttia\" \/>\n<script type=\"application\/ld+json\" class=\"yoast-schema-graph\">{\"@context\":\"https:\/\/schema.org\",\"@graph\":[{\"@type\":\"WebPage\",\"@id\":\"https:\/\/suomenkuvalehti.fi\/mediasekaantuja\/cheek-suuttui-sttlle-jare-lue-tasta-miten-embargo-toimii\/\",\"url\":\"https:\/\/suomenkuvalehti.fi\/mediasekaantuja\/cheek-suuttui-sttlle-jare-lue-tasta-miten-embargo-toimii\/\",\"name\":\"Cheek suuttui STT:lle - Jare, lue t\u00e4st\u00e4, miten embargo toimii - Mediaansekaantuja\",\"isPartOf\":{\"@id\":\"https:\/\/suomenkuvalehti.fi\/mediasekaantuja\/#website\"},\"datePublished\":\"2016-10-04T12:36:59+00:00\",\"author\":{\"@id\":\"https:\/\/suomenkuvalehti.fi\/mediasekaantuja\/#\/schema\/person\/e5cfc3b0243594a363a937aa1d165533\"},\"description\":\"Lauantain Kuukausiliitteen kansikuvapoika Jare Tiihonen ihmettelee, miten mediassa on jo nyt juttuja h\u00e4nen torstaina ilmestyv\u00e4st\u00e4 kirjastaan.\",\"breadcrumb\":{\"@id\":\"https:\/\/suomenkuvalehti.fi\/mediasekaantuja\/cheek-suuttui-sttlle-jare-lue-tasta-miten-embargo-toimii\/#breadcrumb\"},\"inLanguage\":\"fi\",\"potentialAction\":[{\"@type\":\"ReadAction\",\"target\":[\"https:\/\/suomenkuvalehti.fi\/mediasekaantuja\/cheek-suuttui-sttlle-jare-lue-tasta-miten-embargo-toimii\/\"]}]},{\"@type\":\"BreadcrumbList\",\"@id\":\"https:\/\/suomenkuvalehti.fi\/mediasekaantuja\/cheek-suuttui-sttlle-jare-lue-tasta-miten-embargo-toimii\/#breadcrumb\",\"itemListElement\":[{\"@type\":\"ListItem\",\"position\":1,\"name\":\"Home\",\"item\":\"https:\/\/suomenkuvalehti.fi\/mediasekaantuja\/\"},{\"@type\":\"ListItem\",\"position\":2,\"name\":\"Cheek suuttui STT:lle &#8211; Jare, lue t\u00e4st\u00e4, miten embargo toimii\"}]},{\"@type\":\"WebSite\",\"@id\":\"https:\/\/suomenkuvalehti.fi\/mediasekaantuja\/#website\",\"url\":\"https:\/\/suomenkuvalehti.fi\/mediasekaantuja\/\",\"name\":\"Mediaansekaantuja\",\"description\":\"Pasi Kivioja analysoi median ilmi\u00f6it\u00e4.\",\"potentialAction\":[{\"@type\":\"SearchAction\",\"target\":{\"@type\":\"EntryPoint\",\"urlTemplate\":\"https:\/\/suomenkuvalehti.fi\/haku\/?q={search_term_string}\"},\"query-input\":{\"@type\":\"PropertyValueSpecification\",\"valueRequired\":true,\"valueName\":\"search_term_string\"}}],\"inLanguage\":\"fi\"},{\"@type\":\"Person\",\"@id\":\"https:\/\/suomenkuvalehti.fi\/mediasekaantuja\/#\/schema\/person\/e5cfc3b0243594a363a937aa1d165533\",\"name\":\"Pasi Kivioja\",\"image\":{\"@type\":\"ImageObject\",\"inLanguage\":\"fi\",\"@id\":\"https:\/\/suomenkuvalehti.fi\/mediasekaantuja\/#\/schema\/person\/image\/\",\"url\":\"https:\/\/suomenkuvalehti.fi\/mediasekaantuja\/wp-content\/uploads\/sites\/18\/2022\/04\/pasi_kivioja_02-150x150.jpg\",\"contentUrl\":\"https:\/\/suomenkuvalehti.fi\/mediasekaantuja\/wp-content\/uploads\/sites\/18\/2022\/04\/pasi_kivioja_02-150x150.jpg\",\"caption\":\"Pasi Kivioja\"},\"description\":\"Pasi Kivioja on median murroksesta ja mediataloudesta v\u00e4itellyt YTT, vapaa toimittaja ja viestint\u00e4yritt\u00e4j\u00e4.\",\"sameAs\":[\"https:\/\/x.com\/https:\/\/twitter.com\/PasiKivioja\"]}]}<\/script>\n<!-- \/ Yoast SEO plugin. -->","yoast_head_json":{"title":"Cheek suuttui STT:lle - Jare, lue t\u00e4st\u00e4, miten embargo toimii - Mediaansekaantuja","description":"Lauantain Kuukausiliitteen kansikuvapoika Jare Tiihonen ihmettelee, miten mediassa on jo nyt juttuja h\u00e4nen torstaina ilmestyv\u00e4st\u00e4 kirjastaan.","robots":{"index":"index","follow":"follow","max-snippet":"max-snippet:-1","max-image-preview":"max-image-preview:large","max-video-preview":"max-video-preview:-1"},"canonical":"https:\/\/suomenkuvalehti.fi\/mediasekaantuja\/cheek-suuttui-sttlle-jare-lue-tasta-miten-embargo-toimii\/","og_locale":"fi_FI","og_type":"article","og_title":"Cheek suuttui STT:lle - Jare, lue t\u00e4st\u00e4, miten embargo toimii - Mediaansekaantuja","og_description":"Lauantain Kuukausiliitteen kansikuvapoika Jare Tiihonen ihmettelee, miten mediassa on jo nyt juttuja h\u00e4nen torstaina ilmestyv\u00e4st\u00e4 kirjastaan.","og_url":"https:\/\/suomenkuvalehti.fi\/mediasekaantuja\/cheek-suuttui-sttlle-jare-lue-tasta-miten-embargo-toimii\/","og_site_name":"Mediaansekaantuja","article_published_time":"2016-10-04T12:36:59+00:00","og_image":[{"width":2560,"height":1707,"url":"https:\/\/suomenkuvalehti.fi\/mediasekaantuja\/wp-content\/uploads\/sites\/18\/2022\/04\/pasi_kivioja_02-scaled.jpg","type":"image\/jpeg"}],"author":"Pasi Kivioja","twitter_card":"summary_large_image","twitter_creator":"@https:\/\/twitter.com\/PasiKivioja","twitter_misc":{"Written by":"Pasi Kivioja","Est. reading time":"2 minuuttia"},"schema":{"@context":"https:\/\/schema.org","@graph":[{"@type":"WebPage","@id":"https:\/\/suomenkuvalehti.fi\/mediasekaantuja\/cheek-suuttui-sttlle-jare-lue-tasta-miten-embargo-toimii\/","url":"https:\/\/suomenkuvalehti.fi\/mediasekaantuja\/cheek-suuttui-sttlle-jare-lue-tasta-miten-embargo-toimii\/","name":"Cheek suuttui STT:lle - Jare, lue t\u00e4st\u00e4, miten embargo toimii - Mediaansekaantuja","isPartOf":{"@id":"https:\/\/suomenkuvalehti.fi\/mediasekaantuja\/#website"},"datePublished":"2016-10-04T12:36:59+00:00","author":{"@id":"https:\/\/suomenkuvalehti.fi\/mediasekaantuja\/#\/schema\/person\/e5cfc3b0243594a363a937aa1d165533"},"description":"Lauantain Kuukausiliitteen kansikuvapoika Jare Tiihonen ihmettelee, miten mediassa on jo nyt juttuja h\u00e4nen torstaina ilmestyv\u00e4st\u00e4 kirjastaan.","breadcrumb":{"@id":"https:\/\/suomenkuvalehti.fi\/mediasekaantuja\/cheek-suuttui-sttlle-jare-lue-tasta-miten-embargo-toimii\/#breadcrumb"},"inLanguage":"fi","potentialAction":[{"@type":"ReadAction","target":["https:\/\/suomenkuvalehti.fi\/mediasekaantuja\/cheek-suuttui-sttlle-jare-lue-tasta-miten-embargo-toimii\/"]}]},{"@type":"BreadcrumbList","@id":"https:\/\/suomenkuvalehti.fi\/mediasekaantuja\/cheek-suuttui-sttlle-jare-lue-tasta-miten-embargo-toimii\/#breadcrumb","itemListElement":[{"@type":"ListItem","position":1,"name":"Home","item":"https:\/\/suomenkuvalehti.fi\/mediasekaantuja\/"},{"@type":"ListItem","position":2,"name":"Cheek suuttui STT:lle &#8211; Jare, lue t\u00e4st\u00e4, miten embargo toimii"}]},{"@type":"WebSite","@id":"https:\/\/suomenkuvalehti.fi\/mediasekaantuja\/#website","url":"https:\/\/suomenkuvalehti.fi\/mediasekaantuja\/","name":"Mediaansekaantuja","description":"Pasi Kivioja analysoi median ilmi\u00f6it\u00e4.","potentialAction":[{"@type":"SearchAction","target":{"@type":"EntryPoint","urlTemplate":"https:\/\/suomenkuvalehti.fi\/haku\/?q={search_term_string}"},"query-input":{"@type":"PropertyValueSpecification","valueRequired":true,"valueName":"search_term_string"}}],"inLanguage":"fi"},{"@type":"Person","@id":"https:\/\/suomenkuvalehti.fi\/mediasekaantuja\/#\/schema\/person\/e5cfc3b0243594a363a937aa1d165533","name":"Pasi Kivioja","image":{"@type":"ImageObject","inLanguage":"fi","@id":"https:\/\/suomenkuvalehti.fi\/mediasekaantuja\/#\/schema\/person\/image\/","url":"https:\/\/suomenkuvalehti.fi\/mediasekaantuja\/wp-content\/uploads\/sites\/18\/2022\/04\/pasi_kivioja_02-150x150.jpg","contentUrl":"https:\/\/suomenkuvalehti.fi\/mediasekaantuja\/wp-content\/uploads\/sites\/18\/2022\/04\/pasi_kivioja_02-150x150.jpg","caption":"Pasi Kivioja"},"description":"Pasi Kivioja on median murroksesta ja mediataloudesta v\u00e4itellyt YTT, vapaa toimittaja ja viestint\u00e4yritt\u00e4j\u00e4.","sameAs":["https:\/\/x.com\/https:\/\/twitter.com\/PasiKivioja"]}]}},"_links":{"self":[{"href":"https:\/\/suomenkuvalehti.fi\/mediasekaantuja\/wp-json\/wp\/v2\/posts\/1514","targetHints":{"allow":["GET"]}}],"collection":[{"href":"https:\/\/suomenkuvalehti.fi\/mediasekaantuja\/wp-json\/wp\/v2\/posts"}],"about":[{"href":"https:\/\/suomenkuvalehti.fi\/mediasekaantuja\/wp-json\/wp\/v2\/types\/post"}],"author":[{"embeddable":true,"href":"https:\/\/suomenkuvalehti.fi\/mediasekaantuja\/wp-json\/wp\/v2\/users\/148"}],"replies":[{"embeddable":true,"href":"https:\/\/suomenkuvalehti.fi\/mediasekaantuja\/wp-json\/wp\/v2\/comments?post=1514"}],"version-history":[{"count":3,"href":"https:\/\/suomenkuvalehti.fi\/mediasekaantuja\/wp-json\/wp\/v2\/posts\/1514\/revisions"}],"predecessor-version":[{"id":1517,"href":"https:\/\/suomenkuvalehti.fi\/mediasekaantuja\/wp-json\/wp\/v2\/posts\/1514\/revisions\/1517"}],"wp:attachment":[{"href":"https:\/\/suomenkuvalehti.fi\/mediasekaantuja\/wp-json\/wp\/v2\/media?parent=1514"}],"wp:term":[{"taxonomy":"category","embeddable":true,"href":"https:\/\/suomenkuvalehti.fi\/mediasekaantuja\/wp-json\/wp\/v2\/categories?post=1514"},{"taxonomy":"post_tag","embeddable":true,"href":"https:\/\/suomenkuvalehti.fi\/mediasekaantuja\/wp-json\/wp\/v2\/tags?post=1514"}],"curies":[{"name":"wp","href":"https:\/\/api.w.org\/{rel}","templated":true}]}}