{"id":1311,"date":"2016-04-30T12:00:27","date_gmt":"2016-04-30T09:00:27","guid":{"rendered":"https:\/\/suomenkuvalehti.fi\/mediasekaantuja\/?p=1311"},"modified":"2016-04-30T12:00:27","modified_gmt":"2016-04-30T09:00:27","slug":"verokarhun-pullistelu-heittaa-nolon-varjon-suomalaisen-lehdistonvapauden-ylle","status":"publish","type":"post","link":"https:\/\/suomenkuvalehti.fi\/mediasekaantuja\/verokarhun-pullistelu-heittaa-nolon-varjon-suomalaisen-lehdistonvapauden-ylle\/","title":{"rendered":"Verokarhun pullistelu heitt\u00e4\u00e4 nolon varjon suomalaisen lehdist\u00f6nvapauden ylle"},"content":{"rendered":"\n<p>Suomi is\u00e4nn\u00f6i ensi viikolla <a href=\"http:\/\/en.unesco.org\/world-press-freedom-day-2016\" target=\"_blank\">Unescon lehdist\u00f6nvapauden p\u00e4iv\u00e4n konferenssia<\/a> Helsingin Finlandia-talossa. Kansainv\u00e4lisen Toimittajat ilman rajoja -j\u00e4rjest\u00f6n <a href=\"https:\/\/rsf.org\/en\/ranking\" target=\"_blank\">tuoreessa vertailussa<\/a> Suomi sijoittui j\u00e4lleen k\u00e4rkipaikalle maailman sananvapauden ykk\u00f6smaana. Henkseleit\u00e4 onkin paukuteltu t\u00e4\u00e4ll\u00e4 oikein urakalla, ja paukuttelun oli tarkoitus jatkua maanantaina&nbsp;alkavassa konferenssissa.<\/p>\n\n\n\n<p>Vaan tuli pari muuttujaa.<\/p>\n\n\n\n<p><a href=\"http:\/\/yle.fi\/uutiset\/verottaja_uhkaa_ylea_kotietsinnalla_panama-paperien_tietoihin_paasemiseksi\/8848090\" target=\"_blank\">Suomalaisten veronviranomaisten vaatimukset<\/a> Panaman papereiden nyht\u00e4miseksi&nbsp;Yleisradiolta vaikka pakkokeinoin heitt\u00e4v\u00e4t nolon varjon suomalaisen lehdist\u00f6nvapauden p\u00e4\u00e4lle. Jo <a href=\"http:\/\/www.aftenposten.no\/nyheter\/uriks\/Finske-myndigheter-vil-beslaglegge-Panama-Papers-dokumentene-8450781.html\" target=\"_blank\">ulkomaita my\u00f6ten uutisoidaan<\/a> suomalaisviranomaisten haluista iske\u00e4 tiedonv\u00e4lityksen ytimeen. Verottaja on v\u00e4l\u00e4ytt\u00e4nyt Ylen toimitukseen ja tarvittaessa my\u00f6s tapauksesta uutisoineiden toimittajien koteihin teht\u00e4v\u00e4\u00e4 kotietsint\u00e4\u00e4, ellei Yle luovuta Panaman veroparatiisiyhti\u00f6it\u00e4 koskevaa ja suomalaisnimi\u00e4 sis\u00e4lt\u00e4v\u00e4\u00e4 aineistoa viranomaisille.<\/p>\n\n\n\n<p>Kun mahdollisuutta v\u00e4l\u00e4ytell\u00e4\u00e4n julkisesti n\u00e4in etuk\u00e4teen, on selv\u00e4\u00e4, ettei kotietsinn\u00f6iss\u00e4 l\u00f6ytyisi ensimm\u00e4ist\u00e4k\u00e4\u00e4n dokumenttia. Paitsi ett\u00e4 toimitukseen iskeminen n\u00e4ytt\u00e4isi p\u00f6yristytt\u00e4v\u00e4lt\u00e4 ja aiheuttaisi valtavan metelin, se on h\u00f6lm\u00f6\u00e4&nbsp;my\u00f6s siksi, ettei Yle omista aineistoa vaan heid\u00e4n toimittajillaan on ainoastaan p\u00e4\u00e4sy aineistoon kansainv\u00e4lisen tutkivien toimittajien j\u00e4rjest\u00f6n ICIJ:n palvelimen kautta.<\/p>\n\n\n\n<p>&#8221;Eiv\u00e4t ne materiaalit t\u00e4\u00e4ll\u00e4 ymp\u00e4riins\u00e4 loju. Meill\u00e4 on sopimus ICIJ:n kanssa, ettemme anna ulkopuolisille p\u00e4\u00e4sy\u00e4 materiaaliin ja jos n\u00e4in tapahtuu, yhteys materiaaliin katkaistaan v\u00e4litt\u00f6m\u00e4sti&#8221;, <a href=\"http:\/\/www.iltasanomat.fi\/kotimaa\/art-2000001169376.html\" target=\"_blank\">kertoi <em>Ilta-Sanomille<\/em><\/a> Ylen <em>MOT<\/em>-ohjelman tuottaja <strong>Renny Jokelin<\/strong>.<\/p>\n\n\n\n<p>Toimittajapiireiss\u00e4 on v\u00e4itelty siit\u00e4, koskeeko lakis\u00e4\u00e4teinen l\u00e4hdesuoja vain henkil\u00f6l\u00e4hdett\u00e4 vai my\u00f6s l\u00e4hteen luovuttamia aineistoja. Onhan mahdollista, ett\u00e4 l\u00e4hde voisi paljastua aineistosta, vaikka k\u00e4yt\u00e4nn\u00f6ss\u00e4 vuotajan todellista henkil\u00f6llisyytt\u00e4 ei ilmeisesti tied\u00e4 edes vuodon alun perin vastaanottanut saksalainen toimittaja <strong>Bastian Obermayer<\/strong>, jota <a href=\"http:\/\/www.journalisti.fi\/artikkelit\/2016\/6\/l\/\" target=\"_blank\">haastattelin aiheesta t\u00e4\u00e4ll\u00e4<\/a>.<\/p>\n\n\n\n<p>Oikeusoppineilta&nbsp;on tullut ristiriitaisia tulkintoja l\u00e4hdesuojan kattavuudesta: <a href=\"http:\/\/www.iltalehti.fi\/uutiset\/2016042221456367_uu.shtml\" target=\"_blank\"><em>Iltalehden<\/em> julkaisemassa STT:n haastattelussa<\/a> professorit sanovat, ett\u00e4 poliisi saattaisi saada Panama-tiedot Ylelt\u00e4, vaikka Yle ei luovuttaisi niit\u00e4 vapaaehtoisesti. Uutisen mukaan toimittajien l\u00e4hdesuoja ei vaikuta asiaan. Toimittajien etuj\u00e4rjest\u00f6n Journalistiliiton lakimiehes <strong>Jussi Salokangas<\/strong> puolestaan <a href=\"http:\/\/www.journalistiliitto.fi\/uutiset\/sjl-n-lakimies-panama-jutusta-verottajan-kotietsinnat-olisivat-lainvastaisia\/\" target=\"_blank\">sanoo<\/a>, ett\u00e4 verottajan kotietsinn\u00e4t olisivat lainvastaisia. Salokangas vetoaa <a href=\"http:\/\/www.echr.coe.int\/Documents\/Convention_FIN.pdf\" target=\"_blank\">Euroopan ihmisoikeussopimuksen artiklaan numero 10<\/a>. H\u00e4nen mukaansa Euroopan ihmisoikeustuomioistuin on vahvistanut, ett\u00e4 journalistiset l\u00e4hteet ovat sananvapauden ydinaluetta, eiv\u00e4tk\u00e4 viranomaiset voi velvoittaa journalisteja luovuttamaan l\u00e4hteit\u00e4 pakolla.<\/p>\n\n\n\n<p>Niin tai n\u00e4in, Yle on tehnyt selv\u00e4ksi, ettei se aio luovuttaa viranomaisille Panama-aineistoja. Vedottiinpa l\u00e4hdesuojaan tai kansainv\u00e4lisiin sopimuksiin,&nbsp;median kannalta peliss\u00e4 ovat sen luotettavuus ja lehdist\u00f6nvapauteen kuuluva koskemattomuus, joita ei voi uhrata verottajan pullistelun edess\u00e4.<\/p>\n\n\n\n<p>Verokarhun uhkavaatimus on kansainv\u00e4lisesti poikkeuksellinen &#8211; <a href=\"http:\/\/yle.fi\/uutiset\/yle_ei_luovuta_panama-papereita_verottajalle__suomi_ainoa_maa_jossa_viranomainen_painostaa_case_panaman_lahdesuojaa\/8846526\" target=\"_blank\">Suomi on ainoa maa<\/a>, jossa viranomainen painostaa mediaa luovuttamaan Panama-aineistoa.&nbsp;<a href=\"https:\/\/suomenkuvalehti.fi\/mediasekaantuja\/ylen-syyta-antaa-panama-aineisto-keskisuomalaiselle\/?shared=1295-548bd21a-999\" target=\"_blank\">Aiemmassa blogikirjoituksessani<\/a> muistelin <em>Helsingin Sanomien<\/em> toimitukseen vuonna 1990 aiottua poliisin kotietsint\u00e4\u00e4, joka kuitenkin keskeytettiin tiukkojen keskustelujen j\u00e4lkeen. J\u00e4rki voitti silloin, toivottavasti t\u00e4ll\u00e4kin kertaa.<\/p>\n\n\n\n<p>P.S. Verottajalle ja poliisille vinkiksi, ett\u00e4 <a href=\"https:\/\/panamapapers.icij.org\/20160426-database-coming-soon.html\" target=\"_blank\">toimittajaj\u00e4rjest\u00f6 ICIJ aikoo julkaista 9.5.2016 hakutietokannan<\/a>, joka sis\u00e4lt\u00e4\u00e4 tiedot yli 200 000 peiteyhti\u00f6st\u00e4 Panaman papereihin liittyen. Tarkkailkaa interneti\u00e4!<\/p>\n\n\n","protected":false},"excerpt":{"rendered":"<p>Suomi is\u00e4nn\u00f6i ensi viikolla Unescon lehdist\u00f6nvapauden p\u00e4iv\u00e4n konferenssia Helsingin Finlandia-talossa. Kansainv\u00e4lisen Toimittajat ilman rajoja -j\u00e4rjest\u00f6n tuoreessa vertailussa Suomi sijoittui j\u00e4lleen k\u00e4rkipaikalle maailman sananvapauden<br \/>\nykk\u00f6smaan&hellip;<\/p>\n","protected":false},"author":148,"featured_media":0,"comment_status":"open","ping_status":"closed","sticky":false,"template":"","format":"standard","meta":{"_acf_changed":false,"asauth_required_access_level":3,"asauth_cansharepaid":"true","om_header_attributes":[],"footnotes":"","om_featured_image_focal_point":[],"om_primary_tag":0,"om_contributors":[],"om_co_authors":[],"beyondwords_generate_audio":"","beyondwords_project_id":"","beyondwords_content_id":"","beyondwords_preview_token":"","beyondwords_player_content":"","beyondwords_player_style":"","beyondwords_language_code":"","beyondwords_language_id":"","beyondwords_title_voice_id":"","beyondwords_body_voice_id":"","beyondwords_summary_voice_id":"","beyondwords_error_message":"","beyondwords_disabled":"","beyondwords_delete_content":"","beyondwords_podcast_id":"","beyondwords_hash":"","publish_post_to_speechkit":"","speechkit_hash":"","speechkit_generate_audio":"","speechkit_project_id":"","speechkit_podcast_id":"","speechkit_error_message":"","speechkit_disabled":"","speechkit_access_key":"","speechkit_error":"","speechkit_info":"","speechkit_response":"","speechkit_retries":"","speechkit_status":"","speechkit_updated_at":"","_speechkit_link":"","_speechkit_text":""},"categories":[1],"tags":[1217,1220,3,1202,601,772,1208,220,635,1199,1216,1221,1215,1214,1219,1218,144],"class_list":["post-1311","post","type-post","status-publish","format-standard","hentry","category-mediasekaantuja","tag-bastian-obermayer","tag-euroopan-ihmisoikeussopimus","tag-helsingin-sanomat","tag-icij","tag-journalistiliitto","tag-jussi-salokangas","tag-kotietsinta","tag-lehdistonvapaus","tag-mot","tag-panaman-paperit","tag-renny-jokelin","tag-tietovuoto","tag-toimittajat-ilman-rajoja","tag-unesco","tag-verorikokset","tag-verottaja","tag-yleisradio"],"om_views":null,"acf":{"tuuma_off":false,"tuuma_kysymys":"","tuuma_vastaus":""},"asauth":{"required_access_level":1,"share_token":"","is_paid":false},"yoast_head":"<!-- This site is optimized with the Yoast SEO plugin v26.4 - https:\/\/yoast.com\/wordpress\/plugins\/seo\/ -->\n<title>Verokarhun pullistelu heitt\u00e4\u00e4 nolon varjon suomalaisen lehdist\u00f6nvapauden ylle - Mediaansekaantuja<\/title>\n<meta name=\"description\" content=\"Panaman paperit ovat jo silppurissa, jos ovat paperilla koskaan olleetkaan.\" \/>\n<meta name=\"robots\" content=\"index, follow, max-snippet:-1, max-image-preview:large, max-video-preview:-1\" \/>\n<link rel=\"canonical\" href=\"https:\/\/suomenkuvalehti.fi\/mediasekaantuja\/verokarhun-pullistelu-heittaa-nolon-varjon-suomalaisen-lehdistonvapauden-ylle\/\" \/>\n<meta property=\"og:locale\" content=\"fi_FI\" \/>\n<meta property=\"og:type\" content=\"article\" \/>\n<meta property=\"og:title\" content=\"Verokarhun pullistelu heitt\u00e4\u00e4 nolon varjon suomalaisen lehdist\u00f6nvapauden ylle - Mediaansekaantuja\" \/>\n<meta property=\"og:description\" content=\"Panaman paperit ovat jo silppurissa, jos ovat paperilla koskaan olleetkaan.\" \/>\n<meta property=\"og:url\" content=\"https:\/\/suomenkuvalehti.fi\/mediasekaantuja\/verokarhun-pullistelu-heittaa-nolon-varjon-suomalaisen-lehdistonvapauden-ylle\/\" \/>\n<meta property=\"og:site_name\" content=\"Mediaansekaantuja\" \/>\n<meta property=\"article:published_time\" content=\"2016-04-30T09:00:27+00:00\" \/>\n<meta property=\"og:image\" content=\"https:\/\/suomenkuvalehti.fi\/mediasekaantuja\/wp-content\/uploads\/sites\/18\/2022\/04\/pasi_kivioja_02-scaled.jpg\" \/>\n\t<meta property=\"og:image:width\" content=\"2560\" \/>\n\t<meta property=\"og:image:height\" content=\"1707\" \/>\n\t<meta property=\"og:image:type\" content=\"image\/jpeg\" \/>\n<meta name=\"author\" content=\"Pasi Kivioja\" \/>\n<meta name=\"twitter:card\" content=\"summary_large_image\" \/>\n<meta name=\"twitter:creator\" content=\"@https:\/\/twitter.com\/PasiKivioja\" \/>\n<meta name=\"twitter:label1\" content=\"Written by\" \/>\n\t<meta name=\"twitter:data1\" content=\"Pasi Kivioja\" \/>\n\t<meta name=\"twitter:label2\" content=\"Est. reading time\" \/>\n\t<meta name=\"twitter:data2\" content=\"2 minuuttia\" \/>\n<script type=\"application\/ld+json\" class=\"yoast-schema-graph\">{\"@context\":\"https:\/\/schema.org\",\"@graph\":[{\"@type\":\"WebPage\",\"@id\":\"https:\/\/suomenkuvalehti.fi\/mediasekaantuja\/verokarhun-pullistelu-heittaa-nolon-varjon-suomalaisen-lehdistonvapauden-ylle\/\",\"url\":\"https:\/\/suomenkuvalehti.fi\/mediasekaantuja\/verokarhun-pullistelu-heittaa-nolon-varjon-suomalaisen-lehdistonvapauden-ylle\/\",\"name\":\"Verokarhun pullistelu heitt\u00e4\u00e4 nolon varjon suomalaisen lehdist\u00f6nvapauden ylle - Mediaansekaantuja\",\"isPartOf\":{\"@id\":\"https:\/\/suomenkuvalehti.fi\/mediasekaantuja\/#website\"},\"datePublished\":\"2016-04-30T09:00:27+00:00\",\"author\":{\"@id\":\"https:\/\/suomenkuvalehti.fi\/mediasekaantuja\/#\/schema\/person\/e5cfc3b0243594a363a937aa1d165533\"},\"description\":\"Panaman paperit ovat jo silppurissa, jos ovat paperilla koskaan olleetkaan.\",\"breadcrumb\":{\"@id\":\"https:\/\/suomenkuvalehti.fi\/mediasekaantuja\/verokarhun-pullistelu-heittaa-nolon-varjon-suomalaisen-lehdistonvapauden-ylle\/#breadcrumb\"},\"inLanguage\":\"fi\",\"potentialAction\":[{\"@type\":\"ReadAction\",\"target\":[\"https:\/\/suomenkuvalehti.fi\/mediasekaantuja\/verokarhun-pullistelu-heittaa-nolon-varjon-suomalaisen-lehdistonvapauden-ylle\/\"]}]},{\"@type\":\"BreadcrumbList\",\"@id\":\"https:\/\/suomenkuvalehti.fi\/mediasekaantuja\/verokarhun-pullistelu-heittaa-nolon-varjon-suomalaisen-lehdistonvapauden-ylle\/#breadcrumb\",\"itemListElement\":[{\"@type\":\"ListItem\",\"position\":1,\"name\":\"Home\",\"item\":\"https:\/\/suomenkuvalehti.fi\/mediasekaantuja\/\"},{\"@type\":\"ListItem\",\"position\":2,\"name\":\"Verokarhun pullistelu heitt\u00e4\u00e4 nolon varjon suomalaisen lehdist\u00f6nvapauden ylle\"}]},{\"@type\":\"WebSite\",\"@id\":\"https:\/\/suomenkuvalehti.fi\/mediasekaantuja\/#website\",\"url\":\"https:\/\/suomenkuvalehti.fi\/mediasekaantuja\/\",\"name\":\"Mediaansekaantuja\",\"description\":\"Pasi Kivioja analysoi median ilmi\u00f6it\u00e4.\",\"potentialAction\":[{\"@type\":\"SearchAction\",\"target\":{\"@type\":\"EntryPoint\",\"urlTemplate\":\"https:\/\/suomenkuvalehti.fi\/haku\/?q={search_term_string}\"},\"query-input\":{\"@type\":\"PropertyValueSpecification\",\"valueRequired\":true,\"valueName\":\"search_term_string\"}}],\"inLanguage\":\"fi\"},{\"@type\":\"Person\",\"@id\":\"https:\/\/suomenkuvalehti.fi\/mediasekaantuja\/#\/schema\/person\/e5cfc3b0243594a363a937aa1d165533\",\"name\":\"Pasi Kivioja\",\"image\":{\"@type\":\"ImageObject\",\"inLanguage\":\"fi\",\"@id\":\"https:\/\/suomenkuvalehti.fi\/mediasekaantuja\/#\/schema\/person\/image\/\",\"url\":\"https:\/\/suomenkuvalehti.fi\/mediasekaantuja\/wp-content\/uploads\/sites\/18\/2022\/04\/pasi_kivioja_02-150x150.jpg\",\"contentUrl\":\"https:\/\/suomenkuvalehti.fi\/mediasekaantuja\/wp-content\/uploads\/sites\/18\/2022\/04\/pasi_kivioja_02-150x150.jpg\",\"caption\":\"Pasi Kivioja\"},\"description\":\"Pasi Kivioja on median murroksesta ja mediataloudesta v\u00e4itellyt YTT, vapaa toimittaja ja viestint\u00e4yritt\u00e4j\u00e4.\",\"sameAs\":[\"https:\/\/x.com\/https:\/\/twitter.com\/PasiKivioja\"]}]}<\/script>\n<!-- \/ Yoast SEO plugin. -->","yoast_head_json":{"title":"Verokarhun pullistelu heitt\u00e4\u00e4 nolon varjon suomalaisen lehdist\u00f6nvapauden ylle - Mediaansekaantuja","description":"Panaman paperit ovat jo silppurissa, jos ovat paperilla koskaan olleetkaan.","robots":{"index":"index","follow":"follow","max-snippet":"max-snippet:-1","max-image-preview":"max-image-preview:large","max-video-preview":"max-video-preview:-1"},"canonical":"https:\/\/suomenkuvalehti.fi\/mediasekaantuja\/verokarhun-pullistelu-heittaa-nolon-varjon-suomalaisen-lehdistonvapauden-ylle\/","og_locale":"fi_FI","og_type":"article","og_title":"Verokarhun pullistelu heitt\u00e4\u00e4 nolon varjon suomalaisen lehdist\u00f6nvapauden ylle - Mediaansekaantuja","og_description":"Panaman paperit ovat jo silppurissa, jos ovat paperilla koskaan olleetkaan.","og_url":"https:\/\/suomenkuvalehti.fi\/mediasekaantuja\/verokarhun-pullistelu-heittaa-nolon-varjon-suomalaisen-lehdistonvapauden-ylle\/","og_site_name":"Mediaansekaantuja","article_published_time":"2016-04-30T09:00:27+00:00","og_image":[{"width":2560,"height":1707,"url":"https:\/\/suomenkuvalehti.fi\/mediasekaantuja\/wp-content\/uploads\/sites\/18\/2022\/04\/pasi_kivioja_02-scaled.jpg","type":"image\/jpeg"}],"author":"Pasi Kivioja","twitter_card":"summary_large_image","twitter_creator":"@https:\/\/twitter.com\/PasiKivioja","twitter_misc":{"Written by":"Pasi Kivioja","Est. reading time":"2 minuuttia"},"schema":{"@context":"https:\/\/schema.org","@graph":[{"@type":"WebPage","@id":"https:\/\/suomenkuvalehti.fi\/mediasekaantuja\/verokarhun-pullistelu-heittaa-nolon-varjon-suomalaisen-lehdistonvapauden-ylle\/","url":"https:\/\/suomenkuvalehti.fi\/mediasekaantuja\/verokarhun-pullistelu-heittaa-nolon-varjon-suomalaisen-lehdistonvapauden-ylle\/","name":"Verokarhun pullistelu heitt\u00e4\u00e4 nolon varjon suomalaisen lehdist\u00f6nvapauden ylle - Mediaansekaantuja","isPartOf":{"@id":"https:\/\/suomenkuvalehti.fi\/mediasekaantuja\/#website"},"datePublished":"2016-04-30T09:00:27+00:00","author":{"@id":"https:\/\/suomenkuvalehti.fi\/mediasekaantuja\/#\/schema\/person\/e5cfc3b0243594a363a937aa1d165533"},"description":"Panaman paperit ovat jo silppurissa, jos ovat paperilla koskaan olleetkaan.","breadcrumb":{"@id":"https:\/\/suomenkuvalehti.fi\/mediasekaantuja\/verokarhun-pullistelu-heittaa-nolon-varjon-suomalaisen-lehdistonvapauden-ylle\/#breadcrumb"},"inLanguage":"fi","potentialAction":[{"@type":"ReadAction","target":["https:\/\/suomenkuvalehti.fi\/mediasekaantuja\/verokarhun-pullistelu-heittaa-nolon-varjon-suomalaisen-lehdistonvapauden-ylle\/"]}]},{"@type":"BreadcrumbList","@id":"https:\/\/suomenkuvalehti.fi\/mediasekaantuja\/verokarhun-pullistelu-heittaa-nolon-varjon-suomalaisen-lehdistonvapauden-ylle\/#breadcrumb","itemListElement":[{"@type":"ListItem","position":1,"name":"Home","item":"https:\/\/suomenkuvalehti.fi\/mediasekaantuja\/"},{"@type":"ListItem","position":2,"name":"Verokarhun pullistelu heitt\u00e4\u00e4 nolon varjon suomalaisen lehdist\u00f6nvapauden ylle"}]},{"@type":"WebSite","@id":"https:\/\/suomenkuvalehti.fi\/mediasekaantuja\/#website","url":"https:\/\/suomenkuvalehti.fi\/mediasekaantuja\/","name":"Mediaansekaantuja","description":"Pasi Kivioja analysoi median ilmi\u00f6it\u00e4.","potentialAction":[{"@type":"SearchAction","target":{"@type":"EntryPoint","urlTemplate":"https:\/\/suomenkuvalehti.fi\/haku\/?q={search_term_string}"},"query-input":{"@type":"PropertyValueSpecification","valueRequired":true,"valueName":"search_term_string"}}],"inLanguage":"fi"},{"@type":"Person","@id":"https:\/\/suomenkuvalehti.fi\/mediasekaantuja\/#\/schema\/person\/e5cfc3b0243594a363a937aa1d165533","name":"Pasi Kivioja","image":{"@type":"ImageObject","inLanguage":"fi","@id":"https:\/\/suomenkuvalehti.fi\/mediasekaantuja\/#\/schema\/person\/image\/","url":"https:\/\/suomenkuvalehti.fi\/mediasekaantuja\/wp-content\/uploads\/sites\/18\/2022\/04\/pasi_kivioja_02-150x150.jpg","contentUrl":"https:\/\/suomenkuvalehti.fi\/mediasekaantuja\/wp-content\/uploads\/sites\/18\/2022\/04\/pasi_kivioja_02-150x150.jpg","caption":"Pasi Kivioja"},"description":"Pasi Kivioja on median murroksesta ja mediataloudesta v\u00e4itellyt YTT, vapaa toimittaja ja viestint\u00e4yritt\u00e4j\u00e4.","sameAs":["https:\/\/x.com\/https:\/\/twitter.com\/PasiKivioja"]}]}},"_links":{"self":[{"href":"https:\/\/suomenkuvalehti.fi\/mediasekaantuja\/wp-json\/wp\/v2\/posts\/1311","targetHints":{"allow":["GET"]}}],"collection":[{"href":"https:\/\/suomenkuvalehti.fi\/mediasekaantuja\/wp-json\/wp\/v2\/posts"}],"about":[{"href":"https:\/\/suomenkuvalehti.fi\/mediasekaantuja\/wp-json\/wp\/v2\/types\/post"}],"author":[{"embeddable":true,"href":"https:\/\/suomenkuvalehti.fi\/mediasekaantuja\/wp-json\/wp\/v2\/users\/148"}],"replies":[{"embeddable":true,"href":"https:\/\/suomenkuvalehti.fi\/mediasekaantuja\/wp-json\/wp\/v2\/comments?post=1311"}],"version-history":[{"count":4,"href":"https:\/\/suomenkuvalehti.fi\/mediasekaantuja\/wp-json\/wp\/v2\/posts\/1311\/revisions"}],"predecessor-version":[{"id":1315,"href":"https:\/\/suomenkuvalehti.fi\/mediasekaantuja\/wp-json\/wp\/v2\/posts\/1311\/revisions\/1315"}],"wp:attachment":[{"href":"https:\/\/suomenkuvalehti.fi\/mediasekaantuja\/wp-json\/wp\/v2\/media?parent=1311"}],"wp:term":[{"taxonomy":"category","embeddable":true,"href":"https:\/\/suomenkuvalehti.fi\/mediasekaantuja\/wp-json\/wp\/v2\/categories?post=1311"},{"taxonomy":"post_tag","embeddable":true,"href":"https:\/\/suomenkuvalehti.fi\/mediasekaantuja\/wp-json\/wp\/v2\/tags?post=1311"}],"curies":[{"name":"wp","href":"https:\/\/api.w.org\/{rel}","templated":true}]}}