{"id":1135,"date":"2015-11-28T18:15:18","date_gmt":"2015-11-28T16:15:18","guid":{"rendered":"https:\/\/suomenkuvalehti.fi\/mediasekaantuja\/?p=1135"},"modified":"2015-11-28T19:18:13","modified_gmt":"2015-11-28T17:18:13","slug":"pahalta-nayttaa-vm-todella-pahalta","status":"publish","type":"post","link":"https:\/\/suomenkuvalehti.fi\/mediasekaantuja\/pahalta-nayttaa-vm-todella-pahalta\/","title":{"rendered":"Pahalta n\u00e4ytt\u00e4\u00e4, VM &#8211; todella pahalta"},"content":{"rendered":"\n<p>Tuli kiire hakea kaupasta popcornia, sill\u00e4 valtiovarainministeri\u00f6n hallintarekisterigate ja asiasta vastaavan ministerin <strong>Alexander Stubbin<\/strong> haparointi on t\u00e4n\u00e4\u00e4n eskaloitunut tavattoman j\u00e4nnitt\u00e4v\u00e4\u00e4n pisteeseen. Paitsi ett\u00e4 <a href=\"http:\/\/www.hs.fi\/politiikka\/a1448677933089\" target=\"_blank\">Stubb my\u00f6nsi antaneensa eduskunnalle virheellist\u00e4 tietoa<\/a> hallintarekisterin kannatuksesta, tuli ilmi my\u00f6s muuta.<\/p>\n\n\n\n<p>Ensin <em>Aamulehti<\/em> <a href=\"http:\/\/www.aamulehti.fi\/Kotimaa\/1195008140067\/artikkeli\/muistio+hallintarekisterista+vm+halusi+huomion+pois+omistustiedoista+ja+valikoi+toimittajia.html\" target=\"_blank\">paljasti tietoja VM:n sis\u00e4isest\u00e4 muistiosta<\/a>, jonka mukaan ministeri\u00f6 on valikoinut toimittajia, joille se antaa haastatteluja.<\/p>\n\n\n\n<p>&#8221;Muistiossa listataan toimittajia, joita on p\u00e4\u00e4tetty kutsua tekem\u00e4\u00e4n hallintarekisteriin liittyvi\u00e4 haastatteluita. Asiakirjassa p\u00e4\u00e4tet\u00e4\u00e4n my\u00f6s tiedotusv\u00e4line, joka saa taustamateriaalia lakivalmistelusta etuk\u00e4teen. VM:n suunnitelman mukaan esimerkiksi ministerin haastatteluun valitaan tietty tiedotusv\u00e4line&#8221;, <em>Aamulehti<\/em> kirjoittaa.<\/p>\n\n\n\n<p>Avoimuuden nimiss\u00e4 <em>Aamulehti<\/em> voisi my\u00f6s kertoa, ketk\u00e4 toimittajat ovat p\u00e4\u00e4sseet VM:n suosioon ja mik\u00e4 on t\u00e4m\u00e4 yksi onnekas tiedotusv\u00e4line, joka saa ministerin haastattelun. Kun kerran muistio on lehden hallussa, mit\u00e4 sit\u00e4 panttaamaan! Kaikkihan me jo tied\u00e4mme, <a href=\"http:\/\/www.journalisti.fi\/ajankohtaiset\/jari-hanska-kantelee-oikeusasiamiehelle-valtiovarainministerion-toimista\/\" target=\"_blank\">kuka toimittaja<\/a> on ollut ministeri\u00f6n ep\u00e4suosiossa.<\/p>\n\n\n\n<p>Hyvin mielenkiintoinen on my\u00f6s <em>Kauppalehden<\/em> <strong>Soili Semkinan<\/strong>&nbsp;<a href=\"http:\/\/m.kauppalehti.fi\/uutiset\/stubb--tallainen-virhe-ei-vetele\/U5PwQZZr\" target=\"_blank\">t\u00e4m\u00e4np\u00e4iv\u00e4inen kirjoitus<\/a>, jossa Semkina kertoo hallintarekisteri\u00e4 kannattavan Finanssialan Keskusliiton viimekuisesta kyselyst\u00e4, jonka mukaan toimittajat suhtautuivat my\u00f6nteisesti hallintarekisteriin. 69 vastaajasta 73 prosenttia olisi ollut my\u00f6nteisesti suhtautuvia, mik\u00e4 kuulostaa ep\u00e4uskottavalta, koska toimittajaj\u00e4rjest\u00f6t ja kustantajien Viestinn\u00e4n Keskusliitto ovat moittineet hallintarekisteri\u00e4 lausunnoissaan.<\/p>\n\n\n\n<p>&#8221;Kyselyn toteuttanut Aula Research kirjoitti my\u00f6hemmin <em>Kauppalehden<\/em> debattipalstalla, ett\u00e4 mediasta poimittiin ne henkil\u00f6t, jotka &#8217;ty\u00f6ss\u00e4\u00e4n k\u00e4sittelev\u00e4t esimerkiksi hallintarekisterin kaltaisia kysymyksi\u00e4&#8217;.&nbsp;<em>Kauppalehdest\u00e4<\/em> kyselyn oli Aula Researchin mukaan saanut viisi toimittajaa. Kiinnostavaa on, ett\u00e4 ne toimittajat, jotka t\u00e4m\u00e4n lehden palstoilla ovat aiemminkin suhtautuneet hallintarekisteriin kriittisesti, eiv\u00e4t saaneet kysely\u00e4&#8221;, Somkina ihmettelee.<\/p>\n\n\n\n<p>Pyyd\u00e4nkin nyt hallintarekisteriin my\u00f6nteisesti suhtautuvia toimittajia ilmoittautumaan t\u00e4m\u00e4n blogin kommenttikent\u00e4ss\u00e4 tai yksityisviestill\u00e4, sill\u00e4 en ole itse viel\u00e4 sellaista journalistia tavannut.<\/p>\n\n\n\n<p>Hetki sitten Stubb <a href=\"http:\/\/www.alexstubb.com\/?p=1269\" target=\"_blank\">julkaisi blogikirjoituksen<\/a>, jossa h\u00e4n my\u00f6nsi virheen k\u00e4ytt\u00e4miss\u00e4\u00e4n luvuissa. Osan moitteista h\u00e4n kuitenkin sys\u00e4si alaistensa piikkiin: &#8221;Esitykseen liittyv\u00e4 valmistelu ja viestint\u00e4 eiv\u00e4t ole t\u00e4ytt\u00e4neet niit\u00e4 avoimuuden ja l\u00e4pin\u00e4kyvyyden kriteerej\u00e4, joita valtiovarainministeri\u00f6n toiminnalta edellyt\u00e4n. Puutun t\u00e4h\u00e4n v\u00e4litt\u00f6m\u00e4sti ja voimakkaasti. Avoimuuden ja l\u00e4pin\u00e4kyvyyden on t\u00e4ss\u00e4 ja muissakin kysymyksiss\u00e4 oltava valtiovarainministeri\u00f6n toimintatapa&#8221;.<\/p>\n\n\n\n<p>Ihan erityisen j\u00e4nn\u00e4 juttu on, ett\u00e4 Finanssialan Keskusliiton toimitusjohtaja <strong>Piia-Noora Kauppi<\/strong> ehti twiitata Stubbin kirjoituksen eteenp\u00e4in 20 minuuttia ennen Stubbia itse\u00e4\u00e4n. T\u00e4m\u00e4n huomasi vihreiden puheenjohtaja <strong>Ville Niinist\u00f6<\/strong>, joka kummasteli asiaa Twitteriss\u00e4.<\/p>\n\n\n\n<p>Hieman haiskahtaa nyt, eik\u00e4 k\u00e4ry kyll\u00e4 tule minun poppareistani.<\/p>\n\n\n\n<p><em>&gt;&gt; P\u00e4ivitys klo 19.11.: Alexander Stubb twiittasi blogikirjoituksensa klo 17.04 ja Piia-Noora Kauppi klo 16.45. Ensin ehtiv\u00e4t kuitenkin Stubbin avustajat Joonas Turunen klo 16.27 ja Antti Vesala klo 16.33. My\u00f6s STT twiittasi uutisen ennen Kauppia klo 16.42.&nbsp;<\/em><\/p>\n\n\n","protected":false},"excerpt":{"rendered":"<p>Tuli kiire hakea kaupasta popcornia, sill\u00e4 valtiovarainministeri\u00f6n hallintarekisterigate ja asiasta vastaavan ministerin Alexander Stubbin haparointi on t\u00e4n\u00e4\u00e4n eskaloitunut tavattoman j\u00e4nnitt\u00e4v\u00e4\u00e4n pisteeseen. Paitsi ett\u00e4 Stubb my\u00f6nsi antaneensa eduskunnalle virheellist\u00e4<br \/>\ntietoa hall&hellip;<\/p>\n","protected":false},"author":148,"featured_media":0,"comment_status":"open","ping_status":"closed","sticky":false,"template":"","format":"standard","meta":{"_acf_changed":false,"asauth_required_access_level":3,"asauth_cansharepaid":"true","om_header_attributes":[],"footnotes":"","om_featured_image_focal_point":[],"om_primary_tag":0,"om_contributors":[],"om_co_authors":[],"beyondwords_generate_audio":"","beyondwords_project_id":"","beyondwords_content_id":"","beyondwords_preview_token":"","beyondwords_player_content":"","beyondwords_player_style":"","beyondwords_language_code":"","beyondwords_language_id":"","beyondwords_title_voice_id":"","beyondwords_body_voice_id":"","beyondwords_summary_voice_id":"","beyondwords_error_message":"","beyondwords_disabled":"","beyondwords_delete_content":"","beyondwords_podcast_id":"","beyondwords_hash":"","publish_post_to_speechkit":"","speechkit_hash":"","speechkit_generate_audio":"","speechkit_project_id":"","speechkit_podcast_id":"","speechkit_error_message":"","speechkit_disabled":"","speechkit_access_key":"","speechkit_error":"","speechkit_info":"","speechkit_response":"","speechkit_retries":"","speechkit_status":"","speechkit_updated_at":"","_speechkit_link":"","_speechkit_text":""},"categories":[1],"tags":[87,339,1063,1067,566,765,23,1065,1064,572,1066],"class_list":["post-1135","post","type-post","status-publish","format-standard","hentry","category-mediasekaantuja","tag-aamulehti","tag-alexander-stubb","tag-aula-research","tag-finanssialan-keskusliitto","tag-hallintarekisteri","tag-jari-hanska","tag-kauppalehti","tag-piia-noora-kauppi","tag-soili-semkina","tag-valtiovarainministerio","tag-ville-niinisto"],"om_views":null,"acf":{"tuuma_off":false,"tuuma_kysymys":"","tuuma_vastaus":""},"asauth":{"required_access_level":1,"share_token":"","is_paid":false},"yoast_head":"<!-- This site is optimized with the Yoast SEO plugin v26.4 - https:\/\/yoast.com\/wordpress\/plugins\/seo\/ -->\n<title>Pahalta n\u00e4ytt\u00e4\u00e4, VM - todella pahalta - Mediaansekaantuja<\/title>\n<meta name=\"description\" content=\"J\u00e4nn\u00e4\u00e4, ett\u00e4 Finanssialan Keskusliiton toimitusjohtaja Piia-Noora Kauppi ehti twiitata Stubbin kirjoituksen eteenp\u00e4in 20 minuuttia ennen Stubbia itse\u00e4\u00e4n.\" \/>\n<meta name=\"robots\" content=\"index, follow, max-snippet:-1, max-image-preview:large, max-video-preview:-1\" \/>\n<link rel=\"canonical\" href=\"https:\/\/suomenkuvalehti.fi\/mediasekaantuja\/pahalta-nayttaa-vm-todella-pahalta\/\" \/>\n<meta property=\"og:locale\" content=\"fi_FI\" \/>\n<meta property=\"og:type\" content=\"article\" \/>\n<meta property=\"og:title\" content=\"Pahalta n\u00e4ytt\u00e4\u00e4, VM - todella pahalta - Mediaansekaantuja\" \/>\n<meta property=\"og:description\" content=\"J\u00e4nn\u00e4\u00e4, ett\u00e4 Finanssialan Keskusliiton toimitusjohtaja Piia-Noora Kauppi ehti twiitata Stubbin kirjoituksen eteenp\u00e4in 20 minuuttia ennen Stubbia itse\u00e4\u00e4n.\" \/>\n<meta property=\"og:url\" content=\"https:\/\/suomenkuvalehti.fi\/mediasekaantuja\/pahalta-nayttaa-vm-todella-pahalta\/\" \/>\n<meta property=\"og:site_name\" content=\"Mediaansekaantuja\" \/>\n<meta property=\"article:published_time\" content=\"2015-11-28T16:15:18+00:00\" \/>\n<meta property=\"article:modified_time\" content=\"2015-11-28T17:18:13+00:00\" \/>\n<meta property=\"og:image\" content=\"https:\/\/suomenkuvalehti.fi\/mediasekaantuja\/wp-content\/uploads\/sites\/18\/2022\/04\/pasi_kivioja_02-scaled.jpg\" \/>\n\t<meta property=\"og:image:width\" content=\"2560\" \/>\n\t<meta property=\"og:image:height\" content=\"1707\" \/>\n\t<meta property=\"og:image:type\" content=\"image\/jpeg\" \/>\n<meta name=\"author\" content=\"Pasi Kivioja\" \/>\n<meta name=\"twitter:card\" content=\"summary_large_image\" \/>\n<meta name=\"twitter:creator\" content=\"@https:\/\/twitter.com\/PasiKivioja\" \/>\n<meta name=\"twitter:label1\" content=\"Written by\" \/>\n\t<meta name=\"twitter:data1\" content=\"Pasi Kivioja\" \/>\n\t<meta name=\"twitter:label2\" content=\"Est. reading time\" \/>\n\t<meta name=\"twitter:data2\" content=\"2 minuuttia\" \/>\n<script type=\"application\/ld+json\" class=\"yoast-schema-graph\">{\"@context\":\"https:\/\/schema.org\",\"@graph\":[{\"@type\":\"WebPage\",\"@id\":\"https:\/\/suomenkuvalehti.fi\/mediasekaantuja\/pahalta-nayttaa-vm-todella-pahalta\/\",\"url\":\"https:\/\/suomenkuvalehti.fi\/mediasekaantuja\/pahalta-nayttaa-vm-todella-pahalta\/\",\"name\":\"Pahalta n\u00e4ytt\u00e4\u00e4, VM - todella pahalta - Mediaansekaantuja\",\"isPartOf\":{\"@id\":\"https:\/\/suomenkuvalehti.fi\/mediasekaantuja\/#website\"},\"datePublished\":\"2015-11-28T16:15:18+00:00\",\"dateModified\":\"2015-11-28T17:18:13+00:00\",\"author\":{\"@id\":\"https:\/\/suomenkuvalehti.fi\/mediasekaantuja\/#\/schema\/person\/e5cfc3b0243594a363a937aa1d165533\"},\"description\":\"J\u00e4nn\u00e4\u00e4, ett\u00e4 Finanssialan Keskusliiton toimitusjohtaja Piia-Noora Kauppi ehti twiitata Stubbin kirjoituksen eteenp\u00e4in 20 minuuttia ennen Stubbia itse\u00e4\u00e4n.\",\"breadcrumb\":{\"@id\":\"https:\/\/suomenkuvalehti.fi\/mediasekaantuja\/pahalta-nayttaa-vm-todella-pahalta\/#breadcrumb\"},\"inLanguage\":\"fi\",\"potentialAction\":[{\"@type\":\"ReadAction\",\"target\":[\"https:\/\/suomenkuvalehti.fi\/mediasekaantuja\/pahalta-nayttaa-vm-todella-pahalta\/\"]}]},{\"@type\":\"BreadcrumbList\",\"@id\":\"https:\/\/suomenkuvalehti.fi\/mediasekaantuja\/pahalta-nayttaa-vm-todella-pahalta\/#breadcrumb\",\"itemListElement\":[{\"@type\":\"ListItem\",\"position\":1,\"name\":\"Home\",\"item\":\"https:\/\/suomenkuvalehti.fi\/mediasekaantuja\/\"},{\"@type\":\"ListItem\",\"position\":2,\"name\":\"Pahalta n\u00e4ytt\u00e4\u00e4, VM &#8211; todella pahalta\"}]},{\"@type\":\"WebSite\",\"@id\":\"https:\/\/suomenkuvalehti.fi\/mediasekaantuja\/#website\",\"url\":\"https:\/\/suomenkuvalehti.fi\/mediasekaantuja\/\",\"name\":\"Mediaansekaantuja\",\"description\":\"Pasi Kivioja analysoi median ilmi\u00f6it\u00e4.\",\"potentialAction\":[{\"@type\":\"SearchAction\",\"target\":{\"@type\":\"EntryPoint\",\"urlTemplate\":\"https:\/\/suomenkuvalehti.fi\/haku\/?q={search_term_string}\"},\"query-input\":{\"@type\":\"PropertyValueSpecification\",\"valueRequired\":true,\"valueName\":\"search_term_string\"}}],\"inLanguage\":\"fi\"},{\"@type\":\"Person\",\"@id\":\"https:\/\/suomenkuvalehti.fi\/mediasekaantuja\/#\/schema\/person\/e5cfc3b0243594a363a937aa1d165533\",\"name\":\"Pasi Kivioja\",\"image\":{\"@type\":\"ImageObject\",\"inLanguage\":\"fi\",\"@id\":\"https:\/\/suomenkuvalehti.fi\/mediasekaantuja\/#\/schema\/person\/image\/\",\"url\":\"https:\/\/suomenkuvalehti.fi\/mediasekaantuja\/wp-content\/uploads\/sites\/18\/2022\/04\/pasi_kivioja_02-150x150.jpg\",\"contentUrl\":\"https:\/\/suomenkuvalehti.fi\/mediasekaantuja\/wp-content\/uploads\/sites\/18\/2022\/04\/pasi_kivioja_02-150x150.jpg\",\"caption\":\"Pasi Kivioja\"},\"description\":\"Pasi Kivioja on median murroksesta ja mediataloudesta v\u00e4itellyt YTT, vapaa toimittaja ja viestint\u00e4yritt\u00e4j\u00e4.\",\"sameAs\":[\"https:\/\/x.com\/https:\/\/twitter.com\/PasiKivioja\"]}]}<\/script>\n<!-- \/ Yoast SEO plugin. -->","yoast_head_json":{"title":"Pahalta n\u00e4ytt\u00e4\u00e4, VM - todella pahalta - Mediaansekaantuja","description":"J\u00e4nn\u00e4\u00e4, ett\u00e4 Finanssialan Keskusliiton toimitusjohtaja Piia-Noora Kauppi ehti twiitata Stubbin kirjoituksen eteenp\u00e4in 20 minuuttia ennen Stubbia itse\u00e4\u00e4n.","robots":{"index":"index","follow":"follow","max-snippet":"max-snippet:-1","max-image-preview":"max-image-preview:large","max-video-preview":"max-video-preview:-1"},"canonical":"https:\/\/suomenkuvalehti.fi\/mediasekaantuja\/pahalta-nayttaa-vm-todella-pahalta\/","og_locale":"fi_FI","og_type":"article","og_title":"Pahalta n\u00e4ytt\u00e4\u00e4, VM - todella pahalta - Mediaansekaantuja","og_description":"J\u00e4nn\u00e4\u00e4, ett\u00e4 Finanssialan Keskusliiton toimitusjohtaja Piia-Noora Kauppi ehti twiitata Stubbin kirjoituksen eteenp\u00e4in 20 minuuttia ennen Stubbia itse\u00e4\u00e4n.","og_url":"https:\/\/suomenkuvalehti.fi\/mediasekaantuja\/pahalta-nayttaa-vm-todella-pahalta\/","og_site_name":"Mediaansekaantuja","article_published_time":"2015-11-28T16:15:18+00:00","article_modified_time":"2015-11-28T17:18:13+00:00","og_image":[{"width":2560,"height":1707,"url":"https:\/\/suomenkuvalehti.fi\/mediasekaantuja\/wp-content\/uploads\/sites\/18\/2022\/04\/pasi_kivioja_02-scaled.jpg","type":"image\/jpeg"}],"author":"Pasi Kivioja","twitter_card":"summary_large_image","twitter_creator":"@https:\/\/twitter.com\/PasiKivioja","twitter_misc":{"Written by":"Pasi Kivioja","Est. reading time":"2 minuuttia"},"schema":{"@context":"https:\/\/schema.org","@graph":[{"@type":"WebPage","@id":"https:\/\/suomenkuvalehti.fi\/mediasekaantuja\/pahalta-nayttaa-vm-todella-pahalta\/","url":"https:\/\/suomenkuvalehti.fi\/mediasekaantuja\/pahalta-nayttaa-vm-todella-pahalta\/","name":"Pahalta n\u00e4ytt\u00e4\u00e4, VM - todella pahalta - Mediaansekaantuja","isPartOf":{"@id":"https:\/\/suomenkuvalehti.fi\/mediasekaantuja\/#website"},"datePublished":"2015-11-28T16:15:18+00:00","dateModified":"2015-11-28T17:18:13+00:00","author":{"@id":"https:\/\/suomenkuvalehti.fi\/mediasekaantuja\/#\/schema\/person\/e5cfc3b0243594a363a937aa1d165533"},"description":"J\u00e4nn\u00e4\u00e4, ett\u00e4 Finanssialan Keskusliiton toimitusjohtaja Piia-Noora Kauppi ehti twiitata Stubbin kirjoituksen eteenp\u00e4in 20 minuuttia ennen Stubbia itse\u00e4\u00e4n.","breadcrumb":{"@id":"https:\/\/suomenkuvalehti.fi\/mediasekaantuja\/pahalta-nayttaa-vm-todella-pahalta\/#breadcrumb"},"inLanguage":"fi","potentialAction":[{"@type":"ReadAction","target":["https:\/\/suomenkuvalehti.fi\/mediasekaantuja\/pahalta-nayttaa-vm-todella-pahalta\/"]}]},{"@type":"BreadcrumbList","@id":"https:\/\/suomenkuvalehti.fi\/mediasekaantuja\/pahalta-nayttaa-vm-todella-pahalta\/#breadcrumb","itemListElement":[{"@type":"ListItem","position":1,"name":"Home","item":"https:\/\/suomenkuvalehti.fi\/mediasekaantuja\/"},{"@type":"ListItem","position":2,"name":"Pahalta n\u00e4ytt\u00e4\u00e4, VM &#8211; todella pahalta"}]},{"@type":"WebSite","@id":"https:\/\/suomenkuvalehti.fi\/mediasekaantuja\/#website","url":"https:\/\/suomenkuvalehti.fi\/mediasekaantuja\/","name":"Mediaansekaantuja","description":"Pasi Kivioja analysoi median ilmi\u00f6it\u00e4.","potentialAction":[{"@type":"SearchAction","target":{"@type":"EntryPoint","urlTemplate":"https:\/\/suomenkuvalehti.fi\/haku\/?q={search_term_string}"},"query-input":{"@type":"PropertyValueSpecification","valueRequired":true,"valueName":"search_term_string"}}],"inLanguage":"fi"},{"@type":"Person","@id":"https:\/\/suomenkuvalehti.fi\/mediasekaantuja\/#\/schema\/person\/e5cfc3b0243594a363a937aa1d165533","name":"Pasi Kivioja","image":{"@type":"ImageObject","inLanguage":"fi","@id":"https:\/\/suomenkuvalehti.fi\/mediasekaantuja\/#\/schema\/person\/image\/","url":"https:\/\/suomenkuvalehti.fi\/mediasekaantuja\/wp-content\/uploads\/sites\/18\/2022\/04\/pasi_kivioja_02-150x150.jpg","contentUrl":"https:\/\/suomenkuvalehti.fi\/mediasekaantuja\/wp-content\/uploads\/sites\/18\/2022\/04\/pasi_kivioja_02-150x150.jpg","caption":"Pasi Kivioja"},"description":"Pasi Kivioja on median murroksesta ja mediataloudesta v\u00e4itellyt YTT, vapaa toimittaja ja viestint\u00e4yritt\u00e4j\u00e4.","sameAs":["https:\/\/x.com\/https:\/\/twitter.com\/PasiKivioja"]}]}},"_links":{"self":[{"href":"https:\/\/suomenkuvalehti.fi\/mediasekaantuja\/wp-json\/wp\/v2\/posts\/1135","targetHints":{"allow":["GET"]}}],"collection":[{"href":"https:\/\/suomenkuvalehti.fi\/mediasekaantuja\/wp-json\/wp\/v2\/posts"}],"about":[{"href":"https:\/\/suomenkuvalehti.fi\/mediasekaantuja\/wp-json\/wp\/v2\/types\/post"}],"author":[{"embeddable":true,"href":"https:\/\/suomenkuvalehti.fi\/mediasekaantuja\/wp-json\/wp\/v2\/users\/148"}],"replies":[{"embeddable":true,"href":"https:\/\/suomenkuvalehti.fi\/mediasekaantuja\/wp-json\/wp\/v2\/comments?post=1135"}],"version-history":[{"count":4,"href":"https:\/\/suomenkuvalehti.fi\/mediasekaantuja\/wp-json\/wp\/v2\/posts\/1135\/revisions"}],"predecessor-version":[{"id":1139,"href":"https:\/\/suomenkuvalehti.fi\/mediasekaantuja\/wp-json\/wp\/v2\/posts\/1135\/revisions\/1139"}],"wp:attachment":[{"href":"https:\/\/suomenkuvalehti.fi\/mediasekaantuja\/wp-json\/wp\/v2\/media?parent=1135"}],"wp:term":[{"taxonomy":"category","embeddable":true,"href":"https:\/\/suomenkuvalehti.fi\/mediasekaantuja\/wp-json\/wp\/v2\/categories?post=1135"},{"taxonomy":"post_tag","embeddable":true,"href":"https:\/\/suomenkuvalehti.fi\/mediasekaantuja\/wp-json\/wp\/v2\/tags?post=1135"}],"curies":[{"name":"wp","href":"https:\/\/api.w.org\/{rel}","templated":true}]}}