{"id":1112,"date":"2015-11-01T17:13:40","date_gmt":"2015-11-01T15:13:40","guid":{"rendered":"https:\/\/suomenkuvalehti.fi\/mediasekaantuja\/?p=1112"},"modified":"2015-11-01T17:14:05","modified_gmt":"2015-11-01T15:14:05","slug":"fonttimaailman-vyolaukku-comic-sans-taytti-taas-20-vuotta-mita-tuumii-nettilegenda-kari-haakana","status":"publish","type":"post","link":"https:\/\/suomenkuvalehti.fi\/mediasekaantuja\/fonttimaailman-vyolaukku-comic-sans-taytti-taas-20-vuotta-mita-tuumii-nettilegenda-kari-haakana\/","title":{"rendered":"Fonttimaailman vy\u00f6laukku Comic Sans t\u00e4ytti taas 20 vuotta &#8211; mit\u00e4 tuumii nettilegenda Kari Haakana?"},"content":{"rendered":"\n<p>Voi Helvetica, unohdin tykk\u00e4n\u00e4\u00e4n Comic Sans -fontin syntt\u00e4rit!<\/p>\n\n\n\n<p>Anteeksi &#8211;&nbsp;paikataan.<\/p>\n\n\n\n<p>Kyseess\u00e4 t\u00e4ytyy olla poikkeuksellisen t\u00e4rke\u00e4 kirjaintyyppi, sill\u00e4 sen 20-vuotisjuhlia on juhlittu sek\u00e4 <a href=\"http:\/\/www.image.fi\/lehtiarkisto\/214-lokakuu-2014\" target=\"_blank\">vuoden 2014 lokakuussa<\/a> ett\u00e4 <a href=\"http:\/\/venturebeat.com\/2015\/10\/20\/20-years-ago-i-created-the-best-font-in-the-world\/\" target=\"_blank\">2015 elokuussa<\/a>. Tuplajuhlat selittyv\u00e4t sill\u00e4, ett\u00e4 typografi <strong>Vincent Connare<\/strong> aloitti Comic Sansin suunnittelun Microsoftille lokakuussa 1994 ja ostava yleis\u00f6 sai sen k\u00e4ytt\u00f6\u00f6ns\u00e4 Windows 95:n mukana elokuussa 1995. Connare tarkoitti fontin alun perin k\u00e4ytt\u00f6j\u00e4rjestelm\u00e4n puhekuplien erilaiseksi kirjaintyypiksi.<\/p>\n\n\n\n<p>Windowsin perusfontiksi kepe\u00e4 Comic Sans her\u00e4tt\u00e4\u00e4 yll\u00e4tt\u00e4v\u00e4n paljon tunteita ja jakaa mielipiteit\u00e4.<\/p>\n\n\n\n<p>On uutisen aihe, kun <a href=\"http:\/\/www.iltasanomat.fi\/tiede\/art-1288482656910.html\" target=\"_blank\">Higgsin bosonista tiedotetaan<\/a> Comic Sans -fontilla, kun <a href=\"http:\/\/www.iltalehti.fi\/fiidifi\/2015011319012934_fd.shtml\" target=\"_blank\"><strong>Jari Aarnion<\/strong> nimikyltti on tehty Comic Sansilla<\/a> tai kun&nbsp;<a href=\"http:\/\/nyt.fi\/a1305957904268\" target=\"_blank\">ylioppilastutkintolautakunta k\u00e4ytt\u00e4\u00e4 Comic Sansia nettisivujensa ohjeissa<\/a>.<\/p>\n\n\n\n<p>Maailmassa on nykyisin satoja, kenties tuhansia erilaisia fontteja. Mik\u00e4 juuri Comic Sansissa kiihdytt\u00e4\u00e4 mielt\u00e4 niin kovasti?<\/p>\n\n\n\n<p>&#8221;Ensinn\u00e4kin se on ruma. Fontti on selv\u00e4sti joko lahjattoman suunnittelijan k\u00e4sialaa tai sitten tehty kiireess\u00e4, hyvin mahdollisesti molempia&#8221;, luonnehtii Comic Sansia er\u00e4s tuntemani media-alan ammattilainen.<\/p>\n\n\n\n<p>H\u00e4nen mukaansa fontilla on my\u00f6s toinen, viel\u00e4 pahempi ongelma: &#8221;Jos on silm\u00e4\u00e4, n\u00e4kee heti, ett\u00e4 Comic Sans ei sovi juuri mihink\u00e4\u00e4n, mutta jos ei ole, se voi olla &#8217;hauska&#8217; tai &#8217;s\u00f6p\u00f6&#8217; vaihtoehto tai valikoitua k\u00e4ytt\u00f6\u00f6n ihan summamutikassa. T\u00e4st\u00e4 on sitten seurauksena se, ett\u00e4 fonttia k\u00e4ytet\u00e4\u00e4n mit\u00e4 ep\u00e4sopivimmissa yhteyksiss\u00e4. Comic Sans on fonttimaailman vastine vy\u00f6laukulle tai omatekoisilla spoilereilla &#8217;parannellulle&#8217; Corollalle: tyylit\u00f6n vaihtoehto, jonka k\u00e4ytt\u00f6 on suorananinen etikettivirhe.&#8221;<\/p>\n\n\n\n<p>Er\u00e4s toinen media-ammattilainen ihmettelee Comic Sansille naureskelua:<\/p>\n\n\n\n<p>&#8221;Siin\u00e4 ei \u00e4rsyt\u00e4 kerrassaan mik\u00e4\u00e4n. Olen ihan \u00e4llistyneen\u00e4 lukenut sapekkaita fonttipoliisien vuodatuksia aiheesta. Toki sen ilme on kevyt ja leikillinen. Olen laatinut satoja mainoksia ja julisteita ja k\u00e4ytt\u00e4nyt Comic Sansia kymmenisen kertaa lastenkerhojen tai muissa kevytt\u00e4, leikillist\u00e4 ilmett\u00e4 vaativien tapahtumien mainoksissa. Jos joku k\u00e4ytt\u00e4\u00e4 sit\u00e4 asiallisemmassa yhteydess\u00e4, ilme on ep\u00e4sopiva, mutta en k\u00e4sit\u00e4 tuota ylet\u00f6nt\u00e4, elitistist\u00e4 n\u00e4rk\u00e4styst\u00e4. Ei se ole sen kummempaa kuin tahaton pukeutumisk\u00f6mm\u00e4hdys, jonka p\u00e4ivittelyyn en jaksa panna energiaa.&#8221;<\/p>\n\n\n\n<p>Nyt t\u00e4ytyy k\u00e4\u00e4nty\u00e4&nbsp;nettilegenda <strong>Kari Haakanan<\/strong> puoleen, jonka muistan linkitelleen Comic Sans -juttuihin ironisella tavalla.<\/p>\n\n\n\n<p>&#8221;Suhteeni Comic Sansiin on samanlainen kuin muihinkin fontteihin: terve. En saa n\u00e4ppyl\u00f6it\u00e4 sen k\u00e4yt\u00f6st\u00e4. P\u00e4invastoin, seh\u00e4n on v\u00e4lit\u00f6n ja hauska, muistuttaa k\u00e4sin kirjoitettua teksti\u00e4&#8221;, Haakana selostaa.<\/p>\n\n\n\n<p>&#8221;Ongelmia CS:n kanssa on l\u00e4hinn\u00e4 erilaisilla AD-ihmisill\u00e4 ja muilla, joiden leip\u00e4 tulee fonttien suunnittelusta ja niiden selitt\u00e4misest\u00e4 ja muusta graafisen suunnittelun teologiasta. N\u00e4m\u00e4 aristokraatit inhoavat Comic Sansia juuri siksi, ett\u00e4 se on yksinkertainen ja helppo. Siin\u00e4 ei ole selitett\u00e4v\u00e4\u00e4 eik\u00e4 hienoutta, joka n\u00e4kyisi vain graafisen koulutuksen saaneen silm\u00e4\u00e4n. Se ei tarvitse papistoa selitt\u00e4j\u00e4kseen. Comic Sans on fonttien tasavalta ja luterilaisuus.&#8221;<\/p>\n\n\n\n<p>Ent\u00e4 mit\u00e4 sanoo ihminen, joka on ty\u00f6kseen miettinyt eri kirjaintyyppien sopivuutta mediaymp\u00e4rist\u00f6ihin? Filosofian tohtori, entinen&nbsp;<em>Helsingin Sanomien<\/em> ulkoasusta vastannut toimitusp\u00e4\u00e4llikk\u00f6&nbsp;<strong>Hannu Pulkkinen&nbsp;<\/strong>on ulkoasujen uudistajana m\u00e4\u00e4ritellyt monessa muussakin suomalaislehdess\u00e4 k\u00e4ytetyt fontit.<\/p>\n\n\n\n<p>&#8221;CS kuuluu Windowsin fontistoon, se on siis hyvin yleinen ja siksi k\u00e4yt\u00f6ss\u00e4 kulunut. Graafikot ajattelevat, ett\u00e4 sen k\u00e4ytt\u00e4j\u00e4 on amat\u00f6\u00f6ri, joka k\u00f6mpel\u00f6sti yritt\u00e4\u00e4 tehd\u00e4 tekstist\u00e4\u00e4n jotenkin leikkis\u00e4n tai puoleensavet\u00e4v\u00e4n.&nbsp;Itse en ole fonttia k\u00e4ytt\u00e4nyt. Voin kyll\u00e4 kuvitella ett\u00e4 sit\u00e4 voisi joskus k\u00e4ytt\u00e4\u00e4 tavanomaisuuden, osaamattomuuden ja tietyn aikakauden ilmaisijana. T\u00e4llaista leimaahan on muissakin paljon k\u00e4ytetyiss\u00e4, kuten Helveticassa ja Timesissa. K\u00e4ytt\u00e4j\u00e4n tulee olla tietoinen fontin tuomista lis\u00e4merkityksist\u00e4. Itse alkuper\u00e4iseen tarkoitukseen, eli sarjakuvien tekstitt\u00e4miseen, l\u00f6ytyy nyky\u00e4\u00e4n moniakin parempia fontteja&#8221;, Pulkkinen muistuttaa.<\/p>\n\n\n\n<p>Itse en ole Comic Sansia koskaan k\u00e4ytt\u00e4nyt. Ajattelen kuitenkin niin, ett\u00e4 Comic Sans voi olla my\u00f6s kirjoittajan mielentila ja tyylilaji, vaikka sit\u00e4 ei erillisell\u00e4 kirjaintyypill\u00e4 alleviivattaisikaan.<\/p>\n\n\n\n<p>Siisp\u00e4 onnea, ikihilpe\u00e4 Comic Sans! Hengess\u00e4 mukana, nyt ja aina.<\/p>\n\n\n","protected":false},"excerpt":{"rendered":"<p>Voi Helvetica, unohdin tykk\u00e4n\u00e4\u00e4n Comic Sans -fontin syntt\u00e4rit! Anteeksi &#8211;&nbsp;paikataan. Kyseess\u00e4 t\u00e4ytyy olla poikkeuksellisen t\u00e4rke\u00e4 kirjaintyyppi, sill\u00e4 sen 20-vuotisjuhlia on juhlittu sek\u00e4 vuoden 2014<br \/>\nlokakuuss&hellip;<\/p>\n","protected":false},"author":148,"featured_media":0,"comment_status":"open","ping_status":"closed","sticky":false,"template":"","format":"standard","meta":{"_acf_changed":false,"asauth_required_access_level":3,"asauth_cansharepaid":"true","om_header_attributes":[],"footnotes":"","om_featured_image_focal_point":[],"om_primary_tag":0,"om_contributors":[],"om_co_authors":[],"beyondwords_generate_audio":"","beyondwords_project_id":"","beyondwords_content_id":"","beyondwords_preview_token":"","beyondwords_player_content":"","beyondwords_player_style":"","beyondwords_language_code":"","beyondwords_language_id":"","beyondwords_title_voice_id":"","beyondwords_body_voice_id":"","beyondwords_summary_voice_id":"","beyondwords_error_message":"","beyondwords_disabled":"","beyondwords_delete_content":"","beyondwords_podcast_id":"","beyondwords_hash":"","publish_post_to_speechkit":"","speechkit_hash":"","speechkit_generate_audio":"","speechkit_project_id":"","speechkit_podcast_id":"","speechkit_error_message":"","speechkit_disabled":"","speechkit_access_key":"","speechkit_error":"","speechkit_info":"","speechkit_response":"","speechkit_retries":"","speechkit_status":"","speechkit_updated_at":"","_speechkit_link":"","_speechkit_text":""},"categories":[1],"tags":[1037,1042,1038,1041,1043,3,1044,261,1046,1045,591,1039,1040],"class_list":["post-1112","post","type-post","status-publish","format-standard","hentry","category-mediasekaantuja","tag-comic-sans","tag-elitismi","tag-fontti","tag-fonttihifistely","tag-hannu-pulkkinen","tag-helsingin-sanomat","tag-helvetica","tag-kari-haakana","tag-kirjaintyyppi","tag-times-new-roman","tag-ulkoasu","tag-vincent-connare","tag-windows"],"om_views":null,"acf":{"tuuma_off":false,"tuuma_kysymys":"","tuuma_vastaus":""},"asauth":{"required_access_level":1,"share_token":"","is_paid":false},"yoast_head":"<!-- This site is optimized with the Yoast SEO plugin v26.4 - https:\/\/yoast.com\/wordpress\/plugins\/seo\/ -->\n<title>Fonttimaailman vy\u00f6laukku Comic Sans t\u00e4ytti taas 20 vuotta - mit\u00e4 tuumii nettilegenda Kari Haakana? - Mediaansekaantuja<\/title>\n<meta name=\"robots\" content=\"index, follow, max-snippet:-1, max-image-preview:large, max-video-preview:-1\" \/>\n<link rel=\"canonical\" href=\"https:\/\/suomenkuvalehti.fi\/mediasekaantuja\/fonttimaailman-vyolaukku-comic-sans-taytti-taas-20-vuotta-mita-tuumii-nettilegenda-kari-haakana\/\" \/>\n<meta property=\"og:locale\" content=\"fi_FI\" \/>\n<meta property=\"og:type\" content=\"article\" \/>\n<meta property=\"og:title\" content=\"Fonttimaailman vy\u00f6laukku Comic Sans t\u00e4ytti taas 20 vuotta - mit\u00e4 tuumii nettilegenda Kari Haakana? - Mediaansekaantuja\" \/>\n<meta property=\"og:description\" content=\"Voi Helvetica, unohdin tykk\u00e4n\u00e4\u00e4n Comic Sans -fontin syntt\u00e4rit! Anteeksi &#8211;&nbsp;paikataan. Kyseess\u00e4 t\u00e4ytyy olla poikkeuksellisen t\u00e4rke\u00e4 kirjaintyyppi, sill\u00e4 sen 20-vuotisjuhlia on juhlittu sek\u00e4 vuoden 2014 lokakuuss&hellip;\" \/>\n<meta property=\"og:url\" content=\"https:\/\/suomenkuvalehti.fi\/mediasekaantuja\/fonttimaailman-vyolaukku-comic-sans-taytti-taas-20-vuotta-mita-tuumii-nettilegenda-kari-haakana\/\" \/>\n<meta property=\"og:site_name\" content=\"Mediaansekaantuja\" \/>\n<meta property=\"article:published_time\" content=\"2015-11-01T15:13:40+00:00\" \/>\n<meta property=\"article:modified_time\" content=\"2015-11-01T15:14:05+00:00\" \/>\n<meta property=\"og:image\" content=\"https:\/\/suomenkuvalehti.fi\/mediasekaantuja\/wp-content\/uploads\/sites\/18\/2022\/04\/pasi_kivioja_02-scaled.jpg\" \/>\n\t<meta property=\"og:image:width\" content=\"2560\" \/>\n\t<meta property=\"og:image:height\" content=\"1707\" \/>\n\t<meta property=\"og:image:type\" content=\"image\/jpeg\" \/>\n<meta name=\"author\" content=\"Pasi Kivioja\" \/>\n<meta name=\"twitter:card\" content=\"summary_large_image\" \/>\n<meta name=\"twitter:creator\" content=\"@https:\/\/twitter.com\/PasiKivioja\" \/>\n<meta name=\"twitter:label1\" content=\"Written by\" \/>\n\t<meta name=\"twitter:data1\" content=\"Pasi Kivioja\" \/>\n\t<meta name=\"twitter:label2\" content=\"Est. reading time\" \/>\n\t<meta name=\"twitter:data2\" content=\"3 minuuttia\" \/>\n<script type=\"application\/ld+json\" class=\"yoast-schema-graph\">{\"@context\":\"https:\/\/schema.org\",\"@graph\":[{\"@type\":\"WebPage\",\"@id\":\"https:\/\/suomenkuvalehti.fi\/mediasekaantuja\/fonttimaailman-vyolaukku-comic-sans-taytti-taas-20-vuotta-mita-tuumii-nettilegenda-kari-haakana\/\",\"url\":\"https:\/\/suomenkuvalehti.fi\/mediasekaantuja\/fonttimaailman-vyolaukku-comic-sans-taytti-taas-20-vuotta-mita-tuumii-nettilegenda-kari-haakana\/\",\"name\":\"Fonttimaailman vy\u00f6laukku Comic Sans t\u00e4ytti taas 20 vuotta - mit\u00e4 tuumii nettilegenda Kari Haakana? - Mediaansekaantuja\",\"isPartOf\":{\"@id\":\"https:\/\/suomenkuvalehti.fi\/mediasekaantuja\/#website\"},\"datePublished\":\"2015-11-01T15:13:40+00:00\",\"dateModified\":\"2015-11-01T15:14:05+00:00\",\"author\":{\"@id\":\"https:\/\/suomenkuvalehti.fi\/mediasekaantuja\/#\/schema\/person\/e5cfc3b0243594a363a937aa1d165533\"},\"breadcrumb\":{\"@id\":\"https:\/\/suomenkuvalehti.fi\/mediasekaantuja\/fonttimaailman-vyolaukku-comic-sans-taytti-taas-20-vuotta-mita-tuumii-nettilegenda-kari-haakana\/#breadcrumb\"},\"inLanguage\":\"fi\",\"potentialAction\":[{\"@type\":\"ReadAction\",\"target\":[\"https:\/\/suomenkuvalehti.fi\/mediasekaantuja\/fonttimaailman-vyolaukku-comic-sans-taytti-taas-20-vuotta-mita-tuumii-nettilegenda-kari-haakana\/\"]}]},{\"@type\":\"BreadcrumbList\",\"@id\":\"https:\/\/suomenkuvalehti.fi\/mediasekaantuja\/fonttimaailman-vyolaukku-comic-sans-taytti-taas-20-vuotta-mita-tuumii-nettilegenda-kari-haakana\/#breadcrumb\",\"itemListElement\":[{\"@type\":\"ListItem\",\"position\":1,\"name\":\"Home\",\"item\":\"https:\/\/suomenkuvalehti.fi\/mediasekaantuja\/\"},{\"@type\":\"ListItem\",\"position\":2,\"name\":\"Fonttimaailman vy\u00f6laukku Comic Sans t\u00e4ytti taas 20 vuotta &#8211; mit\u00e4 tuumii nettilegenda Kari Haakana?\"}]},{\"@type\":\"WebSite\",\"@id\":\"https:\/\/suomenkuvalehti.fi\/mediasekaantuja\/#website\",\"url\":\"https:\/\/suomenkuvalehti.fi\/mediasekaantuja\/\",\"name\":\"Mediaansekaantuja\",\"description\":\"Pasi Kivioja analysoi median ilmi\u00f6it\u00e4.\",\"potentialAction\":[{\"@type\":\"SearchAction\",\"target\":{\"@type\":\"EntryPoint\",\"urlTemplate\":\"https:\/\/suomenkuvalehti.fi\/haku\/?q={search_term_string}\"},\"query-input\":{\"@type\":\"PropertyValueSpecification\",\"valueRequired\":true,\"valueName\":\"search_term_string\"}}],\"inLanguage\":\"fi\"},{\"@type\":\"Person\",\"@id\":\"https:\/\/suomenkuvalehti.fi\/mediasekaantuja\/#\/schema\/person\/e5cfc3b0243594a363a937aa1d165533\",\"name\":\"Pasi Kivioja\",\"image\":{\"@type\":\"ImageObject\",\"inLanguage\":\"fi\",\"@id\":\"https:\/\/suomenkuvalehti.fi\/mediasekaantuja\/#\/schema\/person\/image\/\",\"url\":\"https:\/\/suomenkuvalehti.fi\/mediasekaantuja\/wp-content\/uploads\/sites\/18\/2022\/04\/pasi_kivioja_02-150x150.jpg\",\"contentUrl\":\"https:\/\/suomenkuvalehti.fi\/mediasekaantuja\/wp-content\/uploads\/sites\/18\/2022\/04\/pasi_kivioja_02-150x150.jpg\",\"caption\":\"Pasi Kivioja\"},\"description\":\"Pasi Kivioja on median murroksesta ja mediataloudesta v\u00e4itellyt YTT, vapaa toimittaja ja viestint\u00e4yritt\u00e4j\u00e4.\",\"sameAs\":[\"https:\/\/x.com\/https:\/\/twitter.com\/PasiKivioja\"]}]}<\/script>\n<!-- \/ Yoast SEO plugin. -->","yoast_head_json":{"title":"Fonttimaailman vy\u00f6laukku Comic Sans t\u00e4ytti taas 20 vuotta - mit\u00e4 tuumii nettilegenda Kari Haakana? - Mediaansekaantuja","robots":{"index":"index","follow":"follow","max-snippet":"max-snippet:-1","max-image-preview":"max-image-preview:large","max-video-preview":"max-video-preview:-1"},"canonical":"https:\/\/suomenkuvalehti.fi\/mediasekaantuja\/fonttimaailman-vyolaukku-comic-sans-taytti-taas-20-vuotta-mita-tuumii-nettilegenda-kari-haakana\/","og_locale":"fi_FI","og_type":"article","og_title":"Fonttimaailman vy\u00f6laukku Comic Sans t\u00e4ytti taas 20 vuotta - mit\u00e4 tuumii nettilegenda Kari Haakana? - Mediaansekaantuja","og_description":"Voi Helvetica, unohdin tykk\u00e4n\u00e4\u00e4n Comic Sans -fontin syntt\u00e4rit! Anteeksi &#8211;&nbsp;paikataan. Kyseess\u00e4 t\u00e4ytyy olla poikkeuksellisen t\u00e4rke\u00e4 kirjaintyyppi, sill\u00e4 sen 20-vuotisjuhlia on juhlittu sek\u00e4 vuoden 2014 lokakuuss&hellip;","og_url":"https:\/\/suomenkuvalehti.fi\/mediasekaantuja\/fonttimaailman-vyolaukku-comic-sans-taytti-taas-20-vuotta-mita-tuumii-nettilegenda-kari-haakana\/","og_site_name":"Mediaansekaantuja","article_published_time":"2015-11-01T15:13:40+00:00","article_modified_time":"2015-11-01T15:14:05+00:00","og_image":[{"width":2560,"height":1707,"url":"https:\/\/suomenkuvalehti.fi\/mediasekaantuja\/wp-content\/uploads\/sites\/18\/2022\/04\/pasi_kivioja_02-scaled.jpg","type":"image\/jpeg"}],"author":"Pasi Kivioja","twitter_card":"summary_large_image","twitter_creator":"@https:\/\/twitter.com\/PasiKivioja","twitter_misc":{"Written by":"Pasi Kivioja","Est. reading time":"3 minuuttia"},"schema":{"@context":"https:\/\/schema.org","@graph":[{"@type":"WebPage","@id":"https:\/\/suomenkuvalehti.fi\/mediasekaantuja\/fonttimaailman-vyolaukku-comic-sans-taytti-taas-20-vuotta-mita-tuumii-nettilegenda-kari-haakana\/","url":"https:\/\/suomenkuvalehti.fi\/mediasekaantuja\/fonttimaailman-vyolaukku-comic-sans-taytti-taas-20-vuotta-mita-tuumii-nettilegenda-kari-haakana\/","name":"Fonttimaailman vy\u00f6laukku Comic Sans t\u00e4ytti taas 20 vuotta - mit\u00e4 tuumii nettilegenda Kari Haakana? - Mediaansekaantuja","isPartOf":{"@id":"https:\/\/suomenkuvalehti.fi\/mediasekaantuja\/#website"},"datePublished":"2015-11-01T15:13:40+00:00","dateModified":"2015-11-01T15:14:05+00:00","author":{"@id":"https:\/\/suomenkuvalehti.fi\/mediasekaantuja\/#\/schema\/person\/e5cfc3b0243594a363a937aa1d165533"},"breadcrumb":{"@id":"https:\/\/suomenkuvalehti.fi\/mediasekaantuja\/fonttimaailman-vyolaukku-comic-sans-taytti-taas-20-vuotta-mita-tuumii-nettilegenda-kari-haakana\/#breadcrumb"},"inLanguage":"fi","potentialAction":[{"@type":"ReadAction","target":["https:\/\/suomenkuvalehti.fi\/mediasekaantuja\/fonttimaailman-vyolaukku-comic-sans-taytti-taas-20-vuotta-mita-tuumii-nettilegenda-kari-haakana\/"]}]},{"@type":"BreadcrumbList","@id":"https:\/\/suomenkuvalehti.fi\/mediasekaantuja\/fonttimaailman-vyolaukku-comic-sans-taytti-taas-20-vuotta-mita-tuumii-nettilegenda-kari-haakana\/#breadcrumb","itemListElement":[{"@type":"ListItem","position":1,"name":"Home","item":"https:\/\/suomenkuvalehti.fi\/mediasekaantuja\/"},{"@type":"ListItem","position":2,"name":"Fonttimaailman vy\u00f6laukku Comic Sans t\u00e4ytti taas 20 vuotta &#8211; mit\u00e4 tuumii nettilegenda Kari Haakana?"}]},{"@type":"WebSite","@id":"https:\/\/suomenkuvalehti.fi\/mediasekaantuja\/#website","url":"https:\/\/suomenkuvalehti.fi\/mediasekaantuja\/","name":"Mediaansekaantuja","description":"Pasi Kivioja analysoi median ilmi\u00f6it\u00e4.","potentialAction":[{"@type":"SearchAction","target":{"@type":"EntryPoint","urlTemplate":"https:\/\/suomenkuvalehti.fi\/haku\/?q={search_term_string}"},"query-input":{"@type":"PropertyValueSpecification","valueRequired":true,"valueName":"search_term_string"}}],"inLanguage":"fi"},{"@type":"Person","@id":"https:\/\/suomenkuvalehti.fi\/mediasekaantuja\/#\/schema\/person\/e5cfc3b0243594a363a937aa1d165533","name":"Pasi Kivioja","image":{"@type":"ImageObject","inLanguage":"fi","@id":"https:\/\/suomenkuvalehti.fi\/mediasekaantuja\/#\/schema\/person\/image\/","url":"https:\/\/suomenkuvalehti.fi\/mediasekaantuja\/wp-content\/uploads\/sites\/18\/2022\/04\/pasi_kivioja_02-150x150.jpg","contentUrl":"https:\/\/suomenkuvalehti.fi\/mediasekaantuja\/wp-content\/uploads\/sites\/18\/2022\/04\/pasi_kivioja_02-150x150.jpg","caption":"Pasi Kivioja"},"description":"Pasi Kivioja on median murroksesta ja mediataloudesta v\u00e4itellyt YTT, vapaa toimittaja ja viestint\u00e4yritt\u00e4j\u00e4.","sameAs":["https:\/\/x.com\/https:\/\/twitter.com\/PasiKivioja"]}]}},"_links":{"self":[{"href":"https:\/\/suomenkuvalehti.fi\/mediasekaantuja\/wp-json\/wp\/v2\/posts\/1112","targetHints":{"allow":["GET"]}}],"collection":[{"href":"https:\/\/suomenkuvalehti.fi\/mediasekaantuja\/wp-json\/wp\/v2\/posts"}],"about":[{"href":"https:\/\/suomenkuvalehti.fi\/mediasekaantuja\/wp-json\/wp\/v2\/types\/post"}],"author":[{"embeddable":true,"href":"https:\/\/suomenkuvalehti.fi\/mediasekaantuja\/wp-json\/wp\/v2\/users\/148"}],"replies":[{"embeddable":true,"href":"https:\/\/suomenkuvalehti.fi\/mediasekaantuja\/wp-json\/wp\/v2\/comments?post=1112"}],"version-history":[{"count":10,"href":"https:\/\/suomenkuvalehti.fi\/mediasekaantuja\/wp-json\/wp\/v2\/posts\/1112\/revisions"}],"predecessor-version":[{"id":1122,"href":"https:\/\/suomenkuvalehti.fi\/mediasekaantuja\/wp-json\/wp\/v2\/posts\/1112\/revisions\/1122"}],"wp:attachment":[{"href":"https:\/\/suomenkuvalehti.fi\/mediasekaantuja\/wp-json\/wp\/v2\/media?parent=1112"}],"wp:term":[{"taxonomy":"category","embeddable":true,"href":"https:\/\/suomenkuvalehti.fi\/mediasekaantuja\/wp-json\/wp\/v2\/categories?post=1112"},{"taxonomy":"post_tag","embeddable":true,"href":"https:\/\/suomenkuvalehti.fi\/mediasekaantuja\/wp-json\/wp\/v2\/tags?post=1112"}],"curies":[{"name":"wp","href":"https:\/\/api.w.org\/{rel}","templated":true}]}}