{"id":76,"date":"2016-02-25T13:02:47","date_gmt":"2016-02-25T11:02:47","guid":{"rendered":"https:\/\/suomenkuvalehti.fi\/lindholmjarimr\/?p=76"},"modified":"2016-02-25T15:40:57","modified_gmt":"2016-02-25T13:40:57","slug":"afgaanipakolainen-ei-ole-afgaanipakolainen","status":"publish","type":"post","link":"https:\/\/suomenkuvalehti.fi\/lindholmjarimr\/afgaanipakolainen-ei-ole-afgaanipakolainen\/","title":{"rendered":"Afgaanipakolainen ei ole afgaanipakolainen"},"content":{"rendered":"\n<p>YK:n pakolaisj\u00e4rjest\u00f6 UNHCR on haastatellut Kreikan saarille saapuneita <a href=\"file:\/\/\/C:\/Users\/JARLI\/Downloads\/ProfilingJanuary2016FactsheetonSyrians%20(1).pdf\" target=\"_blank\">syyrialaisia<\/a> ja <a href=\"file:\/\/\/C:\/Users\/JARLI\/Downloads\/ProfilingJanuary2016FactsheetonAfghans%20(1).pdf\" target=\"_blank\">afganistanilaisia<\/a> turvapaikanhakijoita.<\/p>\n\n\n\n<p>Kyselyn lopputulos on afganistanilaisten&nbsp;osalta h\u00e4tk\u00e4hdytt\u00e4v\u00e4: l\u00e4hes joka viides on syntynyt Iranissa eik\u00e4 ole koskaan asunut Afganistanissa.<\/p>\n\n\n\n<p>Ei suurin osa heist\u00e4 tosin iranilaisiakaan ole: vain kolmanneksella haastatelluista ei-afgaani-afgaaneista oli l\u00e4ht\u00f6maassa&nbsp;oleskelulupa tai jokin muu virallinen paperi.<\/p>\n\n\n\n<p>Vaikka kyselyst\u00e4 ei pienen otannan vuoksi voi vet\u00e4\u00e4 isoja&nbsp;johtop\u00e4\u00e4t\u00f6ksi\u00e4, tulos&nbsp;kuvaa hyvin pakolaiskriisin monimutkaisuutta. Vanhat stereotypiat nyyttej\u00e4 kantavista luurangoista eiv\u00e4t en\u00e4\u00e4 p\u00e4de, ihmisten liikkeelle l\u00e4hd\u00f6n motiivit ovat moninaiset, ja vaeltavan kansan villi kirjo haastaa k\u00e4sityksemme vainosta ja kurjuudesta.<\/p>\n\n\n\n<p>Esimerkiksi sen, ett\u00e4 kaikki Eurooppaan tulevat afganistanilaiset pakenisivat talebaneita.<\/p>\n\n\n\n<p>Osa pakeneekin, mutta ylivoimaisesti suurin yksitt\u00e4inen ryhm\u00e4 ovat&nbsp;\u0161iialaiset hazarat, jotka ovat asuneet vuosia pakolaisina Iranissa eiv\u00e4tk\u00e4 ole talebania n\u00e4hneetk\u00e4\u00e4n.<\/p>\n\n\n\n<p>T\u00e4m\u00e4 heijastuu&nbsp;UNHCR:n kyselyyn: joka nelj\u00e4s Afganistanin ulkopuolella asuneista haastatelluista kertoi l\u00e4ht\u00f6ns\u00e4 syyksi maastakarkotuksen pelon, ja 17 prosentilla vastanneista syyn\u00e4&nbsp;oli elannon hankkimiseen riitt\u00e4v\u00e4n ty\u00f6n puute.<\/p>\n\n\n\n<p>Hazaran el\u00e4m\u00e4 Iranissa on ankeaa. Suuri osa noin kolmesta miljoonasta pakolaisesta on paperittomia, ty\u00f6tt\u00f6mi\u00e4 ja vailla tulevaisuutta. Mik\u00e4 pahinta, nuoret miehet saattavat vastoin tahtoaan joutua <a href=\"https:\/\/www.hrw.org\/news\/2016\/01\/29\/iran-sending-thousands-afghans-fight-syria\" target=\"_blank\">tykinruuaksi Syyriaan<\/a>.<\/p>\n\n\n\n<p>Puhumattakaan tietysti siit\u00e4, ett\u00e4 aasialaisen n\u00e4k\u00f6inen naamataulu ei ole Iranissa suoranaisesti lippu suihkuseurapiireihin.<\/p>\n\n\n\n<p>N\u00e4m\u00e4 ihmiset ovat nyt joukolla l\u00e4hteneet pakoon toivottomuuttaan. Niin l\u00e4htisin min\u00e4kin, jos el\u00e4m\u00e4 olisi tuolla tavalla potkinut.<\/p>\n\n\n\n<p>Kilpailussa kullanarvoisista turvapaikoista heit\u00e4 vastassa ovat kuitenkin syyrialaiset, ja he vasta kurjia ovatkin. Yli 60 prosenttia UNHCR:n kyselyyn vastanneista tuli suoraan Syyriasta, miss\u00e4 85 prosenttia oli jo asunut evakkona ennen l\u00e4ht\u00f6\u00e4\u00e4n. Siis&nbsp;v\u00e4litt\u00f6m\u00e4ss\u00e4 hengenvaarassa ollutta porukkaa.<\/p>\n\n\n\n<p>Juuri nyt&nbsp;t\u00e4m\u00e4 lohduttomien ihmisolentojen kuohuva vuo pakkautuu Kreikan ja Makedonian rajalle, afgaanit ja syyrialaiset ja irakilaiset <a href=\"http:\/\/www.nytimes.com\/2016\/02\/24\/world\/europe\/macedonia-afghan-migrant-crisis.html?_r=0\" target=\"_blank\">yhdess\u00e4 myll\u00e4k\u00e4ss\u00e4<\/a>. Siell\u00e4 tapahtuu kylm\u00e4 lajittelu, jossa afgaanit vet\u00e4v\u00e4t lyhimm\u00e4n korren. Heid\u00e4n tarinansa ei nyt kelpaa.<\/p>\n\n\n\n<p>Miksi ei?<\/p>\n\n\n\n<p>Se on hyv\u00e4 kysymys, jonka min\u00e4kin ensimm\u00e4iseksi kysyisin, jos joutuisin vauva syliss\u00e4ni katselemaan rautalanka-aidan l\u00e4pi, kuinka onnekkaammat talsivat kohti parempaa el\u00e4m\u00e4\u00e4.<\/p>\n\n\n","protected":false},"excerpt":{"rendered":"<p>YK:n pakolaisj\u00e4rjest\u00f6 UNHCR on haastatellut Kreikan saarille saapuneita syyrialaisia ja afganistanilaisia turvapaikanhakijoita. Kyselyn lopputulos on afganistanilaisten&nbsp;osalta h\u00e4tk\u00e4hdytt\u00e4v\u00e4: l\u00e4hes joka viides on syntynyt Iranissa eik\u00e4 ole koskaan asunut Afganistanissa. Ei<br \/>\nsuurin &hellip;<\/p>\n","protected":false},"author":6,"featured_media":0,"comment_status":"open","ping_status":"open","sticky":false,"template":"","format":"standard","meta":{"_acf_changed":false,"asauth_required_access_level":3,"asauth_cansharepaid":"true","om_header_attributes":[],"footnotes":"","om_featured_image_focal_point":[],"om_primary_tag":0,"om_contributors":[],"om_co_authors":[],"beyondwords_generate_audio":"","beyondwords_project_id":"","beyondwords_content_id":"","beyondwords_preview_token":"","beyondwords_player_content":"","beyondwords_player_style":"","beyondwords_language_code":"","beyondwords_language_id":"","beyondwords_title_voice_id":"","beyondwords_body_voice_id":"","beyondwords_summary_voice_id":"","beyondwords_error_message":"","beyondwords_disabled":"","beyondwords_delete_content":"","beyondwords_podcast_id":"","beyondwords_hash":"","publish_post_to_speechkit":"","speechkit_hash":"","speechkit_generate_audio":"","speechkit_project_id":"","speechkit_podcast_id":"","speechkit_error_message":"","speechkit_disabled":"","speechkit_access_key":"","speechkit_error":"","speechkit_info":"","speechkit_response":"","speechkit_retries":"","speechkit_status":"","speechkit_updated_at":"","_speechkit_link":"","_speechkit_text":""},"categories":[7],"tags":[9,5,10,12,2,11],"class_list":["post-76","post","type-post","status-publish","format-standard","hentry","category-lindholmjarimr","tag-afganistan","tag-iran","tag-kreikka","tag-pakolaiset","tag-syyria","tag-turvapaikanhakijat"],"om_views":null,"acf":{"tuuma_off":false,"tuuma_kysymys":"","tuuma_vastaus":""},"asauth":{"required_access_level":1,"share_token":"","is_paid":false},"yoast_head":"<!-- This site is optimized with the Yoast SEO plugin v26.4 - https:\/\/yoast.com\/wordpress\/plugins\/seo\/ -->\n<title>Afgaanipakolainen ei ole afgaanipakolainen - Lindholm\/Jari Mr<\/title>\n<meta name=\"robots\" content=\"index, follow, max-snippet:-1, max-image-preview:large, max-video-preview:-1\" \/>\n<link rel=\"canonical\" href=\"https:\/\/suomenkuvalehti.fi\/lindholmjarimr\/afgaanipakolainen-ei-ole-afgaanipakolainen\/\" \/>\n<meta property=\"og:locale\" content=\"fi_FI\" \/>\n<meta property=\"og:type\" content=\"article\" \/>\n<meta property=\"og:title\" content=\"Afgaanipakolainen ei ole afgaanipakolainen - Lindholm\/Jari Mr\" \/>\n<meta property=\"og:description\" content=\"YK:n pakolaisj\u00e4rjest\u00f6 UNHCR on haastatellut Kreikan saarille saapuneita syyrialaisia ja afganistanilaisia turvapaikanhakijoita. Kyselyn lopputulos on afganistanilaisten&nbsp;osalta h\u00e4tk\u00e4hdytt\u00e4v\u00e4: l\u00e4hes joka viides on syntynyt Iranissa eik\u00e4 ole koskaan asunut Afganistanissa. Ei suurin &hellip;\" \/>\n<meta property=\"og:url\" content=\"https:\/\/suomenkuvalehti.fi\/lindholmjarimr\/afgaanipakolainen-ei-ole-afgaanipakolainen\/\" \/>\n<meta property=\"og:site_name\" content=\"Lindholm\/Jari Mr\" \/>\n<meta property=\"article:published_time\" content=\"2016-02-25T11:02:47+00:00\" \/>\n<meta property=\"article:modified_time\" content=\"2016-02-25T13:40:57+00:00\" \/>\n<meta name=\"author\" content=\"Jari Lindholm\" \/>\n<meta name=\"twitter:label1\" content=\"Written by\" \/>\n\t<meta name=\"twitter:data1\" content=\"Jari Lindholm\" \/>\n\t<meta name=\"twitter:label2\" content=\"Est. reading time\" \/>\n\t<meta name=\"twitter:data2\" content=\"2 minuuttia\" \/>\n<script type=\"application\/ld+json\" class=\"yoast-schema-graph\">{\"@context\":\"https:\/\/schema.org\",\"@graph\":[{\"@type\":\"WebPage\",\"@id\":\"https:\/\/suomenkuvalehti.fi\/lindholmjarimr\/afgaanipakolainen-ei-ole-afgaanipakolainen\/\",\"url\":\"https:\/\/suomenkuvalehti.fi\/lindholmjarimr\/afgaanipakolainen-ei-ole-afgaanipakolainen\/\",\"name\":\"Afgaanipakolainen ei ole afgaanipakolainen - Lindholm\/Jari Mr\",\"isPartOf\":{\"@id\":\"https:\/\/suomenkuvalehti.fi\/lindholmjarimr\/#website\"},\"datePublished\":\"2016-02-25T11:02:47+00:00\",\"dateModified\":\"2016-02-25T13:40:57+00:00\",\"author\":{\"@id\":\"https:\/\/suomenkuvalehti.fi\/lindholmjarimr\/#\/schema\/person\/306499d6b163f440022bbe71d3bc41e5\"},\"breadcrumb\":{\"@id\":\"https:\/\/suomenkuvalehti.fi\/lindholmjarimr\/afgaanipakolainen-ei-ole-afgaanipakolainen\/#breadcrumb\"},\"inLanguage\":\"fi\",\"potentialAction\":[{\"@type\":\"ReadAction\",\"target\":[\"https:\/\/suomenkuvalehti.fi\/lindholmjarimr\/afgaanipakolainen-ei-ole-afgaanipakolainen\/\"]}]},{\"@type\":\"BreadcrumbList\",\"@id\":\"https:\/\/suomenkuvalehti.fi\/lindholmjarimr\/afgaanipakolainen-ei-ole-afgaanipakolainen\/#breadcrumb\",\"itemListElement\":[{\"@type\":\"ListItem\",\"position\":1,\"name\":\"Home\",\"item\":\"https:\/\/suomenkuvalehti.fi\/lindholmjarimr\/\"},{\"@type\":\"ListItem\",\"position\":2,\"name\":\"Afgaanipakolainen ei ole afgaanipakolainen\"}]},{\"@type\":\"WebSite\",\"@id\":\"https:\/\/suomenkuvalehti.fi\/lindholmjarimr\/#website\",\"url\":\"https:\/\/suomenkuvalehti.fi\/lindholmjarimr\/\",\"name\":\"Lindholm\/Jari Mr\",\"description\":\"Merkint\u00f6j\u00e4 mullistuksista\",\"potentialAction\":[{\"@type\":\"SearchAction\",\"target\":{\"@type\":\"EntryPoint\",\"urlTemplate\":\"https:\/\/suomenkuvalehti.fi\/haku\/?q={search_term_string}\"},\"query-input\":{\"@type\":\"PropertyValueSpecification\",\"valueRequired\":true,\"valueName\":\"search_term_string\"}}],\"inLanguage\":\"fi\"},{\"@type\":\"Person\",\"@id\":\"https:\/\/suomenkuvalehti.fi\/lindholmjarimr\/#\/schema\/person\/306499d6b163f440022bbe71d3bc41e5\",\"name\":\"Jari Lindholm\",\"image\":{\"@type\":\"ImageObject\",\"inLanguage\":\"fi\",\"@id\":\"https:\/\/suomenkuvalehti.fi\/lindholmjarimr\/#\/schema\/person\/image\/\",\"url\":\"https:\/\/suomenkuvalehti.fi\/lindholmjarimr\/wp-content\/uploads\/sites\/33\/2014\/11\/SK_Lindholm_Jari_pieni_MV-150x150.jpg\",\"contentUrl\":\"https:\/\/suomenkuvalehti.fi\/lindholmjarimr\/wp-content\/uploads\/sites\/33\/2014\/11\/SK_Lindholm_Jari_pieni_MV-150x150.jpg\",\"caption\":\"Jari Lindholm\"},\"description\":\"1960\u20132016.\",\"sameAs\":[\"https:\/\/x.com\/https:\/\/twitter.com\/jarzuli\"]}]}<\/script>\n<!-- \/ Yoast SEO plugin. -->","yoast_head_json":{"title":"Afgaanipakolainen ei ole afgaanipakolainen - Lindholm\/Jari Mr","robots":{"index":"index","follow":"follow","max-snippet":"max-snippet:-1","max-image-preview":"max-image-preview:large","max-video-preview":"max-video-preview:-1"},"canonical":"https:\/\/suomenkuvalehti.fi\/lindholmjarimr\/afgaanipakolainen-ei-ole-afgaanipakolainen\/","og_locale":"fi_FI","og_type":"article","og_title":"Afgaanipakolainen ei ole afgaanipakolainen - Lindholm\/Jari Mr","og_description":"YK:n pakolaisj\u00e4rjest\u00f6 UNHCR on haastatellut Kreikan saarille saapuneita syyrialaisia ja afganistanilaisia turvapaikanhakijoita. Kyselyn lopputulos on afganistanilaisten&nbsp;osalta h\u00e4tk\u00e4hdytt\u00e4v\u00e4: l\u00e4hes joka viides on syntynyt Iranissa eik\u00e4 ole koskaan asunut Afganistanissa. Ei suurin &hellip;","og_url":"https:\/\/suomenkuvalehti.fi\/lindholmjarimr\/afgaanipakolainen-ei-ole-afgaanipakolainen\/","og_site_name":"Lindholm\/Jari Mr","article_published_time":"2016-02-25T11:02:47+00:00","article_modified_time":"2016-02-25T13:40:57+00:00","author":"Jari Lindholm","twitter_misc":{"Written by":"Jari Lindholm","Est. reading time":"2 minuuttia"},"schema":{"@context":"https:\/\/schema.org","@graph":[{"@type":"WebPage","@id":"https:\/\/suomenkuvalehti.fi\/lindholmjarimr\/afgaanipakolainen-ei-ole-afgaanipakolainen\/","url":"https:\/\/suomenkuvalehti.fi\/lindholmjarimr\/afgaanipakolainen-ei-ole-afgaanipakolainen\/","name":"Afgaanipakolainen ei ole afgaanipakolainen - Lindholm\/Jari Mr","isPartOf":{"@id":"https:\/\/suomenkuvalehti.fi\/lindholmjarimr\/#website"},"datePublished":"2016-02-25T11:02:47+00:00","dateModified":"2016-02-25T13:40:57+00:00","author":{"@id":"https:\/\/suomenkuvalehti.fi\/lindholmjarimr\/#\/schema\/person\/306499d6b163f440022bbe71d3bc41e5"},"breadcrumb":{"@id":"https:\/\/suomenkuvalehti.fi\/lindholmjarimr\/afgaanipakolainen-ei-ole-afgaanipakolainen\/#breadcrumb"},"inLanguage":"fi","potentialAction":[{"@type":"ReadAction","target":["https:\/\/suomenkuvalehti.fi\/lindholmjarimr\/afgaanipakolainen-ei-ole-afgaanipakolainen\/"]}]},{"@type":"BreadcrumbList","@id":"https:\/\/suomenkuvalehti.fi\/lindholmjarimr\/afgaanipakolainen-ei-ole-afgaanipakolainen\/#breadcrumb","itemListElement":[{"@type":"ListItem","position":1,"name":"Home","item":"https:\/\/suomenkuvalehti.fi\/lindholmjarimr\/"},{"@type":"ListItem","position":2,"name":"Afgaanipakolainen ei ole afgaanipakolainen"}]},{"@type":"WebSite","@id":"https:\/\/suomenkuvalehti.fi\/lindholmjarimr\/#website","url":"https:\/\/suomenkuvalehti.fi\/lindholmjarimr\/","name":"Lindholm\/Jari Mr","description":"Merkint\u00f6j\u00e4 mullistuksista","potentialAction":[{"@type":"SearchAction","target":{"@type":"EntryPoint","urlTemplate":"https:\/\/suomenkuvalehti.fi\/haku\/?q={search_term_string}"},"query-input":{"@type":"PropertyValueSpecification","valueRequired":true,"valueName":"search_term_string"}}],"inLanguage":"fi"},{"@type":"Person","@id":"https:\/\/suomenkuvalehti.fi\/lindholmjarimr\/#\/schema\/person\/306499d6b163f440022bbe71d3bc41e5","name":"Jari Lindholm","image":{"@type":"ImageObject","inLanguage":"fi","@id":"https:\/\/suomenkuvalehti.fi\/lindholmjarimr\/#\/schema\/person\/image\/","url":"https:\/\/suomenkuvalehti.fi\/lindholmjarimr\/wp-content\/uploads\/sites\/33\/2014\/11\/SK_Lindholm_Jari_pieni_MV-150x150.jpg","contentUrl":"https:\/\/suomenkuvalehti.fi\/lindholmjarimr\/wp-content\/uploads\/sites\/33\/2014\/11\/SK_Lindholm_Jari_pieni_MV-150x150.jpg","caption":"Jari Lindholm"},"description":"1960\u20132016.","sameAs":["https:\/\/x.com\/https:\/\/twitter.com\/jarzuli"]}]}},"_links":{"self":[{"href":"https:\/\/suomenkuvalehti.fi\/lindholmjarimr\/wp-json\/wp\/v2\/posts\/76","targetHints":{"allow":["GET"]}}],"collection":[{"href":"https:\/\/suomenkuvalehti.fi\/lindholmjarimr\/wp-json\/wp\/v2\/posts"}],"about":[{"href":"https:\/\/suomenkuvalehti.fi\/lindholmjarimr\/wp-json\/wp\/v2\/types\/post"}],"author":[{"embeddable":true,"href":"https:\/\/suomenkuvalehti.fi\/lindholmjarimr\/wp-json\/wp\/v2\/users\/6"}],"replies":[{"embeddable":true,"href":"https:\/\/suomenkuvalehti.fi\/lindholmjarimr\/wp-json\/wp\/v2\/comments?post=76"}],"version-history":[{"count":9,"href":"https:\/\/suomenkuvalehti.fi\/lindholmjarimr\/wp-json\/wp\/v2\/posts\/76\/revisions"}],"predecessor-version":[{"id":85,"href":"https:\/\/suomenkuvalehti.fi\/lindholmjarimr\/wp-json\/wp\/v2\/posts\/76\/revisions\/85"}],"wp:attachment":[{"href":"https:\/\/suomenkuvalehti.fi\/lindholmjarimr\/wp-json\/wp\/v2\/media?parent=76"}],"wp:term":[{"taxonomy":"category","embeddable":true,"href":"https:\/\/suomenkuvalehti.fi\/lindholmjarimr\/wp-json\/wp\/v2\/categories?post=76"},{"taxonomy":"post_tag","embeddable":true,"href":"https:\/\/suomenkuvalehti.fi\/lindholmjarimr\/wp-json\/wp\/v2\/tags?post=76"}],"curies":[{"name":"wp","href":"https:\/\/api.w.org\/{rel}","templated":true}]}}