{"id":228,"date":"2016-04-28T10:00:14","date_gmt":"2016-04-28T07:00:14","guid":{"rendered":"https:\/\/suomenkuvalehti.fi\/lindholmjarimr\/?p=228"},"modified":"2016-04-28T10:38:56","modified_gmt":"2016-04-28T07:38:56","slug":"kahden-kerroksen-hourupaita","status":"publish","type":"post","link":"https:\/\/suomenkuvalehti.fi\/lindholmjarimr\/kahden-kerroksen-hourupaita\/","title":{"rendered":"Kahden kerroksen hourup\u00e4it\u00e4"},"content":{"rendered":"\n<p>Ihmiset uskovat mihin haluavat. Enk\u00e4 nyt tarkoita pelk\u00e4st\u00e4\u00e4n <a href=\"http:\/\/yle.fi\/uutiset\/villi_huhu_tuulivoiman_tappamista_kanoista_ei_pida_paikkaansa__kanat_tappoi_minkki\/8815515\" target=\"_blank\">r\u00e4j\u00e4ht\u00e4vi\u00e4 kanoja<\/a>.<\/p>\n\n\n\n<p>Palattuani hiljan ty\u00f6matkalta T\u0161ernobylist\u00e4 useampikin tuttu tuli kertomaan, kuinka &#8221;pahimmalla laskeuma-alueella&#8221; Keski-Suomessa jonkun kaverin kaveri oli aikoinaan sairastunut kilpirauhassy\u00f6p\u00e4\u00e4n \u2013 vaikka asiantuntijat ovat v\u00e4symiseen asti vakuuttaneet (esimerkiksi <a href=\"http:\/\/yle.fi\/uutiset\/tshernobyl_ei_tapa_suomalaisia\/6490321\" target=\"_blank\">t\u00e4\u00e4ll\u00e4<\/a>, <a href=\"http:\/\/www.cancer.fi\/syoparekisteri\/tutkimus\/tshernobyl-ei-ole-lisannyt-syopi\/\" target=\"_blank\">t\u00e4\u00e4ll\u00e4<\/a> ja <a href=\"http:\/\/www.hs.fi\/tiede\/a1461034435797\" target=\"_blank\">t\u00e4\u00e4ll\u00e4<\/a>), ettei se ole koskaan ollut havaituilla&nbsp;s\u00e4teilyarvoilla mahdollista.<\/p>\n\n\n\n<p>Tuttuni eiv\u00e4t ole mit\u00e4\u00e4n&nbsp;vaahtokurkkuisia hourup\u00e4it\u00e4. He ovat fiksuja, sivistyneit\u00e4, maailmaa n\u00e4hneit\u00e4 ja medialukutaitoisia ihmisi\u00e4.&nbsp;Silti he pit\u00e4v\u00e4t henkisell\u00e4 lukkopurennalla kiinni&nbsp;uskomuksista, jotka tutkitun tiedon sijasta perustuvat kuulopuheisiin ja anekdootteihin.<\/p>\n\n\n\n<p>Eiv\u00e4tk\u00e4 he ole ainoita. Kevyesti pintaa raaputtamalla l\u00f6ytyy yll\u00e4tt\u00e4v\u00e4n monesta p\u00e4\u00e4llisin puolin normaalista ihmisest\u00e4 mutrusuinen salaliittoteoreetikko.<\/p>\n\n\n\n<p>Kaikki eiv\u00e4t ehk\u00e4&nbsp;suoranaisesti usko <strong>George W. Bushin<\/strong> r\u00e4j\u00e4ytt\u00e4neen WTC-tornit tai MPR-rokotteen aiheuttavan autismia.&nbsp;Mutta monissa it\u00e4\u00e4 &#8221;terve ep\u00e4ilys&#8221;, joka pulpahtaa helposti&nbsp;esiin esimerkiksi Facebook-keskusteluissa. <a href=\"https:\/\/suomenkuvalehti.fi\/tarinoitatieteesta\/vaadin-asiasta-puolueetonta-tieteellista-tutkimusta\/?shared=1211-e6779be2-999\" target=\"_blank\">Halutaan &#8221;lis\u00e4\u00e4 tietoa&#8221; ja &#8221;puolueettomia tutkimuksia&#8221;<\/a>, vaikka asiaa olisi pengottu&nbsp;vuosia kynnet verill\u00e4. S\u00e4hk\u00f6yliherkkyys <em>voi olla<\/em> totta, koska Pena&nbsp;sanoo ett\u00e4 sill\u00e4&nbsp;on se. Maapallo <em>saattaa<\/em>&nbsp;killua avaruudessa j\u00e4ttim\u00e4isen kilpikonnan p\u00e4\u00e4ll\u00e4, koska Raija n\u00e4ki otuksesta&nbsp;vilauksen.<\/p>\n\n\n\n<p>Haastattelin&nbsp;vuosi sitten <a href=\"https:\/\/suomenkuvalehti.fi\/jutut\/kotimaa\/rokotusten-vastustaja-ei-piikkeja-vaan-valkosipulia\/?shared=82709-1250b9c8-999\" target=\"_blank\">juttua varten<\/a> muutamia rokotusvastustajia p\u00e4\u00e4st\u00e4kseni k\u00e4rryille, miten heid\u00e4n maailmansa&nbsp;on muodostunut. He puhuivat &#8221;aivosumun h\u00e4lvenemisest\u00e4&#8221; ja &#8221;oman totuuden tekemisest\u00e4&#8221;: vapaa ihminen ker\u00e4\u00e4 itse&nbsp;katsomuksensa ainekset virallisesta tiedosta piittaamatta.<\/p>\n\n\n\n<p>\u201dHaet Wikipediasta mit\u00e4 rokote sis\u00e4lt\u00e4\u00e4, n\u00e4et mihin solumassaan se on tehty, ja sen j\u00e4lkeen yhdist\u00e4t sen tietoosi ihmisen elimist\u00f6n toiminnasta\u201d, kuvaili er\u00e4s haastateltava.<\/p>\n\n\n\n<p>\u201dJos olet yhdenkin salaliittoteorian uskonut, sen j\u00e4lkeen pid\u00e4t kaikkea mahdollisena. Helpottaa her\u00e4\u00e4mist\u00e4, jos osaa esitt\u00e4\u00e4 kysymyksi\u00e4.\u201d<\/p>\n\n\n\n<p>T\u00e4llaisen ihmisen p\u00e4\u00e4t\u00e4 on turha yritt\u00e4\u00e4 k\u00e4\u00e4nt\u00e4\u00e4, koska&nbsp;mukana on maailmankuvallinen elementti, joka suodattaa tietoa ja tulkitsee sit\u00e4 tehokkaasti, sanoi Turun yliopiston l\u00e4\u00e4ketieteellisen etiikan professori <strong>Veikko Launis<\/strong>.<\/p>\n\n\n\n<p>\u201dAina l\u00f6ytyy jokin tietol\u00e4hde, joka kyseenalaistaa kaiken, tai osatutkimus, joka j\u00e4tt\u00e4\u00e4 jonkin oven auki.\u201d<\/p>\n\n\n\n<p>Launiksen mukaan \u201dher\u00e4\u00e4misen\u201d t\u00e4rkein kimmoke on usein jokin yksitt\u00e4inen esimerkkitapaus.<\/p>\n\n\n\n<p>\u201dJoku joka antaa nimen ja kasvot, paikan ja ajan, mit\u00e4 tapahtui ja mit\u00e4 j\u00e4i tapahtumatta. Sellainen puhuttelee paljon enemm\u00e4n kuin tutkijoiden tilastollinen puhe tai viranomaisten geneerinen keskustelu, jossa ei ole nimi\u00e4 eik\u00e4 kasvoja.\u201d<\/p>\n\n\n\n<p>Nykyihmisell\u00e4 pit\u00e4isi periaatteessa olla kaikki ty\u00f6kalut humpuukin vastustamiseen, mutta todellisuudessa h\u00e4n on aseeton, Launis sanoi.<\/p>\n\n\n\n<p>\u201dOn paradoksaalista, ett\u00e4 ihmiset ovat koulutetumpia ja autonomisempia kuin koskaan ja kokevat olevansa vastuussa omasta terveydest\u00e4\u00e4n, mutta samaan aikaan he ovat t\u00e4llaisten voimien viet\u00e4viss\u00e4.\u201d<\/p>\n\n\n\n<p>Analyysi p\u00e4tee laajemminkin. Samasta l\u00e4hteest\u00e4&nbsp;\u2013 kuvitelmasta, ett\u00e4 itse tiet\u00e4\u00e4 asiat parhaiten&nbsp;\u2013 kumpuavat my\u00f6s nykysuomalainen rasismi ja muukalaiskammo. Uskotaan mit\u00e4 sattuu, luetaan mit\u00e4 sattuu, p\u00e4\u00e4tell\u00e4\u00e4n mit\u00e4 sattuu. Sitten noukitaan tutkimuksista sopivat ja yleistet\u00e4\u00e4n&nbsp;tukka putkella, Facebook-vertaisryhm\u00e4n aplodeista nauttien.<\/p>\n\n\n\n<p>T\u00e4m\u00e4 on t\u00e4ysin lajityypillist\u00e4 salaliittouskovaisen k\u00e4yt\u00f6st\u00e4. Ja kuitenkin samat ihmiset, jotka ovat itse vakuuttuneita suomalaisista&nbsp;T\u0161ernobyl-kuolemista eiv\u00e4tk\u00e4 halua antaa tytt\u00e4rilleen HPV-rokotetta ennen &#8221;lis\u00e4tutkimuksia&#8221;, tuomitsevat MV-lehteen uskovat tappajafriikeiksi.<\/p>\n\n\n\n<p>Ilmeisesti on jotenkin enemm\u00e4n j\u00e4rkihommaa&nbsp;ep\u00e4ill\u00e4 l\u00e4\u00e4ketieteellist\u00e4 konsensusta kuin uskoa huuhaauutisia afgaaniraiskareista. Maailma on outo paikka.<\/p>\n\n\n\n<p>\n<\/p>\n\n","protected":false},"excerpt":{"rendered":"<p>Ihmiset uskovat mihin haluavat. Enk\u00e4 nyt tarkoita pelk\u00e4st\u00e4\u00e4n r\u00e4j\u00e4ht\u00e4vi\u00e4 kanoja. Palattuani hiljan ty\u00f6matkalta T\u0161ernobylist\u00e4 useampikin tuttu tuli kertomaan, kuinka &#8221;pahimmalla laskeuma-alueella&#8221; Keski-Suomessa jonkun kaverin kaveri oli aikoinaan sairastunut kilpirauhassy\u00f6p\u00e4\u00e4n<br \/>\n\u2013 vaikka asia&hellip;<\/p>\n","protected":false},"author":6,"featured_media":0,"comment_status":"open","ping_status":"open","sticky":false,"template":"","format":"standard","meta":{"_acf_changed":false,"asauth_required_access_level":3,"asauth_cansharepaid":"true","om_header_attributes":[],"footnotes":"","om_featured_image_focal_point":[],"om_primary_tag":0,"om_contributors":[],"om_co_authors":[],"beyondwords_generate_audio":"","beyondwords_project_id":"","beyondwords_content_id":"","beyondwords_preview_token":"","beyondwords_player_content":"","beyondwords_player_style":"","beyondwords_language_code":"","beyondwords_language_id":"","beyondwords_title_voice_id":"","beyondwords_body_voice_id":"","beyondwords_summary_voice_id":"","beyondwords_error_message":"","beyondwords_disabled":"","beyondwords_delete_content":"","beyondwords_podcast_id":"","beyondwords_hash":"","publish_post_to_speechkit":"","speechkit_hash":"","speechkit_generate_audio":"","speechkit_project_id":"","speechkit_podcast_id":"","speechkit_error_message":"","speechkit_disabled":"","speechkit_access_key":"","speechkit_error":"","speechkit_info":"","speechkit_response":"","speechkit_retries":"","speechkit_status":"","speechkit_updated_at":"","_speechkit_link":"","_speechkit_text":""},"categories":[7],"tags":[30,32,33,34],"class_list":["post-228","post","type-post","status-publish","format-standard","hentry","category-lindholmjarimr","tag-rasismi","tag-rokotusvastaisuus","tag-salaliittoteoriat","tag-tshernobyl"],"om_views":null,"acf":{"tuuma_off":false,"tuuma_kysymys":"","tuuma_vastaus":""},"asauth":{"required_access_level":1,"share_token":"","is_paid":false},"yoast_head":"<!-- This site is optimized with the Yoast SEO plugin v26.4 - https:\/\/yoast.com\/wordpress\/plugins\/seo\/ -->\n<title>Kahden kerroksen hourup\u00e4it\u00e4 - Lindholm\/Jari Mr<\/title>\n<meta name=\"robots\" content=\"index, follow, max-snippet:-1, max-image-preview:large, max-video-preview:-1\" \/>\n<link rel=\"canonical\" href=\"https:\/\/suomenkuvalehti.fi\/lindholmjarimr\/kahden-kerroksen-hourupaita\/\" \/>\n<meta property=\"og:locale\" content=\"fi_FI\" \/>\n<meta property=\"og:type\" content=\"article\" \/>\n<meta property=\"og:title\" content=\"Kahden kerroksen hourup\u00e4it\u00e4 - Lindholm\/Jari Mr\" \/>\n<meta property=\"og:description\" content=\"Ihmiset uskovat mihin haluavat. Enk\u00e4 nyt tarkoita pelk\u00e4st\u00e4\u00e4n r\u00e4j\u00e4ht\u00e4vi\u00e4 kanoja. Palattuani hiljan ty\u00f6matkalta T\u0161ernobylist\u00e4 useampikin tuttu tuli kertomaan, kuinka &#8221;pahimmalla laskeuma-alueella&#8221; Keski-Suomessa jonkun kaverin kaveri oli aikoinaan sairastunut kilpirauhassy\u00f6p\u00e4\u00e4n \u2013 vaikka asia&hellip;\" \/>\n<meta property=\"og:url\" content=\"https:\/\/suomenkuvalehti.fi\/lindholmjarimr\/kahden-kerroksen-hourupaita\/\" \/>\n<meta property=\"og:site_name\" content=\"Lindholm\/Jari Mr\" \/>\n<meta property=\"article:published_time\" content=\"2016-04-28T07:00:14+00:00\" \/>\n<meta property=\"article:modified_time\" content=\"2016-04-28T07:38:56+00:00\" \/>\n<meta name=\"author\" content=\"Jari Lindholm\" \/>\n<meta name=\"twitter:label1\" content=\"Written by\" \/>\n\t<meta name=\"twitter:data1\" content=\"Jari Lindholm\" \/>\n\t<meta name=\"twitter:label2\" content=\"Est. reading time\" \/>\n\t<meta name=\"twitter:data2\" content=\"3 minuuttia\" \/>\n<script type=\"application\/ld+json\" class=\"yoast-schema-graph\">{\"@context\":\"https:\/\/schema.org\",\"@graph\":[{\"@type\":\"WebPage\",\"@id\":\"https:\/\/suomenkuvalehti.fi\/lindholmjarimr\/kahden-kerroksen-hourupaita\/\",\"url\":\"https:\/\/suomenkuvalehti.fi\/lindholmjarimr\/kahden-kerroksen-hourupaita\/\",\"name\":\"Kahden kerroksen hourup\u00e4it\u00e4 - Lindholm\/Jari Mr\",\"isPartOf\":{\"@id\":\"https:\/\/suomenkuvalehti.fi\/lindholmjarimr\/#website\"},\"datePublished\":\"2016-04-28T07:00:14+00:00\",\"dateModified\":\"2016-04-28T07:38:56+00:00\",\"author\":{\"@id\":\"https:\/\/suomenkuvalehti.fi\/lindholmjarimr\/#\/schema\/person\/306499d6b163f440022bbe71d3bc41e5\"},\"breadcrumb\":{\"@id\":\"https:\/\/suomenkuvalehti.fi\/lindholmjarimr\/kahden-kerroksen-hourupaita\/#breadcrumb\"},\"inLanguage\":\"fi\",\"potentialAction\":[{\"@type\":\"ReadAction\",\"target\":[\"https:\/\/suomenkuvalehti.fi\/lindholmjarimr\/kahden-kerroksen-hourupaita\/\"]}]},{\"@type\":\"BreadcrumbList\",\"@id\":\"https:\/\/suomenkuvalehti.fi\/lindholmjarimr\/kahden-kerroksen-hourupaita\/#breadcrumb\",\"itemListElement\":[{\"@type\":\"ListItem\",\"position\":1,\"name\":\"Home\",\"item\":\"https:\/\/suomenkuvalehti.fi\/lindholmjarimr\/\"},{\"@type\":\"ListItem\",\"position\":2,\"name\":\"Kahden kerroksen hourup\u00e4it\u00e4\"}]},{\"@type\":\"WebSite\",\"@id\":\"https:\/\/suomenkuvalehti.fi\/lindholmjarimr\/#website\",\"url\":\"https:\/\/suomenkuvalehti.fi\/lindholmjarimr\/\",\"name\":\"Lindholm\/Jari Mr\",\"description\":\"Merkint\u00f6j\u00e4 mullistuksista\",\"potentialAction\":[{\"@type\":\"SearchAction\",\"target\":{\"@type\":\"EntryPoint\",\"urlTemplate\":\"https:\/\/suomenkuvalehti.fi\/haku\/?q={search_term_string}\"},\"query-input\":{\"@type\":\"PropertyValueSpecification\",\"valueRequired\":true,\"valueName\":\"search_term_string\"}}],\"inLanguage\":\"fi\"},{\"@type\":\"Person\",\"@id\":\"https:\/\/suomenkuvalehti.fi\/lindholmjarimr\/#\/schema\/person\/306499d6b163f440022bbe71d3bc41e5\",\"name\":\"Jari Lindholm\",\"image\":{\"@type\":\"ImageObject\",\"inLanguage\":\"fi\",\"@id\":\"https:\/\/suomenkuvalehti.fi\/lindholmjarimr\/#\/schema\/person\/image\/\",\"url\":\"https:\/\/suomenkuvalehti.fi\/lindholmjarimr\/wp-content\/uploads\/sites\/33\/2014\/11\/SK_Lindholm_Jari_pieni_MV-150x150.jpg\",\"contentUrl\":\"https:\/\/suomenkuvalehti.fi\/lindholmjarimr\/wp-content\/uploads\/sites\/33\/2014\/11\/SK_Lindholm_Jari_pieni_MV-150x150.jpg\",\"caption\":\"Jari Lindholm\"},\"description\":\"1960\u20132016.\",\"sameAs\":[\"https:\/\/x.com\/https:\/\/twitter.com\/jarzuli\"]}]}<\/script>\n<!-- \/ Yoast SEO plugin. -->","yoast_head_json":{"title":"Kahden kerroksen hourup\u00e4it\u00e4 - Lindholm\/Jari Mr","robots":{"index":"index","follow":"follow","max-snippet":"max-snippet:-1","max-image-preview":"max-image-preview:large","max-video-preview":"max-video-preview:-1"},"canonical":"https:\/\/suomenkuvalehti.fi\/lindholmjarimr\/kahden-kerroksen-hourupaita\/","og_locale":"fi_FI","og_type":"article","og_title":"Kahden kerroksen hourup\u00e4it\u00e4 - Lindholm\/Jari Mr","og_description":"Ihmiset uskovat mihin haluavat. Enk\u00e4 nyt tarkoita pelk\u00e4st\u00e4\u00e4n r\u00e4j\u00e4ht\u00e4vi\u00e4 kanoja. Palattuani hiljan ty\u00f6matkalta T\u0161ernobylist\u00e4 useampikin tuttu tuli kertomaan, kuinka &#8221;pahimmalla laskeuma-alueella&#8221; Keski-Suomessa jonkun kaverin kaveri oli aikoinaan sairastunut kilpirauhassy\u00f6p\u00e4\u00e4n \u2013 vaikka asia&hellip;","og_url":"https:\/\/suomenkuvalehti.fi\/lindholmjarimr\/kahden-kerroksen-hourupaita\/","og_site_name":"Lindholm\/Jari Mr","article_published_time":"2016-04-28T07:00:14+00:00","article_modified_time":"2016-04-28T07:38:56+00:00","author":"Jari Lindholm","twitter_misc":{"Written by":"Jari Lindholm","Est. reading time":"3 minuuttia"},"schema":{"@context":"https:\/\/schema.org","@graph":[{"@type":"WebPage","@id":"https:\/\/suomenkuvalehti.fi\/lindholmjarimr\/kahden-kerroksen-hourupaita\/","url":"https:\/\/suomenkuvalehti.fi\/lindholmjarimr\/kahden-kerroksen-hourupaita\/","name":"Kahden kerroksen hourup\u00e4it\u00e4 - Lindholm\/Jari Mr","isPartOf":{"@id":"https:\/\/suomenkuvalehti.fi\/lindholmjarimr\/#website"},"datePublished":"2016-04-28T07:00:14+00:00","dateModified":"2016-04-28T07:38:56+00:00","author":{"@id":"https:\/\/suomenkuvalehti.fi\/lindholmjarimr\/#\/schema\/person\/306499d6b163f440022bbe71d3bc41e5"},"breadcrumb":{"@id":"https:\/\/suomenkuvalehti.fi\/lindholmjarimr\/kahden-kerroksen-hourupaita\/#breadcrumb"},"inLanguage":"fi","potentialAction":[{"@type":"ReadAction","target":["https:\/\/suomenkuvalehti.fi\/lindholmjarimr\/kahden-kerroksen-hourupaita\/"]}]},{"@type":"BreadcrumbList","@id":"https:\/\/suomenkuvalehti.fi\/lindholmjarimr\/kahden-kerroksen-hourupaita\/#breadcrumb","itemListElement":[{"@type":"ListItem","position":1,"name":"Home","item":"https:\/\/suomenkuvalehti.fi\/lindholmjarimr\/"},{"@type":"ListItem","position":2,"name":"Kahden kerroksen hourup\u00e4it\u00e4"}]},{"@type":"WebSite","@id":"https:\/\/suomenkuvalehti.fi\/lindholmjarimr\/#website","url":"https:\/\/suomenkuvalehti.fi\/lindholmjarimr\/","name":"Lindholm\/Jari Mr","description":"Merkint\u00f6j\u00e4 mullistuksista","potentialAction":[{"@type":"SearchAction","target":{"@type":"EntryPoint","urlTemplate":"https:\/\/suomenkuvalehti.fi\/haku\/?q={search_term_string}"},"query-input":{"@type":"PropertyValueSpecification","valueRequired":true,"valueName":"search_term_string"}}],"inLanguage":"fi"},{"@type":"Person","@id":"https:\/\/suomenkuvalehti.fi\/lindholmjarimr\/#\/schema\/person\/306499d6b163f440022bbe71d3bc41e5","name":"Jari Lindholm","image":{"@type":"ImageObject","inLanguage":"fi","@id":"https:\/\/suomenkuvalehti.fi\/lindholmjarimr\/#\/schema\/person\/image\/","url":"https:\/\/suomenkuvalehti.fi\/lindholmjarimr\/wp-content\/uploads\/sites\/33\/2014\/11\/SK_Lindholm_Jari_pieni_MV-150x150.jpg","contentUrl":"https:\/\/suomenkuvalehti.fi\/lindholmjarimr\/wp-content\/uploads\/sites\/33\/2014\/11\/SK_Lindholm_Jari_pieni_MV-150x150.jpg","caption":"Jari Lindholm"},"description":"1960\u20132016.","sameAs":["https:\/\/x.com\/https:\/\/twitter.com\/jarzuli"]}]}},"_links":{"self":[{"href":"https:\/\/suomenkuvalehti.fi\/lindholmjarimr\/wp-json\/wp\/v2\/posts\/228","targetHints":{"allow":["GET"]}}],"collection":[{"href":"https:\/\/suomenkuvalehti.fi\/lindholmjarimr\/wp-json\/wp\/v2\/posts"}],"about":[{"href":"https:\/\/suomenkuvalehti.fi\/lindholmjarimr\/wp-json\/wp\/v2\/types\/post"}],"author":[{"embeddable":true,"href":"https:\/\/suomenkuvalehti.fi\/lindholmjarimr\/wp-json\/wp\/v2\/users\/6"}],"replies":[{"embeddable":true,"href":"https:\/\/suomenkuvalehti.fi\/lindholmjarimr\/wp-json\/wp\/v2\/comments?post=228"}],"version-history":[{"count":11,"href":"https:\/\/suomenkuvalehti.fi\/lindholmjarimr\/wp-json\/wp\/v2\/posts\/228\/revisions"}],"predecessor-version":[{"id":239,"href":"https:\/\/suomenkuvalehti.fi\/lindholmjarimr\/wp-json\/wp\/v2\/posts\/228\/revisions\/239"}],"wp:attachment":[{"href":"https:\/\/suomenkuvalehti.fi\/lindholmjarimr\/wp-json\/wp\/v2\/media?parent=228"}],"wp:term":[{"taxonomy":"category","embeddable":true,"href":"https:\/\/suomenkuvalehti.fi\/lindholmjarimr\/wp-json\/wp\/v2\/categories?post=228"},{"taxonomy":"post_tag","embeddable":true,"href":"https:\/\/suomenkuvalehti.fi\/lindholmjarimr\/wp-json\/wp\/v2\/tags?post=228"}],"curies":[{"name":"wp","href":"https:\/\/api.w.org\/{rel}","templated":true}]}}