{"id":208,"date":"2016-04-14T16:20:10","date_gmt":"2016-04-14T13:20:10","guid":{"rendered":"https:\/\/suomenkuvalehti.fi\/lindholmjarimr\/?p=208"},"modified":"2016-04-14T16:34:41","modified_gmt":"2016-04-14T13:34:41","slug":"tsernobylin-kaasunaamarit-ja-journalismin-moraali","status":"publish","type":"post","link":"https:\/\/suomenkuvalehti.fi\/lindholmjarimr\/tsernobylin-kaasunaamarit-ja-journalismin-moraali\/","title":{"rendered":"T\u0161ernobylin kaasunaamarit ja journalismin moraali"},"content":{"rendered":"\n<p>Pripjatin autiokaupungissa l\u00e4hell\u00e4&nbsp;T\u0161ernobyli\u00e4 t\u00f6rm\u00e4sin makoisaan journalistis-eettiseen ongelmaan.<\/p>\n\n\n\n<p>Tied\u00e4tteh\u00e4n ne kuuluisat lasten koon kaasunaamarit, joita lojuu hyl\u00e4tyn koulun lattialla? Ne joista on vuosikaudet otettu dramaattisia kuvia osoittamaan, kuinka koululaisillekin tuli \u00e4kkil\u00e4ht\u00f6, kun&nbsp;T\u0161ernobylin ydinvoimalassa&nbsp;r\u00e4j\u00e4hti aamuy\u00f6ll\u00e4 26. huhtikuuta 1986?<\/p>\n\n\n\n<p>Siis n\u00e4m\u00e4:<\/p>\n\n\n<figure class=\"aligncenter size-full wp-block-image\">\n  <div class=\"wp-block-image__inner-container\">\n    <a href=\"https:\/\/suomenkuvalehti.fi\/lindholmjarimr\/wp-content\/uploads\/sites\/33\/2016\/04\/4H3A0330.jpg\" rel=\"attachment wp-att-209\"><img loading=\"lazy\" decoding=\"async\" src=\"https:\/\/suomenkuvalehti.fi\/lindholmjarimr\/wp-content\/uploads\/sites\/33\/2016\/04\/4H3A0330.jpg\" alt=\"4H3A0330\" class=\"wp-image-209\" width=\"1200\" height=\"893\" style=\"--aspect-ratio: 1.34\" srcset=\"https:\/\/suomenkuvalehti.fi\/lindholmjarimr\/wp-content\/uploads\/sites\/33\/2016\/04\/4H3A0330.jpg 1200w, https:\/\/suomenkuvalehti.fi\/lindholmjarimr\/wp-content\/uploads\/sites\/33\/2016\/04\/4H3A0330-300x223.jpg 300w, https:\/\/suomenkuvalehti.fi\/lindholmjarimr\/wp-content\/uploads\/sites\/33\/2016\/04\/4H3A0330-768x572.jpg 768w, https:\/\/suomenkuvalehti.fi\/lindholmjarimr\/wp-content\/uploads\/sites\/33\/2016\/04\/4H3A0330-1024x762.jpg 1024w\" sizes=\"auto, (max-width: 1200px) 100vw, 1200px\" \/><\/a>    <figcaption class=\"wp-block-image__figcaption\">\n            <span class='wp-block-image__copyright'>&copy; Jari Lindholm<\/span>    <\/figcaption>\n      <\/div>\n<\/figure>\n\n\n\n<p>Ik\u00e4v\u00e4 kyll\u00e4 todellisuus pilaa t\u00e4ll\u00e4kin kerralla hyv\u00e4n draaman.<\/p>\n\n\n\n<p>Paikalliset oppaat kertovat avoimesti, ettei kaasunaamareita ollut&nbsp;ruokasalin lattialla 26. huhtikuuta. Niit\u00e4 s\u00e4ilytettiin v\u00e4est\u00f6nsuojeluharjoituksia varten pahvilaatikoissa koulun kellarissa, mist\u00e4 joku on ne vuosien saatossa raahannut yl\u00e4kertaan. Niit\u00e4 ei k\u00e4ytetty onnettomuusp\u00e4iv\u00e4n\u00e4, ja miksi olisi k\u00e4ytettyk\u00e4\u00e4n: pripjatilaiset eiv\u00e4t tienneet olevansa vaarassa, ja vaikka olisivat tienneetkin, n\u00e4m\u00e4 kemiallisten myrkkyjen torjuntaan tarkoitetut naamarit olisivat olleet hy\u00f6dytt\u00f6mi\u00e4.<\/p>\n\n\n\n<p>Eik\u00e4&nbsp;pripjatilaisille sit\u00e4 paitsi mik\u00e4\u00e4n kiire tullut. Koulu p\u00e4\u00e4ttyi sin\u00e4 lauantaina klo 14, jolloin lapset l\u00e4htiv\u00e4t normaalisti kotiin. Evakuoinnista ilmoitettiin kova\u00e4\u00e4nisill\u00e4 vuorokautta my\u00f6hemmin, sunnuntaina klo 13.10. Sit\u00e4 ennen kaupunkilaisia oli jo kehotettu pakkaamaan kassit valmiiksi.<\/p>\n\n\n\n<p>Kukaan ei siis &#8221;j\u00e4tt\u00e4nyt kiireess\u00e4&#8221; mit\u00e4\u00e4n mihink\u00e4\u00e4n. Ei kattilaa liedelle, ei kaasunaamareita ruokalaan, ei satukirjoja lastentarhan lattialle eik\u00e4 nukkeja pihalle lehtikasaan. Jos n\u00e4ette valokuvissa t\u00e4llaisia asetelmia, ne ovat lavastuksia.<\/p>\n\n\n\n<p>Mutta eik\u00f6 erehtyminen ole inhimillist\u00e4?&nbsp;Kuinka voisi tiet\u00e4\u00e4 kaasunaamarien todellisen taustan, ellei opas sit\u00e4 kerro?<\/p>\n\n\n\n<p>Niin, kuinka tosiaan:<\/p>\n\n\n<figure class=\"aligncenter size-full wp-block-image\">\n  <div class=\"wp-block-image__inner-container\">\n    <a href=\"https:\/\/suomenkuvalehti.fi\/lindholmjarimr\/wp-content\/uploads\/sites\/33\/2016\/04\/4H3A0332.jpg\" rel=\"attachment wp-att-212\"><img loading=\"lazy\" decoding=\"async\" src=\"https:\/\/suomenkuvalehti.fi\/lindholmjarimr\/wp-content\/uploads\/sites\/33\/2016\/04\/4H3A0332.jpg\" alt=\"4H3A0332\" class=\"wp-image-212\" width=\"1200\" height=\"800\" style=\"--aspect-ratio: 1.5\" srcset=\"https:\/\/suomenkuvalehti.fi\/lindholmjarimr\/wp-content\/uploads\/sites\/33\/2016\/04\/4H3A0332.jpg 1200w, https:\/\/suomenkuvalehti.fi\/lindholmjarimr\/wp-content\/uploads\/sites\/33\/2016\/04\/4H3A0332-300x200.jpg 300w, https:\/\/suomenkuvalehti.fi\/lindholmjarimr\/wp-content\/uploads\/sites\/33\/2016\/04\/4H3A0332-768x512.jpg 768w, https:\/\/suomenkuvalehti.fi\/lindholmjarimr\/wp-content\/uploads\/sites\/33\/2016\/04\/4H3A0332-1024x683.jpg 1024w\" sizes=\"auto, (max-width: 1200px) 100vw, 1200px\" \/><\/a>    <figcaption class=\"wp-block-image__figcaption\">\n            <span class='wp-block-image__copyright'>&copy; Jari Lindholm<\/span>    <\/figcaption>\n      <\/div>\n<\/figure>\n\n\n\n<p>Kiire n\u00e4ytt\u00e4\u00e4 lapsilla olleen, siihenh\u00e4n on unohtunut&nbsp;suksetkin&nbsp;\u2013 kuumana kev\u00e4tp\u00e4iv\u00e4n\u00e4.<\/p>\n\n\n\n<p>Kaasunaamarikuvissa ei ole sin\u00e4ns\u00e4 mit\u00e4\u00e4n v\u00e4\u00e4r\u00e4\u00e4, tavarahan&nbsp;on aitoa. Ongelma syntyy, kun tausta j\u00e4tet\u00e4\u00e4n avaamatta&nbsp;ja konteksti kuvaamatta.<\/p>\n\n\n\n<p>N\u00e4in on tehty vuosien varrella yh\u00e4 uudelleen.&nbsp;Esimerkiksi Getty Images -kuvatoimisto <a href=\"http:\/\/www.gettyimages.fi\/detail\/photo\/chernobly-gas-masks-royalty-free-image\/187951947\" target=\"_blank\">kertoo asiakkailleen tarjoamassaan kuvatekstiss\u00e4<\/a>, ett\u00e4 kyseess\u00e4 ovat &#8221;Pripjatin asukkaille jaettavaksi l\u00e4hetetyt kaasunaamarit, jotka m\u00e4t\u00e4nev\u00e4t koulun aulassa&#8221;. Draamaa luodaan vihjaamalla, ett\u00e4 joku olisi toimittanut&nbsp;kaupunkiin suojavarusteita, jotka j\u00e4iv\u00e4t k\u00e4ytt\u00e4m\u00e4tt\u00e4.<\/p>\n\n\n\n<p>Toisaalta onnettomuudesta on kulunut 30 vuotta, joten eiv\u00e4tk\u00f6 lavastukset jo ole tavallaan osa todellisuutta?<\/p>\n\n\n\n<p>Kyll\u00e4,&nbsp;ja tekstiss\u00e4h\u00e4n asian voi aina selitt\u00e4\u00e4. Mutta valokuvat ovat toinen juttu. Pienet kaasunaamarit laukaisevat vahvan&nbsp;tunnereaktion, joka perustuu t\u00e4ss\u00e4 tapauksessa v\u00e4\u00e4r\u00e4\u00e4n mielleyhtym\u00e4\u00e4n. V\u00e4\u00e4rink\u00e4sityst\u00e4 voi yritt\u00e4\u00e4 oikoa kuvatekstill\u00e4, mutta&nbsp;haluaisin n\u00e4hd\u00e4 sen uutisdeskin, jossa vapaaehtoisesti vesitet\u00e4\u00e4n&nbsp;hyv\u00e4 tunnelma&nbsp;kertomalla, ett\u00e4 kuvan naamarit eiv\u00e4t liity onnettomuuteen.<\/p>\n\n\n\n<p>Tilanteiden lavastaminen&nbsp;on dokumentaarisessa kuvajournalismissa kielletty\u00e4, ja aihe her\u00e4tt\u00e4\u00e4 tuon tuosta v\u00e4rik\u00e4st\u00e4 keskustelua. Viimeksi asia kuohutti journalistifoorumeita maaliskuussa, kun palestiinalaiskuvaaja <strong>Khaled Al Sabbah<\/strong> <a href=\"http:\/\/petapixel.com\/2016\/03\/24\/photojournalist-caught-posing-girl-brussels-memorial\/\" target=\"_blank\">j\u00e4i nolosti kiinni<\/a> pikkutyt\u00f6n ohjailusta Brysselin terrori-iskujen j\u00e4lkeen Place de la Boursen muistopaikalla.<\/p>\n\n\n\n<p>Tuolloin jotkut valokuvaajat olivat sit\u00e4 mielt\u00e4, ett\u00e4 ongelmaa ei ole, kunhan ei <em>itse<\/em> lavasta mit\u00e4\u00e4n&nbsp;\u2013 kollegan lavastuksen kuvaaminen on ihan jees.<\/p>\n\n\n","protected":false},"excerpt":{"rendered":"<p>Pripjatin autiokaupungissa l\u00e4hell\u00e4&nbsp;T\u0161ernobyli\u00e4 t\u00f6rm\u00e4sin makoisaan journalistis-eettiseen ongelmaan. Tied\u00e4tteh\u00e4n ne kuuluisat lasten koon kaasunaamarit, joita lojuu hyl\u00e4tyn koulun lattialla? Ne joista on vuosikaudet otettu dramaattisia kuvia osoittamaan, kuinka<br \/>\nkoululai&hellip;<\/p>\n","protected":false},"author":6,"featured_media":0,"comment_status":"open","ping_status":"open","sticky":false,"template":"","format":"standard","meta":{"_acf_changed":false,"asauth_required_access_level":3,"asauth_cansharepaid":"true","om_header_attributes":[],"footnotes":"","om_featured_image_focal_point":[],"om_primary_tag":0,"om_contributors":[],"om_co_authors":[],"beyondwords_generate_audio":"","beyondwords_project_id":"","beyondwords_content_id":"","beyondwords_preview_token":"","beyondwords_player_content":"","beyondwords_player_style":"","beyondwords_language_code":"","beyondwords_language_id":"","beyondwords_title_voice_id":"","beyondwords_body_voice_id":"","beyondwords_summary_voice_id":"","beyondwords_error_message":"","beyondwords_disabled":"","beyondwords_delete_content":"","beyondwords_podcast_id":"","beyondwords_hash":"","publish_post_to_speechkit":"","speechkit_hash":"","speechkit_generate_audio":"","speechkit_project_id":"","speechkit_podcast_id":"","speechkit_error_message":"","speechkit_disabled":"","speechkit_access_key":"","speechkit_error":"","speechkit_info":"","speechkit_response":"","speechkit_retries":"","speechkit_status":"","speechkit_updated_at":"","_speechkit_link":"","_speechkit_text":""},"categories":[7],"tags":[25,26,23,24],"class_list":["post-208","post","type-post","status-publish","format-standard","hentry","category-lindholmjarimr","tag-journalismi","tag-media","tag-tsernobyl","tag-ydinvoima"],"om_views":null,"acf":{"tuuma_off":false,"tuuma_kysymys":"","tuuma_vastaus":""},"asauth":{"required_access_level":1,"share_token":"","is_paid":false},"yoast_head":"<!-- This site is optimized with the Yoast SEO plugin v26.4 - https:\/\/yoast.com\/wordpress\/plugins\/seo\/ -->\n<title>T\u0161ernobylin kaasunaamarit ja journalismin moraali - Lindholm\/Jari Mr<\/title>\n<meta name=\"robots\" content=\"index, follow, max-snippet:-1, max-image-preview:large, max-video-preview:-1\" \/>\n<link rel=\"canonical\" href=\"https:\/\/suomenkuvalehti.fi\/lindholmjarimr\/tsernobylin-kaasunaamarit-ja-journalismin-moraali\/\" \/>\n<meta property=\"og:locale\" content=\"fi_FI\" \/>\n<meta property=\"og:type\" content=\"article\" \/>\n<meta property=\"og:title\" content=\"T\u0161ernobylin kaasunaamarit ja journalismin moraali - Lindholm\/Jari Mr\" \/>\n<meta property=\"og:description\" content=\"Pripjatin autiokaupungissa l\u00e4hell\u00e4&nbsp;T\u0161ernobyli\u00e4 t\u00f6rm\u00e4sin makoisaan journalistis-eettiseen ongelmaan. Tied\u00e4tteh\u00e4n ne kuuluisat lasten koon kaasunaamarit, joita lojuu hyl\u00e4tyn koulun lattialla? Ne joista on vuosikaudet otettu dramaattisia kuvia osoittamaan, kuinka koululai&hellip;\" \/>\n<meta property=\"og:url\" content=\"https:\/\/suomenkuvalehti.fi\/lindholmjarimr\/tsernobylin-kaasunaamarit-ja-journalismin-moraali\/\" \/>\n<meta property=\"og:site_name\" content=\"Lindholm\/Jari Mr\" \/>\n<meta property=\"article:published_time\" content=\"2016-04-14T13:20:10+00:00\" \/>\n<meta property=\"article:modified_time\" content=\"2016-04-14T13:34:41+00:00\" \/>\n<meta property=\"og:image\" content=\"https:\/\/suomenkuvalehti.fi\/lindholmjarimr\/wp-content\/uploads\/sites\/33\/2016\/04\/4H3A0330.jpg\" \/>\n<meta name=\"author\" content=\"Jari Lindholm\" \/>\n<meta name=\"twitter:label1\" content=\"Written by\" \/>\n\t<meta name=\"twitter:data1\" content=\"Jari Lindholm\" \/>\n\t<meta name=\"twitter:label2\" content=\"Est. reading time\" \/>\n\t<meta name=\"twitter:data2\" content=\"2 minuuttia\" \/>\n<script type=\"application\/ld+json\" class=\"yoast-schema-graph\">{\"@context\":\"https:\/\/schema.org\",\"@graph\":[{\"@type\":\"WebPage\",\"@id\":\"https:\/\/suomenkuvalehti.fi\/lindholmjarimr\/tsernobylin-kaasunaamarit-ja-journalismin-moraali\/\",\"url\":\"https:\/\/suomenkuvalehti.fi\/lindholmjarimr\/tsernobylin-kaasunaamarit-ja-journalismin-moraali\/\",\"name\":\"T\u0161ernobylin kaasunaamarit ja journalismin moraali - Lindholm\/Jari Mr\",\"isPartOf\":{\"@id\":\"https:\/\/suomenkuvalehti.fi\/lindholmjarimr\/#website\"},\"primaryImageOfPage\":{\"@id\":\"https:\/\/suomenkuvalehti.fi\/lindholmjarimr\/tsernobylin-kaasunaamarit-ja-journalismin-moraali\/#primaryimage\"},\"image\":{\"@id\":\"https:\/\/suomenkuvalehti.fi\/lindholmjarimr\/tsernobylin-kaasunaamarit-ja-journalismin-moraali\/#primaryimage\"},\"thumbnailUrl\":\"https:\/\/suomenkuvalehti.fi\/lindholmjarimr\/wp-content\/uploads\/sites\/33\/2016\/04\/4H3A0330.jpg\",\"datePublished\":\"2016-04-14T13:20:10+00:00\",\"dateModified\":\"2016-04-14T13:34:41+00:00\",\"author\":{\"@id\":\"https:\/\/suomenkuvalehti.fi\/lindholmjarimr\/#\/schema\/person\/306499d6b163f440022bbe71d3bc41e5\"},\"breadcrumb\":{\"@id\":\"https:\/\/suomenkuvalehti.fi\/lindholmjarimr\/tsernobylin-kaasunaamarit-ja-journalismin-moraali\/#breadcrumb\"},\"inLanguage\":\"fi\",\"potentialAction\":[{\"@type\":\"ReadAction\",\"target\":[\"https:\/\/suomenkuvalehti.fi\/lindholmjarimr\/tsernobylin-kaasunaamarit-ja-journalismin-moraali\/\"]}]},{\"@type\":\"ImageObject\",\"inLanguage\":\"fi\",\"@id\":\"https:\/\/suomenkuvalehti.fi\/lindholmjarimr\/tsernobylin-kaasunaamarit-ja-journalismin-moraali\/#primaryimage\",\"url\":\"https:\/\/suomenkuvalehti.fi\/lindholmjarimr\/wp-content\/uploads\/sites\/33\/2016\/04\/4H3A0330.jpg\",\"contentUrl\":\"https:\/\/suomenkuvalehti.fi\/lindholmjarimr\/wp-content\/uploads\/sites\/33\/2016\/04\/4H3A0330.jpg\"},{\"@type\":\"BreadcrumbList\",\"@id\":\"https:\/\/suomenkuvalehti.fi\/lindholmjarimr\/tsernobylin-kaasunaamarit-ja-journalismin-moraali\/#breadcrumb\",\"itemListElement\":[{\"@type\":\"ListItem\",\"position\":1,\"name\":\"Home\",\"item\":\"https:\/\/suomenkuvalehti.fi\/lindholmjarimr\/\"},{\"@type\":\"ListItem\",\"position\":2,\"name\":\"T\u0161ernobylin kaasunaamarit ja journalismin moraali\"}]},{\"@type\":\"WebSite\",\"@id\":\"https:\/\/suomenkuvalehti.fi\/lindholmjarimr\/#website\",\"url\":\"https:\/\/suomenkuvalehti.fi\/lindholmjarimr\/\",\"name\":\"Lindholm\/Jari Mr\",\"description\":\"Merkint\u00f6j\u00e4 mullistuksista\",\"potentialAction\":[{\"@type\":\"SearchAction\",\"target\":{\"@type\":\"EntryPoint\",\"urlTemplate\":\"https:\/\/suomenkuvalehti.fi\/haku\/?q={search_term_string}\"},\"query-input\":{\"@type\":\"PropertyValueSpecification\",\"valueRequired\":true,\"valueName\":\"search_term_string\"}}],\"inLanguage\":\"fi\"},{\"@type\":\"Person\",\"@id\":\"https:\/\/suomenkuvalehti.fi\/lindholmjarimr\/#\/schema\/person\/306499d6b163f440022bbe71d3bc41e5\",\"name\":\"Jari Lindholm\",\"image\":{\"@type\":\"ImageObject\",\"inLanguage\":\"fi\",\"@id\":\"https:\/\/suomenkuvalehti.fi\/lindholmjarimr\/#\/schema\/person\/image\/\",\"url\":\"https:\/\/suomenkuvalehti.fi\/lindholmjarimr\/wp-content\/uploads\/sites\/33\/2014\/11\/SK_Lindholm_Jari_pieni_MV-150x150.jpg\",\"contentUrl\":\"https:\/\/suomenkuvalehti.fi\/lindholmjarimr\/wp-content\/uploads\/sites\/33\/2014\/11\/SK_Lindholm_Jari_pieni_MV-150x150.jpg\",\"caption\":\"Jari Lindholm\"},\"description\":\"1960\u20132016.\",\"sameAs\":[\"https:\/\/x.com\/https:\/\/twitter.com\/jarzuli\"]}]}<\/script>\n<!-- \/ Yoast SEO plugin. -->","yoast_head_json":{"title":"T\u0161ernobylin kaasunaamarit ja journalismin moraali - Lindholm\/Jari Mr","robots":{"index":"index","follow":"follow","max-snippet":"max-snippet:-1","max-image-preview":"max-image-preview:large","max-video-preview":"max-video-preview:-1"},"canonical":"https:\/\/suomenkuvalehti.fi\/lindholmjarimr\/tsernobylin-kaasunaamarit-ja-journalismin-moraali\/","og_locale":"fi_FI","og_type":"article","og_title":"T\u0161ernobylin kaasunaamarit ja journalismin moraali - Lindholm\/Jari Mr","og_description":"Pripjatin autiokaupungissa l\u00e4hell\u00e4&nbsp;T\u0161ernobyli\u00e4 t\u00f6rm\u00e4sin makoisaan journalistis-eettiseen ongelmaan. Tied\u00e4tteh\u00e4n ne kuuluisat lasten koon kaasunaamarit, joita lojuu hyl\u00e4tyn koulun lattialla? Ne joista on vuosikaudet otettu dramaattisia kuvia osoittamaan, kuinka koululai&hellip;","og_url":"https:\/\/suomenkuvalehti.fi\/lindholmjarimr\/tsernobylin-kaasunaamarit-ja-journalismin-moraali\/","og_site_name":"Lindholm\/Jari Mr","article_published_time":"2016-04-14T13:20:10+00:00","article_modified_time":"2016-04-14T13:34:41+00:00","og_image":[{"url":"https:\/\/suomenkuvalehti.fi\/lindholmjarimr\/wp-content\/uploads\/sites\/33\/2016\/04\/4H3A0330.jpg","type":"","width":"","height":""}],"author":"Jari Lindholm","twitter_misc":{"Written by":"Jari Lindholm","Est. reading time":"2 minuuttia"},"schema":{"@context":"https:\/\/schema.org","@graph":[{"@type":"WebPage","@id":"https:\/\/suomenkuvalehti.fi\/lindholmjarimr\/tsernobylin-kaasunaamarit-ja-journalismin-moraali\/","url":"https:\/\/suomenkuvalehti.fi\/lindholmjarimr\/tsernobylin-kaasunaamarit-ja-journalismin-moraali\/","name":"T\u0161ernobylin kaasunaamarit ja journalismin moraali - Lindholm\/Jari Mr","isPartOf":{"@id":"https:\/\/suomenkuvalehti.fi\/lindholmjarimr\/#website"},"primaryImageOfPage":{"@id":"https:\/\/suomenkuvalehti.fi\/lindholmjarimr\/tsernobylin-kaasunaamarit-ja-journalismin-moraali\/#primaryimage"},"image":{"@id":"https:\/\/suomenkuvalehti.fi\/lindholmjarimr\/tsernobylin-kaasunaamarit-ja-journalismin-moraali\/#primaryimage"},"thumbnailUrl":"https:\/\/suomenkuvalehti.fi\/lindholmjarimr\/wp-content\/uploads\/sites\/33\/2016\/04\/4H3A0330.jpg","datePublished":"2016-04-14T13:20:10+00:00","dateModified":"2016-04-14T13:34:41+00:00","author":{"@id":"https:\/\/suomenkuvalehti.fi\/lindholmjarimr\/#\/schema\/person\/306499d6b163f440022bbe71d3bc41e5"},"breadcrumb":{"@id":"https:\/\/suomenkuvalehti.fi\/lindholmjarimr\/tsernobylin-kaasunaamarit-ja-journalismin-moraali\/#breadcrumb"},"inLanguage":"fi","potentialAction":[{"@type":"ReadAction","target":["https:\/\/suomenkuvalehti.fi\/lindholmjarimr\/tsernobylin-kaasunaamarit-ja-journalismin-moraali\/"]}]},{"@type":"ImageObject","inLanguage":"fi","@id":"https:\/\/suomenkuvalehti.fi\/lindholmjarimr\/tsernobylin-kaasunaamarit-ja-journalismin-moraali\/#primaryimage","url":"https:\/\/suomenkuvalehti.fi\/lindholmjarimr\/wp-content\/uploads\/sites\/33\/2016\/04\/4H3A0330.jpg","contentUrl":"https:\/\/suomenkuvalehti.fi\/lindholmjarimr\/wp-content\/uploads\/sites\/33\/2016\/04\/4H3A0330.jpg"},{"@type":"BreadcrumbList","@id":"https:\/\/suomenkuvalehti.fi\/lindholmjarimr\/tsernobylin-kaasunaamarit-ja-journalismin-moraali\/#breadcrumb","itemListElement":[{"@type":"ListItem","position":1,"name":"Home","item":"https:\/\/suomenkuvalehti.fi\/lindholmjarimr\/"},{"@type":"ListItem","position":2,"name":"T\u0161ernobylin kaasunaamarit ja journalismin moraali"}]},{"@type":"WebSite","@id":"https:\/\/suomenkuvalehti.fi\/lindholmjarimr\/#website","url":"https:\/\/suomenkuvalehti.fi\/lindholmjarimr\/","name":"Lindholm\/Jari Mr","description":"Merkint\u00f6j\u00e4 mullistuksista","potentialAction":[{"@type":"SearchAction","target":{"@type":"EntryPoint","urlTemplate":"https:\/\/suomenkuvalehti.fi\/haku\/?q={search_term_string}"},"query-input":{"@type":"PropertyValueSpecification","valueRequired":true,"valueName":"search_term_string"}}],"inLanguage":"fi"},{"@type":"Person","@id":"https:\/\/suomenkuvalehti.fi\/lindholmjarimr\/#\/schema\/person\/306499d6b163f440022bbe71d3bc41e5","name":"Jari Lindholm","image":{"@type":"ImageObject","inLanguage":"fi","@id":"https:\/\/suomenkuvalehti.fi\/lindholmjarimr\/#\/schema\/person\/image\/","url":"https:\/\/suomenkuvalehti.fi\/lindholmjarimr\/wp-content\/uploads\/sites\/33\/2014\/11\/SK_Lindholm_Jari_pieni_MV-150x150.jpg","contentUrl":"https:\/\/suomenkuvalehti.fi\/lindholmjarimr\/wp-content\/uploads\/sites\/33\/2014\/11\/SK_Lindholm_Jari_pieni_MV-150x150.jpg","caption":"Jari Lindholm"},"description":"1960\u20132016.","sameAs":["https:\/\/x.com\/https:\/\/twitter.com\/jarzuli"]}]}},"_links":{"self":[{"href":"https:\/\/suomenkuvalehti.fi\/lindholmjarimr\/wp-json\/wp\/v2\/posts\/208","targetHints":{"allow":["GET"]}}],"collection":[{"href":"https:\/\/suomenkuvalehti.fi\/lindholmjarimr\/wp-json\/wp\/v2\/posts"}],"about":[{"href":"https:\/\/suomenkuvalehti.fi\/lindholmjarimr\/wp-json\/wp\/v2\/types\/post"}],"author":[{"embeddable":true,"href":"https:\/\/suomenkuvalehti.fi\/lindholmjarimr\/wp-json\/wp\/v2\/users\/6"}],"replies":[{"embeddable":true,"href":"https:\/\/suomenkuvalehti.fi\/lindholmjarimr\/wp-json\/wp\/v2\/comments?post=208"}],"version-history":[{"count":10,"href":"https:\/\/suomenkuvalehti.fi\/lindholmjarimr\/wp-json\/wp\/v2\/posts\/208\/revisions"}],"predecessor-version":[{"id":220,"href":"https:\/\/suomenkuvalehti.fi\/lindholmjarimr\/wp-json\/wp\/v2\/posts\/208\/revisions\/220"}],"wp:attachment":[{"href":"https:\/\/suomenkuvalehti.fi\/lindholmjarimr\/wp-json\/wp\/v2\/media?parent=208"}],"wp:term":[{"taxonomy":"category","embeddable":true,"href":"https:\/\/suomenkuvalehti.fi\/lindholmjarimr\/wp-json\/wp\/v2\/categories?post=208"},{"taxonomy":"post_tag","embeddable":true,"href":"https:\/\/suomenkuvalehti.fi\/lindholmjarimr\/wp-json\/wp\/v2\/tags?post=208"}],"curies":[{"name":"wp","href":"https:\/\/api.w.org\/{rel}","templated":true}]}}