{"id":195,"date":"2016-03-30T16:59:23","date_gmt":"2016-03-30T13:59:23","guid":{"rendered":"https:\/\/suomenkuvalehti.fi\/lindholmjarimr\/?p=195"},"modified":"2016-03-30T21:21:09","modified_gmt":"2016-03-30T18:21:09","slug":"vankileirien-saaristo","status":"publish","type":"post","link":"https:\/\/suomenkuvalehti.fi\/lindholmjarimr\/vankileirien-saaristo\/","title":{"rendered":"Vankileirien saaristo"},"content":{"rendered":"\n<p>EU-p\u00e4\u00e4kaupungeissa poksahtelevat&nbsp;n\u00e4in\u00e4 p\u00e4ivin\u00e4 shamppanjapullot.<\/p>\n\n\n\n<p>N\u00e4ytt\u00e4\u00e4 n\u00e4et silt\u00e4, ett\u00e4 Eurooppaan suuntaavien turvapaikanhakijoiden m\u00e4\u00e4r\u00e4 on laskussa: Kreikan saarille on saapunut <a href=\"file:\/\/\/C:\/Users\/JARLI\/Desktop\/Daily_Arrival_Greece_28032016%20(2).pdf\" target=\"_blank\">vain muutamia veneit\u00e4 p\u00e4iv\u00e4ss\u00e4<\/a> sen j\u00e4lkeen, kun EU tiukensi turvapaikkapolitiikkaansa maaliskuussa&nbsp;ihmisoikeus- ja pakolaisj\u00e4rjest\u00f6jen arvostelusta huolimatta.<\/p>\n\n\n\n<p>On toki mahdollista, ett\u00e4 lasku on v\u00e4liaikaista. EU:n t\u00e4rkein rajavartija on Egeanmerell\u00e4 tuuli, ja se on viime viikkoina ollut oikukas. Voi my\u00f6s olla, ett\u00e4 salakuljettajat ovat p\u00e4\u00e4tt\u00e4neet pit\u00e4\u00e4 matalaa profiilia, kunnes Turkki kyll\u00e4styy l\u00e4htij\u00f6iden kytt\u00e4\u00e4miseen.<\/p>\n\n\n\n<p>Mutta mahdotonta ei ole sek\u00e4\u00e4n, ett\u00e4 ajatus joutumisesta telkien taakse on saanut&nbsp;merimatkaa suunnittelevat harkitsemaan ratkaisuaan uudelleen.<\/p>\n\n\n\n<p>Jos niin on, ja varsinkin jos it\u00e4isen V\u00e4limeren reitti hiljenee pysyv\u00e4sti, Euroopan on syyt\u00e4 ruveta miettim\u00e4\u00e4n seuraavaa ongelmaansa: mit\u00e4 tapahtuu niille miljoonalle ihmiselle, jotka viime vuonna taivalsivat Balkanin kautta etsim\u00e4\u00e4n turvaa ja onnea?<\/p>\n\n\n\n<p>Jos heist\u00e4 aiotaan&nbsp;tehd\u00e4 kotoutettuja, integroituja, tyytyv\u00e4isi\u00e4 ja jihadismille immuuneja&nbsp;kansalaisia, millaisen alun he nyt uudelle el\u00e4m\u00e4lleen saavat?<\/p>\n\n\n\n<p>Katsotaanpa:<\/p>\n\n\n\n<p><em>Kreikassa<\/em>&nbsp;he&nbsp;el\u00e4v\u00e4t <a href=\"https:\/\/www.hrw.org\/news\/2016\/03\/24\/greece-humanitarian-crisis-athens-port\" target=\"_blank\">Human Rights Watchin mukaan<\/a> &#8221;p\u00f6yristytt\u00e4viss\u00e4 oloissa ilman toivoa ja&nbsp;ihmisarvoa&#8221;. Heilt\u00e4 <a href=\"http:\/\/madisondarbyshire.com\/travelfar\/2016\/3\/25\/the-lesvos-fallout-from-the-turkish-eu-deal\" target=\"_blank\">takavarikoidaan omaisuus<\/a> ja heid\u00e4t teljet\u00e4\u00e4n muurien taakse odottamaan karkotusta. Kreikan ja Makedonian rajalla he viruvat&nbsp;leiriss\u00e4, jota sis\u00e4ministeri <strong>Panagiotis Kouroublis<\/strong> <a href=\"http:\/\/www.independent.co.uk\/news\/world\/europe\/idomeni-refugee-dachau-nazi-concentration-camp-greek-minister-a6938826.html\" target=\"_blank\">on kutsunut<\/a> &#8221;nykyajan Dachauksi&#8221;.<\/p>\n\n\n\n<p><em>Saksassa<\/em> he asuvat vastaanottokeskuksiksi muutetuissa varastoissa, joissa tilanahtaus, toimettomuus ja huoli kotimaahan j\u00e4\u00e4neist\u00e4 synnytt\u00e4v\u00e4t niin pahan ahdistuksen, ett\u00e4 jotkut <a href=\"http:\/\/www.zeit.de\/entdecken\/2016-02\/refugees-syria-angela-merkel-germany-asylum-letter\" target=\"_blank\">mieluummin palaavat Aleppoon<\/a>.<\/p>\n\n\n\n<p><em>Hollannissa<\/em> <a href=\"http:\/\/www.warscapes.com\/reportage\/when-refuge-real-prison\" target=\"_blank\">heit\u00e4 pidet\u00e4\u00e4n<\/a>&nbsp;vankilassa kahden neli\u00f6n selleiss\u00e4. Tappelut ja itsemurhat ovat arkip\u00e4iv\u00e4\u00e4.<\/p>\n\n\n\n<p><em>Britanniassa<\/em> heid\u00e4t pakotetaan k\u00e4ytt\u00e4m\u00e4\u00e4n <a href=\"http:\/\/www.theguardian.com\/uk-news\/2016\/jan\/24\/asylum-seekers-made-to-wear-coloured-wristbands-cardiff\" target=\"_blank\">punaisia rannekkeita<\/a>, joita ilman he eiv\u00e4t saa ruokaa.<\/p>\n\n\n\n<p><em>Tanskassa<\/em> heilt\u00e4 voidaan <a href=\"http:\/\/www.nytimes.com\/2016\/01\/27\/world\/europe\/denmark-asks-refugees-for-valuables.html\" target=\"_blank\">uuden lain mukaan<\/a> vied\u00e4&nbsp;arvoesineet, joilla kustannetaan heid\u00e4n yll\u00e4pitonsa. Jos tanskalainen antaa heille kyydin autollaan, h\u00e4n <a href=\"http:\/\/www.theguardian.com\/world\/2016\/mar\/11\/danish-childrens-rights-activist-lisbeth-zornig-people-trafficking\" target=\"_blank\">saa sakkoja ihmissalakuljetuksesta<\/a>.<\/p>\n\n\n\n<p>Ei tarvitse olla maailman nerokkain radikalisoitumistutkija tajutakseen, ett\u00e4 jos olosuhteet joskus ovat olleet otolliset wahhabiv\u00e4rv\u00e4reille, niin nyt.<\/p>\n\n\n\n<p>Brysselin terrori-iskujen yhteydess\u00e4 viisasteltiin&nbsp;taas kerran &#8221;hallitsemattoman maahanmuuton&#8221; seurauksista, ik\u00e4\u00e4n kuin&nbsp;<strong>Najim Laachraoui<\/strong> ja kumppanit olisivat olleet jonkin kaoottisen siirtolaisaallon tuotteita.<\/p>\n\n\n\n<p>Viel\u00e4 mit\u00e4. Marokkolaisten siirtoty\u00f6l\u00e4isten muutto&nbsp;Belgiaan 60-luvun alussa oli <a href=\"http:\/\/www.theglobeandmail.com\/news\/world\/saunders-avert-extremism-before-it-start-by-building-betterneighbourhoods\/article27403775\/\" target=\"_blank\">t\u00e4ysin&nbsp;hallittua<\/a>. Belgia tarvitsi ty\u00f6v\u00e4ke\u00e4, Marokon kuningas <strong>Hassan<\/strong>&nbsp;kehitysapua ja paikan, jonne heivata kapinalliset berberins\u00e4. Syntyneess\u00e4 sopimuksessa kuningas&nbsp;sai rahaa ja Belgia&nbsp;uuden kansanosan, joka ei k\u00f6yh\u00e4n\u00e4 ja lukutaidottomana koskaan p\u00e4\u00e4ssyt yhteiskunnan alinta porrasta korkeammalle.<\/p>\n\n\n\n<p>T\u00e4m\u00e4n&nbsp;synk\u00e4n kronikan&nbsp;p\u00e4\u00e4tepisteess\u00e4, siell\u00e4 miss\u00e4 rasismi, syrj\u00e4ytyminen, rikollisuus ja urbaani m\u00e4t\u00e4&nbsp;kohtaavat,&nbsp;seisovat berberien j\u00e4lkel\u00e4iset ja Isisin v\u00e4rv\u00e4ri.<\/p>\n\n\n\n<p>Kannattaa toivoa, ett\u00e4 viime vuoden tulokkaat saavat paremman mahdollisuuden sopeutua uusiin kotimaihinsa.&nbsp;Toistaiseksi optimismiin vain on niukalti aihetta.<\/p>\n\n\n\n<p>&nbsp;<\/p>\n\n\n","protected":false},"excerpt":{"rendered":"<p>EU-p\u00e4\u00e4kaupungeissa poksahtelevat&nbsp;n\u00e4in\u00e4 p\u00e4ivin\u00e4 shamppanjapullot. N\u00e4ytt\u00e4\u00e4 n\u00e4et silt\u00e4, ett\u00e4 Eurooppaan suuntaavien turvapaikanhakijoiden m\u00e4\u00e4r\u00e4 on laskussa: Kreikan saarille on saapunut vain muutamia veneit\u00e4 p\u00e4iv\u00e4ss\u00e4 sen j\u00e4lkeen, kun EU tiukensi turvapaikkapolitiikkaansa<br \/>\nmaaliskuussa&nbsp;i&hellip;<\/p>\n","protected":false},"author":6,"featured_media":0,"comment_status":"open","ping_status":"open","sticky":false,"template":"","format":"standard","meta":{"_acf_changed":false,"asauth_required_access_level":3,"asauth_cansharepaid":"true","om_header_attributes":[],"footnotes":"","om_featured_image_focal_point":[],"om_primary_tag":0,"om_contributors":[],"om_co_authors":[],"beyondwords_generate_audio":"","beyondwords_project_id":"","beyondwords_content_id":"","beyondwords_preview_token":"","beyondwords_player_content":"","beyondwords_player_style":"","beyondwords_language_code":"","beyondwords_language_id":"","beyondwords_title_voice_id":"","beyondwords_body_voice_id":"","beyondwords_summary_voice_id":"","beyondwords_error_message":"","beyondwords_disabled":"","beyondwords_delete_content":"","beyondwords_podcast_id":"","beyondwords_hash":"","publish_post_to_speechkit":"","speechkit_hash":"","speechkit_generate_audio":"","speechkit_project_id":"","speechkit_podcast_id":"","speechkit_error_message":"","speechkit_disabled":"","speechkit_access_key":"","speechkit_error":"","speechkit_info":"","speechkit_response":"","speechkit_retries":"","speechkit_status":"","speechkit_updated_at":"","_speechkit_link":"","_speechkit_text":""},"categories":[7],"tags":[16,10,12,11],"class_list":["post-195","post","type-post","status-publish","format-standard","hentry","category-lindholmjarimr","tag-eu","tag-kreikka","tag-pakolaiset","tag-turvapaikanhakijat"],"om_views":null,"acf":{"tuuma_off":false,"tuuma_kysymys":"","tuuma_vastaus":""},"asauth":{"required_access_level":1,"share_token":"","is_paid":false},"yoast_head":"<!-- This site is optimized with the Yoast SEO plugin v26.4 - https:\/\/yoast.com\/wordpress\/plugins\/seo\/ -->\n<title>Vankileirien saaristo - Lindholm\/Jari Mr<\/title>\n<meta name=\"robots\" content=\"index, follow, max-snippet:-1, max-image-preview:large, max-video-preview:-1\" \/>\n<link rel=\"canonical\" href=\"https:\/\/suomenkuvalehti.fi\/lindholmjarimr\/vankileirien-saaristo\/\" \/>\n<meta property=\"og:locale\" content=\"fi_FI\" \/>\n<meta property=\"og:type\" content=\"article\" \/>\n<meta property=\"og:title\" content=\"Vankileirien saaristo - Lindholm\/Jari Mr\" \/>\n<meta property=\"og:description\" content=\"EU-p\u00e4\u00e4kaupungeissa poksahtelevat&nbsp;n\u00e4in\u00e4 p\u00e4ivin\u00e4 shamppanjapullot. N\u00e4ytt\u00e4\u00e4 n\u00e4et silt\u00e4, ett\u00e4 Eurooppaan suuntaavien turvapaikanhakijoiden m\u00e4\u00e4r\u00e4 on laskussa: Kreikan saarille on saapunut vain muutamia veneit\u00e4 p\u00e4iv\u00e4ss\u00e4 sen j\u00e4lkeen, kun EU tiukensi turvapaikkapolitiikkaansa maaliskuussa&nbsp;i&hellip;\" \/>\n<meta property=\"og:url\" content=\"https:\/\/suomenkuvalehti.fi\/lindholmjarimr\/vankileirien-saaristo\/\" \/>\n<meta property=\"og:site_name\" content=\"Lindholm\/Jari Mr\" \/>\n<meta property=\"article:published_time\" content=\"2016-03-30T13:59:23+00:00\" \/>\n<meta property=\"article:modified_time\" content=\"2016-03-30T18:21:09+00:00\" \/>\n<meta name=\"author\" content=\"Jari Lindholm\" \/>\n<meta name=\"twitter:label1\" content=\"Written by\" \/>\n\t<meta name=\"twitter:data1\" content=\"Jari Lindholm\" \/>\n\t<meta name=\"twitter:label2\" content=\"Est. reading time\" \/>\n\t<meta name=\"twitter:data2\" content=\"2 minuuttia\" \/>\n<script type=\"application\/ld+json\" class=\"yoast-schema-graph\">{\"@context\":\"https:\/\/schema.org\",\"@graph\":[{\"@type\":\"WebPage\",\"@id\":\"https:\/\/suomenkuvalehti.fi\/lindholmjarimr\/vankileirien-saaristo\/\",\"url\":\"https:\/\/suomenkuvalehti.fi\/lindholmjarimr\/vankileirien-saaristo\/\",\"name\":\"Vankileirien saaristo - Lindholm\/Jari Mr\",\"isPartOf\":{\"@id\":\"https:\/\/suomenkuvalehti.fi\/lindholmjarimr\/#website\"},\"datePublished\":\"2016-03-30T13:59:23+00:00\",\"dateModified\":\"2016-03-30T18:21:09+00:00\",\"author\":{\"@id\":\"https:\/\/suomenkuvalehti.fi\/lindholmjarimr\/#\/schema\/person\/306499d6b163f440022bbe71d3bc41e5\"},\"breadcrumb\":{\"@id\":\"https:\/\/suomenkuvalehti.fi\/lindholmjarimr\/vankileirien-saaristo\/#breadcrumb\"},\"inLanguage\":\"fi\",\"potentialAction\":[{\"@type\":\"ReadAction\",\"target\":[\"https:\/\/suomenkuvalehti.fi\/lindholmjarimr\/vankileirien-saaristo\/\"]}]},{\"@type\":\"BreadcrumbList\",\"@id\":\"https:\/\/suomenkuvalehti.fi\/lindholmjarimr\/vankileirien-saaristo\/#breadcrumb\",\"itemListElement\":[{\"@type\":\"ListItem\",\"position\":1,\"name\":\"Home\",\"item\":\"https:\/\/suomenkuvalehti.fi\/lindholmjarimr\/\"},{\"@type\":\"ListItem\",\"position\":2,\"name\":\"Vankileirien saaristo\"}]},{\"@type\":\"WebSite\",\"@id\":\"https:\/\/suomenkuvalehti.fi\/lindholmjarimr\/#website\",\"url\":\"https:\/\/suomenkuvalehti.fi\/lindholmjarimr\/\",\"name\":\"Lindholm\/Jari Mr\",\"description\":\"Merkint\u00f6j\u00e4 mullistuksista\",\"potentialAction\":[{\"@type\":\"SearchAction\",\"target\":{\"@type\":\"EntryPoint\",\"urlTemplate\":\"https:\/\/suomenkuvalehti.fi\/haku\/?q={search_term_string}\"},\"query-input\":{\"@type\":\"PropertyValueSpecification\",\"valueRequired\":true,\"valueName\":\"search_term_string\"}}],\"inLanguage\":\"fi\"},{\"@type\":\"Person\",\"@id\":\"https:\/\/suomenkuvalehti.fi\/lindholmjarimr\/#\/schema\/person\/306499d6b163f440022bbe71d3bc41e5\",\"name\":\"Jari Lindholm\",\"image\":{\"@type\":\"ImageObject\",\"inLanguage\":\"fi\",\"@id\":\"https:\/\/suomenkuvalehti.fi\/lindholmjarimr\/#\/schema\/person\/image\/\",\"url\":\"https:\/\/suomenkuvalehti.fi\/lindholmjarimr\/wp-content\/uploads\/sites\/33\/2014\/11\/SK_Lindholm_Jari_pieni_MV-150x150.jpg\",\"contentUrl\":\"https:\/\/suomenkuvalehti.fi\/lindholmjarimr\/wp-content\/uploads\/sites\/33\/2014\/11\/SK_Lindholm_Jari_pieni_MV-150x150.jpg\",\"caption\":\"Jari Lindholm\"},\"description\":\"1960\u20132016.\",\"sameAs\":[\"https:\/\/x.com\/https:\/\/twitter.com\/jarzuli\"]}]}<\/script>\n<!-- \/ Yoast SEO plugin. -->","yoast_head_json":{"title":"Vankileirien saaristo - Lindholm\/Jari Mr","robots":{"index":"index","follow":"follow","max-snippet":"max-snippet:-1","max-image-preview":"max-image-preview:large","max-video-preview":"max-video-preview:-1"},"canonical":"https:\/\/suomenkuvalehti.fi\/lindholmjarimr\/vankileirien-saaristo\/","og_locale":"fi_FI","og_type":"article","og_title":"Vankileirien saaristo - Lindholm\/Jari Mr","og_description":"EU-p\u00e4\u00e4kaupungeissa poksahtelevat&nbsp;n\u00e4in\u00e4 p\u00e4ivin\u00e4 shamppanjapullot. N\u00e4ytt\u00e4\u00e4 n\u00e4et silt\u00e4, ett\u00e4 Eurooppaan suuntaavien turvapaikanhakijoiden m\u00e4\u00e4r\u00e4 on laskussa: Kreikan saarille on saapunut vain muutamia veneit\u00e4 p\u00e4iv\u00e4ss\u00e4 sen j\u00e4lkeen, kun EU tiukensi turvapaikkapolitiikkaansa maaliskuussa&nbsp;i&hellip;","og_url":"https:\/\/suomenkuvalehti.fi\/lindholmjarimr\/vankileirien-saaristo\/","og_site_name":"Lindholm\/Jari Mr","article_published_time":"2016-03-30T13:59:23+00:00","article_modified_time":"2016-03-30T18:21:09+00:00","author":"Jari Lindholm","twitter_misc":{"Written by":"Jari Lindholm","Est. reading time":"2 minuuttia"},"schema":{"@context":"https:\/\/schema.org","@graph":[{"@type":"WebPage","@id":"https:\/\/suomenkuvalehti.fi\/lindholmjarimr\/vankileirien-saaristo\/","url":"https:\/\/suomenkuvalehti.fi\/lindholmjarimr\/vankileirien-saaristo\/","name":"Vankileirien saaristo - Lindholm\/Jari Mr","isPartOf":{"@id":"https:\/\/suomenkuvalehti.fi\/lindholmjarimr\/#website"},"datePublished":"2016-03-30T13:59:23+00:00","dateModified":"2016-03-30T18:21:09+00:00","author":{"@id":"https:\/\/suomenkuvalehti.fi\/lindholmjarimr\/#\/schema\/person\/306499d6b163f440022bbe71d3bc41e5"},"breadcrumb":{"@id":"https:\/\/suomenkuvalehti.fi\/lindholmjarimr\/vankileirien-saaristo\/#breadcrumb"},"inLanguage":"fi","potentialAction":[{"@type":"ReadAction","target":["https:\/\/suomenkuvalehti.fi\/lindholmjarimr\/vankileirien-saaristo\/"]}]},{"@type":"BreadcrumbList","@id":"https:\/\/suomenkuvalehti.fi\/lindholmjarimr\/vankileirien-saaristo\/#breadcrumb","itemListElement":[{"@type":"ListItem","position":1,"name":"Home","item":"https:\/\/suomenkuvalehti.fi\/lindholmjarimr\/"},{"@type":"ListItem","position":2,"name":"Vankileirien saaristo"}]},{"@type":"WebSite","@id":"https:\/\/suomenkuvalehti.fi\/lindholmjarimr\/#website","url":"https:\/\/suomenkuvalehti.fi\/lindholmjarimr\/","name":"Lindholm\/Jari Mr","description":"Merkint\u00f6j\u00e4 mullistuksista","potentialAction":[{"@type":"SearchAction","target":{"@type":"EntryPoint","urlTemplate":"https:\/\/suomenkuvalehti.fi\/haku\/?q={search_term_string}"},"query-input":{"@type":"PropertyValueSpecification","valueRequired":true,"valueName":"search_term_string"}}],"inLanguage":"fi"},{"@type":"Person","@id":"https:\/\/suomenkuvalehti.fi\/lindholmjarimr\/#\/schema\/person\/306499d6b163f440022bbe71d3bc41e5","name":"Jari Lindholm","image":{"@type":"ImageObject","inLanguage":"fi","@id":"https:\/\/suomenkuvalehti.fi\/lindholmjarimr\/#\/schema\/person\/image\/","url":"https:\/\/suomenkuvalehti.fi\/lindholmjarimr\/wp-content\/uploads\/sites\/33\/2014\/11\/SK_Lindholm_Jari_pieni_MV-150x150.jpg","contentUrl":"https:\/\/suomenkuvalehti.fi\/lindholmjarimr\/wp-content\/uploads\/sites\/33\/2014\/11\/SK_Lindholm_Jari_pieni_MV-150x150.jpg","caption":"Jari Lindholm"},"description":"1960\u20132016.","sameAs":["https:\/\/x.com\/https:\/\/twitter.com\/jarzuli"]}]}},"_links":{"self":[{"href":"https:\/\/suomenkuvalehti.fi\/lindholmjarimr\/wp-json\/wp\/v2\/posts\/195","targetHints":{"allow":["GET"]}}],"collection":[{"href":"https:\/\/suomenkuvalehti.fi\/lindholmjarimr\/wp-json\/wp\/v2\/posts"}],"about":[{"href":"https:\/\/suomenkuvalehti.fi\/lindholmjarimr\/wp-json\/wp\/v2\/types\/post"}],"author":[{"embeddable":true,"href":"https:\/\/suomenkuvalehti.fi\/lindholmjarimr\/wp-json\/wp\/v2\/users\/6"}],"replies":[{"embeddable":true,"href":"https:\/\/suomenkuvalehti.fi\/lindholmjarimr\/wp-json\/wp\/v2\/comments?post=195"}],"version-history":[{"count":12,"href":"https:\/\/suomenkuvalehti.fi\/lindholmjarimr\/wp-json\/wp\/v2\/posts\/195\/revisions"}],"predecessor-version":[{"id":207,"href":"https:\/\/suomenkuvalehti.fi\/lindholmjarimr\/wp-json\/wp\/v2\/posts\/195\/revisions\/207"}],"wp:attachment":[{"href":"https:\/\/suomenkuvalehti.fi\/lindholmjarimr\/wp-json\/wp\/v2\/media?parent=195"}],"wp:term":[{"taxonomy":"category","embeddable":true,"href":"https:\/\/suomenkuvalehti.fi\/lindholmjarimr\/wp-json\/wp\/v2\/categories?post=195"},{"taxonomy":"post_tag","embeddable":true,"href":"https:\/\/suomenkuvalehti.fi\/lindholmjarimr\/wp-json\/wp\/v2\/tags?post=195"}],"curies":[{"name":"wp","href":"https:\/\/api.w.org\/{rel}","templated":true}]}}