{"id":60,"date":"2015-05-26T22:17:19","date_gmt":"2015-05-26T19:17:19","guid":{"rendered":"https:\/\/suomenkuvalehti.fi\/lahetyssaarnaaja\/?p=60"},"modified":"2015-05-27T13:35:56","modified_gmt":"2015-05-27T10:35:56","slug":"voiko-twin-peaks-muuta-kuin-epaonnistua","status":"publish","type":"post","link":"https:\/\/suomenkuvalehti.fi\/lahetyssaarnaaja\/2015\/05\/26\/voiko-twin-peaks-muuta-kuin-epaonnistua\/","title":{"rendered":"Voiko Twin Peaks muuta kuin ep\u00e4onnistua?"},"content":{"rendered":"\n<p><em>Twin Peaks <\/em>-sarjan uuden tulemisen&nbsp;ymp\u00e4rill\u00e4 on ollut pian&nbsp;enemm\u00e4n yll\u00e4tyksi\u00e4&nbsp;kuin Laura Palmerin lyhyess\u00e4 el\u00e4m\u00e4ss\u00e4 konsanaan.<\/p>\n\n\n\n<p>Ohjaaja <strong>David Lynch<\/strong> <a href=\"https:\/\/twitter.com\/DAVID_LYNCH\/status\/519147574381379584\" target=\"_blank\">kertoi<\/a> viime lokakuussa Twitteriss\u00e4 <em>Twin Peaksin<\/em> tekev\u00e4n paluun Showtime-kanavalle vuonna 2016, eik\u00e4 sen&nbsp;j\u00e4lkeen mik\u00e4\u00e4n ole ollut sit\u00e4, milt\u00e4 n\u00e4ytt\u00e4\u00e4.<\/p>\n\n\n\n<p>Tammikuussa uutisoitiin, ett\u00e4 iso osa&nbsp;&#8221;alkuper\u00e4iskokoonpanosta&#8221; eli&nbsp;25 vuotta sitten tehdyiss\u00e4 alkuper\u00e4isiss\u00e4 <em>Twin Peaks<\/em> -jaksoissa&nbsp;mukana olleista n\u00e4yttelij\u00f6ist\u00e4 on v\u00e4rv\u00e4tty \u2013&nbsp;muun muassa etsiv\u00e4 Dale Cooperia esitt\u00e4nyt <strong>Kyle MacLachlan<\/strong>.<\/p>\n\n\n\n<p>Huhtikuussa Lynch yll\u00e4tt\u00e4en <a href=\"https:\/\/twitter.com\/DAVID_LYNCH\/status\/584855237946552320\" target=\"_blank\">kertoi<\/a> \u2013 taas Twitteriss\u00e4 \u2013 l\u00e4htev\u00e4ns\u00e4 l\u00e4tkim\u00e4\u00e4n hankkeesta, koska h\u00e4nelle ei makseta riitt\u00e4v\u00e4sti tarpeeksi&nbsp;laadukkaan k\u00e4sikirjoituksen ty\u00f6st\u00e4miseksi. Samalla h\u00e4n kuitenkin toivoi, ett\u00e4 <em>Twin Peaksin<\/em> paluu toteutuu jonkun toisen ohjaajan k\u00e4til\u00f6im\u00e4n\u00e4.<\/p>\n\n\n\n<p>Ei k\u00e4y p\u00e4ins\u00e4, totesivat n\u00e4yttelij\u00e4t. He eiv\u00e4t ole mukana, jos ei Lynchk\u00e4\u00e4n ole. He tekiv\u00e4t <a href=\"https:\/\/www.youtube.com\/watch?t=30&amp;v=BO934i9uO1c\" target=\"_blank\">fanivideon<\/a>, jossa kukin esitti versionsa lauseesta &#8221;<em>Twin Peaks<\/em> ilman David Lynchi\u00e4 on kuin&#8230;&#8221; muun muassa&nbsp;silm\u00e4t ilman kulmakarvoja tai tarjoilija ilman univormua (kukin n\u00e4yttelij\u00e4 valitsi jotain hahmoonsa liittyv\u00e4\u00e4) \u2013 toisin sanoen vajavainen. N\u00e4yttelij\u00e4t vetosivat oikeudet sarjaan omistavaan Showtimeen: antakaa, hyv\u00e4nen aika, Lynchille rahaa tai mist\u00e4\u00e4n ei tule mit\u00e4\u00e4n.<\/p>\n\n\n\n<p>Niinp\u00e4 toukokuun puoliv\u00e4liss\u00e4 Lynch ja Showtime p\u00e4\u00e4siv\u00e4t sopimukseen. Lynch kertoi asiasta \u2013 kuinkas muuten kuin&nbsp;<a href=\"https:\/\/twitter.com\/DAVID_LYNCH\/status\/599364142764404736\" target=\"_blank\">Twitteriss\u00e4<\/a>.<\/p>\n\n\n\n<p>Viime viikonloppuna <em>Twin Peaks<\/em> -panelissa Seattlessa n\u00e4yttelij\u00e4t&nbsp;<strong>Sherilyn Fenn<\/strong>&nbsp;ja&nbsp;<strong>Sheryl Lee<\/strong>&nbsp;<a href=\"http:\/\/welcometotwinpeaks.com\/news\/18-new-twin-peaks-episodes-angelo-badalamenti-washington-state\/\" target=\"_blank\">kertoivat<\/a> kolme yll\u00e4tt\u00e4v\u00e4\u00e4 uutista: yhdeks\u00e4n uuden jakson sijaan niit\u00e4 tehd\u00e4\u00e4n kahdeksantoista ja sarjan musiikin s\u00e4velt\u00e4\u00e4&nbsp;<strong>Angelo Badalamenti,<\/strong> jonka k\u00e4sialaa oli sarjan alkuper\u00e4inen, nyt jo ikoninen aavemainen musiikki. Kuvaukset alkavat syyskuussa samassa paikassa kuin miss\u00e4 alkuper\u00e4inen sarja kuvattiin.<\/p>\n\n\n\n<p>Huh huh, melkoin dream team kasassa. Mik\u00e4 voisi menn\u00e4 pieleen?<\/p>\n\n\n\n<p>No, kaikki.<\/p>\n\n\n\n<p>On vaikea kuvitella, miten <em>Twin Peaks<\/em> voisi t\u00e4ytt\u00e4\u00e4&nbsp;edes puolia niist\u00e4 odotuksista, jotka comebackille&nbsp;on kasattu. Sarjan vaikutus populaarikulttuurin on&nbsp;kiistaton. Twin Peaksin perint\u00f6 n\u00e4kyy yh\u00e4 t\u00e4m\u00e4n p\u00e4iv\u00e4n televisiossa. Juuri alkanutta Netflix-sarjaa <em>Wayward Pinesi\u00e4<\/em> on <a href=\"http:\/\/www.wired.com\/2015\/05\/wayward-pines-twin-peaks\/\" target=\"_blank\">verrattu<\/a> ensisijaisesti TP:iin. Tunnelmalta esimerkiksi <strong>Jane Campionin<\/strong> <em>Top of the Lake <\/em>ja<em>&nbsp;True Detective<\/em>&nbsp;sek\u00e4 monet nordic noirin edustajat ovat velkaa klassikolle.<\/p>\n\n\n\n<p><em>Twin Peaksin<\/em> toinen kausi&nbsp;ja <em>Fire Walk With Me<\/em>&nbsp;-elokuva jo laimensivat sarjan mystiikkaa, ja mit\u00e4 enemm\u00e4n sit\u00e4 avataan, sit\u00e4 <em>tavanomaisemmaksi<\/em> sarja muuttuu. Mit\u00e4 18 uutta jaksoa voivat viel\u00e4 kertoa? Ja, apua, 18 jaksoa! Se&nbsp;vaikuttaa h\u00e4t\u00e4ratkaisulta \u2013 k\u00e4sikirjoitusta (jonka raamit Lynchill\u00e4 ja toisella k\u00e4sikirjoittajalla <strong>Mark Frostilla<\/strong> varmasti oli jo olemassa) vain venytet\u00e4\u00e4n. Tyylipuhdasta&nbsp;vatulointia. Oletettavasti Lynchin&nbsp;palkkiotoive yll\u00e4tti kanavan, ja kompensaatioksi&nbsp;piti ahnehtia&nbsp;lis\u00e4\u00e4 mainos- ja lisenssituloja. Kompromissi. Valitettavasti&nbsp;<em>Twin Peaksia<\/em> ja kompromissi-sanaa ei pit\u00e4isi k\u00e4ytt\u00e4\u00e4 samassa lauseessa.<\/p>\n\n\n\n<p><em>Twin Peaksin<\/em> Double R Dinerin kahvi ei saa olla&nbsp;kitker\u00e4\u00e4 eik\u00e4 kirsikkapiirakka hapanta, mutta pahoin pelk\u00e4\u00e4n. Sarjan comeback alkaa muistuttaa&nbsp;rockyhtyeiden reunion-stadionkeikkoja, joissa on mukana kaikki alkuper\u00e4iskokoonpanon j\u00e4senet, jotka soittavat vanhoja hittej\u00e4.<\/p>\n\n\n\n<p>Konsertin j\u00e4lkeen kaikkia paleltaa ja itkett\u00e4\u00e4.<\/p>\n\n\n\n<p><em>Edit: Fire Walk With Me ei ole tv-elokuva niin kuin v\u00e4itin, vaan teatterilevityksess\u00e4 ollut elokuva.<\/em><\/p>\n\n\n","protected":false},"excerpt":{"rendered":"<p>Twin Peaks -sarjan uuden tulemisen&nbsp;ymp\u00e4rill\u00e4 on ollut pian&nbsp;enemm\u00e4n yll\u00e4tyksi\u00e4&nbsp;kuin Laura Palmerin lyhyess\u00e4 el\u00e4m\u00e4ss\u00e4 konsanaan. Ohjaaja David Lynch kertoi viime lokakuussa Twitteriss\u00e4 Twin Peaksin tekev\u00e4n paluun Showtime-kanavalle vuonna 2016, eik\u00e4<br \/>\nsen&nbsp;j\u00e4&hellip;<\/p>\n","protected":false},"author":15148,"featured_media":0,"comment_status":"open","ping_status":"open","sticky":false,"template":"","format":"standard","meta":{"_acf_changed":false,"asauth_required_access_level":3,"asauth_cansharepaid":"true","om_header_attributes":[],"footnotes":"","om_featured_image_focal_point":[],"om_primary_tag":0,"om_contributors":[],"om_co_authors":[],"beyondwords_generate_audio":"","beyondwords_project_id":"","beyondwords_content_id":"","beyondwords_preview_token":"","beyondwords_player_content":"","beyondwords_player_style":"","beyondwords_language_code":"","beyondwords_language_id":"","beyondwords_title_voice_id":"","beyondwords_body_voice_id":"","beyondwords_summary_voice_id":"","beyondwords_error_message":"","beyondwords_disabled":"","beyondwords_delete_content":"","beyondwords_podcast_id":"","beyondwords_hash":"","publish_post_to_speechkit":"","speechkit_hash":"","speechkit_generate_audio":"","speechkit_project_id":"","speechkit_podcast_id":"","speechkit_error_message":"","speechkit_disabled":"","speechkit_access_key":"","speechkit_error":"","speechkit_info":"","speechkit_response":"","speechkit_retries":"","speechkit_status":"","speechkit_updated_at":"","_speechkit_link":"","_speechkit_text":""},"categories":[1],"tags":[26,27,28,25],"class_list":["post-60","post","type-post","status-publish","format-standard","hentry","category-lahetyssaarnaaja","tag-david-lynch","tag-mark-frost","tag-showtime","tag-twin-peaks"],"om_views":null,"acf":{"tuuma_off":false,"tuuma_kysymys":"","tuuma_vastaus":""},"asauth":{"required_access_level":1,"share_token":"","is_paid":false},"yoast_head":"<!-- This site is optimized with the Yoast SEO plugin v26.4 - https:\/\/yoast.com\/wordpress\/plugins\/seo\/ -->\n<title>Voiko Twin Peaks muuta kuin ep\u00e4onnistua? - L\u00e4hetyssaarnaaja<\/title>\n<meta name=\"robots\" content=\"index, follow, max-snippet:-1, max-image-preview:large, max-video-preview:-1\" \/>\n<link rel=\"canonical\" href=\"https:\/\/suomenkuvalehti.fi\/lahetyssaarnaaja\/2015\/05\/26\/voiko-twin-peaks-muuta-kuin-epaonnistua\/\" \/>\n<meta property=\"og:locale\" content=\"fi_FI\" \/>\n<meta property=\"og:type\" content=\"article\" \/>\n<meta property=\"og:title\" content=\"Voiko Twin Peaks muuta kuin ep\u00e4onnistua?\" \/>\n<meta property=\"og:description\" content=\"David Lynchin ja Showtimen vatulointi pilaa kulttisarjan paluun.\" \/>\n<meta property=\"og:url\" content=\"https:\/\/suomenkuvalehti.fi\/lahetyssaarnaaja\/2015\/05\/26\/voiko-twin-peaks-muuta-kuin-epaonnistua\/\" \/>\n<meta property=\"og:site_name\" content=\"L\u00e4hetyssaarnaaja\" \/>\n<meta property=\"article:published_time\" content=\"2015-05-26T19:17:19+00:00\" \/>\n<meta property=\"article:modified_time\" content=\"2015-05-27T10:35:56+00:00\" \/>\n<meta name=\"author\" content=\"Ilkka Pernu\" \/>\n<meta name=\"twitter:label1\" content=\"Written by\" \/>\n\t<meta name=\"twitter:data1\" content=\"Ilkka Pernu\" \/>\n\t<meta name=\"twitter:label2\" content=\"Est. reading time\" \/>\n\t<meta name=\"twitter:data2\" content=\"3 minuuttia\" \/>\n<script type=\"application\/ld+json\" class=\"yoast-schema-graph\">{\"@context\":\"https:\/\/schema.org\",\"@graph\":[{\"@type\":\"WebPage\",\"@id\":\"https:\/\/suomenkuvalehti.fi\/lahetyssaarnaaja\/2015\/05\/26\/voiko-twin-peaks-muuta-kuin-epaonnistua\/\",\"url\":\"https:\/\/suomenkuvalehti.fi\/lahetyssaarnaaja\/2015\/05\/26\/voiko-twin-peaks-muuta-kuin-epaonnistua\/\",\"name\":\"Voiko Twin Peaks muuta kuin ep\u00e4onnistua? - L\u00e4hetyssaarnaaja\",\"isPartOf\":{\"@id\":\"https:\/\/suomenkuvalehti.fi\/lahetyssaarnaaja\/#website\"},\"datePublished\":\"2015-05-26T19:17:19+00:00\",\"dateModified\":\"2015-05-27T10:35:56+00:00\",\"author\":{\"@id\":\"https:\/\/suomenkuvalehti.fi\/lahetyssaarnaaja\/#\/schema\/person\/b4250838cec7856ddbc793a5274488a2\"},\"breadcrumb\":{\"@id\":\"https:\/\/suomenkuvalehti.fi\/lahetyssaarnaaja\/2015\/05\/26\/voiko-twin-peaks-muuta-kuin-epaonnistua\/#breadcrumb\"},\"inLanguage\":\"fi\",\"potentialAction\":[{\"@type\":\"ReadAction\",\"target\":[\"https:\/\/suomenkuvalehti.fi\/lahetyssaarnaaja\/2015\/05\/26\/voiko-twin-peaks-muuta-kuin-epaonnistua\/\"]}]},{\"@type\":\"BreadcrumbList\",\"@id\":\"https:\/\/suomenkuvalehti.fi\/lahetyssaarnaaja\/2015\/05\/26\/voiko-twin-peaks-muuta-kuin-epaonnistua\/#breadcrumb\",\"itemListElement\":[{\"@type\":\"ListItem\",\"position\":1,\"name\":\"Home\",\"item\":\"https:\/\/suomenkuvalehti.fi\/lahetyssaarnaaja\/\"},{\"@type\":\"ListItem\",\"position\":2,\"name\":\"Voiko Twin Peaks muuta kuin ep\u00e4onnistua?\"}]},{\"@type\":\"WebSite\",\"@id\":\"https:\/\/suomenkuvalehti.fi\/lahetyssaarnaaja\/#website\",\"url\":\"https:\/\/suomenkuvalehti.fi\/lahetyssaarnaaja\/\",\"name\":\"L\u00e4hetyssaarnaaja\",\"description\":\"Televisio el\u00e4\u00e4 uutta kultakauttaan. Ilkka Pernu kirjoittaa siit\u00e4.\",\"potentialAction\":[{\"@type\":\"SearchAction\",\"target\":{\"@type\":\"EntryPoint\",\"urlTemplate\":\"https:\/\/suomenkuvalehti.fi\/haku\/?q={search_term_string}\"},\"query-input\":{\"@type\":\"PropertyValueSpecification\",\"valueRequired\":true,\"valueName\":\"search_term_string\"}}],\"inLanguage\":\"fi\"},{\"@type\":\"Person\",\"@id\":\"https:\/\/suomenkuvalehti.fi\/lahetyssaarnaaja\/#\/schema\/person\/b4250838cec7856ddbc793a5274488a2\",\"name\":\"Ilkka Pernu\",\"image\":{\"@type\":\"ImageObject\",\"inLanguage\":\"fi\",\"@id\":\"https:\/\/suomenkuvalehti.fi\/lahetyssaarnaaja\/#\/schema\/person\/image\/\",\"url\":\"https:\/\/suomenkuvalehti.fi\/lahetyssaarnaaja\/wp-content\/uploads\/sites\/35\/2015\/04\/ilkka_pernu-150x150.jpg\",\"contentUrl\":\"https:\/\/suomenkuvalehti.fi\/lahetyssaarnaaja\/wp-content\/uploads\/sites\/35\/2015\/04\/ilkka_pernu-150x150.jpg\",\"caption\":\"Ilkka Pernu\"},\"description\":\"Kirjoittaja on vapaa toimittaja, joka rakastaa hyv\u00e4\u00e4 tarinankerrontaa.\"}]}<\/script>\n<!-- \/ Yoast SEO plugin. -->","yoast_head_json":{"title":"Voiko Twin Peaks muuta kuin ep\u00e4onnistua? - L\u00e4hetyssaarnaaja","robots":{"index":"index","follow":"follow","max-snippet":"max-snippet:-1","max-image-preview":"max-image-preview:large","max-video-preview":"max-video-preview:-1"},"canonical":"https:\/\/suomenkuvalehti.fi\/lahetyssaarnaaja\/2015\/05\/26\/voiko-twin-peaks-muuta-kuin-epaonnistua\/","og_locale":"fi_FI","og_type":"article","og_title":"Voiko Twin Peaks muuta kuin ep\u00e4onnistua?","og_description":"David Lynchin ja Showtimen vatulointi pilaa kulttisarjan paluun.","og_url":"https:\/\/suomenkuvalehti.fi\/lahetyssaarnaaja\/2015\/05\/26\/voiko-twin-peaks-muuta-kuin-epaonnistua\/","og_site_name":"L\u00e4hetyssaarnaaja","article_published_time":"2015-05-26T19:17:19+00:00","article_modified_time":"2015-05-27T10:35:56+00:00","author":"Ilkka Pernu","twitter_misc":{"Written by":"Ilkka Pernu","Est. reading time":"3 minuuttia"},"schema":{"@context":"https:\/\/schema.org","@graph":[{"@type":"WebPage","@id":"https:\/\/suomenkuvalehti.fi\/lahetyssaarnaaja\/2015\/05\/26\/voiko-twin-peaks-muuta-kuin-epaonnistua\/","url":"https:\/\/suomenkuvalehti.fi\/lahetyssaarnaaja\/2015\/05\/26\/voiko-twin-peaks-muuta-kuin-epaonnistua\/","name":"Voiko Twin Peaks muuta kuin ep\u00e4onnistua? - L\u00e4hetyssaarnaaja","isPartOf":{"@id":"https:\/\/suomenkuvalehti.fi\/lahetyssaarnaaja\/#website"},"datePublished":"2015-05-26T19:17:19+00:00","dateModified":"2015-05-27T10:35:56+00:00","author":{"@id":"https:\/\/suomenkuvalehti.fi\/lahetyssaarnaaja\/#\/schema\/person\/b4250838cec7856ddbc793a5274488a2"},"breadcrumb":{"@id":"https:\/\/suomenkuvalehti.fi\/lahetyssaarnaaja\/2015\/05\/26\/voiko-twin-peaks-muuta-kuin-epaonnistua\/#breadcrumb"},"inLanguage":"fi","potentialAction":[{"@type":"ReadAction","target":["https:\/\/suomenkuvalehti.fi\/lahetyssaarnaaja\/2015\/05\/26\/voiko-twin-peaks-muuta-kuin-epaonnistua\/"]}]},{"@type":"BreadcrumbList","@id":"https:\/\/suomenkuvalehti.fi\/lahetyssaarnaaja\/2015\/05\/26\/voiko-twin-peaks-muuta-kuin-epaonnistua\/#breadcrumb","itemListElement":[{"@type":"ListItem","position":1,"name":"Home","item":"https:\/\/suomenkuvalehti.fi\/lahetyssaarnaaja\/"},{"@type":"ListItem","position":2,"name":"Voiko Twin Peaks muuta kuin ep\u00e4onnistua?"}]},{"@type":"WebSite","@id":"https:\/\/suomenkuvalehti.fi\/lahetyssaarnaaja\/#website","url":"https:\/\/suomenkuvalehti.fi\/lahetyssaarnaaja\/","name":"L\u00e4hetyssaarnaaja","description":"Televisio el\u00e4\u00e4 uutta kultakauttaan. Ilkka Pernu kirjoittaa siit\u00e4.","potentialAction":[{"@type":"SearchAction","target":{"@type":"EntryPoint","urlTemplate":"https:\/\/suomenkuvalehti.fi\/haku\/?q={search_term_string}"},"query-input":{"@type":"PropertyValueSpecification","valueRequired":true,"valueName":"search_term_string"}}],"inLanguage":"fi"},{"@type":"Person","@id":"https:\/\/suomenkuvalehti.fi\/lahetyssaarnaaja\/#\/schema\/person\/b4250838cec7856ddbc793a5274488a2","name":"Ilkka Pernu","image":{"@type":"ImageObject","inLanguage":"fi","@id":"https:\/\/suomenkuvalehti.fi\/lahetyssaarnaaja\/#\/schema\/person\/image\/","url":"https:\/\/suomenkuvalehti.fi\/lahetyssaarnaaja\/wp-content\/uploads\/sites\/35\/2015\/04\/ilkka_pernu-150x150.jpg","contentUrl":"https:\/\/suomenkuvalehti.fi\/lahetyssaarnaaja\/wp-content\/uploads\/sites\/35\/2015\/04\/ilkka_pernu-150x150.jpg","caption":"Ilkka Pernu"},"description":"Kirjoittaja on vapaa toimittaja, joka rakastaa hyv\u00e4\u00e4 tarinankerrontaa."}]}},"_links":{"self":[{"href":"https:\/\/suomenkuvalehti.fi\/lahetyssaarnaaja\/wp-json\/wp\/v2\/posts\/60","targetHints":{"allow":["GET"]}}],"collection":[{"href":"https:\/\/suomenkuvalehti.fi\/lahetyssaarnaaja\/wp-json\/wp\/v2\/posts"}],"about":[{"href":"https:\/\/suomenkuvalehti.fi\/lahetyssaarnaaja\/wp-json\/wp\/v2\/types\/post"}],"author":[{"embeddable":true,"href":"https:\/\/suomenkuvalehti.fi\/lahetyssaarnaaja\/wp-json\/wp\/v2\/users\/15148"}],"replies":[{"embeddable":true,"href":"https:\/\/suomenkuvalehti.fi\/lahetyssaarnaaja\/wp-json\/wp\/v2\/comments?post=60"}],"version-history":[{"count":4,"href":"https:\/\/suomenkuvalehti.fi\/lahetyssaarnaaja\/wp-json\/wp\/v2\/posts\/60\/revisions"}],"predecessor-version":[{"id":64,"href":"https:\/\/suomenkuvalehti.fi\/lahetyssaarnaaja\/wp-json\/wp\/v2\/posts\/60\/revisions\/64"}],"wp:attachment":[{"href":"https:\/\/suomenkuvalehti.fi\/lahetyssaarnaaja\/wp-json\/wp\/v2\/media?parent=60"}],"wp:term":[{"taxonomy":"category","embeddable":true,"href":"https:\/\/suomenkuvalehti.fi\/lahetyssaarnaaja\/wp-json\/wp\/v2\/categories?post=60"},{"taxonomy":"post_tag","embeddable":true,"href":"https:\/\/suomenkuvalehti.fi\/lahetyssaarnaaja\/wp-json\/wp\/v2\/tags?post=60"}],"curies":[{"name":"wp","href":"https:\/\/api.w.org\/{rel}","templated":true}]}}